{"id":5456,"date":"2023-10-19T21:42:36","date_gmt":"2023-10-20T00:42:36","guid":{"rendered":"https:\/\/apuntesdesanluis.com\/?p=5456"},"modified":"2023-10-19T21:42:36","modified_gmt":"2023-10-20T00:42:36","slug":"esto-es-un-modo-de-reconocer-y-de-abrazar-a-nuestros-docentes","status":"publish","type":"post","link":"https:\/\/apuntesdesanluis.com\/index.php\/2023\/10\/19\/esto-es-un-modo-de-reconocer-y-de-abrazar-a-nuestros-docentes\/","title":{"rendered":"\u201cESTO ES UN MODO DE RECONOCER Y DE ABRAZAR A NUESTROS DOCENTES\u201d"},"content":{"rendered":"<h3>As\u00ed lo expres\u00f3 la ministra de Educaci\u00f3n, <strong>Mar\u00eda Eugenia Cantaloube<\/strong>, tras los anuncios del gobernador Alberto Rodr\u00edguez Sa\u00e1, que tambi\u00e9n beneficiaron al sector docente. Se trata de un 15%, m\u00e1s una recomposici\u00f3n para los maestros de primaria y secretarios administrativos de las escuelas.<\/h3>\n<h3>La ministra asimismo destac\u00f3 el impacto positivo hacia el interior de la educaci\u00f3n. El lograr equiparar el salario docente de maestro de grado de primaria con las horas c\u00e1tedras del profesor de secundaria, lo cual hace que para San Luis la educaci\u00f3n sea igualitaria, equitativa en todos sus ejes y con la misma importancia. \u201cEsto es un modo de reconocer y de abrazar a nuestros docentes que son la herramienta fundamental y principal. El 15% para todos se le suma la equiparaci\u00f3n del maestro de grado de primaria a un 33%\u201d, destac\u00f3 la ministra.<\/h3>\n<h3>El anuncio incluy\u00f3 una jerarquizaci\u00f3n del cargo de secretarios y prosecretarios con un adicional del 45% del b\u00e1sico de revista. Esto se suma al 33% anunciado para personal docente de escuelas primarias y al 15% de aumento para toda la administraci\u00f3n p\u00fablica, elevando el neto mensual a $420.806 pesos. \u201cPor una situaci\u00f3n estatutaria cobraban como un docente de primaria; pero ahora con estas medidas van a cobrar en funci\u00f3n al rol que desempe\u00f1an. Esto es muy positivo para seguir fortaleciendo el sistema en el marco del plan educativo en sus tres ejes\u201d, reconoci\u00f3 Cantaloube.<\/h3>\n<p><iframe title=\"Los incrementos salariales tambi\u00e9n beneficiar\u00e1n al personal educativo\" width=\"640\" height=\"360\" src=\"https:\/\/www.youtube.com\/embed\/BMsQDZ0guIw?feature=oembed\" frameborder=\"0\" allow=\"accelerometer; autoplay; clipboard-write; encrypted-media; gyroscope; picture-in-picture; web-share\" referrerpolicy=\"strict-origin-when-cross-origin\" allowfullscreen><\/iframe><\/p>\n<h3>Por su parte, <strong>Soledad Correa<\/strong>, secretaria general de la Uni\u00f3n de Trabajadores de la Educaci\u00f3n Provincia de San Luis (UTEP), dijo: \u201cFrente a la crisis inflacionaria, cualquier recomposici\u00f3n salarial es muy importante\u201d. Estas cifras que anunci\u00f3 el gobernador son remunerativas y servir\u00e1n tambi\u00e9n para la jubilaci\u00f3n de los docentes que est\u00e9n pr\u00f3ximos a este beneficio.<\/h3>\n<h3>El incremento salarial no solamente fue para el sector docente, sino que tambi\u00e9n para todos el personal de seguridad, de salud, administraci\u00f3n p\u00fablica, Becas 22AG y Plan de Inclusi\u00f3n. \u201cEn este \u00faltimo tiempo los docentes y las escuelas han recibido much\u00edsimos aumentos; siempre se ha ido un poco m\u00e1s delante de lo que es la inflaci\u00f3n\u201d, destac\u00f3 <strong>Mar\u00eda In\u00e9s Quattropani<\/strong>, secretaria general de la Asociaci\u00f3n Sanluise\u00f1a de Docentes Estatales (ASDE).<\/h3>\n<p>&nbsp;<\/p>\n<p>&nbsp;<\/p>\n<p>&nbsp;<\/p>\n<p>&nbsp;<\/p>\n<p>&nbsp;<\/p>\n","protected":false},"excerpt":{"rendered":"<p>As\u00ed lo expres\u00f3 la ministra de Educaci\u00f3n, Mar\u00eda Eugenia Cantaloube, tras los anuncios del gobernador&#8230;<\/p>\n","protected":false},"author":1,"featured_media":5457,"comment_status":"closed","ping_status":"closed","sticky":false,"template":"","format":"standard","meta":{"footnotes":""},"categories":[6],"tags":[],"class_list":["post-5456","post","type-post","status-publish","format-standard","has-post-thumbnail","hentry","category-ciudad-provincia"],"yoast_head":"<!-- This site is optimized with the Yoast SEO plugin v26.1.1 - https:\/\/yoast.com\/wordpress\/plugins\/seo\/ -->\n<title>\u201cESTO ES UN MODO DE RECONOCER Y DE ABRAZAR A NUESTROS DOCENTES\u201d - Apuntes de San Luis<\/title>\n<meta name=\"robots\" content=\"index, follow, max-snippet:-1, max-image-preview:large, max-video-preview:-1\" \/>\n<link rel=\"canonical\" href=\"https:\/\/apuntesdesanluis.com\/index.php\/2023\/10\/19\/esto-es-un-modo-de-reconocer-y-de-abrazar-a-nuestros-docentes\/\" \/>\n<meta property=\"og:locale\" content=\"es_ES\" \/>\n<meta property=\"og:type\" content=\"article\" \/>\n<meta property=\"og:title\" content=\"\u201cESTO ES UN MODO DE RECONOCER Y DE ABRAZAR A NUESTROS DOCENTES\u201d - Apuntes de San Luis\" \/>\n<meta property=\"og:description\" content=\"As\u00ed lo expres\u00f3 la ministra de Educaci\u00f3n, Mar\u00eda Eugenia Cantaloube, tras los anuncios del gobernador...\" \/>\n<meta property=\"og:url\" content=\"https:\/\/apuntesdesanluis.com\/index.php\/2023\/10\/19\/esto-es-un-modo-de-reconocer-y-de-abrazar-a-nuestros-docentes\/\" \/>\n<meta property=\"og:site_name\" content=\"Apuntes de San Luis\" \/>\n<meta property=\"article:published_time\" content=\"2023-10-20T00:42:36+00:00\" \/>\n<meta property=\"og:image\" content=\"https:\/\/apuntesdesanluis.com\/wp-content\/uploads\/2023\/10\/cantaloube.png\" \/>\n\t<meta property=\"og:image:width\" content=\"672\" \/>\n\t<meta property=\"og:image:height\" content=\"400\" \/>\n\t<meta property=\"og:image:type\" content=\"image\/png\" \/>\n<meta name=\"author\" content=\"apuntesdesanluis.com\" \/>\n<meta name=\"twitter:card\" content=\"summary_large_image\" \/>\n<meta name=\"twitter:label1\" content=\"Escrito por\" \/>\n\t<meta name=\"twitter:data1\" content=\"apuntesdesanluis.com\" \/>\n\t<meta name=\"twitter:label2\" content=\"Tiempo de lectura\" \/>\n\t<meta name=\"twitter:data2\" content=\"2 minutos\" \/>\n<script type=\"application\/ld+json\" class=\"yoast-schema-graph\">{\"@context\":\"https:\/\/schema.org\",\"@graph\":[{\"@type\":\"Article\",\"@id\":\"https:\/\/apuntesdesanluis.com\/index.php\/2023\/10\/19\/esto-es-un-modo-de-reconocer-y-de-abrazar-a-nuestros-docentes\/#article\",\"isPartOf\":{\"@id\":\"https:\/\/apuntesdesanluis.com\/index.php\/2023\/10\/19\/esto-es-un-modo-de-reconocer-y-de-abrazar-a-nuestros-docentes\/\"},\"author\":{\"name\":\"apuntesdesanluis.com\",\"@id\":\"https:\/\/apuntesdesanluis.com\/#\/schema\/person\/b55151d52296fcce64d1a72538a70b90\"},\"headline\":\"\u201cESTO ES UN MODO DE RECONOCER Y DE ABRAZAR A NUESTROS DOCENTES\u201d\",\"datePublished\":\"2023-10-20T00:42:36+00:00\",\"mainEntityOfPage\":{\"@id\":\"https:\/\/apuntesdesanluis.com\/index.php\/2023\/10\/19\/esto-es-un-modo-de-reconocer-y-de-abrazar-a-nuestros-docentes\/\"},\"wordCount\":409,\"publisher\":{\"@id\":\"https:\/\/apuntesdesanluis.com\/#\/schema\/person\/b55151d52296fcce64d1a72538a70b90\"},\"image\":{\"@id\":\"https:\/\/apuntesdesanluis.com\/index.php\/2023\/10\/19\/esto-es-un-modo-de-reconocer-y-de-abrazar-a-nuestros-docentes\/#primaryimage\"},\"thumbnailUrl\":\"https:\/\/apuntesdesanluis.com\/wp-content\/uploads\/2023\/10\/cantaloube.png\",\"articleSection\":[\"Ciudad\/Provincia\"],\"inLanguage\":\"es-AR\"},{\"@type\":\"WebPage\",\"@id\":\"https:\/\/apuntesdesanluis.com\/index.php\/2023\/10\/19\/esto-es-un-modo-de-reconocer-y-de-abrazar-a-nuestros-docentes\/\",\"url\":\"https:\/\/apuntesdesanluis.com\/index.php\/2023\/10\/19\/esto-es-un-modo-de-reconocer-y-de-abrazar-a-nuestros-docentes\/\",\"name\":\"\u201cESTO ES UN MODO DE RECONOCER Y DE ABRAZAR A NUESTROS DOCENTES\u201d - Apuntes de San Luis\",\"isPartOf\":{\"@id\":\"https:\/\/apuntesdesanluis.com\/#website\"},\"primaryImageOfPage\":{\"@id\":\"https:\/\/apuntesdesanluis.com\/index.php\/2023\/10\/19\/esto-es-un-modo-de-reconocer-y-de-abrazar-a-nuestros-docentes\/#primaryimage\"},\"image\":{\"@id\":\"https:\/\/apuntesdesanluis.com\/index.php\/2023\/10\/19\/esto-es-un-modo-de-reconocer-y-de-abrazar-a-nuestros-docentes\/#primaryimage\"},\"thumbnailUrl\":\"https:\/\/apuntesdesanluis.com\/wp-content\/uploads\/2023\/10\/cantaloube.png\",\"datePublished\":\"2023-10-20T00:42:36+00:00\",\"breadcrumb\":{\"@id\":\"https:\/\/apuntesdesanluis.com\/index.php\/2023\/10\/19\/esto-es-un-modo-de-reconocer-y-de-abrazar-a-nuestros-docentes\/#breadcrumb\"},\"inLanguage\":\"es-AR\",\"potentialAction\":[{\"@type\":\"ReadAction\",\"target\":[\"https:\/\/apuntesdesanluis.com\/index.php\/2023\/10\/19\/esto-es-un-modo-de-reconocer-y-de-abrazar-a-nuestros-docentes\/\"]}]},{\"@type\":\"ImageObject\",\"inLanguage\":\"es-AR\",\"@id\":\"https:\/\/apuntesdesanluis.com\/index.php\/2023\/10\/19\/esto-es-un-modo-de-reconocer-y-de-abrazar-a-nuestros-docentes\/#primaryimage\",\"url\":\"https:\/\/apuntesdesanluis.com\/wp-content\/uploads\/2023\/10\/cantaloube.png\",\"contentUrl\":\"https:\/\/apuntesdesanluis.com\/wp-content\/uploads\/2023\/10\/cantaloube.png\",\"width\":672,\"height\":400},{\"@type\":\"BreadcrumbList\",\"@id\":\"https:\/\/apuntesdesanluis.com\/index.php\/2023\/10\/19\/esto-es-un-modo-de-reconocer-y-de-abrazar-a-nuestros-docentes\/#breadcrumb\",\"itemListElement\":[{\"@type\":\"ListItem\",\"position\":1,\"name\":\"Inicio\",\"item\":\"https:\/\/apuntesdesanluis.com\/\"},{\"@type\":\"ListItem\",\"position\":2,\"name\":\"\u201cESTO ES UN MODO DE RECONOCER Y DE ABRAZAR A NUESTROS DOCENTES\u201d\"}]},{\"@type\":\"WebSite\",\"@id\":\"https:\/\/apuntesdesanluis.com\/#website\",\"url\":\"https:\/\/apuntesdesanluis.com\/\",\"name\":\"Apuntes de San Luis\",\"description\":\"\",\"publisher\":{\"@id\":\"https:\/\/apuntesdesanluis.com\/#\/schema\/person\/b55151d52296fcce64d1a72538a70b90\"},\"potentialAction\":[{\"@type\":\"SearchAction\",\"target\":{\"@type\":\"EntryPoint\",\"urlTemplate\":\"https:\/\/apuntesdesanluis.com\/?s={search_term_string}\"},\"query-input\":{\"@type\":\"PropertyValueSpecification\",\"valueRequired\":true,\"valueName\":\"search_term_string\"}}],\"inLanguage\":\"es-AR\"},{\"@type\":[\"Person\",\"Organization\"],\"@id\":\"https:\/\/apuntesdesanluis.com\/#\/schema\/person\/b55151d52296fcce64d1a72538a70b90\",\"name\":\"apuntesdesanluis.com\",\"image\":{\"@type\":\"ImageObject\",\"inLanguage\":\"es-AR\",\"@id\":\"https:\/\/apuntesdesanluis.com\/#\/schema\/person\/image\/\",\"url\":\"https:\/\/apuntesdesanluis.com\/wp-content\/uploads\/2023\/07\/cropped-apuntesdesanluis.png\",\"contentUrl\":\"https:\/\/apuntesdesanluis.com\/wp-content\/uploads\/2023\/07\/cropped-apuntesdesanluis.png\",\"width\":450,\"height\":112,\"caption\":\"apuntesdesanluis.com\"},\"logo\":{\"@id\":\"https:\/\/apuntesdesanluis.com\/#\/schema\/person\/image\/\"},\"sameAs\":[\"https:\/\/apuntesdesanluis.com\"],\"url\":\"https:\/\/apuntesdesanluis.com\/index.php\/author\/apuntesdesanluis-com\/\"}]}<\/script>\n<!-- \/ Yoast SEO plugin. -->","yoast_head_json":{"title":"\u201cESTO ES UN MODO DE RECONOCER Y DE ABRAZAR A NUESTROS DOCENTES\u201d - Apuntes de San Luis","robots":{"index":"index","follow":"follow","max-snippet":"max-snippet:-1","max-image-preview":"max-image-preview:large","max-video-preview":"max-video-preview:-1"},"canonical":"https:\/\/apuntesdesanluis.com\/index.php\/2023\/10\/19\/esto-es-un-modo-de-reconocer-y-de-abrazar-a-nuestros-docentes\/","og_locale":"es_ES","og_type":"article","og_title":"\u201cESTO ES UN MODO DE RECONOCER Y DE ABRAZAR A NUESTROS DOCENTES\u201d - Apuntes de San Luis","og_description":"As\u00ed lo expres\u00f3 la ministra de Educaci\u00f3n, Mar\u00eda Eugenia Cantaloube, tras los anuncios del gobernador...","og_url":"https:\/\/apuntesdesanluis.com\/index.php\/2023\/10\/19\/esto-es-un-modo-de-reconocer-y-de-abrazar-a-nuestros-docentes\/","og_site_name":"Apuntes de San Luis","article_published_time":"2023-10-20T00:42:36+00:00","og_image":[{"width":672,"height":400,"url":"https:\/\/apuntesdesanluis.com\/wp-content\/uploads\/2023\/10\/cantaloube.png","type":"image\/png"}],"author":"apuntesdesanluis.com","twitter_card":"summary_large_image","twitter_misc":{"Escrito por":"apuntesdesanluis.com","Tiempo de lectura":"2 minutos"},"schema":{"@context":"https:\/\/schema.org","@graph":[{"@type":"Article","@id":"https:\/\/apuntesdesanluis.com\/index.php\/2023\/10\/19\/esto-es-un-modo-de-reconocer-y-de-abrazar-a-nuestros-docentes\/#article","isPartOf":{"@id":"https:\/\/apuntesdesanluis.com\/index.php\/2023\/10\/19\/esto-es-un-modo-de-reconocer-y-de-abrazar-a-nuestros-docentes\/"},"author":{"name":"apuntesdesanluis.com","@id":"https:\/\/apuntesdesanluis.com\/#\/schema\/person\/b55151d52296fcce64d1a72538a70b90"},"headline":"\u201cESTO ES UN MODO DE RECONOCER Y DE ABRAZAR A NUESTROS DOCENTES\u201d","datePublished":"2023-10-20T00:42:36+00:00","mainEntityOfPage":{"@id":"https:\/\/apuntesdesanluis.com\/index.php\/2023\/10\/19\/esto-es-un-modo-de-reconocer-y-de-abrazar-a-nuestros-docentes\/"},"wordCount":409,"publisher":{"@id":"https:\/\/apuntesdesanluis.com\/#\/schema\/person\/b55151d52296fcce64d1a72538a70b90"},"image":{"@id":"https:\/\/apuntesdesanluis.com\/index.php\/2023\/10\/19\/esto-es-un-modo-de-reconocer-y-de-abrazar-a-nuestros-docentes\/#primaryimage"},"thumbnailUrl":"https:\/\/apuntesdesanluis.com\/wp-content\/uploads\/2023\/10\/cantaloube.png","articleSection":["Ciudad\/Provincia"],"inLanguage":"es-AR"},{"@type":"WebPage","@id":"https:\/\/apuntesdesanluis.com\/index.php\/2023\/10\/19\/esto-es-un-modo-de-reconocer-y-de-abrazar-a-nuestros-docentes\/","url":"https:\/\/apuntesdesanluis.com\/index.php\/2023\/10\/19\/esto-es-un-modo-de-reconocer-y-de-abrazar-a-nuestros-docentes\/","name":"\u201cESTO ES UN MODO DE RECONOCER Y DE ABRAZAR A NUESTROS DOCENTES\u201d - Apuntes de San Luis","isPartOf":{"@id":"https:\/\/apuntesdesanluis.com\/#website"},"primaryImageOfPage":{"@id":"https:\/\/apuntesdesanluis.com\/index.php\/2023\/10\/19\/esto-es-un-modo-de-reconocer-y-de-abrazar-a-nuestros-docentes\/#primaryimage"},"image":{"@id":"https:\/\/apuntesdesanluis.com\/index.php\/2023\/10\/19\/esto-es-un-modo-de-reconocer-y-de-abrazar-a-nuestros-docentes\/#primaryimage"},"thumbnailUrl":"https:\/\/apuntesdesanluis.com\/wp-content\/uploads\/2023\/10\/cantaloube.png","datePublished":"2023-10-20T00:42:36+00:00","breadcrumb":{"@id":"https:\/\/apuntesdesanluis.com\/index.php\/2023\/10\/19\/esto-es-un-modo-de-reconocer-y-de-abrazar-a-nuestros-docentes\/#breadcrumb"},"inLanguage":"es-AR","potentialAction":[{"@type":"ReadAction","target":["https:\/\/apuntesdesanluis.com\/index.php\/2023\/10\/19\/esto-es-un-modo-de-reconocer-y-de-abrazar-a-nuestros-docentes\/"]}]},{"@type":"ImageObject","inLanguage":"es-AR","@id":"https:\/\/apuntesdesanluis.com\/index.php\/2023\/10\/19\/esto-es-un-modo-de-reconocer-y-de-abrazar-a-nuestros-docentes\/#primaryimage","url":"https:\/\/apuntesdesanluis.com\/wp-content\/uploads\/2023\/10\/cantaloube.png","contentUrl":"https:\/\/apuntesdesanluis.com\/wp-content\/uploads\/2023\/10\/cantaloube.png","width":672,"height":400},{"@type":"BreadcrumbList","@id":"https:\/\/apuntesdesanluis.com\/index.php\/2023\/10\/19\/esto-es-un-modo-de-reconocer-y-de-abrazar-a-nuestros-docentes\/#breadcrumb","itemListElement":[{"@type":"ListItem","position":1,"name":"Inicio","item":"https:\/\/apuntesdesanluis.com\/"},{"@type":"ListItem","position":2,"name":"\u201cESTO ES UN MODO DE RECONOCER Y DE ABRAZAR A NUESTROS DOCENTES\u201d"}]},{"@type":"WebSite","@id":"https:\/\/apuntesdesanluis.com\/#website","url":"https:\/\/apuntesdesanluis.com\/","name":"Apuntes de San Luis","description":"","publisher":{"@id":"https:\/\/apuntesdesanluis.com\/#\/schema\/person\/b55151d52296fcce64d1a72538a70b90"},"potentialAction":[{"@type":"SearchAction","target":{"@type":"EntryPoint","urlTemplate":"https:\/\/apuntesdesanluis.com\/?s={search_term_string}"},"query-input":{"@type":"PropertyValueSpecification","valueRequired":true,"valueName":"search_term_string"}}],"inLanguage":"es-AR"},{"@type":["Person","Organization"],"@id":"https:\/\/apuntesdesanluis.com\/#\/schema\/person\/b55151d52296fcce64d1a72538a70b90","name":"apuntesdesanluis.com","image":{"@type":"ImageObject","inLanguage":"es-AR","@id":"https:\/\/apuntesdesanluis.com\/#\/schema\/person\/image\/","url":"https:\/\/apuntesdesanluis.com\/wp-content\/uploads\/2023\/07\/cropped-apuntesdesanluis.png","contentUrl":"https:\/\/apuntesdesanluis.com\/wp-content\/uploads\/2023\/07\/cropped-apuntesdesanluis.png","width":450,"height":112,"caption":"apuntesdesanluis.com"},"logo":{"@id":"https:\/\/apuntesdesanluis.com\/#\/schema\/person\/image\/"},"sameAs":["https:\/\/apuntesdesanluis.com"],"url":"https:\/\/apuntesdesanluis.com\/index.php\/author\/apuntesdesanluis-com\/"}]}},"featured_image_urls":{"full":["https:\/\/apuntesdesanluis.com\/wp-content\/uploads\/2023\/10\/cantaloube.png",672,400,false],"thumbnail":["https:\/\/apuntesdesanluis.com\/wp-content\/uploads\/2023\/10\/cantaloube-150x150.png",150,150,true],"medium":["https:\/\/apuntesdesanluis.com\/wp-content\/uploads\/2023\/10\/cantaloube-300x179.png",300,179,true],"medium_large":["https:\/\/apuntesdesanluis.com\/wp-content\/uploads\/2023\/10\/cantaloube.png",640,381,false],"large":["https:\/\/apuntesdesanluis.com\/wp-content\/uploads\/2023\/10\/cantaloube.png",640,381,false],"1536x1536":["https:\/\/apuntesdesanluis.com\/wp-content\/uploads\/2023\/10\/cantaloube.png",672,400,false],"2048x2048":["https:\/\/apuntesdesanluis.com\/wp-content\/uploads\/2023\/10\/cantaloube.png",672,400,false],"newsever-slider-full":["https:\/\/apuntesdesanluis.com\/wp-content\/uploads\/2023\/10\/cantaloube.png",672,400,false],"newsever-featured":["https:\/\/apuntesdesanluis.com\/wp-content\/uploads\/2023\/10\/cantaloube.png",672,400,false],"newsever-medium":["https:\/\/apuntesdesanluis.com\/wp-content\/uploads\/2023\/10\/cantaloube.png",672,400,false]},"author_info":{"display_name":"apuntesdesanluis.com","author_link":"https:\/\/apuntesdesanluis.com\/index.php\/author\/apuntesdesanluis-com\/"},"category_info":"<a href=\"https:\/\/apuntesdesanluis.com\/index.php\/category\/ciudad-provincia\/\" rel=\"category tag\">Ciudad\/Provincia<\/a>","tag_info":"Ciudad\/Provincia","comment_count":"0","_links":{"self":[{"href":"https:\/\/apuntesdesanluis.com\/index.php\/wp-json\/wp\/v2\/posts\/5456","targetHints":{"allow":["GET"]}}],"collection":[{"href":"https:\/\/apuntesdesanluis.com\/index.php\/wp-json\/wp\/v2\/posts"}],"about":[{"href":"https:\/\/apuntesdesanluis.com\/index.php\/wp-json\/wp\/v2\/types\/post"}],"author":[{"embeddable":true,"href":"https:\/\/apuntesdesanluis.com\/index.php\/wp-json\/wp\/v2\/users\/1"}],"replies":[{"embeddable":true,"href":"https:\/\/apuntesdesanluis.com\/index.php\/wp-json\/wp\/v2\/comments?post=5456"}],"version-history":[{"count":1,"href":"https:\/\/apuntesdesanluis.com\/index.php\/wp-json\/wp\/v2\/posts\/5456\/revisions"}],"predecessor-version":[{"id":5458,"href":"https:\/\/apuntesdesanluis.com\/index.php\/wp-json\/wp\/v2\/posts\/5456\/revisions\/5458"}],"wp:featuredmedia":[{"embeddable":true,"href":"https:\/\/apuntesdesanluis.com\/index.php\/wp-json\/wp\/v2\/media\/5457"}],"wp:attachment":[{"href":"https:\/\/apuntesdesanluis.com\/index.php\/wp-json\/wp\/v2\/media?parent=5456"}],"wp:term":[{"taxonomy":"category","embeddable":true,"href":"https:\/\/apuntesdesanluis.com\/index.php\/wp-json\/wp\/v2\/categories?post=5456"},{"taxonomy":"post_tag","embeddable":true,"href":"https:\/\/apuntesdesanluis.com\/index.php\/wp-json\/wp\/v2\/tags?post=5456"}],"curies":[{"name":"wp","href":"https:\/\/api.w.org\/{rel}","templated":true}]}}