{"id":5481,"date":"2023-10-19T23:50:28","date_gmt":"2023-10-20T02:50:28","guid":{"rendered":"https:\/\/apuntesdesanluis.com\/?p=5481"},"modified":"2023-10-20T09:08:30","modified_gmt":"2023-10-20T12:08:30","slug":"la-campana-se-cerro-con-denuncias-por-ruptura-de-la-veda-electoral","status":"publish","type":"post","link":"https:\/\/apuntesdesanluis.com\/index.php\/2023\/10\/19\/la-campana-se-cerro-con-denuncias-por-ruptura-de-la-veda-electoral\/","title":{"rendered":"LA CAMPA\u00d1A SE CERR\u00d3 CON DENUNCIAS POR RUPTURA DE LA VEDA ELECTORAL"},"content":{"rendered":"<h3>Los anuncios que hizo en la tarde de ayer el gobernador <strong>Alberto Rodr\u00edguez Sa\u00e1<\/strong>, de aumento salarial a la administraci\u00f3n p\u00fablica, beneficiarios de planes sociales y de programas de becas, provocaron la reacci\u00f3n de la oposici\u00f3n, que sali\u00f3 con los tapones de punta a acusar al gobierno por violaci\u00f3n de la veda electoral.<\/h3>\n<h3>A tres d\u00edas de las elecciones del pr\u00f3ximo domingo 22, en la que se elegir\u00e1n adem\u00e1s de presidente y vice, 3 senadores y 2 diputados nacionales, adem\u00e1s de parlamentarios del Mercosur, los anuncios formulados en el Sal\u00f3n Blanco de Terrazas del Portezuelo, fueron interpretados como una maniobra destinada a captar la adhesi\u00f3n electoral en el grueso segmento de la poblaci\u00f3n que depende del Estado provincial.<\/h3>\n<h3>En el acto se encontraban varios de los candidatos que postula el oficialismo para los presentes comicios, por lo que ya se estar\u00edan redactando los escritos que se presentar\u00e1n ante la justicia federal, con la intenci\u00f3n de denunciar a los mismos y al primer mandatario.<\/h3>\n<h3>El C\u00f3digo Electoral Nacional (Ley N\u00b019945) expresa que est\u00e1 prohibido \u201cdurante los veinticinco (25) d\u00edas anteriores a la fecha fijada para la celebraci\u00f3n de las elecciones primarias, abiertas y simult\u00e1neas, y la elecci\u00f3n general, la realizaci\u00f3n de actos inaugurales de obras p\u00fablicas, el lanzamiento o promoci\u00f3n de planes, proyectos o programas de alcance colectivo y, en general, la realizaci\u00f3n de todo acto de gobierno que pueda promover la captaci\u00f3n del sufragio a favor de cualquiera de los candidatos a cargos p\u00fablicos electivos nacionales, o de las agrupaciones por las que compiten\u201d.<\/h3>\n<h3>La misma norma establece una serie de penas por incumplir con la veda, que van desde multas hasta la inhabilitaci\u00f3n para ejercer cargos p\u00fablicos o prisi\u00f3n.<\/h3>\n<h3>En igual sentido que cuando el gobierno cuestion\u00f3 el fallo de la jueza <strong>Mar\u00eda Eugenia Bona<\/strong>, que paraliz\u00f3 la ejecuci\u00f3n de obras p\u00fablicas que exceden el mandato de la actual gesti\u00f3n, fuentes del oficialismo argumentaron a <strong>Apuntes de San Luis<\/strong> que el gobernador no es candidato \u201cy en el marco de la situaci\u00f3n inflacionaria, tiene la obligaci\u00f3n de tomar medidas para asegurar el poder adquisitivo de los salarios\u201d de los empleados p\u00fablicos y trabajadores de planes sociales.<\/h3>\n<p>&nbsp;<\/p>\n<p>&nbsp;<\/p>\n<p>&nbsp;<\/p>\n<p>&nbsp;<\/p>\n","protected":false},"excerpt":{"rendered":"<p>Los anuncios que hizo en la tarde de ayer el gobernador Alberto Rodr\u00edguez Sa\u00e1, de&#8230;<\/p>\n","protected":false},"author":1,"featured_media":5482,"comment_status":"closed","ping_status":"closed","sticky":false,"template":"","format":"standard","meta":{"footnotes":""},"categories":[6],"tags":[],"class_list":["post-5481","post","type-post","status-publish","format-standard","has-post-thumbnail","hentry","category-ciudad-provincia"],"yoast_head":"<!-- This site is optimized with the Yoast SEO plugin v26.1.1 - https:\/\/yoast.com\/wordpress\/plugins\/seo\/ -->\n<title>LA CAMPA\u00d1A SE CERR\u00d3 CON DENUNCIAS POR RUPTURA DE LA VEDA ELECTORAL - Apuntes de San Luis<\/title>\n<meta name=\"robots\" content=\"index, follow, max-snippet:-1, max-image-preview:large, max-video-preview:-1\" \/>\n<link rel=\"canonical\" href=\"https:\/\/apuntesdesanluis.com\/index.php\/2023\/10\/19\/la-campana-se-cerro-con-denuncias-por-ruptura-de-la-veda-electoral\/\" \/>\n<meta property=\"og:locale\" content=\"es_ES\" \/>\n<meta property=\"og:type\" content=\"article\" \/>\n<meta property=\"og:title\" content=\"LA CAMPA\u00d1A SE CERR\u00d3 CON DENUNCIAS POR RUPTURA DE LA VEDA ELECTORAL - Apuntes de San Luis\" \/>\n<meta property=\"og:description\" content=\"Los anuncios que hizo en la tarde de ayer el gobernador Alberto Rodr\u00edguez Sa\u00e1, de...\" \/>\n<meta property=\"og:url\" content=\"https:\/\/apuntesdesanluis.com\/index.php\/2023\/10\/19\/la-campana-se-cerro-con-denuncias-por-ruptura-de-la-veda-electoral\/\" \/>\n<meta property=\"og:site_name\" content=\"Apuntes de San Luis\" \/>\n<meta property=\"article:published_time\" content=\"2023-10-20T02:50:28+00:00\" \/>\n<meta property=\"article:modified_time\" content=\"2023-10-20T12:08:30+00:00\" \/>\n<meta property=\"og:image\" content=\"https:\/\/apuntesdesanluis.com\/wp-content\/uploads\/2023\/10\/alberto.png\" \/>\n\t<meta property=\"og:image:width\" content=\"604\" \/>\n\t<meta property=\"og:image:height\" content=\"364\" \/>\n\t<meta property=\"og:image:type\" content=\"image\/png\" \/>\n<meta name=\"author\" content=\"apuntesdesanluis.com\" \/>\n<meta name=\"twitter:card\" content=\"summary_large_image\" \/>\n<meta name=\"twitter:label1\" content=\"Escrito por\" \/>\n\t<meta name=\"twitter:data1\" content=\"apuntesdesanluis.com\" \/>\n\t<meta name=\"twitter:label2\" content=\"Tiempo de lectura\" \/>\n\t<meta name=\"twitter:data2\" content=\"2 minutos\" \/>\n<script type=\"application\/ld+json\" class=\"yoast-schema-graph\">{\"@context\":\"https:\/\/schema.org\",\"@graph\":[{\"@type\":\"Article\",\"@id\":\"https:\/\/apuntesdesanluis.com\/index.php\/2023\/10\/19\/la-campana-se-cerro-con-denuncias-por-ruptura-de-la-veda-electoral\/#article\",\"isPartOf\":{\"@id\":\"https:\/\/apuntesdesanluis.com\/index.php\/2023\/10\/19\/la-campana-se-cerro-con-denuncias-por-ruptura-de-la-veda-electoral\/\"},\"author\":{\"name\":\"apuntesdesanluis.com\",\"@id\":\"https:\/\/apuntesdesanluis.com\/#\/schema\/person\/b55151d52296fcce64d1a72538a70b90\"},\"headline\":\"LA CAMPA\u00d1A SE CERR\u00d3 CON DENUNCIAS POR RUPTURA DE LA VEDA ELECTORAL\",\"datePublished\":\"2023-10-20T02:50:28+00:00\",\"dateModified\":\"2023-10-20T12:08:30+00:00\",\"mainEntityOfPage\":{\"@id\":\"https:\/\/apuntesdesanluis.com\/index.php\/2023\/10\/19\/la-campana-se-cerro-con-denuncias-por-ruptura-de-la-veda-electoral\/\"},\"wordCount\":408,\"publisher\":{\"@id\":\"https:\/\/apuntesdesanluis.com\/#\/schema\/person\/b55151d52296fcce64d1a72538a70b90\"},\"image\":{\"@id\":\"https:\/\/apuntesdesanluis.com\/index.php\/2023\/10\/19\/la-campana-se-cerro-con-denuncias-por-ruptura-de-la-veda-electoral\/#primaryimage\"},\"thumbnailUrl\":\"https:\/\/apuntesdesanluis.com\/wp-content\/uploads\/2023\/10\/alberto.png\",\"articleSection\":[\"Ciudad\/Provincia\"],\"inLanguage\":\"es-AR\"},{\"@type\":\"WebPage\",\"@id\":\"https:\/\/apuntesdesanluis.com\/index.php\/2023\/10\/19\/la-campana-se-cerro-con-denuncias-por-ruptura-de-la-veda-electoral\/\",\"url\":\"https:\/\/apuntesdesanluis.com\/index.php\/2023\/10\/19\/la-campana-se-cerro-con-denuncias-por-ruptura-de-la-veda-electoral\/\",\"name\":\"LA CAMPA\u00d1A SE CERR\u00d3 CON DENUNCIAS POR RUPTURA DE LA VEDA ELECTORAL - Apuntes de San Luis\",\"isPartOf\":{\"@id\":\"https:\/\/apuntesdesanluis.com\/#website\"},\"primaryImageOfPage\":{\"@id\":\"https:\/\/apuntesdesanluis.com\/index.php\/2023\/10\/19\/la-campana-se-cerro-con-denuncias-por-ruptura-de-la-veda-electoral\/#primaryimage\"},\"image\":{\"@id\":\"https:\/\/apuntesdesanluis.com\/index.php\/2023\/10\/19\/la-campana-se-cerro-con-denuncias-por-ruptura-de-la-veda-electoral\/#primaryimage\"},\"thumbnailUrl\":\"https:\/\/apuntesdesanluis.com\/wp-content\/uploads\/2023\/10\/alberto.png\",\"datePublished\":\"2023-10-20T02:50:28+00:00\",\"dateModified\":\"2023-10-20T12:08:30+00:00\",\"breadcrumb\":{\"@id\":\"https:\/\/apuntesdesanluis.com\/index.php\/2023\/10\/19\/la-campana-se-cerro-con-denuncias-por-ruptura-de-la-veda-electoral\/#breadcrumb\"},\"inLanguage\":\"es-AR\",\"potentialAction\":[{\"@type\":\"ReadAction\",\"target\":[\"https:\/\/apuntesdesanluis.com\/index.php\/2023\/10\/19\/la-campana-se-cerro-con-denuncias-por-ruptura-de-la-veda-electoral\/\"]}]},{\"@type\":\"ImageObject\",\"inLanguage\":\"es-AR\",\"@id\":\"https:\/\/apuntesdesanluis.com\/index.php\/2023\/10\/19\/la-campana-se-cerro-con-denuncias-por-ruptura-de-la-veda-electoral\/#primaryimage\",\"url\":\"https:\/\/apuntesdesanluis.com\/wp-content\/uploads\/2023\/10\/alberto.png\",\"contentUrl\":\"https:\/\/apuntesdesanluis.com\/wp-content\/uploads\/2023\/10\/alberto.png\",\"width\":604,\"height\":364},{\"@type\":\"BreadcrumbList\",\"@id\":\"https:\/\/apuntesdesanluis.com\/index.php\/2023\/10\/19\/la-campana-se-cerro-con-denuncias-por-ruptura-de-la-veda-electoral\/#breadcrumb\",\"itemListElement\":[{\"@type\":\"ListItem\",\"position\":1,\"name\":\"Inicio\",\"item\":\"https:\/\/apuntesdesanluis.com\/\"},{\"@type\":\"ListItem\",\"position\":2,\"name\":\"LA CAMPA\u00d1A SE CERR\u00d3 CON DENUNCIAS POR RUPTURA DE LA VEDA ELECTORAL\"}]},{\"@type\":\"WebSite\",\"@id\":\"https:\/\/apuntesdesanluis.com\/#website\",\"url\":\"https:\/\/apuntesdesanluis.com\/\",\"name\":\"Apuntes de San Luis\",\"description\":\"\",\"publisher\":{\"@id\":\"https:\/\/apuntesdesanluis.com\/#\/schema\/person\/b55151d52296fcce64d1a72538a70b90\"},\"potentialAction\":[{\"@type\":\"SearchAction\",\"target\":{\"@type\":\"EntryPoint\",\"urlTemplate\":\"https:\/\/apuntesdesanluis.com\/?s={search_term_string}\"},\"query-input\":{\"@type\":\"PropertyValueSpecification\",\"valueRequired\":true,\"valueName\":\"search_term_string\"}}],\"inLanguage\":\"es-AR\"},{\"@type\":[\"Person\",\"Organization\"],\"@id\":\"https:\/\/apuntesdesanluis.com\/#\/schema\/person\/b55151d52296fcce64d1a72538a70b90\",\"name\":\"apuntesdesanluis.com\",\"image\":{\"@type\":\"ImageObject\",\"inLanguage\":\"es-AR\",\"@id\":\"https:\/\/apuntesdesanluis.com\/#\/schema\/person\/image\/\",\"url\":\"https:\/\/apuntesdesanluis.com\/wp-content\/uploads\/2023\/07\/cropped-apuntesdesanluis.png\",\"contentUrl\":\"https:\/\/apuntesdesanluis.com\/wp-content\/uploads\/2023\/07\/cropped-apuntesdesanluis.png\",\"width\":450,\"height\":112,\"caption\":\"apuntesdesanluis.com\"},\"logo\":{\"@id\":\"https:\/\/apuntesdesanluis.com\/#\/schema\/person\/image\/\"},\"sameAs\":[\"https:\/\/apuntesdesanluis.com\"],\"url\":\"https:\/\/apuntesdesanluis.com\/index.php\/author\/apuntesdesanluis-com\/\"}]}<\/script>\n<!-- \/ Yoast SEO plugin. -->","yoast_head_json":{"title":"LA CAMPA\u00d1A SE CERR\u00d3 CON DENUNCIAS POR RUPTURA DE LA VEDA ELECTORAL - Apuntes de San Luis","robots":{"index":"index","follow":"follow","max-snippet":"max-snippet:-1","max-image-preview":"max-image-preview:large","max-video-preview":"max-video-preview:-1"},"canonical":"https:\/\/apuntesdesanluis.com\/index.php\/2023\/10\/19\/la-campana-se-cerro-con-denuncias-por-ruptura-de-la-veda-electoral\/","og_locale":"es_ES","og_type":"article","og_title":"LA CAMPA\u00d1A SE CERR\u00d3 CON DENUNCIAS POR RUPTURA DE LA VEDA ELECTORAL - Apuntes de San Luis","og_description":"Los anuncios que hizo en la tarde de ayer el gobernador Alberto Rodr\u00edguez Sa\u00e1, de...","og_url":"https:\/\/apuntesdesanluis.com\/index.php\/2023\/10\/19\/la-campana-se-cerro-con-denuncias-por-ruptura-de-la-veda-electoral\/","og_site_name":"Apuntes de San Luis","article_published_time":"2023-10-20T02:50:28+00:00","article_modified_time":"2023-10-20T12:08:30+00:00","og_image":[{"width":604,"height":364,"url":"https:\/\/apuntesdesanluis.com\/wp-content\/uploads\/2023\/10\/alberto.png","type":"image\/png"}],"author":"apuntesdesanluis.com","twitter_card":"summary_large_image","twitter_misc":{"Escrito por":"apuntesdesanluis.com","Tiempo de lectura":"2 minutos"},"schema":{"@context":"https:\/\/schema.org","@graph":[{"@type":"Article","@id":"https:\/\/apuntesdesanluis.com\/index.php\/2023\/10\/19\/la-campana-se-cerro-con-denuncias-por-ruptura-de-la-veda-electoral\/#article","isPartOf":{"@id":"https:\/\/apuntesdesanluis.com\/index.php\/2023\/10\/19\/la-campana-se-cerro-con-denuncias-por-ruptura-de-la-veda-electoral\/"},"author":{"name":"apuntesdesanluis.com","@id":"https:\/\/apuntesdesanluis.com\/#\/schema\/person\/b55151d52296fcce64d1a72538a70b90"},"headline":"LA CAMPA\u00d1A SE CERR\u00d3 CON DENUNCIAS POR RUPTURA DE LA VEDA ELECTORAL","datePublished":"2023-10-20T02:50:28+00:00","dateModified":"2023-10-20T12:08:30+00:00","mainEntityOfPage":{"@id":"https:\/\/apuntesdesanluis.com\/index.php\/2023\/10\/19\/la-campana-se-cerro-con-denuncias-por-ruptura-de-la-veda-electoral\/"},"wordCount":408,"publisher":{"@id":"https:\/\/apuntesdesanluis.com\/#\/schema\/person\/b55151d52296fcce64d1a72538a70b90"},"image":{"@id":"https:\/\/apuntesdesanluis.com\/index.php\/2023\/10\/19\/la-campana-se-cerro-con-denuncias-por-ruptura-de-la-veda-electoral\/#primaryimage"},"thumbnailUrl":"https:\/\/apuntesdesanluis.com\/wp-content\/uploads\/2023\/10\/alberto.png","articleSection":["Ciudad\/Provincia"],"inLanguage":"es-AR"},{"@type":"WebPage","@id":"https:\/\/apuntesdesanluis.com\/index.php\/2023\/10\/19\/la-campana-se-cerro-con-denuncias-por-ruptura-de-la-veda-electoral\/","url":"https:\/\/apuntesdesanluis.com\/index.php\/2023\/10\/19\/la-campana-se-cerro-con-denuncias-por-ruptura-de-la-veda-electoral\/","name":"LA CAMPA\u00d1A SE CERR\u00d3 CON DENUNCIAS POR RUPTURA DE LA VEDA ELECTORAL - Apuntes de San Luis","isPartOf":{"@id":"https:\/\/apuntesdesanluis.com\/#website"},"primaryImageOfPage":{"@id":"https:\/\/apuntesdesanluis.com\/index.php\/2023\/10\/19\/la-campana-se-cerro-con-denuncias-por-ruptura-de-la-veda-electoral\/#primaryimage"},"image":{"@id":"https:\/\/apuntesdesanluis.com\/index.php\/2023\/10\/19\/la-campana-se-cerro-con-denuncias-por-ruptura-de-la-veda-electoral\/#primaryimage"},"thumbnailUrl":"https:\/\/apuntesdesanluis.com\/wp-content\/uploads\/2023\/10\/alberto.png","datePublished":"2023-10-20T02:50:28+00:00","dateModified":"2023-10-20T12:08:30+00:00","breadcrumb":{"@id":"https:\/\/apuntesdesanluis.com\/index.php\/2023\/10\/19\/la-campana-se-cerro-con-denuncias-por-ruptura-de-la-veda-electoral\/#breadcrumb"},"inLanguage":"es-AR","potentialAction":[{"@type":"ReadAction","target":["https:\/\/apuntesdesanluis.com\/index.php\/2023\/10\/19\/la-campana-se-cerro-con-denuncias-por-ruptura-de-la-veda-electoral\/"]}]},{"@type":"ImageObject","inLanguage":"es-AR","@id":"https:\/\/apuntesdesanluis.com\/index.php\/2023\/10\/19\/la-campana-se-cerro-con-denuncias-por-ruptura-de-la-veda-electoral\/#primaryimage","url":"https:\/\/apuntesdesanluis.com\/wp-content\/uploads\/2023\/10\/alberto.png","contentUrl":"https:\/\/apuntesdesanluis.com\/wp-content\/uploads\/2023\/10\/alberto.png","width":604,"height":364},{"@type":"BreadcrumbList","@id":"https:\/\/apuntesdesanluis.com\/index.php\/2023\/10\/19\/la-campana-se-cerro-con-denuncias-por-ruptura-de-la-veda-electoral\/#breadcrumb","itemListElement":[{"@type":"ListItem","position":1,"name":"Inicio","item":"https:\/\/apuntesdesanluis.com\/"},{"@type":"ListItem","position":2,"name":"LA CAMPA\u00d1A SE CERR\u00d3 CON DENUNCIAS POR RUPTURA DE LA VEDA ELECTORAL"}]},{"@type":"WebSite","@id":"https:\/\/apuntesdesanluis.com\/#website","url":"https:\/\/apuntesdesanluis.com\/","name":"Apuntes de San Luis","description":"","publisher":{"@id":"https:\/\/apuntesdesanluis.com\/#\/schema\/person\/b55151d52296fcce64d1a72538a70b90"},"potentialAction":[{"@type":"SearchAction","target":{"@type":"EntryPoint","urlTemplate":"https:\/\/apuntesdesanluis.com\/?s={search_term_string}"},"query-input":{"@type":"PropertyValueSpecification","valueRequired":true,"valueName":"search_term_string"}}],"inLanguage":"es-AR"},{"@type":["Person","Organization"],"@id":"https:\/\/apuntesdesanluis.com\/#\/schema\/person\/b55151d52296fcce64d1a72538a70b90","name":"apuntesdesanluis.com","image":{"@type":"ImageObject","inLanguage":"es-AR","@id":"https:\/\/apuntesdesanluis.com\/#\/schema\/person\/image\/","url":"https:\/\/apuntesdesanluis.com\/wp-content\/uploads\/2023\/07\/cropped-apuntesdesanluis.png","contentUrl":"https:\/\/apuntesdesanluis.com\/wp-content\/uploads\/2023\/07\/cropped-apuntesdesanluis.png","width":450,"height":112,"caption":"apuntesdesanluis.com"},"logo":{"@id":"https:\/\/apuntesdesanluis.com\/#\/schema\/person\/image\/"},"sameAs":["https:\/\/apuntesdesanluis.com"],"url":"https:\/\/apuntesdesanluis.com\/index.php\/author\/apuntesdesanluis-com\/"}]}},"featured_image_urls":{"full":["https:\/\/apuntesdesanluis.com\/wp-content\/uploads\/2023\/10\/alberto.png",604,364,false],"thumbnail":["https:\/\/apuntesdesanluis.com\/wp-content\/uploads\/2023\/10\/alberto-150x150.png",150,150,true],"medium":["https:\/\/apuntesdesanluis.com\/wp-content\/uploads\/2023\/10\/alberto-300x181.png",300,181,true],"medium_large":["https:\/\/apuntesdesanluis.com\/wp-content\/uploads\/2023\/10\/alberto.png",604,364,false],"large":["https:\/\/apuntesdesanluis.com\/wp-content\/uploads\/2023\/10\/alberto.png",604,364,false],"1536x1536":["https:\/\/apuntesdesanluis.com\/wp-content\/uploads\/2023\/10\/alberto.png",604,364,false],"2048x2048":["https:\/\/apuntesdesanluis.com\/wp-content\/uploads\/2023\/10\/alberto.png",604,364,false],"newsever-slider-full":["https:\/\/apuntesdesanluis.com\/wp-content\/uploads\/2023\/10\/alberto.png",604,364,false],"newsever-featured":["https:\/\/apuntesdesanluis.com\/wp-content\/uploads\/2023\/10\/alberto.png",604,364,false],"newsever-medium":["https:\/\/apuntesdesanluis.com\/wp-content\/uploads\/2023\/10\/alberto.png",604,364,false]},"author_info":{"display_name":"apuntesdesanluis.com","author_link":"https:\/\/apuntesdesanluis.com\/index.php\/author\/apuntesdesanluis-com\/"},"category_info":"<a href=\"https:\/\/apuntesdesanluis.com\/index.php\/category\/ciudad-provincia\/\" rel=\"category tag\">Ciudad\/Provincia<\/a>","tag_info":"Ciudad\/Provincia","comment_count":"0","_links":{"self":[{"href":"https:\/\/apuntesdesanluis.com\/index.php\/wp-json\/wp\/v2\/posts\/5481","targetHints":{"allow":["GET"]}}],"collection":[{"href":"https:\/\/apuntesdesanluis.com\/index.php\/wp-json\/wp\/v2\/posts"}],"about":[{"href":"https:\/\/apuntesdesanluis.com\/index.php\/wp-json\/wp\/v2\/types\/post"}],"author":[{"embeddable":true,"href":"https:\/\/apuntesdesanluis.com\/index.php\/wp-json\/wp\/v2\/users\/1"}],"replies":[{"embeddable":true,"href":"https:\/\/apuntesdesanluis.com\/index.php\/wp-json\/wp\/v2\/comments?post=5481"}],"version-history":[{"count":3,"href":"https:\/\/apuntesdesanluis.com\/index.php\/wp-json\/wp\/v2\/posts\/5481\/revisions"}],"predecessor-version":[{"id":5485,"href":"https:\/\/apuntesdesanluis.com\/index.php\/wp-json\/wp\/v2\/posts\/5481\/revisions\/5485"}],"wp:featuredmedia":[{"embeddable":true,"href":"https:\/\/apuntesdesanluis.com\/index.php\/wp-json\/wp\/v2\/media\/5482"}],"wp:attachment":[{"href":"https:\/\/apuntesdesanluis.com\/index.php\/wp-json\/wp\/v2\/media?parent=5481"}],"wp:term":[{"taxonomy":"category","embeddable":true,"href":"https:\/\/apuntesdesanluis.com\/index.php\/wp-json\/wp\/v2\/categories?post=5481"},{"taxonomy":"post_tag","embeddable":true,"href":"https:\/\/apuntesdesanluis.com\/index.php\/wp-json\/wp\/v2\/tags?post=5481"}],"curies":[{"name":"wp","href":"https:\/\/api.w.org\/{rel}","templated":true}]}}