{"id":5486,"date":"2023-10-20T10:15:34","date_gmt":"2023-10-20T13:15:34","guid":{"rendered":"https:\/\/apuntesdesanluis.com\/?p=5486"},"modified":"2023-10-20T10:27:31","modified_gmt":"2023-10-20T13:27:31","slug":"abogados-efectuaron-un-crudo-diagnostico-y-reclaman-se-decrete-la-emergencia-judicial","status":"publish","type":"post","link":"https:\/\/apuntesdesanluis.com\/index.php\/2023\/10\/20\/abogados-efectuaron-un-crudo-diagnostico-y-reclaman-se-decrete-la-emergencia-judicial\/","title":{"rendered":"ABOGADOS EFECTUARON UN CRUDO DIAGN\u00d3STICO Y RECLAMAN SE DECRETE LA \u201cEMERGENCIA JUDICIAL\u201d"},"content":{"rendered":"<h3>El <strong>Directorio del Colegio de Abogados y Procuradores de Villa Mercedes<\/strong> dirigi\u00f3 una nota al <strong>Superior Tribunal de Justicia<\/strong> de la provincia, en la que inform\u00f3 \u201cla grave y escandalosa situaci\u00f3n de crisis institucional\u201d que los aqueja en relaci\u00f3n a \u201ctemas inherentes a su profesi\u00f3n, y que requieren inmediata soluci\u00f3n\u201d, al tiempo que reclam\u00f3 que se decrete la \u201c<strong>Emergencia Judicial<\/strong>\u201d.<\/h3>\n<h3>La misiva consaigna que \u201ca trav\u00e9s de la promulgaci\u00f3n de nuevas normas de organizaci\u00f3n interna y procesales llevadas a cabo este \u00faltimo a\u00f1o, se han introducido una serie de reformas con miras a una supuesta modernizaci\u00f3n en el servicio y funcionamiento del poder judicial, que a casi dos a\u00f1os de su implementaci\u00f3n se puede concluir fundadamente, que todo lo normado en pos de esa supuesta modernizaci\u00f3n \u201cha resultado en los hechos, un claro FRACASO en la administraci\u00f3n de justicia y un da\u00f1o directo e irreparable a la sociedad\u201d.<\/h3>\n<h3>Resalta adem\u00e1s que los colegios de abogados que representan a las tres circunscripciones judiciales, \u201chan realizado un sinf\u00edn de reclamos, como as\u00ed tambi\u00e9n puestas en conocimiento en relaci\u00f3n a la anclada y masiva mora en el servicio de justicia, falta de personal para las OGU creadas por ley, sumado al masivo crecimiento de licencias presentadas por empleados por razones de enfermedad y el caos absoluto interno y externo que ha generado la imposici\u00f3n de normas por parte del Superior Tribunal de Justicia, lo que ha provocado la paralizaci\u00f3n del servicio de justicia y un estado de gravedad institucional nunca antes conocido en esta provincia\u201d.<\/h3>\n<h3>La carta fue dirigida este jueves 19 al Presidente del Superior Tribunal de Justicia, Dr. Jorge Alberto Levingston, y lleva las firmas de la Secretaria y la Presidenta del Colegio de Abogados, Dra. Mar\u00eda Antonella Rocha y Dra. Mariela Bettina Blengino, respectivamente.<\/h3>\n<p><img fetchpriority=\"high\" decoding=\"async\" class=\"wp-image-5489 aligncenter\" src=\"https:\/\/apuntesdesanluis.com\/wp-content\/uploads\/2023\/10\/COLEGIO-REUNION-300x184.png\" alt=\"\" width=\"523\" height=\"321\" srcset=\"https:\/\/apuntesdesanluis.com\/wp-content\/uploads\/2023\/10\/COLEGIO-REUNION-300x184.png 300w, https:\/\/apuntesdesanluis.com\/wp-content\/uploads\/2023\/10\/COLEGIO-REUNION.png 573w\" sizes=\"(max-width: 523px) 100vw, 523px\" \/><\/p>\n<h4 style=\"text-align: center;\"><em>Reuni\u00f3n del Colegio de Abogados con magistrados del fuero civil, el 9 de octubre, en la que se analiz\u00f3 la mora judicial y la falta de personal.<\/em><\/h4>\n<h3>M\u00e1s adelante los abogados indican que \u201cdurante el a\u00f1o 2022 se hizo hincapi\u00e9 en la demora suscitada en los fueros de familia y menores, lo que fue tratado y parcialmente solucionado; sin embargo, esta disyuntiva y compleja situaci\u00f3n se ha extendido a los fueros civiles y laborales, desde la implementaci\u00f3n de las OGU, encontr\u00e1ndonos en la actualidad con una mora de m\u00e1s de treinta d\u00edas para proveer un escrito simple. Dicha situaci\u00f3n se agudiza en raz\u00f3n de la \u00e9poca del a\u00f1o por la que se transita, sumado al contexto socio econ\u00f3mico y la responsabilidad que posee el abogado frente a la b\u00fasqueda de una soluci\u00f3n inminente en los conflictos que caen dentro de su \u00f3rbita laboral; motivo por el cual consideramos la NECESIDAD DE DECRETAR LA EMERGENCIA JUDICIAL y, reiterar nuevamente, se extremen las medidas de control e intervenci\u00f3n de manera eficaz y real, a fin de evitar la profundizaci\u00f3n de la crisis institucional en la que nos encontramos, en cuanto se evidencia que las normas implementadas han sido beneficiosas solo para las instituciones p\u00fablicas, desnaturalizando el fin de servir al bien com\u00fan y al justiciable como objetivo primordial\u201d.<\/h3>\n<h3>La nota agrega en forma textual:<\/h3>\n<h3>\u201cCabe resaltar que en las \u00e1reas de la OGU CIVIL de SUCESIONES Y DERECHOS REALES, son donde m\u00e1s se profundiza la crisis por la falta de personal suficiente y capacitado para la actividad espec\u00edfica, dejando en clara evidencia las fallas del sistema implementado, que se puso en marcha sin conocer las realidades de las jurisdicciones, ni las necesidades internas de los juzgados y magistrados; menos a\u00fan, la urgencia que requieren los justiciables en la b\u00fasqueda de las soluciones a sus problem\u00e1ticas.<\/h3>\n<h3>Por su parte, el FUERO LABORAL se ve actualmente afectado por esta situaci\u00f3n de mora, donde cada petici\u00f3n tiene una demora que oscila entre 20 y 30 d\u00edas para decretarse, sumados a los ya conocidos reclamos como son la falta de nombramiento de profesionales en el \u00e1rea de Medicina Laboral y nombramiento de personal en las dem\u00e1s \u00e1reas de dicho fuero, los que actualmente son escasos. Todo ello, con las consecuencias que eso acarrea, vislumbra un escenario de absoluto caos y evidente fiasco de todas las perspectivas de modernizaci\u00f3n de las normas y reformas propuestas por los poderes legislativos y ejecutivo.<\/h3>\n<h3>Es necesario e imperioso, dar a conocer a toda la sociedad y estamentos que la componen la situaci\u00f3n de CAOS INSTITUCIONAL que impera en el poder judicial, como as\u00ed tambi\u00e9n explicar los motivos por el cual el servicio de justicia se encuentra COLAPSADO Y DESBORDADO EN SU FUNCIONAMIENTO, a los efectos de que el justiciable comprenda la desesperada situaci\u00f3n en que nos encontraos los abogados litigantes dentro de este contexto que no se ha podido solucionar ni avanzar en sus grietas, por ser integralmente deso\u00eddos todos sus reclamos.<\/h3>\n<h3>Desde este Directorio reclamamos se decrete LA EMERGENCIA JUDICIAL originada por los motivos esgrimidos anteriormente, d\u00e1ndose a conocer a la sociedad los motivos de su origen, los autores responsables de esta situaci\u00f3n ca\u00f3tica y la necesidad urgente de implementar medidas agiles e inmediatas para disponer del capital humano necesario y capacitado para que la norma impuesta funcione.<\/h3>\n<h3>Como profesionales del derecho, debemos revalorizar el coraje y resiliencia, la lucha pac\u00edfica en pos de bien com\u00fan, exigiendo este esp\u00edritu de \u00e9poca, un liderazgo identificatorio que represente las necesidades de todos los justiciables, potenciando sus virtudes y apostando a un trato m\u00e1s humanitario por que as\u00ed lo exige el esp\u00edritu de esta \u00e9poca, resaltando que los intereses propios de los abogados no se limitan solo al ejercicio profesional sino tambi\u00e9n a la preocupaci\u00f3n por nuestras instituciones republicanas.<\/h3>\n<h3>La defensa de nuestras incumbencias es una pol\u00edtica permanente de nuestro colegio; por ello se exige poner fin a la ya intolerable demora \u201cde los tiempos judiciales\u201d, sostenemos que la laxitud de los procesos judiciales es inaceptable, y debe ser revisada por el poder judicial, debiendo realizar un esfuerzo mayor, porque han aceptado desempe\u00f1ar esos cargos conociendo la responsabilidad para con la sociedad y resaltando que el cr\u00e9dito de nuestros clientes no admite demoras\u201d.<\/h3>\n","protected":false},"excerpt":{"rendered":"<p>El Directorio del Colegio de Abogados y Procuradores de Villa Mercedes dirigi\u00f3 una nota al&#8230;<\/p>\n","protected":false},"author":1,"featured_media":764,"comment_status":"closed","ping_status":"closed","sticky":false,"template":"","format":"standard","meta":{"footnotes":""},"categories":[6],"tags":[],"class_list":["post-5486","post","type-post","status-publish","format-standard","has-post-thumbnail","hentry","category-ciudad-provincia"],"yoast_head":"<!-- This site is optimized with the Yoast SEO plugin v26.1.1 - https:\/\/yoast.com\/wordpress\/plugins\/seo\/ -->\n<title>ABOGADOS EFECTUARON UN CRUDO DIAGN\u00d3STICO Y RECLAMAN SE DECRETE LA \u201cEMERGENCIA JUDICIAL\u201d - Apuntes de San Luis<\/title>\n<meta name=\"robots\" content=\"index, follow, max-snippet:-1, max-image-preview:large, max-video-preview:-1\" \/>\n<link rel=\"canonical\" href=\"https:\/\/apuntesdesanluis.com\/index.php\/2023\/10\/20\/abogados-efectuaron-un-crudo-diagnostico-y-reclaman-se-decrete-la-emergencia-judicial\/\" \/>\n<meta property=\"og:locale\" content=\"es_ES\" \/>\n<meta property=\"og:type\" content=\"article\" \/>\n<meta property=\"og:title\" content=\"ABOGADOS EFECTUARON UN CRUDO DIAGN\u00d3STICO Y RECLAMAN SE DECRETE LA \u201cEMERGENCIA JUDICIAL\u201d - Apuntes de San Luis\" \/>\n<meta property=\"og:description\" content=\"El Directorio del Colegio de Abogados y Procuradores de Villa Mercedes dirigi\u00f3 una nota al...\" \/>\n<meta property=\"og:url\" content=\"https:\/\/apuntesdesanluis.com\/index.php\/2023\/10\/20\/abogados-efectuaron-un-crudo-diagnostico-y-reclaman-se-decrete-la-emergencia-judicial\/\" \/>\n<meta property=\"og:site_name\" content=\"Apuntes de San Luis\" \/>\n<meta property=\"article:published_time\" content=\"2023-10-20T13:15:34+00:00\" \/>\n<meta property=\"article:modified_time\" content=\"2023-10-20T13:27:31+00:00\" \/>\n<meta property=\"og:image\" content=\"https:\/\/apuntesdesanluis.com\/wp-content\/uploads\/2023\/07\/tribunales-de-villa-mercedes.png\" \/>\n\t<meta property=\"og:image:width\" content=\"739\" \/>\n\t<meta property=\"og:image:height\" content=\"443\" \/>\n\t<meta property=\"og:image:type\" content=\"image\/png\" \/>\n<meta name=\"author\" content=\"apuntesdesanluis.com\" \/>\n<meta name=\"twitter:card\" content=\"summary_large_image\" \/>\n<meta name=\"twitter:label1\" content=\"Escrito por\" \/>\n\t<meta name=\"twitter:data1\" content=\"apuntesdesanluis.com\" \/>\n\t<meta name=\"twitter:label2\" content=\"Tiempo de lectura\" \/>\n\t<meta name=\"twitter:data2\" content=\"5 minutos\" \/>\n<script type=\"application\/ld+json\" class=\"yoast-schema-graph\">{\"@context\":\"https:\/\/schema.org\",\"@graph\":[{\"@type\":\"Article\",\"@id\":\"https:\/\/apuntesdesanluis.com\/index.php\/2023\/10\/20\/abogados-efectuaron-un-crudo-diagnostico-y-reclaman-se-decrete-la-emergencia-judicial\/#article\",\"isPartOf\":{\"@id\":\"https:\/\/apuntesdesanluis.com\/index.php\/2023\/10\/20\/abogados-efectuaron-un-crudo-diagnostico-y-reclaman-se-decrete-la-emergencia-judicial\/\"},\"author\":{\"name\":\"apuntesdesanluis.com\",\"@id\":\"https:\/\/apuntesdesanluis.com\/#\/schema\/person\/b55151d52296fcce64d1a72538a70b90\"},\"headline\":\"ABOGADOS EFECTUARON UN CRUDO DIAGN\u00d3STICO Y RECLAMAN SE DECRETE LA \u201cEMERGENCIA JUDICIAL\u201d\",\"datePublished\":\"2023-10-20T13:15:34+00:00\",\"dateModified\":\"2023-10-20T13:27:31+00:00\",\"mainEntityOfPage\":{\"@id\":\"https:\/\/apuntesdesanluis.com\/index.php\/2023\/10\/20\/abogados-efectuaron-un-crudo-diagnostico-y-reclaman-se-decrete-la-emergencia-judicial\/\"},\"wordCount\":1069,\"publisher\":{\"@id\":\"https:\/\/apuntesdesanluis.com\/#\/schema\/person\/b55151d52296fcce64d1a72538a70b90\"},\"image\":{\"@id\":\"https:\/\/apuntesdesanluis.com\/index.php\/2023\/10\/20\/abogados-efectuaron-un-crudo-diagnostico-y-reclaman-se-decrete-la-emergencia-judicial\/#primaryimage\"},\"thumbnailUrl\":\"https:\/\/apuntesdesanluis.com\/wp-content\/uploads\/2023\/07\/tribunales-de-villa-mercedes.png\",\"articleSection\":[\"Ciudad\/Provincia\"],\"inLanguage\":\"es-AR\"},{\"@type\":\"WebPage\",\"@id\":\"https:\/\/apuntesdesanluis.com\/index.php\/2023\/10\/20\/abogados-efectuaron-un-crudo-diagnostico-y-reclaman-se-decrete-la-emergencia-judicial\/\",\"url\":\"https:\/\/apuntesdesanluis.com\/index.php\/2023\/10\/20\/abogados-efectuaron-un-crudo-diagnostico-y-reclaman-se-decrete-la-emergencia-judicial\/\",\"name\":\"ABOGADOS EFECTUARON UN CRUDO DIAGN\u00d3STICO Y RECLAMAN SE DECRETE LA \u201cEMERGENCIA JUDICIAL\u201d - Apuntes de San Luis\",\"isPartOf\":{\"@id\":\"https:\/\/apuntesdesanluis.com\/#website\"},\"primaryImageOfPage\":{\"@id\":\"https:\/\/apuntesdesanluis.com\/index.php\/2023\/10\/20\/abogados-efectuaron-un-crudo-diagnostico-y-reclaman-se-decrete-la-emergencia-judicial\/#primaryimage\"},\"image\":{\"@id\":\"https:\/\/apuntesdesanluis.com\/index.php\/2023\/10\/20\/abogados-efectuaron-un-crudo-diagnostico-y-reclaman-se-decrete-la-emergencia-judicial\/#primaryimage\"},\"thumbnailUrl\":\"https:\/\/apuntesdesanluis.com\/wp-content\/uploads\/2023\/07\/tribunales-de-villa-mercedes.png\",\"datePublished\":\"2023-10-20T13:15:34+00:00\",\"dateModified\":\"2023-10-20T13:27:31+00:00\",\"breadcrumb\":{\"@id\":\"https:\/\/apuntesdesanluis.com\/index.php\/2023\/10\/20\/abogados-efectuaron-un-crudo-diagnostico-y-reclaman-se-decrete-la-emergencia-judicial\/#breadcrumb\"},\"inLanguage\":\"es-AR\",\"potentialAction\":[{\"@type\":\"ReadAction\",\"target\":[\"https:\/\/apuntesdesanluis.com\/index.php\/2023\/10\/20\/abogados-efectuaron-un-crudo-diagnostico-y-reclaman-se-decrete-la-emergencia-judicial\/\"]}]},{\"@type\":\"ImageObject\",\"inLanguage\":\"es-AR\",\"@id\":\"https:\/\/apuntesdesanluis.com\/index.php\/2023\/10\/20\/abogados-efectuaron-un-crudo-diagnostico-y-reclaman-se-decrete-la-emergencia-judicial\/#primaryimage\",\"url\":\"https:\/\/apuntesdesanluis.com\/wp-content\/uploads\/2023\/07\/tribunales-de-villa-mercedes.png\",\"contentUrl\":\"https:\/\/apuntesdesanluis.com\/wp-content\/uploads\/2023\/07\/tribunales-de-villa-mercedes.png\",\"width\":739,\"height\":443},{\"@type\":\"BreadcrumbList\",\"@id\":\"https:\/\/apuntesdesanluis.com\/index.php\/2023\/10\/20\/abogados-efectuaron-un-crudo-diagnostico-y-reclaman-se-decrete-la-emergencia-judicial\/#breadcrumb\",\"itemListElement\":[{\"@type\":\"ListItem\",\"position\":1,\"name\":\"Inicio\",\"item\":\"https:\/\/apuntesdesanluis.com\/\"},{\"@type\":\"ListItem\",\"position\":2,\"name\":\"ABOGADOS EFECTUARON UN CRUDO DIAGN\u00d3STICO Y RECLAMAN SE DECRETE LA \u201cEMERGENCIA JUDICIAL\u201d\"}]},{\"@type\":\"WebSite\",\"@id\":\"https:\/\/apuntesdesanluis.com\/#website\",\"url\":\"https:\/\/apuntesdesanluis.com\/\",\"name\":\"Apuntes de San Luis\",\"description\":\"\",\"publisher\":{\"@id\":\"https:\/\/apuntesdesanluis.com\/#\/schema\/person\/b55151d52296fcce64d1a72538a70b90\"},\"potentialAction\":[{\"@type\":\"SearchAction\",\"target\":{\"@type\":\"EntryPoint\",\"urlTemplate\":\"https:\/\/apuntesdesanluis.com\/?s={search_term_string}\"},\"query-input\":{\"@type\":\"PropertyValueSpecification\",\"valueRequired\":true,\"valueName\":\"search_term_string\"}}],\"inLanguage\":\"es-AR\"},{\"@type\":[\"Person\",\"Organization\"],\"@id\":\"https:\/\/apuntesdesanluis.com\/#\/schema\/person\/b55151d52296fcce64d1a72538a70b90\",\"name\":\"apuntesdesanluis.com\",\"image\":{\"@type\":\"ImageObject\",\"inLanguage\":\"es-AR\",\"@id\":\"https:\/\/apuntesdesanluis.com\/#\/schema\/person\/image\/\",\"url\":\"https:\/\/apuntesdesanluis.com\/wp-content\/uploads\/2023\/07\/cropped-apuntesdesanluis.png\",\"contentUrl\":\"https:\/\/apuntesdesanluis.com\/wp-content\/uploads\/2023\/07\/cropped-apuntesdesanluis.png\",\"width\":450,\"height\":112,\"caption\":\"apuntesdesanluis.com\"},\"logo\":{\"@id\":\"https:\/\/apuntesdesanluis.com\/#\/schema\/person\/image\/\"},\"sameAs\":[\"https:\/\/apuntesdesanluis.com\"],\"url\":\"https:\/\/apuntesdesanluis.com\/index.php\/author\/apuntesdesanluis-com\/\"}]}<\/script>\n<!-- \/ Yoast SEO plugin. -->","yoast_head_json":{"title":"ABOGADOS EFECTUARON UN CRUDO DIAGN\u00d3STICO Y RECLAMAN SE DECRETE LA \u201cEMERGENCIA JUDICIAL\u201d - Apuntes de San Luis","robots":{"index":"index","follow":"follow","max-snippet":"max-snippet:-1","max-image-preview":"max-image-preview:large","max-video-preview":"max-video-preview:-1"},"canonical":"https:\/\/apuntesdesanluis.com\/index.php\/2023\/10\/20\/abogados-efectuaron-un-crudo-diagnostico-y-reclaman-se-decrete-la-emergencia-judicial\/","og_locale":"es_ES","og_type":"article","og_title":"ABOGADOS EFECTUARON UN CRUDO DIAGN\u00d3STICO Y RECLAMAN SE DECRETE LA \u201cEMERGENCIA JUDICIAL\u201d - Apuntes de San Luis","og_description":"El Directorio del Colegio de Abogados y Procuradores de Villa Mercedes dirigi\u00f3 una nota al...","og_url":"https:\/\/apuntesdesanluis.com\/index.php\/2023\/10\/20\/abogados-efectuaron-un-crudo-diagnostico-y-reclaman-se-decrete-la-emergencia-judicial\/","og_site_name":"Apuntes de San Luis","article_published_time":"2023-10-20T13:15:34+00:00","article_modified_time":"2023-10-20T13:27:31+00:00","og_image":[{"width":739,"height":443,"url":"https:\/\/apuntesdesanluis.com\/wp-content\/uploads\/2023\/07\/tribunales-de-villa-mercedes.png","type":"image\/png"}],"author":"apuntesdesanluis.com","twitter_card":"summary_large_image","twitter_misc":{"Escrito por":"apuntesdesanluis.com","Tiempo de lectura":"5 minutos"},"schema":{"@context":"https:\/\/schema.org","@graph":[{"@type":"Article","@id":"https:\/\/apuntesdesanluis.com\/index.php\/2023\/10\/20\/abogados-efectuaron-un-crudo-diagnostico-y-reclaman-se-decrete-la-emergencia-judicial\/#article","isPartOf":{"@id":"https:\/\/apuntesdesanluis.com\/index.php\/2023\/10\/20\/abogados-efectuaron-un-crudo-diagnostico-y-reclaman-se-decrete-la-emergencia-judicial\/"},"author":{"name":"apuntesdesanluis.com","@id":"https:\/\/apuntesdesanluis.com\/#\/schema\/person\/b55151d52296fcce64d1a72538a70b90"},"headline":"ABOGADOS EFECTUARON UN CRUDO DIAGN\u00d3STICO Y RECLAMAN SE DECRETE LA \u201cEMERGENCIA JUDICIAL\u201d","datePublished":"2023-10-20T13:15:34+00:00","dateModified":"2023-10-20T13:27:31+00:00","mainEntityOfPage":{"@id":"https:\/\/apuntesdesanluis.com\/index.php\/2023\/10\/20\/abogados-efectuaron-un-crudo-diagnostico-y-reclaman-se-decrete-la-emergencia-judicial\/"},"wordCount":1069,"publisher":{"@id":"https:\/\/apuntesdesanluis.com\/#\/schema\/person\/b55151d52296fcce64d1a72538a70b90"},"image":{"@id":"https:\/\/apuntesdesanluis.com\/index.php\/2023\/10\/20\/abogados-efectuaron-un-crudo-diagnostico-y-reclaman-se-decrete-la-emergencia-judicial\/#primaryimage"},"thumbnailUrl":"https:\/\/apuntesdesanluis.com\/wp-content\/uploads\/2023\/07\/tribunales-de-villa-mercedes.png","articleSection":["Ciudad\/Provincia"],"inLanguage":"es-AR"},{"@type":"WebPage","@id":"https:\/\/apuntesdesanluis.com\/index.php\/2023\/10\/20\/abogados-efectuaron-un-crudo-diagnostico-y-reclaman-se-decrete-la-emergencia-judicial\/","url":"https:\/\/apuntesdesanluis.com\/index.php\/2023\/10\/20\/abogados-efectuaron-un-crudo-diagnostico-y-reclaman-se-decrete-la-emergencia-judicial\/","name":"ABOGADOS EFECTUARON UN CRUDO DIAGN\u00d3STICO Y RECLAMAN SE DECRETE LA \u201cEMERGENCIA JUDICIAL\u201d - Apuntes de San Luis","isPartOf":{"@id":"https:\/\/apuntesdesanluis.com\/#website"},"primaryImageOfPage":{"@id":"https:\/\/apuntesdesanluis.com\/index.php\/2023\/10\/20\/abogados-efectuaron-un-crudo-diagnostico-y-reclaman-se-decrete-la-emergencia-judicial\/#primaryimage"},"image":{"@id":"https:\/\/apuntesdesanluis.com\/index.php\/2023\/10\/20\/abogados-efectuaron-un-crudo-diagnostico-y-reclaman-se-decrete-la-emergencia-judicial\/#primaryimage"},"thumbnailUrl":"https:\/\/apuntesdesanluis.com\/wp-content\/uploads\/2023\/07\/tribunales-de-villa-mercedes.png","datePublished":"2023-10-20T13:15:34+00:00","dateModified":"2023-10-20T13:27:31+00:00","breadcrumb":{"@id":"https:\/\/apuntesdesanluis.com\/index.php\/2023\/10\/20\/abogados-efectuaron-un-crudo-diagnostico-y-reclaman-se-decrete-la-emergencia-judicial\/#breadcrumb"},"inLanguage":"es-AR","potentialAction":[{"@type":"ReadAction","target":["https:\/\/apuntesdesanluis.com\/index.php\/2023\/10\/20\/abogados-efectuaron-un-crudo-diagnostico-y-reclaman-se-decrete-la-emergencia-judicial\/"]}]},{"@type":"ImageObject","inLanguage":"es-AR","@id":"https:\/\/apuntesdesanluis.com\/index.php\/2023\/10\/20\/abogados-efectuaron-un-crudo-diagnostico-y-reclaman-se-decrete-la-emergencia-judicial\/#primaryimage","url":"https:\/\/apuntesdesanluis.com\/wp-content\/uploads\/2023\/07\/tribunales-de-villa-mercedes.png","contentUrl":"https:\/\/apuntesdesanluis.com\/wp-content\/uploads\/2023\/07\/tribunales-de-villa-mercedes.png","width":739,"height":443},{"@type":"BreadcrumbList","@id":"https:\/\/apuntesdesanluis.com\/index.php\/2023\/10\/20\/abogados-efectuaron-un-crudo-diagnostico-y-reclaman-se-decrete-la-emergencia-judicial\/#breadcrumb","itemListElement":[{"@type":"ListItem","position":1,"name":"Inicio","item":"https:\/\/apuntesdesanluis.com\/"},{"@type":"ListItem","position":2,"name":"ABOGADOS EFECTUARON UN CRUDO DIAGN\u00d3STICO Y RECLAMAN SE DECRETE LA \u201cEMERGENCIA JUDICIAL\u201d"}]},{"@type":"WebSite","@id":"https:\/\/apuntesdesanluis.com\/#website","url":"https:\/\/apuntesdesanluis.com\/","name":"Apuntes de San Luis","description":"","publisher":{"@id":"https:\/\/apuntesdesanluis.com\/#\/schema\/person\/b55151d52296fcce64d1a72538a70b90"},"potentialAction":[{"@type":"SearchAction","target":{"@type":"EntryPoint","urlTemplate":"https:\/\/apuntesdesanluis.com\/?s={search_term_string}"},"query-input":{"@type":"PropertyValueSpecification","valueRequired":true,"valueName":"search_term_string"}}],"inLanguage":"es-AR"},{"@type":["Person","Organization"],"@id":"https:\/\/apuntesdesanluis.com\/#\/schema\/person\/b55151d52296fcce64d1a72538a70b90","name":"apuntesdesanluis.com","image":{"@type":"ImageObject","inLanguage":"es-AR","@id":"https:\/\/apuntesdesanluis.com\/#\/schema\/person\/image\/","url":"https:\/\/apuntesdesanluis.com\/wp-content\/uploads\/2023\/07\/cropped-apuntesdesanluis.png","contentUrl":"https:\/\/apuntesdesanluis.com\/wp-content\/uploads\/2023\/07\/cropped-apuntesdesanluis.png","width":450,"height":112,"caption":"apuntesdesanluis.com"},"logo":{"@id":"https:\/\/apuntesdesanluis.com\/#\/schema\/person\/image\/"},"sameAs":["https:\/\/apuntesdesanluis.com"],"url":"https:\/\/apuntesdesanluis.com\/index.php\/author\/apuntesdesanluis-com\/"}]}},"featured_image_urls":{"full":["https:\/\/apuntesdesanluis.com\/wp-content\/uploads\/2023\/07\/tribunales-de-villa-mercedes.png",739,443,false],"thumbnail":["https:\/\/apuntesdesanluis.com\/wp-content\/uploads\/2023\/07\/tribunales-de-villa-mercedes-150x150.png",150,150,true],"medium":["https:\/\/apuntesdesanluis.com\/wp-content\/uploads\/2023\/07\/tribunales-de-villa-mercedes-300x180.png",300,180,true],"medium_large":["https:\/\/apuntesdesanluis.com\/wp-content\/uploads\/2023\/07\/tribunales-de-villa-mercedes.png",640,384,false],"large":["https:\/\/apuntesdesanluis.com\/wp-content\/uploads\/2023\/07\/tribunales-de-villa-mercedes.png",640,384,false],"1536x1536":["https:\/\/apuntesdesanluis.com\/wp-content\/uploads\/2023\/07\/tribunales-de-villa-mercedes.png",739,443,false],"2048x2048":["https:\/\/apuntesdesanluis.com\/wp-content\/uploads\/2023\/07\/tribunales-de-villa-mercedes.png",739,443,false],"newsever-slider-full":["https:\/\/apuntesdesanluis.com\/wp-content\/uploads\/2023\/07\/tribunales-de-villa-mercedes.png",739,443,false],"newsever-featured":["https:\/\/apuntesdesanluis.com\/wp-content\/uploads\/2023\/07\/tribunales-de-villa-mercedes.png",739,443,false],"newsever-medium":["https:\/\/apuntesdesanluis.com\/wp-content\/uploads\/2023\/07\/tribunales-de-villa-mercedes-720x443.png",720,443,true]},"author_info":{"display_name":"apuntesdesanluis.com","author_link":"https:\/\/apuntesdesanluis.com\/index.php\/author\/apuntesdesanluis-com\/"},"category_info":"<a href=\"https:\/\/apuntesdesanluis.com\/index.php\/category\/ciudad-provincia\/\" rel=\"category tag\">Ciudad\/Provincia<\/a>","tag_info":"Ciudad\/Provincia","comment_count":"0","_links":{"self":[{"href":"https:\/\/apuntesdesanluis.com\/index.php\/wp-json\/wp\/v2\/posts\/5486","targetHints":{"allow":["GET"]}}],"collection":[{"href":"https:\/\/apuntesdesanluis.com\/index.php\/wp-json\/wp\/v2\/posts"}],"about":[{"href":"https:\/\/apuntesdesanluis.com\/index.php\/wp-json\/wp\/v2\/types\/post"}],"author":[{"embeddable":true,"href":"https:\/\/apuntesdesanluis.com\/index.php\/wp-json\/wp\/v2\/users\/1"}],"replies":[{"embeddable":true,"href":"https:\/\/apuntesdesanluis.com\/index.php\/wp-json\/wp\/v2\/comments?post=5486"}],"version-history":[{"count":4,"href":"https:\/\/apuntesdesanluis.com\/index.php\/wp-json\/wp\/v2\/posts\/5486\/revisions"}],"predecessor-version":[{"id":5491,"href":"https:\/\/apuntesdesanluis.com\/index.php\/wp-json\/wp\/v2\/posts\/5486\/revisions\/5491"}],"wp:featuredmedia":[{"embeddable":true,"href":"https:\/\/apuntesdesanluis.com\/index.php\/wp-json\/wp\/v2\/media\/764"}],"wp:attachment":[{"href":"https:\/\/apuntesdesanluis.com\/index.php\/wp-json\/wp\/v2\/media?parent=5486"}],"wp:term":[{"taxonomy":"category","embeddable":true,"href":"https:\/\/apuntesdesanluis.com\/index.php\/wp-json\/wp\/v2\/categories?post=5486"},{"taxonomy":"post_tag","embeddable":true,"href":"https:\/\/apuntesdesanluis.com\/index.php\/wp-json\/wp\/v2\/tags?post=5486"}],"curies":[{"name":"wp","href":"https:\/\/api.w.org\/{rel}","templated":true}]}}