{"id":5496,"date":"2023-10-20T10:35:01","date_gmt":"2023-10-20T13:35:01","guid":{"rendered":"https:\/\/apuntesdesanluis.com\/?p=5496"},"modified":"2023-10-22T20:50:41","modified_gmt":"2023-10-22T23:50:41","slug":"el-transporte-interurbano-sera-gratuito-este-domingo","status":"publish","type":"post","link":"https:\/\/apuntesdesanluis.com\/index.php\/2023\/10\/20\/el-transporte-interurbano-sera-gratuito-este-domingo\/","title":{"rendered":"EL TRANSPORTE INTERURBANO SER\u00c1 GRATUITO ESTE DOMINGO"},"content":{"rendered":"<h3>Con motivo de las elecciones generales que se llevar\u00e1n a cabo este domingo 22 de octubre de 2023, el Gobierno de la provincia, a trav\u00e9s de la Secretar\u00eda de Transporte, ha decidido adherirse a la Resoluci\u00f3n 435\/2023 emitida por el Bolet\u00edn Oficial de la Rep\u00fablica Argentina. Esta medida tiene como objetivo garantizar el transporte de pasajeros interurbanos, siguiendo el ejemplo de lo que ocurri\u00f3 en las Primarias Abiertas Simult\u00e1neas y Obligatorias (PASO) celebradas en agosto pasado.<\/h3>\n<h3>Mediante la Resoluci\u00f3n N\u00b048, la Secretar\u00eda de Transporte ha establecido que los servicios de colectivos bajo jurisdicci\u00f3n provincial ser\u00e1n gratuitos durante el d\u00eda de las elecciones, y su frecuencia ser\u00e1, como m\u00ednimo, la misma que un d\u00eda s\u00e1bado.<\/h3>\n<h3>Esta acci\u00f3n tiene como finalidad principal facilitar el acceso de los ciudadanos a los centros de votaci\u00f3n y fomentar su participaci\u00f3n en el proceso electoral.<\/h3>\n<h3>Asimismo, la resoluci\u00f3n invita a las municipalidades de la Ciudad de San Luis, Villa Mercedes y Villa de Merlo a adherir a la presente.<\/h3>\n<p>&nbsp;<\/p>\n<p>&nbsp;<\/p>\n<p>&nbsp;<\/p>\n<p>&nbsp;<\/p>\n","protected":false},"excerpt":{"rendered":"<p>Con motivo de las elecciones generales que se llevar\u00e1n a cabo este domingo 22 de&#8230;<\/p>\n","protected":false},"author":1,"featured_media":5498,"comment_status":"closed","ping_status":"closed","sticky":false,"template":"","format":"standard","meta":{"footnotes":""},"categories":[6],"tags":[],"class_list":["post-5496","post","type-post","status-publish","format-standard","has-post-thumbnail","hentry","category-ciudad-provincia"],"yoast_head":"<!-- This site is optimized with the Yoast SEO plugin v26.1.1 - https:\/\/yoast.com\/wordpress\/plugins\/seo\/ -->\n<title>EL TRANSPORTE INTERURBANO SER\u00c1 GRATUITO ESTE DOMINGO - Apuntes de San Luis<\/title>\n<meta name=\"robots\" content=\"index, follow, max-snippet:-1, max-image-preview:large, max-video-preview:-1\" \/>\n<link rel=\"canonical\" href=\"https:\/\/apuntesdesanluis.com\/index.php\/2023\/10\/20\/el-transporte-interurbano-sera-gratuito-este-domingo\/\" \/>\n<meta property=\"og:locale\" content=\"es_ES\" \/>\n<meta property=\"og:type\" content=\"article\" \/>\n<meta property=\"og:title\" content=\"EL TRANSPORTE INTERURBANO SER\u00c1 GRATUITO ESTE DOMINGO - Apuntes de San Luis\" \/>\n<meta property=\"og:description\" content=\"Con motivo de las elecciones generales que se llevar\u00e1n a cabo este domingo 22 de...\" \/>\n<meta property=\"og:url\" content=\"https:\/\/apuntesdesanluis.com\/index.php\/2023\/10\/20\/el-transporte-interurbano-sera-gratuito-este-domingo\/\" \/>\n<meta property=\"og:site_name\" content=\"Apuntes de San Luis\" \/>\n<meta property=\"article:published_time\" content=\"2023-10-20T13:35:01+00:00\" \/>\n<meta property=\"article:modified_time\" content=\"2023-10-22T23:50:41+00:00\" \/>\n<meta property=\"og:image\" content=\"https:\/\/apuntesdesanluis.com\/wp-content\/uploads\/2023\/10\/bondi.png\" \/>\n\t<meta property=\"og:image:width\" content=\"773\" \/>\n\t<meta property=\"og:image:height\" content=\"393\" \/>\n\t<meta property=\"og:image:type\" content=\"image\/png\" \/>\n<meta name=\"author\" content=\"apuntesdesanluis.com\" \/>\n<meta name=\"twitter:card\" content=\"summary_large_image\" \/>\n<meta name=\"twitter:label1\" content=\"Escrito por\" \/>\n\t<meta name=\"twitter:data1\" content=\"apuntesdesanluis.com\" \/>\n\t<meta name=\"twitter:label2\" content=\"Tiempo de lectura\" \/>\n\t<meta name=\"twitter:data2\" content=\"1 minuto\" \/>\n<script type=\"application\/ld+json\" class=\"yoast-schema-graph\">{\"@context\":\"https:\/\/schema.org\",\"@graph\":[{\"@type\":\"Article\",\"@id\":\"https:\/\/apuntesdesanluis.com\/index.php\/2023\/10\/20\/el-transporte-interurbano-sera-gratuito-este-domingo\/#article\",\"isPartOf\":{\"@id\":\"https:\/\/apuntesdesanluis.com\/index.php\/2023\/10\/20\/el-transporte-interurbano-sera-gratuito-este-domingo\/\"},\"author\":{\"name\":\"apuntesdesanluis.com\",\"@id\":\"https:\/\/apuntesdesanluis.com\/#\/schema\/person\/b55151d52296fcce64d1a72538a70b90\"},\"headline\":\"EL TRANSPORTE INTERURBANO SER\u00c1 GRATUITO ESTE DOMINGO\",\"datePublished\":\"2023-10-20T13:35:01+00:00\",\"dateModified\":\"2023-10-22T23:50:41+00:00\",\"mainEntityOfPage\":{\"@id\":\"https:\/\/apuntesdesanluis.com\/index.php\/2023\/10\/20\/el-transporte-interurbano-sera-gratuito-este-domingo\/\"},\"wordCount\":190,\"publisher\":{\"@id\":\"https:\/\/apuntesdesanluis.com\/#\/schema\/person\/b55151d52296fcce64d1a72538a70b90\"},\"image\":{\"@id\":\"https:\/\/apuntesdesanluis.com\/index.php\/2023\/10\/20\/el-transporte-interurbano-sera-gratuito-este-domingo\/#primaryimage\"},\"thumbnailUrl\":\"https:\/\/apuntesdesanluis.com\/wp-content\/uploads\/2023\/10\/bondi.png\",\"articleSection\":[\"Ciudad\/Provincia\"],\"inLanguage\":\"es-AR\"},{\"@type\":\"WebPage\",\"@id\":\"https:\/\/apuntesdesanluis.com\/index.php\/2023\/10\/20\/el-transporte-interurbano-sera-gratuito-este-domingo\/\",\"url\":\"https:\/\/apuntesdesanluis.com\/index.php\/2023\/10\/20\/el-transporte-interurbano-sera-gratuito-este-domingo\/\",\"name\":\"EL TRANSPORTE INTERURBANO SER\u00c1 GRATUITO ESTE DOMINGO - Apuntes de San Luis\",\"isPartOf\":{\"@id\":\"https:\/\/apuntesdesanluis.com\/#website\"},\"primaryImageOfPage\":{\"@id\":\"https:\/\/apuntesdesanluis.com\/index.php\/2023\/10\/20\/el-transporte-interurbano-sera-gratuito-este-domingo\/#primaryimage\"},\"image\":{\"@id\":\"https:\/\/apuntesdesanluis.com\/index.php\/2023\/10\/20\/el-transporte-interurbano-sera-gratuito-este-domingo\/#primaryimage\"},\"thumbnailUrl\":\"https:\/\/apuntesdesanluis.com\/wp-content\/uploads\/2023\/10\/bondi.png\",\"datePublished\":\"2023-10-20T13:35:01+00:00\",\"dateModified\":\"2023-10-22T23:50:41+00:00\",\"breadcrumb\":{\"@id\":\"https:\/\/apuntesdesanluis.com\/index.php\/2023\/10\/20\/el-transporte-interurbano-sera-gratuito-este-domingo\/#breadcrumb\"},\"inLanguage\":\"es-AR\",\"potentialAction\":[{\"@type\":\"ReadAction\",\"target\":[\"https:\/\/apuntesdesanluis.com\/index.php\/2023\/10\/20\/el-transporte-interurbano-sera-gratuito-este-domingo\/\"]}]},{\"@type\":\"ImageObject\",\"inLanguage\":\"es-AR\",\"@id\":\"https:\/\/apuntesdesanluis.com\/index.php\/2023\/10\/20\/el-transporte-interurbano-sera-gratuito-este-domingo\/#primaryimage\",\"url\":\"https:\/\/apuntesdesanluis.com\/wp-content\/uploads\/2023\/10\/bondi.png\",\"contentUrl\":\"https:\/\/apuntesdesanluis.com\/wp-content\/uploads\/2023\/10\/bondi.png\",\"width\":773,\"height\":393},{\"@type\":\"BreadcrumbList\",\"@id\":\"https:\/\/apuntesdesanluis.com\/index.php\/2023\/10\/20\/el-transporte-interurbano-sera-gratuito-este-domingo\/#breadcrumb\",\"itemListElement\":[{\"@type\":\"ListItem\",\"position\":1,\"name\":\"Inicio\",\"item\":\"https:\/\/apuntesdesanluis.com\/\"},{\"@type\":\"ListItem\",\"position\":2,\"name\":\"EL TRANSPORTE INTERURBANO SER\u00c1 GRATUITO ESTE DOMINGO\"}]},{\"@type\":\"WebSite\",\"@id\":\"https:\/\/apuntesdesanluis.com\/#website\",\"url\":\"https:\/\/apuntesdesanluis.com\/\",\"name\":\"Apuntes de San Luis\",\"description\":\"\",\"publisher\":{\"@id\":\"https:\/\/apuntesdesanluis.com\/#\/schema\/person\/b55151d52296fcce64d1a72538a70b90\"},\"potentialAction\":[{\"@type\":\"SearchAction\",\"target\":{\"@type\":\"EntryPoint\",\"urlTemplate\":\"https:\/\/apuntesdesanluis.com\/?s={search_term_string}\"},\"query-input\":{\"@type\":\"PropertyValueSpecification\",\"valueRequired\":true,\"valueName\":\"search_term_string\"}}],\"inLanguage\":\"es-AR\"},{\"@type\":[\"Person\",\"Organization\"],\"@id\":\"https:\/\/apuntesdesanluis.com\/#\/schema\/person\/b55151d52296fcce64d1a72538a70b90\",\"name\":\"apuntesdesanluis.com\",\"image\":{\"@type\":\"ImageObject\",\"inLanguage\":\"es-AR\",\"@id\":\"https:\/\/apuntesdesanluis.com\/#\/schema\/person\/image\/\",\"url\":\"https:\/\/apuntesdesanluis.com\/wp-content\/uploads\/2023\/07\/cropped-apuntesdesanluis.png\",\"contentUrl\":\"https:\/\/apuntesdesanluis.com\/wp-content\/uploads\/2023\/07\/cropped-apuntesdesanluis.png\",\"width\":450,\"height\":112,\"caption\":\"apuntesdesanluis.com\"},\"logo\":{\"@id\":\"https:\/\/apuntesdesanluis.com\/#\/schema\/person\/image\/\"},\"sameAs\":[\"https:\/\/apuntesdesanluis.com\"],\"url\":\"https:\/\/apuntesdesanluis.com\/index.php\/author\/apuntesdesanluis-com\/\"}]}<\/script>\n<!-- \/ Yoast SEO plugin. -->","yoast_head_json":{"title":"EL TRANSPORTE INTERURBANO SER\u00c1 GRATUITO ESTE DOMINGO - Apuntes de San Luis","robots":{"index":"index","follow":"follow","max-snippet":"max-snippet:-1","max-image-preview":"max-image-preview:large","max-video-preview":"max-video-preview:-1"},"canonical":"https:\/\/apuntesdesanluis.com\/index.php\/2023\/10\/20\/el-transporte-interurbano-sera-gratuito-este-domingo\/","og_locale":"es_ES","og_type":"article","og_title":"EL TRANSPORTE INTERURBANO SER\u00c1 GRATUITO ESTE DOMINGO - Apuntes de San Luis","og_description":"Con motivo de las elecciones generales que se llevar\u00e1n a cabo este domingo 22 de...","og_url":"https:\/\/apuntesdesanluis.com\/index.php\/2023\/10\/20\/el-transporte-interurbano-sera-gratuito-este-domingo\/","og_site_name":"Apuntes de San Luis","article_published_time":"2023-10-20T13:35:01+00:00","article_modified_time":"2023-10-22T23:50:41+00:00","og_image":[{"width":773,"height":393,"url":"https:\/\/apuntesdesanluis.com\/wp-content\/uploads\/2023\/10\/bondi.png","type":"image\/png"}],"author":"apuntesdesanluis.com","twitter_card":"summary_large_image","twitter_misc":{"Escrito por":"apuntesdesanluis.com","Tiempo de lectura":"1 minuto"},"schema":{"@context":"https:\/\/schema.org","@graph":[{"@type":"Article","@id":"https:\/\/apuntesdesanluis.com\/index.php\/2023\/10\/20\/el-transporte-interurbano-sera-gratuito-este-domingo\/#article","isPartOf":{"@id":"https:\/\/apuntesdesanluis.com\/index.php\/2023\/10\/20\/el-transporte-interurbano-sera-gratuito-este-domingo\/"},"author":{"name":"apuntesdesanluis.com","@id":"https:\/\/apuntesdesanluis.com\/#\/schema\/person\/b55151d52296fcce64d1a72538a70b90"},"headline":"EL TRANSPORTE INTERURBANO SER\u00c1 GRATUITO ESTE DOMINGO","datePublished":"2023-10-20T13:35:01+00:00","dateModified":"2023-10-22T23:50:41+00:00","mainEntityOfPage":{"@id":"https:\/\/apuntesdesanluis.com\/index.php\/2023\/10\/20\/el-transporte-interurbano-sera-gratuito-este-domingo\/"},"wordCount":190,"publisher":{"@id":"https:\/\/apuntesdesanluis.com\/#\/schema\/person\/b55151d52296fcce64d1a72538a70b90"},"image":{"@id":"https:\/\/apuntesdesanluis.com\/index.php\/2023\/10\/20\/el-transporte-interurbano-sera-gratuito-este-domingo\/#primaryimage"},"thumbnailUrl":"https:\/\/apuntesdesanluis.com\/wp-content\/uploads\/2023\/10\/bondi.png","articleSection":["Ciudad\/Provincia"],"inLanguage":"es-AR"},{"@type":"WebPage","@id":"https:\/\/apuntesdesanluis.com\/index.php\/2023\/10\/20\/el-transporte-interurbano-sera-gratuito-este-domingo\/","url":"https:\/\/apuntesdesanluis.com\/index.php\/2023\/10\/20\/el-transporte-interurbano-sera-gratuito-este-domingo\/","name":"EL TRANSPORTE INTERURBANO SER\u00c1 GRATUITO ESTE DOMINGO - Apuntes de San Luis","isPartOf":{"@id":"https:\/\/apuntesdesanluis.com\/#website"},"primaryImageOfPage":{"@id":"https:\/\/apuntesdesanluis.com\/index.php\/2023\/10\/20\/el-transporte-interurbano-sera-gratuito-este-domingo\/#primaryimage"},"image":{"@id":"https:\/\/apuntesdesanluis.com\/index.php\/2023\/10\/20\/el-transporte-interurbano-sera-gratuito-este-domingo\/#primaryimage"},"thumbnailUrl":"https:\/\/apuntesdesanluis.com\/wp-content\/uploads\/2023\/10\/bondi.png","datePublished":"2023-10-20T13:35:01+00:00","dateModified":"2023-10-22T23:50:41+00:00","breadcrumb":{"@id":"https:\/\/apuntesdesanluis.com\/index.php\/2023\/10\/20\/el-transporte-interurbano-sera-gratuito-este-domingo\/#breadcrumb"},"inLanguage":"es-AR","potentialAction":[{"@type":"ReadAction","target":["https:\/\/apuntesdesanluis.com\/index.php\/2023\/10\/20\/el-transporte-interurbano-sera-gratuito-este-domingo\/"]}]},{"@type":"ImageObject","inLanguage":"es-AR","@id":"https:\/\/apuntesdesanluis.com\/index.php\/2023\/10\/20\/el-transporte-interurbano-sera-gratuito-este-domingo\/#primaryimage","url":"https:\/\/apuntesdesanluis.com\/wp-content\/uploads\/2023\/10\/bondi.png","contentUrl":"https:\/\/apuntesdesanluis.com\/wp-content\/uploads\/2023\/10\/bondi.png","width":773,"height":393},{"@type":"BreadcrumbList","@id":"https:\/\/apuntesdesanluis.com\/index.php\/2023\/10\/20\/el-transporte-interurbano-sera-gratuito-este-domingo\/#breadcrumb","itemListElement":[{"@type":"ListItem","position":1,"name":"Inicio","item":"https:\/\/apuntesdesanluis.com\/"},{"@type":"ListItem","position":2,"name":"EL TRANSPORTE INTERURBANO SER\u00c1 GRATUITO ESTE DOMINGO"}]},{"@type":"WebSite","@id":"https:\/\/apuntesdesanluis.com\/#website","url":"https:\/\/apuntesdesanluis.com\/","name":"Apuntes de San Luis","description":"","publisher":{"@id":"https:\/\/apuntesdesanluis.com\/#\/schema\/person\/b55151d52296fcce64d1a72538a70b90"},"potentialAction":[{"@type":"SearchAction","target":{"@type":"EntryPoint","urlTemplate":"https:\/\/apuntesdesanluis.com\/?s={search_term_string}"},"query-input":{"@type":"PropertyValueSpecification","valueRequired":true,"valueName":"search_term_string"}}],"inLanguage":"es-AR"},{"@type":["Person","Organization"],"@id":"https:\/\/apuntesdesanluis.com\/#\/schema\/person\/b55151d52296fcce64d1a72538a70b90","name":"apuntesdesanluis.com","image":{"@type":"ImageObject","inLanguage":"es-AR","@id":"https:\/\/apuntesdesanluis.com\/#\/schema\/person\/image\/","url":"https:\/\/apuntesdesanluis.com\/wp-content\/uploads\/2023\/07\/cropped-apuntesdesanluis.png","contentUrl":"https:\/\/apuntesdesanluis.com\/wp-content\/uploads\/2023\/07\/cropped-apuntesdesanluis.png","width":450,"height":112,"caption":"apuntesdesanluis.com"},"logo":{"@id":"https:\/\/apuntesdesanluis.com\/#\/schema\/person\/image\/"},"sameAs":["https:\/\/apuntesdesanluis.com"],"url":"https:\/\/apuntesdesanluis.com\/index.php\/author\/apuntesdesanluis-com\/"}]}},"featured_image_urls":{"full":["https:\/\/apuntesdesanluis.com\/wp-content\/uploads\/2023\/10\/bondi.png",773,393,false],"thumbnail":["https:\/\/apuntesdesanluis.com\/wp-content\/uploads\/2023\/10\/bondi-150x150.png",150,150,true],"medium":["https:\/\/apuntesdesanluis.com\/wp-content\/uploads\/2023\/10\/bondi-300x153.png",300,153,true],"medium_large":["https:\/\/apuntesdesanluis.com\/wp-content\/uploads\/2023\/10\/bondi-768x390.png",640,325,true],"large":["https:\/\/apuntesdesanluis.com\/wp-content\/uploads\/2023\/10\/bondi.png",640,325,false],"1536x1536":["https:\/\/apuntesdesanluis.com\/wp-content\/uploads\/2023\/10\/bondi.png",773,393,false],"2048x2048":["https:\/\/apuntesdesanluis.com\/wp-content\/uploads\/2023\/10\/bondi.png",773,393,false],"newsever-slider-full":["https:\/\/apuntesdesanluis.com\/wp-content\/uploads\/2023\/10\/bondi.png",773,393,false],"newsever-featured":["https:\/\/apuntesdesanluis.com\/wp-content\/uploads\/2023\/10\/bondi.png",773,393,false],"newsever-medium":["https:\/\/apuntesdesanluis.com\/wp-content\/uploads\/2023\/10\/bondi-720x393.png",720,393,true]},"author_info":{"display_name":"apuntesdesanluis.com","author_link":"https:\/\/apuntesdesanluis.com\/index.php\/author\/apuntesdesanluis-com\/"},"category_info":"<a href=\"https:\/\/apuntesdesanluis.com\/index.php\/category\/ciudad-provincia\/\" rel=\"category tag\">Ciudad\/Provincia<\/a>","tag_info":"Ciudad\/Provincia","comment_count":"0","_links":{"self":[{"href":"https:\/\/apuntesdesanluis.com\/index.php\/wp-json\/wp\/v2\/posts\/5496","targetHints":{"allow":["GET"]}}],"collection":[{"href":"https:\/\/apuntesdesanluis.com\/index.php\/wp-json\/wp\/v2\/posts"}],"about":[{"href":"https:\/\/apuntesdesanluis.com\/index.php\/wp-json\/wp\/v2\/types\/post"}],"author":[{"embeddable":true,"href":"https:\/\/apuntesdesanluis.com\/index.php\/wp-json\/wp\/v2\/users\/1"}],"replies":[{"embeddable":true,"href":"https:\/\/apuntesdesanluis.com\/index.php\/wp-json\/wp\/v2\/comments?post=5496"}],"version-history":[{"count":1,"href":"https:\/\/apuntesdesanluis.com\/index.php\/wp-json\/wp\/v2\/posts\/5496\/revisions"}],"predecessor-version":[{"id":5497,"href":"https:\/\/apuntesdesanluis.com\/index.php\/wp-json\/wp\/v2\/posts\/5496\/revisions\/5497"}],"wp:featuredmedia":[{"embeddable":true,"href":"https:\/\/apuntesdesanluis.com\/index.php\/wp-json\/wp\/v2\/media\/5498"}],"wp:attachment":[{"href":"https:\/\/apuntesdesanluis.com\/index.php\/wp-json\/wp\/v2\/media?parent=5496"}],"wp:term":[{"taxonomy":"category","embeddable":true,"href":"https:\/\/apuntesdesanluis.com\/index.php\/wp-json\/wp\/v2\/categories?post=5496"},{"taxonomy":"post_tag","embeddable":true,"href":"https:\/\/apuntesdesanluis.com\/index.php\/wp-json\/wp\/v2\/tags?post=5496"}],"curies":[{"name":"wp","href":"https:\/\/api.w.org\/{rel}","templated":true}]}}