{"id":5499,"date":"2023-10-20T23:04:21","date_gmt":"2023-10-21T02:04:21","guid":{"rendered":"https:\/\/apuntesdesanluis.com\/?p=5499"},"modified":"2023-10-20T23:04:21","modified_gmt":"2023-10-21T02:04:21","slug":"llego-al-pais-el-tercer-vuelo-con-argentinos-repatriados-desde-israel","status":"publish","type":"post","link":"https:\/\/apuntesdesanluis.com\/index.php\/2023\/10\/20\/llego-al-pais-el-tercer-vuelo-con-argentinos-repatriados-desde-israel\/","title":{"rendered":"LLEG\u00d3 AL PA\u00cdS EL TERCER VUELO CON ARGENTINOS REPATRIADOS DESDE ISRAEL"},"content":{"rendered":"<h3>El tercer vuelo de Aerol\u00edneas Argentinas con ciudadanos repatriados desde Israel lleg\u00f3 este viernes a nuestro pa\u00eds como parte del operativo \u201cRegreso Seguro\u201d que despleg\u00f3 el Gobierno tras el ataque de Ham\u00e1s, la organizaci\u00f3n islamista que inici\u00f3 el conflicto el pasado 7 de octubre con un bombardeo sorpresa en territorio israel\u00ed.<\/h3>\n<h3>Fuentes de la Canciller\u00eda confirmaron a Noticias Argentinas que regresaron a nuestro pa\u00eds desde el Aeropuerto de Fiumicino 219 personas. Hasta el d\u00eda de hoy fueron evacuados 790 argentinos desde Oriente Medio.<\/h3>\n<h3>La operaci\u00f3n form\u00f3 parte de un trabajo conjunto de la Canciller\u00eda, el Ministerio de Defensa y las Fuerzas Armadas y tiene como objetivo coordinar el regreso de los ciudadanos argentinos que se registraron para volver al pa\u00eds desde Tel Aviv, con un paso intermedio por la ciudad de Roma.<\/h3>\n<h3>El segundo grupo de argentinos repatriados desde Israel arrib\u00f3 al pa\u00eds el martes pasado en un vuelo de la aerol\u00ednea de bandera proveniente de Italia que aterriz\u00f3 en Ezeiza a las 14:50. Se trat\u00f3 de un contingente de 262 repatriados.<\/h3>\n<h3>El primer contingente que decidi\u00f3 salir del pa\u00eds de Oriente Medio luego del ataque del grupo terrorista Ham\u00e1s, hab\u00eda arribado al aeropuerto de Ezeiza el domingo 15 de octubre, luego de la puesta en marcha del operativo \u201cRegreso Seguro\u201d que implement\u00f3 el Gobierno argentino.<\/h3>\n<h3>La Canciller\u00eda contin\u00faa con la elaboraci\u00f3n de un Registro de aquellos ciudadanos argentinos que se encuentran en territorio israel\u00ed y requieran evacuaci\u00f3n.<\/h3>\n<p>&nbsp;<\/p>\n<p>&nbsp;<\/p>\n<p>&nbsp;<\/p>\n<p>&nbsp;<\/p>\n","protected":false},"excerpt":{"rendered":"<p>El tercer vuelo de Aerol\u00edneas Argentinas con ciudadanos repatriados desde Israel lleg\u00f3 este viernes a&#8230;<\/p>\n","protected":false},"author":1,"featured_media":5500,"comment_status":"closed","ping_status":"closed","sticky":false,"template":"","format":"standard","meta":{"footnotes":""},"categories":[5],"tags":[],"class_list":["post-5499","post","type-post","status-publish","format-standard","has-post-thumbnail","hentry","category-nacionales-internacionales"],"yoast_head":"<!-- This site is optimized with the Yoast SEO plugin v26.1.1 - https:\/\/yoast.com\/wordpress\/plugins\/seo\/ -->\n<title>LLEG\u00d3 AL PA\u00cdS EL TERCER VUELO CON ARGENTINOS REPATRIADOS DESDE ISRAEL - Apuntes de San Luis<\/title>\n<meta name=\"robots\" content=\"index, follow, max-snippet:-1, max-image-preview:large, max-video-preview:-1\" \/>\n<link rel=\"canonical\" href=\"https:\/\/apuntesdesanluis.com\/index.php\/2023\/10\/20\/llego-al-pais-el-tercer-vuelo-con-argentinos-repatriados-desde-israel\/\" \/>\n<meta property=\"og:locale\" content=\"es_ES\" \/>\n<meta property=\"og:type\" content=\"article\" \/>\n<meta property=\"og:title\" content=\"LLEG\u00d3 AL PA\u00cdS EL TERCER VUELO CON ARGENTINOS REPATRIADOS DESDE ISRAEL - Apuntes de San Luis\" \/>\n<meta property=\"og:description\" content=\"El tercer vuelo de Aerol\u00edneas Argentinas con ciudadanos repatriados desde Israel lleg\u00f3 este viernes a...\" \/>\n<meta property=\"og:url\" content=\"https:\/\/apuntesdesanluis.com\/index.php\/2023\/10\/20\/llego-al-pais-el-tercer-vuelo-con-argentinos-repatriados-desde-israel\/\" \/>\n<meta property=\"og:site_name\" content=\"Apuntes de San Luis\" \/>\n<meta property=\"article:published_time\" content=\"2023-10-21T02:04:21+00:00\" \/>\n<meta property=\"og:image\" content=\"https:\/\/apuntesdesanluis.com\/wp-content\/uploads\/2023\/10\/abrazos.png\" \/>\n\t<meta property=\"og:image:width\" content=\"600\" \/>\n\t<meta property=\"og:image:height\" content=\"350\" \/>\n\t<meta property=\"og:image:type\" content=\"image\/png\" \/>\n<meta name=\"author\" content=\"apuntesdesanluis.com\" \/>\n<meta name=\"twitter:card\" content=\"summary_large_image\" \/>\n<meta name=\"twitter:label1\" content=\"Escrito por\" \/>\n\t<meta name=\"twitter:data1\" content=\"apuntesdesanluis.com\" \/>\n\t<meta name=\"twitter:label2\" content=\"Tiempo de lectura\" \/>\n\t<meta name=\"twitter:data2\" content=\"2 minutos\" \/>\n<script type=\"application\/ld+json\" class=\"yoast-schema-graph\">{\"@context\":\"https:\/\/schema.org\",\"@graph\":[{\"@type\":\"Article\",\"@id\":\"https:\/\/apuntesdesanluis.com\/index.php\/2023\/10\/20\/llego-al-pais-el-tercer-vuelo-con-argentinos-repatriados-desde-israel\/#article\",\"isPartOf\":{\"@id\":\"https:\/\/apuntesdesanluis.com\/index.php\/2023\/10\/20\/llego-al-pais-el-tercer-vuelo-con-argentinos-repatriados-desde-israel\/\"},\"author\":{\"name\":\"apuntesdesanluis.com\",\"@id\":\"https:\/\/apuntesdesanluis.com\/#\/schema\/person\/b55151d52296fcce64d1a72538a70b90\"},\"headline\":\"LLEG\u00d3 AL PA\u00cdS EL TERCER VUELO CON ARGENTINOS REPATRIADOS DESDE ISRAEL\",\"datePublished\":\"2023-10-21T02:04:21+00:00\",\"mainEntityOfPage\":{\"@id\":\"https:\/\/apuntesdesanluis.com\/index.php\/2023\/10\/20\/llego-al-pais-el-tercer-vuelo-con-argentinos-repatriados-desde-israel\/\"},\"wordCount\":267,\"publisher\":{\"@id\":\"https:\/\/apuntesdesanluis.com\/#\/schema\/person\/b55151d52296fcce64d1a72538a70b90\"},\"image\":{\"@id\":\"https:\/\/apuntesdesanluis.com\/index.php\/2023\/10\/20\/llego-al-pais-el-tercer-vuelo-con-argentinos-repatriados-desde-israel\/#primaryimage\"},\"thumbnailUrl\":\"https:\/\/apuntesdesanluis.com\/wp-content\/uploads\/2023\/10\/abrazos.png\",\"articleSection\":[\"Nacionales\/Internacionales\"],\"inLanguage\":\"es-AR\"},{\"@type\":\"WebPage\",\"@id\":\"https:\/\/apuntesdesanluis.com\/index.php\/2023\/10\/20\/llego-al-pais-el-tercer-vuelo-con-argentinos-repatriados-desde-israel\/\",\"url\":\"https:\/\/apuntesdesanluis.com\/index.php\/2023\/10\/20\/llego-al-pais-el-tercer-vuelo-con-argentinos-repatriados-desde-israel\/\",\"name\":\"LLEG\u00d3 AL PA\u00cdS EL TERCER VUELO CON ARGENTINOS REPATRIADOS DESDE ISRAEL - Apuntes de San Luis\",\"isPartOf\":{\"@id\":\"https:\/\/apuntesdesanluis.com\/#website\"},\"primaryImageOfPage\":{\"@id\":\"https:\/\/apuntesdesanluis.com\/index.php\/2023\/10\/20\/llego-al-pais-el-tercer-vuelo-con-argentinos-repatriados-desde-israel\/#primaryimage\"},\"image\":{\"@id\":\"https:\/\/apuntesdesanluis.com\/index.php\/2023\/10\/20\/llego-al-pais-el-tercer-vuelo-con-argentinos-repatriados-desde-israel\/#primaryimage\"},\"thumbnailUrl\":\"https:\/\/apuntesdesanluis.com\/wp-content\/uploads\/2023\/10\/abrazos.png\",\"datePublished\":\"2023-10-21T02:04:21+00:00\",\"breadcrumb\":{\"@id\":\"https:\/\/apuntesdesanluis.com\/index.php\/2023\/10\/20\/llego-al-pais-el-tercer-vuelo-con-argentinos-repatriados-desde-israel\/#breadcrumb\"},\"inLanguage\":\"es-AR\",\"potentialAction\":[{\"@type\":\"ReadAction\",\"target\":[\"https:\/\/apuntesdesanluis.com\/index.php\/2023\/10\/20\/llego-al-pais-el-tercer-vuelo-con-argentinos-repatriados-desde-israel\/\"]}]},{\"@type\":\"ImageObject\",\"inLanguage\":\"es-AR\",\"@id\":\"https:\/\/apuntesdesanluis.com\/index.php\/2023\/10\/20\/llego-al-pais-el-tercer-vuelo-con-argentinos-repatriados-desde-israel\/#primaryimage\",\"url\":\"https:\/\/apuntesdesanluis.com\/wp-content\/uploads\/2023\/10\/abrazos.png\",\"contentUrl\":\"https:\/\/apuntesdesanluis.com\/wp-content\/uploads\/2023\/10\/abrazos.png\",\"width\":600,\"height\":350},{\"@type\":\"BreadcrumbList\",\"@id\":\"https:\/\/apuntesdesanluis.com\/index.php\/2023\/10\/20\/llego-al-pais-el-tercer-vuelo-con-argentinos-repatriados-desde-israel\/#breadcrumb\",\"itemListElement\":[{\"@type\":\"ListItem\",\"position\":1,\"name\":\"Inicio\",\"item\":\"https:\/\/apuntesdesanluis.com\/\"},{\"@type\":\"ListItem\",\"position\":2,\"name\":\"LLEG\u00d3 AL PA\u00cdS EL TERCER VUELO CON ARGENTINOS REPATRIADOS DESDE ISRAEL\"}]},{\"@type\":\"WebSite\",\"@id\":\"https:\/\/apuntesdesanluis.com\/#website\",\"url\":\"https:\/\/apuntesdesanluis.com\/\",\"name\":\"Apuntes de San Luis\",\"description\":\"\",\"publisher\":{\"@id\":\"https:\/\/apuntesdesanluis.com\/#\/schema\/person\/b55151d52296fcce64d1a72538a70b90\"},\"potentialAction\":[{\"@type\":\"SearchAction\",\"target\":{\"@type\":\"EntryPoint\",\"urlTemplate\":\"https:\/\/apuntesdesanluis.com\/?s={search_term_string}\"},\"query-input\":{\"@type\":\"PropertyValueSpecification\",\"valueRequired\":true,\"valueName\":\"search_term_string\"}}],\"inLanguage\":\"es-AR\"},{\"@type\":[\"Person\",\"Organization\"],\"@id\":\"https:\/\/apuntesdesanluis.com\/#\/schema\/person\/b55151d52296fcce64d1a72538a70b90\",\"name\":\"apuntesdesanluis.com\",\"image\":{\"@type\":\"ImageObject\",\"inLanguage\":\"es-AR\",\"@id\":\"https:\/\/apuntesdesanluis.com\/#\/schema\/person\/image\/\",\"url\":\"https:\/\/apuntesdesanluis.com\/wp-content\/uploads\/2023\/07\/cropped-apuntesdesanluis.png\",\"contentUrl\":\"https:\/\/apuntesdesanluis.com\/wp-content\/uploads\/2023\/07\/cropped-apuntesdesanluis.png\",\"width\":450,\"height\":112,\"caption\":\"apuntesdesanluis.com\"},\"logo\":{\"@id\":\"https:\/\/apuntesdesanluis.com\/#\/schema\/person\/image\/\"},\"sameAs\":[\"https:\/\/apuntesdesanluis.com\"],\"url\":\"https:\/\/apuntesdesanluis.com\/index.php\/author\/apuntesdesanluis-com\/\"}]}<\/script>\n<!-- \/ Yoast SEO plugin. -->","yoast_head_json":{"title":"LLEG\u00d3 AL PA\u00cdS EL TERCER VUELO CON ARGENTINOS REPATRIADOS DESDE ISRAEL - Apuntes de San Luis","robots":{"index":"index","follow":"follow","max-snippet":"max-snippet:-1","max-image-preview":"max-image-preview:large","max-video-preview":"max-video-preview:-1"},"canonical":"https:\/\/apuntesdesanluis.com\/index.php\/2023\/10\/20\/llego-al-pais-el-tercer-vuelo-con-argentinos-repatriados-desde-israel\/","og_locale":"es_ES","og_type":"article","og_title":"LLEG\u00d3 AL PA\u00cdS EL TERCER VUELO CON ARGENTINOS REPATRIADOS DESDE ISRAEL - Apuntes de San Luis","og_description":"El tercer vuelo de Aerol\u00edneas Argentinas con ciudadanos repatriados desde Israel lleg\u00f3 este viernes a...","og_url":"https:\/\/apuntesdesanluis.com\/index.php\/2023\/10\/20\/llego-al-pais-el-tercer-vuelo-con-argentinos-repatriados-desde-israel\/","og_site_name":"Apuntes de San Luis","article_published_time":"2023-10-21T02:04:21+00:00","og_image":[{"width":600,"height":350,"url":"https:\/\/apuntesdesanluis.com\/wp-content\/uploads\/2023\/10\/abrazos.png","type":"image\/png"}],"author":"apuntesdesanluis.com","twitter_card":"summary_large_image","twitter_misc":{"Escrito por":"apuntesdesanluis.com","Tiempo de lectura":"2 minutos"},"schema":{"@context":"https:\/\/schema.org","@graph":[{"@type":"Article","@id":"https:\/\/apuntesdesanluis.com\/index.php\/2023\/10\/20\/llego-al-pais-el-tercer-vuelo-con-argentinos-repatriados-desde-israel\/#article","isPartOf":{"@id":"https:\/\/apuntesdesanluis.com\/index.php\/2023\/10\/20\/llego-al-pais-el-tercer-vuelo-con-argentinos-repatriados-desde-israel\/"},"author":{"name":"apuntesdesanluis.com","@id":"https:\/\/apuntesdesanluis.com\/#\/schema\/person\/b55151d52296fcce64d1a72538a70b90"},"headline":"LLEG\u00d3 AL PA\u00cdS EL TERCER VUELO CON ARGENTINOS REPATRIADOS DESDE ISRAEL","datePublished":"2023-10-21T02:04:21+00:00","mainEntityOfPage":{"@id":"https:\/\/apuntesdesanluis.com\/index.php\/2023\/10\/20\/llego-al-pais-el-tercer-vuelo-con-argentinos-repatriados-desde-israel\/"},"wordCount":267,"publisher":{"@id":"https:\/\/apuntesdesanluis.com\/#\/schema\/person\/b55151d52296fcce64d1a72538a70b90"},"image":{"@id":"https:\/\/apuntesdesanluis.com\/index.php\/2023\/10\/20\/llego-al-pais-el-tercer-vuelo-con-argentinos-repatriados-desde-israel\/#primaryimage"},"thumbnailUrl":"https:\/\/apuntesdesanluis.com\/wp-content\/uploads\/2023\/10\/abrazos.png","articleSection":["Nacionales\/Internacionales"],"inLanguage":"es-AR"},{"@type":"WebPage","@id":"https:\/\/apuntesdesanluis.com\/index.php\/2023\/10\/20\/llego-al-pais-el-tercer-vuelo-con-argentinos-repatriados-desde-israel\/","url":"https:\/\/apuntesdesanluis.com\/index.php\/2023\/10\/20\/llego-al-pais-el-tercer-vuelo-con-argentinos-repatriados-desde-israel\/","name":"LLEG\u00d3 AL PA\u00cdS EL TERCER VUELO CON ARGENTINOS REPATRIADOS DESDE ISRAEL - Apuntes de San Luis","isPartOf":{"@id":"https:\/\/apuntesdesanluis.com\/#website"},"primaryImageOfPage":{"@id":"https:\/\/apuntesdesanluis.com\/index.php\/2023\/10\/20\/llego-al-pais-el-tercer-vuelo-con-argentinos-repatriados-desde-israel\/#primaryimage"},"image":{"@id":"https:\/\/apuntesdesanluis.com\/index.php\/2023\/10\/20\/llego-al-pais-el-tercer-vuelo-con-argentinos-repatriados-desde-israel\/#primaryimage"},"thumbnailUrl":"https:\/\/apuntesdesanluis.com\/wp-content\/uploads\/2023\/10\/abrazos.png","datePublished":"2023-10-21T02:04:21+00:00","breadcrumb":{"@id":"https:\/\/apuntesdesanluis.com\/index.php\/2023\/10\/20\/llego-al-pais-el-tercer-vuelo-con-argentinos-repatriados-desde-israel\/#breadcrumb"},"inLanguage":"es-AR","potentialAction":[{"@type":"ReadAction","target":["https:\/\/apuntesdesanluis.com\/index.php\/2023\/10\/20\/llego-al-pais-el-tercer-vuelo-con-argentinos-repatriados-desde-israel\/"]}]},{"@type":"ImageObject","inLanguage":"es-AR","@id":"https:\/\/apuntesdesanluis.com\/index.php\/2023\/10\/20\/llego-al-pais-el-tercer-vuelo-con-argentinos-repatriados-desde-israel\/#primaryimage","url":"https:\/\/apuntesdesanluis.com\/wp-content\/uploads\/2023\/10\/abrazos.png","contentUrl":"https:\/\/apuntesdesanluis.com\/wp-content\/uploads\/2023\/10\/abrazos.png","width":600,"height":350},{"@type":"BreadcrumbList","@id":"https:\/\/apuntesdesanluis.com\/index.php\/2023\/10\/20\/llego-al-pais-el-tercer-vuelo-con-argentinos-repatriados-desde-israel\/#breadcrumb","itemListElement":[{"@type":"ListItem","position":1,"name":"Inicio","item":"https:\/\/apuntesdesanluis.com\/"},{"@type":"ListItem","position":2,"name":"LLEG\u00d3 AL PA\u00cdS EL TERCER VUELO CON ARGENTINOS REPATRIADOS DESDE ISRAEL"}]},{"@type":"WebSite","@id":"https:\/\/apuntesdesanluis.com\/#website","url":"https:\/\/apuntesdesanluis.com\/","name":"Apuntes de San Luis","description":"","publisher":{"@id":"https:\/\/apuntesdesanluis.com\/#\/schema\/person\/b55151d52296fcce64d1a72538a70b90"},"potentialAction":[{"@type":"SearchAction","target":{"@type":"EntryPoint","urlTemplate":"https:\/\/apuntesdesanluis.com\/?s={search_term_string}"},"query-input":{"@type":"PropertyValueSpecification","valueRequired":true,"valueName":"search_term_string"}}],"inLanguage":"es-AR"},{"@type":["Person","Organization"],"@id":"https:\/\/apuntesdesanluis.com\/#\/schema\/person\/b55151d52296fcce64d1a72538a70b90","name":"apuntesdesanluis.com","image":{"@type":"ImageObject","inLanguage":"es-AR","@id":"https:\/\/apuntesdesanluis.com\/#\/schema\/person\/image\/","url":"https:\/\/apuntesdesanluis.com\/wp-content\/uploads\/2023\/07\/cropped-apuntesdesanluis.png","contentUrl":"https:\/\/apuntesdesanluis.com\/wp-content\/uploads\/2023\/07\/cropped-apuntesdesanluis.png","width":450,"height":112,"caption":"apuntesdesanluis.com"},"logo":{"@id":"https:\/\/apuntesdesanluis.com\/#\/schema\/person\/image\/"},"sameAs":["https:\/\/apuntesdesanluis.com"],"url":"https:\/\/apuntesdesanluis.com\/index.php\/author\/apuntesdesanluis-com\/"}]}},"featured_image_urls":{"full":["https:\/\/apuntesdesanluis.com\/wp-content\/uploads\/2023\/10\/abrazos.png",600,350,false],"thumbnail":["https:\/\/apuntesdesanluis.com\/wp-content\/uploads\/2023\/10\/abrazos-150x150.png",150,150,true],"medium":["https:\/\/apuntesdesanluis.com\/wp-content\/uploads\/2023\/10\/abrazos-300x175.png",300,175,true],"medium_large":["https:\/\/apuntesdesanluis.com\/wp-content\/uploads\/2023\/10\/abrazos.png",600,350,false],"large":["https:\/\/apuntesdesanluis.com\/wp-content\/uploads\/2023\/10\/abrazos.png",600,350,false],"1536x1536":["https:\/\/apuntesdesanluis.com\/wp-content\/uploads\/2023\/10\/abrazos.png",600,350,false],"2048x2048":["https:\/\/apuntesdesanluis.com\/wp-content\/uploads\/2023\/10\/abrazos.png",600,350,false],"newsever-slider-full":["https:\/\/apuntesdesanluis.com\/wp-content\/uploads\/2023\/10\/abrazos.png",600,350,false],"newsever-featured":["https:\/\/apuntesdesanluis.com\/wp-content\/uploads\/2023\/10\/abrazos.png",600,350,false],"newsever-medium":["https:\/\/apuntesdesanluis.com\/wp-content\/uploads\/2023\/10\/abrazos.png",600,350,false]},"author_info":{"display_name":"apuntesdesanluis.com","author_link":"https:\/\/apuntesdesanluis.com\/index.php\/author\/apuntesdesanluis-com\/"},"category_info":"<a href=\"https:\/\/apuntesdesanluis.com\/index.php\/category\/nacionales-internacionales\/\" rel=\"category tag\">Nacionales\/Internacionales<\/a>","tag_info":"Nacionales\/Internacionales","comment_count":"0","_links":{"self":[{"href":"https:\/\/apuntesdesanluis.com\/index.php\/wp-json\/wp\/v2\/posts\/5499","targetHints":{"allow":["GET"]}}],"collection":[{"href":"https:\/\/apuntesdesanluis.com\/index.php\/wp-json\/wp\/v2\/posts"}],"about":[{"href":"https:\/\/apuntesdesanluis.com\/index.php\/wp-json\/wp\/v2\/types\/post"}],"author":[{"embeddable":true,"href":"https:\/\/apuntesdesanluis.com\/index.php\/wp-json\/wp\/v2\/users\/1"}],"replies":[{"embeddable":true,"href":"https:\/\/apuntesdesanluis.com\/index.php\/wp-json\/wp\/v2\/comments?post=5499"}],"version-history":[{"count":1,"href":"https:\/\/apuntesdesanluis.com\/index.php\/wp-json\/wp\/v2\/posts\/5499\/revisions"}],"predecessor-version":[{"id":5501,"href":"https:\/\/apuntesdesanluis.com\/index.php\/wp-json\/wp\/v2\/posts\/5499\/revisions\/5501"}],"wp:featuredmedia":[{"embeddable":true,"href":"https:\/\/apuntesdesanluis.com\/index.php\/wp-json\/wp\/v2\/media\/5500"}],"wp:attachment":[{"href":"https:\/\/apuntesdesanluis.com\/index.php\/wp-json\/wp\/v2\/media?parent=5499"}],"wp:term":[{"taxonomy":"category","embeddable":true,"href":"https:\/\/apuntesdesanluis.com\/index.php\/wp-json\/wp\/v2\/categories?post=5499"},{"taxonomy":"post_tag","embeddable":true,"href":"https:\/\/apuntesdesanluis.com\/index.php\/wp-json\/wp\/v2\/tags?post=5499"}],"curies":[{"name":"wp","href":"https:\/\/api.w.org\/{rel}","templated":true}]}}