{"id":5502,"date":"2023-10-20T23:13:37","date_gmt":"2023-10-21T02:13:37","guid":{"rendered":"https:\/\/apuntesdesanluis.com\/?p=5502"},"modified":"2023-10-20T23:13:37","modified_gmt":"2023-10-21T02:13:37","slug":"prorroga-de-detencion-para-la-joven-acusada-de-homicidio","status":"publish","type":"post","link":"https:\/\/apuntesdesanluis.com\/index.php\/2023\/10\/20\/prorroga-de-detencion-para-la-joven-acusada-de-homicidio\/","title":{"rendered":"PR\u00d3RROGA DE DETENCI\u00d3N PARA LA JOVEN ACUSADA DE HOMICIDIO"},"content":{"rendered":"<h3>El juez de Garant\u00edas N\u00b0 2 de la ciudad de San Luis, Ariel Parrillis, concedi\u00f3 los ocho d\u00edas de pr\u00f3rroga solicitados por la defensa de Yris Garay, acusada de causar la muerte de su pareja, Brandon Bustos, luego de rociarle combustible y prenderlo fuego. La Fiscal\u00eda calific\u00f3 el hecho como homicidio doblemente calificado por el v\u00ednculo y por el ensa\u00f1amiento, y solicit\u00f3 que se le dicte la prisi\u00f3n preventiva a la imputada de 23 a\u00f1os.<\/h3>\n<h3>El pedido de las defensoras, Nadia Ag\u00fandez y Eva Morel, ambas de la Defensor\u00eda en lo Penal N\u00b0 2 de la Primera Circunscripci\u00f3n, se realiz\u00f3 en el marco de la audiencia de formulaci\u00f3n de cargos desarrollada este viernes en la Sala de Oralidad N\u00b0 2 de Tribunales. La mujer se abstuvo de declarar y continuar\u00e1 detenida en una comisar\u00eda.<\/h3>\n<h3>La solicitud est\u00e1 amparada en el art\u00edculo 40 de la Constituci\u00f3n Provincial que establece que la persona imputada \u201cpuede pedir por escrito, despu\u00e9s de la indagatoria y antes de la resoluci\u00f3n judicial, la pr\u00f3rroga de su detenci\u00f3n por un plazo m\u00e1ximo de ocho d\u00edas si estima que ello favorece a su defensa\u201d.<\/h3>\n<h3>Parrillis hizo lugar a la petici\u00f3n de la defensa y fij\u00f3 la continuidad de la imputaci\u00f3n de cargos para el domingo 29 de octubre al mediod\u00eda, veinticuatro horas despu\u00e9s del cese de la pr\u00f3rroga otorgada. En esa audiencia, el juez deber\u00e1 resolver lo peticionado por el fiscal N\u00b0 3, Esteban Roche, respecto a la privaci\u00f3n de la libertad de la acusada por un plazo de 120 d\u00edas.<\/h3>\n<h3>UNA PRESUNTA DISCUSI\u00d3N POR EL USO DE LA MOTO<\/h3>\n<h3>En su formalizaci\u00f3n de la investigaci\u00f3n penal preparatoria, Roche narr\u00f3 que Garay y Bustos eran pareja desde el 2020 y ten\u00edan un hijo de un a\u00f1o y dos meses. El 17 de octubre de 2023, cerca de las 23 horas, en la casa 5 de la manzana J del barrio 1\u00ba de Mayo, al oeste de la capital puntana, comienza una discusi\u00f3n entre la imputada y la v\u00edctima porque el hombre se quiso ir en moto a su trabajo.<\/h3>\n<h3>\u201cGaray no lo dejaba salir y busc\u00f3 una botella de tres litros para sacarle la nafta a la moto Honda 150. Mientras segu\u00edan discutiendo, ella lo roc\u00eda a Bustos en la zona de la cara y con un encendedor lo prende fuego. Brandon intenta salir, pero la mujer tampoco lo deja. Pasados unos minutos logra salir y es auxiliado por un t\u00edo de la imputada. El hombre relat\u00f3 que vio una bola de fuego, vio que era Brandon, intent\u00f3 ayudarlo, le tir\u00f3 agua y luego lo llev\u00f3 al Hospital del Oeste\u201d, explic\u00f3 el fiscal.<\/h3>\n<h3>El joven luego fue derivado al Hospital Carrillo donde ingres\u00f3 con m\u00e1s del 50 por ciento del cuerpo quemado y fallas multiorg\u00e1nicas. Diecisiete horas despu\u00e9s del hecho, Bustos fallece. La autopsia realizada por la forense del Poder Judicial, Marcela G\u00f3mez, determin\u00f3 que la v\u00edctima ten\u00eda quemaduras en la zona de la cabeza, torso, espalda, tr\u00e1quea y pulm\u00f3n.<\/h3>\n<h3>PEDIDO DE PRISI\u00d3N PREVENTIVA<\/h3>\n<h3>El representante de la Fiscal\u00eda dijo que es necesario el dictado de la prisi\u00f3n preventiva que implique la sujeci\u00f3n de la imputada al proceso, como as\u00ed tambi\u00e9n cautelar la investigaci\u00f3n. Roche argument\u00f3 que hay elementos de convicci\u00f3n suficientes en cuanto al hecho y la participaci\u00f3n de Garay, y que existe el riesgo procesal de entorpecimiento de la investigaci\u00f3n y peligro de fuga.<\/h3>\n<h3>\u201cEstamos ante un hecho que presenta una violencia inusitada y cuya pena en expectativa es la m\u00e1xima que prev\u00e9 el C\u00f3digo Penal y es l\u00f3gico pensar que la imputada no va a querer someterse al proceso siendo que si recae una condena ser\u00e1 efectiva. Es importante remarcar la solidez de la imputaci\u00f3n y la calidad de la prueba que esta Fiscal\u00eda ha reunido hasta el momento, y aunque estamos en el inicio de la causa no deja de ser un delito intrafamiliar ante el cual es clara la influencia que puede ejercer la libertad de la imputada sobre los testigos que tienen que declarar\u201d, explic\u00f3 Roche.<\/h3>\n<h3>Muchos de esos testigos son familiares directos tanto de Garay como de Bustos. Una de esas personas es el t\u00edo de la imputada, que vive al fondo de la casa donde ocurrieron los hechos y vio a Bustos prendido fuego y luego lo llev\u00f3 hasta el Hospital del Oeste para que lo asistan.<\/h3>\n<p>&nbsp;<\/p>\n<p>&nbsp;<\/p>\n<p>&nbsp;<\/p>\n","protected":false},"excerpt":{"rendered":"<p>El juez de Garant\u00edas N\u00b0 2 de la ciudad de San Luis, Ariel Parrillis, concedi\u00f3&#8230;<\/p>\n","protected":false},"author":1,"featured_media":5407,"comment_status":"closed","ping_status":"closed","sticky":false,"template":"","format":"standard","meta":{"footnotes":""},"categories":[6],"tags":[],"class_list":["post-5502","post","type-post","status-publish","format-standard","has-post-thumbnail","hentry","category-ciudad-provincia"],"yoast_head":"<!-- This site is optimized with the Yoast SEO plugin v26.1.1 - https:\/\/yoast.com\/wordpress\/plugins\/seo\/ -->\n<title>PR\u00d3RROGA DE DETENCI\u00d3N PARA LA JOVEN ACUSADA DE HOMICIDIO - Apuntes de San Luis<\/title>\n<meta name=\"robots\" content=\"index, follow, max-snippet:-1, max-image-preview:large, max-video-preview:-1\" \/>\n<link rel=\"canonical\" href=\"https:\/\/apuntesdesanluis.com\/index.php\/2023\/10\/20\/prorroga-de-detencion-para-la-joven-acusada-de-homicidio\/\" \/>\n<meta property=\"og:locale\" content=\"es_ES\" \/>\n<meta property=\"og:type\" content=\"article\" \/>\n<meta property=\"og:title\" content=\"PR\u00d3RROGA DE DETENCI\u00d3N PARA LA JOVEN ACUSADA DE HOMICIDIO - Apuntes de San Luis\" \/>\n<meta property=\"og:description\" content=\"El juez de Garant\u00edas N\u00b0 2 de la ciudad de San Luis, Ariel Parrillis, concedi\u00f3...\" \/>\n<meta property=\"og:url\" content=\"https:\/\/apuntesdesanluis.com\/index.php\/2023\/10\/20\/prorroga-de-detencion-para-la-joven-acusada-de-homicidio\/\" \/>\n<meta property=\"og:site_name\" content=\"Apuntes de San Luis\" \/>\n<meta property=\"article:published_time\" content=\"2023-10-21T02:13:37+00:00\" \/>\n<meta property=\"og:image\" content=\"https:\/\/apuntesdesanluis.com\/wp-content\/uploads\/2023\/10\/detenida.png\" \/>\n\t<meta property=\"og:image:width\" content=\"872\" \/>\n\t<meta property=\"og:image:height\" content=\"552\" \/>\n\t<meta property=\"og:image:type\" content=\"image\/png\" \/>\n<meta name=\"author\" content=\"apuntesdesanluis.com\" \/>\n<meta name=\"twitter:card\" content=\"summary_large_image\" \/>\n<meta name=\"twitter:label1\" content=\"Escrito por\" \/>\n\t<meta name=\"twitter:data1\" content=\"apuntesdesanluis.com\" \/>\n\t<meta name=\"twitter:label2\" content=\"Tiempo de lectura\" \/>\n\t<meta name=\"twitter:data2\" content=\"4 minutos\" \/>\n<script type=\"application\/ld+json\" class=\"yoast-schema-graph\">{\"@context\":\"https:\/\/schema.org\",\"@graph\":[{\"@type\":\"Article\",\"@id\":\"https:\/\/apuntesdesanluis.com\/index.php\/2023\/10\/20\/prorroga-de-detencion-para-la-joven-acusada-de-homicidio\/#article\",\"isPartOf\":{\"@id\":\"https:\/\/apuntesdesanluis.com\/index.php\/2023\/10\/20\/prorroga-de-detencion-para-la-joven-acusada-de-homicidio\/\"},\"author\":{\"name\":\"apuntesdesanluis.com\",\"@id\":\"https:\/\/apuntesdesanluis.com\/#\/schema\/person\/b55151d52296fcce64d1a72538a70b90\"},\"headline\":\"PR\u00d3RROGA DE DETENCI\u00d3N PARA LA JOVEN ACUSADA DE HOMICIDIO\",\"datePublished\":\"2023-10-21T02:13:37+00:00\",\"mainEntityOfPage\":{\"@id\":\"https:\/\/apuntesdesanluis.com\/index.php\/2023\/10\/20\/prorroga-de-detencion-para-la-joven-acusada-de-homicidio\/\"},\"wordCount\":776,\"publisher\":{\"@id\":\"https:\/\/apuntesdesanluis.com\/#\/schema\/person\/b55151d52296fcce64d1a72538a70b90\"},\"image\":{\"@id\":\"https:\/\/apuntesdesanluis.com\/index.php\/2023\/10\/20\/prorroga-de-detencion-para-la-joven-acusada-de-homicidio\/#primaryimage\"},\"thumbnailUrl\":\"https:\/\/apuntesdesanluis.com\/wp-content\/uploads\/2023\/10\/detenida.png\",\"articleSection\":[\"Ciudad\/Provincia\"],\"inLanguage\":\"es-AR\"},{\"@type\":\"WebPage\",\"@id\":\"https:\/\/apuntesdesanluis.com\/index.php\/2023\/10\/20\/prorroga-de-detencion-para-la-joven-acusada-de-homicidio\/\",\"url\":\"https:\/\/apuntesdesanluis.com\/index.php\/2023\/10\/20\/prorroga-de-detencion-para-la-joven-acusada-de-homicidio\/\",\"name\":\"PR\u00d3RROGA DE DETENCI\u00d3N PARA LA JOVEN ACUSADA DE HOMICIDIO - Apuntes de San Luis\",\"isPartOf\":{\"@id\":\"https:\/\/apuntesdesanluis.com\/#website\"},\"primaryImageOfPage\":{\"@id\":\"https:\/\/apuntesdesanluis.com\/index.php\/2023\/10\/20\/prorroga-de-detencion-para-la-joven-acusada-de-homicidio\/#primaryimage\"},\"image\":{\"@id\":\"https:\/\/apuntesdesanluis.com\/index.php\/2023\/10\/20\/prorroga-de-detencion-para-la-joven-acusada-de-homicidio\/#primaryimage\"},\"thumbnailUrl\":\"https:\/\/apuntesdesanluis.com\/wp-content\/uploads\/2023\/10\/detenida.png\",\"datePublished\":\"2023-10-21T02:13:37+00:00\",\"breadcrumb\":{\"@id\":\"https:\/\/apuntesdesanluis.com\/index.php\/2023\/10\/20\/prorroga-de-detencion-para-la-joven-acusada-de-homicidio\/#breadcrumb\"},\"inLanguage\":\"es-AR\",\"potentialAction\":[{\"@type\":\"ReadAction\",\"target\":[\"https:\/\/apuntesdesanluis.com\/index.php\/2023\/10\/20\/prorroga-de-detencion-para-la-joven-acusada-de-homicidio\/\"]}]},{\"@type\":\"ImageObject\",\"inLanguage\":\"es-AR\",\"@id\":\"https:\/\/apuntesdesanluis.com\/index.php\/2023\/10\/20\/prorroga-de-detencion-para-la-joven-acusada-de-homicidio\/#primaryimage\",\"url\":\"https:\/\/apuntesdesanluis.com\/wp-content\/uploads\/2023\/10\/detenida.png\",\"contentUrl\":\"https:\/\/apuntesdesanluis.com\/wp-content\/uploads\/2023\/10\/detenida.png\",\"width\":872,\"height\":552},{\"@type\":\"BreadcrumbList\",\"@id\":\"https:\/\/apuntesdesanluis.com\/index.php\/2023\/10\/20\/prorroga-de-detencion-para-la-joven-acusada-de-homicidio\/#breadcrumb\",\"itemListElement\":[{\"@type\":\"ListItem\",\"position\":1,\"name\":\"Inicio\",\"item\":\"https:\/\/apuntesdesanluis.com\/\"},{\"@type\":\"ListItem\",\"position\":2,\"name\":\"PR\u00d3RROGA DE DETENCI\u00d3N PARA LA JOVEN ACUSADA DE HOMICIDIO\"}]},{\"@type\":\"WebSite\",\"@id\":\"https:\/\/apuntesdesanluis.com\/#website\",\"url\":\"https:\/\/apuntesdesanluis.com\/\",\"name\":\"Apuntes de San Luis\",\"description\":\"\",\"publisher\":{\"@id\":\"https:\/\/apuntesdesanluis.com\/#\/schema\/person\/b55151d52296fcce64d1a72538a70b90\"},\"potentialAction\":[{\"@type\":\"SearchAction\",\"target\":{\"@type\":\"EntryPoint\",\"urlTemplate\":\"https:\/\/apuntesdesanluis.com\/?s={search_term_string}\"},\"query-input\":{\"@type\":\"PropertyValueSpecification\",\"valueRequired\":true,\"valueName\":\"search_term_string\"}}],\"inLanguage\":\"es-AR\"},{\"@type\":[\"Person\",\"Organization\"],\"@id\":\"https:\/\/apuntesdesanluis.com\/#\/schema\/person\/b55151d52296fcce64d1a72538a70b90\",\"name\":\"apuntesdesanluis.com\",\"image\":{\"@type\":\"ImageObject\",\"inLanguage\":\"es-AR\",\"@id\":\"https:\/\/apuntesdesanluis.com\/#\/schema\/person\/image\/\",\"url\":\"https:\/\/apuntesdesanluis.com\/wp-content\/uploads\/2023\/07\/cropped-apuntesdesanluis.png\",\"contentUrl\":\"https:\/\/apuntesdesanluis.com\/wp-content\/uploads\/2023\/07\/cropped-apuntesdesanluis.png\",\"width\":450,\"height\":112,\"caption\":\"apuntesdesanluis.com\"},\"logo\":{\"@id\":\"https:\/\/apuntesdesanluis.com\/#\/schema\/person\/image\/\"},\"sameAs\":[\"https:\/\/apuntesdesanluis.com\"],\"url\":\"https:\/\/apuntesdesanluis.com\/index.php\/author\/apuntesdesanluis-com\/\"}]}<\/script>\n<!-- \/ Yoast SEO plugin. -->","yoast_head_json":{"title":"PR\u00d3RROGA DE DETENCI\u00d3N PARA LA JOVEN ACUSADA DE HOMICIDIO - Apuntes de San Luis","robots":{"index":"index","follow":"follow","max-snippet":"max-snippet:-1","max-image-preview":"max-image-preview:large","max-video-preview":"max-video-preview:-1"},"canonical":"https:\/\/apuntesdesanluis.com\/index.php\/2023\/10\/20\/prorroga-de-detencion-para-la-joven-acusada-de-homicidio\/","og_locale":"es_ES","og_type":"article","og_title":"PR\u00d3RROGA DE DETENCI\u00d3N PARA LA JOVEN ACUSADA DE HOMICIDIO - Apuntes de San Luis","og_description":"El juez de Garant\u00edas N\u00b0 2 de la ciudad de San Luis, Ariel Parrillis, concedi\u00f3...","og_url":"https:\/\/apuntesdesanluis.com\/index.php\/2023\/10\/20\/prorroga-de-detencion-para-la-joven-acusada-de-homicidio\/","og_site_name":"Apuntes de San Luis","article_published_time":"2023-10-21T02:13:37+00:00","og_image":[{"width":872,"height":552,"url":"https:\/\/apuntesdesanluis.com\/wp-content\/uploads\/2023\/10\/detenida.png","type":"image\/png"}],"author":"apuntesdesanluis.com","twitter_card":"summary_large_image","twitter_misc":{"Escrito por":"apuntesdesanluis.com","Tiempo de lectura":"4 minutos"},"schema":{"@context":"https:\/\/schema.org","@graph":[{"@type":"Article","@id":"https:\/\/apuntesdesanluis.com\/index.php\/2023\/10\/20\/prorroga-de-detencion-para-la-joven-acusada-de-homicidio\/#article","isPartOf":{"@id":"https:\/\/apuntesdesanluis.com\/index.php\/2023\/10\/20\/prorroga-de-detencion-para-la-joven-acusada-de-homicidio\/"},"author":{"name":"apuntesdesanluis.com","@id":"https:\/\/apuntesdesanluis.com\/#\/schema\/person\/b55151d52296fcce64d1a72538a70b90"},"headline":"PR\u00d3RROGA DE DETENCI\u00d3N PARA LA JOVEN ACUSADA DE HOMICIDIO","datePublished":"2023-10-21T02:13:37+00:00","mainEntityOfPage":{"@id":"https:\/\/apuntesdesanluis.com\/index.php\/2023\/10\/20\/prorroga-de-detencion-para-la-joven-acusada-de-homicidio\/"},"wordCount":776,"publisher":{"@id":"https:\/\/apuntesdesanluis.com\/#\/schema\/person\/b55151d52296fcce64d1a72538a70b90"},"image":{"@id":"https:\/\/apuntesdesanluis.com\/index.php\/2023\/10\/20\/prorroga-de-detencion-para-la-joven-acusada-de-homicidio\/#primaryimage"},"thumbnailUrl":"https:\/\/apuntesdesanluis.com\/wp-content\/uploads\/2023\/10\/detenida.png","articleSection":["Ciudad\/Provincia"],"inLanguage":"es-AR"},{"@type":"WebPage","@id":"https:\/\/apuntesdesanluis.com\/index.php\/2023\/10\/20\/prorroga-de-detencion-para-la-joven-acusada-de-homicidio\/","url":"https:\/\/apuntesdesanluis.com\/index.php\/2023\/10\/20\/prorroga-de-detencion-para-la-joven-acusada-de-homicidio\/","name":"PR\u00d3RROGA DE DETENCI\u00d3N PARA LA JOVEN ACUSADA DE HOMICIDIO - Apuntes de San Luis","isPartOf":{"@id":"https:\/\/apuntesdesanluis.com\/#website"},"primaryImageOfPage":{"@id":"https:\/\/apuntesdesanluis.com\/index.php\/2023\/10\/20\/prorroga-de-detencion-para-la-joven-acusada-de-homicidio\/#primaryimage"},"image":{"@id":"https:\/\/apuntesdesanluis.com\/index.php\/2023\/10\/20\/prorroga-de-detencion-para-la-joven-acusada-de-homicidio\/#primaryimage"},"thumbnailUrl":"https:\/\/apuntesdesanluis.com\/wp-content\/uploads\/2023\/10\/detenida.png","datePublished":"2023-10-21T02:13:37+00:00","breadcrumb":{"@id":"https:\/\/apuntesdesanluis.com\/index.php\/2023\/10\/20\/prorroga-de-detencion-para-la-joven-acusada-de-homicidio\/#breadcrumb"},"inLanguage":"es-AR","potentialAction":[{"@type":"ReadAction","target":["https:\/\/apuntesdesanluis.com\/index.php\/2023\/10\/20\/prorroga-de-detencion-para-la-joven-acusada-de-homicidio\/"]}]},{"@type":"ImageObject","inLanguage":"es-AR","@id":"https:\/\/apuntesdesanluis.com\/index.php\/2023\/10\/20\/prorroga-de-detencion-para-la-joven-acusada-de-homicidio\/#primaryimage","url":"https:\/\/apuntesdesanluis.com\/wp-content\/uploads\/2023\/10\/detenida.png","contentUrl":"https:\/\/apuntesdesanluis.com\/wp-content\/uploads\/2023\/10\/detenida.png","width":872,"height":552},{"@type":"BreadcrumbList","@id":"https:\/\/apuntesdesanluis.com\/index.php\/2023\/10\/20\/prorroga-de-detencion-para-la-joven-acusada-de-homicidio\/#breadcrumb","itemListElement":[{"@type":"ListItem","position":1,"name":"Inicio","item":"https:\/\/apuntesdesanluis.com\/"},{"@type":"ListItem","position":2,"name":"PR\u00d3RROGA DE DETENCI\u00d3N PARA LA JOVEN ACUSADA DE HOMICIDIO"}]},{"@type":"WebSite","@id":"https:\/\/apuntesdesanluis.com\/#website","url":"https:\/\/apuntesdesanluis.com\/","name":"Apuntes de San Luis","description":"","publisher":{"@id":"https:\/\/apuntesdesanluis.com\/#\/schema\/person\/b55151d52296fcce64d1a72538a70b90"},"potentialAction":[{"@type":"SearchAction","target":{"@type":"EntryPoint","urlTemplate":"https:\/\/apuntesdesanluis.com\/?s={search_term_string}"},"query-input":{"@type":"PropertyValueSpecification","valueRequired":true,"valueName":"search_term_string"}}],"inLanguage":"es-AR"},{"@type":["Person","Organization"],"@id":"https:\/\/apuntesdesanluis.com\/#\/schema\/person\/b55151d52296fcce64d1a72538a70b90","name":"apuntesdesanluis.com","image":{"@type":"ImageObject","inLanguage":"es-AR","@id":"https:\/\/apuntesdesanluis.com\/#\/schema\/person\/image\/","url":"https:\/\/apuntesdesanluis.com\/wp-content\/uploads\/2023\/07\/cropped-apuntesdesanluis.png","contentUrl":"https:\/\/apuntesdesanluis.com\/wp-content\/uploads\/2023\/07\/cropped-apuntesdesanluis.png","width":450,"height":112,"caption":"apuntesdesanluis.com"},"logo":{"@id":"https:\/\/apuntesdesanluis.com\/#\/schema\/person\/image\/"},"sameAs":["https:\/\/apuntesdesanluis.com"],"url":"https:\/\/apuntesdesanluis.com\/index.php\/author\/apuntesdesanluis-com\/"}]}},"featured_image_urls":{"full":["https:\/\/apuntesdesanluis.com\/wp-content\/uploads\/2023\/10\/detenida.png",872,552,false],"thumbnail":["https:\/\/apuntesdesanluis.com\/wp-content\/uploads\/2023\/10\/detenida-150x150.png",150,150,true],"medium":["https:\/\/apuntesdesanluis.com\/wp-content\/uploads\/2023\/10\/detenida-300x190.png",300,190,true],"medium_large":["https:\/\/apuntesdesanluis.com\/wp-content\/uploads\/2023\/10\/detenida-768x486.png",640,405,true],"large":["https:\/\/apuntesdesanluis.com\/wp-content\/uploads\/2023\/10\/detenida.png",640,405,false],"1536x1536":["https:\/\/apuntesdesanluis.com\/wp-content\/uploads\/2023\/10\/detenida.png",872,552,false],"2048x2048":["https:\/\/apuntesdesanluis.com\/wp-content\/uploads\/2023\/10\/detenida.png",872,552,false],"newsever-slider-full":["https:\/\/apuntesdesanluis.com\/wp-content\/uploads\/2023\/10\/detenida.png",872,552,false],"newsever-featured":["https:\/\/apuntesdesanluis.com\/wp-content\/uploads\/2023\/10\/detenida.png",872,552,false],"newsever-medium":["https:\/\/apuntesdesanluis.com\/wp-content\/uploads\/2023\/10\/detenida-720x475.png",720,475,true]},"author_info":{"display_name":"apuntesdesanluis.com","author_link":"https:\/\/apuntesdesanluis.com\/index.php\/author\/apuntesdesanluis-com\/"},"category_info":"<a href=\"https:\/\/apuntesdesanluis.com\/index.php\/category\/ciudad-provincia\/\" rel=\"category tag\">Ciudad\/Provincia<\/a>","tag_info":"Ciudad\/Provincia","comment_count":"0","_links":{"self":[{"href":"https:\/\/apuntesdesanluis.com\/index.php\/wp-json\/wp\/v2\/posts\/5502","targetHints":{"allow":["GET"]}}],"collection":[{"href":"https:\/\/apuntesdesanluis.com\/index.php\/wp-json\/wp\/v2\/posts"}],"about":[{"href":"https:\/\/apuntesdesanluis.com\/index.php\/wp-json\/wp\/v2\/types\/post"}],"author":[{"embeddable":true,"href":"https:\/\/apuntesdesanluis.com\/index.php\/wp-json\/wp\/v2\/users\/1"}],"replies":[{"embeddable":true,"href":"https:\/\/apuntesdesanluis.com\/index.php\/wp-json\/wp\/v2\/comments?post=5502"}],"version-history":[{"count":1,"href":"https:\/\/apuntesdesanluis.com\/index.php\/wp-json\/wp\/v2\/posts\/5502\/revisions"}],"predecessor-version":[{"id":5503,"href":"https:\/\/apuntesdesanluis.com\/index.php\/wp-json\/wp\/v2\/posts\/5502\/revisions\/5503"}],"wp:featuredmedia":[{"embeddable":true,"href":"https:\/\/apuntesdesanluis.com\/index.php\/wp-json\/wp\/v2\/media\/5407"}],"wp:attachment":[{"href":"https:\/\/apuntesdesanluis.com\/index.php\/wp-json\/wp\/v2\/media?parent=5502"}],"wp:term":[{"taxonomy":"category","embeddable":true,"href":"https:\/\/apuntesdesanluis.com\/index.php\/wp-json\/wp\/v2\/categories?post=5502"},{"taxonomy":"post_tag","embeddable":true,"href":"https:\/\/apuntesdesanluis.com\/index.php\/wp-json\/wp\/v2\/tags?post=5502"}],"curies":[{"name":"wp","href":"https:\/\/api.w.org\/{rel}","templated":true}]}}