{"id":5504,"date":"2023-10-20T23:17:43","date_gmt":"2023-10-21T02:17:43","guid":{"rendered":"https:\/\/apuntesdesanluis.com\/?p=5504"},"modified":"2023-10-20T23:17:43","modified_gmt":"2023-10-21T02:17:43","slug":"imputado-por-robo-con-arma-de-fuego-continuara-detenido","status":"publish","type":"post","link":"https:\/\/apuntesdesanluis.com\/index.php\/2023\/10\/20\/imputado-por-robo-con-arma-de-fuego-continuara-detenido\/","title":{"rendered":"IMPUTADO POR ROBO CON ARMA DE FUEGO CONTINUAR\u00c1 DETENIDO"},"content":{"rendered":"<h3>El hecho sucedi\u00f3 el 18 de octubre en el ingreso del Barrio Familia Unida, en Villa Mercedes. La defensa solicit\u00f3 una pr\u00f3rroga de detenci\u00f3n que fue concedida por el juez.<\/h3>\n<h3>Este viernes pasado el mediod\u00eda, se desarroll\u00f3 una audiencia en la cual le formularon cargos a un joven por el delito de robo calificado por la utilizaci\u00f3n de arma de fuego. La misma, se realiz\u00f3 en el Juzgado de Garant\u00eda N\u00ba 2.<\/h3>\n<h3>Participaron en representaci\u00f3n del Ministerio P\u00fablico Fiscal los Dres. Maximiliano Bazla y Marcelo Salda\u00f1o. Como defensa del imputado, el Dr. Vicente Cuesta. Como Juez Subrogante el Dr. Santiago Ortiz y como secretaria la Dra. Claudia Su\u00e1rez.<\/h3>\n<h3>El fiscal adjunto relat\u00f3 que el hecho sucedi\u00f3 el\u00a0 pasado 18 de octubre a las 20:15 hs aproximadamente en el ingreso al Barrio Familia Unida -calle Intendente Almada-. En esa oportunidad, el imputado se trasladaba como acompa\u00f1ante en una motocicleta y es all\u00ed cuando interceptaron a dos personas que iban a bordo de una bicicleta, les exigieron que les entregaran sus pertenencias, se produjo un forcejeo y una oposici\u00f3n de los damnificados de brindarles los objetos. Motivo por el cual, el imputado extrajo un arma de fuego y dispar\u00f3 a una de las v\u00edctimas en la pierna izquierda, produci\u00e9ndole lesiones leves.<\/h3>\n<h3>Luego, uno de los damnificados corri\u00f3 a pedir auxilio y el imputado junto a la otra persona se dieron a la fuga, se llevaron un celular.<\/h3>\n<h3>El Dr. Salda\u00f1o mencion\u00f3 las evidencias que vinculan al imputado con el hecho.<\/h3>\n<h3>Por otro lado, la defensa del acusado, Dr. Vicente Cuesta solicit\u00f3 una audiencia a los fines de que su defendido preste declaraci\u00f3n y tambi\u00e9n pidi\u00f3 una pr\u00f3rroga de detenci\u00f3n por siete d\u00edas.<\/h3>\n<h3>El Dr. Ortiz resolvi\u00f3 tener por formulados los cargos de manera provisoria por el delito de robo calificado por la utilizaci\u00f3n de arma de fuego y concedi\u00f3 la pr\u00f3rroga de detenci\u00f3n. Asimismo se fij\u00f3 una audiencia para el lunes pr\u00f3ximo a los fines de que el imputado preste declaraci\u00f3n.<\/h3>\n<p>&nbsp;<\/p>\n<p>&nbsp;<\/p>\n<p>&nbsp;<\/p>\n","protected":false},"excerpt":{"rendered":"<p>El hecho sucedi\u00f3 el 18 de octubre en el ingreso del Barrio Familia Unida, en&#8230;<\/p>\n","protected":false},"author":1,"featured_media":5505,"comment_status":"closed","ping_status":"closed","sticky":false,"template":"","format":"standard","meta":{"footnotes":""},"categories":[6],"tags":[],"class_list":["post-5504","post","type-post","status-publish","format-standard","has-post-thumbnail","hentry","category-ciudad-provincia"],"yoast_head":"<!-- This site is optimized with the Yoast SEO plugin v26.1.1 - https:\/\/yoast.com\/wordpress\/plugins\/seo\/ -->\n<title>IMPUTADO POR ROBO CON ARMA DE FUEGO CONTINUAR\u00c1 DETENIDO - Apuntes de San Luis<\/title>\n<meta name=\"robots\" content=\"index, follow, max-snippet:-1, max-image-preview:large, max-video-preview:-1\" \/>\n<link rel=\"canonical\" href=\"https:\/\/apuntesdesanluis.com\/index.php\/2023\/10\/20\/imputado-por-robo-con-arma-de-fuego-continuara-detenido\/\" \/>\n<meta property=\"og:locale\" content=\"es_ES\" \/>\n<meta property=\"og:type\" content=\"article\" \/>\n<meta property=\"og:title\" content=\"IMPUTADO POR ROBO CON ARMA DE FUEGO CONTINUAR\u00c1 DETENIDO - Apuntes de San Luis\" \/>\n<meta property=\"og:description\" content=\"El hecho sucedi\u00f3 el 18 de octubre en el ingreso del Barrio Familia Unida, en...\" \/>\n<meta property=\"og:url\" content=\"https:\/\/apuntesdesanluis.com\/index.php\/2023\/10\/20\/imputado-por-robo-con-arma-de-fuego-continuara-detenido\/\" \/>\n<meta property=\"og:site_name\" content=\"Apuntes de San Luis\" \/>\n<meta property=\"article:published_time\" content=\"2023-10-21T02:17:43+00:00\" \/>\n<meta property=\"og:image\" content=\"https:\/\/apuntesdesanluis.com\/wp-content\/uploads\/2023\/10\/ortiz-1.png\" \/>\n\t<meta property=\"og:image:width\" content=\"673\" \/>\n\t<meta property=\"og:image:height\" content=\"421\" \/>\n\t<meta property=\"og:image:type\" content=\"image\/png\" \/>\n<meta name=\"author\" content=\"apuntesdesanluis.com\" \/>\n<meta name=\"twitter:card\" content=\"summary_large_image\" \/>\n<meta name=\"twitter:label1\" content=\"Escrito por\" \/>\n\t<meta name=\"twitter:data1\" content=\"apuntesdesanluis.com\" \/>\n\t<meta name=\"twitter:label2\" content=\"Tiempo de lectura\" \/>\n\t<meta name=\"twitter:data2\" content=\"2 minutos\" \/>\n<script type=\"application\/ld+json\" class=\"yoast-schema-graph\">{\"@context\":\"https:\/\/schema.org\",\"@graph\":[{\"@type\":\"Article\",\"@id\":\"https:\/\/apuntesdesanluis.com\/index.php\/2023\/10\/20\/imputado-por-robo-con-arma-de-fuego-continuara-detenido\/#article\",\"isPartOf\":{\"@id\":\"https:\/\/apuntesdesanluis.com\/index.php\/2023\/10\/20\/imputado-por-robo-con-arma-de-fuego-continuara-detenido\/\"},\"author\":{\"name\":\"apuntesdesanluis.com\",\"@id\":\"https:\/\/apuntesdesanluis.com\/#\/schema\/person\/b55151d52296fcce64d1a72538a70b90\"},\"headline\":\"IMPUTADO POR ROBO CON ARMA DE FUEGO CONTINUAR\u00c1 DETENIDO\",\"datePublished\":\"2023-10-21T02:17:43+00:00\",\"mainEntityOfPage\":{\"@id\":\"https:\/\/apuntesdesanluis.com\/index.php\/2023\/10\/20\/imputado-por-robo-con-arma-de-fuego-continuara-detenido\/\"},\"wordCount\":361,\"publisher\":{\"@id\":\"https:\/\/apuntesdesanluis.com\/#\/schema\/person\/b55151d52296fcce64d1a72538a70b90\"},\"image\":{\"@id\":\"https:\/\/apuntesdesanluis.com\/index.php\/2023\/10\/20\/imputado-por-robo-con-arma-de-fuego-continuara-detenido\/#primaryimage\"},\"thumbnailUrl\":\"https:\/\/apuntesdesanluis.com\/wp-content\/uploads\/2023\/10\/ortiz-1.png\",\"articleSection\":[\"Ciudad\/Provincia\"],\"inLanguage\":\"es-AR\"},{\"@type\":\"WebPage\",\"@id\":\"https:\/\/apuntesdesanluis.com\/index.php\/2023\/10\/20\/imputado-por-robo-con-arma-de-fuego-continuara-detenido\/\",\"url\":\"https:\/\/apuntesdesanluis.com\/index.php\/2023\/10\/20\/imputado-por-robo-con-arma-de-fuego-continuara-detenido\/\",\"name\":\"IMPUTADO POR ROBO CON ARMA DE FUEGO CONTINUAR\u00c1 DETENIDO - Apuntes de San Luis\",\"isPartOf\":{\"@id\":\"https:\/\/apuntesdesanluis.com\/#website\"},\"primaryImageOfPage\":{\"@id\":\"https:\/\/apuntesdesanluis.com\/index.php\/2023\/10\/20\/imputado-por-robo-con-arma-de-fuego-continuara-detenido\/#primaryimage\"},\"image\":{\"@id\":\"https:\/\/apuntesdesanluis.com\/index.php\/2023\/10\/20\/imputado-por-robo-con-arma-de-fuego-continuara-detenido\/#primaryimage\"},\"thumbnailUrl\":\"https:\/\/apuntesdesanluis.com\/wp-content\/uploads\/2023\/10\/ortiz-1.png\",\"datePublished\":\"2023-10-21T02:17:43+00:00\",\"breadcrumb\":{\"@id\":\"https:\/\/apuntesdesanluis.com\/index.php\/2023\/10\/20\/imputado-por-robo-con-arma-de-fuego-continuara-detenido\/#breadcrumb\"},\"inLanguage\":\"es-AR\",\"potentialAction\":[{\"@type\":\"ReadAction\",\"target\":[\"https:\/\/apuntesdesanluis.com\/index.php\/2023\/10\/20\/imputado-por-robo-con-arma-de-fuego-continuara-detenido\/\"]}]},{\"@type\":\"ImageObject\",\"inLanguage\":\"es-AR\",\"@id\":\"https:\/\/apuntesdesanluis.com\/index.php\/2023\/10\/20\/imputado-por-robo-con-arma-de-fuego-continuara-detenido\/#primaryimage\",\"url\":\"https:\/\/apuntesdesanluis.com\/wp-content\/uploads\/2023\/10\/ortiz-1.png\",\"contentUrl\":\"https:\/\/apuntesdesanluis.com\/wp-content\/uploads\/2023\/10\/ortiz-1.png\",\"width\":673,\"height\":421},{\"@type\":\"BreadcrumbList\",\"@id\":\"https:\/\/apuntesdesanluis.com\/index.php\/2023\/10\/20\/imputado-por-robo-con-arma-de-fuego-continuara-detenido\/#breadcrumb\",\"itemListElement\":[{\"@type\":\"ListItem\",\"position\":1,\"name\":\"Inicio\",\"item\":\"https:\/\/apuntesdesanluis.com\/\"},{\"@type\":\"ListItem\",\"position\":2,\"name\":\"IMPUTADO POR ROBO CON ARMA DE FUEGO CONTINUAR\u00c1 DETENIDO\"}]},{\"@type\":\"WebSite\",\"@id\":\"https:\/\/apuntesdesanluis.com\/#website\",\"url\":\"https:\/\/apuntesdesanluis.com\/\",\"name\":\"Apuntes de San Luis\",\"description\":\"\",\"publisher\":{\"@id\":\"https:\/\/apuntesdesanluis.com\/#\/schema\/person\/b55151d52296fcce64d1a72538a70b90\"},\"potentialAction\":[{\"@type\":\"SearchAction\",\"target\":{\"@type\":\"EntryPoint\",\"urlTemplate\":\"https:\/\/apuntesdesanluis.com\/?s={search_term_string}\"},\"query-input\":{\"@type\":\"PropertyValueSpecification\",\"valueRequired\":true,\"valueName\":\"search_term_string\"}}],\"inLanguage\":\"es-AR\"},{\"@type\":[\"Person\",\"Organization\"],\"@id\":\"https:\/\/apuntesdesanluis.com\/#\/schema\/person\/b55151d52296fcce64d1a72538a70b90\",\"name\":\"apuntesdesanluis.com\",\"image\":{\"@type\":\"ImageObject\",\"inLanguage\":\"es-AR\",\"@id\":\"https:\/\/apuntesdesanluis.com\/#\/schema\/person\/image\/\",\"url\":\"https:\/\/apuntesdesanluis.com\/wp-content\/uploads\/2023\/07\/cropped-apuntesdesanluis.png\",\"contentUrl\":\"https:\/\/apuntesdesanluis.com\/wp-content\/uploads\/2023\/07\/cropped-apuntesdesanluis.png\",\"width\":450,\"height\":112,\"caption\":\"apuntesdesanluis.com\"},\"logo\":{\"@id\":\"https:\/\/apuntesdesanluis.com\/#\/schema\/person\/image\/\"},\"sameAs\":[\"https:\/\/apuntesdesanluis.com\"],\"url\":\"https:\/\/apuntesdesanluis.com\/index.php\/author\/apuntesdesanluis-com\/\"}]}<\/script>\n<!-- \/ Yoast SEO plugin. -->","yoast_head_json":{"title":"IMPUTADO POR ROBO CON ARMA DE FUEGO CONTINUAR\u00c1 DETENIDO - Apuntes de San Luis","robots":{"index":"index","follow":"follow","max-snippet":"max-snippet:-1","max-image-preview":"max-image-preview:large","max-video-preview":"max-video-preview:-1"},"canonical":"https:\/\/apuntesdesanluis.com\/index.php\/2023\/10\/20\/imputado-por-robo-con-arma-de-fuego-continuara-detenido\/","og_locale":"es_ES","og_type":"article","og_title":"IMPUTADO POR ROBO CON ARMA DE FUEGO CONTINUAR\u00c1 DETENIDO - Apuntes de San Luis","og_description":"El hecho sucedi\u00f3 el 18 de octubre en el ingreso del Barrio Familia Unida, en...","og_url":"https:\/\/apuntesdesanluis.com\/index.php\/2023\/10\/20\/imputado-por-robo-con-arma-de-fuego-continuara-detenido\/","og_site_name":"Apuntes de San Luis","article_published_time":"2023-10-21T02:17:43+00:00","og_image":[{"width":673,"height":421,"url":"https:\/\/apuntesdesanluis.com\/wp-content\/uploads\/2023\/10\/ortiz-1.png","type":"image\/png"}],"author":"apuntesdesanluis.com","twitter_card":"summary_large_image","twitter_misc":{"Escrito por":"apuntesdesanluis.com","Tiempo de lectura":"2 minutos"},"schema":{"@context":"https:\/\/schema.org","@graph":[{"@type":"Article","@id":"https:\/\/apuntesdesanluis.com\/index.php\/2023\/10\/20\/imputado-por-robo-con-arma-de-fuego-continuara-detenido\/#article","isPartOf":{"@id":"https:\/\/apuntesdesanluis.com\/index.php\/2023\/10\/20\/imputado-por-robo-con-arma-de-fuego-continuara-detenido\/"},"author":{"name":"apuntesdesanluis.com","@id":"https:\/\/apuntesdesanluis.com\/#\/schema\/person\/b55151d52296fcce64d1a72538a70b90"},"headline":"IMPUTADO POR ROBO CON ARMA DE FUEGO CONTINUAR\u00c1 DETENIDO","datePublished":"2023-10-21T02:17:43+00:00","mainEntityOfPage":{"@id":"https:\/\/apuntesdesanluis.com\/index.php\/2023\/10\/20\/imputado-por-robo-con-arma-de-fuego-continuara-detenido\/"},"wordCount":361,"publisher":{"@id":"https:\/\/apuntesdesanluis.com\/#\/schema\/person\/b55151d52296fcce64d1a72538a70b90"},"image":{"@id":"https:\/\/apuntesdesanluis.com\/index.php\/2023\/10\/20\/imputado-por-robo-con-arma-de-fuego-continuara-detenido\/#primaryimage"},"thumbnailUrl":"https:\/\/apuntesdesanluis.com\/wp-content\/uploads\/2023\/10\/ortiz-1.png","articleSection":["Ciudad\/Provincia"],"inLanguage":"es-AR"},{"@type":"WebPage","@id":"https:\/\/apuntesdesanluis.com\/index.php\/2023\/10\/20\/imputado-por-robo-con-arma-de-fuego-continuara-detenido\/","url":"https:\/\/apuntesdesanluis.com\/index.php\/2023\/10\/20\/imputado-por-robo-con-arma-de-fuego-continuara-detenido\/","name":"IMPUTADO POR ROBO CON ARMA DE FUEGO CONTINUAR\u00c1 DETENIDO - Apuntes de San Luis","isPartOf":{"@id":"https:\/\/apuntesdesanluis.com\/#website"},"primaryImageOfPage":{"@id":"https:\/\/apuntesdesanluis.com\/index.php\/2023\/10\/20\/imputado-por-robo-con-arma-de-fuego-continuara-detenido\/#primaryimage"},"image":{"@id":"https:\/\/apuntesdesanluis.com\/index.php\/2023\/10\/20\/imputado-por-robo-con-arma-de-fuego-continuara-detenido\/#primaryimage"},"thumbnailUrl":"https:\/\/apuntesdesanluis.com\/wp-content\/uploads\/2023\/10\/ortiz-1.png","datePublished":"2023-10-21T02:17:43+00:00","breadcrumb":{"@id":"https:\/\/apuntesdesanluis.com\/index.php\/2023\/10\/20\/imputado-por-robo-con-arma-de-fuego-continuara-detenido\/#breadcrumb"},"inLanguage":"es-AR","potentialAction":[{"@type":"ReadAction","target":["https:\/\/apuntesdesanluis.com\/index.php\/2023\/10\/20\/imputado-por-robo-con-arma-de-fuego-continuara-detenido\/"]}]},{"@type":"ImageObject","inLanguage":"es-AR","@id":"https:\/\/apuntesdesanluis.com\/index.php\/2023\/10\/20\/imputado-por-robo-con-arma-de-fuego-continuara-detenido\/#primaryimage","url":"https:\/\/apuntesdesanluis.com\/wp-content\/uploads\/2023\/10\/ortiz-1.png","contentUrl":"https:\/\/apuntesdesanluis.com\/wp-content\/uploads\/2023\/10\/ortiz-1.png","width":673,"height":421},{"@type":"BreadcrumbList","@id":"https:\/\/apuntesdesanluis.com\/index.php\/2023\/10\/20\/imputado-por-robo-con-arma-de-fuego-continuara-detenido\/#breadcrumb","itemListElement":[{"@type":"ListItem","position":1,"name":"Inicio","item":"https:\/\/apuntesdesanluis.com\/"},{"@type":"ListItem","position":2,"name":"IMPUTADO POR ROBO CON ARMA DE FUEGO CONTINUAR\u00c1 DETENIDO"}]},{"@type":"WebSite","@id":"https:\/\/apuntesdesanluis.com\/#website","url":"https:\/\/apuntesdesanluis.com\/","name":"Apuntes de San Luis","description":"","publisher":{"@id":"https:\/\/apuntesdesanluis.com\/#\/schema\/person\/b55151d52296fcce64d1a72538a70b90"},"potentialAction":[{"@type":"SearchAction","target":{"@type":"EntryPoint","urlTemplate":"https:\/\/apuntesdesanluis.com\/?s={search_term_string}"},"query-input":{"@type":"PropertyValueSpecification","valueRequired":true,"valueName":"search_term_string"}}],"inLanguage":"es-AR"},{"@type":["Person","Organization"],"@id":"https:\/\/apuntesdesanluis.com\/#\/schema\/person\/b55151d52296fcce64d1a72538a70b90","name":"apuntesdesanluis.com","image":{"@type":"ImageObject","inLanguage":"es-AR","@id":"https:\/\/apuntesdesanluis.com\/#\/schema\/person\/image\/","url":"https:\/\/apuntesdesanluis.com\/wp-content\/uploads\/2023\/07\/cropped-apuntesdesanluis.png","contentUrl":"https:\/\/apuntesdesanluis.com\/wp-content\/uploads\/2023\/07\/cropped-apuntesdesanluis.png","width":450,"height":112,"caption":"apuntesdesanluis.com"},"logo":{"@id":"https:\/\/apuntesdesanluis.com\/#\/schema\/person\/image\/"},"sameAs":["https:\/\/apuntesdesanluis.com"],"url":"https:\/\/apuntesdesanluis.com\/index.php\/author\/apuntesdesanluis-com\/"}]}},"featured_image_urls":{"full":["https:\/\/apuntesdesanluis.com\/wp-content\/uploads\/2023\/10\/ortiz-1.png",673,421,false],"thumbnail":["https:\/\/apuntesdesanluis.com\/wp-content\/uploads\/2023\/10\/ortiz-1-150x150.png",150,150,true],"medium":["https:\/\/apuntesdesanluis.com\/wp-content\/uploads\/2023\/10\/ortiz-1-300x188.png",300,188,true],"medium_large":["https:\/\/apuntesdesanluis.com\/wp-content\/uploads\/2023\/10\/ortiz-1.png",640,400,false],"large":["https:\/\/apuntesdesanluis.com\/wp-content\/uploads\/2023\/10\/ortiz-1.png",640,400,false],"1536x1536":["https:\/\/apuntesdesanluis.com\/wp-content\/uploads\/2023\/10\/ortiz-1.png",673,421,false],"2048x2048":["https:\/\/apuntesdesanluis.com\/wp-content\/uploads\/2023\/10\/ortiz-1.png",673,421,false],"newsever-slider-full":["https:\/\/apuntesdesanluis.com\/wp-content\/uploads\/2023\/10\/ortiz-1.png",673,421,false],"newsever-featured":["https:\/\/apuntesdesanluis.com\/wp-content\/uploads\/2023\/10\/ortiz-1.png",673,421,false],"newsever-medium":["https:\/\/apuntesdesanluis.com\/wp-content\/uploads\/2023\/10\/ortiz-1.png",673,421,false]},"author_info":{"display_name":"apuntesdesanluis.com","author_link":"https:\/\/apuntesdesanluis.com\/index.php\/author\/apuntesdesanluis-com\/"},"category_info":"<a href=\"https:\/\/apuntesdesanluis.com\/index.php\/category\/ciudad-provincia\/\" rel=\"category tag\">Ciudad\/Provincia<\/a>","tag_info":"Ciudad\/Provincia","comment_count":"0","_links":{"self":[{"href":"https:\/\/apuntesdesanluis.com\/index.php\/wp-json\/wp\/v2\/posts\/5504","targetHints":{"allow":["GET"]}}],"collection":[{"href":"https:\/\/apuntesdesanluis.com\/index.php\/wp-json\/wp\/v2\/posts"}],"about":[{"href":"https:\/\/apuntesdesanluis.com\/index.php\/wp-json\/wp\/v2\/types\/post"}],"author":[{"embeddable":true,"href":"https:\/\/apuntesdesanluis.com\/index.php\/wp-json\/wp\/v2\/users\/1"}],"replies":[{"embeddable":true,"href":"https:\/\/apuntesdesanluis.com\/index.php\/wp-json\/wp\/v2\/comments?post=5504"}],"version-history":[{"count":1,"href":"https:\/\/apuntesdesanluis.com\/index.php\/wp-json\/wp\/v2\/posts\/5504\/revisions"}],"predecessor-version":[{"id":5506,"href":"https:\/\/apuntesdesanluis.com\/index.php\/wp-json\/wp\/v2\/posts\/5504\/revisions\/5506"}],"wp:featuredmedia":[{"embeddable":true,"href":"https:\/\/apuntesdesanluis.com\/index.php\/wp-json\/wp\/v2\/media\/5505"}],"wp:attachment":[{"href":"https:\/\/apuntesdesanluis.com\/index.php\/wp-json\/wp\/v2\/media?parent=5504"}],"wp:term":[{"taxonomy":"category","embeddable":true,"href":"https:\/\/apuntesdesanluis.com\/index.php\/wp-json\/wp\/v2\/categories?post=5504"},{"taxonomy":"post_tag","embeddable":true,"href":"https:\/\/apuntesdesanluis.com\/index.php\/wp-json\/wp\/v2\/tags?post=5504"}],"curies":[{"name":"wp","href":"https:\/\/api.w.org\/{rel}","templated":true}]}}