{"id":5509,"date":"2023-10-20T23:36:32","date_gmt":"2023-10-21T02:36:32","guid":{"rendered":"https:\/\/apuntesdesanluis.com\/?p=5509"},"modified":"2023-10-20T23:41:25","modified_gmt":"2023-10-21T02:41:25","slug":"el-papu-gomez-dio-positivo-por-doping-y-sera-sancionado-por-2-anos","status":"publish","type":"post","link":"https:\/\/apuntesdesanluis.com\/index.php\/2023\/10\/20\/el-papu-gomez-dio-positivo-por-doping-y-sera-sancionado-por-2-anos\/","title":{"rendered":"EL &#8220;PAPU&#8221; G\u00d3MEZ DIO POSITIVO POR DOPING Y SER\u00c1 SANCIONADO POR 2 A\u00d1OS"},"content":{"rendered":"<h3>El mediocampista <strong>Alejandro &#8220;Papu&#8221; G\u00f3mez<\/strong> dio positivo en un control realizado en el Sevilla de Espa\u00f1a en noviembre de 2022, d\u00edas antes del Mundial de Qatar, y ser\u00e1 sancionado con una suspensi\u00f3n por dos a\u00f1os.<\/h3>\n<h3>Todo sucedi\u00f3 en un entrenamiento del Sevilla cuando se llev\u00f3 a cabo un control antidopaje sorpresa y, seg\u00fan la versi\u00f3n del futbolista, d\u00edas antes hab\u00eda pasado una mala noche lo que lo llev\u00f3 a tomar un jarabe de uno de sus hijos sin una consulta previa a los m\u00e9dicos del club. Este comportamiento no est\u00e1 permitido por las autoridades, ya que al menos deber\u00eda haber informado antes de tomarlo.<\/h3>\n<h3>Por otra parte, las reglamentaciones son muy claras y tiene que ser el propio futbolista quien consulte la Lista de Prohibiciones de la Agencia Mundial Antidopaje (AMA).<\/h3>\n<h3>Cuando alguna norma se transgrede, no sirve como atenuante el argumento de que un m\u00e9dico brind\u00f3 un mal asesoramiento, ya que esto no eximir\u00e1 al deportista de las posibles consecuencias y es el propio jugador, en este caso, el responsable \u00faltimo de lo que introduce en su organismo.<\/h3>\n<h3>Seg\u00fan trascendi\u00f3, tanto G\u00f3mez como el Sevilla tuvieron conocimiento de esta situaci\u00f3n desde hace meses, cuando les lleg\u00f3 la notificaci\u00f3n y esto habr\u00eda sido un impedimento para buscarle equipo al jugador, ya que, ning\u00fan club quer\u00eda asumir riesgos ante el posible castigo que estaba por decidirse. Esta situaci\u00f3n provoc\u00f3 que finalmente las partes acordasen la rescisi\u00f3n del contrato de G\u00f3mez, que finalizaba en 2024, en el \u00faltimo d\u00eda de mercado.<\/h3>\n<h3>En principio, el futbolista quer\u00eda esperar hasta enero para incorporarse a alg\u00fan club una vez que supiera si hab\u00eda o no sanci\u00f3n, sin embargo, termin\u00f3 sum\u00e1ndose al Monza, equipo con el que apenas jug\u00f3 dos partidos en octubre.<\/h3>\n<h3>Con esta situaci\u00f3n latente, habr\u00e1 que esperar la palabra del jugador, ya que la sensaci\u00f3n de dos a\u00f1os podr\u00eda reabrir las chances del retiro como profesional, algo que avalu\u00f3 antes de fichar por el club de la Serie A.<\/h3>\n<h3>Al conocerse este resultado y la consiguiente sanci\u00f3n por dos a\u00f1os, reci\u00e9n podr\u00eda volver a jugar a los 37, por lo que todo hace suponer que la carrera del mediocampista se acerca a su fin.<\/h3>\n<h3>El \u00faltimo tiempo para G\u00f3mez no fue nada sencillo, ya que a este presente oscuro se le suma su salida de la Selecci\u00f3n argentina, la cual est\u00e1 envuelta de pol\u00e9mica y misterio.<\/h3>\n<h3>Problemas de polleras, celos, embrujos, mentiras, falta de c\u00f3digos y m\u00e1s fueron algunas de las hip\u00f3tesis que trascendieron. Sin embargo, ahora todo parece cerrar con este control sorpresa que, en su momento, se ocult\u00f3 porque fue a escasos d\u00edas del comienzo del Mundial de Qatar y que detect\u00f3 el positivo en el futbolista argentino, quien le habr\u00eda escondido al plantel nacional la situaci\u00f3n por la que atravesaba, pero de la que finalmente sus compa\u00f1eros se enteraron mientras el campeonato se estaba disputando.<\/h3>\n<p>&nbsp;<\/p>\n<p>&nbsp;<\/p>\n<p>&nbsp;<\/p>\n<p>&nbsp;<\/p>\n<p>&nbsp;<\/p>\n","protected":false},"excerpt":{"rendered":"<p>El mediocampista Alejandro &#8220;Papu&#8221; G\u00f3mez dio positivo en un control realizado en el Sevilla de&#8230;<\/p>\n","protected":false},"author":1,"featured_media":5514,"comment_status":"closed","ping_status":"closed","sticky":false,"template":"","format":"standard","meta":{"footnotes":""},"categories":[8,5],"tags":[],"class_list":["post-5509","post","type-post","status-publish","format-standard","has-post-thumbnail","hentry","category-deportes","category-nacionales-internacionales"],"yoast_head":"<!-- This site is optimized with the Yoast SEO plugin v26.1.1 - https:\/\/yoast.com\/wordpress\/plugins\/seo\/ -->\n<title>EL &quot;PAPU&quot; G\u00d3MEZ DIO POSITIVO POR DOPING Y SER\u00c1 SANCIONADO POR 2 A\u00d1OS - Apuntes de San Luis<\/title>\n<meta name=\"robots\" content=\"index, follow, max-snippet:-1, max-image-preview:large, max-video-preview:-1\" \/>\n<link rel=\"canonical\" href=\"https:\/\/apuntesdesanluis.com\/index.php\/2023\/10\/20\/el-papu-gomez-dio-positivo-por-doping-y-sera-sancionado-por-2-anos\/\" \/>\n<meta property=\"og:locale\" content=\"es_ES\" \/>\n<meta property=\"og:type\" content=\"article\" \/>\n<meta property=\"og:title\" content=\"EL &quot;PAPU&quot; G\u00d3MEZ DIO POSITIVO POR DOPING Y SER\u00c1 SANCIONADO POR 2 A\u00d1OS - Apuntes de San Luis\" \/>\n<meta property=\"og:description\" content=\"El mediocampista Alejandro &#8220;Papu&#8221; G\u00f3mez dio positivo en un control realizado en el Sevilla de...\" \/>\n<meta property=\"og:url\" content=\"https:\/\/apuntesdesanluis.com\/index.php\/2023\/10\/20\/el-papu-gomez-dio-positivo-por-doping-y-sera-sancionado-por-2-anos\/\" \/>\n<meta property=\"og:site_name\" content=\"Apuntes de San Luis\" \/>\n<meta property=\"article:published_time\" content=\"2023-10-21T02:36:32+00:00\" \/>\n<meta property=\"article:modified_time\" content=\"2023-10-21T02:41:25+00:00\" \/>\n<meta property=\"og:image\" content=\"https:\/\/apuntesdesanluis.com\/wp-content\/uploads\/2023\/10\/papu-1.png\" \/>\n\t<meta property=\"og:image:width\" content=\"563\" \/>\n\t<meta property=\"og:image:height\" content=\"383\" \/>\n\t<meta property=\"og:image:type\" content=\"image\/png\" \/>\n<meta name=\"author\" content=\"apuntesdesanluis.com\" \/>\n<meta name=\"twitter:card\" content=\"summary_large_image\" \/>\n<meta name=\"twitter:label1\" content=\"Escrito por\" \/>\n\t<meta name=\"twitter:data1\" content=\"apuntesdesanluis.com\" \/>\n\t<meta name=\"twitter:label2\" content=\"Tiempo de lectura\" \/>\n\t<meta name=\"twitter:data2\" content=\"3 minutos\" \/>\n<script type=\"application\/ld+json\" class=\"yoast-schema-graph\">{\"@context\":\"https:\/\/schema.org\",\"@graph\":[{\"@type\":\"Article\",\"@id\":\"https:\/\/apuntesdesanluis.com\/index.php\/2023\/10\/20\/el-papu-gomez-dio-positivo-por-doping-y-sera-sancionado-por-2-anos\/#article\",\"isPartOf\":{\"@id\":\"https:\/\/apuntesdesanluis.com\/index.php\/2023\/10\/20\/el-papu-gomez-dio-positivo-por-doping-y-sera-sancionado-por-2-anos\/\"},\"author\":{\"name\":\"apuntesdesanluis.com\",\"@id\":\"https:\/\/apuntesdesanluis.com\/#\/schema\/person\/b55151d52296fcce64d1a72538a70b90\"},\"headline\":\"EL &#8220;PAPU&#8221; G\u00d3MEZ DIO POSITIVO POR DOPING Y SER\u00c1 SANCIONADO POR 2 A\u00d1OS\",\"datePublished\":\"2023-10-21T02:36:32+00:00\",\"dateModified\":\"2023-10-21T02:41:25+00:00\",\"mainEntityOfPage\":{\"@id\":\"https:\/\/apuntesdesanluis.com\/index.php\/2023\/10\/20\/el-papu-gomez-dio-positivo-por-doping-y-sera-sancionado-por-2-anos\/\"},\"wordCount\":537,\"publisher\":{\"@id\":\"https:\/\/apuntesdesanluis.com\/#\/schema\/person\/b55151d52296fcce64d1a72538a70b90\"},\"image\":{\"@id\":\"https:\/\/apuntesdesanluis.com\/index.php\/2023\/10\/20\/el-papu-gomez-dio-positivo-por-doping-y-sera-sancionado-por-2-anos\/#primaryimage\"},\"thumbnailUrl\":\"https:\/\/apuntesdesanluis.com\/wp-content\/uploads\/2023\/10\/papu-1.png\",\"articleSection\":[\"Deportes\",\"Nacionales\/Internacionales\"],\"inLanguage\":\"es-AR\"},{\"@type\":\"WebPage\",\"@id\":\"https:\/\/apuntesdesanluis.com\/index.php\/2023\/10\/20\/el-papu-gomez-dio-positivo-por-doping-y-sera-sancionado-por-2-anos\/\",\"url\":\"https:\/\/apuntesdesanluis.com\/index.php\/2023\/10\/20\/el-papu-gomez-dio-positivo-por-doping-y-sera-sancionado-por-2-anos\/\",\"name\":\"EL \\\"PAPU\\\" G\u00d3MEZ DIO POSITIVO POR DOPING Y SER\u00c1 SANCIONADO POR 2 A\u00d1OS - Apuntes de San Luis\",\"isPartOf\":{\"@id\":\"https:\/\/apuntesdesanluis.com\/#website\"},\"primaryImageOfPage\":{\"@id\":\"https:\/\/apuntesdesanluis.com\/index.php\/2023\/10\/20\/el-papu-gomez-dio-positivo-por-doping-y-sera-sancionado-por-2-anos\/#primaryimage\"},\"image\":{\"@id\":\"https:\/\/apuntesdesanluis.com\/index.php\/2023\/10\/20\/el-papu-gomez-dio-positivo-por-doping-y-sera-sancionado-por-2-anos\/#primaryimage\"},\"thumbnailUrl\":\"https:\/\/apuntesdesanluis.com\/wp-content\/uploads\/2023\/10\/papu-1.png\",\"datePublished\":\"2023-10-21T02:36:32+00:00\",\"dateModified\":\"2023-10-21T02:41:25+00:00\",\"breadcrumb\":{\"@id\":\"https:\/\/apuntesdesanluis.com\/index.php\/2023\/10\/20\/el-papu-gomez-dio-positivo-por-doping-y-sera-sancionado-por-2-anos\/#breadcrumb\"},\"inLanguage\":\"es-AR\",\"potentialAction\":[{\"@type\":\"ReadAction\",\"target\":[\"https:\/\/apuntesdesanluis.com\/index.php\/2023\/10\/20\/el-papu-gomez-dio-positivo-por-doping-y-sera-sancionado-por-2-anos\/\"]}]},{\"@type\":\"ImageObject\",\"inLanguage\":\"es-AR\",\"@id\":\"https:\/\/apuntesdesanluis.com\/index.php\/2023\/10\/20\/el-papu-gomez-dio-positivo-por-doping-y-sera-sancionado-por-2-anos\/#primaryimage\",\"url\":\"https:\/\/apuntesdesanluis.com\/wp-content\/uploads\/2023\/10\/papu-1.png\",\"contentUrl\":\"https:\/\/apuntesdesanluis.com\/wp-content\/uploads\/2023\/10\/papu-1.png\",\"width\":563,\"height\":383},{\"@type\":\"BreadcrumbList\",\"@id\":\"https:\/\/apuntesdesanluis.com\/index.php\/2023\/10\/20\/el-papu-gomez-dio-positivo-por-doping-y-sera-sancionado-por-2-anos\/#breadcrumb\",\"itemListElement\":[{\"@type\":\"ListItem\",\"position\":1,\"name\":\"Inicio\",\"item\":\"https:\/\/apuntesdesanluis.com\/\"},{\"@type\":\"ListItem\",\"position\":2,\"name\":\"EL &#8220;PAPU&#8221; G\u00d3MEZ DIO POSITIVO POR DOPING Y SER\u00c1 SANCIONADO POR 2 A\u00d1OS\"}]},{\"@type\":\"WebSite\",\"@id\":\"https:\/\/apuntesdesanluis.com\/#website\",\"url\":\"https:\/\/apuntesdesanluis.com\/\",\"name\":\"Apuntes de San Luis\",\"description\":\"\",\"publisher\":{\"@id\":\"https:\/\/apuntesdesanluis.com\/#\/schema\/person\/b55151d52296fcce64d1a72538a70b90\"},\"potentialAction\":[{\"@type\":\"SearchAction\",\"target\":{\"@type\":\"EntryPoint\",\"urlTemplate\":\"https:\/\/apuntesdesanluis.com\/?s={search_term_string}\"},\"query-input\":{\"@type\":\"PropertyValueSpecification\",\"valueRequired\":true,\"valueName\":\"search_term_string\"}}],\"inLanguage\":\"es-AR\"},{\"@type\":[\"Person\",\"Organization\"],\"@id\":\"https:\/\/apuntesdesanluis.com\/#\/schema\/person\/b55151d52296fcce64d1a72538a70b90\",\"name\":\"apuntesdesanluis.com\",\"image\":{\"@type\":\"ImageObject\",\"inLanguage\":\"es-AR\",\"@id\":\"https:\/\/apuntesdesanluis.com\/#\/schema\/person\/image\/\",\"url\":\"https:\/\/apuntesdesanluis.com\/wp-content\/uploads\/2023\/07\/cropped-apuntesdesanluis.png\",\"contentUrl\":\"https:\/\/apuntesdesanluis.com\/wp-content\/uploads\/2023\/07\/cropped-apuntesdesanluis.png\",\"width\":450,\"height\":112,\"caption\":\"apuntesdesanluis.com\"},\"logo\":{\"@id\":\"https:\/\/apuntesdesanluis.com\/#\/schema\/person\/image\/\"},\"sameAs\":[\"https:\/\/apuntesdesanluis.com\"],\"url\":\"https:\/\/apuntesdesanluis.com\/index.php\/author\/apuntesdesanluis-com\/\"}]}<\/script>\n<!-- \/ Yoast SEO plugin. -->","yoast_head_json":{"title":"EL \"PAPU\" G\u00d3MEZ DIO POSITIVO POR DOPING Y SER\u00c1 SANCIONADO POR 2 A\u00d1OS - Apuntes de San Luis","robots":{"index":"index","follow":"follow","max-snippet":"max-snippet:-1","max-image-preview":"max-image-preview:large","max-video-preview":"max-video-preview:-1"},"canonical":"https:\/\/apuntesdesanluis.com\/index.php\/2023\/10\/20\/el-papu-gomez-dio-positivo-por-doping-y-sera-sancionado-por-2-anos\/","og_locale":"es_ES","og_type":"article","og_title":"EL \"PAPU\" G\u00d3MEZ DIO POSITIVO POR DOPING Y SER\u00c1 SANCIONADO POR 2 A\u00d1OS - Apuntes de San Luis","og_description":"El mediocampista Alejandro &#8220;Papu&#8221; G\u00f3mez dio positivo en un control realizado en el Sevilla de...","og_url":"https:\/\/apuntesdesanluis.com\/index.php\/2023\/10\/20\/el-papu-gomez-dio-positivo-por-doping-y-sera-sancionado-por-2-anos\/","og_site_name":"Apuntes de San Luis","article_published_time":"2023-10-21T02:36:32+00:00","article_modified_time":"2023-10-21T02:41:25+00:00","og_image":[{"width":563,"height":383,"url":"https:\/\/apuntesdesanluis.com\/wp-content\/uploads\/2023\/10\/papu-1.png","type":"image\/png"}],"author":"apuntesdesanluis.com","twitter_card":"summary_large_image","twitter_misc":{"Escrito por":"apuntesdesanluis.com","Tiempo de lectura":"3 minutos"},"schema":{"@context":"https:\/\/schema.org","@graph":[{"@type":"Article","@id":"https:\/\/apuntesdesanluis.com\/index.php\/2023\/10\/20\/el-papu-gomez-dio-positivo-por-doping-y-sera-sancionado-por-2-anos\/#article","isPartOf":{"@id":"https:\/\/apuntesdesanluis.com\/index.php\/2023\/10\/20\/el-papu-gomez-dio-positivo-por-doping-y-sera-sancionado-por-2-anos\/"},"author":{"name":"apuntesdesanluis.com","@id":"https:\/\/apuntesdesanluis.com\/#\/schema\/person\/b55151d52296fcce64d1a72538a70b90"},"headline":"EL &#8220;PAPU&#8221; G\u00d3MEZ DIO POSITIVO POR DOPING Y SER\u00c1 SANCIONADO POR 2 A\u00d1OS","datePublished":"2023-10-21T02:36:32+00:00","dateModified":"2023-10-21T02:41:25+00:00","mainEntityOfPage":{"@id":"https:\/\/apuntesdesanluis.com\/index.php\/2023\/10\/20\/el-papu-gomez-dio-positivo-por-doping-y-sera-sancionado-por-2-anos\/"},"wordCount":537,"publisher":{"@id":"https:\/\/apuntesdesanluis.com\/#\/schema\/person\/b55151d52296fcce64d1a72538a70b90"},"image":{"@id":"https:\/\/apuntesdesanluis.com\/index.php\/2023\/10\/20\/el-papu-gomez-dio-positivo-por-doping-y-sera-sancionado-por-2-anos\/#primaryimage"},"thumbnailUrl":"https:\/\/apuntesdesanluis.com\/wp-content\/uploads\/2023\/10\/papu-1.png","articleSection":["Deportes","Nacionales\/Internacionales"],"inLanguage":"es-AR"},{"@type":"WebPage","@id":"https:\/\/apuntesdesanluis.com\/index.php\/2023\/10\/20\/el-papu-gomez-dio-positivo-por-doping-y-sera-sancionado-por-2-anos\/","url":"https:\/\/apuntesdesanluis.com\/index.php\/2023\/10\/20\/el-papu-gomez-dio-positivo-por-doping-y-sera-sancionado-por-2-anos\/","name":"EL \"PAPU\" G\u00d3MEZ DIO POSITIVO POR DOPING Y SER\u00c1 SANCIONADO POR 2 A\u00d1OS - Apuntes de San Luis","isPartOf":{"@id":"https:\/\/apuntesdesanluis.com\/#website"},"primaryImageOfPage":{"@id":"https:\/\/apuntesdesanluis.com\/index.php\/2023\/10\/20\/el-papu-gomez-dio-positivo-por-doping-y-sera-sancionado-por-2-anos\/#primaryimage"},"image":{"@id":"https:\/\/apuntesdesanluis.com\/index.php\/2023\/10\/20\/el-papu-gomez-dio-positivo-por-doping-y-sera-sancionado-por-2-anos\/#primaryimage"},"thumbnailUrl":"https:\/\/apuntesdesanluis.com\/wp-content\/uploads\/2023\/10\/papu-1.png","datePublished":"2023-10-21T02:36:32+00:00","dateModified":"2023-10-21T02:41:25+00:00","breadcrumb":{"@id":"https:\/\/apuntesdesanluis.com\/index.php\/2023\/10\/20\/el-papu-gomez-dio-positivo-por-doping-y-sera-sancionado-por-2-anos\/#breadcrumb"},"inLanguage":"es-AR","potentialAction":[{"@type":"ReadAction","target":["https:\/\/apuntesdesanluis.com\/index.php\/2023\/10\/20\/el-papu-gomez-dio-positivo-por-doping-y-sera-sancionado-por-2-anos\/"]}]},{"@type":"ImageObject","inLanguage":"es-AR","@id":"https:\/\/apuntesdesanluis.com\/index.php\/2023\/10\/20\/el-papu-gomez-dio-positivo-por-doping-y-sera-sancionado-por-2-anos\/#primaryimage","url":"https:\/\/apuntesdesanluis.com\/wp-content\/uploads\/2023\/10\/papu-1.png","contentUrl":"https:\/\/apuntesdesanluis.com\/wp-content\/uploads\/2023\/10\/papu-1.png","width":563,"height":383},{"@type":"BreadcrumbList","@id":"https:\/\/apuntesdesanluis.com\/index.php\/2023\/10\/20\/el-papu-gomez-dio-positivo-por-doping-y-sera-sancionado-por-2-anos\/#breadcrumb","itemListElement":[{"@type":"ListItem","position":1,"name":"Inicio","item":"https:\/\/apuntesdesanluis.com\/"},{"@type":"ListItem","position":2,"name":"EL &#8220;PAPU&#8221; G\u00d3MEZ DIO POSITIVO POR DOPING Y SER\u00c1 SANCIONADO POR 2 A\u00d1OS"}]},{"@type":"WebSite","@id":"https:\/\/apuntesdesanluis.com\/#website","url":"https:\/\/apuntesdesanluis.com\/","name":"Apuntes de San Luis","description":"","publisher":{"@id":"https:\/\/apuntesdesanluis.com\/#\/schema\/person\/b55151d52296fcce64d1a72538a70b90"},"potentialAction":[{"@type":"SearchAction","target":{"@type":"EntryPoint","urlTemplate":"https:\/\/apuntesdesanluis.com\/?s={search_term_string}"},"query-input":{"@type":"PropertyValueSpecification","valueRequired":true,"valueName":"search_term_string"}}],"inLanguage":"es-AR"},{"@type":["Person","Organization"],"@id":"https:\/\/apuntesdesanluis.com\/#\/schema\/person\/b55151d52296fcce64d1a72538a70b90","name":"apuntesdesanluis.com","image":{"@type":"ImageObject","inLanguage":"es-AR","@id":"https:\/\/apuntesdesanluis.com\/#\/schema\/person\/image\/","url":"https:\/\/apuntesdesanluis.com\/wp-content\/uploads\/2023\/07\/cropped-apuntesdesanluis.png","contentUrl":"https:\/\/apuntesdesanluis.com\/wp-content\/uploads\/2023\/07\/cropped-apuntesdesanluis.png","width":450,"height":112,"caption":"apuntesdesanluis.com"},"logo":{"@id":"https:\/\/apuntesdesanluis.com\/#\/schema\/person\/image\/"},"sameAs":["https:\/\/apuntesdesanluis.com"],"url":"https:\/\/apuntesdesanluis.com\/index.php\/author\/apuntesdesanluis-com\/"}]}},"featured_image_urls":{"full":["https:\/\/apuntesdesanluis.com\/wp-content\/uploads\/2023\/10\/papu-1.png",563,383,false],"thumbnail":["https:\/\/apuntesdesanluis.com\/wp-content\/uploads\/2023\/10\/papu-1-150x150.png",150,150,true],"medium":["https:\/\/apuntesdesanluis.com\/wp-content\/uploads\/2023\/10\/papu-1-300x204.png",300,204,true],"medium_large":["https:\/\/apuntesdesanluis.com\/wp-content\/uploads\/2023\/10\/papu-1.png",563,383,false],"large":["https:\/\/apuntesdesanluis.com\/wp-content\/uploads\/2023\/10\/papu-1.png",563,383,false],"1536x1536":["https:\/\/apuntesdesanluis.com\/wp-content\/uploads\/2023\/10\/papu-1.png",563,383,false],"2048x2048":["https:\/\/apuntesdesanluis.com\/wp-content\/uploads\/2023\/10\/papu-1.png",563,383,false],"newsever-slider-full":["https:\/\/apuntesdesanluis.com\/wp-content\/uploads\/2023\/10\/papu-1.png",563,383,false],"newsever-featured":["https:\/\/apuntesdesanluis.com\/wp-content\/uploads\/2023\/10\/papu-1.png",563,383,false],"newsever-medium":["https:\/\/apuntesdesanluis.com\/wp-content\/uploads\/2023\/10\/papu-1.png",563,383,false]},"author_info":{"display_name":"apuntesdesanluis.com","author_link":"https:\/\/apuntesdesanluis.com\/index.php\/author\/apuntesdesanluis-com\/"},"category_info":"<a href=\"https:\/\/apuntesdesanluis.com\/index.php\/category\/deportes\/\" rel=\"category tag\">Deportes<\/a> <a href=\"https:\/\/apuntesdesanluis.com\/index.php\/category\/nacionales-internacionales\/\" rel=\"category tag\">Nacionales\/Internacionales<\/a>","tag_info":"Nacionales\/Internacionales","comment_count":"0","_links":{"self":[{"href":"https:\/\/apuntesdesanluis.com\/index.php\/wp-json\/wp\/v2\/posts\/5509","targetHints":{"allow":["GET"]}}],"collection":[{"href":"https:\/\/apuntesdesanluis.com\/index.php\/wp-json\/wp\/v2\/posts"}],"about":[{"href":"https:\/\/apuntesdesanluis.com\/index.php\/wp-json\/wp\/v2\/types\/post"}],"author":[{"embeddable":true,"href":"https:\/\/apuntesdesanluis.com\/index.php\/wp-json\/wp\/v2\/users\/1"}],"replies":[{"embeddable":true,"href":"https:\/\/apuntesdesanluis.com\/index.php\/wp-json\/wp\/v2\/comments?post=5509"}],"version-history":[{"count":2,"href":"https:\/\/apuntesdesanluis.com\/index.php\/wp-json\/wp\/v2\/posts\/5509\/revisions"}],"predecessor-version":[{"id":5513,"href":"https:\/\/apuntesdesanluis.com\/index.php\/wp-json\/wp\/v2\/posts\/5509\/revisions\/5513"}],"wp:featuredmedia":[{"embeddable":true,"href":"https:\/\/apuntesdesanluis.com\/index.php\/wp-json\/wp\/v2\/media\/5514"}],"wp:attachment":[{"href":"https:\/\/apuntesdesanluis.com\/index.php\/wp-json\/wp\/v2\/media?parent=5509"}],"wp:term":[{"taxonomy":"category","embeddable":true,"href":"https:\/\/apuntesdesanluis.com\/index.php\/wp-json\/wp\/v2\/categories?post=5509"},{"taxonomy":"post_tag","embeddable":true,"href":"https:\/\/apuntesdesanluis.com\/index.php\/wp-json\/wp\/v2\/tags?post=5509"}],"curies":[{"name":"wp","href":"https:\/\/api.w.org\/{rel}","templated":true}]}}