{"id":5516,"date":"2023-10-21T18:08:49","date_gmt":"2023-10-21T21:08:49","guid":{"rendered":"https:\/\/apuntesdesanluis.com\/?p=5516"},"modified":"2023-10-21T18:09:07","modified_gmt":"2023-10-21T21:09:07","slug":"cayo-ezequiel-guazzora-tras-estar-mas-de-dos-meses-profugo-por-pedofilia","status":"publish","type":"post","link":"https:\/\/apuntesdesanluis.com\/index.php\/2023\/10\/21\/cayo-ezequiel-guazzora-tras-estar-mas-de-dos-meses-profugo-por-pedofilia\/","title":{"rendered":"CAY\u00d3 EZEQUIEL GUAZZORA TRAS ESTAR M\u00c1S DE DOS MESES PR\u00d3FUGO POR PEDOFILIA"},"content":{"rendered":"<h3>El periodista y ex candidato fue capturado esta madrugada por la Divisi\u00f3n Trata de Personas de la Polic\u00eda Federal. Estaba escondido en la casa de un amigo en Merlo.<\/h3>\n<h3>Luego de permanecer m\u00e1s de dos meses pr\u00f3fugo de la Justicia, el periodista <strong><span style=\"color: #000000;\">Ezequiel Guazzora<\/span><\/strong> fue detenido en la madrugada de este s\u00e1bado por la Divisi\u00f3n Trata de Personas de la Polic\u00eda Federal Argentina. Se refugiaba en la casa de un amigo en la calle Carlos Tejedor al 1300, municipio de Merlo.<\/h3>\n<h3>Guazzora era buscado a ra\u00edz de la denuncia de una ONG ante la PROTEX, hoy en d\u00eda causa que lleva el Juzgado Nac. en lo Crim. y Correc. N\u00ba 54 del Dr. Santiago Bignone, Sec. N\u00b0 73 a\/c Dra. Claudia Cavalleri, juntamente con la Unidad Fiscal de B\u00fasqueda de Pr\u00f3fugos (UFECI) a cargo del Doctor Carlos Mar\u00eda Campagnoli.<\/h3>\n<h3>El aberrante hecho que se le imputa es haber abusado sexualmente de una menor de quince a\u00f1os entregada por su madre al depravado a cambio de estupefacientes tanto para la v\u00edctima como para su progenitora.<\/h3>\n<h3>Al inmueble se arrib\u00f3 como resultado de an\u00e1lisis telef\u00f3nicos &#8211; el buscado cambio tres veces de celular -, barridos de antena, tareas de campo encubiertas que se fueron realizando d\u00eda tras d\u00eda de manera minuciosa por los pesquisas, acorde a datos aportados por testigos a la l\u00ednea 134.<\/h3>\n<p><img fetchpriority=\"high\" decoding=\"async\" class=\"wp-image-5518 aligncenter\" src=\"https:\/\/apuntesdesanluis.com\/wp-content\/uploads\/2023\/10\/guazzora-300x176.png\" alt=\"\" width=\"729\" height=\"428\" srcset=\"https:\/\/apuntesdesanluis.com\/wp-content\/uploads\/2023\/10\/guazzora-300x176.png 300w, https:\/\/apuntesdesanluis.com\/wp-content\/uploads\/2023\/10\/guazzora.png 600w\" sizes=\"(max-width: 729px) 100vw, 729px\" \/><\/p>\n<h4 style=\"text-align: center;\"><em>Guazzora, con su anterior fisonom\u00eda.<\/em><\/h4>\n<h3>Seg\u00fan pudo averiguar Noticias Argentinas, en el momento del arresto Guazzora estaba ensobrando boletas para candidatos de Gustavo Men\u00e9ndez, actual intendente de Merlo.<\/h3>\n<h3>Hasta hoy reg\u00eda una recompensa de cuatro millones de pesos para quien aporte datos del acusado.<\/h3>\n<h3>Con el fin de evadir el accionar policial, Guazzora hab\u00eda cambiado su fisonom\u00eda, ya no es m\u00e1s el barbado y sonriente que luce en las im\u00e1genes de sus redes sociales, hoy en d\u00eda luce pelado, afeitado y m\u00e1s relleno &#8211; para despistar a las fuerzas de seguridad y ocultarse mejor -.<\/h3>\n<p>&nbsp;<\/p>\n","protected":false},"excerpt":{"rendered":"<p>El periodista y ex candidato fue capturado esta madrugada por la Divisi\u00f3n Trata de Personas&#8230;<\/p>\n","protected":false},"author":1,"featured_media":5517,"comment_status":"closed","ping_status":"closed","sticky":false,"template":"","format":"standard","meta":{"footnotes":""},"categories":[5],"tags":[],"class_list":["post-5516","post","type-post","status-publish","format-standard","has-post-thumbnail","hentry","category-nacionales-internacionales"],"yoast_head":"<!-- This site is optimized with the Yoast SEO plugin v26.1.1 - https:\/\/yoast.com\/wordpress\/plugins\/seo\/ -->\n<title>CAY\u00d3 EZEQUIEL GUAZZORA TRAS ESTAR M\u00c1S DE DOS MESES PR\u00d3FUGO POR PEDOFILIA - Apuntes de San Luis<\/title>\n<meta name=\"robots\" content=\"index, follow, max-snippet:-1, max-image-preview:large, max-video-preview:-1\" \/>\n<link rel=\"canonical\" href=\"https:\/\/apuntesdesanluis.com\/index.php\/2023\/10\/21\/cayo-ezequiel-guazzora-tras-estar-mas-de-dos-meses-profugo-por-pedofilia\/\" \/>\n<meta property=\"og:locale\" content=\"es_ES\" \/>\n<meta property=\"og:type\" content=\"article\" \/>\n<meta property=\"og:title\" content=\"CAY\u00d3 EZEQUIEL GUAZZORA TRAS ESTAR M\u00c1S DE DOS MESES PR\u00d3FUGO POR PEDOFILIA - Apuntes de San Luis\" \/>\n<meta property=\"og:description\" content=\"El periodista y ex candidato fue capturado esta madrugada por la Divisi\u00f3n Trata de Personas...\" \/>\n<meta property=\"og:url\" content=\"https:\/\/apuntesdesanluis.com\/index.php\/2023\/10\/21\/cayo-ezequiel-guazzora-tras-estar-mas-de-dos-meses-profugo-por-pedofilia\/\" \/>\n<meta property=\"og:site_name\" content=\"Apuntes de San Luis\" \/>\n<meta property=\"article:published_time\" content=\"2023-10-21T21:08:49+00:00\" \/>\n<meta property=\"article:modified_time\" content=\"2023-10-21T21:09:07+00:00\" \/>\n<meta property=\"og:image\" content=\"https:\/\/apuntesdesanluis.com\/wp-content\/uploads\/2023\/10\/ezequiel-pelado.png\" \/>\n\t<meta property=\"og:image:width\" content=\"600\" \/>\n\t<meta property=\"og:image:height\" content=\"402\" \/>\n\t<meta property=\"og:image:type\" content=\"image\/png\" \/>\n<meta name=\"author\" content=\"apuntesdesanluis.com\" \/>\n<meta name=\"twitter:card\" content=\"summary_large_image\" \/>\n<meta name=\"twitter:label1\" content=\"Escrito por\" \/>\n\t<meta name=\"twitter:data1\" content=\"apuntesdesanluis.com\" \/>\n\t<meta name=\"twitter:label2\" content=\"Tiempo de lectura\" \/>\n\t<meta name=\"twitter:data2\" content=\"2 minutos\" \/>\n<script type=\"application\/ld+json\" class=\"yoast-schema-graph\">{\"@context\":\"https:\/\/schema.org\",\"@graph\":[{\"@type\":\"Article\",\"@id\":\"https:\/\/apuntesdesanluis.com\/index.php\/2023\/10\/21\/cayo-ezequiel-guazzora-tras-estar-mas-de-dos-meses-profugo-por-pedofilia\/#article\",\"isPartOf\":{\"@id\":\"https:\/\/apuntesdesanluis.com\/index.php\/2023\/10\/21\/cayo-ezequiel-guazzora-tras-estar-mas-de-dos-meses-profugo-por-pedofilia\/\"},\"author\":{\"name\":\"apuntesdesanluis.com\",\"@id\":\"https:\/\/apuntesdesanluis.com\/#\/schema\/person\/b55151d52296fcce64d1a72538a70b90\"},\"headline\":\"CAY\u00d3 EZEQUIEL GUAZZORA TRAS ESTAR M\u00c1S DE DOS MESES PR\u00d3FUGO POR PEDOFILIA\",\"datePublished\":\"2023-10-21T21:08:49+00:00\",\"dateModified\":\"2023-10-21T21:09:07+00:00\",\"mainEntityOfPage\":{\"@id\":\"https:\/\/apuntesdesanluis.com\/index.php\/2023\/10\/21\/cayo-ezequiel-guazzora-tras-estar-mas-de-dos-meses-profugo-por-pedofilia\/\"},\"wordCount\":358,\"publisher\":{\"@id\":\"https:\/\/apuntesdesanluis.com\/#\/schema\/person\/b55151d52296fcce64d1a72538a70b90\"},\"image\":{\"@id\":\"https:\/\/apuntesdesanluis.com\/index.php\/2023\/10\/21\/cayo-ezequiel-guazzora-tras-estar-mas-de-dos-meses-profugo-por-pedofilia\/#primaryimage\"},\"thumbnailUrl\":\"https:\/\/apuntesdesanluis.com\/wp-content\/uploads\/2023\/10\/ezequiel-pelado.png\",\"articleSection\":[\"Nacionales\/Internacionales\"],\"inLanguage\":\"es-AR\"},{\"@type\":\"WebPage\",\"@id\":\"https:\/\/apuntesdesanluis.com\/index.php\/2023\/10\/21\/cayo-ezequiel-guazzora-tras-estar-mas-de-dos-meses-profugo-por-pedofilia\/\",\"url\":\"https:\/\/apuntesdesanluis.com\/index.php\/2023\/10\/21\/cayo-ezequiel-guazzora-tras-estar-mas-de-dos-meses-profugo-por-pedofilia\/\",\"name\":\"CAY\u00d3 EZEQUIEL GUAZZORA TRAS ESTAR M\u00c1S DE DOS MESES PR\u00d3FUGO POR PEDOFILIA - Apuntes de San Luis\",\"isPartOf\":{\"@id\":\"https:\/\/apuntesdesanluis.com\/#website\"},\"primaryImageOfPage\":{\"@id\":\"https:\/\/apuntesdesanluis.com\/index.php\/2023\/10\/21\/cayo-ezequiel-guazzora-tras-estar-mas-de-dos-meses-profugo-por-pedofilia\/#primaryimage\"},\"image\":{\"@id\":\"https:\/\/apuntesdesanluis.com\/index.php\/2023\/10\/21\/cayo-ezequiel-guazzora-tras-estar-mas-de-dos-meses-profugo-por-pedofilia\/#primaryimage\"},\"thumbnailUrl\":\"https:\/\/apuntesdesanluis.com\/wp-content\/uploads\/2023\/10\/ezequiel-pelado.png\",\"datePublished\":\"2023-10-21T21:08:49+00:00\",\"dateModified\":\"2023-10-21T21:09:07+00:00\",\"breadcrumb\":{\"@id\":\"https:\/\/apuntesdesanluis.com\/index.php\/2023\/10\/21\/cayo-ezequiel-guazzora-tras-estar-mas-de-dos-meses-profugo-por-pedofilia\/#breadcrumb\"},\"inLanguage\":\"es-AR\",\"potentialAction\":[{\"@type\":\"ReadAction\",\"target\":[\"https:\/\/apuntesdesanluis.com\/index.php\/2023\/10\/21\/cayo-ezequiel-guazzora-tras-estar-mas-de-dos-meses-profugo-por-pedofilia\/\"]}]},{\"@type\":\"ImageObject\",\"inLanguage\":\"es-AR\",\"@id\":\"https:\/\/apuntesdesanluis.com\/index.php\/2023\/10\/21\/cayo-ezequiel-guazzora-tras-estar-mas-de-dos-meses-profugo-por-pedofilia\/#primaryimage\",\"url\":\"https:\/\/apuntesdesanluis.com\/wp-content\/uploads\/2023\/10\/ezequiel-pelado.png\",\"contentUrl\":\"https:\/\/apuntesdesanluis.com\/wp-content\/uploads\/2023\/10\/ezequiel-pelado.png\",\"width\":600,\"height\":402},{\"@type\":\"BreadcrumbList\",\"@id\":\"https:\/\/apuntesdesanluis.com\/index.php\/2023\/10\/21\/cayo-ezequiel-guazzora-tras-estar-mas-de-dos-meses-profugo-por-pedofilia\/#breadcrumb\",\"itemListElement\":[{\"@type\":\"ListItem\",\"position\":1,\"name\":\"Inicio\",\"item\":\"https:\/\/apuntesdesanluis.com\/\"},{\"@type\":\"ListItem\",\"position\":2,\"name\":\"CAY\u00d3 EZEQUIEL GUAZZORA TRAS ESTAR M\u00c1S DE DOS MESES PR\u00d3FUGO POR PEDOFILIA\"}]},{\"@type\":\"WebSite\",\"@id\":\"https:\/\/apuntesdesanluis.com\/#website\",\"url\":\"https:\/\/apuntesdesanluis.com\/\",\"name\":\"Apuntes de San Luis\",\"description\":\"\",\"publisher\":{\"@id\":\"https:\/\/apuntesdesanluis.com\/#\/schema\/person\/b55151d52296fcce64d1a72538a70b90\"},\"potentialAction\":[{\"@type\":\"SearchAction\",\"target\":{\"@type\":\"EntryPoint\",\"urlTemplate\":\"https:\/\/apuntesdesanluis.com\/?s={search_term_string}\"},\"query-input\":{\"@type\":\"PropertyValueSpecification\",\"valueRequired\":true,\"valueName\":\"search_term_string\"}}],\"inLanguage\":\"es-AR\"},{\"@type\":[\"Person\",\"Organization\"],\"@id\":\"https:\/\/apuntesdesanluis.com\/#\/schema\/person\/b55151d52296fcce64d1a72538a70b90\",\"name\":\"apuntesdesanluis.com\",\"image\":{\"@type\":\"ImageObject\",\"inLanguage\":\"es-AR\",\"@id\":\"https:\/\/apuntesdesanluis.com\/#\/schema\/person\/image\/\",\"url\":\"https:\/\/apuntesdesanluis.com\/wp-content\/uploads\/2023\/07\/cropped-apuntesdesanluis.png\",\"contentUrl\":\"https:\/\/apuntesdesanluis.com\/wp-content\/uploads\/2023\/07\/cropped-apuntesdesanluis.png\",\"width\":450,\"height\":112,\"caption\":\"apuntesdesanluis.com\"},\"logo\":{\"@id\":\"https:\/\/apuntesdesanluis.com\/#\/schema\/person\/image\/\"},\"sameAs\":[\"https:\/\/apuntesdesanluis.com\"],\"url\":\"https:\/\/apuntesdesanluis.com\/index.php\/author\/apuntesdesanluis-com\/\"}]}<\/script>\n<!-- \/ Yoast SEO plugin. -->","yoast_head_json":{"title":"CAY\u00d3 EZEQUIEL GUAZZORA TRAS ESTAR M\u00c1S DE DOS MESES PR\u00d3FUGO POR PEDOFILIA - Apuntes de San Luis","robots":{"index":"index","follow":"follow","max-snippet":"max-snippet:-1","max-image-preview":"max-image-preview:large","max-video-preview":"max-video-preview:-1"},"canonical":"https:\/\/apuntesdesanluis.com\/index.php\/2023\/10\/21\/cayo-ezequiel-guazzora-tras-estar-mas-de-dos-meses-profugo-por-pedofilia\/","og_locale":"es_ES","og_type":"article","og_title":"CAY\u00d3 EZEQUIEL GUAZZORA TRAS ESTAR M\u00c1S DE DOS MESES PR\u00d3FUGO POR PEDOFILIA - Apuntes de San Luis","og_description":"El periodista y ex candidato fue capturado esta madrugada por la Divisi\u00f3n Trata de Personas...","og_url":"https:\/\/apuntesdesanluis.com\/index.php\/2023\/10\/21\/cayo-ezequiel-guazzora-tras-estar-mas-de-dos-meses-profugo-por-pedofilia\/","og_site_name":"Apuntes de San Luis","article_published_time":"2023-10-21T21:08:49+00:00","article_modified_time":"2023-10-21T21:09:07+00:00","og_image":[{"width":600,"height":402,"url":"https:\/\/apuntesdesanluis.com\/wp-content\/uploads\/2023\/10\/ezequiel-pelado.png","type":"image\/png"}],"author":"apuntesdesanluis.com","twitter_card":"summary_large_image","twitter_misc":{"Escrito por":"apuntesdesanluis.com","Tiempo de lectura":"2 minutos"},"schema":{"@context":"https:\/\/schema.org","@graph":[{"@type":"Article","@id":"https:\/\/apuntesdesanluis.com\/index.php\/2023\/10\/21\/cayo-ezequiel-guazzora-tras-estar-mas-de-dos-meses-profugo-por-pedofilia\/#article","isPartOf":{"@id":"https:\/\/apuntesdesanluis.com\/index.php\/2023\/10\/21\/cayo-ezequiel-guazzora-tras-estar-mas-de-dos-meses-profugo-por-pedofilia\/"},"author":{"name":"apuntesdesanluis.com","@id":"https:\/\/apuntesdesanluis.com\/#\/schema\/person\/b55151d52296fcce64d1a72538a70b90"},"headline":"CAY\u00d3 EZEQUIEL GUAZZORA TRAS ESTAR M\u00c1S DE DOS MESES PR\u00d3FUGO POR PEDOFILIA","datePublished":"2023-10-21T21:08:49+00:00","dateModified":"2023-10-21T21:09:07+00:00","mainEntityOfPage":{"@id":"https:\/\/apuntesdesanluis.com\/index.php\/2023\/10\/21\/cayo-ezequiel-guazzora-tras-estar-mas-de-dos-meses-profugo-por-pedofilia\/"},"wordCount":358,"publisher":{"@id":"https:\/\/apuntesdesanluis.com\/#\/schema\/person\/b55151d52296fcce64d1a72538a70b90"},"image":{"@id":"https:\/\/apuntesdesanluis.com\/index.php\/2023\/10\/21\/cayo-ezequiel-guazzora-tras-estar-mas-de-dos-meses-profugo-por-pedofilia\/#primaryimage"},"thumbnailUrl":"https:\/\/apuntesdesanluis.com\/wp-content\/uploads\/2023\/10\/ezequiel-pelado.png","articleSection":["Nacionales\/Internacionales"],"inLanguage":"es-AR"},{"@type":"WebPage","@id":"https:\/\/apuntesdesanluis.com\/index.php\/2023\/10\/21\/cayo-ezequiel-guazzora-tras-estar-mas-de-dos-meses-profugo-por-pedofilia\/","url":"https:\/\/apuntesdesanluis.com\/index.php\/2023\/10\/21\/cayo-ezequiel-guazzora-tras-estar-mas-de-dos-meses-profugo-por-pedofilia\/","name":"CAY\u00d3 EZEQUIEL GUAZZORA TRAS ESTAR M\u00c1S DE DOS MESES PR\u00d3FUGO POR PEDOFILIA - Apuntes de San Luis","isPartOf":{"@id":"https:\/\/apuntesdesanluis.com\/#website"},"primaryImageOfPage":{"@id":"https:\/\/apuntesdesanluis.com\/index.php\/2023\/10\/21\/cayo-ezequiel-guazzora-tras-estar-mas-de-dos-meses-profugo-por-pedofilia\/#primaryimage"},"image":{"@id":"https:\/\/apuntesdesanluis.com\/index.php\/2023\/10\/21\/cayo-ezequiel-guazzora-tras-estar-mas-de-dos-meses-profugo-por-pedofilia\/#primaryimage"},"thumbnailUrl":"https:\/\/apuntesdesanluis.com\/wp-content\/uploads\/2023\/10\/ezequiel-pelado.png","datePublished":"2023-10-21T21:08:49+00:00","dateModified":"2023-10-21T21:09:07+00:00","breadcrumb":{"@id":"https:\/\/apuntesdesanluis.com\/index.php\/2023\/10\/21\/cayo-ezequiel-guazzora-tras-estar-mas-de-dos-meses-profugo-por-pedofilia\/#breadcrumb"},"inLanguage":"es-AR","potentialAction":[{"@type":"ReadAction","target":["https:\/\/apuntesdesanluis.com\/index.php\/2023\/10\/21\/cayo-ezequiel-guazzora-tras-estar-mas-de-dos-meses-profugo-por-pedofilia\/"]}]},{"@type":"ImageObject","inLanguage":"es-AR","@id":"https:\/\/apuntesdesanluis.com\/index.php\/2023\/10\/21\/cayo-ezequiel-guazzora-tras-estar-mas-de-dos-meses-profugo-por-pedofilia\/#primaryimage","url":"https:\/\/apuntesdesanluis.com\/wp-content\/uploads\/2023\/10\/ezequiel-pelado.png","contentUrl":"https:\/\/apuntesdesanluis.com\/wp-content\/uploads\/2023\/10\/ezequiel-pelado.png","width":600,"height":402},{"@type":"BreadcrumbList","@id":"https:\/\/apuntesdesanluis.com\/index.php\/2023\/10\/21\/cayo-ezequiel-guazzora-tras-estar-mas-de-dos-meses-profugo-por-pedofilia\/#breadcrumb","itemListElement":[{"@type":"ListItem","position":1,"name":"Inicio","item":"https:\/\/apuntesdesanluis.com\/"},{"@type":"ListItem","position":2,"name":"CAY\u00d3 EZEQUIEL GUAZZORA TRAS ESTAR M\u00c1S DE DOS MESES PR\u00d3FUGO POR PEDOFILIA"}]},{"@type":"WebSite","@id":"https:\/\/apuntesdesanluis.com\/#website","url":"https:\/\/apuntesdesanluis.com\/","name":"Apuntes de San Luis","description":"","publisher":{"@id":"https:\/\/apuntesdesanluis.com\/#\/schema\/person\/b55151d52296fcce64d1a72538a70b90"},"potentialAction":[{"@type":"SearchAction","target":{"@type":"EntryPoint","urlTemplate":"https:\/\/apuntesdesanluis.com\/?s={search_term_string}"},"query-input":{"@type":"PropertyValueSpecification","valueRequired":true,"valueName":"search_term_string"}}],"inLanguage":"es-AR"},{"@type":["Person","Organization"],"@id":"https:\/\/apuntesdesanluis.com\/#\/schema\/person\/b55151d52296fcce64d1a72538a70b90","name":"apuntesdesanluis.com","image":{"@type":"ImageObject","inLanguage":"es-AR","@id":"https:\/\/apuntesdesanluis.com\/#\/schema\/person\/image\/","url":"https:\/\/apuntesdesanluis.com\/wp-content\/uploads\/2023\/07\/cropped-apuntesdesanluis.png","contentUrl":"https:\/\/apuntesdesanluis.com\/wp-content\/uploads\/2023\/07\/cropped-apuntesdesanluis.png","width":450,"height":112,"caption":"apuntesdesanluis.com"},"logo":{"@id":"https:\/\/apuntesdesanluis.com\/#\/schema\/person\/image\/"},"sameAs":["https:\/\/apuntesdesanluis.com"],"url":"https:\/\/apuntesdesanluis.com\/index.php\/author\/apuntesdesanluis-com\/"}]}},"featured_image_urls":{"full":["https:\/\/apuntesdesanluis.com\/wp-content\/uploads\/2023\/10\/ezequiel-pelado.png",600,402,false],"thumbnail":["https:\/\/apuntesdesanluis.com\/wp-content\/uploads\/2023\/10\/ezequiel-pelado-150x150.png",150,150,true],"medium":["https:\/\/apuntesdesanluis.com\/wp-content\/uploads\/2023\/10\/ezequiel-pelado-300x201.png",300,201,true],"medium_large":["https:\/\/apuntesdesanluis.com\/wp-content\/uploads\/2023\/10\/ezequiel-pelado.png",600,402,false],"large":["https:\/\/apuntesdesanluis.com\/wp-content\/uploads\/2023\/10\/ezequiel-pelado.png",600,402,false],"1536x1536":["https:\/\/apuntesdesanluis.com\/wp-content\/uploads\/2023\/10\/ezequiel-pelado.png",600,402,false],"2048x2048":["https:\/\/apuntesdesanluis.com\/wp-content\/uploads\/2023\/10\/ezequiel-pelado.png",600,402,false],"newsever-slider-full":["https:\/\/apuntesdesanluis.com\/wp-content\/uploads\/2023\/10\/ezequiel-pelado.png",600,402,false],"newsever-featured":["https:\/\/apuntesdesanluis.com\/wp-content\/uploads\/2023\/10\/ezequiel-pelado.png",600,402,false],"newsever-medium":["https:\/\/apuntesdesanluis.com\/wp-content\/uploads\/2023\/10\/ezequiel-pelado.png",600,402,false]},"author_info":{"display_name":"apuntesdesanluis.com","author_link":"https:\/\/apuntesdesanluis.com\/index.php\/author\/apuntesdesanluis-com\/"},"category_info":"<a href=\"https:\/\/apuntesdesanluis.com\/index.php\/category\/nacionales-internacionales\/\" rel=\"category tag\">Nacionales\/Internacionales<\/a>","tag_info":"Nacionales\/Internacionales","comment_count":"0","_links":{"self":[{"href":"https:\/\/apuntesdesanluis.com\/index.php\/wp-json\/wp\/v2\/posts\/5516","targetHints":{"allow":["GET"]}}],"collection":[{"href":"https:\/\/apuntesdesanluis.com\/index.php\/wp-json\/wp\/v2\/posts"}],"about":[{"href":"https:\/\/apuntesdesanluis.com\/index.php\/wp-json\/wp\/v2\/types\/post"}],"author":[{"embeddable":true,"href":"https:\/\/apuntesdesanluis.com\/index.php\/wp-json\/wp\/v2\/users\/1"}],"replies":[{"embeddable":true,"href":"https:\/\/apuntesdesanluis.com\/index.php\/wp-json\/wp\/v2\/comments?post=5516"}],"version-history":[{"count":2,"href":"https:\/\/apuntesdesanluis.com\/index.php\/wp-json\/wp\/v2\/posts\/5516\/revisions"}],"predecessor-version":[{"id":5520,"href":"https:\/\/apuntesdesanluis.com\/index.php\/wp-json\/wp\/v2\/posts\/5516\/revisions\/5520"}],"wp:featuredmedia":[{"embeddable":true,"href":"https:\/\/apuntesdesanluis.com\/index.php\/wp-json\/wp\/v2\/media\/5517"}],"wp:attachment":[{"href":"https:\/\/apuntesdesanluis.com\/index.php\/wp-json\/wp\/v2\/media?parent=5516"}],"wp:term":[{"taxonomy":"category","embeddable":true,"href":"https:\/\/apuntesdesanluis.com\/index.php\/wp-json\/wp\/v2\/categories?post=5516"},{"taxonomy":"post_tag","embeddable":true,"href":"https:\/\/apuntesdesanluis.com\/index.php\/wp-json\/wp\/v2\/tags?post=5516"}],"curies":[{"name":"wp","href":"https:\/\/api.w.org\/{rel}","templated":true}]}}