{"id":5524,"date":"2023-10-21T18:15:57","date_gmt":"2023-10-21T21:15:57","guid":{"rendered":"https:\/\/apuntesdesanluis.com\/?p=5524"},"modified":"2023-10-21T18:29:13","modified_gmt":"2023-10-21T21:29:13","slug":"elecciones-de-gran-incertidumbre-con-milei-massa-y-bullrich-como-favoritos","status":"publish","type":"post","link":"https:\/\/apuntesdesanluis.com\/index.php\/2023\/10\/21\/elecciones-de-gran-incertidumbre-con-milei-massa-y-bullrich-como-favoritos\/","title":{"rendered":"ELECCIONES DE GRAN INCERTIDUMBRE, CON MILEI, MASSA Y BULLRICH COMO FAVORITOS"},"content":{"rendered":"<h3>Existe un fuerte interrogante entre dirigentes pol\u00edticos, empresariales y sindicales sobre los resultados, como pocas veces sucedi\u00f3 antes de una elecci\u00f3n.<\/h3>\n<h3>Los argentinos concurrir\u00e1n este domingo a las urnas en unas de las elecciones que mayor incertidumbre encierran en torno al resultado, con los candidatos Javier Milei, Sergio Massa y Patricia Bullrich pugnando por la Presidencia en el marco de un posible escenario de balotaje.<\/h3>\n<h3>Tras el bombazo de las PASO de agosto pasado cuando el postulante de La Libertad Avanza, Milei, un outsider que irrumpi\u00f3 hace s\u00f3lo dos a\u00f1os en la pol\u00edtica con la promesa de &#8220;barrer con la casta&#8221;, se alz\u00f3 con el primer lugar luego de que los sondeos lo ubicaban en un tercer puesto, ahora los interrogantes sobrevuelan como nunca sobre lo que pueda pasar este domingo.<\/h3>\n<h3>En medio de una crisis econ\u00f3mica y social que amenaza como nunca con llevarse puesto al sistema pol\u00edtico, a caballo de una inflaci\u00f3n interanual que supera el 130% y un nivel de pobreza que perfor\u00f3 el 40% de la poblaci\u00f3n del pa\u00eds, el diputado libertario logr\u00f3 montarse sobre esa situaci\u00f3n y dio el campanazo, mientras que ahora sostiene que tras las internas su candidatura despegar\u00e1 a\u00fan m\u00e1s y lograr\u00e1 alzarse con el triunfo en primera vuelta.<\/h3>\n<h3>Sin embargo, la mayor\u00eda de los sondeos le conceden a la f\u00f3rmula Milei-Victoria Villarruel el primer puesto para este domingo, pero remarcan que no lograr\u00eda el caudal de votos necesario para evitar una segunda vuelta.<\/h3>\n<h3>Justamente, en esa misi\u00f3n est\u00e1n los candidatos del oficialista Uni\u00f3n por la Patria, el ministro de Econom\u00eda, Sergio Massa, y de Juntos por el Cambio, Patricia Bullrich, quienes buscan forzar el balotaje previsto para el 19 de noviembre. Para ganar en primera vuelta, se debe obtener al menos el 45% de los votos o m\u00e1s del 40% con una diferencia de al menos 10 puntos del segundo.<\/h3>\n<h3>En su campa\u00f1a para tratar de recortar la diferencia que le sac\u00f3 Milei, Massa, quien va secundado por Agust\u00edn Rossi, apel\u00f3 a implementar una serie de medidas para tratar de llevar algo de alivio a los bolsillos de los diferentes sectores de la sociedad, lo cual fue duramente criticado por la oposici\u00f3n que lo acus\u00f3 de provocar m\u00e1s desequilibrios en la econom\u00eda y de espiralizar la ya alta inflaci\u00f3n.<\/h3>\n<h3>Por su parte, Bullrich, quien tiene como pustulante a vice a Luis Petri, logr\u00f3 para mantenerse competitiva aplacar las diferencias internas que se apoderaron en JxC luego de su triunfo en las PASO sobre el sector liderado por Horacio Rodr\u00edguez Larreta y de los coqueteos de Mauricio Macri con Milei. Adem\u00e1s, conf\u00eda en un impacto positivo de la designaci\u00f3n de Carlos Melconian como su ministro de Econom\u00eda en caso de ser Presidenta.<\/h3>\n<h3>De acuerdo a las encuestas, Massa contar\u00eda con una leve ventaja sobre Bullrich, pero los constantes desaciertos de los sondeos llevan a que sean mirados con cierta desconfianza. Por esta situaci\u00f3n es que existe una incertidumbre sobre los resultados como pocas veces sucedi\u00f3 antes de una elecci\u00f3n argentina, tal es as\u00ed que los propios dirigentes pol\u00edticos o empresarios lo expresan en contactos con periodistas.<\/h3>\n<h3>Asimismo, hasta que no abran las urnas el domingo por la noche, tampoco se sabe cu\u00e1l ser\u00e1 el impacto de episodios que se dieron tras las PASO, como el esc\u00e1ndalo de Mart\u00edn Insaurralde viajando en un yate por Marbella; el caso de las tarjetas de d\u00e9bito del puntero peronista Julio &#8220;Chocolate&#8221; Rigau; los dichos de un dirigente de La Libertad Avanza para romper relaciones con El Vaticano o los audios atribuidos a Melconian.<\/h3>\n<h3>La grilla de candidatos presidenciales la completan, sin chances reales de acceder a la Casa Rosada, el representante de Hacemos por Nuestro Pa\u00eds y actual gobernador cordob\u00e9s, Juan Schiaretti, (acompa\u00f1ado por Florencio Randazzo) y la postulante por el Frente de Izquierda, Myriam Bregman, (secundada por Nicol\u00e1s del Ca\u00f1o).<\/h3>\n<h3>Adem\u00e1s de la elecci\u00f3n del Presidente y Vicepresidente de la Naci\u00f3n, se definir\u00e1 la renovaci\u00f3n de 130 diputados nacionales y 24 senadores nacionales, y la designaci\u00f3n de 43 representantes al Parlasur, el \u00f3rgano legislativo del Mercosur.<\/h3>\n<h3>La nueva conformaci\u00f3n que tendr\u00e1 el Congreso ser\u00e1 especialmente importante porque ser\u00e1 all\u00ed donde se tratar\u00e1n importantes leyes que el pr\u00f3ximo Presidente enviar\u00e1 para llevar adelante las necesarias reformas para la pr\u00f3xima etapa del pa\u00eds. (Noticias Argentinas)<\/h3>\n<p>&nbsp;<\/p>\n<p>&nbsp;<\/p>\n<p>&nbsp;<\/p>\n<p>&nbsp;<\/p>\n<p>&nbsp;<\/p>\n<p>&nbsp;<\/p>\n","protected":false},"excerpt":{"rendered":"<p>Existe un fuerte interrogante entre dirigentes pol\u00edticos, empresariales y sindicales sobre los resultados, como pocas&#8230;<\/p>\n","protected":false},"author":1,"featured_media":5525,"comment_status":"closed","ping_status":"closed","sticky":false,"template":"","format":"standard","meta":{"footnotes":""},"categories":[5],"tags":[],"class_list":["post-5524","post","type-post","status-publish","format-standard","has-post-thumbnail","hentry","category-nacionales-internacionales"],"yoast_head":"<!-- This site is optimized with the Yoast SEO plugin v26.1.1 - https:\/\/yoast.com\/wordpress\/plugins\/seo\/ -->\n<title>ELECCIONES DE GRAN INCERTIDUMBRE, CON MILEI, MASSA Y BULLRICH COMO FAVORITOS - Apuntes de San Luis<\/title>\n<meta name=\"robots\" content=\"index, follow, max-snippet:-1, max-image-preview:large, max-video-preview:-1\" \/>\n<link rel=\"canonical\" href=\"https:\/\/apuntesdesanluis.com\/index.php\/2023\/10\/21\/elecciones-de-gran-incertidumbre-con-milei-massa-y-bullrich-como-favoritos\/\" \/>\n<meta property=\"og:locale\" content=\"es_ES\" \/>\n<meta property=\"og:type\" content=\"article\" \/>\n<meta property=\"og:title\" content=\"ELECCIONES DE GRAN INCERTIDUMBRE, CON MILEI, MASSA Y BULLRICH COMO FAVORITOS - Apuntes de San Luis\" \/>\n<meta property=\"og:description\" content=\"Existe un fuerte interrogante entre dirigentes pol\u00edticos, empresariales y sindicales sobre los resultados, como pocas...\" \/>\n<meta property=\"og:url\" content=\"https:\/\/apuntesdesanluis.com\/index.php\/2023\/10\/21\/elecciones-de-gran-incertidumbre-con-milei-massa-y-bullrich-como-favoritos\/\" \/>\n<meta property=\"og:site_name\" content=\"Apuntes de San Luis\" \/>\n<meta property=\"article:published_time\" content=\"2023-10-21T21:15:57+00:00\" \/>\n<meta property=\"article:modified_time\" content=\"2023-10-21T21:29:13+00:00\" \/>\n<meta property=\"og:image\" content=\"https:\/\/apuntesdesanluis.com\/wp-content\/uploads\/2023\/10\/milei-massa-y-bullrich.png\" \/>\n\t<meta property=\"og:image:width\" content=\"939\" \/>\n\t<meta property=\"og:image:height\" content=\"528\" \/>\n\t<meta property=\"og:image:type\" content=\"image\/png\" \/>\n<meta name=\"author\" content=\"apuntesdesanluis.com\" \/>\n<meta name=\"twitter:card\" content=\"summary_large_image\" \/>\n<meta name=\"twitter:label1\" content=\"Escrito por\" \/>\n\t<meta name=\"twitter:data1\" content=\"apuntesdesanluis.com\" \/>\n\t<meta name=\"twitter:label2\" content=\"Tiempo de lectura\" \/>\n\t<meta name=\"twitter:data2\" content=\"4 minutos\" \/>\n<script type=\"application\/ld+json\" class=\"yoast-schema-graph\">{\"@context\":\"https:\/\/schema.org\",\"@graph\":[{\"@type\":\"Article\",\"@id\":\"https:\/\/apuntesdesanluis.com\/index.php\/2023\/10\/21\/elecciones-de-gran-incertidumbre-con-milei-massa-y-bullrich-como-favoritos\/#article\",\"isPartOf\":{\"@id\":\"https:\/\/apuntesdesanluis.com\/index.php\/2023\/10\/21\/elecciones-de-gran-incertidumbre-con-milei-massa-y-bullrich-como-favoritos\/\"},\"author\":{\"name\":\"apuntesdesanluis.com\",\"@id\":\"https:\/\/apuntesdesanluis.com\/#\/schema\/person\/b55151d52296fcce64d1a72538a70b90\"},\"headline\":\"ELECCIONES DE GRAN INCERTIDUMBRE, CON MILEI, MASSA Y BULLRICH COMO FAVORITOS\",\"datePublished\":\"2023-10-21T21:15:57+00:00\",\"dateModified\":\"2023-10-21T21:29:13+00:00\",\"mainEntityOfPage\":{\"@id\":\"https:\/\/apuntesdesanluis.com\/index.php\/2023\/10\/21\/elecciones-de-gran-incertidumbre-con-milei-massa-y-bullrich-como-favoritos\/\"},\"wordCount\":772,\"publisher\":{\"@id\":\"https:\/\/apuntesdesanluis.com\/#\/schema\/person\/b55151d52296fcce64d1a72538a70b90\"},\"image\":{\"@id\":\"https:\/\/apuntesdesanluis.com\/index.php\/2023\/10\/21\/elecciones-de-gran-incertidumbre-con-milei-massa-y-bullrich-como-favoritos\/#primaryimage\"},\"thumbnailUrl\":\"https:\/\/apuntesdesanluis.com\/wp-content\/uploads\/2023\/10\/milei-massa-y-bullrich.png\",\"articleSection\":[\"Nacionales\/Internacionales\"],\"inLanguage\":\"es-AR\"},{\"@type\":\"WebPage\",\"@id\":\"https:\/\/apuntesdesanluis.com\/index.php\/2023\/10\/21\/elecciones-de-gran-incertidumbre-con-milei-massa-y-bullrich-como-favoritos\/\",\"url\":\"https:\/\/apuntesdesanluis.com\/index.php\/2023\/10\/21\/elecciones-de-gran-incertidumbre-con-milei-massa-y-bullrich-como-favoritos\/\",\"name\":\"ELECCIONES DE GRAN INCERTIDUMBRE, CON MILEI, MASSA Y BULLRICH COMO FAVORITOS - Apuntes de San Luis\",\"isPartOf\":{\"@id\":\"https:\/\/apuntesdesanluis.com\/#website\"},\"primaryImageOfPage\":{\"@id\":\"https:\/\/apuntesdesanluis.com\/index.php\/2023\/10\/21\/elecciones-de-gran-incertidumbre-con-milei-massa-y-bullrich-como-favoritos\/#primaryimage\"},\"image\":{\"@id\":\"https:\/\/apuntesdesanluis.com\/index.php\/2023\/10\/21\/elecciones-de-gran-incertidumbre-con-milei-massa-y-bullrich-como-favoritos\/#primaryimage\"},\"thumbnailUrl\":\"https:\/\/apuntesdesanluis.com\/wp-content\/uploads\/2023\/10\/milei-massa-y-bullrich.png\",\"datePublished\":\"2023-10-21T21:15:57+00:00\",\"dateModified\":\"2023-10-21T21:29:13+00:00\",\"breadcrumb\":{\"@id\":\"https:\/\/apuntesdesanluis.com\/index.php\/2023\/10\/21\/elecciones-de-gran-incertidumbre-con-milei-massa-y-bullrich-como-favoritos\/#breadcrumb\"},\"inLanguage\":\"es-AR\",\"potentialAction\":[{\"@type\":\"ReadAction\",\"target\":[\"https:\/\/apuntesdesanluis.com\/index.php\/2023\/10\/21\/elecciones-de-gran-incertidumbre-con-milei-massa-y-bullrich-como-favoritos\/\"]}]},{\"@type\":\"ImageObject\",\"inLanguage\":\"es-AR\",\"@id\":\"https:\/\/apuntesdesanluis.com\/index.php\/2023\/10\/21\/elecciones-de-gran-incertidumbre-con-milei-massa-y-bullrich-como-favoritos\/#primaryimage\",\"url\":\"https:\/\/apuntesdesanluis.com\/wp-content\/uploads\/2023\/10\/milei-massa-y-bullrich.png\",\"contentUrl\":\"https:\/\/apuntesdesanluis.com\/wp-content\/uploads\/2023\/10\/milei-massa-y-bullrich.png\",\"width\":939,\"height\":528},{\"@type\":\"BreadcrumbList\",\"@id\":\"https:\/\/apuntesdesanluis.com\/index.php\/2023\/10\/21\/elecciones-de-gran-incertidumbre-con-milei-massa-y-bullrich-como-favoritos\/#breadcrumb\",\"itemListElement\":[{\"@type\":\"ListItem\",\"position\":1,\"name\":\"Inicio\",\"item\":\"https:\/\/apuntesdesanluis.com\/\"},{\"@type\":\"ListItem\",\"position\":2,\"name\":\"ELECCIONES DE GRAN INCERTIDUMBRE, CON MILEI, MASSA Y BULLRICH COMO FAVORITOS\"}]},{\"@type\":\"WebSite\",\"@id\":\"https:\/\/apuntesdesanluis.com\/#website\",\"url\":\"https:\/\/apuntesdesanluis.com\/\",\"name\":\"Apuntes de San Luis\",\"description\":\"\",\"publisher\":{\"@id\":\"https:\/\/apuntesdesanluis.com\/#\/schema\/person\/b55151d52296fcce64d1a72538a70b90\"},\"potentialAction\":[{\"@type\":\"SearchAction\",\"target\":{\"@type\":\"EntryPoint\",\"urlTemplate\":\"https:\/\/apuntesdesanluis.com\/?s={search_term_string}\"},\"query-input\":{\"@type\":\"PropertyValueSpecification\",\"valueRequired\":true,\"valueName\":\"search_term_string\"}}],\"inLanguage\":\"es-AR\"},{\"@type\":[\"Person\",\"Organization\"],\"@id\":\"https:\/\/apuntesdesanluis.com\/#\/schema\/person\/b55151d52296fcce64d1a72538a70b90\",\"name\":\"apuntesdesanluis.com\",\"image\":{\"@type\":\"ImageObject\",\"inLanguage\":\"es-AR\",\"@id\":\"https:\/\/apuntesdesanluis.com\/#\/schema\/person\/image\/\",\"url\":\"https:\/\/apuntesdesanluis.com\/wp-content\/uploads\/2023\/07\/cropped-apuntesdesanluis.png\",\"contentUrl\":\"https:\/\/apuntesdesanluis.com\/wp-content\/uploads\/2023\/07\/cropped-apuntesdesanluis.png\",\"width\":450,\"height\":112,\"caption\":\"apuntesdesanluis.com\"},\"logo\":{\"@id\":\"https:\/\/apuntesdesanluis.com\/#\/schema\/person\/image\/\"},\"sameAs\":[\"https:\/\/apuntesdesanluis.com\"],\"url\":\"https:\/\/apuntesdesanluis.com\/index.php\/author\/apuntesdesanluis-com\/\"}]}<\/script>\n<!-- \/ Yoast SEO plugin. -->","yoast_head_json":{"title":"ELECCIONES DE GRAN INCERTIDUMBRE, CON MILEI, MASSA Y BULLRICH COMO FAVORITOS - Apuntes de San Luis","robots":{"index":"index","follow":"follow","max-snippet":"max-snippet:-1","max-image-preview":"max-image-preview:large","max-video-preview":"max-video-preview:-1"},"canonical":"https:\/\/apuntesdesanluis.com\/index.php\/2023\/10\/21\/elecciones-de-gran-incertidumbre-con-milei-massa-y-bullrich-como-favoritos\/","og_locale":"es_ES","og_type":"article","og_title":"ELECCIONES DE GRAN INCERTIDUMBRE, CON MILEI, MASSA Y BULLRICH COMO FAVORITOS - Apuntes de San Luis","og_description":"Existe un fuerte interrogante entre dirigentes pol\u00edticos, empresariales y sindicales sobre los resultados, como pocas...","og_url":"https:\/\/apuntesdesanluis.com\/index.php\/2023\/10\/21\/elecciones-de-gran-incertidumbre-con-milei-massa-y-bullrich-como-favoritos\/","og_site_name":"Apuntes de San Luis","article_published_time":"2023-10-21T21:15:57+00:00","article_modified_time":"2023-10-21T21:29:13+00:00","og_image":[{"width":939,"height":528,"url":"https:\/\/apuntesdesanluis.com\/wp-content\/uploads\/2023\/10\/milei-massa-y-bullrich.png","type":"image\/png"}],"author":"apuntesdesanluis.com","twitter_card":"summary_large_image","twitter_misc":{"Escrito por":"apuntesdesanluis.com","Tiempo de lectura":"4 minutos"},"schema":{"@context":"https:\/\/schema.org","@graph":[{"@type":"Article","@id":"https:\/\/apuntesdesanluis.com\/index.php\/2023\/10\/21\/elecciones-de-gran-incertidumbre-con-milei-massa-y-bullrich-como-favoritos\/#article","isPartOf":{"@id":"https:\/\/apuntesdesanluis.com\/index.php\/2023\/10\/21\/elecciones-de-gran-incertidumbre-con-milei-massa-y-bullrich-como-favoritos\/"},"author":{"name":"apuntesdesanluis.com","@id":"https:\/\/apuntesdesanluis.com\/#\/schema\/person\/b55151d52296fcce64d1a72538a70b90"},"headline":"ELECCIONES DE GRAN INCERTIDUMBRE, CON MILEI, MASSA Y BULLRICH COMO FAVORITOS","datePublished":"2023-10-21T21:15:57+00:00","dateModified":"2023-10-21T21:29:13+00:00","mainEntityOfPage":{"@id":"https:\/\/apuntesdesanluis.com\/index.php\/2023\/10\/21\/elecciones-de-gran-incertidumbre-con-milei-massa-y-bullrich-como-favoritos\/"},"wordCount":772,"publisher":{"@id":"https:\/\/apuntesdesanluis.com\/#\/schema\/person\/b55151d52296fcce64d1a72538a70b90"},"image":{"@id":"https:\/\/apuntesdesanluis.com\/index.php\/2023\/10\/21\/elecciones-de-gran-incertidumbre-con-milei-massa-y-bullrich-como-favoritos\/#primaryimage"},"thumbnailUrl":"https:\/\/apuntesdesanluis.com\/wp-content\/uploads\/2023\/10\/milei-massa-y-bullrich.png","articleSection":["Nacionales\/Internacionales"],"inLanguage":"es-AR"},{"@type":"WebPage","@id":"https:\/\/apuntesdesanluis.com\/index.php\/2023\/10\/21\/elecciones-de-gran-incertidumbre-con-milei-massa-y-bullrich-como-favoritos\/","url":"https:\/\/apuntesdesanluis.com\/index.php\/2023\/10\/21\/elecciones-de-gran-incertidumbre-con-milei-massa-y-bullrich-como-favoritos\/","name":"ELECCIONES DE GRAN INCERTIDUMBRE, CON MILEI, MASSA Y BULLRICH COMO FAVORITOS - Apuntes de San Luis","isPartOf":{"@id":"https:\/\/apuntesdesanluis.com\/#website"},"primaryImageOfPage":{"@id":"https:\/\/apuntesdesanluis.com\/index.php\/2023\/10\/21\/elecciones-de-gran-incertidumbre-con-milei-massa-y-bullrich-como-favoritos\/#primaryimage"},"image":{"@id":"https:\/\/apuntesdesanluis.com\/index.php\/2023\/10\/21\/elecciones-de-gran-incertidumbre-con-milei-massa-y-bullrich-como-favoritos\/#primaryimage"},"thumbnailUrl":"https:\/\/apuntesdesanluis.com\/wp-content\/uploads\/2023\/10\/milei-massa-y-bullrich.png","datePublished":"2023-10-21T21:15:57+00:00","dateModified":"2023-10-21T21:29:13+00:00","breadcrumb":{"@id":"https:\/\/apuntesdesanluis.com\/index.php\/2023\/10\/21\/elecciones-de-gran-incertidumbre-con-milei-massa-y-bullrich-como-favoritos\/#breadcrumb"},"inLanguage":"es-AR","potentialAction":[{"@type":"ReadAction","target":["https:\/\/apuntesdesanluis.com\/index.php\/2023\/10\/21\/elecciones-de-gran-incertidumbre-con-milei-massa-y-bullrich-como-favoritos\/"]}]},{"@type":"ImageObject","inLanguage":"es-AR","@id":"https:\/\/apuntesdesanluis.com\/index.php\/2023\/10\/21\/elecciones-de-gran-incertidumbre-con-milei-massa-y-bullrich-como-favoritos\/#primaryimage","url":"https:\/\/apuntesdesanluis.com\/wp-content\/uploads\/2023\/10\/milei-massa-y-bullrich.png","contentUrl":"https:\/\/apuntesdesanluis.com\/wp-content\/uploads\/2023\/10\/milei-massa-y-bullrich.png","width":939,"height":528},{"@type":"BreadcrumbList","@id":"https:\/\/apuntesdesanluis.com\/index.php\/2023\/10\/21\/elecciones-de-gran-incertidumbre-con-milei-massa-y-bullrich-como-favoritos\/#breadcrumb","itemListElement":[{"@type":"ListItem","position":1,"name":"Inicio","item":"https:\/\/apuntesdesanluis.com\/"},{"@type":"ListItem","position":2,"name":"ELECCIONES DE GRAN INCERTIDUMBRE, CON MILEI, MASSA Y BULLRICH COMO FAVORITOS"}]},{"@type":"WebSite","@id":"https:\/\/apuntesdesanluis.com\/#website","url":"https:\/\/apuntesdesanluis.com\/","name":"Apuntes de San Luis","description":"","publisher":{"@id":"https:\/\/apuntesdesanluis.com\/#\/schema\/person\/b55151d52296fcce64d1a72538a70b90"},"potentialAction":[{"@type":"SearchAction","target":{"@type":"EntryPoint","urlTemplate":"https:\/\/apuntesdesanluis.com\/?s={search_term_string}"},"query-input":{"@type":"PropertyValueSpecification","valueRequired":true,"valueName":"search_term_string"}}],"inLanguage":"es-AR"},{"@type":["Person","Organization"],"@id":"https:\/\/apuntesdesanluis.com\/#\/schema\/person\/b55151d52296fcce64d1a72538a70b90","name":"apuntesdesanluis.com","image":{"@type":"ImageObject","inLanguage":"es-AR","@id":"https:\/\/apuntesdesanluis.com\/#\/schema\/person\/image\/","url":"https:\/\/apuntesdesanluis.com\/wp-content\/uploads\/2023\/07\/cropped-apuntesdesanluis.png","contentUrl":"https:\/\/apuntesdesanluis.com\/wp-content\/uploads\/2023\/07\/cropped-apuntesdesanluis.png","width":450,"height":112,"caption":"apuntesdesanluis.com"},"logo":{"@id":"https:\/\/apuntesdesanluis.com\/#\/schema\/person\/image\/"},"sameAs":["https:\/\/apuntesdesanluis.com"],"url":"https:\/\/apuntesdesanluis.com\/index.php\/author\/apuntesdesanluis-com\/"}]}},"featured_image_urls":{"full":["https:\/\/apuntesdesanluis.com\/wp-content\/uploads\/2023\/10\/milei-massa-y-bullrich.png",939,528,false],"thumbnail":["https:\/\/apuntesdesanluis.com\/wp-content\/uploads\/2023\/10\/milei-massa-y-bullrich-150x150.png",150,150,true],"medium":["https:\/\/apuntesdesanluis.com\/wp-content\/uploads\/2023\/10\/milei-massa-y-bullrich-300x169.png",300,169,true],"medium_large":["https:\/\/apuntesdesanluis.com\/wp-content\/uploads\/2023\/10\/milei-massa-y-bullrich-768x432.png",640,360,true],"large":["https:\/\/apuntesdesanluis.com\/wp-content\/uploads\/2023\/10\/milei-massa-y-bullrich.png",640,360,false],"1536x1536":["https:\/\/apuntesdesanluis.com\/wp-content\/uploads\/2023\/10\/milei-massa-y-bullrich.png",939,528,false],"2048x2048":["https:\/\/apuntesdesanluis.com\/wp-content\/uploads\/2023\/10\/milei-massa-y-bullrich.png",939,528,false],"newsever-slider-full":["https:\/\/apuntesdesanluis.com\/wp-content\/uploads\/2023\/10\/milei-massa-y-bullrich.png",939,528,false],"newsever-featured":["https:\/\/apuntesdesanluis.com\/wp-content\/uploads\/2023\/10\/milei-massa-y-bullrich.png",939,528,false],"newsever-medium":["https:\/\/apuntesdesanluis.com\/wp-content\/uploads\/2023\/10\/milei-massa-y-bullrich-720x475.png",720,475,true]},"author_info":{"display_name":"apuntesdesanluis.com","author_link":"https:\/\/apuntesdesanluis.com\/index.php\/author\/apuntesdesanluis-com\/"},"category_info":"<a href=\"https:\/\/apuntesdesanluis.com\/index.php\/category\/nacionales-internacionales\/\" rel=\"category tag\">Nacionales\/Internacionales<\/a>","tag_info":"Nacionales\/Internacionales","comment_count":"0","_links":{"self":[{"href":"https:\/\/apuntesdesanluis.com\/index.php\/wp-json\/wp\/v2\/posts\/5524","targetHints":{"allow":["GET"]}}],"collection":[{"href":"https:\/\/apuntesdesanluis.com\/index.php\/wp-json\/wp\/v2\/posts"}],"about":[{"href":"https:\/\/apuntesdesanluis.com\/index.php\/wp-json\/wp\/v2\/types\/post"}],"author":[{"embeddable":true,"href":"https:\/\/apuntesdesanluis.com\/index.php\/wp-json\/wp\/v2\/users\/1"}],"replies":[{"embeddable":true,"href":"https:\/\/apuntesdesanluis.com\/index.php\/wp-json\/wp\/v2\/comments?post=5524"}],"version-history":[{"count":2,"href":"https:\/\/apuntesdesanluis.com\/index.php\/wp-json\/wp\/v2\/posts\/5524\/revisions"}],"predecessor-version":[{"id":5534,"href":"https:\/\/apuntesdesanluis.com\/index.php\/wp-json\/wp\/v2\/posts\/5524\/revisions\/5534"}],"wp:featuredmedia":[{"embeddable":true,"href":"https:\/\/apuntesdesanluis.com\/index.php\/wp-json\/wp\/v2\/media\/5525"}],"wp:attachment":[{"href":"https:\/\/apuntesdesanluis.com\/index.php\/wp-json\/wp\/v2\/media?parent=5524"}],"wp:term":[{"taxonomy":"category","embeddable":true,"href":"https:\/\/apuntesdesanluis.com\/index.php\/wp-json\/wp\/v2\/categories?post=5524"},{"taxonomy":"post_tag","embeddable":true,"href":"https:\/\/apuntesdesanluis.com\/index.php\/wp-json\/wp\/v2\/tags?post=5524"}],"curies":[{"name":"wp","href":"https:\/\/api.w.org\/{rel}","templated":true}]}}