{"id":5527,"date":"2023-10-21T18:22:01","date_gmt":"2023-10-21T21:22:01","guid":{"rendered":"https:\/\/apuntesdesanluis.com\/?p=5527"},"modified":"2023-10-21T18:27:55","modified_gmt":"2023-10-21T21:27:55","slug":"rigen-alertas-naranjas-y-amarillas-por-tormentas-fuertes-en-san-luis-y-otras-siete-provincias","status":"publish","type":"post","link":"https:\/\/apuntesdesanluis.com\/index.php\/2023\/10\/21\/rigen-alertas-naranjas-y-amarillas-por-tormentas-fuertes-en-san-luis-y-otras-siete-provincias\/","title":{"rendered":"RIGEN ALERTAS NARANJAS Y AMARILLAS POR TORMENTAS FUERTES EN SAN LUIS Y OTRAS SIETE PROVINCIAS"},"content":{"rendered":"<h3>El centro y el norte del pa\u00eds estar\u00e1n bajo alerta. Hay probabilidades de lluvia para la Ciudad de Buenos Aires durante el fin de semana.<\/h3>\n<h3>El Servicio Meteorol\u00f3gico Nacional (SMN) emiti\u00f3 esta ma\u00f1ana alertas naranjas y amarillas por tormentas fuertes, que pueden estar acompa\u00f1adas por ca\u00edda de granizo, para zonas de Salta, C\u00f3rdoba, Santa Fe, Mendoza, Buenos Aires, San Luis, La Pampa y R\u00edo Negro.<\/h3>\n<p><img fetchpriority=\"high\" decoding=\"async\" class=\"wp-image-5528 aligncenter\" src=\"https:\/\/apuntesdesanluis.com\/wp-content\/uploads\/2023\/10\/ALERTA-300x253.png\" alt=\"\" width=\"605\" height=\"510\" srcset=\"https:\/\/apuntesdesanluis.com\/wp-content\/uploads\/2023\/10\/ALERTA-300x253.png 300w, https:\/\/apuntesdesanluis.com\/wp-content\/uploads\/2023\/10\/ALERTA.png 675w\" sizes=\"(max-width: 605px) 100vw, 605px\" \/><\/p>\n<h3>Las zonas alcanzadas por alerta de nivel naranja son el sur cordob\u00e9s, en zonas como General Roca, Presidente Roque S\u00e1enz Pe\u00f1a; y el oeste de Buenos Aires en localidades como Adolfo Alsina, Daireaux, Guamin\u00ed, Pellegrini, Salliquel\u00f3, Trenque Lauquen y Tres Lomas.<\/h3>\n<h3>La misma advertencia fue emitida para el norte de La Pampa en las zonas de Brand Atreuc\u00f3, la Capital, Catril\u00f3, Conhelo, Guatrach\u00e9, Quem\u00fa Quem\u00fa, Toay, Utrac\u00e1n, Chapaleuf\u00fa, Marac\u00f3, Rancul, Realic\u00f3 y Trenel. Estas \u00e1reas tendr\u00e1n lluvias y tormentas de intensidad fuerte o localmente severa, seg\u00fan se\u00f1al\u00f3 el SMN.<\/h3>\n<h3>Las mismas pueden estar acompa\u00f1adas por ca\u00edda de granizo, r\u00e1fagas intensas, fuerte actividad el\u00e9ctrica y abundante ca\u00edda de agua en cortos per\u00edodos, donde se esperan valores de precipitaci\u00f3n acumulada entre 40 y 90 mil\u00edmetros, pudiendo ser superados de manera local.<\/h3>\n<h3>En tanto, el organismo emiti\u00f3 alertas de nivel amarillo para las localidades salte\u00f1as de General Jos\u00e9 de San Mart\u00edn, Yungas de Iruya, de Or\u00e1n y de Santa Victoria. Tambi\u00e9n para gran parte de la provincia de Mendoza, como el este de Las Heras, La Paz, Lavalle, San Mart\u00edn, Santa Rosa, General Alvear, zona baja de San Rafael; adem\u00e1s de todo el territorio de San Luis y el centro-sur de C\u00f3rdoba como en las localidades de General San Mart\u00edn, Marcos Ju\u00e1rez y Uni\u00f3n.<\/h3>\n<h3>Adem\u00e1s, otras ciudades del sur de Santa Fe, como Caseros y General L\u00f3pez tienen esa alerta por tormentas intensas para gran parte de la provincia de Buenos Aires, incluida la Costa atl\u00e1ntica.<\/h3>\n<h3>Pron\u00f3stico para este domingo, emitido por la Red de Estaciones Meteorol\u00f3gicas de la provincia:<\/h3>\n<p><img decoding=\"async\" class=\"wp-image-5532 aligncenter\" src=\"https:\/\/apuntesdesanluis.com\/wp-content\/uploads\/2023\/10\/PRONOSTICO-DOMINGO-22-300x300.jpg\" alt=\"\" width=\"558\" height=\"558\" srcset=\"https:\/\/apuntesdesanluis.com\/wp-content\/uploads\/2023\/10\/PRONOSTICO-DOMINGO-22-300x300.jpg 300w, https:\/\/apuntesdesanluis.com\/wp-content\/uploads\/2023\/10\/PRONOSTICO-DOMINGO-22-150x150.jpg 150w, https:\/\/apuntesdesanluis.com\/wp-content\/uploads\/2023\/10\/PRONOSTICO-DOMINGO-22.jpg 600w\" sizes=\"(max-width: 558px) 100vw, 558px\" \/><\/p>\n<h3>ALERTA AMARILLA PARA LA PAMPA Y R\u00cdO NEGRO<\/h3>\n<h3>La alerta amarilla tambi\u00e9n rige para gran parte de La Pampa y todo el territorio de R\u00edo Negro. Estas zonas ser\u00e1n afectadas por lluvias y tormentas aisladas, algunas localmente fuertes, que pueden estar acompa\u00f1adas por r\u00e1fagas, importante actividad el\u00e9ctrica, ocasional ca\u00edda de granizo y abundante ca\u00edda de agua en cortos per\u00edodos. Se esperan valores de precipitaci\u00f3n acumulada entre 10 y 20 mil\u00edmetros, pudiendo ser superados en forma puntual.<\/h3>\n<h3>El organismo meteorol\u00f3gico recomend\u00f3 a los habitantes de todas las zonas bajo alerta por lluvia que no saquen la basura y retiren objetos que impidan que el agua escurra, que eviten actividades al aire libre y que no se refugien cerca de \u00e1rboles y postes de electricidad que puedan caerse. Para minimizar el riesgo de ser alcanzado por un rayo, el SMN aconseja evitar permanecer en playas, r\u00edos, lagunas o piletas y estar atento ante la posible ca\u00edda de granizo.<\/h3>\n","protected":false},"excerpt":{"rendered":"<p>El centro y el norte del pa\u00eds estar\u00e1n bajo alerta. Hay probabilidades de lluvia para&#8230;<\/p>\n","protected":false},"author":1,"featured_media":5529,"comment_status":"closed","ping_status":"closed","sticky":false,"template":"","format":"standard","meta":{"footnotes":""},"categories":[5],"tags":[],"class_list":["post-5527","post","type-post","status-publish","format-standard","has-post-thumbnail","hentry","category-nacionales-internacionales"],"yoast_head":"<!-- This site is optimized with the Yoast SEO plugin v26.1.1 - https:\/\/yoast.com\/wordpress\/plugins\/seo\/ -->\n<title>RIGEN ALERTAS NARANJAS Y AMARILLAS POR TORMENTAS FUERTES EN SAN LUIS Y OTRAS SIETE PROVINCIAS - Apuntes de San Luis<\/title>\n<meta name=\"robots\" content=\"index, follow, max-snippet:-1, max-image-preview:large, max-video-preview:-1\" \/>\n<link rel=\"canonical\" href=\"https:\/\/apuntesdesanluis.com\/index.php\/2023\/10\/21\/rigen-alertas-naranjas-y-amarillas-por-tormentas-fuertes-en-san-luis-y-otras-siete-provincias\/\" \/>\n<meta property=\"og:locale\" content=\"es_ES\" \/>\n<meta property=\"og:type\" content=\"article\" \/>\n<meta property=\"og:title\" content=\"RIGEN ALERTAS NARANJAS Y AMARILLAS POR TORMENTAS FUERTES EN SAN LUIS Y OTRAS SIETE PROVINCIAS - Apuntes de San Luis\" \/>\n<meta property=\"og:description\" content=\"El centro y el norte del pa\u00eds estar\u00e1n bajo alerta. Hay probabilidades de lluvia para...\" \/>\n<meta property=\"og:url\" content=\"https:\/\/apuntesdesanluis.com\/index.php\/2023\/10\/21\/rigen-alertas-naranjas-y-amarillas-por-tormentas-fuertes-en-san-luis-y-otras-siete-provincias\/\" \/>\n<meta property=\"og:site_name\" content=\"Apuntes de San Luis\" \/>\n<meta property=\"article:published_time\" content=\"2023-10-21T21:22:01+00:00\" \/>\n<meta property=\"article:modified_time\" content=\"2023-10-21T21:27:55+00:00\" \/>\n<meta property=\"og:image\" content=\"https:\/\/apuntesdesanluis.com\/wp-content\/uploads\/2023\/10\/TORMENTA.png\" \/>\n\t<meta property=\"og:image:width\" content=\"683\" \/>\n\t<meta property=\"og:image:height\" content=\"398\" \/>\n\t<meta property=\"og:image:type\" content=\"image\/png\" \/>\n<meta name=\"author\" content=\"apuntesdesanluis.com\" \/>\n<meta name=\"twitter:card\" content=\"summary_large_image\" \/>\n<meta name=\"twitter:label1\" content=\"Escrito por\" \/>\n\t<meta name=\"twitter:data1\" content=\"apuntesdesanluis.com\" \/>\n\t<meta name=\"twitter:label2\" content=\"Tiempo de lectura\" \/>\n\t<meta name=\"twitter:data2\" content=\"3 minutos\" \/>\n<script type=\"application\/ld+json\" class=\"yoast-schema-graph\">{\"@context\":\"https:\/\/schema.org\",\"@graph\":[{\"@type\":\"Article\",\"@id\":\"https:\/\/apuntesdesanluis.com\/index.php\/2023\/10\/21\/rigen-alertas-naranjas-y-amarillas-por-tormentas-fuertes-en-san-luis-y-otras-siete-provincias\/#article\",\"isPartOf\":{\"@id\":\"https:\/\/apuntesdesanluis.com\/index.php\/2023\/10\/21\/rigen-alertas-naranjas-y-amarillas-por-tormentas-fuertes-en-san-luis-y-otras-siete-provincias\/\"},\"author\":{\"name\":\"apuntesdesanluis.com\",\"@id\":\"https:\/\/apuntesdesanluis.com\/#\/schema\/person\/b55151d52296fcce64d1a72538a70b90\"},\"headline\":\"RIGEN ALERTAS NARANJAS Y AMARILLAS POR TORMENTAS FUERTES EN SAN LUIS Y OTRAS SIETE PROVINCIAS\",\"datePublished\":\"2023-10-21T21:22:01+00:00\",\"dateModified\":\"2023-10-21T21:27:55+00:00\",\"mainEntityOfPage\":{\"@id\":\"https:\/\/apuntesdesanluis.com\/index.php\/2023\/10\/21\/rigen-alertas-naranjas-y-amarillas-por-tormentas-fuertes-en-san-luis-y-otras-siete-provincias\/\"},\"wordCount\":542,\"publisher\":{\"@id\":\"https:\/\/apuntesdesanluis.com\/#\/schema\/person\/b55151d52296fcce64d1a72538a70b90\"},\"image\":{\"@id\":\"https:\/\/apuntesdesanluis.com\/index.php\/2023\/10\/21\/rigen-alertas-naranjas-y-amarillas-por-tormentas-fuertes-en-san-luis-y-otras-siete-provincias\/#primaryimage\"},\"thumbnailUrl\":\"https:\/\/apuntesdesanluis.com\/wp-content\/uploads\/2023\/10\/TORMENTA.png\",\"articleSection\":[\"Nacionales\/Internacionales\"],\"inLanguage\":\"es-AR\"},{\"@type\":\"WebPage\",\"@id\":\"https:\/\/apuntesdesanluis.com\/index.php\/2023\/10\/21\/rigen-alertas-naranjas-y-amarillas-por-tormentas-fuertes-en-san-luis-y-otras-siete-provincias\/\",\"url\":\"https:\/\/apuntesdesanluis.com\/index.php\/2023\/10\/21\/rigen-alertas-naranjas-y-amarillas-por-tormentas-fuertes-en-san-luis-y-otras-siete-provincias\/\",\"name\":\"RIGEN ALERTAS NARANJAS Y AMARILLAS POR TORMENTAS FUERTES EN SAN LUIS Y OTRAS SIETE PROVINCIAS - Apuntes de San Luis\",\"isPartOf\":{\"@id\":\"https:\/\/apuntesdesanluis.com\/#website\"},\"primaryImageOfPage\":{\"@id\":\"https:\/\/apuntesdesanluis.com\/index.php\/2023\/10\/21\/rigen-alertas-naranjas-y-amarillas-por-tormentas-fuertes-en-san-luis-y-otras-siete-provincias\/#primaryimage\"},\"image\":{\"@id\":\"https:\/\/apuntesdesanluis.com\/index.php\/2023\/10\/21\/rigen-alertas-naranjas-y-amarillas-por-tormentas-fuertes-en-san-luis-y-otras-siete-provincias\/#primaryimage\"},\"thumbnailUrl\":\"https:\/\/apuntesdesanluis.com\/wp-content\/uploads\/2023\/10\/TORMENTA.png\",\"datePublished\":\"2023-10-21T21:22:01+00:00\",\"dateModified\":\"2023-10-21T21:27:55+00:00\",\"breadcrumb\":{\"@id\":\"https:\/\/apuntesdesanluis.com\/index.php\/2023\/10\/21\/rigen-alertas-naranjas-y-amarillas-por-tormentas-fuertes-en-san-luis-y-otras-siete-provincias\/#breadcrumb\"},\"inLanguage\":\"es-AR\",\"potentialAction\":[{\"@type\":\"ReadAction\",\"target\":[\"https:\/\/apuntesdesanluis.com\/index.php\/2023\/10\/21\/rigen-alertas-naranjas-y-amarillas-por-tormentas-fuertes-en-san-luis-y-otras-siete-provincias\/\"]}]},{\"@type\":\"ImageObject\",\"inLanguage\":\"es-AR\",\"@id\":\"https:\/\/apuntesdesanluis.com\/index.php\/2023\/10\/21\/rigen-alertas-naranjas-y-amarillas-por-tormentas-fuertes-en-san-luis-y-otras-siete-provincias\/#primaryimage\",\"url\":\"https:\/\/apuntesdesanluis.com\/wp-content\/uploads\/2023\/10\/TORMENTA.png\",\"contentUrl\":\"https:\/\/apuntesdesanluis.com\/wp-content\/uploads\/2023\/10\/TORMENTA.png\",\"width\":683,\"height\":398},{\"@type\":\"BreadcrumbList\",\"@id\":\"https:\/\/apuntesdesanluis.com\/index.php\/2023\/10\/21\/rigen-alertas-naranjas-y-amarillas-por-tormentas-fuertes-en-san-luis-y-otras-siete-provincias\/#breadcrumb\",\"itemListElement\":[{\"@type\":\"ListItem\",\"position\":1,\"name\":\"Inicio\",\"item\":\"https:\/\/apuntesdesanluis.com\/\"},{\"@type\":\"ListItem\",\"position\":2,\"name\":\"RIGEN ALERTAS NARANJAS Y AMARILLAS POR TORMENTAS FUERTES EN SAN LUIS Y OTRAS SIETE PROVINCIAS\"}]},{\"@type\":\"WebSite\",\"@id\":\"https:\/\/apuntesdesanluis.com\/#website\",\"url\":\"https:\/\/apuntesdesanluis.com\/\",\"name\":\"Apuntes de San Luis\",\"description\":\"\",\"publisher\":{\"@id\":\"https:\/\/apuntesdesanluis.com\/#\/schema\/person\/b55151d52296fcce64d1a72538a70b90\"},\"potentialAction\":[{\"@type\":\"SearchAction\",\"target\":{\"@type\":\"EntryPoint\",\"urlTemplate\":\"https:\/\/apuntesdesanluis.com\/?s={search_term_string}\"},\"query-input\":{\"@type\":\"PropertyValueSpecification\",\"valueRequired\":true,\"valueName\":\"search_term_string\"}}],\"inLanguage\":\"es-AR\"},{\"@type\":[\"Person\",\"Organization\"],\"@id\":\"https:\/\/apuntesdesanluis.com\/#\/schema\/person\/b55151d52296fcce64d1a72538a70b90\",\"name\":\"apuntesdesanluis.com\",\"image\":{\"@type\":\"ImageObject\",\"inLanguage\":\"es-AR\",\"@id\":\"https:\/\/apuntesdesanluis.com\/#\/schema\/person\/image\/\",\"url\":\"https:\/\/apuntesdesanluis.com\/wp-content\/uploads\/2023\/07\/cropped-apuntesdesanluis.png\",\"contentUrl\":\"https:\/\/apuntesdesanluis.com\/wp-content\/uploads\/2023\/07\/cropped-apuntesdesanluis.png\",\"width\":450,\"height\":112,\"caption\":\"apuntesdesanluis.com\"},\"logo\":{\"@id\":\"https:\/\/apuntesdesanluis.com\/#\/schema\/person\/image\/\"},\"sameAs\":[\"https:\/\/apuntesdesanluis.com\"],\"url\":\"https:\/\/apuntesdesanluis.com\/index.php\/author\/apuntesdesanluis-com\/\"}]}<\/script>\n<!-- \/ Yoast SEO plugin. -->","yoast_head_json":{"title":"RIGEN ALERTAS NARANJAS Y AMARILLAS POR TORMENTAS FUERTES EN SAN LUIS Y OTRAS SIETE PROVINCIAS - Apuntes de San Luis","robots":{"index":"index","follow":"follow","max-snippet":"max-snippet:-1","max-image-preview":"max-image-preview:large","max-video-preview":"max-video-preview:-1"},"canonical":"https:\/\/apuntesdesanluis.com\/index.php\/2023\/10\/21\/rigen-alertas-naranjas-y-amarillas-por-tormentas-fuertes-en-san-luis-y-otras-siete-provincias\/","og_locale":"es_ES","og_type":"article","og_title":"RIGEN ALERTAS NARANJAS Y AMARILLAS POR TORMENTAS FUERTES EN SAN LUIS Y OTRAS SIETE PROVINCIAS - Apuntes de San Luis","og_description":"El centro y el norte del pa\u00eds estar\u00e1n bajo alerta. Hay probabilidades de lluvia para...","og_url":"https:\/\/apuntesdesanluis.com\/index.php\/2023\/10\/21\/rigen-alertas-naranjas-y-amarillas-por-tormentas-fuertes-en-san-luis-y-otras-siete-provincias\/","og_site_name":"Apuntes de San Luis","article_published_time":"2023-10-21T21:22:01+00:00","article_modified_time":"2023-10-21T21:27:55+00:00","og_image":[{"width":683,"height":398,"url":"https:\/\/apuntesdesanluis.com\/wp-content\/uploads\/2023\/10\/TORMENTA.png","type":"image\/png"}],"author":"apuntesdesanluis.com","twitter_card":"summary_large_image","twitter_misc":{"Escrito por":"apuntesdesanluis.com","Tiempo de lectura":"3 minutos"},"schema":{"@context":"https:\/\/schema.org","@graph":[{"@type":"Article","@id":"https:\/\/apuntesdesanluis.com\/index.php\/2023\/10\/21\/rigen-alertas-naranjas-y-amarillas-por-tormentas-fuertes-en-san-luis-y-otras-siete-provincias\/#article","isPartOf":{"@id":"https:\/\/apuntesdesanluis.com\/index.php\/2023\/10\/21\/rigen-alertas-naranjas-y-amarillas-por-tormentas-fuertes-en-san-luis-y-otras-siete-provincias\/"},"author":{"name":"apuntesdesanluis.com","@id":"https:\/\/apuntesdesanluis.com\/#\/schema\/person\/b55151d52296fcce64d1a72538a70b90"},"headline":"RIGEN ALERTAS NARANJAS Y AMARILLAS POR TORMENTAS FUERTES EN SAN LUIS Y OTRAS SIETE PROVINCIAS","datePublished":"2023-10-21T21:22:01+00:00","dateModified":"2023-10-21T21:27:55+00:00","mainEntityOfPage":{"@id":"https:\/\/apuntesdesanluis.com\/index.php\/2023\/10\/21\/rigen-alertas-naranjas-y-amarillas-por-tormentas-fuertes-en-san-luis-y-otras-siete-provincias\/"},"wordCount":542,"publisher":{"@id":"https:\/\/apuntesdesanluis.com\/#\/schema\/person\/b55151d52296fcce64d1a72538a70b90"},"image":{"@id":"https:\/\/apuntesdesanluis.com\/index.php\/2023\/10\/21\/rigen-alertas-naranjas-y-amarillas-por-tormentas-fuertes-en-san-luis-y-otras-siete-provincias\/#primaryimage"},"thumbnailUrl":"https:\/\/apuntesdesanluis.com\/wp-content\/uploads\/2023\/10\/TORMENTA.png","articleSection":["Nacionales\/Internacionales"],"inLanguage":"es-AR"},{"@type":"WebPage","@id":"https:\/\/apuntesdesanluis.com\/index.php\/2023\/10\/21\/rigen-alertas-naranjas-y-amarillas-por-tormentas-fuertes-en-san-luis-y-otras-siete-provincias\/","url":"https:\/\/apuntesdesanluis.com\/index.php\/2023\/10\/21\/rigen-alertas-naranjas-y-amarillas-por-tormentas-fuertes-en-san-luis-y-otras-siete-provincias\/","name":"RIGEN ALERTAS NARANJAS Y AMARILLAS POR TORMENTAS FUERTES EN SAN LUIS Y OTRAS SIETE PROVINCIAS - Apuntes de San Luis","isPartOf":{"@id":"https:\/\/apuntesdesanluis.com\/#website"},"primaryImageOfPage":{"@id":"https:\/\/apuntesdesanluis.com\/index.php\/2023\/10\/21\/rigen-alertas-naranjas-y-amarillas-por-tormentas-fuertes-en-san-luis-y-otras-siete-provincias\/#primaryimage"},"image":{"@id":"https:\/\/apuntesdesanluis.com\/index.php\/2023\/10\/21\/rigen-alertas-naranjas-y-amarillas-por-tormentas-fuertes-en-san-luis-y-otras-siete-provincias\/#primaryimage"},"thumbnailUrl":"https:\/\/apuntesdesanluis.com\/wp-content\/uploads\/2023\/10\/TORMENTA.png","datePublished":"2023-10-21T21:22:01+00:00","dateModified":"2023-10-21T21:27:55+00:00","breadcrumb":{"@id":"https:\/\/apuntesdesanluis.com\/index.php\/2023\/10\/21\/rigen-alertas-naranjas-y-amarillas-por-tormentas-fuertes-en-san-luis-y-otras-siete-provincias\/#breadcrumb"},"inLanguage":"es-AR","potentialAction":[{"@type":"ReadAction","target":["https:\/\/apuntesdesanluis.com\/index.php\/2023\/10\/21\/rigen-alertas-naranjas-y-amarillas-por-tormentas-fuertes-en-san-luis-y-otras-siete-provincias\/"]}]},{"@type":"ImageObject","inLanguage":"es-AR","@id":"https:\/\/apuntesdesanluis.com\/index.php\/2023\/10\/21\/rigen-alertas-naranjas-y-amarillas-por-tormentas-fuertes-en-san-luis-y-otras-siete-provincias\/#primaryimage","url":"https:\/\/apuntesdesanluis.com\/wp-content\/uploads\/2023\/10\/TORMENTA.png","contentUrl":"https:\/\/apuntesdesanluis.com\/wp-content\/uploads\/2023\/10\/TORMENTA.png","width":683,"height":398},{"@type":"BreadcrumbList","@id":"https:\/\/apuntesdesanluis.com\/index.php\/2023\/10\/21\/rigen-alertas-naranjas-y-amarillas-por-tormentas-fuertes-en-san-luis-y-otras-siete-provincias\/#breadcrumb","itemListElement":[{"@type":"ListItem","position":1,"name":"Inicio","item":"https:\/\/apuntesdesanluis.com\/"},{"@type":"ListItem","position":2,"name":"RIGEN ALERTAS NARANJAS Y AMARILLAS POR TORMENTAS FUERTES EN SAN LUIS Y OTRAS SIETE PROVINCIAS"}]},{"@type":"WebSite","@id":"https:\/\/apuntesdesanluis.com\/#website","url":"https:\/\/apuntesdesanluis.com\/","name":"Apuntes de San Luis","description":"","publisher":{"@id":"https:\/\/apuntesdesanluis.com\/#\/schema\/person\/b55151d52296fcce64d1a72538a70b90"},"potentialAction":[{"@type":"SearchAction","target":{"@type":"EntryPoint","urlTemplate":"https:\/\/apuntesdesanluis.com\/?s={search_term_string}"},"query-input":{"@type":"PropertyValueSpecification","valueRequired":true,"valueName":"search_term_string"}}],"inLanguage":"es-AR"},{"@type":["Person","Organization"],"@id":"https:\/\/apuntesdesanluis.com\/#\/schema\/person\/b55151d52296fcce64d1a72538a70b90","name":"apuntesdesanluis.com","image":{"@type":"ImageObject","inLanguage":"es-AR","@id":"https:\/\/apuntesdesanluis.com\/#\/schema\/person\/image\/","url":"https:\/\/apuntesdesanluis.com\/wp-content\/uploads\/2023\/07\/cropped-apuntesdesanluis.png","contentUrl":"https:\/\/apuntesdesanluis.com\/wp-content\/uploads\/2023\/07\/cropped-apuntesdesanluis.png","width":450,"height":112,"caption":"apuntesdesanluis.com"},"logo":{"@id":"https:\/\/apuntesdesanluis.com\/#\/schema\/person\/image\/"},"sameAs":["https:\/\/apuntesdesanluis.com"],"url":"https:\/\/apuntesdesanluis.com\/index.php\/author\/apuntesdesanluis-com\/"}]}},"featured_image_urls":{"full":["https:\/\/apuntesdesanluis.com\/wp-content\/uploads\/2023\/10\/TORMENTA.png",683,398,false],"thumbnail":["https:\/\/apuntesdesanluis.com\/wp-content\/uploads\/2023\/10\/TORMENTA-150x150.png",150,150,true],"medium":["https:\/\/apuntesdesanluis.com\/wp-content\/uploads\/2023\/10\/TORMENTA-300x175.png",300,175,true],"medium_large":["https:\/\/apuntesdesanluis.com\/wp-content\/uploads\/2023\/10\/TORMENTA.png",640,373,false],"large":["https:\/\/apuntesdesanluis.com\/wp-content\/uploads\/2023\/10\/TORMENTA.png",640,373,false],"1536x1536":["https:\/\/apuntesdesanluis.com\/wp-content\/uploads\/2023\/10\/TORMENTA.png",683,398,false],"2048x2048":["https:\/\/apuntesdesanluis.com\/wp-content\/uploads\/2023\/10\/TORMENTA.png",683,398,false],"newsever-slider-full":["https:\/\/apuntesdesanluis.com\/wp-content\/uploads\/2023\/10\/TORMENTA.png",683,398,false],"newsever-featured":["https:\/\/apuntesdesanluis.com\/wp-content\/uploads\/2023\/10\/TORMENTA.png",683,398,false],"newsever-medium":["https:\/\/apuntesdesanluis.com\/wp-content\/uploads\/2023\/10\/TORMENTA.png",683,398,false]},"author_info":{"display_name":"apuntesdesanluis.com","author_link":"https:\/\/apuntesdesanluis.com\/index.php\/author\/apuntesdesanluis-com\/"},"category_info":"<a href=\"https:\/\/apuntesdesanluis.com\/index.php\/category\/nacionales-internacionales\/\" rel=\"category tag\">Nacionales\/Internacionales<\/a>","tag_info":"Nacionales\/Internacionales","comment_count":"0","_links":{"self":[{"href":"https:\/\/apuntesdesanluis.com\/index.php\/wp-json\/wp\/v2\/posts\/5527","targetHints":{"allow":["GET"]}}],"collection":[{"href":"https:\/\/apuntesdesanluis.com\/index.php\/wp-json\/wp\/v2\/posts"}],"about":[{"href":"https:\/\/apuntesdesanluis.com\/index.php\/wp-json\/wp\/v2\/types\/post"}],"author":[{"embeddable":true,"href":"https:\/\/apuntesdesanluis.com\/index.php\/wp-json\/wp\/v2\/users\/1"}],"replies":[{"embeddable":true,"href":"https:\/\/apuntesdesanluis.com\/index.php\/wp-json\/wp\/v2\/comments?post=5527"}],"version-history":[{"count":3,"href":"https:\/\/apuntesdesanluis.com\/index.php\/wp-json\/wp\/v2\/posts\/5527\/revisions"}],"predecessor-version":[{"id":5533,"href":"https:\/\/apuntesdesanluis.com\/index.php\/wp-json\/wp\/v2\/posts\/5527\/revisions\/5533"}],"wp:featuredmedia":[{"embeddable":true,"href":"https:\/\/apuntesdesanluis.com\/index.php\/wp-json\/wp\/v2\/media\/5529"}],"wp:attachment":[{"href":"https:\/\/apuntesdesanluis.com\/index.php\/wp-json\/wp\/v2\/media?parent=5527"}],"wp:term":[{"taxonomy":"category","embeddable":true,"href":"https:\/\/apuntesdesanluis.com\/index.php\/wp-json\/wp\/v2\/categories?post=5527"},{"taxonomy":"post_tag","embeddable":true,"href":"https:\/\/apuntesdesanluis.com\/index.php\/wp-json\/wp\/v2\/tags?post=5527"}],"curies":[{"name":"wp","href":"https:\/\/api.w.org\/{rel}","templated":true}]}}