{"id":5538,"date":"2023-10-21T16:31:25","date_gmt":"2023-10-21T19:31:25","guid":{"rendered":"https:\/\/apuntesdesanluis.com\/?p=5538"},"modified":"2023-10-22T17:38:10","modified_gmt":"2023-10-22T20:38:10","slug":"informe-especial-presion-municipal-para-recuperar-un-edificio-abandonado","status":"publish","type":"post","link":"https:\/\/apuntesdesanluis.com\/index.php\/2023\/10\/21\/informe-especial-presion-municipal-para-recuperar-un-edificio-abandonado\/","title":{"rendered":"INFORME ESPECIAL: PRESI\u00d3N MUNICIPAL PARA RECUPERAR UN EDIFICIO ABANDONADO"},"content":{"rendered":"<h3>El viernes se realiz\u00f3 un allanamiento en el edificio en calles Edison y 9 de Julio, que se encuentra abandonado desde hace 23 a\u00f1os, a partir de una solicitud que se inici\u00f3 en Fiscal\u00eda de Estado y que autoriz\u00f3 la justicia.<\/h3>\n<h3>Esta torre de 10 pisos y 53 departamentos fue construida por la empresa <strong>D\u00edaz y Nogarol<\/strong>, que quebr\u00f3 cuando la obra se encontraba ejecutada en un 95%. Luego, con el paso de los a\u00f1os, se produjo un lento deterioro y manos an\u00f3nimas fueron robando todo el equipamiento interior, hasta dejar el edificio desmantelado y en absoluto estado de abandono.<\/h3>\n<p><img fetchpriority=\"high\" decoding=\"async\" class=\"wp-image-5540 aligncenter\" src=\"https:\/\/apuntesdesanluis.com\/wp-content\/uploads\/2023\/10\/EDIFICIO-ENTRADA-300x200.jpg\" alt=\"\" width=\"617\" height=\"411\" srcset=\"https:\/\/apuntesdesanluis.com\/wp-content\/uploads\/2023\/10\/EDIFICIO-ENTRADA-300x200.jpg 300w, https:\/\/apuntesdesanluis.com\/wp-content\/uploads\/2023\/10\/EDIFICIO-ENTRADA.jpg 600w\" sizes=\"(max-width: 617px) 100vw, 617px\" \/><\/p>\n<h3>Actualmente el inmueble pertenece a tres empresas, <strong>Alquimac<\/strong>, <strong>PVD<\/strong> y <strong>Green<\/strong>, aunque esta \u00faltima vendi\u00f3 su parte a las primeras, tema que debe resolverse en el concurso de acreedores en que se encuentra.<\/h3>\n<h3>El primer antecedente de gestiones encaminadas a hacer algo se inicia por denuncias del Consorcio del edificio aleda\u00f1o. Los vecinos se quejaban por la gran cantidad de palomas, la existencia de roedores y los fuertes olores que emanaban del lugar.<\/h3>\n<h3>Es as\u00ed como el entonces Fiscal Municipal <strong>Mart\u00edn Gui\u00f1az\u00fa<\/strong>, en 2018, solicita una inspecci\u00f3n para constatar el estado de salubridad, lo cual est\u00e1 contenido en el Expediente 780\/2018, al que accedi\u00f3 <span style=\"color: #000000;\"><strong>Apuntes de San Luis<\/strong><\/span>.<\/h3>\n<h3>En diciembre de ese a\u00f1o personal del Programa Control Urbano se hizo presente para constatar en el lugar si hab\u00eda infracciones sobre normas de higiene, pero no se le permiti\u00f3 el ingreso.<\/h3>\n<h3><span style=\"color: #000000;\"><strong>PROMESA<\/strong><\/span><\/h3>\n<h3>La decisi\u00f3n de hacer algo para recuperar este edificio fue una de las promesas del intendente <span style=\"color: #000000;\"><strong>Maximiliano Frontera<\/strong><\/span>, durante la campa\u00f1a de 2019. Pero a poco de llegar se desat\u00f3 la pandemia y las gestiones que se hicieron cayeron en saco roto.<\/h3>\n<h3>No obstante en febrero de 2019 y con la llegada de la actual gesti\u00f3n, personal municipal se hizo presente y constat\u00f3 las denuncias de los vecinos y el deficiente estado de higiene en que se encontraba, dictaminando que se estaba infringiendo el Art. 92 del C\u00f3digo Municipal de Faltas.<\/h3>\n<h3>El fiscal de Faltas del Municipio, <span style=\"color: #000000;\"><strong>Enrique Gargiulo<\/strong><\/span>, quien asumi\u00f3 en el a\u00f1o 2021, retom\u00f3 la causa y solicit\u00f3 a la Justicia que intime a las firmas para que realicen la limpieza correspondiente. La \u00fanica que respondi\u00f3 fue Green SA, manifestando encontrarse en concurso preventivo de acreedores y haber cedido su parte accionaria a las otras dos.<\/h3>\n<h3>Agreg\u00f3 que el 29 de marzo de este a\u00f1o personal de los Programas Medio Ambiente y Saneamiento Ambiental Municipal se hicieron presentes en el lugar y aunque no pudieron ingresar, constataron \u201cel estado de abandono y destrucci\u00f3n en el cual se encuentra el edificio, adem\u00e1s de gran cantidad de excremento de aves, plumas por todo el lugar y palomas\u201d.<\/h3>\n<p><img decoding=\"async\" class=\"wp-image-5541 aligncenter\" src=\"https:\/\/apuntesdesanluis.com\/wp-content\/uploads\/2023\/10\/ACTA-MEDIO-AMBIENTE-300x300.jpg\" alt=\"\" width=\"564\" height=\"564\" srcset=\"https:\/\/apuntesdesanluis.com\/wp-content\/uploads\/2023\/10\/ACTA-MEDIO-AMBIENTE-300x300.jpg 300w, https:\/\/apuntesdesanluis.com\/wp-content\/uploads\/2023\/10\/ACTA-MEDIO-AMBIENTE-150x150.jpg 150w, https:\/\/apuntesdesanluis.com\/wp-content\/uploads\/2023\/10\/ACTA-MEDIO-AMBIENTE.jpg 576w\" sizes=\"(max-width: 564px) 100vw, 564px\" \/><\/p>\n<h3>\u201cNo se puede determinar la presencia de cucarachas y tampoco de roedores, pero dadas las condiciones en que se encuentra el edificio y su interior, se advierte que se encuentra en condiciones ideales para la proliferaci\u00f3n de plagas\u201d, agrega el acta.<\/h3>\n<h3>Los inspectores afirmaron que \u201cel edificio se encuentra en total estado de abandono y destrucci\u00f3n\u201d, y agregaron un relevamiento fotogr\u00e1fico.<\/h3>\n<p><img decoding=\"async\" class=\"wp-image-5542 aligncenter\" src=\"https:\/\/apuntesdesanluis.com\/wp-content\/uploads\/2023\/10\/edificio.2-300x203.png\" alt=\"\" width=\"577\" height=\"390\" srcset=\"https:\/\/apuntesdesanluis.com\/wp-content\/uploads\/2023\/10\/edificio.2-300x203.png 300w, https:\/\/apuntesdesanluis.com\/wp-content\/uploads\/2023\/10\/edificio.2.png 488w\" sizes=\"(max-width: 577px) 100vw, 577px\" \/><\/p>\n<h3>\u201cCon este antecedente, procedimos a citar a las tres empresas, pero nunca se presentaron. Hasta que en agosto de este a\u00f1o, la jueza orden\u00f3 que pusieran todo en orden y lo \u00fanico que hicieron fue cerrar el per\u00edmetro del predio con vallas. Por esa raz\u00f3n, solicitamos a la jueza de Faltas que pidiera el allanamiento y la jueza contravencional, Mar\u00eda Antonella Panero Magnano, libr\u00f3 el oficio haciendo lugar a nuestro pedido\u201d, se\u00f1al\u00f3.<\/h3>\n<h3>El oficio 231 lleg\u00f3 al Juzgado de Faltas el pasado mi\u00e9rcoles 18 de octubre y expresa: \u201cMe dirijo a Ud., en los autos caratulados preventivamente &#8220;TRIBUNAL DE FALTA VM- SOLICITA ALLANAMIENTO. OFI 231\/23, la que encuentro fundada y ajustada a derecho; se ordena el allanamiento en el inmueble ubicado en calle Edison y 9 de julio, esquina Noreste, de esta ciudad. A los fines solicitados SE AUTORIZA el mismo, con comisi\u00f3n policial, de Comisaria Seccional N\u00ba Octava, perteneciente a U.R.O.P N\u00ba II , de esta ciudad, los mismos estar\u00e1n facultados al uso de la fuerza p\u00fablica y de un cerrajero en caso de resultar necesario\u2026\u201d Se fundamenta dicha medida, atento a las amenazas, que puede influir en la salud p\u00fablica ambiental, incluyendo factores f\u00edsicos, qu\u00edmicos y biol\u00f3gicos, y todos los comportamientos relacionados con estos.<\/h3>\n<h3>\u00a0Se faculta al ingreso del predio, para realizar tareas de saneamiento, desinfecci\u00f3n y limpieza, a las A\u00e9reas de Seguridad Vial\/Control Urbano, Servicios P\u00fablicos, Defensa civil, Secretaria de ecolog\u00eda, y Medio Ambiente \/ Saneamiento Ambiental del Municipio de Villa Mercedes.<\/h3>\n<h3>Debiendo informar a este Juzgado el resultado de las tareas llevadas a cabo, con las respectivas actas labradas y n\u00f3mina de personal a cargo que estuvo en el desempe\u00f1o de las labores realizadas en dichas instalaciones.<\/h3>\n<h3>El procedimiento deber\u00e1 realizarse el d\u00eda viernes veinte de octubre de dos mil veintitr\u00e9s, en el horario comprendido entre las 8.00 horas y 14 horas. A cargo del Oficial Francisco Casini y personal a su cargo\u2026\u201d.<\/h3>\n<div style=\"width: 640px;\" class=\"wp-video\"><!--[if lt IE 9]><script>document.createElement('video');<\/script><![endif]-->\n<video class=\"wp-video-shortcode\" id=\"video-5538-1\" width=\"640\" height=\"362\" preload=\"metadata\" controls=\"controls\"><source type=\"video\/mp4\" src=\"https:\/\/apuntesdesanluis.com\/wp-content\/uploads\/2023\/10\/EDIFICIO-SUCIEDAD-spot.mp4?_=1\" \/><a href=\"https:\/\/apuntesdesanluis.com\/wp-content\/uploads\/2023\/10\/EDIFICIO-SUCIEDAD-spot.mp4\">https:\/\/apuntesdesanluis.com\/wp-content\/uploads\/2023\/10\/EDIFICIO-SUCIEDAD-spot.mp4<\/a><\/video><\/div>\n<h3><span style=\"color: #000000;\"><strong>ALLANAMIENTO<\/strong><\/span><\/h3>\n<h3>El citado allanamiento se llev\u00f3 adelante el viernes pasado, con apoyo de oficiales de la Comisar\u00eda 8\u00aa. Ingresaron personal de Fiscal\u00eda Municipal y las \u00e1reas de Seguridad Vial, Control Urbano, Defensa Civil, la Secretar\u00eda de Actividades de Ecolog\u00eda y Medio Ambiente, entre otras.<\/h3>\n<h3>\u201cFue imposible hacer la limpieza de un lugar desconocido, que tiene diez pisos y cincuenta y tres departamentos. Se hizo un relevamiento, sacaron fotos y subieron hasta el noveno piso, porque al \u00faltimo no se pudo por los fuertes olores, el excremento de las palomas y animales muertos. El acta labrada ya se elev\u00f3 a la jueza de Faltas\u201d, se\u00f1al\u00f3 Gargiulo.<\/h3>\n<p><img loading=\"lazy\" decoding=\"async\" class=\"wp-image-5543 aligncenter\" src=\"https:\/\/apuntesdesanluis.com\/wp-content\/uploads\/2023\/10\/edificio-ochava-300x160.png\" alt=\"\" width=\"578\" height=\"308\" srcset=\"https:\/\/apuntesdesanluis.com\/wp-content\/uploads\/2023\/10\/edificio-ochava-300x160.png 300w, https:\/\/apuntesdesanluis.com\/wp-content\/uploads\/2023\/10\/edificio-ochava.png 600w\" sizes=\"(max-width: 578px) 100vw, 578px\" \/><\/p>\n<h3>\u201cDesde el exterior se siente el olor a las heces de las aves, as\u00ed que de adentro mucho m\u00e1s. Ya son 23 a\u00f1os desde que se construy\u00f3 y 5 desde que se asentaron las primeras denuncias. Algo hemos podido avanzar pero esto es reci\u00e9n el comienzo. De acuerdo a los fundamentos de la jueza, este edificio es una amenaza para la salud p\u00fablica y ambiental, incluyendo factores f\u00edsicos, qu\u00edmicos y biol\u00f3gicos, y es una preocupaci\u00f3n de todos\u201d, agreg\u00f3 el funcionario.<\/h3>\n<h3>Adelant\u00f3 que solicitar\u00e1n la ampliaci\u00f3n del allanamiento, debido a que para poder realizar el aseo tienen que contar con la indumentaria y el equipamiento necesarios.<\/h3>\n<h3>De todos modos, el fiscal municipal indic\u00f3 que la decisi\u00f3n de llevar adelante una limpieza total del edificio \u201ces un tema delicado, por el alto costo que implica. Entiendo que de eso deber\u00edan hacerse cargo los propietarios, con sus propios recursos. O el municipio, pero luego cobr\u00e1rselo a las empresas\u201d.<\/h3>\n<h3><strong>PERSPECTIVAS<\/strong><\/h3>\n<h3><strong>Apuntes de San Luis<\/strong> pudo conocer, por fuentes cercanas a las empresas, que se ha hecho un diagn\u00f3stico del estado del edificio y las conclusiones fueron \u201csatisfactorias\u201d.<\/h3>\n<h3>\u201cMir\u00e1, la construcci\u00f3n es buena, est\u00e1 en buen estado, m\u00e1s all\u00e1 de los a\u00f1os transcurridos y el deterioro l\u00f3gico. Pero se puede recuperar porque el edificio est\u00e1 bien hecho, con materiales de primera\u201d, dijo un arquitecto.<\/h3>\n<p><img loading=\"lazy\" decoding=\"async\" class=\"wp-image-5544 aligncenter\" src=\"https:\/\/apuntesdesanluis.com\/wp-content\/uploads\/2023\/10\/EDIFICIO-VERTICAL-300x212.jpg\" alt=\"\" width=\"645\" height=\"456\" srcset=\"https:\/\/apuntesdesanluis.com\/wp-content\/uploads\/2023\/10\/EDIFICIO-VERTICAL-300x212.jpg 300w, https:\/\/apuntesdesanluis.com\/wp-content\/uploads\/2023\/10\/EDIFICIO-VERTICAL.jpg 570w\" sizes=\"(max-width: 645px) 100vw, 645px\" \/><\/p>\n<h3>Agreg\u00f3 que \u201cfalta resolver la situaci\u00f3n de Green, que se encuentra en concurso, para liquidar su parte en favor de Alquimac y PVD. Luego de eso, limpiar, hacer los arreglos necesarios para ponerlo en condiciones y disponer la venta\u201d.<\/h3>\n<h3>De demorarse una soluci\u00f3n, en la Municipalidad no descartan aplicar una multa millonaria a las empresas, por la situaci\u00f3n de \u201cpeligro ambiental\u201d que representa este edificio y la falta de disposici\u00f3n a mantenerlo en condiciones de salubridad.<\/h3>\n<p>&nbsp;<\/p>\n<p>&nbsp;<\/p>\n","protected":false},"excerpt":{"rendered":"<p>El viernes se realiz\u00f3 un allanamiento en el edificio en calles Edison y 9 de&#8230;<\/p>\n","protected":false},"author":1,"featured_media":5539,"comment_status":"closed","ping_status":"closed","sticky":false,"template":"","format":"standard","meta":{"footnotes":""},"categories":[6],"tags":[],"class_list":["post-5538","post","type-post","status-publish","format-standard","has-post-thumbnail","hentry","category-ciudad-provincia"],"yoast_head":"<!-- This site is optimized with the Yoast SEO plugin v26.1.1 - https:\/\/yoast.com\/wordpress\/plugins\/seo\/ -->\n<title>INFORME ESPECIAL: PRESI\u00d3N MUNICIPAL PARA RECUPERAR UN EDIFICIO ABANDONADO - Apuntes de San Luis<\/title>\n<meta name=\"robots\" content=\"index, follow, max-snippet:-1, max-image-preview:large, max-video-preview:-1\" \/>\n<link rel=\"canonical\" href=\"https:\/\/apuntesdesanluis.com\/index.php\/2023\/10\/21\/informe-especial-presion-municipal-para-recuperar-un-edificio-abandonado\/\" \/>\n<meta property=\"og:locale\" content=\"es_ES\" \/>\n<meta property=\"og:type\" content=\"article\" \/>\n<meta property=\"og:title\" content=\"INFORME ESPECIAL: PRESI\u00d3N MUNICIPAL PARA RECUPERAR UN EDIFICIO ABANDONADO - Apuntes de San Luis\" \/>\n<meta property=\"og:description\" content=\"El viernes se realiz\u00f3 un allanamiento en el edificio en calles Edison y 9 de...\" \/>\n<meta property=\"og:url\" content=\"https:\/\/apuntesdesanluis.com\/index.php\/2023\/10\/21\/informe-especial-presion-municipal-para-recuperar-un-edificio-abandonado\/\" \/>\n<meta property=\"og:site_name\" content=\"Apuntes de San Luis\" \/>\n<meta property=\"article:published_time\" content=\"2023-10-21T19:31:25+00:00\" \/>\n<meta property=\"article:modified_time\" content=\"2023-10-22T20:38:10+00:00\" \/>\n<meta property=\"og:image\" content=\"https:\/\/apuntesdesanluis.com\/wp-content\/uploads\/2023\/10\/edificio-tapa.png\" \/>\n\t<meta property=\"og:image:width\" content=\"600\" \/>\n\t<meta property=\"og:image:height\" content=\"347\" \/>\n\t<meta property=\"og:image:type\" content=\"image\/png\" \/>\n<meta name=\"author\" content=\"apuntesdesanluis.com\" \/>\n<meta name=\"twitter:card\" content=\"summary_large_image\" \/>\n<meta name=\"twitter:label1\" content=\"Escrito por\" \/>\n\t<meta name=\"twitter:data1\" content=\"apuntesdesanluis.com\" \/>\n\t<meta name=\"twitter:label2\" content=\"Tiempo de lectura\" \/>\n\t<meta name=\"twitter:data2\" content=\"7 minutos\" \/>\n<script type=\"application\/ld+json\" class=\"yoast-schema-graph\">{\"@context\":\"https:\/\/schema.org\",\"@graph\":[{\"@type\":\"Article\",\"@id\":\"https:\/\/apuntesdesanluis.com\/index.php\/2023\/10\/21\/informe-especial-presion-municipal-para-recuperar-un-edificio-abandonado\/#article\",\"isPartOf\":{\"@id\":\"https:\/\/apuntesdesanluis.com\/index.php\/2023\/10\/21\/informe-especial-presion-municipal-para-recuperar-un-edificio-abandonado\/\"},\"author\":{\"name\":\"apuntesdesanluis.com\",\"@id\":\"https:\/\/apuntesdesanluis.com\/#\/schema\/person\/b55151d52296fcce64d1a72538a70b90\"},\"headline\":\"INFORME ESPECIAL: PRESI\u00d3N MUNICIPAL PARA RECUPERAR UN EDIFICIO ABANDONADO\",\"datePublished\":\"2023-10-21T19:31:25+00:00\",\"dateModified\":\"2023-10-22T20:38:10+00:00\",\"mainEntityOfPage\":{\"@id\":\"https:\/\/apuntesdesanluis.com\/index.php\/2023\/10\/21\/informe-especial-presion-municipal-para-recuperar-un-edificio-abandonado\/\"},\"wordCount\":1301,\"publisher\":{\"@id\":\"https:\/\/apuntesdesanluis.com\/#\/schema\/person\/b55151d52296fcce64d1a72538a70b90\"},\"image\":{\"@id\":\"https:\/\/apuntesdesanluis.com\/index.php\/2023\/10\/21\/informe-especial-presion-municipal-para-recuperar-un-edificio-abandonado\/#primaryimage\"},\"thumbnailUrl\":\"https:\/\/apuntesdesanluis.com\/wp-content\/uploads\/2023\/10\/edificio-tapa.png\",\"articleSection\":[\"Ciudad\/Provincia\"],\"inLanguage\":\"es-AR\"},{\"@type\":\"WebPage\",\"@id\":\"https:\/\/apuntesdesanluis.com\/index.php\/2023\/10\/21\/informe-especial-presion-municipal-para-recuperar-un-edificio-abandonado\/\",\"url\":\"https:\/\/apuntesdesanluis.com\/index.php\/2023\/10\/21\/informe-especial-presion-municipal-para-recuperar-un-edificio-abandonado\/\",\"name\":\"INFORME ESPECIAL: PRESI\u00d3N MUNICIPAL PARA RECUPERAR UN EDIFICIO ABANDONADO - Apuntes de San Luis\",\"isPartOf\":{\"@id\":\"https:\/\/apuntesdesanluis.com\/#website\"},\"primaryImageOfPage\":{\"@id\":\"https:\/\/apuntesdesanluis.com\/index.php\/2023\/10\/21\/informe-especial-presion-municipal-para-recuperar-un-edificio-abandonado\/#primaryimage\"},\"image\":{\"@id\":\"https:\/\/apuntesdesanluis.com\/index.php\/2023\/10\/21\/informe-especial-presion-municipal-para-recuperar-un-edificio-abandonado\/#primaryimage\"},\"thumbnailUrl\":\"https:\/\/apuntesdesanluis.com\/wp-content\/uploads\/2023\/10\/edificio-tapa.png\",\"datePublished\":\"2023-10-21T19:31:25+00:00\",\"dateModified\":\"2023-10-22T20:38:10+00:00\",\"breadcrumb\":{\"@id\":\"https:\/\/apuntesdesanluis.com\/index.php\/2023\/10\/21\/informe-especial-presion-municipal-para-recuperar-un-edificio-abandonado\/#breadcrumb\"},\"inLanguage\":\"es-AR\",\"potentialAction\":[{\"@type\":\"ReadAction\",\"target\":[\"https:\/\/apuntesdesanluis.com\/index.php\/2023\/10\/21\/informe-especial-presion-municipal-para-recuperar-un-edificio-abandonado\/\"]}]},{\"@type\":\"ImageObject\",\"inLanguage\":\"es-AR\",\"@id\":\"https:\/\/apuntesdesanluis.com\/index.php\/2023\/10\/21\/informe-especial-presion-municipal-para-recuperar-un-edificio-abandonado\/#primaryimage\",\"url\":\"https:\/\/apuntesdesanluis.com\/wp-content\/uploads\/2023\/10\/edificio-tapa.png\",\"contentUrl\":\"https:\/\/apuntesdesanluis.com\/wp-content\/uploads\/2023\/10\/edificio-tapa.png\",\"width\":600,\"height\":347},{\"@type\":\"BreadcrumbList\",\"@id\":\"https:\/\/apuntesdesanluis.com\/index.php\/2023\/10\/21\/informe-especial-presion-municipal-para-recuperar-un-edificio-abandonado\/#breadcrumb\",\"itemListElement\":[{\"@type\":\"ListItem\",\"position\":1,\"name\":\"Inicio\",\"item\":\"https:\/\/apuntesdesanluis.com\/\"},{\"@type\":\"ListItem\",\"position\":2,\"name\":\"INFORME ESPECIAL: PRESI\u00d3N MUNICIPAL PARA RECUPERAR UN EDIFICIO ABANDONADO\"}]},{\"@type\":\"WebSite\",\"@id\":\"https:\/\/apuntesdesanluis.com\/#website\",\"url\":\"https:\/\/apuntesdesanluis.com\/\",\"name\":\"Apuntes de San Luis\",\"description\":\"\",\"publisher\":{\"@id\":\"https:\/\/apuntesdesanluis.com\/#\/schema\/person\/b55151d52296fcce64d1a72538a70b90\"},\"potentialAction\":[{\"@type\":\"SearchAction\",\"target\":{\"@type\":\"EntryPoint\",\"urlTemplate\":\"https:\/\/apuntesdesanluis.com\/?s={search_term_string}\"},\"query-input\":{\"@type\":\"PropertyValueSpecification\",\"valueRequired\":true,\"valueName\":\"search_term_string\"}}],\"inLanguage\":\"es-AR\"},{\"@type\":[\"Person\",\"Organization\"],\"@id\":\"https:\/\/apuntesdesanluis.com\/#\/schema\/person\/b55151d52296fcce64d1a72538a70b90\",\"name\":\"apuntesdesanluis.com\",\"image\":{\"@type\":\"ImageObject\",\"inLanguage\":\"es-AR\",\"@id\":\"https:\/\/apuntesdesanluis.com\/#\/schema\/person\/image\/\",\"url\":\"https:\/\/apuntesdesanluis.com\/wp-content\/uploads\/2023\/07\/cropped-apuntesdesanluis.png\",\"contentUrl\":\"https:\/\/apuntesdesanluis.com\/wp-content\/uploads\/2023\/07\/cropped-apuntesdesanluis.png\",\"width\":450,\"height\":112,\"caption\":\"apuntesdesanluis.com\"},\"logo\":{\"@id\":\"https:\/\/apuntesdesanluis.com\/#\/schema\/person\/image\/\"},\"sameAs\":[\"https:\/\/apuntesdesanluis.com\"],\"url\":\"https:\/\/apuntesdesanluis.com\/index.php\/author\/apuntesdesanluis-com\/\"}]}<\/script>\n<!-- \/ Yoast SEO plugin. -->","yoast_head_json":{"title":"INFORME ESPECIAL: PRESI\u00d3N MUNICIPAL PARA RECUPERAR UN EDIFICIO ABANDONADO - Apuntes de San Luis","robots":{"index":"index","follow":"follow","max-snippet":"max-snippet:-1","max-image-preview":"max-image-preview:large","max-video-preview":"max-video-preview:-1"},"canonical":"https:\/\/apuntesdesanluis.com\/index.php\/2023\/10\/21\/informe-especial-presion-municipal-para-recuperar-un-edificio-abandonado\/","og_locale":"es_ES","og_type":"article","og_title":"INFORME ESPECIAL: PRESI\u00d3N MUNICIPAL PARA RECUPERAR UN EDIFICIO ABANDONADO - Apuntes de San Luis","og_description":"El viernes se realiz\u00f3 un allanamiento en el edificio en calles Edison y 9 de...","og_url":"https:\/\/apuntesdesanluis.com\/index.php\/2023\/10\/21\/informe-especial-presion-municipal-para-recuperar-un-edificio-abandonado\/","og_site_name":"Apuntes de San Luis","article_published_time":"2023-10-21T19:31:25+00:00","article_modified_time":"2023-10-22T20:38:10+00:00","og_image":[{"width":600,"height":347,"url":"https:\/\/apuntesdesanluis.com\/wp-content\/uploads\/2023\/10\/edificio-tapa.png","type":"image\/png"}],"author":"apuntesdesanluis.com","twitter_card":"summary_large_image","twitter_misc":{"Escrito por":"apuntesdesanluis.com","Tiempo de lectura":"7 minutos"},"schema":{"@context":"https:\/\/schema.org","@graph":[{"@type":"Article","@id":"https:\/\/apuntesdesanluis.com\/index.php\/2023\/10\/21\/informe-especial-presion-municipal-para-recuperar-un-edificio-abandonado\/#article","isPartOf":{"@id":"https:\/\/apuntesdesanluis.com\/index.php\/2023\/10\/21\/informe-especial-presion-municipal-para-recuperar-un-edificio-abandonado\/"},"author":{"name":"apuntesdesanluis.com","@id":"https:\/\/apuntesdesanluis.com\/#\/schema\/person\/b55151d52296fcce64d1a72538a70b90"},"headline":"INFORME ESPECIAL: PRESI\u00d3N MUNICIPAL PARA RECUPERAR UN EDIFICIO ABANDONADO","datePublished":"2023-10-21T19:31:25+00:00","dateModified":"2023-10-22T20:38:10+00:00","mainEntityOfPage":{"@id":"https:\/\/apuntesdesanluis.com\/index.php\/2023\/10\/21\/informe-especial-presion-municipal-para-recuperar-un-edificio-abandonado\/"},"wordCount":1301,"publisher":{"@id":"https:\/\/apuntesdesanluis.com\/#\/schema\/person\/b55151d52296fcce64d1a72538a70b90"},"image":{"@id":"https:\/\/apuntesdesanluis.com\/index.php\/2023\/10\/21\/informe-especial-presion-municipal-para-recuperar-un-edificio-abandonado\/#primaryimage"},"thumbnailUrl":"https:\/\/apuntesdesanluis.com\/wp-content\/uploads\/2023\/10\/edificio-tapa.png","articleSection":["Ciudad\/Provincia"],"inLanguage":"es-AR"},{"@type":"WebPage","@id":"https:\/\/apuntesdesanluis.com\/index.php\/2023\/10\/21\/informe-especial-presion-municipal-para-recuperar-un-edificio-abandonado\/","url":"https:\/\/apuntesdesanluis.com\/index.php\/2023\/10\/21\/informe-especial-presion-municipal-para-recuperar-un-edificio-abandonado\/","name":"INFORME ESPECIAL: PRESI\u00d3N MUNICIPAL PARA RECUPERAR UN EDIFICIO ABANDONADO - Apuntes de San Luis","isPartOf":{"@id":"https:\/\/apuntesdesanluis.com\/#website"},"primaryImageOfPage":{"@id":"https:\/\/apuntesdesanluis.com\/index.php\/2023\/10\/21\/informe-especial-presion-municipal-para-recuperar-un-edificio-abandonado\/#primaryimage"},"image":{"@id":"https:\/\/apuntesdesanluis.com\/index.php\/2023\/10\/21\/informe-especial-presion-municipal-para-recuperar-un-edificio-abandonado\/#primaryimage"},"thumbnailUrl":"https:\/\/apuntesdesanluis.com\/wp-content\/uploads\/2023\/10\/edificio-tapa.png","datePublished":"2023-10-21T19:31:25+00:00","dateModified":"2023-10-22T20:38:10+00:00","breadcrumb":{"@id":"https:\/\/apuntesdesanluis.com\/index.php\/2023\/10\/21\/informe-especial-presion-municipal-para-recuperar-un-edificio-abandonado\/#breadcrumb"},"inLanguage":"es-AR","potentialAction":[{"@type":"ReadAction","target":["https:\/\/apuntesdesanluis.com\/index.php\/2023\/10\/21\/informe-especial-presion-municipal-para-recuperar-un-edificio-abandonado\/"]}]},{"@type":"ImageObject","inLanguage":"es-AR","@id":"https:\/\/apuntesdesanluis.com\/index.php\/2023\/10\/21\/informe-especial-presion-municipal-para-recuperar-un-edificio-abandonado\/#primaryimage","url":"https:\/\/apuntesdesanluis.com\/wp-content\/uploads\/2023\/10\/edificio-tapa.png","contentUrl":"https:\/\/apuntesdesanluis.com\/wp-content\/uploads\/2023\/10\/edificio-tapa.png","width":600,"height":347},{"@type":"BreadcrumbList","@id":"https:\/\/apuntesdesanluis.com\/index.php\/2023\/10\/21\/informe-especial-presion-municipal-para-recuperar-un-edificio-abandonado\/#breadcrumb","itemListElement":[{"@type":"ListItem","position":1,"name":"Inicio","item":"https:\/\/apuntesdesanluis.com\/"},{"@type":"ListItem","position":2,"name":"INFORME ESPECIAL: PRESI\u00d3N MUNICIPAL PARA RECUPERAR UN EDIFICIO ABANDONADO"}]},{"@type":"WebSite","@id":"https:\/\/apuntesdesanluis.com\/#website","url":"https:\/\/apuntesdesanluis.com\/","name":"Apuntes de San Luis","description":"","publisher":{"@id":"https:\/\/apuntesdesanluis.com\/#\/schema\/person\/b55151d52296fcce64d1a72538a70b90"},"potentialAction":[{"@type":"SearchAction","target":{"@type":"EntryPoint","urlTemplate":"https:\/\/apuntesdesanluis.com\/?s={search_term_string}"},"query-input":{"@type":"PropertyValueSpecification","valueRequired":true,"valueName":"search_term_string"}}],"inLanguage":"es-AR"},{"@type":["Person","Organization"],"@id":"https:\/\/apuntesdesanluis.com\/#\/schema\/person\/b55151d52296fcce64d1a72538a70b90","name":"apuntesdesanluis.com","image":{"@type":"ImageObject","inLanguage":"es-AR","@id":"https:\/\/apuntesdesanluis.com\/#\/schema\/person\/image\/","url":"https:\/\/apuntesdesanluis.com\/wp-content\/uploads\/2023\/07\/cropped-apuntesdesanluis.png","contentUrl":"https:\/\/apuntesdesanluis.com\/wp-content\/uploads\/2023\/07\/cropped-apuntesdesanluis.png","width":450,"height":112,"caption":"apuntesdesanluis.com"},"logo":{"@id":"https:\/\/apuntesdesanluis.com\/#\/schema\/person\/image\/"},"sameAs":["https:\/\/apuntesdesanluis.com"],"url":"https:\/\/apuntesdesanluis.com\/index.php\/author\/apuntesdesanluis-com\/"}]}},"featured_image_urls":{"full":["https:\/\/apuntesdesanluis.com\/wp-content\/uploads\/2023\/10\/edificio-tapa.png",600,347,false],"thumbnail":["https:\/\/apuntesdesanluis.com\/wp-content\/uploads\/2023\/10\/edificio-tapa-150x150.png",150,150,true],"medium":["https:\/\/apuntesdesanluis.com\/wp-content\/uploads\/2023\/10\/edificio-tapa-300x174.png",300,174,true],"medium_large":["https:\/\/apuntesdesanluis.com\/wp-content\/uploads\/2023\/10\/edificio-tapa.png",600,347,false],"large":["https:\/\/apuntesdesanluis.com\/wp-content\/uploads\/2023\/10\/edificio-tapa.png",600,347,false],"1536x1536":["https:\/\/apuntesdesanluis.com\/wp-content\/uploads\/2023\/10\/edificio-tapa.png",600,347,false],"2048x2048":["https:\/\/apuntesdesanluis.com\/wp-content\/uploads\/2023\/10\/edificio-tapa.png",600,347,false],"newsever-slider-full":["https:\/\/apuntesdesanluis.com\/wp-content\/uploads\/2023\/10\/edificio-tapa.png",600,347,false],"newsever-featured":["https:\/\/apuntesdesanluis.com\/wp-content\/uploads\/2023\/10\/edificio-tapa.png",600,347,false],"newsever-medium":["https:\/\/apuntesdesanluis.com\/wp-content\/uploads\/2023\/10\/edificio-tapa.png",600,347,false]},"author_info":{"display_name":"apuntesdesanluis.com","author_link":"https:\/\/apuntesdesanluis.com\/index.php\/author\/apuntesdesanluis-com\/"},"category_info":"<a href=\"https:\/\/apuntesdesanluis.com\/index.php\/category\/ciudad-provincia\/\" rel=\"category tag\">Ciudad\/Provincia<\/a>","tag_info":"Ciudad\/Provincia","comment_count":"0","_links":{"self":[{"href":"https:\/\/apuntesdesanluis.com\/index.php\/wp-json\/wp\/v2\/posts\/5538","targetHints":{"allow":["GET"]}}],"collection":[{"href":"https:\/\/apuntesdesanluis.com\/index.php\/wp-json\/wp\/v2\/posts"}],"about":[{"href":"https:\/\/apuntesdesanluis.com\/index.php\/wp-json\/wp\/v2\/types\/post"}],"author":[{"embeddable":true,"href":"https:\/\/apuntesdesanluis.com\/index.php\/wp-json\/wp\/v2\/users\/1"}],"replies":[{"embeddable":true,"href":"https:\/\/apuntesdesanluis.com\/index.php\/wp-json\/wp\/v2\/comments?post=5538"}],"version-history":[{"count":1,"href":"https:\/\/apuntesdesanluis.com\/index.php\/wp-json\/wp\/v2\/posts\/5538\/revisions"}],"predecessor-version":[{"id":5546,"href":"https:\/\/apuntesdesanluis.com\/index.php\/wp-json\/wp\/v2\/posts\/5538\/revisions\/5546"}],"wp:featuredmedia":[{"embeddable":true,"href":"https:\/\/apuntesdesanluis.com\/index.php\/wp-json\/wp\/v2\/media\/5539"}],"wp:attachment":[{"href":"https:\/\/apuntesdesanluis.com\/index.php\/wp-json\/wp\/v2\/media?parent=5538"}],"wp:term":[{"taxonomy":"category","embeddable":true,"href":"https:\/\/apuntesdesanluis.com\/index.php\/wp-json\/wp\/v2\/categories?post=5538"},{"taxonomy":"post_tag","embeddable":true,"href":"https:\/\/apuntesdesanluis.com\/index.php\/wp-json\/wp\/v2\/tags?post=5538"}],"curies":[{"name":"wp","href":"https:\/\/api.w.org\/{rel}","templated":true}]}}