{"id":5547,"date":"2023-10-22T10:45:38","date_gmt":"2023-10-22T13:45:38","guid":{"rendered":"https:\/\/apuntesdesanluis.com\/?p=5547"},"modified":"2023-10-22T19:45:26","modified_gmt":"2023-10-22T22:45:26","slug":"fuerte-temporal-de-viento-piedra-y-agua-provoco-destrozos-en-villa-mercedes","status":"publish","type":"post","link":"https:\/\/apuntesdesanluis.com\/index.php\/2023\/10\/22\/fuerte-temporal-de-viento-piedra-y-agua-provoco-destrozos-en-villa-mercedes\/","title":{"rendered":"FUERTE TEMPORAL DE VIENTO, PIEDRA Y AGUA PROVOC\u00d3 DESTROZOS EN VILLA MERCEDES"},"content":{"rendered":"<h3>La segunda ciudad de la provincia, que a\u00fan tiene fresco el recuerdo de la terrible tormenta que la azot\u00f3 el 26 de enero pasado, fue v\u00edctima otra vez de un fen\u00f3meno clim\u00e1tico que provoc\u00f3 numerosos da\u00f1os. La Municipalidad iniciar\u00e1 este lunes 23 un operativo de limpieza y regularizaci\u00f3n, concentr\u00e1ndose numerosas \u00e1reas a las 8 en Plaza Echand\u00eda. Estar\u00e1 presente el Intendente Maximiliano Frontera, quien explicar\u00e1 el plan que se llevar\u00e1 a cabo.<\/h3>\n<p><img fetchpriority=\"high\" decoding=\"async\" class=\"wp-image-5559 aligncenter\" src=\"https:\/\/apuntesdesanluis.com\/wp-content\/uploads\/2023\/10\/piedra-300x221.png\" alt=\"\" width=\"709\" height=\"523\" srcset=\"https:\/\/apuntesdesanluis.com\/wp-content\/uploads\/2023\/10\/piedra-300x221.png 300w, https:\/\/apuntesdesanluis.com\/wp-content\/uploads\/2023\/10\/piedra.png 616w\" sizes=\"(max-width: 709px) 100vw, 709px\" \/><\/p>\n<h3>El temporal se desat\u00f3 el s\u00e1bado cerca de las 19:30 cuando comenz\u00f3 a soplar un fuerte viento cargado de tierra, luego que se levantaran negros nubarrones desde el sur. Horas antes la Red de Estaciones Meteorol\u00f3gicas de la provincia hab\u00eda emitido un alerta, advirtiendo a la poblaci\u00f3n por la posible tormenta de viento, agua y eventual ca\u00edda de granizo.<\/h3>\n<div style=\"width: 480px;\" class=\"wp-video\"><!--[if lt IE 9]><script>document.createElement('video');<\/script><![endif]-->\n<video class=\"wp-video-shortcode\" id=\"video-5547-1\" width=\"480\" height=\"864\" preload=\"metadata\" controls=\"controls\"><source type=\"video\/mp4\" src=\"https:\/\/apuntesdesanluis.com\/wp-content\/uploads\/2023\/10\/394626181_1496614834213378_4588494931309694054_n-1.mp4?_=1\" \/><a href=\"https:\/\/apuntesdesanluis.com\/wp-content\/uploads\/2023\/10\/394626181_1496614834213378_4588494931309694054_n-1.mp4\">https:\/\/apuntesdesanluis.com\/wp-content\/uploads\/2023\/10\/394626181_1496614834213378_4588494931309694054_n-1.mp4<\/a><\/video><\/div>\n<h3>La comunicaci\u00f3n coincid\u00eda, tambi\u00e9n, con el alerta que se hab\u00eda lanzado a nivel nacional, y que abarcaba a San Luis y otras 7 provincias.<\/h3>\n<p><img decoding=\"async\" class=\"wp-image-5554 aligncenter\" src=\"https:\/\/apuntesdesanluis.com\/wp-content\/uploads\/2023\/10\/auto-aplastado-300x300.jpg\" alt=\"\" width=\"735\" height=\"735\" srcset=\"https:\/\/apuntesdesanluis.com\/wp-content\/uploads\/2023\/10\/auto-aplastado-300x300.jpg 300w, https:\/\/apuntesdesanluis.com\/wp-content\/uploads\/2023\/10\/auto-aplastado-150x150.jpg 150w, https:\/\/apuntesdesanluis.com\/wp-content\/uploads\/2023\/10\/auto-aplastado.jpg 595w\" sizes=\"(max-width: 735px) 100vw, 735px\" \/><\/p>\n<p><img decoding=\"async\" class=\"wp-image-5560 aligncenter\" src=\"https:\/\/apuntesdesanluis.com\/wp-content\/uploads\/2023\/10\/ruta-24-300x300.jpg\" alt=\"\" width=\"743\" height=\"743\" srcset=\"https:\/\/apuntesdesanluis.com\/wp-content\/uploads\/2023\/10\/ruta-24-300x300.jpg 300w, https:\/\/apuntesdesanluis.com\/wp-content\/uploads\/2023\/10\/ruta-24-150x150.jpg 150w, https:\/\/apuntesdesanluis.com\/wp-content\/uploads\/2023\/10\/ruta-24.jpg 449w\" sizes=\"(max-width: 743px) 100vw, 743px\" \/><\/p>\n<h3>Tras la lluvia sobrevino nuevamente el fuerte viento, acompa\u00f1ado por actividad el\u00e9ctrica, viento y una intensa ca\u00edda de granizo, poco despu\u00e9s de las 20:45, que afect\u00f3 principalmente a la zona sur de Villa Mercedes, los barrios la Ribera, Uni\u00f3n y Jard\u00edn del Sur. Luego continu\u00f3 lloviznando y poco despu\u00e9s de las 23.30 nuevamente se produjo ca\u00edda de piedra, aunque de menor tama\u00f1o.<\/h3>\n<p><img loading=\"lazy\" decoding=\"async\" class=\"wp-image-5550 aligncenter\" src=\"https:\/\/apuntesdesanluis.com\/wp-content\/uploads\/2023\/10\/la-ribera-300x171.png\" alt=\"\" width=\"728\" height=\"415\" srcset=\"https:\/\/apuntesdesanluis.com\/wp-content\/uploads\/2023\/10\/la-ribera-300x171.png 300w, https:\/\/apuntesdesanluis.com\/wp-content\/uploads\/2023\/10\/la-ribera.png 600w\" sizes=\"(max-width: 728px) 100vw, 728px\" \/><\/p>\n<h4 style=\"text-align: center;\"><em>Tinglado que qued\u00f3 destruido, sobre Ruta 2 B. Las chapas se volaron, atravesaron la ruta y cayeron sobre un espacio verde y las viviendas de La Ribera.<\/em><\/h4>\n<h3>En buena parte de la ciudad se cort\u00f3 la luz y hubo ca\u00edda de \u00e1rboles, cables ca\u00eddos y voladuras de chapas.<\/h3>\n<p><img loading=\"lazy\" decoding=\"async\" class=\"wp-image-5551 aligncenter\" src=\"https:\/\/apuntesdesanluis.com\/wp-content\/uploads\/2023\/10\/cuatro-techos-285x300.png\" alt=\"\" width=\"750\" height=\"789\" srcset=\"https:\/\/apuntesdesanluis.com\/wp-content\/uploads\/2023\/10\/cuatro-techos-285x300.png 285w, https:\/\/apuntesdesanluis.com\/wp-content\/uploads\/2023\/10\/cuatro-techos.png 545w\" sizes=\"(max-width: 750px) 100vw, 750px\" \/><\/p>\n<h3>Tanto Defensa Civil, con el intendente a la cabeza, salieron a recorrer los diferentes barrios para constatar los da\u00f1os y asistir a los vecinos, junto con personal de San Luis Solidario.<\/h3>\n<p><img loading=\"lazy\" decoding=\"async\" class=\"wp-image-5553 aligncenter\" src=\"https:\/\/apuntesdesanluis.com\/wp-content\/uploads\/2023\/10\/frontera-300x218.jpg\" alt=\"\" width=\"733\" height=\"533\" srcset=\"https:\/\/apuntesdesanluis.com\/wp-content\/uploads\/2023\/10\/frontera-300x218.jpg 300w, https:\/\/apuntesdesanluis.com\/wp-content\/uploads\/2023\/10\/frontera.jpg 600w\" sizes=\"(max-width: 733px) 100vw, 733px\" \/><\/p>\n<p><img loading=\"lazy\" decoding=\"async\" class=\"wp-image-5558 aligncenter\" src=\"https:\/\/apuntesdesanluis.com\/wp-content\/uploads\/2023\/10\/pared-caida-300x300.jpg\" alt=\"\" width=\"762\" height=\"762\" srcset=\"https:\/\/apuntesdesanluis.com\/wp-content\/uploads\/2023\/10\/pared-caida-300x300.jpg 300w, https:\/\/apuntesdesanluis.com\/wp-content\/uploads\/2023\/10\/pared-caida-150x150.jpg 150w, https:\/\/apuntesdesanluis.com\/wp-content\/uploads\/2023\/10\/pared-caida.jpg 600w\" sizes=\"(max-width: 762px) 100vw, 762px\" \/><\/p>\n<h3>Este domingo, en medio del acto electoral, distintas dependencias municipales siguieron trabajando para tratar de despejar las calles y asistir a las familias que sufrieron los peores destrozos, con techos que se volaron, paredes ca\u00eddas o autos aplastados por grandes ramas o \u00e1rboles que fueron arrancados de cuajo.<\/h3>\n<p><img loading=\"lazy\" decoding=\"async\" class=\"wp-image-5552 aligncenter\" src=\"https:\/\/apuntesdesanluis.com\/wp-content\/uploads\/2023\/10\/ayuda-municipal-300x225.jpg\" alt=\"\" width=\"715\" height=\"536\" srcset=\"https:\/\/apuntesdesanluis.com\/wp-content\/uploads\/2023\/10\/ayuda-municipal-300x225.jpg 300w, https:\/\/apuntesdesanluis.com\/wp-content\/uploads\/2023\/10\/ayuda-municipal.jpg 600w\" sizes=\"(max-width: 715px) 100vw, 715px\" \/><\/p>\n<p><img loading=\"lazy\" decoding=\"async\" class=\"wp-image-5556 aligncenter\" src=\"https:\/\/apuntesdesanluis.com\/wp-content\/uploads\/2023\/10\/alumbrado-publico-300x300.jpg\" alt=\"\" width=\"714\" height=\"714\" srcset=\"https:\/\/apuntesdesanluis.com\/wp-content\/uploads\/2023\/10\/alumbrado-publico-300x300.jpg 300w, https:\/\/apuntesdesanluis.com\/wp-content\/uploads\/2023\/10\/alumbrado-publico-150x150.jpg 150w, https:\/\/apuntesdesanluis.com\/wp-content\/uploads\/2023\/10\/alumbrado-publico.jpg 526w\" sizes=\"(max-width: 714px) 100vw, 714px\" \/><\/p>\n<p><img loading=\"lazy\" decoding=\"async\" class=\"wp-image-5555 aligncenter\" src=\"https:\/\/apuntesdesanluis.com\/wp-content\/uploads\/2023\/10\/ayuda-alumbrado-300x169.jpg\" alt=\"\" width=\"732\" height=\"412\" srcset=\"https:\/\/apuntesdesanluis.com\/wp-content\/uploads\/2023\/10\/ayuda-alumbrado-300x169.jpg 300w, https:\/\/apuntesdesanluis.com\/wp-content\/uploads\/2023\/10\/ayuda-alumbrado.jpg 600w\" sizes=\"(max-width: 732px) 100vw, 732px\" \/><\/p>\n<p><img loading=\"lazy\" decoding=\"async\" class=\"wp-image-5557 aligncenter\" src=\"https:\/\/apuntesdesanluis.com\/wp-content\/uploads\/2023\/10\/ayuda-espacios-verdes-300x169.jpg\" alt=\"\" width=\"727\" height=\"410\" srcset=\"https:\/\/apuntesdesanluis.com\/wp-content\/uploads\/2023\/10\/ayuda-espacios-verdes-300x169.jpg 300w, https:\/\/apuntesdesanluis.com\/wp-content\/uploads\/2023\/10\/ayuda-espacios-verdes.jpg 600w\" sizes=\"(max-width: 727px) 100vw, 727px\" \/><\/p>\n<p>&nbsp;<\/p>\n<p>&nbsp;<\/p>\n<p>&nbsp;<\/p>\n<p>&nbsp;<\/p>\n","protected":false},"excerpt":{"rendered":"<p>La segunda ciudad de la provincia, que a\u00fan tiene fresco el recuerdo de la terrible&#8230;<\/p>\n","protected":false},"author":1,"featured_media":5548,"comment_status":"closed","ping_status":"closed","sticky":false,"template":"","format":"standard","meta":{"footnotes":""},"categories":[6],"tags":[],"class_list":["post-5547","post","type-post","status-publish","format-standard","has-post-thumbnail","hentry","category-ciudad-provincia"],"yoast_head":"<!-- This site is optimized with the Yoast SEO plugin v26.1.1 - https:\/\/yoast.com\/wordpress\/plugins\/seo\/ -->\n<title>FUERTE TEMPORAL DE VIENTO, PIEDRA Y AGUA PROVOC\u00d3 DESTROZOS EN VILLA MERCEDES - Apuntes de San Luis<\/title>\n<meta name=\"robots\" content=\"index, follow, max-snippet:-1, max-image-preview:large, max-video-preview:-1\" \/>\n<link rel=\"canonical\" href=\"https:\/\/apuntesdesanluis.com\/index.php\/2023\/10\/22\/fuerte-temporal-de-viento-piedra-y-agua-provoco-destrozos-en-villa-mercedes\/\" \/>\n<meta property=\"og:locale\" content=\"es_ES\" \/>\n<meta property=\"og:type\" content=\"article\" \/>\n<meta property=\"og:title\" content=\"FUERTE TEMPORAL DE VIENTO, PIEDRA Y AGUA PROVOC\u00d3 DESTROZOS EN VILLA MERCEDES - Apuntes de San Luis\" \/>\n<meta property=\"og:description\" content=\"La segunda ciudad de la provincia, que a\u00fan tiene fresco el recuerdo de la terrible...\" \/>\n<meta property=\"og:url\" content=\"https:\/\/apuntesdesanluis.com\/index.php\/2023\/10\/22\/fuerte-temporal-de-viento-piedra-y-agua-provoco-destrozos-en-villa-mercedes\/\" \/>\n<meta property=\"og:site_name\" content=\"Apuntes de San Luis\" \/>\n<meta property=\"article:published_time\" content=\"2023-10-22T13:45:38+00:00\" \/>\n<meta property=\"article:modified_time\" content=\"2023-10-22T22:45:26+00:00\" \/>\n<meta property=\"og:image\" content=\"https:\/\/apuntesdesanluis.com\/wp-content\/uploads\/2023\/10\/auto-tapa.png\" \/>\n\t<meta property=\"og:image:width\" content=\"621\" \/>\n\t<meta property=\"og:image:height\" content=\"400\" \/>\n\t<meta property=\"og:image:type\" content=\"image\/png\" \/>\n<meta name=\"author\" content=\"apuntesdesanluis.com\" \/>\n<meta name=\"twitter:card\" content=\"summary_large_image\" \/>\n<meta name=\"twitter:label1\" content=\"Escrito por\" \/>\n\t<meta name=\"twitter:data1\" content=\"apuntesdesanluis.com\" \/>\n\t<meta name=\"twitter:label2\" content=\"Tiempo de lectura\" \/>\n\t<meta name=\"twitter:data2\" content=\"4 minutos\" \/>\n<script type=\"application\/ld+json\" class=\"yoast-schema-graph\">{\"@context\":\"https:\/\/schema.org\",\"@graph\":[{\"@type\":\"Article\",\"@id\":\"https:\/\/apuntesdesanluis.com\/index.php\/2023\/10\/22\/fuerte-temporal-de-viento-piedra-y-agua-provoco-destrozos-en-villa-mercedes\/#article\",\"isPartOf\":{\"@id\":\"https:\/\/apuntesdesanluis.com\/index.php\/2023\/10\/22\/fuerte-temporal-de-viento-piedra-y-agua-provoco-destrozos-en-villa-mercedes\/\"},\"author\":{\"name\":\"apuntesdesanluis.com\",\"@id\":\"https:\/\/apuntesdesanluis.com\/#\/schema\/person\/b55151d52296fcce64d1a72538a70b90\"},\"headline\":\"FUERTE TEMPORAL DE VIENTO, PIEDRA Y AGUA PROVOC\u00d3 DESTROZOS EN VILLA MERCEDES\",\"datePublished\":\"2023-10-22T13:45:38+00:00\",\"dateModified\":\"2023-10-22T22:45:26+00:00\",\"mainEntityOfPage\":{\"@id\":\"https:\/\/apuntesdesanluis.com\/index.php\/2023\/10\/22\/fuerte-temporal-de-viento-piedra-y-agua-provoco-destrozos-en-villa-mercedes\/\"},\"wordCount\":394,\"publisher\":{\"@id\":\"https:\/\/apuntesdesanluis.com\/#\/schema\/person\/b55151d52296fcce64d1a72538a70b90\"},\"image\":{\"@id\":\"https:\/\/apuntesdesanluis.com\/index.php\/2023\/10\/22\/fuerte-temporal-de-viento-piedra-y-agua-provoco-destrozos-en-villa-mercedes\/#primaryimage\"},\"thumbnailUrl\":\"https:\/\/apuntesdesanluis.com\/wp-content\/uploads\/2023\/10\/auto-tapa.png\",\"articleSection\":[\"Ciudad\/Provincia\"],\"inLanguage\":\"es-AR\"},{\"@type\":\"WebPage\",\"@id\":\"https:\/\/apuntesdesanluis.com\/index.php\/2023\/10\/22\/fuerte-temporal-de-viento-piedra-y-agua-provoco-destrozos-en-villa-mercedes\/\",\"url\":\"https:\/\/apuntesdesanluis.com\/index.php\/2023\/10\/22\/fuerte-temporal-de-viento-piedra-y-agua-provoco-destrozos-en-villa-mercedes\/\",\"name\":\"FUERTE TEMPORAL DE VIENTO, PIEDRA Y AGUA PROVOC\u00d3 DESTROZOS EN VILLA MERCEDES - Apuntes de San Luis\",\"isPartOf\":{\"@id\":\"https:\/\/apuntesdesanluis.com\/#website\"},\"primaryImageOfPage\":{\"@id\":\"https:\/\/apuntesdesanluis.com\/index.php\/2023\/10\/22\/fuerte-temporal-de-viento-piedra-y-agua-provoco-destrozos-en-villa-mercedes\/#primaryimage\"},\"image\":{\"@id\":\"https:\/\/apuntesdesanluis.com\/index.php\/2023\/10\/22\/fuerte-temporal-de-viento-piedra-y-agua-provoco-destrozos-en-villa-mercedes\/#primaryimage\"},\"thumbnailUrl\":\"https:\/\/apuntesdesanluis.com\/wp-content\/uploads\/2023\/10\/auto-tapa.png\",\"datePublished\":\"2023-10-22T13:45:38+00:00\",\"dateModified\":\"2023-10-22T22:45:26+00:00\",\"breadcrumb\":{\"@id\":\"https:\/\/apuntesdesanluis.com\/index.php\/2023\/10\/22\/fuerte-temporal-de-viento-piedra-y-agua-provoco-destrozos-en-villa-mercedes\/#breadcrumb\"},\"inLanguage\":\"es-AR\",\"potentialAction\":[{\"@type\":\"ReadAction\",\"target\":[\"https:\/\/apuntesdesanluis.com\/index.php\/2023\/10\/22\/fuerte-temporal-de-viento-piedra-y-agua-provoco-destrozos-en-villa-mercedes\/\"]}]},{\"@type\":\"ImageObject\",\"inLanguage\":\"es-AR\",\"@id\":\"https:\/\/apuntesdesanluis.com\/index.php\/2023\/10\/22\/fuerte-temporal-de-viento-piedra-y-agua-provoco-destrozos-en-villa-mercedes\/#primaryimage\",\"url\":\"https:\/\/apuntesdesanluis.com\/wp-content\/uploads\/2023\/10\/auto-tapa.png\",\"contentUrl\":\"https:\/\/apuntesdesanluis.com\/wp-content\/uploads\/2023\/10\/auto-tapa.png\",\"width\":621,\"height\":400},{\"@type\":\"BreadcrumbList\",\"@id\":\"https:\/\/apuntesdesanluis.com\/index.php\/2023\/10\/22\/fuerte-temporal-de-viento-piedra-y-agua-provoco-destrozos-en-villa-mercedes\/#breadcrumb\",\"itemListElement\":[{\"@type\":\"ListItem\",\"position\":1,\"name\":\"Inicio\",\"item\":\"https:\/\/apuntesdesanluis.com\/\"},{\"@type\":\"ListItem\",\"position\":2,\"name\":\"FUERTE TEMPORAL DE VIENTO, PIEDRA Y AGUA PROVOC\u00d3 DESTROZOS EN VILLA MERCEDES\"}]},{\"@type\":\"WebSite\",\"@id\":\"https:\/\/apuntesdesanluis.com\/#website\",\"url\":\"https:\/\/apuntesdesanluis.com\/\",\"name\":\"Apuntes de San Luis\",\"description\":\"\",\"publisher\":{\"@id\":\"https:\/\/apuntesdesanluis.com\/#\/schema\/person\/b55151d52296fcce64d1a72538a70b90\"},\"potentialAction\":[{\"@type\":\"SearchAction\",\"target\":{\"@type\":\"EntryPoint\",\"urlTemplate\":\"https:\/\/apuntesdesanluis.com\/?s={search_term_string}\"},\"query-input\":{\"@type\":\"PropertyValueSpecification\",\"valueRequired\":true,\"valueName\":\"search_term_string\"}}],\"inLanguage\":\"es-AR\"},{\"@type\":[\"Person\",\"Organization\"],\"@id\":\"https:\/\/apuntesdesanluis.com\/#\/schema\/person\/b55151d52296fcce64d1a72538a70b90\",\"name\":\"apuntesdesanluis.com\",\"image\":{\"@type\":\"ImageObject\",\"inLanguage\":\"es-AR\",\"@id\":\"https:\/\/apuntesdesanluis.com\/#\/schema\/person\/image\/\",\"url\":\"https:\/\/apuntesdesanluis.com\/wp-content\/uploads\/2023\/07\/cropped-apuntesdesanluis.png\",\"contentUrl\":\"https:\/\/apuntesdesanluis.com\/wp-content\/uploads\/2023\/07\/cropped-apuntesdesanluis.png\",\"width\":450,\"height\":112,\"caption\":\"apuntesdesanluis.com\"},\"logo\":{\"@id\":\"https:\/\/apuntesdesanluis.com\/#\/schema\/person\/image\/\"},\"sameAs\":[\"https:\/\/apuntesdesanluis.com\"],\"url\":\"https:\/\/apuntesdesanluis.com\/index.php\/author\/apuntesdesanluis-com\/\"}]}<\/script>\n<!-- \/ Yoast SEO plugin. -->","yoast_head_json":{"title":"FUERTE TEMPORAL DE VIENTO, PIEDRA Y AGUA PROVOC\u00d3 DESTROZOS EN VILLA MERCEDES - Apuntes de San Luis","robots":{"index":"index","follow":"follow","max-snippet":"max-snippet:-1","max-image-preview":"max-image-preview:large","max-video-preview":"max-video-preview:-1"},"canonical":"https:\/\/apuntesdesanluis.com\/index.php\/2023\/10\/22\/fuerte-temporal-de-viento-piedra-y-agua-provoco-destrozos-en-villa-mercedes\/","og_locale":"es_ES","og_type":"article","og_title":"FUERTE TEMPORAL DE VIENTO, PIEDRA Y AGUA PROVOC\u00d3 DESTROZOS EN VILLA MERCEDES - Apuntes de San Luis","og_description":"La segunda ciudad de la provincia, que a\u00fan tiene fresco el recuerdo de la terrible...","og_url":"https:\/\/apuntesdesanluis.com\/index.php\/2023\/10\/22\/fuerte-temporal-de-viento-piedra-y-agua-provoco-destrozos-en-villa-mercedes\/","og_site_name":"Apuntes de San Luis","article_published_time":"2023-10-22T13:45:38+00:00","article_modified_time":"2023-10-22T22:45:26+00:00","og_image":[{"width":621,"height":400,"url":"https:\/\/apuntesdesanluis.com\/wp-content\/uploads\/2023\/10\/auto-tapa.png","type":"image\/png"}],"author":"apuntesdesanluis.com","twitter_card":"summary_large_image","twitter_misc":{"Escrito por":"apuntesdesanluis.com","Tiempo de lectura":"4 minutos"},"schema":{"@context":"https:\/\/schema.org","@graph":[{"@type":"Article","@id":"https:\/\/apuntesdesanluis.com\/index.php\/2023\/10\/22\/fuerte-temporal-de-viento-piedra-y-agua-provoco-destrozos-en-villa-mercedes\/#article","isPartOf":{"@id":"https:\/\/apuntesdesanluis.com\/index.php\/2023\/10\/22\/fuerte-temporal-de-viento-piedra-y-agua-provoco-destrozos-en-villa-mercedes\/"},"author":{"name":"apuntesdesanluis.com","@id":"https:\/\/apuntesdesanluis.com\/#\/schema\/person\/b55151d52296fcce64d1a72538a70b90"},"headline":"FUERTE TEMPORAL DE VIENTO, PIEDRA Y AGUA PROVOC\u00d3 DESTROZOS EN VILLA MERCEDES","datePublished":"2023-10-22T13:45:38+00:00","dateModified":"2023-10-22T22:45:26+00:00","mainEntityOfPage":{"@id":"https:\/\/apuntesdesanluis.com\/index.php\/2023\/10\/22\/fuerte-temporal-de-viento-piedra-y-agua-provoco-destrozos-en-villa-mercedes\/"},"wordCount":394,"publisher":{"@id":"https:\/\/apuntesdesanluis.com\/#\/schema\/person\/b55151d52296fcce64d1a72538a70b90"},"image":{"@id":"https:\/\/apuntesdesanluis.com\/index.php\/2023\/10\/22\/fuerte-temporal-de-viento-piedra-y-agua-provoco-destrozos-en-villa-mercedes\/#primaryimage"},"thumbnailUrl":"https:\/\/apuntesdesanluis.com\/wp-content\/uploads\/2023\/10\/auto-tapa.png","articleSection":["Ciudad\/Provincia"],"inLanguage":"es-AR"},{"@type":"WebPage","@id":"https:\/\/apuntesdesanluis.com\/index.php\/2023\/10\/22\/fuerte-temporal-de-viento-piedra-y-agua-provoco-destrozos-en-villa-mercedes\/","url":"https:\/\/apuntesdesanluis.com\/index.php\/2023\/10\/22\/fuerte-temporal-de-viento-piedra-y-agua-provoco-destrozos-en-villa-mercedes\/","name":"FUERTE TEMPORAL DE VIENTO, PIEDRA Y AGUA PROVOC\u00d3 DESTROZOS EN VILLA MERCEDES - Apuntes de San Luis","isPartOf":{"@id":"https:\/\/apuntesdesanluis.com\/#website"},"primaryImageOfPage":{"@id":"https:\/\/apuntesdesanluis.com\/index.php\/2023\/10\/22\/fuerte-temporal-de-viento-piedra-y-agua-provoco-destrozos-en-villa-mercedes\/#primaryimage"},"image":{"@id":"https:\/\/apuntesdesanluis.com\/index.php\/2023\/10\/22\/fuerte-temporal-de-viento-piedra-y-agua-provoco-destrozos-en-villa-mercedes\/#primaryimage"},"thumbnailUrl":"https:\/\/apuntesdesanluis.com\/wp-content\/uploads\/2023\/10\/auto-tapa.png","datePublished":"2023-10-22T13:45:38+00:00","dateModified":"2023-10-22T22:45:26+00:00","breadcrumb":{"@id":"https:\/\/apuntesdesanluis.com\/index.php\/2023\/10\/22\/fuerte-temporal-de-viento-piedra-y-agua-provoco-destrozos-en-villa-mercedes\/#breadcrumb"},"inLanguage":"es-AR","potentialAction":[{"@type":"ReadAction","target":["https:\/\/apuntesdesanluis.com\/index.php\/2023\/10\/22\/fuerte-temporal-de-viento-piedra-y-agua-provoco-destrozos-en-villa-mercedes\/"]}]},{"@type":"ImageObject","inLanguage":"es-AR","@id":"https:\/\/apuntesdesanluis.com\/index.php\/2023\/10\/22\/fuerte-temporal-de-viento-piedra-y-agua-provoco-destrozos-en-villa-mercedes\/#primaryimage","url":"https:\/\/apuntesdesanluis.com\/wp-content\/uploads\/2023\/10\/auto-tapa.png","contentUrl":"https:\/\/apuntesdesanluis.com\/wp-content\/uploads\/2023\/10\/auto-tapa.png","width":621,"height":400},{"@type":"BreadcrumbList","@id":"https:\/\/apuntesdesanluis.com\/index.php\/2023\/10\/22\/fuerte-temporal-de-viento-piedra-y-agua-provoco-destrozos-en-villa-mercedes\/#breadcrumb","itemListElement":[{"@type":"ListItem","position":1,"name":"Inicio","item":"https:\/\/apuntesdesanluis.com\/"},{"@type":"ListItem","position":2,"name":"FUERTE TEMPORAL DE VIENTO, PIEDRA Y AGUA PROVOC\u00d3 DESTROZOS EN VILLA MERCEDES"}]},{"@type":"WebSite","@id":"https:\/\/apuntesdesanluis.com\/#website","url":"https:\/\/apuntesdesanluis.com\/","name":"Apuntes de San Luis","description":"","publisher":{"@id":"https:\/\/apuntesdesanluis.com\/#\/schema\/person\/b55151d52296fcce64d1a72538a70b90"},"potentialAction":[{"@type":"SearchAction","target":{"@type":"EntryPoint","urlTemplate":"https:\/\/apuntesdesanluis.com\/?s={search_term_string}"},"query-input":{"@type":"PropertyValueSpecification","valueRequired":true,"valueName":"search_term_string"}}],"inLanguage":"es-AR"},{"@type":["Person","Organization"],"@id":"https:\/\/apuntesdesanluis.com\/#\/schema\/person\/b55151d52296fcce64d1a72538a70b90","name":"apuntesdesanluis.com","image":{"@type":"ImageObject","inLanguage":"es-AR","@id":"https:\/\/apuntesdesanluis.com\/#\/schema\/person\/image\/","url":"https:\/\/apuntesdesanluis.com\/wp-content\/uploads\/2023\/07\/cropped-apuntesdesanluis.png","contentUrl":"https:\/\/apuntesdesanluis.com\/wp-content\/uploads\/2023\/07\/cropped-apuntesdesanluis.png","width":450,"height":112,"caption":"apuntesdesanluis.com"},"logo":{"@id":"https:\/\/apuntesdesanluis.com\/#\/schema\/person\/image\/"},"sameAs":["https:\/\/apuntesdesanluis.com"],"url":"https:\/\/apuntesdesanluis.com\/index.php\/author\/apuntesdesanluis-com\/"}]}},"featured_image_urls":{"full":["https:\/\/apuntesdesanluis.com\/wp-content\/uploads\/2023\/10\/auto-tapa.png",621,400,false],"thumbnail":["https:\/\/apuntesdesanluis.com\/wp-content\/uploads\/2023\/10\/auto-tapa-150x150.png",150,150,true],"medium":["https:\/\/apuntesdesanluis.com\/wp-content\/uploads\/2023\/10\/auto-tapa-300x193.png",300,193,true],"medium_large":["https:\/\/apuntesdesanluis.com\/wp-content\/uploads\/2023\/10\/auto-tapa.png",621,400,false],"large":["https:\/\/apuntesdesanluis.com\/wp-content\/uploads\/2023\/10\/auto-tapa.png",621,400,false],"1536x1536":["https:\/\/apuntesdesanluis.com\/wp-content\/uploads\/2023\/10\/auto-tapa.png",621,400,false],"2048x2048":["https:\/\/apuntesdesanluis.com\/wp-content\/uploads\/2023\/10\/auto-tapa.png",621,400,false],"newsever-slider-full":["https:\/\/apuntesdesanluis.com\/wp-content\/uploads\/2023\/10\/auto-tapa.png",621,400,false],"newsever-featured":["https:\/\/apuntesdesanluis.com\/wp-content\/uploads\/2023\/10\/auto-tapa.png",621,400,false],"newsever-medium":["https:\/\/apuntesdesanluis.com\/wp-content\/uploads\/2023\/10\/auto-tapa.png",621,400,false]},"author_info":{"display_name":"apuntesdesanluis.com","author_link":"https:\/\/apuntesdesanluis.com\/index.php\/author\/apuntesdesanluis-com\/"},"category_info":"<a href=\"https:\/\/apuntesdesanluis.com\/index.php\/category\/ciudad-provincia\/\" rel=\"category tag\">Ciudad\/Provincia<\/a>","tag_info":"Ciudad\/Provincia","comment_count":"0","_links":{"self":[{"href":"https:\/\/apuntesdesanluis.com\/index.php\/wp-json\/wp\/v2\/posts\/5547","targetHints":{"allow":["GET"]}}],"collection":[{"href":"https:\/\/apuntesdesanluis.com\/index.php\/wp-json\/wp\/v2\/posts"}],"about":[{"href":"https:\/\/apuntesdesanluis.com\/index.php\/wp-json\/wp\/v2\/types\/post"}],"author":[{"embeddable":true,"href":"https:\/\/apuntesdesanluis.com\/index.php\/wp-json\/wp\/v2\/users\/1"}],"replies":[{"embeddable":true,"href":"https:\/\/apuntesdesanluis.com\/index.php\/wp-json\/wp\/v2\/comments?post=5547"}],"version-history":[{"count":4,"href":"https:\/\/apuntesdesanluis.com\/index.php\/wp-json\/wp\/v2\/posts\/5547\/revisions"}],"predecessor-version":[{"id":5570,"href":"https:\/\/apuntesdesanluis.com\/index.php\/wp-json\/wp\/v2\/posts\/5547\/revisions\/5570"}],"wp:featuredmedia":[{"embeddable":true,"href":"https:\/\/apuntesdesanluis.com\/index.php\/wp-json\/wp\/v2\/media\/5548"}],"wp:attachment":[{"href":"https:\/\/apuntesdesanluis.com\/index.php\/wp-json\/wp\/v2\/media?parent=5547"}],"wp:term":[{"taxonomy":"category","embeddable":true,"href":"https:\/\/apuntesdesanluis.com\/index.php\/wp-json\/wp\/v2\/categories?post=5547"},{"taxonomy":"post_tag","embeddable":true,"href":"https:\/\/apuntesdesanluis.com\/index.php\/wp-json\/wp\/v2\/tags?post=5547"}],"curies":[{"name":"wp","href":"https:\/\/api.w.org\/{rel}","templated":true}]}}