{"id":5571,"date":"2023-10-22T20:16:26","date_gmt":"2023-10-22T23:16:26","guid":{"rendered":"https:\/\/apuntesdesanluis.com\/?p=5571"},"modified":"2023-10-22T20:32:33","modified_gmt":"2023-10-22T23:32:33","slug":"dejo-san-luis-como-la-mejor-provincia-argentina-dijo-el-gobernador-rodriguez-saa","status":"publish","type":"post","link":"https:\/\/apuntesdesanluis.com\/index.php\/2023\/10\/22\/dejo-san-luis-como-la-mejor-provincia-argentina-dijo-el-gobernador-rodriguez-saa\/","title":{"rendered":"&#8220;DEJO SAN LUIS COMO LA MEJOR PROVINCIA ARGENTINA&#8221;, DIJO EL GOBERNADOR RODRIGUEZ SA\u00c1"},"content":{"rendered":"<h3>El primer mandatario provincial, <strong>Alberto Rodr\u00edguez Sa\u00e1<\/strong>, emiti\u00f3 su voto pasadas las 12:00, en la mesa 344, de la Escuela N\u00b02 \u201cBernardino Rivadavia\u201d, ubicada en la intersecci\u00f3n de Ayacucho y Chacabuco, oportunidad en que efectu\u00f3 declaraciones sobre varios temas.<\/h3>\n<h3>El gobernador puntano ejerci\u00f3 su derecho al voto y tras ello comparti\u00f3 sus reflexiones acerca de la importancia de esta nueva contienda electoral y anim\u00f3 a la ciudadan\u00eda a sufragar en un acto de compromiso con la democracia.<\/h3>\n<h3>\u201cEs una jornada interesante, especial, con cinco candidatos que han sido seleccionados en las PASO y todos con una enorme personalidad y con programas. El pueblo argentino dir\u00e1 y San Luis se pronunciar\u00e1 tambi\u00e9n\u201d, manifest\u00f3 el jefe de Estado.<\/h3>\n<p><iframe title=\"El jefe de Estado emiti\u00f3 su voto en la Escuela &quot;Bernardino Rivadavia&quot;\" width=\"640\" height=\"360\" src=\"https:\/\/www.youtube.com\/embed\/e7wy77nUSps?feature=oembed\" frameborder=\"0\" allow=\"accelerometer; autoplay; clipboard-write; encrypted-media; gyroscope; picture-in-picture; web-share\" referrerpolicy=\"strict-origin-when-cross-origin\" allowfullscreen><\/iframe><\/p>\n<h3>Al respecto de los desaf\u00edos que tendr\u00e1 el pr\u00f3ximo Gobierno nacional, el mandatario provincial se\u00f1al\u00f3: \u201cTendr\u00e1 que cuidar la casa de la Argentina, que tiene muchos vidrios rotos y mucha gente afuera\u201d.<\/h3>\n<h3>El gobernador seguir\u00e1 el operativo electoral desde las Terrazas del Portezuelo, inspeccionando que no haya dificultades para que todo funcione correctamente.<\/h3>\n<h3><strong>CIUDAD JUDICIAL<\/strong><\/h3>\n<h3>Por otro lado, fue consultado por la obra la Ciudad Judicial de San Luis. \u201cEs un ambicioso proyecto que surge de la necesidad del Poder Judicial de contar con un espacio acorde a las complejas actividades que desempe\u00f1an. El presupuesto oficial asciende a la suma de $41.321.324.726, una inversi\u00f3n que refleja el compromiso de la Provincia con la modernizaci\u00f3n y eficiencia del sistema judicial.<\/h3>\n<p><iframe title=\"Ciudad Judicial: &quot;Se junt\u00f3 todo el dinero para hacer la obra&quot;\" width=\"640\" height=\"360\" src=\"https:\/\/www.youtube.com\/embed\/guc3_USj_Sw?feature=oembed\" frameborder=\"0\" allow=\"accelerometer; autoplay; clipboard-write; encrypted-media; gyroscope; picture-in-picture; web-share\" referrerpolicy=\"strict-origin-when-cross-origin\" allowfullscreen><\/iframe><\/p>\n<h3><strong>SUE\u00d1OS CUMPLIDOS<\/strong><\/h3>\n<h3>\u201cSiento que pr\u00e1cticamente todos mis sue\u00f1os se han cumplido y en beneficio de esta provincia\u201d, reflexion\u00f3 el gobernador, Alberto Rodr\u00edguez Sa\u00e1.<\/h3>\n<h3>El primer mandatario asegur\u00f3 que su gesti\u00f3n finalizar\u00e1 dejando a San Luis como \u201cLa mejor provincia de Argentina\u201d.<\/h3>\n<p><iframe title=\"&quot;Siento que todos mis sue\u00f1os se han cumplido y en beneficio de esta provincia&quot;\" width=\"640\" height=\"360\" src=\"https:\/\/www.youtube.com\/embed\/XRPMmB0DsGU?feature=oembed\" frameborder=\"0\" allow=\"accelerometer; autoplay; clipboard-write; encrypted-media; gyroscope; picture-in-picture; web-share\" referrerpolicy=\"strict-origin-when-cross-origin\" allowfullscreen><\/iframe><\/p>\n<h3><strong>DESIGNACI\u00d3N DE CATALFAMO<\/strong><\/h3>\n<h3>Tambi\u00e9n fue consultado sobre su propuesta de impulsar a la senadora nacional \u00a0<strong>Eugenia Catalfamo<\/strong> como rectora de la Universidad de La Punta (ULP), pese a no contar con antecedentes acad\u00e9micos.<\/h3>\n<p><iframe title=\"Rodr\u00edguez Sa\u00e1 se incomod\u00f3 cuando le preguntaron por Catalfamo\" width=\"640\" height=\"360\" src=\"https:\/\/www.youtube.com\/embed\/0o7Daay1bAA?feature=oembed\" frameborder=\"0\" allow=\"accelerometer; autoplay; clipboard-write; encrypted-media; gyroscope; picture-in-picture; web-share\" referrerpolicy=\"strict-origin-when-cross-origin\" allowfullscreen><\/iframe><\/p>\n<h4><strong>Agradecimiento entrevistas: Agencia Noticias San Luis \/ El Chorrillero<\/strong><\/h4>\n<p>&nbsp;<\/p>\n<p>&nbsp;<\/p>\n<p>&nbsp;<\/p>\n<p>&nbsp;<\/p>\n<p>&nbsp;<\/p>\n","protected":false},"excerpt":{"rendered":"<p>El primer mandatario provincial, Alberto Rodr\u00edguez Sa\u00e1, emiti\u00f3 su voto pasadas las 12:00, en la&#8230;<\/p>\n","protected":false},"author":1,"featured_media":5572,"comment_status":"closed","ping_status":"closed","sticky":false,"template":"","format":"standard","meta":{"footnotes":""},"categories":[6],"tags":[],"class_list":["post-5571","post","type-post","status-publish","format-standard","has-post-thumbnail","hentry","category-ciudad-provincia"],"yoast_head":"<!-- This site is optimized with the Yoast SEO plugin v26.1.1 - https:\/\/yoast.com\/wordpress\/plugins\/seo\/ -->\n<title>&quot;DEJO SAN LUIS COMO LA MEJOR PROVINCIA ARGENTINA&quot;, DIJO EL GOBERNADOR RODRIGUEZ SA\u00c1 - Apuntes de San Luis<\/title>\n<meta name=\"robots\" content=\"index, follow, max-snippet:-1, max-image-preview:large, max-video-preview:-1\" \/>\n<link rel=\"canonical\" href=\"https:\/\/apuntesdesanluis.com\/index.php\/2023\/10\/22\/dejo-san-luis-como-la-mejor-provincia-argentina-dijo-el-gobernador-rodriguez-saa\/\" \/>\n<meta property=\"og:locale\" content=\"es_ES\" \/>\n<meta property=\"og:type\" content=\"article\" \/>\n<meta property=\"og:title\" content=\"&quot;DEJO SAN LUIS COMO LA MEJOR PROVINCIA ARGENTINA&quot;, DIJO EL GOBERNADOR RODRIGUEZ SA\u00c1 - Apuntes de San Luis\" \/>\n<meta property=\"og:description\" content=\"El primer mandatario provincial, Alberto Rodr\u00edguez Sa\u00e1, emiti\u00f3 su voto pasadas las 12:00, en la...\" \/>\n<meta property=\"og:url\" content=\"https:\/\/apuntesdesanluis.com\/index.php\/2023\/10\/22\/dejo-san-luis-como-la-mejor-provincia-argentina-dijo-el-gobernador-rodriguez-saa\/\" \/>\n<meta property=\"og:site_name\" content=\"Apuntes de San Luis\" \/>\n<meta property=\"article:published_time\" content=\"2023-10-22T23:16:26+00:00\" \/>\n<meta property=\"article:modified_time\" content=\"2023-10-22T23:32:33+00:00\" \/>\n<meta property=\"og:image\" content=\"https:\/\/apuntesdesanluis.com\/wp-content\/uploads\/2023\/10\/ALBERTO-VOTANDO.png\" \/>\n\t<meta property=\"og:image:width\" content=\"680\" \/>\n\t<meta property=\"og:image:height\" content=\"452\" \/>\n\t<meta property=\"og:image:type\" content=\"image\/png\" \/>\n<meta name=\"author\" content=\"apuntesdesanluis.com\" \/>\n<meta name=\"twitter:card\" content=\"summary_large_image\" \/>\n<meta name=\"twitter:label1\" content=\"Escrito por\" \/>\n\t<meta name=\"twitter:data1\" content=\"apuntesdesanluis.com\" \/>\n\t<meta name=\"twitter:label2\" content=\"Tiempo de lectura\" \/>\n\t<meta name=\"twitter:data2\" content=\"2 minutos\" \/>\n<script type=\"application\/ld+json\" class=\"yoast-schema-graph\">{\"@context\":\"https:\/\/schema.org\",\"@graph\":[{\"@type\":\"Article\",\"@id\":\"https:\/\/apuntesdesanluis.com\/index.php\/2023\/10\/22\/dejo-san-luis-como-la-mejor-provincia-argentina-dijo-el-gobernador-rodriguez-saa\/#article\",\"isPartOf\":{\"@id\":\"https:\/\/apuntesdesanluis.com\/index.php\/2023\/10\/22\/dejo-san-luis-como-la-mejor-provincia-argentina-dijo-el-gobernador-rodriguez-saa\/\"},\"author\":{\"name\":\"apuntesdesanluis.com\",\"@id\":\"https:\/\/apuntesdesanluis.com\/#\/schema\/person\/b55151d52296fcce64d1a72538a70b90\"},\"headline\":\"&#8220;DEJO SAN LUIS COMO LA MEJOR PROVINCIA ARGENTINA&#8221;, DIJO EL GOBERNADOR RODRIGUEZ SA\u00c1\",\"datePublished\":\"2023-10-22T23:16:26+00:00\",\"dateModified\":\"2023-10-22T23:32:33+00:00\",\"mainEntityOfPage\":{\"@id\":\"https:\/\/apuntesdesanluis.com\/index.php\/2023\/10\/22\/dejo-san-luis-como-la-mejor-provincia-argentina-dijo-el-gobernador-rodriguez-saa\/\"},\"wordCount\":381,\"publisher\":{\"@id\":\"https:\/\/apuntesdesanluis.com\/#\/schema\/person\/b55151d52296fcce64d1a72538a70b90\"},\"image\":{\"@id\":\"https:\/\/apuntesdesanluis.com\/index.php\/2023\/10\/22\/dejo-san-luis-como-la-mejor-provincia-argentina-dijo-el-gobernador-rodriguez-saa\/#primaryimage\"},\"thumbnailUrl\":\"https:\/\/apuntesdesanluis.com\/wp-content\/uploads\/2023\/10\/ALBERTO-VOTANDO.png\",\"articleSection\":[\"Ciudad\/Provincia\"],\"inLanguage\":\"es-AR\"},{\"@type\":\"WebPage\",\"@id\":\"https:\/\/apuntesdesanluis.com\/index.php\/2023\/10\/22\/dejo-san-luis-como-la-mejor-provincia-argentina-dijo-el-gobernador-rodriguez-saa\/\",\"url\":\"https:\/\/apuntesdesanluis.com\/index.php\/2023\/10\/22\/dejo-san-luis-como-la-mejor-provincia-argentina-dijo-el-gobernador-rodriguez-saa\/\",\"name\":\"\\\"DEJO SAN LUIS COMO LA MEJOR PROVINCIA ARGENTINA\\\", DIJO EL GOBERNADOR RODRIGUEZ SA\u00c1 - Apuntes de San Luis\",\"isPartOf\":{\"@id\":\"https:\/\/apuntesdesanluis.com\/#website\"},\"primaryImageOfPage\":{\"@id\":\"https:\/\/apuntesdesanluis.com\/index.php\/2023\/10\/22\/dejo-san-luis-como-la-mejor-provincia-argentina-dijo-el-gobernador-rodriguez-saa\/#primaryimage\"},\"image\":{\"@id\":\"https:\/\/apuntesdesanluis.com\/index.php\/2023\/10\/22\/dejo-san-luis-como-la-mejor-provincia-argentina-dijo-el-gobernador-rodriguez-saa\/#primaryimage\"},\"thumbnailUrl\":\"https:\/\/apuntesdesanluis.com\/wp-content\/uploads\/2023\/10\/ALBERTO-VOTANDO.png\",\"datePublished\":\"2023-10-22T23:16:26+00:00\",\"dateModified\":\"2023-10-22T23:32:33+00:00\",\"breadcrumb\":{\"@id\":\"https:\/\/apuntesdesanluis.com\/index.php\/2023\/10\/22\/dejo-san-luis-como-la-mejor-provincia-argentina-dijo-el-gobernador-rodriguez-saa\/#breadcrumb\"},\"inLanguage\":\"es-AR\",\"potentialAction\":[{\"@type\":\"ReadAction\",\"target\":[\"https:\/\/apuntesdesanluis.com\/index.php\/2023\/10\/22\/dejo-san-luis-como-la-mejor-provincia-argentina-dijo-el-gobernador-rodriguez-saa\/\"]}]},{\"@type\":\"ImageObject\",\"inLanguage\":\"es-AR\",\"@id\":\"https:\/\/apuntesdesanluis.com\/index.php\/2023\/10\/22\/dejo-san-luis-como-la-mejor-provincia-argentina-dijo-el-gobernador-rodriguez-saa\/#primaryimage\",\"url\":\"https:\/\/apuntesdesanluis.com\/wp-content\/uploads\/2023\/10\/ALBERTO-VOTANDO.png\",\"contentUrl\":\"https:\/\/apuntesdesanluis.com\/wp-content\/uploads\/2023\/10\/ALBERTO-VOTANDO.png\",\"width\":680,\"height\":452},{\"@type\":\"BreadcrumbList\",\"@id\":\"https:\/\/apuntesdesanluis.com\/index.php\/2023\/10\/22\/dejo-san-luis-como-la-mejor-provincia-argentina-dijo-el-gobernador-rodriguez-saa\/#breadcrumb\",\"itemListElement\":[{\"@type\":\"ListItem\",\"position\":1,\"name\":\"Inicio\",\"item\":\"https:\/\/apuntesdesanluis.com\/\"},{\"@type\":\"ListItem\",\"position\":2,\"name\":\"&#8220;DEJO SAN LUIS COMO LA MEJOR PROVINCIA ARGENTINA&#8221;, DIJO EL GOBERNADOR RODRIGUEZ SA\u00c1\"}]},{\"@type\":\"WebSite\",\"@id\":\"https:\/\/apuntesdesanluis.com\/#website\",\"url\":\"https:\/\/apuntesdesanluis.com\/\",\"name\":\"Apuntes de San Luis\",\"description\":\"\",\"publisher\":{\"@id\":\"https:\/\/apuntesdesanluis.com\/#\/schema\/person\/b55151d52296fcce64d1a72538a70b90\"},\"potentialAction\":[{\"@type\":\"SearchAction\",\"target\":{\"@type\":\"EntryPoint\",\"urlTemplate\":\"https:\/\/apuntesdesanluis.com\/?s={search_term_string}\"},\"query-input\":{\"@type\":\"PropertyValueSpecification\",\"valueRequired\":true,\"valueName\":\"search_term_string\"}}],\"inLanguage\":\"es-AR\"},{\"@type\":[\"Person\",\"Organization\"],\"@id\":\"https:\/\/apuntesdesanluis.com\/#\/schema\/person\/b55151d52296fcce64d1a72538a70b90\",\"name\":\"apuntesdesanluis.com\",\"image\":{\"@type\":\"ImageObject\",\"inLanguage\":\"es-AR\",\"@id\":\"https:\/\/apuntesdesanluis.com\/#\/schema\/person\/image\/\",\"url\":\"https:\/\/apuntesdesanluis.com\/wp-content\/uploads\/2023\/07\/cropped-apuntesdesanluis.png\",\"contentUrl\":\"https:\/\/apuntesdesanluis.com\/wp-content\/uploads\/2023\/07\/cropped-apuntesdesanluis.png\",\"width\":450,\"height\":112,\"caption\":\"apuntesdesanluis.com\"},\"logo\":{\"@id\":\"https:\/\/apuntesdesanluis.com\/#\/schema\/person\/image\/\"},\"sameAs\":[\"https:\/\/apuntesdesanluis.com\"],\"url\":\"https:\/\/apuntesdesanluis.com\/index.php\/author\/apuntesdesanluis-com\/\"}]}<\/script>\n<!-- \/ Yoast SEO plugin. -->","yoast_head_json":{"title":"\"DEJO SAN LUIS COMO LA MEJOR PROVINCIA ARGENTINA\", DIJO EL GOBERNADOR RODRIGUEZ SA\u00c1 - Apuntes de San Luis","robots":{"index":"index","follow":"follow","max-snippet":"max-snippet:-1","max-image-preview":"max-image-preview:large","max-video-preview":"max-video-preview:-1"},"canonical":"https:\/\/apuntesdesanluis.com\/index.php\/2023\/10\/22\/dejo-san-luis-como-la-mejor-provincia-argentina-dijo-el-gobernador-rodriguez-saa\/","og_locale":"es_ES","og_type":"article","og_title":"\"DEJO SAN LUIS COMO LA MEJOR PROVINCIA ARGENTINA\", DIJO EL GOBERNADOR RODRIGUEZ SA\u00c1 - Apuntes de San Luis","og_description":"El primer mandatario provincial, Alberto Rodr\u00edguez Sa\u00e1, emiti\u00f3 su voto pasadas las 12:00, en la...","og_url":"https:\/\/apuntesdesanluis.com\/index.php\/2023\/10\/22\/dejo-san-luis-como-la-mejor-provincia-argentina-dijo-el-gobernador-rodriguez-saa\/","og_site_name":"Apuntes de San Luis","article_published_time":"2023-10-22T23:16:26+00:00","article_modified_time":"2023-10-22T23:32:33+00:00","og_image":[{"width":680,"height":452,"url":"https:\/\/apuntesdesanluis.com\/wp-content\/uploads\/2023\/10\/ALBERTO-VOTANDO.png","type":"image\/png"}],"author":"apuntesdesanluis.com","twitter_card":"summary_large_image","twitter_misc":{"Escrito por":"apuntesdesanluis.com","Tiempo de lectura":"2 minutos"},"schema":{"@context":"https:\/\/schema.org","@graph":[{"@type":"Article","@id":"https:\/\/apuntesdesanluis.com\/index.php\/2023\/10\/22\/dejo-san-luis-como-la-mejor-provincia-argentina-dijo-el-gobernador-rodriguez-saa\/#article","isPartOf":{"@id":"https:\/\/apuntesdesanluis.com\/index.php\/2023\/10\/22\/dejo-san-luis-como-la-mejor-provincia-argentina-dijo-el-gobernador-rodriguez-saa\/"},"author":{"name":"apuntesdesanluis.com","@id":"https:\/\/apuntesdesanluis.com\/#\/schema\/person\/b55151d52296fcce64d1a72538a70b90"},"headline":"&#8220;DEJO SAN LUIS COMO LA MEJOR PROVINCIA ARGENTINA&#8221;, DIJO EL GOBERNADOR RODRIGUEZ SA\u00c1","datePublished":"2023-10-22T23:16:26+00:00","dateModified":"2023-10-22T23:32:33+00:00","mainEntityOfPage":{"@id":"https:\/\/apuntesdesanluis.com\/index.php\/2023\/10\/22\/dejo-san-luis-como-la-mejor-provincia-argentina-dijo-el-gobernador-rodriguez-saa\/"},"wordCount":381,"publisher":{"@id":"https:\/\/apuntesdesanluis.com\/#\/schema\/person\/b55151d52296fcce64d1a72538a70b90"},"image":{"@id":"https:\/\/apuntesdesanluis.com\/index.php\/2023\/10\/22\/dejo-san-luis-como-la-mejor-provincia-argentina-dijo-el-gobernador-rodriguez-saa\/#primaryimage"},"thumbnailUrl":"https:\/\/apuntesdesanluis.com\/wp-content\/uploads\/2023\/10\/ALBERTO-VOTANDO.png","articleSection":["Ciudad\/Provincia"],"inLanguage":"es-AR"},{"@type":"WebPage","@id":"https:\/\/apuntesdesanluis.com\/index.php\/2023\/10\/22\/dejo-san-luis-como-la-mejor-provincia-argentina-dijo-el-gobernador-rodriguez-saa\/","url":"https:\/\/apuntesdesanluis.com\/index.php\/2023\/10\/22\/dejo-san-luis-como-la-mejor-provincia-argentina-dijo-el-gobernador-rodriguez-saa\/","name":"\"DEJO SAN LUIS COMO LA MEJOR PROVINCIA ARGENTINA\", DIJO EL GOBERNADOR RODRIGUEZ SA\u00c1 - Apuntes de San Luis","isPartOf":{"@id":"https:\/\/apuntesdesanluis.com\/#website"},"primaryImageOfPage":{"@id":"https:\/\/apuntesdesanluis.com\/index.php\/2023\/10\/22\/dejo-san-luis-como-la-mejor-provincia-argentina-dijo-el-gobernador-rodriguez-saa\/#primaryimage"},"image":{"@id":"https:\/\/apuntesdesanluis.com\/index.php\/2023\/10\/22\/dejo-san-luis-como-la-mejor-provincia-argentina-dijo-el-gobernador-rodriguez-saa\/#primaryimage"},"thumbnailUrl":"https:\/\/apuntesdesanluis.com\/wp-content\/uploads\/2023\/10\/ALBERTO-VOTANDO.png","datePublished":"2023-10-22T23:16:26+00:00","dateModified":"2023-10-22T23:32:33+00:00","breadcrumb":{"@id":"https:\/\/apuntesdesanluis.com\/index.php\/2023\/10\/22\/dejo-san-luis-como-la-mejor-provincia-argentina-dijo-el-gobernador-rodriguez-saa\/#breadcrumb"},"inLanguage":"es-AR","potentialAction":[{"@type":"ReadAction","target":["https:\/\/apuntesdesanluis.com\/index.php\/2023\/10\/22\/dejo-san-luis-como-la-mejor-provincia-argentina-dijo-el-gobernador-rodriguez-saa\/"]}]},{"@type":"ImageObject","inLanguage":"es-AR","@id":"https:\/\/apuntesdesanluis.com\/index.php\/2023\/10\/22\/dejo-san-luis-como-la-mejor-provincia-argentina-dijo-el-gobernador-rodriguez-saa\/#primaryimage","url":"https:\/\/apuntesdesanluis.com\/wp-content\/uploads\/2023\/10\/ALBERTO-VOTANDO.png","contentUrl":"https:\/\/apuntesdesanluis.com\/wp-content\/uploads\/2023\/10\/ALBERTO-VOTANDO.png","width":680,"height":452},{"@type":"BreadcrumbList","@id":"https:\/\/apuntesdesanluis.com\/index.php\/2023\/10\/22\/dejo-san-luis-como-la-mejor-provincia-argentina-dijo-el-gobernador-rodriguez-saa\/#breadcrumb","itemListElement":[{"@type":"ListItem","position":1,"name":"Inicio","item":"https:\/\/apuntesdesanluis.com\/"},{"@type":"ListItem","position":2,"name":"&#8220;DEJO SAN LUIS COMO LA MEJOR PROVINCIA ARGENTINA&#8221;, DIJO EL GOBERNADOR RODRIGUEZ SA\u00c1"}]},{"@type":"WebSite","@id":"https:\/\/apuntesdesanluis.com\/#website","url":"https:\/\/apuntesdesanluis.com\/","name":"Apuntes de San Luis","description":"","publisher":{"@id":"https:\/\/apuntesdesanluis.com\/#\/schema\/person\/b55151d52296fcce64d1a72538a70b90"},"potentialAction":[{"@type":"SearchAction","target":{"@type":"EntryPoint","urlTemplate":"https:\/\/apuntesdesanluis.com\/?s={search_term_string}"},"query-input":{"@type":"PropertyValueSpecification","valueRequired":true,"valueName":"search_term_string"}}],"inLanguage":"es-AR"},{"@type":["Person","Organization"],"@id":"https:\/\/apuntesdesanluis.com\/#\/schema\/person\/b55151d52296fcce64d1a72538a70b90","name":"apuntesdesanluis.com","image":{"@type":"ImageObject","inLanguage":"es-AR","@id":"https:\/\/apuntesdesanluis.com\/#\/schema\/person\/image\/","url":"https:\/\/apuntesdesanluis.com\/wp-content\/uploads\/2023\/07\/cropped-apuntesdesanluis.png","contentUrl":"https:\/\/apuntesdesanluis.com\/wp-content\/uploads\/2023\/07\/cropped-apuntesdesanluis.png","width":450,"height":112,"caption":"apuntesdesanluis.com"},"logo":{"@id":"https:\/\/apuntesdesanluis.com\/#\/schema\/person\/image\/"},"sameAs":["https:\/\/apuntesdesanluis.com"],"url":"https:\/\/apuntesdesanluis.com\/index.php\/author\/apuntesdesanluis-com\/"}]}},"featured_image_urls":{"full":["https:\/\/apuntesdesanluis.com\/wp-content\/uploads\/2023\/10\/ALBERTO-VOTANDO.png",680,452,false],"thumbnail":["https:\/\/apuntesdesanluis.com\/wp-content\/uploads\/2023\/10\/ALBERTO-VOTANDO-150x150.png",150,150,true],"medium":["https:\/\/apuntesdesanluis.com\/wp-content\/uploads\/2023\/10\/ALBERTO-VOTANDO-300x199.png",300,199,true],"medium_large":["https:\/\/apuntesdesanluis.com\/wp-content\/uploads\/2023\/10\/ALBERTO-VOTANDO.png",640,425,false],"large":["https:\/\/apuntesdesanluis.com\/wp-content\/uploads\/2023\/10\/ALBERTO-VOTANDO.png",640,425,false],"1536x1536":["https:\/\/apuntesdesanluis.com\/wp-content\/uploads\/2023\/10\/ALBERTO-VOTANDO.png",680,452,false],"2048x2048":["https:\/\/apuntesdesanluis.com\/wp-content\/uploads\/2023\/10\/ALBERTO-VOTANDO.png",680,452,false],"newsever-slider-full":["https:\/\/apuntesdesanluis.com\/wp-content\/uploads\/2023\/10\/ALBERTO-VOTANDO.png",680,452,false],"newsever-featured":["https:\/\/apuntesdesanluis.com\/wp-content\/uploads\/2023\/10\/ALBERTO-VOTANDO.png",680,452,false],"newsever-medium":["https:\/\/apuntesdesanluis.com\/wp-content\/uploads\/2023\/10\/ALBERTO-VOTANDO.png",680,452,false]},"author_info":{"display_name":"apuntesdesanluis.com","author_link":"https:\/\/apuntesdesanluis.com\/index.php\/author\/apuntesdesanluis-com\/"},"category_info":"<a href=\"https:\/\/apuntesdesanluis.com\/index.php\/category\/ciudad-provincia\/\" rel=\"category tag\">Ciudad\/Provincia<\/a>","tag_info":"Ciudad\/Provincia","comment_count":"0","_links":{"self":[{"href":"https:\/\/apuntesdesanluis.com\/index.php\/wp-json\/wp\/v2\/posts\/5571","targetHints":{"allow":["GET"]}}],"collection":[{"href":"https:\/\/apuntesdesanluis.com\/index.php\/wp-json\/wp\/v2\/posts"}],"about":[{"href":"https:\/\/apuntesdesanluis.com\/index.php\/wp-json\/wp\/v2\/types\/post"}],"author":[{"embeddable":true,"href":"https:\/\/apuntesdesanluis.com\/index.php\/wp-json\/wp\/v2\/users\/1"}],"replies":[{"embeddable":true,"href":"https:\/\/apuntesdesanluis.com\/index.php\/wp-json\/wp\/v2\/comments?post=5571"}],"version-history":[{"count":5,"href":"https:\/\/apuntesdesanluis.com\/index.php\/wp-json\/wp\/v2\/posts\/5571\/revisions"}],"predecessor-version":[{"id":5580,"href":"https:\/\/apuntesdesanluis.com\/index.php\/wp-json\/wp\/v2\/posts\/5571\/revisions\/5580"}],"wp:featuredmedia":[{"embeddable":true,"href":"https:\/\/apuntesdesanluis.com\/index.php\/wp-json\/wp\/v2\/media\/5572"}],"wp:attachment":[{"href":"https:\/\/apuntesdesanluis.com\/index.php\/wp-json\/wp\/v2\/media?parent=5571"}],"wp:term":[{"taxonomy":"category","embeddable":true,"href":"https:\/\/apuntesdesanluis.com\/index.php\/wp-json\/wp\/v2\/categories?post=5571"},{"taxonomy":"post_tag","embeddable":true,"href":"https:\/\/apuntesdesanluis.com\/index.php\/wp-json\/wp\/v2\/tags?post=5571"}],"curies":[{"name":"wp","href":"https:\/\/api.w.org\/{rel}","templated":true}]}}