{"id":5584,"date":"2023-10-22T22:02:00","date_gmt":"2023-10-23T01:02:00","guid":{"rendered":"https:\/\/apuntesdesanluis.com\/?p=5584"},"modified":"2023-10-22T22:24:36","modified_gmt":"2023-10-23T01:24:36","slug":"milei-gano-en-san-luis-pero-union-por-la-patria-se-impuso-a-jxc","status":"publish","type":"post","link":"https:\/\/apuntesdesanluis.com\/index.php\/2023\/10\/22\/milei-gano-en-san-luis-pero-union-por-la-patria-se-impuso-a-jxc\/","title":{"rendered":"MILEI GAN\u00d3 EN SAN LUIS, PERO UNI\u00d3N POR LA PATRIA SE IMPUSO A JXC"},"content":{"rendered":"<h3>Si bien era previsible el triunfo del libertario<strong> Javier Milei<\/strong> en la provincia, la nota distintiva la dio la recuperaci\u00f3n de Uni\u00f3n por la Patria, que se impuso a Juntos por el Cambio, luego de haber salido en tercer lugar en las PASO de agosto pasado.<\/h3>\n<h3>Escrutadas m\u00e1s del 70% de las mesas, la Libertad Avanza descendi\u00f3 algunos puntos en relaci\u00f3n con casi el 50% obtenido en las primarias, en tanto que el oficialismo logr\u00f3 crecer e imponerse como la segunda opci\u00f3n m\u00e1s votada.<\/h3>\n<p><img fetchpriority=\"high\" decoding=\"async\" class=\"wp-image-5589 aligncenter\" src=\"https:\/\/apuntesdesanluis.com\/wp-content\/uploads\/2023\/10\/elecciones-presidente-300x143.png\" alt=\"\" width=\"772\" height=\"368\" srcset=\"https:\/\/apuntesdesanluis.com\/wp-content\/uploads\/2023\/10\/elecciones-presidente-300x143.png 300w, https:\/\/apuntesdesanluis.com\/wp-content\/uploads\/2023\/10\/elecciones-presidente.png 600w\" sizes=\"(max-width: 772px) 100vw, 772px\" \/><\/p>\n<h3>Con este resultado, la Libertad Avanza gan\u00f3 dos bancas de senadores nacionales, que ser\u00e1n ocupadas por <strong>Bartolo Abdala<\/strong> e <strong>Ivanna Arrascaeta <\/strong>(foto principal, con Milei), en tanto que el tercer senador ser\u00e1 <strong>Fernando Salino<\/strong>.<\/h3>\n<p><img decoding=\"async\" class=\"wp-image-5586 aligncenter\" src=\"https:\/\/apuntesdesanluis.com\/wp-content\/uploads\/2023\/10\/fernando-salino-senador-300x225.png\" alt=\"\" width=\"697\" height=\"523\" srcset=\"https:\/\/apuntesdesanluis.com\/wp-content\/uploads\/2023\/10\/fernando-salino-senador-300x225.png 300w, https:\/\/apuntesdesanluis.com\/wp-content\/uploads\/2023\/10\/fernando-salino-senador.png 477w\" sizes=\"(max-width: 697px) 100vw, 697px\" \/><\/p>\n<p><img decoding=\"async\" class=\"wp-image-5590 aligncenter\" src=\"https:\/\/apuntesdesanluis.com\/wp-content\/uploads\/2023\/10\/elecciones-senador-300x145.png\" alt=\"\" width=\"739\" height=\"357\" srcset=\"https:\/\/apuntesdesanluis.com\/wp-content\/uploads\/2023\/10\/elecciones-senador-300x145.png 300w, https:\/\/apuntesdesanluis.com\/wp-content\/uploads\/2023\/10\/elecciones-senador.png 600w\" sizes=\"(max-width: 739px) 100vw, 739px\" \/><\/p>\n<h3>En la categor\u00eda de diputados nacionales se repartir\u00e1n una banca para cada fuerza: <strong>Carlos Gonz\u00e1lez D\u00b4alessandro<\/strong> (LLA) y <strong>Ernesto \u201cPipi\u201d Al\u00ed<\/strong> (UxP).<\/h3>\n<p><img loading=\"lazy\" decoding=\"async\" class=\"wp-image-5587 aligncenter\" src=\"https:\/\/apuntesdesanluis.com\/wp-content\/uploads\/2023\/10\/d\u00b4alesandro-ali-300x183.png\" alt=\"\" width=\"695\" height=\"424\" srcset=\"https:\/\/apuntesdesanluis.com\/wp-content\/uploads\/2023\/10\/d\u00b4alesandro-ali-300x183.png 300w, https:\/\/apuntesdesanluis.com\/wp-content\/uploads\/2023\/10\/d\u00b4alesandro-ali.png 522w\" sizes=\"(max-width: 695px) 100vw, 695px\" \/><\/p>\n<h3><img loading=\"lazy\" decoding=\"async\" class=\"wp-image-5592 aligncenter\" src=\"https:\/\/apuntesdesanluis.com\/wp-content\/uploads\/2023\/10\/eleccion-diputado-300x155.png\" alt=\"\" width=\"695\" height=\"359\" srcset=\"https:\/\/apuntesdesanluis.com\/wp-content\/uploads\/2023\/10\/eleccion-diputado-300x155.png 300w, https:\/\/apuntesdesanluis.com\/wp-content\/uploads\/2023\/10\/eleccion-diputado.png 600w\" sizes=\"(max-width: 695px) 100vw, 695px\" \/><\/h3>\n<h3>Finalmente, el candidato electo a Parlamentario del Mercosur por San Luis ser\u00e1 de los libertarios, <strong>David Oca\u00f1a<\/strong>.<\/h3>\n<h3>No pudieron renovar sus bancas la senadora nacional Gabriela Gonz\u00e1lez Riollo y el diputado nacional Alejandro Cacace, de Juntos por el Cambio. En tanto que concluyen mandato en diciembre los senadores nacionales Adolfo Rodr\u00edguez Sa\u00e1 y Eugenia Catalfamo y el diputado nacional Carlos Ponce.<\/h3>\n","protected":false},"excerpt":{"rendered":"<p>Si bien era previsible el triunfo del libertario Javier Milei en la provincia, la nota&#8230;<\/p>\n","protected":false},"author":1,"featured_media":5585,"comment_status":"closed","ping_status":"closed","sticky":false,"template":"","format":"standard","meta":{"footnotes":""},"categories":[6],"tags":[],"class_list":["post-5584","post","type-post","status-publish","format-standard","has-post-thumbnail","hentry","category-ciudad-provincia"],"yoast_head":"<!-- This site is optimized with the Yoast SEO plugin v26.1.1 - https:\/\/yoast.com\/wordpress\/plugins\/seo\/ -->\n<title>MILEI GAN\u00d3 EN SAN LUIS, PERO UNI\u00d3N POR LA PATRIA SE IMPUSO A JXC - Apuntes de San Luis<\/title>\n<meta name=\"robots\" content=\"index, follow, max-snippet:-1, max-image-preview:large, max-video-preview:-1\" \/>\n<link rel=\"canonical\" href=\"https:\/\/apuntesdesanluis.com\/index.php\/2023\/10\/22\/milei-gano-en-san-luis-pero-union-por-la-patria-se-impuso-a-jxc\/\" \/>\n<meta property=\"og:locale\" content=\"es_ES\" \/>\n<meta property=\"og:type\" content=\"article\" \/>\n<meta property=\"og:title\" content=\"MILEI GAN\u00d3 EN SAN LUIS, PERO UNI\u00d3N POR LA PATRIA SE IMPUSO A JXC - Apuntes de San Luis\" \/>\n<meta property=\"og:description\" content=\"Si bien era previsible el triunfo del libertario Javier Milei en la provincia, la nota...\" \/>\n<meta property=\"og:url\" content=\"https:\/\/apuntesdesanluis.com\/index.php\/2023\/10\/22\/milei-gano-en-san-luis-pero-union-por-la-patria-se-impuso-a-jxc\/\" \/>\n<meta property=\"og:site_name\" content=\"Apuntes de San Luis\" \/>\n<meta property=\"article:published_time\" content=\"2023-10-23T01:02:00+00:00\" \/>\n<meta property=\"article:modified_time\" content=\"2023-10-23T01:24:36+00:00\" \/>\n<meta property=\"og:image\" content=\"https:\/\/apuntesdesanluis.com\/wp-content\/uploads\/2023\/10\/libertarios-abdala-arrascaeta.png\" \/>\n\t<meta property=\"og:image:width\" content=\"765\" \/>\n\t<meta property=\"og:image:height\" content=\"496\" \/>\n\t<meta property=\"og:image:type\" content=\"image\/png\" \/>\n<meta name=\"author\" content=\"apuntesdesanluis.com\" \/>\n<meta name=\"twitter:card\" content=\"summary_large_image\" \/>\n<meta name=\"twitter:label1\" content=\"Escrito por\" \/>\n\t<meta name=\"twitter:data1\" content=\"apuntesdesanluis.com\" \/>\n\t<meta name=\"twitter:label2\" content=\"Tiempo de lectura\" \/>\n\t<meta name=\"twitter:data2\" content=\"2 minutos\" \/>\n<script type=\"application\/ld+json\" class=\"yoast-schema-graph\">{\"@context\":\"https:\/\/schema.org\",\"@graph\":[{\"@type\":\"Article\",\"@id\":\"https:\/\/apuntesdesanluis.com\/index.php\/2023\/10\/22\/milei-gano-en-san-luis-pero-union-por-la-patria-se-impuso-a-jxc\/#article\",\"isPartOf\":{\"@id\":\"https:\/\/apuntesdesanluis.com\/index.php\/2023\/10\/22\/milei-gano-en-san-luis-pero-union-por-la-patria-se-impuso-a-jxc\/\"},\"author\":{\"name\":\"apuntesdesanluis.com\",\"@id\":\"https:\/\/apuntesdesanluis.com\/#\/schema\/person\/b55151d52296fcce64d1a72538a70b90\"},\"headline\":\"MILEI GAN\u00d3 EN SAN LUIS, PERO UNI\u00d3N POR LA PATRIA SE IMPUSO A JXC\",\"datePublished\":\"2023-10-23T01:02:00+00:00\",\"dateModified\":\"2023-10-23T01:24:36+00:00\",\"mainEntityOfPage\":{\"@id\":\"https:\/\/apuntesdesanluis.com\/index.php\/2023\/10\/22\/milei-gano-en-san-luis-pero-union-por-la-patria-se-impuso-a-jxc\/\"},\"wordCount\":228,\"publisher\":{\"@id\":\"https:\/\/apuntesdesanluis.com\/#\/schema\/person\/b55151d52296fcce64d1a72538a70b90\"},\"image\":{\"@id\":\"https:\/\/apuntesdesanluis.com\/index.php\/2023\/10\/22\/milei-gano-en-san-luis-pero-union-por-la-patria-se-impuso-a-jxc\/#primaryimage\"},\"thumbnailUrl\":\"https:\/\/apuntesdesanluis.com\/wp-content\/uploads\/2023\/10\/libertarios-abdala-arrascaeta.png\",\"articleSection\":[\"Ciudad\/Provincia\"],\"inLanguage\":\"es-AR\"},{\"@type\":\"WebPage\",\"@id\":\"https:\/\/apuntesdesanluis.com\/index.php\/2023\/10\/22\/milei-gano-en-san-luis-pero-union-por-la-patria-se-impuso-a-jxc\/\",\"url\":\"https:\/\/apuntesdesanluis.com\/index.php\/2023\/10\/22\/milei-gano-en-san-luis-pero-union-por-la-patria-se-impuso-a-jxc\/\",\"name\":\"MILEI GAN\u00d3 EN SAN LUIS, PERO UNI\u00d3N POR LA PATRIA SE IMPUSO A JXC - Apuntes de San Luis\",\"isPartOf\":{\"@id\":\"https:\/\/apuntesdesanluis.com\/#website\"},\"primaryImageOfPage\":{\"@id\":\"https:\/\/apuntesdesanluis.com\/index.php\/2023\/10\/22\/milei-gano-en-san-luis-pero-union-por-la-patria-se-impuso-a-jxc\/#primaryimage\"},\"image\":{\"@id\":\"https:\/\/apuntesdesanluis.com\/index.php\/2023\/10\/22\/milei-gano-en-san-luis-pero-union-por-la-patria-se-impuso-a-jxc\/#primaryimage\"},\"thumbnailUrl\":\"https:\/\/apuntesdesanluis.com\/wp-content\/uploads\/2023\/10\/libertarios-abdala-arrascaeta.png\",\"datePublished\":\"2023-10-23T01:02:00+00:00\",\"dateModified\":\"2023-10-23T01:24:36+00:00\",\"breadcrumb\":{\"@id\":\"https:\/\/apuntesdesanluis.com\/index.php\/2023\/10\/22\/milei-gano-en-san-luis-pero-union-por-la-patria-se-impuso-a-jxc\/#breadcrumb\"},\"inLanguage\":\"es-AR\",\"potentialAction\":[{\"@type\":\"ReadAction\",\"target\":[\"https:\/\/apuntesdesanluis.com\/index.php\/2023\/10\/22\/milei-gano-en-san-luis-pero-union-por-la-patria-se-impuso-a-jxc\/\"]}]},{\"@type\":\"ImageObject\",\"inLanguage\":\"es-AR\",\"@id\":\"https:\/\/apuntesdesanluis.com\/index.php\/2023\/10\/22\/milei-gano-en-san-luis-pero-union-por-la-patria-se-impuso-a-jxc\/#primaryimage\",\"url\":\"https:\/\/apuntesdesanluis.com\/wp-content\/uploads\/2023\/10\/libertarios-abdala-arrascaeta.png\",\"contentUrl\":\"https:\/\/apuntesdesanluis.com\/wp-content\/uploads\/2023\/10\/libertarios-abdala-arrascaeta.png\",\"width\":765,\"height\":496},{\"@type\":\"BreadcrumbList\",\"@id\":\"https:\/\/apuntesdesanluis.com\/index.php\/2023\/10\/22\/milei-gano-en-san-luis-pero-union-por-la-patria-se-impuso-a-jxc\/#breadcrumb\",\"itemListElement\":[{\"@type\":\"ListItem\",\"position\":1,\"name\":\"Inicio\",\"item\":\"https:\/\/apuntesdesanluis.com\/\"},{\"@type\":\"ListItem\",\"position\":2,\"name\":\"MILEI GAN\u00d3 EN SAN LUIS, PERO UNI\u00d3N POR LA PATRIA SE IMPUSO A JXC\"}]},{\"@type\":\"WebSite\",\"@id\":\"https:\/\/apuntesdesanluis.com\/#website\",\"url\":\"https:\/\/apuntesdesanluis.com\/\",\"name\":\"Apuntes de San Luis\",\"description\":\"\",\"publisher\":{\"@id\":\"https:\/\/apuntesdesanluis.com\/#\/schema\/person\/b55151d52296fcce64d1a72538a70b90\"},\"potentialAction\":[{\"@type\":\"SearchAction\",\"target\":{\"@type\":\"EntryPoint\",\"urlTemplate\":\"https:\/\/apuntesdesanluis.com\/?s={search_term_string}\"},\"query-input\":{\"@type\":\"PropertyValueSpecification\",\"valueRequired\":true,\"valueName\":\"search_term_string\"}}],\"inLanguage\":\"es-AR\"},{\"@type\":[\"Person\",\"Organization\"],\"@id\":\"https:\/\/apuntesdesanluis.com\/#\/schema\/person\/b55151d52296fcce64d1a72538a70b90\",\"name\":\"apuntesdesanluis.com\",\"image\":{\"@type\":\"ImageObject\",\"inLanguage\":\"es-AR\",\"@id\":\"https:\/\/apuntesdesanluis.com\/#\/schema\/person\/image\/\",\"url\":\"https:\/\/apuntesdesanluis.com\/wp-content\/uploads\/2023\/07\/cropped-apuntesdesanluis.png\",\"contentUrl\":\"https:\/\/apuntesdesanluis.com\/wp-content\/uploads\/2023\/07\/cropped-apuntesdesanluis.png\",\"width\":450,\"height\":112,\"caption\":\"apuntesdesanluis.com\"},\"logo\":{\"@id\":\"https:\/\/apuntesdesanluis.com\/#\/schema\/person\/image\/\"},\"sameAs\":[\"https:\/\/apuntesdesanluis.com\"],\"url\":\"https:\/\/apuntesdesanluis.com\/index.php\/author\/apuntesdesanluis-com\/\"}]}<\/script>\n<!-- \/ Yoast SEO plugin. -->","yoast_head_json":{"title":"MILEI GAN\u00d3 EN SAN LUIS, PERO UNI\u00d3N POR LA PATRIA SE IMPUSO A JXC - Apuntes de San Luis","robots":{"index":"index","follow":"follow","max-snippet":"max-snippet:-1","max-image-preview":"max-image-preview:large","max-video-preview":"max-video-preview:-1"},"canonical":"https:\/\/apuntesdesanluis.com\/index.php\/2023\/10\/22\/milei-gano-en-san-luis-pero-union-por-la-patria-se-impuso-a-jxc\/","og_locale":"es_ES","og_type":"article","og_title":"MILEI GAN\u00d3 EN SAN LUIS, PERO UNI\u00d3N POR LA PATRIA SE IMPUSO A JXC - Apuntes de San Luis","og_description":"Si bien era previsible el triunfo del libertario Javier Milei en la provincia, la nota...","og_url":"https:\/\/apuntesdesanluis.com\/index.php\/2023\/10\/22\/milei-gano-en-san-luis-pero-union-por-la-patria-se-impuso-a-jxc\/","og_site_name":"Apuntes de San Luis","article_published_time":"2023-10-23T01:02:00+00:00","article_modified_time":"2023-10-23T01:24:36+00:00","og_image":[{"width":765,"height":496,"url":"https:\/\/apuntesdesanluis.com\/wp-content\/uploads\/2023\/10\/libertarios-abdala-arrascaeta.png","type":"image\/png"}],"author":"apuntesdesanluis.com","twitter_card":"summary_large_image","twitter_misc":{"Escrito por":"apuntesdesanluis.com","Tiempo de lectura":"2 minutos"},"schema":{"@context":"https:\/\/schema.org","@graph":[{"@type":"Article","@id":"https:\/\/apuntesdesanluis.com\/index.php\/2023\/10\/22\/milei-gano-en-san-luis-pero-union-por-la-patria-se-impuso-a-jxc\/#article","isPartOf":{"@id":"https:\/\/apuntesdesanluis.com\/index.php\/2023\/10\/22\/milei-gano-en-san-luis-pero-union-por-la-patria-se-impuso-a-jxc\/"},"author":{"name":"apuntesdesanluis.com","@id":"https:\/\/apuntesdesanluis.com\/#\/schema\/person\/b55151d52296fcce64d1a72538a70b90"},"headline":"MILEI GAN\u00d3 EN SAN LUIS, PERO UNI\u00d3N POR LA PATRIA SE IMPUSO A JXC","datePublished":"2023-10-23T01:02:00+00:00","dateModified":"2023-10-23T01:24:36+00:00","mainEntityOfPage":{"@id":"https:\/\/apuntesdesanluis.com\/index.php\/2023\/10\/22\/milei-gano-en-san-luis-pero-union-por-la-patria-se-impuso-a-jxc\/"},"wordCount":228,"publisher":{"@id":"https:\/\/apuntesdesanluis.com\/#\/schema\/person\/b55151d52296fcce64d1a72538a70b90"},"image":{"@id":"https:\/\/apuntesdesanluis.com\/index.php\/2023\/10\/22\/milei-gano-en-san-luis-pero-union-por-la-patria-se-impuso-a-jxc\/#primaryimage"},"thumbnailUrl":"https:\/\/apuntesdesanluis.com\/wp-content\/uploads\/2023\/10\/libertarios-abdala-arrascaeta.png","articleSection":["Ciudad\/Provincia"],"inLanguage":"es-AR"},{"@type":"WebPage","@id":"https:\/\/apuntesdesanluis.com\/index.php\/2023\/10\/22\/milei-gano-en-san-luis-pero-union-por-la-patria-se-impuso-a-jxc\/","url":"https:\/\/apuntesdesanluis.com\/index.php\/2023\/10\/22\/milei-gano-en-san-luis-pero-union-por-la-patria-se-impuso-a-jxc\/","name":"MILEI GAN\u00d3 EN SAN LUIS, PERO UNI\u00d3N POR LA PATRIA SE IMPUSO A JXC - Apuntes de San Luis","isPartOf":{"@id":"https:\/\/apuntesdesanluis.com\/#website"},"primaryImageOfPage":{"@id":"https:\/\/apuntesdesanluis.com\/index.php\/2023\/10\/22\/milei-gano-en-san-luis-pero-union-por-la-patria-se-impuso-a-jxc\/#primaryimage"},"image":{"@id":"https:\/\/apuntesdesanluis.com\/index.php\/2023\/10\/22\/milei-gano-en-san-luis-pero-union-por-la-patria-se-impuso-a-jxc\/#primaryimage"},"thumbnailUrl":"https:\/\/apuntesdesanluis.com\/wp-content\/uploads\/2023\/10\/libertarios-abdala-arrascaeta.png","datePublished":"2023-10-23T01:02:00+00:00","dateModified":"2023-10-23T01:24:36+00:00","breadcrumb":{"@id":"https:\/\/apuntesdesanluis.com\/index.php\/2023\/10\/22\/milei-gano-en-san-luis-pero-union-por-la-patria-se-impuso-a-jxc\/#breadcrumb"},"inLanguage":"es-AR","potentialAction":[{"@type":"ReadAction","target":["https:\/\/apuntesdesanluis.com\/index.php\/2023\/10\/22\/milei-gano-en-san-luis-pero-union-por-la-patria-se-impuso-a-jxc\/"]}]},{"@type":"ImageObject","inLanguage":"es-AR","@id":"https:\/\/apuntesdesanluis.com\/index.php\/2023\/10\/22\/milei-gano-en-san-luis-pero-union-por-la-patria-se-impuso-a-jxc\/#primaryimage","url":"https:\/\/apuntesdesanluis.com\/wp-content\/uploads\/2023\/10\/libertarios-abdala-arrascaeta.png","contentUrl":"https:\/\/apuntesdesanluis.com\/wp-content\/uploads\/2023\/10\/libertarios-abdala-arrascaeta.png","width":765,"height":496},{"@type":"BreadcrumbList","@id":"https:\/\/apuntesdesanluis.com\/index.php\/2023\/10\/22\/milei-gano-en-san-luis-pero-union-por-la-patria-se-impuso-a-jxc\/#breadcrumb","itemListElement":[{"@type":"ListItem","position":1,"name":"Inicio","item":"https:\/\/apuntesdesanluis.com\/"},{"@type":"ListItem","position":2,"name":"MILEI GAN\u00d3 EN SAN LUIS, PERO UNI\u00d3N POR LA PATRIA SE IMPUSO A JXC"}]},{"@type":"WebSite","@id":"https:\/\/apuntesdesanluis.com\/#website","url":"https:\/\/apuntesdesanluis.com\/","name":"Apuntes de San Luis","description":"","publisher":{"@id":"https:\/\/apuntesdesanluis.com\/#\/schema\/person\/b55151d52296fcce64d1a72538a70b90"},"potentialAction":[{"@type":"SearchAction","target":{"@type":"EntryPoint","urlTemplate":"https:\/\/apuntesdesanluis.com\/?s={search_term_string}"},"query-input":{"@type":"PropertyValueSpecification","valueRequired":true,"valueName":"search_term_string"}}],"inLanguage":"es-AR"},{"@type":["Person","Organization"],"@id":"https:\/\/apuntesdesanluis.com\/#\/schema\/person\/b55151d52296fcce64d1a72538a70b90","name":"apuntesdesanluis.com","image":{"@type":"ImageObject","inLanguage":"es-AR","@id":"https:\/\/apuntesdesanluis.com\/#\/schema\/person\/image\/","url":"https:\/\/apuntesdesanluis.com\/wp-content\/uploads\/2023\/07\/cropped-apuntesdesanluis.png","contentUrl":"https:\/\/apuntesdesanluis.com\/wp-content\/uploads\/2023\/07\/cropped-apuntesdesanluis.png","width":450,"height":112,"caption":"apuntesdesanluis.com"},"logo":{"@id":"https:\/\/apuntesdesanluis.com\/#\/schema\/person\/image\/"},"sameAs":["https:\/\/apuntesdesanluis.com"],"url":"https:\/\/apuntesdesanluis.com\/index.php\/author\/apuntesdesanluis-com\/"}]}},"featured_image_urls":{"full":["https:\/\/apuntesdesanluis.com\/wp-content\/uploads\/2023\/10\/libertarios-abdala-arrascaeta.png",765,496,false],"thumbnail":["https:\/\/apuntesdesanluis.com\/wp-content\/uploads\/2023\/10\/libertarios-abdala-arrascaeta-150x150.png",150,150,true],"medium":["https:\/\/apuntesdesanluis.com\/wp-content\/uploads\/2023\/10\/libertarios-abdala-arrascaeta-300x195.png",300,195,true],"medium_large":["https:\/\/apuntesdesanluis.com\/wp-content\/uploads\/2023\/10\/libertarios-abdala-arrascaeta.png",640,415,false],"large":["https:\/\/apuntesdesanluis.com\/wp-content\/uploads\/2023\/10\/libertarios-abdala-arrascaeta.png",640,415,false],"1536x1536":["https:\/\/apuntesdesanluis.com\/wp-content\/uploads\/2023\/10\/libertarios-abdala-arrascaeta.png",765,496,false],"2048x2048":["https:\/\/apuntesdesanluis.com\/wp-content\/uploads\/2023\/10\/libertarios-abdala-arrascaeta.png",765,496,false],"newsever-slider-full":["https:\/\/apuntesdesanluis.com\/wp-content\/uploads\/2023\/10\/libertarios-abdala-arrascaeta.png",765,496,false],"newsever-featured":["https:\/\/apuntesdesanluis.com\/wp-content\/uploads\/2023\/10\/libertarios-abdala-arrascaeta.png",765,496,false],"newsever-medium":["https:\/\/apuntesdesanluis.com\/wp-content\/uploads\/2023\/10\/libertarios-abdala-arrascaeta-720x475.png",720,475,true]},"author_info":{"display_name":"apuntesdesanluis.com","author_link":"https:\/\/apuntesdesanluis.com\/index.php\/author\/apuntesdesanluis-com\/"},"category_info":"<a href=\"https:\/\/apuntesdesanluis.com\/index.php\/category\/ciudad-provincia\/\" rel=\"category tag\">Ciudad\/Provincia<\/a>","tag_info":"Ciudad\/Provincia","comment_count":"0","_links":{"self":[{"href":"https:\/\/apuntesdesanluis.com\/index.php\/wp-json\/wp\/v2\/posts\/5584","targetHints":{"allow":["GET"]}}],"collection":[{"href":"https:\/\/apuntesdesanluis.com\/index.php\/wp-json\/wp\/v2\/posts"}],"about":[{"href":"https:\/\/apuntesdesanluis.com\/index.php\/wp-json\/wp\/v2\/types\/post"}],"author":[{"embeddable":true,"href":"https:\/\/apuntesdesanluis.com\/index.php\/wp-json\/wp\/v2\/users\/1"}],"replies":[{"embeddable":true,"href":"https:\/\/apuntesdesanluis.com\/index.php\/wp-json\/wp\/v2\/comments?post=5584"}],"version-history":[{"count":4,"href":"https:\/\/apuntesdesanluis.com\/index.php\/wp-json\/wp\/v2\/posts\/5584\/revisions"}],"predecessor-version":[{"id":5594,"href":"https:\/\/apuntesdesanluis.com\/index.php\/wp-json\/wp\/v2\/posts\/5584\/revisions\/5594"}],"wp:featuredmedia":[{"embeddable":true,"href":"https:\/\/apuntesdesanluis.com\/index.php\/wp-json\/wp\/v2\/media\/5585"}],"wp:attachment":[{"href":"https:\/\/apuntesdesanluis.com\/index.php\/wp-json\/wp\/v2\/media?parent=5584"}],"wp:term":[{"taxonomy":"category","embeddable":true,"href":"https:\/\/apuntesdesanluis.com\/index.php\/wp-json\/wp\/v2\/categories?post=5584"},{"taxonomy":"post_tag","embeddable":true,"href":"https:\/\/apuntesdesanluis.com\/index.php\/wp-json\/wp\/v2\/tags?post=5584"}],"curies":[{"name":"wp","href":"https:\/\/api.w.org\/{rel}","templated":true}]}}