{"id":5601,"date":"2023-10-22T23:29:13","date_gmt":"2023-10-23T02:29:13","guid":{"rendered":"https:\/\/apuntesdesanluis.com\/?p=5601"},"modified":"2023-10-22T23:32:44","modified_gmt":"2023-10-23T02:32:44","slug":"axel-kicillof-se-impuso-comodamente-en-la-provincia-de-buenos-aires-y-logro-la-reeleccion","status":"publish","type":"post","link":"https:\/\/apuntesdesanluis.com\/index.php\/2023\/10\/22\/axel-kicillof-se-impuso-comodamente-en-la-provincia-de-buenos-aires-y-logro-la-reeleccion\/","title":{"rendered":"AXEL KICILLOF SE IMPUSO C\u00d3MODAMENTE EN LA PROVINCIA DE BUENOS AIRES Y LOGR\u00d3 LA REELECCI\u00d3N"},"content":{"rendered":"<h3>El gobernador de la provincia de Buenos Aires, <span style=\"color: #000000;\"><strong>Axel Kicillof<\/strong><\/span>, se impuso claramente este domingo por casi 20 puntos sobre el segundo y logr\u00f3 la reelecci\u00f3n como gobernador, seg\u00fan los primeros resultados difundidos de manera oficial.<\/h3>\n<h3>Con el 74% de las mesas escrutadas en el marco de las elecciones generales de este domingo, el candidato de Uni\u00f3n por la Patria alcanza el 45%, mientras que <strong>N\u00e9stor Grindetti<\/strong> \u2014Juntos por el Cambio\u2014 se ubica en el orden del 26%. <strong>Carolina P\u00edparo<\/strong> \u2014La Libertad Avanza\u2014, por su parte, llega al 24%.<\/h3>\n<h3>\u201cLa libertad solo se alcanza cuando hay igualdad de oportunidades\u201d, indic\u00f3 el mandatario bonaerense en su discurso y remarc\u00f3: \u201cNecesitamos que el pr\u00f3ximo presidente de la Argentina sea Sergio Massa\u201d.<\/h3>\n<h3>Minutos antes de las 22 de la noche del domingo, en el b\u00fanker de Uni\u00f3n por la Patria, Kicillof subi\u00f3 al escenario principal y tom\u00f3 la palabra, ante el festejo de la militancia presente. \u201cEstamos muy emocionados\u201d, fueron sus primeras palabras.<\/h3>\n<h3>\u201cEste voto significa \u2018dictadura Nunca M\u00e1s\u2019\u201d, se\u00f1al\u00f3 al agradecer el voto y el respaldo de la poblaci\u00f3n en el territorio bonaerense en el marco de los 40 a\u00f1os de democracia.<\/h3>\n<h3>\u201cAll\u00e1 por 2019 cuando asumimos una provincia a la que denominamos tierra arrasada, recibimos una provincia en esas condiciones. Han pasado a\u00f1os dif\u00edciles, de dificultades in\u00e9ditas e inesperadas y las hemos atravesado\u201d, coment\u00f3.<\/h3>\n<h3>\u201cLo que emociona es ver el respaldo y el acompa\u00f1amiento y la fuerza y convicci\u00f3n que le puso el pueblo de la provincia de Buenos Aires\u201d, enfatiz\u00f3.<\/h3>\n<h3>\u201cNo nos venci\u00f3 ni la resignaci\u00f3n ni la antipol\u00edtica\u201d, insisti\u00f3 Kicillof.<\/h3>\n<p>&nbsp;<\/p>\n<p>&nbsp;<\/p>\n<p>&nbsp;<\/p>\n","protected":false},"excerpt":{"rendered":"<p>El gobernador de la provincia de Buenos Aires, Axel Kicillof, se impuso claramente este domingo&#8230;<\/p>\n","protected":false},"author":1,"featured_media":5604,"comment_status":"closed","ping_status":"closed","sticky":false,"template":"","format":"standard","meta":{"footnotes":""},"categories":[5],"tags":[],"class_list":["post-5601","post","type-post","status-publish","format-standard","has-post-thumbnail","hentry","category-nacionales-internacionales"],"yoast_head":"<!-- This site is optimized with the Yoast SEO plugin v26.1.1 - https:\/\/yoast.com\/wordpress\/plugins\/seo\/ -->\n<title>AXEL KICILLOF SE IMPUSO C\u00d3MODAMENTE EN LA PROVINCIA DE BUENOS AIRES Y LOGR\u00d3 LA REELECCI\u00d3N - Apuntes de San Luis<\/title>\n<meta name=\"robots\" content=\"index, follow, max-snippet:-1, max-image-preview:large, max-video-preview:-1\" \/>\n<link rel=\"canonical\" href=\"https:\/\/apuntesdesanluis.com\/index.php\/2023\/10\/22\/axel-kicillof-se-impuso-comodamente-en-la-provincia-de-buenos-aires-y-logro-la-reeleccion\/\" \/>\n<meta property=\"og:locale\" content=\"es_ES\" \/>\n<meta property=\"og:type\" content=\"article\" \/>\n<meta property=\"og:title\" content=\"AXEL KICILLOF SE IMPUSO C\u00d3MODAMENTE EN LA PROVINCIA DE BUENOS AIRES Y LOGR\u00d3 LA REELECCI\u00d3N - Apuntes de San Luis\" \/>\n<meta property=\"og:description\" content=\"El gobernador de la provincia de Buenos Aires, Axel Kicillof, se impuso claramente este domingo...\" \/>\n<meta property=\"og:url\" content=\"https:\/\/apuntesdesanluis.com\/index.php\/2023\/10\/22\/axel-kicillof-se-impuso-comodamente-en-la-provincia-de-buenos-aires-y-logro-la-reeleccion\/\" \/>\n<meta property=\"og:site_name\" content=\"Apuntes de San Luis\" \/>\n<meta property=\"article:published_time\" content=\"2023-10-23T02:29:13+00:00\" \/>\n<meta property=\"article:modified_time\" content=\"2023-10-23T02:32:44+00:00\" \/>\n<meta property=\"og:image\" content=\"https:\/\/apuntesdesanluis.com\/wp-content\/uploads\/2023\/10\/kicillof-1.png\" \/>\n\t<meta property=\"og:image:width\" content=\"621\" \/>\n\t<meta property=\"og:image:height\" content=\"384\" \/>\n\t<meta property=\"og:image:type\" content=\"image\/png\" \/>\n<meta name=\"author\" content=\"apuntesdesanluis.com\" \/>\n<meta name=\"twitter:card\" content=\"summary_large_image\" \/>\n<meta name=\"twitter:label1\" content=\"Escrito por\" \/>\n\t<meta name=\"twitter:data1\" content=\"apuntesdesanluis.com\" \/>\n\t<meta name=\"twitter:label2\" content=\"Tiempo de lectura\" \/>\n\t<meta name=\"twitter:data2\" content=\"2 minutos\" \/>\n<script type=\"application\/ld+json\" class=\"yoast-schema-graph\">{\"@context\":\"https:\/\/schema.org\",\"@graph\":[{\"@type\":\"Article\",\"@id\":\"https:\/\/apuntesdesanluis.com\/index.php\/2023\/10\/22\/axel-kicillof-se-impuso-comodamente-en-la-provincia-de-buenos-aires-y-logro-la-reeleccion\/#article\",\"isPartOf\":{\"@id\":\"https:\/\/apuntesdesanluis.com\/index.php\/2023\/10\/22\/axel-kicillof-se-impuso-comodamente-en-la-provincia-de-buenos-aires-y-logro-la-reeleccion\/\"},\"author\":{\"name\":\"apuntesdesanluis.com\",\"@id\":\"https:\/\/apuntesdesanluis.com\/#\/schema\/person\/b55151d52296fcce64d1a72538a70b90\"},\"headline\":\"AXEL KICILLOF SE IMPUSO C\u00d3MODAMENTE EN LA PROVINCIA DE BUENOS AIRES Y LOGR\u00d3 LA REELECCI\u00d3N\",\"datePublished\":\"2023-10-23T02:29:13+00:00\",\"dateModified\":\"2023-10-23T02:32:44+00:00\",\"mainEntityOfPage\":{\"@id\":\"https:\/\/apuntesdesanluis.com\/index.php\/2023\/10\/22\/axel-kicillof-se-impuso-comodamente-en-la-provincia-de-buenos-aires-y-logro-la-reeleccion\/\"},\"wordCount\":292,\"publisher\":{\"@id\":\"https:\/\/apuntesdesanluis.com\/#\/schema\/person\/b55151d52296fcce64d1a72538a70b90\"},\"image\":{\"@id\":\"https:\/\/apuntesdesanluis.com\/index.php\/2023\/10\/22\/axel-kicillof-se-impuso-comodamente-en-la-provincia-de-buenos-aires-y-logro-la-reeleccion\/#primaryimage\"},\"thumbnailUrl\":\"https:\/\/apuntesdesanluis.com\/wp-content\/uploads\/2023\/10\/kicillof-1.png\",\"articleSection\":[\"Nacionales\/Internacionales\"],\"inLanguage\":\"es-AR\"},{\"@type\":\"WebPage\",\"@id\":\"https:\/\/apuntesdesanluis.com\/index.php\/2023\/10\/22\/axel-kicillof-se-impuso-comodamente-en-la-provincia-de-buenos-aires-y-logro-la-reeleccion\/\",\"url\":\"https:\/\/apuntesdesanluis.com\/index.php\/2023\/10\/22\/axel-kicillof-se-impuso-comodamente-en-la-provincia-de-buenos-aires-y-logro-la-reeleccion\/\",\"name\":\"AXEL KICILLOF SE IMPUSO C\u00d3MODAMENTE EN LA PROVINCIA DE BUENOS AIRES Y LOGR\u00d3 LA REELECCI\u00d3N - Apuntes de San Luis\",\"isPartOf\":{\"@id\":\"https:\/\/apuntesdesanluis.com\/#website\"},\"primaryImageOfPage\":{\"@id\":\"https:\/\/apuntesdesanluis.com\/index.php\/2023\/10\/22\/axel-kicillof-se-impuso-comodamente-en-la-provincia-de-buenos-aires-y-logro-la-reeleccion\/#primaryimage\"},\"image\":{\"@id\":\"https:\/\/apuntesdesanluis.com\/index.php\/2023\/10\/22\/axel-kicillof-se-impuso-comodamente-en-la-provincia-de-buenos-aires-y-logro-la-reeleccion\/#primaryimage\"},\"thumbnailUrl\":\"https:\/\/apuntesdesanluis.com\/wp-content\/uploads\/2023\/10\/kicillof-1.png\",\"datePublished\":\"2023-10-23T02:29:13+00:00\",\"dateModified\":\"2023-10-23T02:32:44+00:00\",\"breadcrumb\":{\"@id\":\"https:\/\/apuntesdesanluis.com\/index.php\/2023\/10\/22\/axel-kicillof-se-impuso-comodamente-en-la-provincia-de-buenos-aires-y-logro-la-reeleccion\/#breadcrumb\"},\"inLanguage\":\"es-AR\",\"potentialAction\":[{\"@type\":\"ReadAction\",\"target\":[\"https:\/\/apuntesdesanluis.com\/index.php\/2023\/10\/22\/axel-kicillof-se-impuso-comodamente-en-la-provincia-de-buenos-aires-y-logro-la-reeleccion\/\"]}]},{\"@type\":\"ImageObject\",\"inLanguage\":\"es-AR\",\"@id\":\"https:\/\/apuntesdesanluis.com\/index.php\/2023\/10\/22\/axel-kicillof-se-impuso-comodamente-en-la-provincia-de-buenos-aires-y-logro-la-reeleccion\/#primaryimage\",\"url\":\"https:\/\/apuntesdesanluis.com\/wp-content\/uploads\/2023\/10\/kicillof-1.png\",\"contentUrl\":\"https:\/\/apuntesdesanluis.com\/wp-content\/uploads\/2023\/10\/kicillof-1.png\",\"width\":621,\"height\":384},{\"@type\":\"BreadcrumbList\",\"@id\":\"https:\/\/apuntesdesanluis.com\/index.php\/2023\/10\/22\/axel-kicillof-se-impuso-comodamente-en-la-provincia-de-buenos-aires-y-logro-la-reeleccion\/#breadcrumb\",\"itemListElement\":[{\"@type\":\"ListItem\",\"position\":1,\"name\":\"Inicio\",\"item\":\"https:\/\/apuntesdesanluis.com\/\"},{\"@type\":\"ListItem\",\"position\":2,\"name\":\"AXEL KICILLOF SE IMPUSO C\u00d3MODAMENTE EN LA PROVINCIA DE BUENOS AIRES Y LOGR\u00d3 LA REELECCI\u00d3N\"}]},{\"@type\":\"WebSite\",\"@id\":\"https:\/\/apuntesdesanluis.com\/#website\",\"url\":\"https:\/\/apuntesdesanluis.com\/\",\"name\":\"Apuntes de San Luis\",\"description\":\"\",\"publisher\":{\"@id\":\"https:\/\/apuntesdesanluis.com\/#\/schema\/person\/b55151d52296fcce64d1a72538a70b90\"},\"potentialAction\":[{\"@type\":\"SearchAction\",\"target\":{\"@type\":\"EntryPoint\",\"urlTemplate\":\"https:\/\/apuntesdesanluis.com\/?s={search_term_string}\"},\"query-input\":{\"@type\":\"PropertyValueSpecification\",\"valueRequired\":true,\"valueName\":\"search_term_string\"}}],\"inLanguage\":\"es-AR\"},{\"@type\":[\"Person\",\"Organization\"],\"@id\":\"https:\/\/apuntesdesanluis.com\/#\/schema\/person\/b55151d52296fcce64d1a72538a70b90\",\"name\":\"apuntesdesanluis.com\",\"image\":{\"@type\":\"ImageObject\",\"inLanguage\":\"es-AR\",\"@id\":\"https:\/\/apuntesdesanluis.com\/#\/schema\/person\/image\/\",\"url\":\"https:\/\/apuntesdesanluis.com\/wp-content\/uploads\/2023\/07\/cropped-apuntesdesanluis.png\",\"contentUrl\":\"https:\/\/apuntesdesanluis.com\/wp-content\/uploads\/2023\/07\/cropped-apuntesdesanluis.png\",\"width\":450,\"height\":112,\"caption\":\"apuntesdesanluis.com\"},\"logo\":{\"@id\":\"https:\/\/apuntesdesanluis.com\/#\/schema\/person\/image\/\"},\"sameAs\":[\"https:\/\/apuntesdesanluis.com\"],\"url\":\"https:\/\/apuntesdesanluis.com\/index.php\/author\/apuntesdesanluis-com\/\"}]}<\/script>\n<!-- \/ Yoast SEO plugin. -->","yoast_head_json":{"title":"AXEL KICILLOF SE IMPUSO C\u00d3MODAMENTE EN LA PROVINCIA DE BUENOS AIRES Y LOGR\u00d3 LA REELECCI\u00d3N - Apuntes de San Luis","robots":{"index":"index","follow":"follow","max-snippet":"max-snippet:-1","max-image-preview":"max-image-preview:large","max-video-preview":"max-video-preview:-1"},"canonical":"https:\/\/apuntesdesanluis.com\/index.php\/2023\/10\/22\/axel-kicillof-se-impuso-comodamente-en-la-provincia-de-buenos-aires-y-logro-la-reeleccion\/","og_locale":"es_ES","og_type":"article","og_title":"AXEL KICILLOF SE IMPUSO C\u00d3MODAMENTE EN LA PROVINCIA DE BUENOS AIRES Y LOGR\u00d3 LA REELECCI\u00d3N - Apuntes de San Luis","og_description":"El gobernador de la provincia de Buenos Aires, Axel Kicillof, se impuso claramente este domingo...","og_url":"https:\/\/apuntesdesanluis.com\/index.php\/2023\/10\/22\/axel-kicillof-se-impuso-comodamente-en-la-provincia-de-buenos-aires-y-logro-la-reeleccion\/","og_site_name":"Apuntes de San Luis","article_published_time":"2023-10-23T02:29:13+00:00","article_modified_time":"2023-10-23T02:32:44+00:00","og_image":[{"width":621,"height":384,"url":"https:\/\/apuntesdesanluis.com\/wp-content\/uploads\/2023\/10\/kicillof-1.png","type":"image\/png"}],"author":"apuntesdesanluis.com","twitter_card":"summary_large_image","twitter_misc":{"Escrito por":"apuntesdesanluis.com","Tiempo de lectura":"2 minutos"},"schema":{"@context":"https:\/\/schema.org","@graph":[{"@type":"Article","@id":"https:\/\/apuntesdesanluis.com\/index.php\/2023\/10\/22\/axel-kicillof-se-impuso-comodamente-en-la-provincia-de-buenos-aires-y-logro-la-reeleccion\/#article","isPartOf":{"@id":"https:\/\/apuntesdesanluis.com\/index.php\/2023\/10\/22\/axel-kicillof-se-impuso-comodamente-en-la-provincia-de-buenos-aires-y-logro-la-reeleccion\/"},"author":{"name":"apuntesdesanluis.com","@id":"https:\/\/apuntesdesanluis.com\/#\/schema\/person\/b55151d52296fcce64d1a72538a70b90"},"headline":"AXEL KICILLOF SE IMPUSO C\u00d3MODAMENTE EN LA PROVINCIA DE BUENOS AIRES Y LOGR\u00d3 LA REELECCI\u00d3N","datePublished":"2023-10-23T02:29:13+00:00","dateModified":"2023-10-23T02:32:44+00:00","mainEntityOfPage":{"@id":"https:\/\/apuntesdesanluis.com\/index.php\/2023\/10\/22\/axel-kicillof-se-impuso-comodamente-en-la-provincia-de-buenos-aires-y-logro-la-reeleccion\/"},"wordCount":292,"publisher":{"@id":"https:\/\/apuntesdesanluis.com\/#\/schema\/person\/b55151d52296fcce64d1a72538a70b90"},"image":{"@id":"https:\/\/apuntesdesanluis.com\/index.php\/2023\/10\/22\/axel-kicillof-se-impuso-comodamente-en-la-provincia-de-buenos-aires-y-logro-la-reeleccion\/#primaryimage"},"thumbnailUrl":"https:\/\/apuntesdesanluis.com\/wp-content\/uploads\/2023\/10\/kicillof-1.png","articleSection":["Nacionales\/Internacionales"],"inLanguage":"es-AR"},{"@type":"WebPage","@id":"https:\/\/apuntesdesanluis.com\/index.php\/2023\/10\/22\/axel-kicillof-se-impuso-comodamente-en-la-provincia-de-buenos-aires-y-logro-la-reeleccion\/","url":"https:\/\/apuntesdesanluis.com\/index.php\/2023\/10\/22\/axel-kicillof-se-impuso-comodamente-en-la-provincia-de-buenos-aires-y-logro-la-reeleccion\/","name":"AXEL KICILLOF SE IMPUSO C\u00d3MODAMENTE EN LA PROVINCIA DE BUENOS AIRES Y LOGR\u00d3 LA REELECCI\u00d3N - Apuntes de San Luis","isPartOf":{"@id":"https:\/\/apuntesdesanluis.com\/#website"},"primaryImageOfPage":{"@id":"https:\/\/apuntesdesanluis.com\/index.php\/2023\/10\/22\/axel-kicillof-se-impuso-comodamente-en-la-provincia-de-buenos-aires-y-logro-la-reeleccion\/#primaryimage"},"image":{"@id":"https:\/\/apuntesdesanluis.com\/index.php\/2023\/10\/22\/axel-kicillof-se-impuso-comodamente-en-la-provincia-de-buenos-aires-y-logro-la-reeleccion\/#primaryimage"},"thumbnailUrl":"https:\/\/apuntesdesanluis.com\/wp-content\/uploads\/2023\/10\/kicillof-1.png","datePublished":"2023-10-23T02:29:13+00:00","dateModified":"2023-10-23T02:32:44+00:00","breadcrumb":{"@id":"https:\/\/apuntesdesanluis.com\/index.php\/2023\/10\/22\/axel-kicillof-se-impuso-comodamente-en-la-provincia-de-buenos-aires-y-logro-la-reeleccion\/#breadcrumb"},"inLanguage":"es-AR","potentialAction":[{"@type":"ReadAction","target":["https:\/\/apuntesdesanluis.com\/index.php\/2023\/10\/22\/axel-kicillof-se-impuso-comodamente-en-la-provincia-de-buenos-aires-y-logro-la-reeleccion\/"]}]},{"@type":"ImageObject","inLanguage":"es-AR","@id":"https:\/\/apuntesdesanluis.com\/index.php\/2023\/10\/22\/axel-kicillof-se-impuso-comodamente-en-la-provincia-de-buenos-aires-y-logro-la-reeleccion\/#primaryimage","url":"https:\/\/apuntesdesanluis.com\/wp-content\/uploads\/2023\/10\/kicillof-1.png","contentUrl":"https:\/\/apuntesdesanluis.com\/wp-content\/uploads\/2023\/10\/kicillof-1.png","width":621,"height":384},{"@type":"BreadcrumbList","@id":"https:\/\/apuntesdesanluis.com\/index.php\/2023\/10\/22\/axel-kicillof-se-impuso-comodamente-en-la-provincia-de-buenos-aires-y-logro-la-reeleccion\/#breadcrumb","itemListElement":[{"@type":"ListItem","position":1,"name":"Inicio","item":"https:\/\/apuntesdesanluis.com\/"},{"@type":"ListItem","position":2,"name":"AXEL KICILLOF SE IMPUSO C\u00d3MODAMENTE EN LA PROVINCIA DE BUENOS AIRES Y LOGR\u00d3 LA REELECCI\u00d3N"}]},{"@type":"WebSite","@id":"https:\/\/apuntesdesanluis.com\/#website","url":"https:\/\/apuntesdesanluis.com\/","name":"Apuntes de San Luis","description":"","publisher":{"@id":"https:\/\/apuntesdesanluis.com\/#\/schema\/person\/b55151d52296fcce64d1a72538a70b90"},"potentialAction":[{"@type":"SearchAction","target":{"@type":"EntryPoint","urlTemplate":"https:\/\/apuntesdesanluis.com\/?s={search_term_string}"},"query-input":{"@type":"PropertyValueSpecification","valueRequired":true,"valueName":"search_term_string"}}],"inLanguage":"es-AR"},{"@type":["Person","Organization"],"@id":"https:\/\/apuntesdesanluis.com\/#\/schema\/person\/b55151d52296fcce64d1a72538a70b90","name":"apuntesdesanluis.com","image":{"@type":"ImageObject","inLanguage":"es-AR","@id":"https:\/\/apuntesdesanluis.com\/#\/schema\/person\/image\/","url":"https:\/\/apuntesdesanluis.com\/wp-content\/uploads\/2023\/07\/cropped-apuntesdesanluis.png","contentUrl":"https:\/\/apuntesdesanluis.com\/wp-content\/uploads\/2023\/07\/cropped-apuntesdesanluis.png","width":450,"height":112,"caption":"apuntesdesanluis.com"},"logo":{"@id":"https:\/\/apuntesdesanluis.com\/#\/schema\/person\/image\/"},"sameAs":["https:\/\/apuntesdesanluis.com"],"url":"https:\/\/apuntesdesanluis.com\/index.php\/author\/apuntesdesanluis-com\/"}]}},"featured_image_urls":{"full":["https:\/\/apuntesdesanluis.com\/wp-content\/uploads\/2023\/10\/kicillof-1.png",621,384,false],"thumbnail":["https:\/\/apuntesdesanluis.com\/wp-content\/uploads\/2023\/10\/kicillof-1-150x150.png",150,150,true],"medium":["https:\/\/apuntesdesanluis.com\/wp-content\/uploads\/2023\/10\/kicillof-1-300x186.png",300,186,true],"medium_large":["https:\/\/apuntesdesanluis.com\/wp-content\/uploads\/2023\/10\/kicillof-1.png",621,384,false],"large":["https:\/\/apuntesdesanluis.com\/wp-content\/uploads\/2023\/10\/kicillof-1.png",621,384,false],"1536x1536":["https:\/\/apuntesdesanluis.com\/wp-content\/uploads\/2023\/10\/kicillof-1.png",621,384,false],"2048x2048":["https:\/\/apuntesdesanluis.com\/wp-content\/uploads\/2023\/10\/kicillof-1.png",621,384,false],"newsever-slider-full":["https:\/\/apuntesdesanluis.com\/wp-content\/uploads\/2023\/10\/kicillof-1.png",621,384,false],"newsever-featured":["https:\/\/apuntesdesanluis.com\/wp-content\/uploads\/2023\/10\/kicillof-1.png",621,384,false],"newsever-medium":["https:\/\/apuntesdesanluis.com\/wp-content\/uploads\/2023\/10\/kicillof-1.png",621,384,false]},"author_info":{"display_name":"apuntesdesanluis.com","author_link":"https:\/\/apuntesdesanluis.com\/index.php\/author\/apuntesdesanluis-com\/"},"category_info":"<a href=\"https:\/\/apuntesdesanluis.com\/index.php\/category\/nacionales-internacionales\/\" rel=\"category tag\">Nacionales\/Internacionales<\/a>","tag_info":"Nacionales\/Internacionales","comment_count":"0","_links":{"self":[{"href":"https:\/\/apuntesdesanluis.com\/index.php\/wp-json\/wp\/v2\/posts\/5601","targetHints":{"allow":["GET"]}}],"collection":[{"href":"https:\/\/apuntesdesanluis.com\/index.php\/wp-json\/wp\/v2\/posts"}],"about":[{"href":"https:\/\/apuntesdesanluis.com\/index.php\/wp-json\/wp\/v2\/types\/post"}],"author":[{"embeddable":true,"href":"https:\/\/apuntesdesanluis.com\/index.php\/wp-json\/wp\/v2\/users\/1"}],"replies":[{"embeddable":true,"href":"https:\/\/apuntesdesanluis.com\/index.php\/wp-json\/wp\/v2\/comments?post=5601"}],"version-history":[{"count":3,"href":"https:\/\/apuntesdesanluis.com\/index.php\/wp-json\/wp\/v2\/posts\/5601\/revisions"}],"predecessor-version":[{"id":5606,"href":"https:\/\/apuntesdesanluis.com\/index.php\/wp-json\/wp\/v2\/posts\/5601\/revisions\/5606"}],"wp:featuredmedia":[{"embeddable":true,"href":"https:\/\/apuntesdesanluis.com\/index.php\/wp-json\/wp\/v2\/media\/5604"}],"wp:attachment":[{"href":"https:\/\/apuntesdesanluis.com\/index.php\/wp-json\/wp\/v2\/media?parent=5601"}],"wp:term":[{"taxonomy":"category","embeddable":true,"href":"https:\/\/apuntesdesanluis.com\/index.php\/wp-json\/wp\/v2\/categories?post=5601"},{"taxonomy":"post_tag","embeddable":true,"href":"https:\/\/apuntesdesanluis.com\/index.php\/wp-json\/wp\/v2\/tags?post=5601"}],"curies":[{"name":"wp","href":"https:\/\/api.w.org\/{rel}","templated":true}]}}