{"id":5607,"date":"2023-10-22T23:36:28","date_gmt":"2023-10-23T02:36:28","guid":{"rendered":"https:\/\/apuntesdesanluis.com\/?p=5607"},"modified":"2023-10-22T23:36:53","modified_gmt":"2023-10-23T02:36:53","slug":"jorge-macri-gano-por-amplio-margen-en-la-ciudad-pero-enfrentara-a-santoro-en-segunda-vuelta","status":"publish","type":"post","link":"https:\/\/apuntesdesanluis.com\/index.php\/2023\/10\/22\/jorge-macri-gano-por-amplio-margen-en-la-ciudad-pero-enfrentara-a-santoro-en-segunda-vuelta\/","title":{"rendered":"JORGE MACRI GAN\u00d3 POR AMPLIO MARGEN EN LA CIUDAD, PERO ENFRENTAR\u00c1 A SANTORO EN SEGUNDA VUELTA"},"content":{"rendered":"<h3>El candidato a jefe de Gobierno porte\u00f1o de Juntos por el Cambio obten\u00eda el 49,5% de los votos, en tanto que Leandro Santoro cosechaba el 32,3%<\/h3>\n<h3>El candidato a jefe de Gobierno porte\u00f1o de Juntos por el Cambio, Jorge Macri, se impuso este domingo en las urnas aunque no estar\u00eda logrando superar el umbral del 50% de los votos para evitar el balotaje, al cual se estar\u00eda metiendo el representante de Uni\u00f3n por la Patria, Leandro Santoro.<\/h3>\n<h3>Con el 77,3% de las mesas escrutadas, el actual ministro de Gobierno porte\u00f1o obtiene el 49,5% de los votos y qued\u00f3 a las puertas de ser consagrado como jefe de Gobierno, aunque para confirmar el triunfo deber\u00e1 atravesar una nueva campa\u00f1a de cara a la segunda vuelta del 19 de noviembre.<\/h3>\n<p><img fetchpriority=\"high\" decoding=\"async\" class=\"wp-image-5608 aligncenter\" src=\"https:\/\/apuntesdesanluis.com\/wp-content\/uploads\/2023\/10\/macri-balotaje-300x37.png\" alt=\"\" width=\"908\" height=\"112\" srcset=\"https:\/\/apuntesdesanluis.com\/wp-content\/uploads\/2023\/10\/macri-balotaje-300x37.png 300w, https:\/\/apuntesdesanluis.com\/wp-content\/uploads\/2023\/10\/macri-balotaje-768x94.png 768w, https:\/\/apuntesdesanluis.com\/wp-content\/uploads\/2023\/10\/macri-balotaje.png 875w\" sizes=\"(max-width: 908px) 100vw, 908px\" \/><\/p>\n<h3>&#8220;Queremos seguir defendiendo esto que hemos logrado durante estos 16 a\u00f1os&#8221;, celebr\u00f3 Jorge Macri, que agradeci\u00f3 el esfuerzo de los partidos pol\u00edticos que componen Juntos por el Cambio.<\/h3>\n<h3>En segundo lugar qued\u00f3 Santoro, quien hizo una elecci\u00f3n m\u00e1s que aceptable y por encima de las expectativas con el 32,3% de los votos.<\/h3>\n<h3>&#8220;Las sociedad argentina encontr\u00f3 una salida colectiva gracias a Dios&#8221;, declar\u00f3 el radical kirchnerista instantes despu\u00e9s de enterarse de los resultados, y antes de entrar al b\u00fanker del Frente de Todos de Chacarita.<\/h3>\n<h3>Tercero qued\u00f3 Ramiro Marra, con el 14,1%, y cerr\u00f3 la tabla Vanina Biasi del Frente de Izquierda con el 4,3%.<\/h3>\n<p>&nbsp;<\/p>\n<p>&nbsp;<\/p>\n","protected":false},"excerpt":{"rendered":"<p>El candidato a jefe de Gobierno porte\u00f1o de Juntos por el Cambio obten\u00eda el 49,5%&#8230;<\/p>\n","protected":false},"author":1,"featured_media":5609,"comment_status":"closed","ping_status":"closed","sticky":false,"template":"","format":"standard","meta":{"footnotes":""},"categories":[5],"tags":[],"class_list":["post-5607","post","type-post","status-publish","format-standard","has-post-thumbnail","hentry","category-nacionales-internacionales"],"yoast_head":"<!-- This site is optimized with the Yoast SEO plugin v26.1.1 - https:\/\/yoast.com\/wordpress\/plugins\/seo\/ -->\n<title>JORGE MACRI GAN\u00d3 POR AMPLIO MARGEN EN LA CIUDAD, PERO ENFRENTAR\u00c1 A SANTORO EN SEGUNDA VUELTA - Apuntes de San Luis<\/title>\n<meta name=\"robots\" content=\"index, follow, max-snippet:-1, max-image-preview:large, max-video-preview:-1\" \/>\n<link rel=\"canonical\" href=\"https:\/\/apuntesdesanluis.com\/index.php\/2023\/10\/22\/jorge-macri-gano-por-amplio-margen-en-la-ciudad-pero-enfrentara-a-santoro-en-segunda-vuelta\/\" \/>\n<meta property=\"og:locale\" content=\"es_ES\" \/>\n<meta property=\"og:type\" content=\"article\" \/>\n<meta property=\"og:title\" content=\"JORGE MACRI GAN\u00d3 POR AMPLIO MARGEN EN LA CIUDAD, PERO ENFRENTAR\u00c1 A SANTORO EN SEGUNDA VUELTA - Apuntes de San Luis\" \/>\n<meta property=\"og:description\" content=\"El candidato a jefe de Gobierno porte\u00f1o de Juntos por el Cambio obten\u00eda el 49,5%...\" \/>\n<meta property=\"og:url\" content=\"https:\/\/apuntesdesanluis.com\/index.php\/2023\/10\/22\/jorge-macri-gano-por-amplio-margen-en-la-ciudad-pero-enfrentara-a-santoro-en-segunda-vuelta\/\" \/>\n<meta property=\"og:site_name\" content=\"Apuntes de San Luis\" \/>\n<meta property=\"article:published_time\" content=\"2023-10-23T02:36:28+00:00\" \/>\n<meta property=\"article:modified_time\" content=\"2023-10-23T02:36:53+00:00\" \/>\n<meta property=\"og:image\" content=\"https:\/\/apuntesdesanluis.com\/wp-content\/uploads\/2023\/10\/macri-santoro.png\" \/>\n\t<meta property=\"og:image:width\" content=\"633\" \/>\n\t<meta property=\"og:image:height\" content=\"348\" \/>\n\t<meta property=\"og:image:type\" content=\"image\/png\" \/>\n<meta name=\"author\" content=\"apuntesdesanluis.com\" \/>\n<meta name=\"twitter:card\" content=\"summary_large_image\" \/>\n<meta name=\"twitter:label1\" content=\"Escrito por\" \/>\n\t<meta name=\"twitter:data1\" content=\"apuntesdesanluis.com\" \/>\n\t<meta name=\"twitter:label2\" content=\"Tiempo de lectura\" \/>\n\t<meta name=\"twitter:data2\" content=\"2 minutos\" \/>\n<script type=\"application\/ld+json\" class=\"yoast-schema-graph\">{\"@context\":\"https:\/\/schema.org\",\"@graph\":[{\"@type\":\"Article\",\"@id\":\"https:\/\/apuntesdesanluis.com\/index.php\/2023\/10\/22\/jorge-macri-gano-por-amplio-margen-en-la-ciudad-pero-enfrentara-a-santoro-en-segunda-vuelta\/#article\",\"isPartOf\":{\"@id\":\"https:\/\/apuntesdesanluis.com\/index.php\/2023\/10\/22\/jorge-macri-gano-por-amplio-margen-en-la-ciudad-pero-enfrentara-a-santoro-en-segunda-vuelta\/\"},\"author\":{\"name\":\"apuntesdesanluis.com\",\"@id\":\"https:\/\/apuntesdesanluis.com\/#\/schema\/person\/b55151d52296fcce64d1a72538a70b90\"},\"headline\":\"JORGE MACRI GAN\u00d3 POR AMPLIO MARGEN EN LA CIUDAD, PERO ENFRENTAR\u00c1 A SANTORO EN SEGUNDA VUELTA\",\"datePublished\":\"2023-10-23T02:36:28+00:00\",\"dateModified\":\"2023-10-23T02:36:53+00:00\",\"mainEntityOfPage\":{\"@id\":\"https:\/\/apuntesdesanluis.com\/index.php\/2023\/10\/22\/jorge-macri-gano-por-amplio-margen-en-la-ciudad-pero-enfrentara-a-santoro-en-segunda-vuelta\/\"},\"wordCount\":255,\"publisher\":{\"@id\":\"https:\/\/apuntesdesanluis.com\/#\/schema\/person\/b55151d52296fcce64d1a72538a70b90\"},\"image\":{\"@id\":\"https:\/\/apuntesdesanluis.com\/index.php\/2023\/10\/22\/jorge-macri-gano-por-amplio-margen-en-la-ciudad-pero-enfrentara-a-santoro-en-segunda-vuelta\/#primaryimage\"},\"thumbnailUrl\":\"https:\/\/apuntesdesanluis.com\/wp-content\/uploads\/2023\/10\/macri-santoro.png\",\"articleSection\":[\"Nacionales\/Internacionales\"],\"inLanguage\":\"es-AR\"},{\"@type\":\"WebPage\",\"@id\":\"https:\/\/apuntesdesanluis.com\/index.php\/2023\/10\/22\/jorge-macri-gano-por-amplio-margen-en-la-ciudad-pero-enfrentara-a-santoro-en-segunda-vuelta\/\",\"url\":\"https:\/\/apuntesdesanluis.com\/index.php\/2023\/10\/22\/jorge-macri-gano-por-amplio-margen-en-la-ciudad-pero-enfrentara-a-santoro-en-segunda-vuelta\/\",\"name\":\"JORGE MACRI GAN\u00d3 POR AMPLIO MARGEN EN LA CIUDAD, PERO ENFRENTAR\u00c1 A SANTORO EN SEGUNDA VUELTA - Apuntes de San Luis\",\"isPartOf\":{\"@id\":\"https:\/\/apuntesdesanluis.com\/#website\"},\"primaryImageOfPage\":{\"@id\":\"https:\/\/apuntesdesanluis.com\/index.php\/2023\/10\/22\/jorge-macri-gano-por-amplio-margen-en-la-ciudad-pero-enfrentara-a-santoro-en-segunda-vuelta\/#primaryimage\"},\"image\":{\"@id\":\"https:\/\/apuntesdesanluis.com\/index.php\/2023\/10\/22\/jorge-macri-gano-por-amplio-margen-en-la-ciudad-pero-enfrentara-a-santoro-en-segunda-vuelta\/#primaryimage\"},\"thumbnailUrl\":\"https:\/\/apuntesdesanluis.com\/wp-content\/uploads\/2023\/10\/macri-santoro.png\",\"datePublished\":\"2023-10-23T02:36:28+00:00\",\"dateModified\":\"2023-10-23T02:36:53+00:00\",\"breadcrumb\":{\"@id\":\"https:\/\/apuntesdesanluis.com\/index.php\/2023\/10\/22\/jorge-macri-gano-por-amplio-margen-en-la-ciudad-pero-enfrentara-a-santoro-en-segunda-vuelta\/#breadcrumb\"},\"inLanguage\":\"es-AR\",\"potentialAction\":[{\"@type\":\"ReadAction\",\"target\":[\"https:\/\/apuntesdesanluis.com\/index.php\/2023\/10\/22\/jorge-macri-gano-por-amplio-margen-en-la-ciudad-pero-enfrentara-a-santoro-en-segunda-vuelta\/\"]}]},{\"@type\":\"ImageObject\",\"inLanguage\":\"es-AR\",\"@id\":\"https:\/\/apuntesdesanluis.com\/index.php\/2023\/10\/22\/jorge-macri-gano-por-amplio-margen-en-la-ciudad-pero-enfrentara-a-santoro-en-segunda-vuelta\/#primaryimage\",\"url\":\"https:\/\/apuntesdesanluis.com\/wp-content\/uploads\/2023\/10\/macri-santoro.png\",\"contentUrl\":\"https:\/\/apuntesdesanluis.com\/wp-content\/uploads\/2023\/10\/macri-santoro.png\",\"width\":633,\"height\":348},{\"@type\":\"BreadcrumbList\",\"@id\":\"https:\/\/apuntesdesanluis.com\/index.php\/2023\/10\/22\/jorge-macri-gano-por-amplio-margen-en-la-ciudad-pero-enfrentara-a-santoro-en-segunda-vuelta\/#breadcrumb\",\"itemListElement\":[{\"@type\":\"ListItem\",\"position\":1,\"name\":\"Inicio\",\"item\":\"https:\/\/apuntesdesanluis.com\/\"},{\"@type\":\"ListItem\",\"position\":2,\"name\":\"JORGE MACRI GAN\u00d3 POR AMPLIO MARGEN EN LA CIUDAD, PERO ENFRENTAR\u00c1 A SANTORO EN SEGUNDA VUELTA\"}]},{\"@type\":\"WebSite\",\"@id\":\"https:\/\/apuntesdesanluis.com\/#website\",\"url\":\"https:\/\/apuntesdesanluis.com\/\",\"name\":\"Apuntes de San Luis\",\"description\":\"\",\"publisher\":{\"@id\":\"https:\/\/apuntesdesanluis.com\/#\/schema\/person\/b55151d52296fcce64d1a72538a70b90\"},\"potentialAction\":[{\"@type\":\"SearchAction\",\"target\":{\"@type\":\"EntryPoint\",\"urlTemplate\":\"https:\/\/apuntesdesanluis.com\/?s={search_term_string}\"},\"query-input\":{\"@type\":\"PropertyValueSpecification\",\"valueRequired\":true,\"valueName\":\"search_term_string\"}}],\"inLanguage\":\"es-AR\"},{\"@type\":[\"Person\",\"Organization\"],\"@id\":\"https:\/\/apuntesdesanluis.com\/#\/schema\/person\/b55151d52296fcce64d1a72538a70b90\",\"name\":\"apuntesdesanluis.com\",\"image\":{\"@type\":\"ImageObject\",\"inLanguage\":\"es-AR\",\"@id\":\"https:\/\/apuntesdesanluis.com\/#\/schema\/person\/image\/\",\"url\":\"https:\/\/apuntesdesanluis.com\/wp-content\/uploads\/2023\/07\/cropped-apuntesdesanluis.png\",\"contentUrl\":\"https:\/\/apuntesdesanluis.com\/wp-content\/uploads\/2023\/07\/cropped-apuntesdesanluis.png\",\"width\":450,\"height\":112,\"caption\":\"apuntesdesanluis.com\"},\"logo\":{\"@id\":\"https:\/\/apuntesdesanluis.com\/#\/schema\/person\/image\/\"},\"sameAs\":[\"https:\/\/apuntesdesanluis.com\"],\"url\":\"https:\/\/apuntesdesanluis.com\/index.php\/author\/apuntesdesanluis-com\/\"}]}<\/script>\n<!-- \/ Yoast SEO plugin. -->","yoast_head_json":{"title":"JORGE MACRI GAN\u00d3 POR AMPLIO MARGEN EN LA CIUDAD, PERO ENFRENTAR\u00c1 A SANTORO EN SEGUNDA VUELTA - Apuntes de San Luis","robots":{"index":"index","follow":"follow","max-snippet":"max-snippet:-1","max-image-preview":"max-image-preview:large","max-video-preview":"max-video-preview:-1"},"canonical":"https:\/\/apuntesdesanluis.com\/index.php\/2023\/10\/22\/jorge-macri-gano-por-amplio-margen-en-la-ciudad-pero-enfrentara-a-santoro-en-segunda-vuelta\/","og_locale":"es_ES","og_type":"article","og_title":"JORGE MACRI GAN\u00d3 POR AMPLIO MARGEN EN LA CIUDAD, PERO ENFRENTAR\u00c1 A SANTORO EN SEGUNDA VUELTA - Apuntes de San Luis","og_description":"El candidato a jefe de Gobierno porte\u00f1o de Juntos por el Cambio obten\u00eda el 49,5%...","og_url":"https:\/\/apuntesdesanluis.com\/index.php\/2023\/10\/22\/jorge-macri-gano-por-amplio-margen-en-la-ciudad-pero-enfrentara-a-santoro-en-segunda-vuelta\/","og_site_name":"Apuntes de San Luis","article_published_time":"2023-10-23T02:36:28+00:00","article_modified_time":"2023-10-23T02:36:53+00:00","og_image":[{"width":633,"height":348,"url":"https:\/\/apuntesdesanluis.com\/wp-content\/uploads\/2023\/10\/macri-santoro.png","type":"image\/png"}],"author":"apuntesdesanluis.com","twitter_card":"summary_large_image","twitter_misc":{"Escrito por":"apuntesdesanluis.com","Tiempo de lectura":"2 minutos"},"schema":{"@context":"https:\/\/schema.org","@graph":[{"@type":"Article","@id":"https:\/\/apuntesdesanluis.com\/index.php\/2023\/10\/22\/jorge-macri-gano-por-amplio-margen-en-la-ciudad-pero-enfrentara-a-santoro-en-segunda-vuelta\/#article","isPartOf":{"@id":"https:\/\/apuntesdesanluis.com\/index.php\/2023\/10\/22\/jorge-macri-gano-por-amplio-margen-en-la-ciudad-pero-enfrentara-a-santoro-en-segunda-vuelta\/"},"author":{"name":"apuntesdesanluis.com","@id":"https:\/\/apuntesdesanluis.com\/#\/schema\/person\/b55151d52296fcce64d1a72538a70b90"},"headline":"JORGE MACRI GAN\u00d3 POR AMPLIO MARGEN EN LA CIUDAD, PERO ENFRENTAR\u00c1 A SANTORO EN SEGUNDA VUELTA","datePublished":"2023-10-23T02:36:28+00:00","dateModified":"2023-10-23T02:36:53+00:00","mainEntityOfPage":{"@id":"https:\/\/apuntesdesanluis.com\/index.php\/2023\/10\/22\/jorge-macri-gano-por-amplio-margen-en-la-ciudad-pero-enfrentara-a-santoro-en-segunda-vuelta\/"},"wordCount":255,"publisher":{"@id":"https:\/\/apuntesdesanluis.com\/#\/schema\/person\/b55151d52296fcce64d1a72538a70b90"},"image":{"@id":"https:\/\/apuntesdesanluis.com\/index.php\/2023\/10\/22\/jorge-macri-gano-por-amplio-margen-en-la-ciudad-pero-enfrentara-a-santoro-en-segunda-vuelta\/#primaryimage"},"thumbnailUrl":"https:\/\/apuntesdesanluis.com\/wp-content\/uploads\/2023\/10\/macri-santoro.png","articleSection":["Nacionales\/Internacionales"],"inLanguage":"es-AR"},{"@type":"WebPage","@id":"https:\/\/apuntesdesanluis.com\/index.php\/2023\/10\/22\/jorge-macri-gano-por-amplio-margen-en-la-ciudad-pero-enfrentara-a-santoro-en-segunda-vuelta\/","url":"https:\/\/apuntesdesanluis.com\/index.php\/2023\/10\/22\/jorge-macri-gano-por-amplio-margen-en-la-ciudad-pero-enfrentara-a-santoro-en-segunda-vuelta\/","name":"JORGE MACRI GAN\u00d3 POR AMPLIO MARGEN EN LA CIUDAD, PERO ENFRENTAR\u00c1 A SANTORO EN SEGUNDA VUELTA - Apuntes de San Luis","isPartOf":{"@id":"https:\/\/apuntesdesanluis.com\/#website"},"primaryImageOfPage":{"@id":"https:\/\/apuntesdesanluis.com\/index.php\/2023\/10\/22\/jorge-macri-gano-por-amplio-margen-en-la-ciudad-pero-enfrentara-a-santoro-en-segunda-vuelta\/#primaryimage"},"image":{"@id":"https:\/\/apuntesdesanluis.com\/index.php\/2023\/10\/22\/jorge-macri-gano-por-amplio-margen-en-la-ciudad-pero-enfrentara-a-santoro-en-segunda-vuelta\/#primaryimage"},"thumbnailUrl":"https:\/\/apuntesdesanluis.com\/wp-content\/uploads\/2023\/10\/macri-santoro.png","datePublished":"2023-10-23T02:36:28+00:00","dateModified":"2023-10-23T02:36:53+00:00","breadcrumb":{"@id":"https:\/\/apuntesdesanluis.com\/index.php\/2023\/10\/22\/jorge-macri-gano-por-amplio-margen-en-la-ciudad-pero-enfrentara-a-santoro-en-segunda-vuelta\/#breadcrumb"},"inLanguage":"es-AR","potentialAction":[{"@type":"ReadAction","target":["https:\/\/apuntesdesanluis.com\/index.php\/2023\/10\/22\/jorge-macri-gano-por-amplio-margen-en-la-ciudad-pero-enfrentara-a-santoro-en-segunda-vuelta\/"]}]},{"@type":"ImageObject","inLanguage":"es-AR","@id":"https:\/\/apuntesdesanluis.com\/index.php\/2023\/10\/22\/jorge-macri-gano-por-amplio-margen-en-la-ciudad-pero-enfrentara-a-santoro-en-segunda-vuelta\/#primaryimage","url":"https:\/\/apuntesdesanluis.com\/wp-content\/uploads\/2023\/10\/macri-santoro.png","contentUrl":"https:\/\/apuntesdesanluis.com\/wp-content\/uploads\/2023\/10\/macri-santoro.png","width":633,"height":348},{"@type":"BreadcrumbList","@id":"https:\/\/apuntesdesanluis.com\/index.php\/2023\/10\/22\/jorge-macri-gano-por-amplio-margen-en-la-ciudad-pero-enfrentara-a-santoro-en-segunda-vuelta\/#breadcrumb","itemListElement":[{"@type":"ListItem","position":1,"name":"Inicio","item":"https:\/\/apuntesdesanluis.com\/"},{"@type":"ListItem","position":2,"name":"JORGE MACRI GAN\u00d3 POR AMPLIO MARGEN EN LA CIUDAD, PERO ENFRENTAR\u00c1 A SANTORO EN SEGUNDA VUELTA"}]},{"@type":"WebSite","@id":"https:\/\/apuntesdesanluis.com\/#website","url":"https:\/\/apuntesdesanluis.com\/","name":"Apuntes de San Luis","description":"","publisher":{"@id":"https:\/\/apuntesdesanluis.com\/#\/schema\/person\/b55151d52296fcce64d1a72538a70b90"},"potentialAction":[{"@type":"SearchAction","target":{"@type":"EntryPoint","urlTemplate":"https:\/\/apuntesdesanluis.com\/?s={search_term_string}"},"query-input":{"@type":"PropertyValueSpecification","valueRequired":true,"valueName":"search_term_string"}}],"inLanguage":"es-AR"},{"@type":["Person","Organization"],"@id":"https:\/\/apuntesdesanluis.com\/#\/schema\/person\/b55151d52296fcce64d1a72538a70b90","name":"apuntesdesanluis.com","image":{"@type":"ImageObject","inLanguage":"es-AR","@id":"https:\/\/apuntesdesanluis.com\/#\/schema\/person\/image\/","url":"https:\/\/apuntesdesanluis.com\/wp-content\/uploads\/2023\/07\/cropped-apuntesdesanluis.png","contentUrl":"https:\/\/apuntesdesanluis.com\/wp-content\/uploads\/2023\/07\/cropped-apuntesdesanluis.png","width":450,"height":112,"caption":"apuntesdesanluis.com"},"logo":{"@id":"https:\/\/apuntesdesanluis.com\/#\/schema\/person\/image\/"},"sameAs":["https:\/\/apuntesdesanluis.com"],"url":"https:\/\/apuntesdesanluis.com\/index.php\/author\/apuntesdesanluis-com\/"}]}},"featured_image_urls":{"full":["https:\/\/apuntesdesanluis.com\/wp-content\/uploads\/2023\/10\/macri-santoro.png",633,348,false],"thumbnail":["https:\/\/apuntesdesanluis.com\/wp-content\/uploads\/2023\/10\/macri-santoro-150x150.png",150,150,true],"medium":["https:\/\/apuntesdesanluis.com\/wp-content\/uploads\/2023\/10\/macri-santoro-300x165.png",300,165,true],"medium_large":["https:\/\/apuntesdesanluis.com\/wp-content\/uploads\/2023\/10\/macri-santoro.png",633,348,false],"large":["https:\/\/apuntesdesanluis.com\/wp-content\/uploads\/2023\/10\/macri-santoro.png",633,348,false],"1536x1536":["https:\/\/apuntesdesanluis.com\/wp-content\/uploads\/2023\/10\/macri-santoro.png",633,348,false],"2048x2048":["https:\/\/apuntesdesanluis.com\/wp-content\/uploads\/2023\/10\/macri-santoro.png",633,348,false],"newsever-slider-full":["https:\/\/apuntesdesanluis.com\/wp-content\/uploads\/2023\/10\/macri-santoro.png",633,348,false],"newsever-featured":["https:\/\/apuntesdesanluis.com\/wp-content\/uploads\/2023\/10\/macri-santoro.png",633,348,false],"newsever-medium":["https:\/\/apuntesdesanluis.com\/wp-content\/uploads\/2023\/10\/macri-santoro.png",633,348,false]},"author_info":{"display_name":"apuntesdesanluis.com","author_link":"https:\/\/apuntesdesanluis.com\/index.php\/author\/apuntesdesanluis-com\/"},"category_info":"<a href=\"https:\/\/apuntesdesanluis.com\/index.php\/category\/nacionales-internacionales\/\" rel=\"category tag\">Nacionales\/Internacionales<\/a>","tag_info":"Nacionales\/Internacionales","comment_count":"0","_links":{"self":[{"href":"https:\/\/apuntesdesanluis.com\/index.php\/wp-json\/wp\/v2\/posts\/5607","targetHints":{"allow":["GET"]}}],"collection":[{"href":"https:\/\/apuntesdesanluis.com\/index.php\/wp-json\/wp\/v2\/posts"}],"about":[{"href":"https:\/\/apuntesdesanluis.com\/index.php\/wp-json\/wp\/v2\/types\/post"}],"author":[{"embeddable":true,"href":"https:\/\/apuntesdesanluis.com\/index.php\/wp-json\/wp\/v2\/users\/1"}],"replies":[{"embeddable":true,"href":"https:\/\/apuntesdesanluis.com\/index.php\/wp-json\/wp\/v2\/comments?post=5607"}],"version-history":[{"count":2,"href":"https:\/\/apuntesdesanluis.com\/index.php\/wp-json\/wp\/v2\/posts\/5607\/revisions"}],"predecessor-version":[{"id":5611,"href":"https:\/\/apuntesdesanluis.com\/index.php\/wp-json\/wp\/v2\/posts\/5607\/revisions\/5611"}],"wp:featuredmedia":[{"embeddable":true,"href":"https:\/\/apuntesdesanluis.com\/index.php\/wp-json\/wp\/v2\/media\/5609"}],"wp:attachment":[{"href":"https:\/\/apuntesdesanluis.com\/index.php\/wp-json\/wp\/v2\/media?parent=5607"}],"wp:term":[{"taxonomy":"category","embeddable":true,"href":"https:\/\/apuntesdesanluis.com\/index.php\/wp-json\/wp\/v2\/categories?post=5607"},{"taxonomy":"post_tag","embeddable":true,"href":"https:\/\/apuntesdesanluis.com\/index.php\/wp-json\/wp\/v2\/tags?post=5607"}],"curies":[{"name":"wp","href":"https:\/\/api.w.org\/{rel}","templated":true}]}}