{"id":5618,"date":"2023-10-23T09:02:42","date_gmt":"2023-10-23T12:02:42","guid":{"rendered":"https:\/\/apuntesdesanluis.com\/?p=5618"},"modified":"2023-10-23T09:02:42","modified_gmt":"2023-10-23T12:02:42","slug":"patricia-bullrich-reconocio-la-derrota-pero-no-felicito-a-sergio-massa-ni-a-javier-milei","status":"publish","type":"post","link":"https:\/\/apuntesdesanluis.com\/index.php\/2023\/10\/23\/patricia-bullrich-reconocio-la-derrota-pero-no-felicito-a-sergio-massa-ni-a-javier-milei\/","title":{"rendered":"PATRICIA BULLRICH RECONOCI\u00d3 LA DERROTA, PERO NO FELICIT\u00d3 A SERGIO MASSA NI A JAVIER MILEI"},"content":{"rendered":"<h3>Luego de que Juntos por el Cambio se ubicara como la segunda fuerza pol\u00edtica en las PASO, la candidata presidencial sufri\u00f3 un descenso en los resultados al obtener el 23,82% de los votos en las generales de octubre<\/h3>\n<h3>Casi una hora m\u00e1s tarde de que se conocieran los primeros resultados oficiales de las elecciones presidenciales, la candidata a presidente de Juntos por el Cambio (JxC), <strong>Patricia Bullrich<\/strong>, reconoci\u00f3 la derrota en los comicios durante el discurso que brind\u00f3 desde el b\u00fanker montado en el Goldencenter de Parque Norte.<\/h3>\n<h3>\u201cNo hemos logrado los objetivos que quer\u00edamos para nuestra Argentina\u201d, admiti\u00f3. Y agreg\u00f3: \u201cNuestra causa va m\u00e1s all\u00e1 de un momento electoral y va m\u00e1s all\u00e1 de una derrota\u201d.<\/h3>\n<h3>\u201cHoy lo aceptamos, pero tenemos una convicci\u00f3n profunda de los valores que llevamos dentro, de la rep\u00fablica, de la transparencia, de los valores de lucha, de la corrupci\u00f3n\u201d, reconoci\u00f3 la postulante obtuvo el 23,82% de los votos, seg\u00fan los primeros datos oficiales publicados alrededor de las 21 horas. \u201cQuiz\u00e1s esos valores hoy quedaron dormidos, pero nosotros los vamos a despertar todos y cada uno de los d\u00edas de nuestra lucha para lograr una Argentina productiva y sin pobreza\u201d, asever\u00f3 Bullrich sobre el destino de su carrera pol\u00edtica.<\/h3>\n<p><iframe title=\"&quot;No hemos logrado los objetivos que quer\u00edamos para nuestra Argentina&quot;, dijo Bullrich\" width=\"640\" height=\"360\" src=\"https:\/\/www.youtube.com\/embed\/A30jsKi1xNo?feature=oembed\" frameborder=\"0\" allow=\"accelerometer; autoplay; clipboard-write; encrypted-media; gyroscope; picture-in-picture; web-share\" referrerpolicy=\"strict-origin-when-cross-origin\" allowfullscreen><\/iframe><\/p>\n<h3>Acompa\u00f1ada de las figuras m\u00e1s relevantes del espacio pol\u00edtico como, por ejemplo, el ex mandatario Mauricio Macri y el jefe de Gobierno porte\u00f1o, Horacio Rodr\u00edguez Larreta, la ex ministra de Seguridad se neg\u00f3 a felicitar a los candidatos de Uni\u00f3n por la Patria (UP), Sergio Massa (36,31%), y La Libertad Avanza (LLA), Javier Milei (30,18%). \u201cNunca vamos a ser c\u00f3mplices del populismo de la Argentina y nunca vamos a ser c\u00f3mplices de las mafias que destruyeron este pa\u00eds\u201d, ratific\u00f3.<\/h3>\n<h3>Luego de que la gran sorpresa de la noche la diera el actual ministro de Econom\u00eda al transformarse en la opci\u00f3n m\u00e1s votada, tras haber obtenido el tercer lugar en las Elecciones Primarias, Abiertas, Simult\u00e1neas y Obligatorias (PASO), la titular del PRO critic\u00f3 las medidas que adopt\u00f3 en las \u00faltimas semanas al denunciar: \u201cEl populismo ha empobrecido al pa\u00eds y no soy yo quien va a felicitar a quien vuelva al poder tras haber sido parte del peor gobierno de la historia argentina\u201d.<\/h3>\n<h3>La candidata agradeci\u00f3 el apoyo que le dieron los votante y prometi\u00f3 defender los valores del espacio pol\u00edtico<\/h3>\n<h3>La candidata agradeci\u00f3 el apoyo que le dieron los votante y prometi\u00f3 defender los valores del espacio pol\u00edtico<\/h3>\n<h3>En este sentido, la dirigente pol\u00edtica se\u00f1al\u00f3 que con \u201csolo lo que hicieron en el \u00faltimo tiempo, repartiendo plata, hundieron el futuro del pa\u00eds y de los argentinos\u201d, en referencia a las medidas econ\u00f3micas que adoptaron desde el oficialismo durante las semanas pasadas. Frente a esto, defendi\u00f3 su propuesta pol\u00edtica al apuntar que el \u201cpa\u00eds debe abandonar los valores del populismo si quiere crecer y terminar con la pobreza\u201d.<\/h3>\n<h3>Por otro lado, la ex funcionaria p\u00fablica refut\u00f3 las acusaciones de que la derrota podr\u00eda generar una ruptura en Juntos por el Cambio al recordar: \u201cHemos tenido buenos y malos momentos, pero jam\u00e1s vamos a dejar de ser lo que somos para la Argentina\u201d. De esta forma, agreg\u00f3 que \u201cquiero decirles que todos los que somos parte de esta fuerza vamos a representar los valores de los que hoy nos votaron y de muchos argentinos que quiz\u00e1s en el corto plazo vuelvan\u201d, respecto a la posibilidad de sumar futuros votantes.<\/h3>\n<h3>\u201cNuestros valores no est\u00e1n a la deriva, no se venden ni se compran, no vamos a negociar, vamos al cambio siempre que la argentina necesita\u201d, se\u00f1al\u00f3 Bullrich, en representaci\u00f3n a su objetivo de \u201cterminar con el kirchnerismo en la Argentina\u201d, el cual se transform\u00f3 en uno de los pilares que sostuvo a lo largo de la campa\u00f1a electoral. Asimismo, la candidata no perdi\u00f3 las esperanzas al plantear: \u201cEstamos convencidos que va a haber una comprensi\u00f3n de lo que nosotros hemos planteado para una Argentina con equilibrio, trabajo, producci\u00f3n y seguridad\u201d.<\/h3>\n<h3>Por \u00faltimo, la dirigente del PRO agradeci\u00f3 el apoyo que recibi\u00f3 de los 5.786.104 de votantes que apostaron por su plan de gobierno, aunque podr\u00eda descartar volver a presentarse para la presidencia al indicar: \u201cHoy me ha tocado a mi este lugar, ser\u00e1n otros los que avancen en estos valores y en este camino\u201d.<\/h3>\n<h3>La candidatura de Bullrich surgi\u00f3 a partir de su victoria en las internas de Juntos por el Cambio, en donde se enfrent\u00f3 contra su compa\u00f1ero de espacio, Horacio Rodr\u00edguez Larreta. En esa oportunidad, la ex ministra de Trabajo acumul\u00f3 el 17% frente al 11,30% que obtuvo el jefe de Gobierno porte\u00f1o. Adem\u00e1s, ambos sumaron un 28,3% que los hab\u00eda posicionado como la segunda fuerza pol\u00edtica m\u00e1s votada despu\u00e9s de La Libertad Avanza que sac\u00f3 un 30%.<\/h3>\n","protected":false},"excerpt":{"rendered":"<p>Luego de que Juntos por el Cambio se ubicara como la segunda fuerza pol\u00edtica en&#8230;<\/p>\n","protected":false},"author":1,"featured_media":5619,"comment_status":"closed","ping_status":"closed","sticky":false,"template":"","format":"standard","meta":{"footnotes":""},"categories":[5],"tags":[],"class_list":["post-5618","post","type-post","status-publish","format-standard","has-post-thumbnail","hentry","category-nacionales-internacionales"],"yoast_head":"<!-- This site is optimized with the Yoast SEO plugin v26.1.1 - https:\/\/yoast.com\/wordpress\/plugins\/seo\/ -->\n<title>PATRICIA BULLRICH RECONOCI\u00d3 LA DERROTA, PERO NO FELICIT\u00d3 A SERGIO MASSA NI A JAVIER MILEI - Apuntes de San Luis<\/title>\n<meta name=\"robots\" content=\"index, follow, max-snippet:-1, max-image-preview:large, max-video-preview:-1\" \/>\n<link rel=\"canonical\" href=\"https:\/\/apuntesdesanluis.com\/index.php\/2023\/10\/23\/patricia-bullrich-reconocio-la-derrota-pero-no-felicito-a-sergio-massa-ni-a-javier-milei\/\" \/>\n<meta property=\"og:locale\" content=\"es_ES\" \/>\n<meta property=\"og:type\" content=\"article\" \/>\n<meta property=\"og:title\" content=\"PATRICIA BULLRICH RECONOCI\u00d3 LA DERROTA, PERO NO FELICIT\u00d3 A SERGIO MASSA NI A JAVIER MILEI - Apuntes de San Luis\" \/>\n<meta property=\"og:description\" content=\"Luego de que Juntos por el Cambio se ubicara como la segunda fuerza pol\u00edtica en...\" \/>\n<meta property=\"og:url\" content=\"https:\/\/apuntesdesanluis.com\/index.php\/2023\/10\/23\/patricia-bullrich-reconocio-la-derrota-pero-no-felicito-a-sergio-massa-ni-a-javier-milei\/\" \/>\n<meta property=\"og:site_name\" content=\"Apuntes de San Luis\" \/>\n<meta property=\"article:published_time\" content=\"2023-10-23T12:02:42+00:00\" \/>\n<meta property=\"og:image\" content=\"https:\/\/apuntesdesanluis.com\/wp-content\/uploads\/2023\/10\/bullrich-2.png\" \/>\n\t<meta property=\"og:image:width\" content=\"736\" \/>\n\t<meta property=\"og:image:height\" content=\"429\" \/>\n\t<meta property=\"og:image:type\" content=\"image\/png\" \/>\n<meta name=\"author\" content=\"apuntesdesanluis.com\" \/>\n<meta name=\"twitter:card\" content=\"summary_large_image\" \/>\n<meta name=\"twitter:label1\" content=\"Escrito por\" \/>\n\t<meta name=\"twitter:data1\" content=\"apuntesdesanluis.com\" \/>\n\t<meta name=\"twitter:label2\" content=\"Tiempo de lectura\" \/>\n\t<meta name=\"twitter:data2\" content=\"4 minutos\" \/>\n<script type=\"application\/ld+json\" class=\"yoast-schema-graph\">{\"@context\":\"https:\/\/schema.org\",\"@graph\":[{\"@type\":\"Article\",\"@id\":\"https:\/\/apuntesdesanluis.com\/index.php\/2023\/10\/23\/patricia-bullrich-reconocio-la-derrota-pero-no-felicito-a-sergio-massa-ni-a-javier-milei\/#article\",\"isPartOf\":{\"@id\":\"https:\/\/apuntesdesanluis.com\/index.php\/2023\/10\/23\/patricia-bullrich-reconocio-la-derrota-pero-no-felicito-a-sergio-massa-ni-a-javier-milei\/\"},\"author\":{\"name\":\"apuntesdesanluis.com\",\"@id\":\"https:\/\/apuntesdesanluis.com\/#\/schema\/person\/b55151d52296fcce64d1a72538a70b90\"},\"headline\":\"PATRICIA BULLRICH RECONOCI\u00d3 LA DERROTA, PERO NO FELICIT\u00d3 A SERGIO MASSA NI A JAVIER MILEI\",\"datePublished\":\"2023-10-23T12:02:42+00:00\",\"mainEntityOfPage\":{\"@id\":\"https:\/\/apuntesdesanluis.com\/index.php\/2023\/10\/23\/patricia-bullrich-reconocio-la-derrota-pero-no-felicito-a-sergio-massa-ni-a-javier-milei\/\"},\"wordCount\":872,\"publisher\":{\"@id\":\"https:\/\/apuntesdesanluis.com\/#\/schema\/person\/b55151d52296fcce64d1a72538a70b90\"},\"image\":{\"@id\":\"https:\/\/apuntesdesanluis.com\/index.php\/2023\/10\/23\/patricia-bullrich-reconocio-la-derrota-pero-no-felicito-a-sergio-massa-ni-a-javier-milei\/#primaryimage\"},\"thumbnailUrl\":\"https:\/\/apuntesdesanluis.com\/wp-content\/uploads\/2023\/10\/bullrich-2.png\",\"articleSection\":[\"Nacionales\/Internacionales\"],\"inLanguage\":\"es-AR\"},{\"@type\":\"WebPage\",\"@id\":\"https:\/\/apuntesdesanluis.com\/index.php\/2023\/10\/23\/patricia-bullrich-reconocio-la-derrota-pero-no-felicito-a-sergio-massa-ni-a-javier-milei\/\",\"url\":\"https:\/\/apuntesdesanluis.com\/index.php\/2023\/10\/23\/patricia-bullrich-reconocio-la-derrota-pero-no-felicito-a-sergio-massa-ni-a-javier-milei\/\",\"name\":\"PATRICIA BULLRICH RECONOCI\u00d3 LA DERROTA, PERO NO FELICIT\u00d3 A SERGIO MASSA NI A JAVIER MILEI - Apuntes de San Luis\",\"isPartOf\":{\"@id\":\"https:\/\/apuntesdesanluis.com\/#website\"},\"primaryImageOfPage\":{\"@id\":\"https:\/\/apuntesdesanluis.com\/index.php\/2023\/10\/23\/patricia-bullrich-reconocio-la-derrota-pero-no-felicito-a-sergio-massa-ni-a-javier-milei\/#primaryimage\"},\"image\":{\"@id\":\"https:\/\/apuntesdesanluis.com\/index.php\/2023\/10\/23\/patricia-bullrich-reconocio-la-derrota-pero-no-felicito-a-sergio-massa-ni-a-javier-milei\/#primaryimage\"},\"thumbnailUrl\":\"https:\/\/apuntesdesanluis.com\/wp-content\/uploads\/2023\/10\/bullrich-2.png\",\"datePublished\":\"2023-10-23T12:02:42+00:00\",\"breadcrumb\":{\"@id\":\"https:\/\/apuntesdesanluis.com\/index.php\/2023\/10\/23\/patricia-bullrich-reconocio-la-derrota-pero-no-felicito-a-sergio-massa-ni-a-javier-milei\/#breadcrumb\"},\"inLanguage\":\"es-AR\",\"potentialAction\":[{\"@type\":\"ReadAction\",\"target\":[\"https:\/\/apuntesdesanluis.com\/index.php\/2023\/10\/23\/patricia-bullrich-reconocio-la-derrota-pero-no-felicito-a-sergio-massa-ni-a-javier-milei\/\"]}]},{\"@type\":\"ImageObject\",\"inLanguage\":\"es-AR\",\"@id\":\"https:\/\/apuntesdesanluis.com\/index.php\/2023\/10\/23\/patricia-bullrich-reconocio-la-derrota-pero-no-felicito-a-sergio-massa-ni-a-javier-milei\/#primaryimage\",\"url\":\"https:\/\/apuntesdesanluis.com\/wp-content\/uploads\/2023\/10\/bullrich-2.png\",\"contentUrl\":\"https:\/\/apuntesdesanluis.com\/wp-content\/uploads\/2023\/10\/bullrich-2.png\",\"width\":736,\"height\":429},{\"@type\":\"BreadcrumbList\",\"@id\":\"https:\/\/apuntesdesanluis.com\/index.php\/2023\/10\/23\/patricia-bullrich-reconocio-la-derrota-pero-no-felicito-a-sergio-massa-ni-a-javier-milei\/#breadcrumb\",\"itemListElement\":[{\"@type\":\"ListItem\",\"position\":1,\"name\":\"Inicio\",\"item\":\"https:\/\/apuntesdesanluis.com\/\"},{\"@type\":\"ListItem\",\"position\":2,\"name\":\"PATRICIA BULLRICH RECONOCI\u00d3 LA DERROTA, PERO NO FELICIT\u00d3 A SERGIO MASSA NI A JAVIER MILEI\"}]},{\"@type\":\"WebSite\",\"@id\":\"https:\/\/apuntesdesanluis.com\/#website\",\"url\":\"https:\/\/apuntesdesanluis.com\/\",\"name\":\"Apuntes de San Luis\",\"description\":\"\",\"publisher\":{\"@id\":\"https:\/\/apuntesdesanluis.com\/#\/schema\/person\/b55151d52296fcce64d1a72538a70b90\"},\"potentialAction\":[{\"@type\":\"SearchAction\",\"target\":{\"@type\":\"EntryPoint\",\"urlTemplate\":\"https:\/\/apuntesdesanluis.com\/?s={search_term_string}\"},\"query-input\":{\"@type\":\"PropertyValueSpecification\",\"valueRequired\":true,\"valueName\":\"search_term_string\"}}],\"inLanguage\":\"es-AR\"},{\"@type\":[\"Person\",\"Organization\"],\"@id\":\"https:\/\/apuntesdesanluis.com\/#\/schema\/person\/b55151d52296fcce64d1a72538a70b90\",\"name\":\"apuntesdesanluis.com\",\"image\":{\"@type\":\"ImageObject\",\"inLanguage\":\"es-AR\",\"@id\":\"https:\/\/apuntesdesanluis.com\/#\/schema\/person\/image\/\",\"url\":\"https:\/\/apuntesdesanluis.com\/wp-content\/uploads\/2023\/07\/cropped-apuntesdesanluis.png\",\"contentUrl\":\"https:\/\/apuntesdesanluis.com\/wp-content\/uploads\/2023\/07\/cropped-apuntesdesanluis.png\",\"width\":450,\"height\":112,\"caption\":\"apuntesdesanluis.com\"},\"logo\":{\"@id\":\"https:\/\/apuntesdesanluis.com\/#\/schema\/person\/image\/\"},\"sameAs\":[\"https:\/\/apuntesdesanluis.com\"],\"url\":\"https:\/\/apuntesdesanluis.com\/index.php\/author\/apuntesdesanluis-com\/\"}]}<\/script>\n<!-- \/ Yoast SEO plugin. -->","yoast_head_json":{"title":"PATRICIA BULLRICH RECONOCI\u00d3 LA DERROTA, PERO NO FELICIT\u00d3 A SERGIO MASSA NI A JAVIER MILEI - Apuntes de San Luis","robots":{"index":"index","follow":"follow","max-snippet":"max-snippet:-1","max-image-preview":"max-image-preview:large","max-video-preview":"max-video-preview:-1"},"canonical":"https:\/\/apuntesdesanluis.com\/index.php\/2023\/10\/23\/patricia-bullrich-reconocio-la-derrota-pero-no-felicito-a-sergio-massa-ni-a-javier-milei\/","og_locale":"es_ES","og_type":"article","og_title":"PATRICIA BULLRICH RECONOCI\u00d3 LA DERROTA, PERO NO FELICIT\u00d3 A SERGIO MASSA NI A JAVIER MILEI - Apuntes de San Luis","og_description":"Luego de que Juntos por el Cambio se ubicara como la segunda fuerza pol\u00edtica en...","og_url":"https:\/\/apuntesdesanluis.com\/index.php\/2023\/10\/23\/patricia-bullrich-reconocio-la-derrota-pero-no-felicito-a-sergio-massa-ni-a-javier-milei\/","og_site_name":"Apuntes de San Luis","article_published_time":"2023-10-23T12:02:42+00:00","og_image":[{"width":736,"height":429,"url":"https:\/\/apuntesdesanluis.com\/wp-content\/uploads\/2023\/10\/bullrich-2.png","type":"image\/png"}],"author":"apuntesdesanluis.com","twitter_card":"summary_large_image","twitter_misc":{"Escrito por":"apuntesdesanluis.com","Tiempo de lectura":"4 minutos"},"schema":{"@context":"https:\/\/schema.org","@graph":[{"@type":"Article","@id":"https:\/\/apuntesdesanluis.com\/index.php\/2023\/10\/23\/patricia-bullrich-reconocio-la-derrota-pero-no-felicito-a-sergio-massa-ni-a-javier-milei\/#article","isPartOf":{"@id":"https:\/\/apuntesdesanluis.com\/index.php\/2023\/10\/23\/patricia-bullrich-reconocio-la-derrota-pero-no-felicito-a-sergio-massa-ni-a-javier-milei\/"},"author":{"name":"apuntesdesanluis.com","@id":"https:\/\/apuntesdesanluis.com\/#\/schema\/person\/b55151d52296fcce64d1a72538a70b90"},"headline":"PATRICIA BULLRICH RECONOCI\u00d3 LA DERROTA, PERO NO FELICIT\u00d3 A SERGIO MASSA NI A JAVIER MILEI","datePublished":"2023-10-23T12:02:42+00:00","mainEntityOfPage":{"@id":"https:\/\/apuntesdesanluis.com\/index.php\/2023\/10\/23\/patricia-bullrich-reconocio-la-derrota-pero-no-felicito-a-sergio-massa-ni-a-javier-milei\/"},"wordCount":872,"publisher":{"@id":"https:\/\/apuntesdesanluis.com\/#\/schema\/person\/b55151d52296fcce64d1a72538a70b90"},"image":{"@id":"https:\/\/apuntesdesanluis.com\/index.php\/2023\/10\/23\/patricia-bullrich-reconocio-la-derrota-pero-no-felicito-a-sergio-massa-ni-a-javier-milei\/#primaryimage"},"thumbnailUrl":"https:\/\/apuntesdesanluis.com\/wp-content\/uploads\/2023\/10\/bullrich-2.png","articleSection":["Nacionales\/Internacionales"],"inLanguage":"es-AR"},{"@type":"WebPage","@id":"https:\/\/apuntesdesanluis.com\/index.php\/2023\/10\/23\/patricia-bullrich-reconocio-la-derrota-pero-no-felicito-a-sergio-massa-ni-a-javier-milei\/","url":"https:\/\/apuntesdesanluis.com\/index.php\/2023\/10\/23\/patricia-bullrich-reconocio-la-derrota-pero-no-felicito-a-sergio-massa-ni-a-javier-milei\/","name":"PATRICIA BULLRICH RECONOCI\u00d3 LA DERROTA, PERO NO FELICIT\u00d3 A SERGIO MASSA NI A JAVIER MILEI - Apuntes de San Luis","isPartOf":{"@id":"https:\/\/apuntesdesanluis.com\/#website"},"primaryImageOfPage":{"@id":"https:\/\/apuntesdesanluis.com\/index.php\/2023\/10\/23\/patricia-bullrich-reconocio-la-derrota-pero-no-felicito-a-sergio-massa-ni-a-javier-milei\/#primaryimage"},"image":{"@id":"https:\/\/apuntesdesanluis.com\/index.php\/2023\/10\/23\/patricia-bullrich-reconocio-la-derrota-pero-no-felicito-a-sergio-massa-ni-a-javier-milei\/#primaryimage"},"thumbnailUrl":"https:\/\/apuntesdesanluis.com\/wp-content\/uploads\/2023\/10\/bullrich-2.png","datePublished":"2023-10-23T12:02:42+00:00","breadcrumb":{"@id":"https:\/\/apuntesdesanluis.com\/index.php\/2023\/10\/23\/patricia-bullrich-reconocio-la-derrota-pero-no-felicito-a-sergio-massa-ni-a-javier-milei\/#breadcrumb"},"inLanguage":"es-AR","potentialAction":[{"@type":"ReadAction","target":["https:\/\/apuntesdesanluis.com\/index.php\/2023\/10\/23\/patricia-bullrich-reconocio-la-derrota-pero-no-felicito-a-sergio-massa-ni-a-javier-milei\/"]}]},{"@type":"ImageObject","inLanguage":"es-AR","@id":"https:\/\/apuntesdesanluis.com\/index.php\/2023\/10\/23\/patricia-bullrich-reconocio-la-derrota-pero-no-felicito-a-sergio-massa-ni-a-javier-milei\/#primaryimage","url":"https:\/\/apuntesdesanluis.com\/wp-content\/uploads\/2023\/10\/bullrich-2.png","contentUrl":"https:\/\/apuntesdesanluis.com\/wp-content\/uploads\/2023\/10\/bullrich-2.png","width":736,"height":429},{"@type":"BreadcrumbList","@id":"https:\/\/apuntesdesanluis.com\/index.php\/2023\/10\/23\/patricia-bullrich-reconocio-la-derrota-pero-no-felicito-a-sergio-massa-ni-a-javier-milei\/#breadcrumb","itemListElement":[{"@type":"ListItem","position":1,"name":"Inicio","item":"https:\/\/apuntesdesanluis.com\/"},{"@type":"ListItem","position":2,"name":"PATRICIA BULLRICH RECONOCI\u00d3 LA DERROTA, PERO NO FELICIT\u00d3 A SERGIO MASSA NI A JAVIER MILEI"}]},{"@type":"WebSite","@id":"https:\/\/apuntesdesanluis.com\/#website","url":"https:\/\/apuntesdesanluis.com\/","name":"Apuntes de San Luis","description":"","publisher":{"@id":"https:\/\/apuntesdesanluis.com\/#\/schema\/person\/b55151d52296fcce64d1a72538a70b90"},"potentialAction":[{"@type":"SearchAction","target":{"@type":"EntryPoint","urlTemplate":"https:\/\/apuntesdesanluis.com\/?s={search_term_string}"},"query-input":{"@type":"PropertyValueSpecification","valueRequired":true,"valueName":"search_term_string"}}],"inLanguage":"es-AR"},{"@type":["Person","Organization"],"@id":"https:\/\/apuntesdesanluis.com\/#\/schema\/person\/b55151d52296fcce64d1a72538a70b90","name":"apuntesdesanluis.com","image":{"@type":"ImageObject","inLanguage":"es-AR","@id":"https:\/\/apuntesdesanluis.com\/#\/schema\/person\/image\/","url":"https:\/\/apuntesdesanluis.com\/wp-content\/uploads\/2023\/07\/cropped-apuntesdesanluis.png","contentUrl":"https:\/\/apuntesdesanluis.com\/wp-content\/uploads\/2023\/07\/cropped-apuntesdesanluis.png","width":450,"height":112,"caption":"apuntesdesanluis.com"},"logo":{"@id":"https:\/\/apuntesdesanluis.com\/#\/schema\/person\/image\/"},"sameAs":["https:\/\/apuntesdesanluis.com"],"url":"https:\/\/apuntesdesanluis.com\/index.php\/author\/apuntesdesanluis-com\/"}]}},"featured_image_urls":{"full":["https:\/\/apuntesdesanluis.com\/wp-content\/uploads\/2023\/10\/bullrich-2.png",736,429,false],"thumbnail":["https:\/\/apuntesdesanluis.com\/wp-content\/uploads\/2023\/10\/bullrich-2-150x150.png",150,150,true],"medium":["https:\/\/apuntesdesanluis.com\/wp-content\/uploads\/2023\/10\/bullrich-2-300x175.png",300,175,true],"medium_large":["https:\/\/apuntesdesanluis.com\/wp-content\/uploads\/2023\/10\/bullrich-2.png",640,373,false],"large":["https:\/\/apuntesdesanluis.com\/wp-content\/uploads\/2023\/10\/bullrich-2.png",640,373,false],"1536x1536":["https:\/\/apuntesdesanluis.com\/wp-content\/uploads\/2023\/10\/bullrich-2.png",736,429,false],"2048x2048":["https:\/\/apuntesdesanluis.com\/wp-content\/uploads\/2023\/10\/bullrich-2.png",736,429,false],"newsever-slider-full":["https:\/\/apuntesdesanluis.com\/wp-content\/uploads\/2023\/10\/bullrich-2.png",736,429,false],"newsever-featured":["https:\/\/apuntesdesanluis.com\/wp-content\/uploads\/2023\/10\/bullrich-2.png",736,429,false],"newsever-medium":["https:\/\/apuntesdesanluis.com\/wp-content\/uploads\/2023\/10\/bullrich-2-720x429.png",720,429,true]},"author_info":{"display_name":"apuntesdesanluis.com","author_link":"https:\/\/apuntesdesanluis.com\/index.php\/author\/apuntesdesanluis-com\/"},"category_info":"<a href=\"https:\/\/apuntesdesanluis.com\/index.php\/category\/nacionales-internacionales\/\" rel=\"category tag\">Nacionales\/Internacionales<\/a>","tag_info":"Nacionales\/Internacionales","comment_count":"0","_links":{"self":[{"href":"https:\/\/apuntesdesanluis.com\/index.php\/wp-json\/wp\/v2\/posts\/5618","targetHints":{"allow":["GET"]}}],"collection":[{"href":"https:\/\/apuntesdesanluis.com\/index.php\/wp-json\/wp\/v2\/posts"}],"about":[{"href":"https:\/\/apuntesdesanluis.com\/index.php\/wp-json\/wp\/v2\/types\/post"}],"author":[{"embeddable":true,"href":"https:\/\/apuntesdesanluis.com\/index.php\/wp-json\/wp\/v2\/users\/1"}],"replies":[{"embeddable":true,"href":"https:\/\/apuntesdesanluis.com\/index.php\/wp-json\/wp\/v2\/comments?post=5618"}],"version-history":[{"count":1,"href":"https:\/\/apuntesdesanluis.com\/index.php\/wp-json\/wp\/v2\/posts\/5618\/revisions"}],"predecessor-version":[{"id":5620,"href":"https:\/\/apuntesdesanluis.com\/index.php\/wp-json\/wp\/v2\/posts\/5618\/revisions\/5620"}],"wp:featuredmedia":[{"embeddable":true,"href":"https:\/\/apuntesdesanluis.com\/index.php\/wp-json\/wp\/v2\/media\/5619"}],"wp:attachment":[{"href":"https:\/\/apuntesdesanluis.com\/index.php\/wp-json\/wp\/v2\/media?parent=5618"}],"wp:term":[{"taxonomy":"category","embeddable":true,"href":"https:\/\/apuntesdesanluis.com\/index.php\/wp-json\/wp\/v2\/categories?post=5618"},{"taxonomy":"post_tag","embeddable":true,"href":"https:\/\/apuntesdesanluis.com\/index.php\/wp-json\/wp\/v2\/tags?post=5618"}],"curies":[{"name":"wp","href":"https:\/\/api.w.org\/{rel}","templated":true}]}}