{"id":5626,"date":"2023-10-23T09:23:39","date_gmt":"2023-10-23T12:23:39","guid":{"rendered":"https:\/\/apuntesdesanluis.com\/?p=5626"},"modified":"2023-10-23T09:23:39","modified_gmt":"2023-10-23T12:23:39","slug":"myriam-bregman-quedo-en-quinto-lugar-y-el-resultado-se-asemeja-al-de-las-paso","status":"publish","type":"post","link":"https:\/\/apuntesdesanluis.com\/index.php\/2023\/10\/23\/myriam-bregman-quedo-en-quinto-lugar-y-el-resultado-se-asemeja-al-de-las-paso\/","title":{"rendered":"MYRIAM BREGMAN QUED\u00d3 EN QUINTO LUGAR Y EL RESULTADO SE ASEMEJA AL DE LAS PASO"},"content":{"rendered":"<h3>La candidata a presidenta por el Frente de Izquierda y los Trabajadores-Unidad (FIT-U)<strong> Myriam Bregman<\/strong>, junto a su compa\u00f1ero de f\u00f3rmula Nicol\u00e1s del Ca\u00f1o, qued\u00f3 en quinto lugar y el resultado se asemeja al obtenido en las PASO.<\/h3>\n<h3>Con el 95,84% por ciento de las mesas escrutadas, el FIT-U alcanz\u00f3 esta noche el 2,68 por ciento, con 687.687 votos, en estas elecciones generales 2023.<\/h3>\n<h3>Tras conocerse los resultados oficiales de las Elecciones, la candidata dijo: &#8220;Muchas gracias por estar ac\u00e1. En esta elecci\u00f3n prim\u00f3 el voto contra el tren fantasma que implica Javier Milei y todos sus candidatos que llegaron a negar los 30.000 desaparecidos y contra la pol\u00edtica de Bullrich que dijo todas las derechadas que se pod\u00edan decir\u201d.<\/h3>\n<p><iframe title=\"Bregman celebr\u00f3 una &quot;muy buena elecci\u00f3n&quot; de la izquierda, que alcanzar\u00eda cinco diputados nacionales\" width=\"640\" height=\"360\" src=\"https:\/\/www.youtube.com\/embed\/80ZGZjkCRQc?start=1&#038;feature=oembed\" frameborder=\"0\" allow=\"accelerometer; autoplay; clipboard-write; encrypted-media; gyroscope; picture-in-picture; web-share\" referrerpolicy=\"strict-origin-when-cross-origin\" allowfullscreen><\/iframe><\/p>\n<h3>Y agreg\u00f3: &#8220;Por otro lado, Massa est\u00e1 atado a la pol\u00edtica de ajuste del Fondo que viene aplicando. Una pol\u00edtica que exige m\u00e1s tarifazos, m\u00e1s ajuste. En este marco, hicimos una buena elecci\u00f3n. Mantuvimos nuestro espacio y logramos conquistar una bancada m\u00e1s en el Congreso, de la mano de Christian Castillo, llegando a tener cinco diputados nacionales. Tambi\u00e9n tuvimos una muy buena elecci\u00f3n en la Ciudad de Buenos Aires, haciendo que Celeste Fierro sea electa legisladora&#8221;.<\/h3>\n<h3>Por \u00faltimo, Bregman expres\u00f3 que &#8220;en los votantes que no nos eligieron, encontramos mucha simpat\u00eda. Algo muy importante porque cuando haya que enfrentar los ajustes, ser\u00e1n compa\u00f1eros con los que nos encontraremos en las calles&#8221;.<\/h3>\n<h3>En tanto, el compa\u00f1ero de f\u00f3rmula de Bregman, Nicol\u00e1s del Ca\u00f1o, sostuvo que &#8220;nuestro compromiso de lucha con los trabajadores, las mujeres y la juventud, las luchas ambientales es inclaudiclable&#8221;, y aprovech\u00f3 la oportunidad para expresar &#8220;toda nuestra solidaridad con el pueblo palestino que est\u00e1 sufriendo una verdadera masacre por parte del Estado de Israel&#8221;.<\/h3>\n<p>&nbsp;<\/p>\n<p>&nbsp;<\/p>\n<p>&nbsp;<\/p>\n<p>&nbsp;<\/p>\n<p>&nbsp;<\/p>\n","protected":false},"excerpt":{"rendered":"<p>La candidata a presidenta por el Frente de Izquierda y los Trabajadores-Unidad (FIT-U) Myriam Bregman,&#8230;<\/p>\n","protected":false},"author":1,"featured_media":5627,"comment_status":"closed","ping_status":"closed","sticky":false,"template":"","format":"standard","meta":{"footnotes":""},"categories":[5],"tags":[],"class_list":["post-5626","post","type-post","status-publish","format-standard","has-post-thumbnail","hentry","category-nacionales-internacionales"],"yoast_head":"<!-- This site is optimized with the Yoast SEO plugin v26.1.1 - https:\/\/yoast.com\/wordpress\/plugins\/seo\/ -->\n<title>MYRIAM BREGMAN QUED\u00d3 EN QUINTO LUGAR Y EL RESULTADO SE ASEMEJA AL DE LAS PASO - Apuntes de San Luis<\/title>\n<meta name=\"robots\" content=\"index, follow, max-snippet:-1, max-image-preview:large, max-video-preview:-1\" \/>\n<link rel=\"canonical\" href=\"https:\/\/apuntesdesanluis.com\/index.php\/2023\/10\/23\/myriam-bregman-quedo-en-quinto-lugar-y-el-resultado-se-asemeja-al-de-las-paso\/\" \/>\n<meta property=\"og:locale\" content=\"es_ES\" \/>\n<meta property=\"og:type\" content=\"article\" \/>\n<meta property=\"og:title\" content=\"MYRIAM BREGMAN QUED\u00d3 EN QUINTO LUGAR Y EL RESULTADO SE ASEMEJA AL DE LAS PASO - Apuntes de San Luis\" \/>\n<meta property=\"og:description\" content=\"La candidata a presidenta por el Frente de Izquierda y los Trabajadores-Unidad (FIT-U) Myriam Bregman,...\" \/>\n<meta property=\"og:url\" content=\"https:\/\/apuntesdesanluis.com\/index.php\/2023\/10\/23\/myriam-bregman-quedo-en-quinto-lugar-y-el-resultado-se-asemeja-al-de-las-paso\/\" \/>\n<meta property=\"og:site_name\" content=\"Apuntes de San Luis\" \/>\n<meta property=\"article:published_time\" content=\"2023-10-23T12:23:39+00:00\" \/>\n<meta property=\"og:image\" content=\"https:\/\/apuntesdesanluis.com\/wp-content\/uploads\/2023\/10\/bregman.png\" \/>\n\t<meta property=\"og:image:width\" content=\"600\" \/>\n\t<meta property=\"og:image:height\" content=\"399\" \/>\n\t<meta property=\"og:image:type\" content=\"image\/png\" \/>\n<meta name=\"author\" content=\"apuntesdesanluis.com\" \/>\n<meta name=\"twitter:card\" content=\"summary_large_image\" \/>\n<meta name=\"twitter:label1\" content=\"Escrito por\" \/>\n\t<meta name=\"twitter:data1\" content=\"apuntesdesanluis.com\" \/>\n\t<meta name=\"twitter:label2\" content=\"Tiempo de lectura\" \/>\n\t<meta name=\"twitter:data2\" content=\"2 minutos\" \/>\n<script type=\"application\/ld+json\" class=\"yoast-schema-graph\">{\"@context\":\"https:\/\/schema.org\",\"@graph\":[{\"@type\":\"Article\",\"@id\":\"https:\/\/apuntesdesanluis.com\/index.php\/2023\/10\/23\/myriam-bregman-quedo-en-quinto-lugar-y-el-resultado-se-asemeja-al-de-las-paso\/#article\",\"isPartOf\":{\"@id\":\"https:\/\/apuntesdesanluis.com\/index.php\/2023\/10\/23\/myriam-bregman-quedo-en-quinto-lugar-y-el-resultado-se-asemeja-al-de-las-paso\/\"},\"author\":{\"name\":\"apuntesdesanluis.com\",\"@id\":\"https:\/\/apuntesdesanluis.com\/#\/schema\/person\/b55151d52296fcce64d1a72538a70b90\"},\"headline\":\"MYRIAM BREGMAN QUED\u00d3 EN QUINTO LUGAR Y EL RESULTADO SE ASEMEJA AL DE LAS PASO\",\"datePublished\":\"2023-10-23T12:23:39+00:00\",\"mainEntityOfPage\":{\"@id\":\"https:\/\/apuntesdesanluis.com\/index.php\/2023\/10\/23\/myriam-bregman-quedo-en-quinto-lugar-y-el-resultado-se-asemeja-al-de-las-paso\/\"},\"wordCount\":354,\"publisher\":{\"@id\":\"https:\/\/apuntesdesanluis.com\/#\/schema\/person\/b55151d52296fcce64d1a72538a70b90\"},\"image\":{\"@id\":\"https:\/\/apuntesdesanluis.com\/index.php\/2023\/10\/23\/myriam-bregman-quedo-en-quinto-lugar-y-el-resultado-se-asemeja-al-de-las-paso\/#primaryimage\"},\"thumbnailUrl\":\"https:\/\/apuntesdesanluis.com\/wp-content\/uploads\/2023\/10\/bregman.png\",\"articleSection\":[\"Nacionales\/Internacionales\"],\"inLanguage\":\"es-AR\"},{\"@type\":\"WebPage\",\"@id\":\"https:\/\/apuntesdesanluis.com\/index.php\/2023\/10\/23\/myriam-bregman-quedo-en-quinto-lugar-y-el-resultado-se-asemeja-al-de-las-paso\/\",\"url\":\"https:\/\/apuntesdesanluis.com\/index.php\/2023\/10\/23\/myriam-bregman-quedo-en-quinto-lugar-y-el-resultado-se-asemeja-al-de-las-paso\/\",\"name\":\"MYRIAM BREGMAN QUED\u00d3 EN QUINTO LUGAR Y EL RESULTADO SE ASEMEJA AL DE LAS PASO - Apuntes de San Luis\",\"isPartOf\":{\"@id\":\"https:\/\/apuntesdesanluis.com\/#website\"},\"primaryImageOfPage\":{\"@id\":\"https:\/\/apuntesdesanluis.com\/index.php\/2023\/10\/23\/myriam-bregman-quedo-en-quinto-lugar-y-el-resultado-se-asemeja-al-de-las-paso\/#primaryimage\"},\"image\":{\"@id\":\"https:\/\/apuntesdesanluis.com\/index.php\/2023\/10\/23\/myriam-bregman-quedo-en-quinto-lugar-y-el-resultado-se-asemeja-al-de-las-paso\/#primaryimage\"},\"thumbnailUrl\":\"https:\/\/apuntesdesanluis.com\/wp-content\/uploads\/2023\/10\/bregman.png\",\"datePublished\":\"2023-10-23T12:23:39+00:00\",\"breadcrumb\":{\"@id\":\"https:\/\/apuntesdesanluis.com\/index.php\/2023\/10\/23\/myriam-bregman-quedo-en-quinto-lugar-y-el-resultado-se-asemeja-al-de-las-paso\/#breadcrumb\"},\"inLanguage\":\"es-AR\",\"potentialAction\":[{\"@type\":\"ReadAction\",\"target\":[\"https:\/\/apuntesdesanluis.com\/index.php\/2023\/10\/23\/myriam-bregman-quedo-en-quinto-lugar-y-el-resultado-se-asemeja-al-de-las-paso\/\"]}]},{\"@type\":\"ImageObject\",\"inLanguage\":\"es-AR\",\"@id\":\"https:\/\/apuntesdesanluis.com\/index.php\/2023\/10\/23\/myriam-bregman-quedo-en-quinto-lugar-y-el-resultado-se-asemeja-al-de-las-paso\/#primaryimage\",\"url\":\"https:\/\/apuntesdesanluis.com\/wp-content\/uploads\/2023\/10\/bregman.png\",\"contentUrl\":\"https:\/\/apuntesdesanluis.com\/wp-content\/uploads\/2023\/10\/bregman.png\",\"width\":600,\"height\":399},{\"@type\":\"BreadcrumbList\",\"@id\":\"https:\/\/apuntesdesanluis.com\/index.php\/2023\/10\/23\/myriam-bregman-quedo-en-quinto-lugar-y-el-resultado-se-asemeja-al-de-las-paso\/#breadcrumb\",\"itemListElement\":[{\"@type\":\"ListItem\",\"position\":1,\"name\":\"Inicio\",\"item\":\"https:\/\/apuntesdesanluis.com\/\"},{\"@type\":\"ListItem\",\"position\":2,\"name\":\"MYRIAM BREGMAN QUED\u00d3 EN QUINTO LUGAR Y EL RESULTADO SE ASEMEJA AL DE LAS PASO\"}]},{\"@type\":\"WebSite\",\"@id\":\"https:\/\/apuntesdesanluis.com\/#website\",\"url\":\"https:\/\/apuntesdesanluis.com\/\",\"name\":\"Apuntes de San Luis\",\"description\":\"\",\"publisher\":{\"@id\":\"https:\/\/apuntesdesanluis.com\/#\/schema\/person\/b55151d52296fcce64d1a72538a70b90\"},\"potentialAction\":[{\"@type\":\"SearchAction\",\"target\":{\"@type\":\"EntryPoint\",\"urlTemplate\":\"https:\/\/apuntesdesanluis.com\/?s={search_term_string}\"},\"query-input\":{\"@type\":\"PropertyValueSpecification\",\"valueRequired\":true,\"valueName\":\"search_term_string\"}}],\"inLanguage\":\"es-AR\"},{\"@type\":[\"Person\",\"Organization\"],\"@id\":\"https:\/\/apuntesdesanluis.com\/#\/schema\/person\/b55151d52296fcce64d1a72538a70b90\",\"name\":\"apuntesdesanluis.com\",\"image\":{\"@type\":\"ImageObject\",\"inLanguage\":\"es-AR\",\"@id\":\"https:\/\/apuntesdesanluis.com\/#\/schema\/person\/image\/\",\"url\":\"https:\/\/apuntesdesanluis.com\/wp-content\/uploads\/2023\/07\/cropped-apuntesdesanluis.png\",\"contentUrl\":\"https:\/\/apuntesdesanluis.com\/wp-content\/uploads\/2023\/07\/cropped-apuntesdesanluis.png\",\"width\":450,\"height\":112,\"caption\":\"apuntesdesanluis.com\"},\"logo\":{\"@id\":\"https:\/\/apuntesdesanluis.com\/#\/schema\/person\/image\/\"},\"sameAs\":[\"https:\/\/apuntesdesanluis.com\"],\"url\":\"https:\/\/apuntesdesanluis.com\/index.php\/author\/apuntesdesanluis-com\/\"}]}<\/script>\n<!-- \/ Yoast SEO plugin. -->","yoast_head_json":{"title":"MYRIAM BREGMAN QUED\u00d3 EN QUINTO LUGAR Y EL RESULTADO SE ASEMEJA AL DE LAS PASO - Apuntes de San Luis","robots":{"index":"index","follow":"follow","max-snippet":"max-snippet:-1","max-image-preview":"max-image-preview:large","max-video-preview":"max-video-preview:-1"},"canonical":"https:\/\/apuntesdesanluis.com\/index.php\/2023\/10\/23\/myriam-bregman-quedo-en-quinto-lugar-y-el-resultado-se-asemeja-al-de-las-paso\/","og_locale":"es_ES","og_type":"article","og_title":"MYRIAM BREGMAN QUED\u00d3 EN QUINTO LUGAR Y EL RESULTADO SE ASEMEJA AL DE LAS PASO - Apuntes de San Luis","og_description":"La candidata a presidenta por el Frente de Izquierda y los Trabajadores-Unidad (FIT-U) Myriam Bregman,...","og_url":"https:\/\/apuntesdesanluis.com\/index.php\/2023\/10\/23\/myriam-bregman-quedo-en-quinto-lugar-y-el-resultado-se-asemeja-al-de-las-paso\/","og_site_name":"Apuntes de San Luis","article_published_time":"2023-10-23T12:23:39+00:00","og_image":[{"width":600,"height":399,"url":"https:\/\/apuntesdesanluis.com\/wp-content\/uploads\/2023\/10\/bregman.png","type":"image\/png"}],"author":"apuntesdesanluis.com","twitter_card":"summary_large_image","twitter_misc":{"Escrito por":"apuntesdesanluis.com","Tiempo de lectura":"2 minutos"},"schema":{"@context":"https:\/\/schema.org","@graph":[{"@type":"Article","@id":"https:\/\/apuntesdesanluis.com\/index.php\/2023\/10\/23\/myriam-bregman-quedo-en-quinto-lugar-y-el-resultado-se-asemeja-al-de-las-paso\/#article","isPartOf":{"@id":"https:\/\/apuntesdesanluis.com\/index.php\/2023\/10\/23\/myriam-bregman-quedo-en-quinto-lugar-y-el-resultado-se-asemeja-al-de-las-paso\/"},"author":{"name":"apuntesdesanluis.com","@id":"https:\/\/apuntesdesanluis.com\/#\/schema\/person\/b55151d52296fcce64d1a72538a70b90"},"headline":"MYRIAM BREGMAN QUED\u00d3 EN QUINTO LUGAR Y EL RESULTADO SE ASEMEJA AL DE LAS PASO","datePublished":"2023-10-23T12:23:39+00:00","mainEntityOfPage":{"@id":"https:\/\/apuntesdesanluis.com\/index.php\/2023\/10\/23\/myriam-bregman-quedo-en-quinto-lugar-y-el-resultado-se-asemeja-al-de-las-paso\/"},"wordCount":354,"publisher":{"@id":"https:\/\/apuntesdesanluis.com\/#\/schema\/person\/b55151d52296fcce64d1a72538a70b90"},"image":{"@id":"https:\/\/apuntesdesanluis.com\/index.php\/2023\/10\/23\/myriam-bregman-quedo-en-quinto-lugar-y-el-resultado-se-asemeja-al-de-las-paso\/#primaryimage"},"thumbnailUrl":"https:\/\/apuntesdesanluis.com\/wp-content\/uploads\/2023\/10\/bregman.png","articleSection":["Nacionales\/Internacionales"],"inLanguage":"es-AR"},{"@type":"WebPage","@id":"https:\/\/apuntesdesanluis.com\/index.php\/2023\/10\/23\/myriam-bregman-quedo-en-quinto-lugar-y-el-resultado-se-asemeja-al-de-las-paso\/","url":"https:\/\/apuntesdesanluis.com\/index.php\/2023\/10\/23\/myriam-bregman-quedo-en-quinto-lugar-y-el-resultado-se-asemeja-al-de-las-paso\/","name":"MYRIAM BREGMAN QUED\u00d3 EN QUINTO LUGAR Y EL RESULTADO SE ASEMEJA AL DE LAS PASO - Apuntes de San Luis","isPartOf":{"@id":"https:\/\/apuntesdesanluis.com\/#website"},"primaryImageOfPage":{"@id":"https:\/\/apuntesdesanluis.com\/index.php\/2023\/10\/23\/myriam-bregman-quedo-en-quinto-lugar-y-el-resultado-se-asemeja-al-de-las-paso\/#primaryimage"},"image":{"@id":"https:\/\/apuntesdesanluis.com\/index.php\/2023\/10\/23\/myriam-bregman-quedo-en-quinto-lugar-y-el-resultado-se-asemeja-al-de-las-paso\/#primaryimage"},"thumbnailUrl":"https:\/\/apuntesdesanluis.com\/wp-content\/uploads\/2023\/10\/bregman.png","datePublished":"2023-10-23T12:23:39+00:00","breadcrumb":{"@id":"https:\/\/apuntesdesanluis.com\/index.php\/2023\/10\/23\/myriam-bregman-quedo-en-quinto-lugar-y-el-resultado-se-asemeja-al-de-las-paso\/#breadcrumb"},"inLanguage":"es-AR","potentialAction":[{"@type":"ReadAction","target":["https:\/\/apuntesdesanluis.com\/index.php\/2023\/10\/23\/myriam-bregman-quedo-en-quinto-lugar-y-el-resultado-se-asemeja-al-de-las-paso\/"]}]},{"@type":"ImageObject","inLanguage":"es-AR","@id":"https:\/\/apuntesdesanluis.com\/index.php\/2023\/10\/23\/myriam-bregman-quedo-en-quinto-lugar-y-el-resultado-se-asemeja-al-de-las-paso\/#primaryimage","url":"https:\/\/apuntesdesanluis.com\/wp-content\/uploads\/2023\/10\/bregman.png","contentUrl":"https:\/\/apuntesdesanluis.com\/wp-content\/uploads\/2023\/10\/bregman.png","width":600,"height":399},{"@type":"BreadcrumbList","@id":"https:\/\/apuntesdesanluis.com\/index.php\/2023\/10\/23\/myriam-bregman-quedo-en-quinto-lugar-y-el-resultado-se-asemeja-al-de-las-paso\/#breadcrumb","itemListElement":[{"@type":"ListItem","position":1,"name":"Inicio","item":"https:\/\/apuntesdesanluis.com\/"},{"@type":"ListItem","position":2,"name":"MYRIAM BREGMAN QUED\u00d3 EN QUINTO LUGAR Y EL RESULTADO SE ASEMEJA AL DE LAS PASO"}]},{"@type":"WebSite","@id":"https:\/\/apuntesdesanluis.com\/#website","url":"https:\/\/apuntesdesanluis.com\/","name":"Apuntes de San Luis","description":"","publisher":{"@id":"https:\/\/apuntesdesanluis.com\/#\/schema\/person\/b55151d52296fcce64d1a72538a70b90"},"potentialAction":[{"@type":"SearchAction","target":{"@type":"EntryPoint","urlTemplate":"https:\/\/apuntesdesanluis.com\/?s={search_term_string}"},"query-input":{"@type":"PropertyValueSpecification","valueRequired":true,"valueName":"search_term_string"}}],"inLanguage":"es-AR"},{"@type":["Person","Organization"],"@id":"https:\/\/apuntesdesanluis.com\/#\/schema\/person\/b55151d52296fcce64d1a72538a70b90","name":"apuntesdesanluis.com","image":{"@type":"ImageObject","inLanguage":"es-AR","@id":"https:\/\/apuntesdesanluis.com\/#\/schema\/person\/image\/","url":"https:\/\/apuntesdesanluis.com\/wp-content\/uploads\/2023\/07\/cropped-apuntesdesanluis.png","contentUrl":"https:\/\/apuntesdesanluis.com\/wp-content\/uploads\/2023\/07\/cropped-apuntesdesanluis.png","width":450,"height":112,"caption":"apuntesdesanluis.com"},"logo":{"@id":"https:\/\/apuntesdesanluis.com\/#\/schema\/person\/image\/"},"sameAs":["https:\/\/apuntesdesanluis.com"],"url":"https:\/\/apuntesdesanluis.com\/index.php\/author\/apuntesdesanluis-com\/"}]}},"featured_image_urls":{"full":["https:\/\/apuntesdesanluis.com\/wp-content\/uploads\/2023\/10\/bregman.png",600,399,false],"thumbnail":["https:\/\/apuntesdesanluis.com\/wp-content\/uploads\/2023\/10\/bregman-150x150.png",150,150,true],"medium":["https:\/\/apuntesdesanluis.com\/wp-content\/uploads\/2023\/10\/bregman-300x200.png",300,200,true],"medium_large":["https:\/\/apuntesdesanluis.com\/wp-content\/uploads\/2023\/10\/bregman.png",600,399,false],"large":["https:\/\/apuntesdesanluis.com\/wp-content\/uploads\/2023\/10\/bregman.png",600,399,false],"1536x1536":["https:\/\/apuntesdesanluis.com\/wp-content\/uploads\/2023\/10\/bregman.png",600,399,false],"2048x2048":["https:\/\/apuntesdesanluis.com\/wp-content\/uploads\/2023\/10\/bregman.png",600,399,false],"newsever-slider-full":["https:\/\/apuntesdesanluis.com\/wp-content\/uploads\/2023\/10\/bregman.png",600,399,false],"newsever-featured":["https:\/\/apuntesdesanluis.com\/wp-content\/uploads\/2023\/10\/bregman.png",600,399,false],"newsever-medium":["https:\/\/apuntesdesanluis.com\/wp-content\/uploads\/2023\/10\/bregman.png",600,399,false]},"author_info":{"display_name":"apuntesdesanluis.com","author_link":"https:\/\/apuntesdesanluis.com\/index.php\/author\/apuntesdesanluis-com\/"},"category_info":"<a href=\"https:\/\/apuntesdesanluis.com\/index.php\/category\/nacionales-internacionales\/\" rel=\"category tag\">Nacionales\/Internacionales<\/a>","tag_info":"Nacionales\/Internacionales","comment_count":"0","_links":{"self":[{"href":"https:\/\/apuntesdesanluis.com\/index.php\/wp-json\/wp\/v2\/posts\/5626","targetHints":{"allow":["GET"]}}],"collection":[{"href":"https:\/\/apuntesdesanluis.com\/index.php\/wp-json\/wp\/v2\/posts"}],"about":[{"href":"https:\/\/apuntesdesanluis.com\/index.php\/wp-json\/wp\/v2\/types\/post"}],"author":[{"embeddable":true,"href":"https:\/\/apuntesdesanluis.com\/index.php\/wp-json\/wp\/v2\/users\/1"}],"replies":[{"embeddable":true,"href":"https:\/\/apuntesdesanluis.com\/index.php\/wp-json\/wp\/v2\/comments?post=5626"}],"version-history":[{"count":1,"href":"https:\/\/apuntesdesanluis.com\/index.php\/wp-json\/wp\/v2\/posts\/5626\/revisions"}],"predecessor-version":[{"id":5628,"href":"https:\/\/apuntesdesanluis.com\/index.php\/wp-json\/wp\/v2\/posts\/5626\/revisions\/5628"}],"wp:featuredmedia":[{"embeddable":true,"href":"https:\/\/apuntesdesanluis.com\/index.php\/wp-json\/wp\/v2\/media\/5627"}],"wp:attachment":[{"href":"https:\/\/apuntesdesanluis.com\/index.php\/wp-json\/wp\/v2\/media?parent=5626"}],"wp:term":[{"taxonomy":"category","embeddable":true,"href":"https:\/\/apuntesdesanluis.com\/index.php\/wp-json\/wp\/v2\/categories?post=5626"},{"taxonomy":"post_tag","embeddable":true,"href":"https:\/\/apuntesdesanluis.com\/index.php\/wp-json\/wp\/v2\/tags?post=5626"}],"curies":[{"name":"wp","href":"https:\/\/api.w.org\/{rel}","templated":true}]}}