{"id":563,"date":"2023-07-27T13:58:38","date_gmt":"2023-07-27T16:58:38","guid":{"rendered":"https:\/\/apuntesdesanluis.com\/?p=563"},"modified":"2023-07-27T13:58:38","modified_gmt":"2023-07-27T16:58:38","slug":"advierten-por-la-falta-de-insumos-medicos-para-dialisis","status":"publish","type":"post","link":"https:\/\/apuntesdesanluis.com\/index.php\/2023\/07\/27\/advierten-por-la-falta-de-insumos-medicos-para-dialisis\/","title":{"rendered":"ADVIERTEN POR LA FALTA DE INSUMOS M\u00c9DICOS PARA DI\u00c1LISIS"},"content":{"rendered":"<h3>La <strong>Confederaci\u00f3n de Asociaciones de Di\u00e1lisis de la Rep\u00fablica Argentina<\/strong> (Cadra) public\u00f3 un fuerte comunicado en el que denuncian que los pacientes que reciben este tipo de tratamiento podr\u00edan estar en riesgo ante la falta de insumos m\u00e9dicos esenciales.<\/h3>\n<h3>Desde el sector adjudican el inconveniente a las \u00faltimas medidas econ\u00f3micas anunciadas por el Gobierno. \u201cNo se trata de una amenaza, simplemente es un dato de la realidad. Lamentablemente, las \u00faltimas medidas oficiales prometen agravar el escenario: insumos m\u00e9dicos que nos venden en cuentagotas porque aumentan semanalmente. Y, entonces, los proveedores adoptan esa actitud ante una realidad imprecisa pues desconocen los precios del mismo producto siete d\u00edas despu\u00e9s\u201d, indican en un tramo del texto.<\/h3>\n<h3>La entidad considera tambi\u00e9n que \u201cpor el aumento permanente del d\u00f3lar (la mayor\u00eda de los insumos m\u00e9dicos son del exterior), no hay ning\u00fan tipo de financiamiento\u201d.<\/h3>\n<h3>Es ese sentido Cadra le reclam\u00f3 a las autoridades gubernamentales a \u201ctomar cartas en el asunto\u201d. Afirmaron que &#8220;de continuar esta grave crisis econ\u00f3mica que nos afecta directamente, en breve, los casi 300 centros de di\u00e1lisis privados diseminados en toda la geograf\u00eda nacional, no estar\u00edan en condiciones de continuar brindando las prestaciones a sus casi 30 mil pacientes de di\u00e1lisis\u201d.<\/h3>\n<h3>Adem\u00e1s solicitaron \u201cdejar sin efecto aquellas medidas que atentan contra la importaci\u00f3n de insumos m\u00e9dicos\u201d ya que constituyen \u201cuna traba insalvable no s\u00f3lo para quienes ejercemos la nefrolog\u00eda en el pa\u00eds sino, fundamental y prioritariamente, para los pacientes de di\u00e1lisis que necesitan un tratamiento seguro, responsable y eficiente para tener una mejor calidad de vida&#8221;.<\/h3>\n","protected":false},"excerpt":{"rendered":"<p>La Confederaci\u00f3n de Asociaciones de Di\u00e1lisis de la Rep\u00fablica Argentina (Cadra) public\u00f3 un fuerte comunicado&#8230;<\/p>\n","protected":false},"author":1,"featured_media":564,"comment_status":"closed","ping_status":"closed","sticky":false,"template":"","format":"standard","meta":{"footnotes":""},"categories":[5],"tags":[],"class_list":["post-563","post","type-post","status-publish","format-standard","has-post-thumbnail","hentry","category-nacionales-internacionales"],"yoast_head":"<!-- This site is optimized with the Yoast SEO plugin v26.1.1 - https:\/\/yoast.com\/wordpress\/plugins\/seo\/ -->\n<title>ADVIERTEN POR LA FALTA DE INSUMOS M\u00c9DICOS PARA DI\u00c1LISIS - Apuntes de San Luis<\/title>\n<meta name=\"robots\" content=\"index, follow, max-snippet:-1, max-image-preview:large, max-video-preview:-1\" \/>\n<link rel=\"canonical\" href=\"https:\/\/apuntesdesanluis.com\/index.php\/2023\/07\/27\/advierten-por-la-falta-de-insumos-medicos-para-dialisis\/\" \/>\n<meta property=\"og:locale\" content=\"es_ES\" \/>\n<meta property=\"og:type\" content=\"article\" \/>\n<meta property=\"og:title\" content=\"ADVIERTEN POR LA FALTA DE INSUMOS M\u00c9DICOS PARA DI\u00c1LISIS - Apuntes de San Luis\" \/>\n<meta property=\"og:description\" content=\"La Confederaci\u00f3n de Asociaciones de Di\u00e1lisis de la Rep\u00fablica Argentina (Cadra) public\u00f3 un fuerte comunicado...\" \/>\n<meta property=\"og:url\" content=\"https:\/\/apuntesdesanluis.com\/index.php\/2023\/07\/27\/advierten-por-la-falta-de-insumos-medicos-para-dialisis\/\" \/>\n<meta property=\"og:site_name\" content=\"Apuntes de San Luis\" \/>\n<meta property=\"article:published_time\" content=\"2023-07-27T16:58:38+00:00\" \/>\n<meta property=\"og:image\" content=\"https:\/\/apuntesdesanluis.com\/wp-content\/uploads\/2023\/07\/dialisis.png\" \/>\n\t<meta property=\"og:image:width\" content=\"741\" \/>\n\t<meta property=\"og:image:height\" content=\"456\" \/>\n\t<meta property=\"og:image:type\" content=\"image\/png\" \/>\n<meta name=\"author\" content=\"apuntesdesanluis.com\" \/>\n<meta name=\"twitter:card\" content=\"summary_large_image\" \/>\n<meta name=\"twitter:label1\" content=\"Escrito por\" \/>\n\t<meta name=\"twitter:data1\" content=\"apuntesdesanluis.com\" \/>\n\t<meta name=\"twitter:label2\" content=\"Tiempo de lectura\" \/>\n\t<meta name=\"twitter:data2\" content=\"2 minutos\" \/>\n<script type=\"application\/ld+json\" class=\"yoast-schema-graph\">{\"@context\":\"https:\/\/schema.org\",\"@graph\":[{\"@type\":\"Article\",\"@id\":\"https:\/\/apuntesdesanluis.com\/index.php\/2023\/07\/27\/advierten-por-la-falta-de-insumos-medicos-para-dialisis\/#article\",\"isPartOf\":{\"@id\":\"https:\/\/apuntesdesanluis.com\/index.php\/2023\/07\/27\/advierten-por-la-falta-de-insumos-medicos-para-dialisis\/\"},\"author\":{\"name\":\"apuntesdesanluis.com\",\"@id\":\"https:\/\/apuntesdesanluis.com\/#\/schema\/person\/b55151d52296fcce64d1a72538a70b90\"},\"headline\":\"ADVIERTEN POR LA FALTA DE INSUMOS M\u00c9DICOS PARA DI\u00c1LISIS\",\"datePublished\":\"2023-07-27T16:58:38+00:00\",\"mainEntityOfPage\":{\"@id\":\"https:\/\/apuntesdesanluis.com\/index.php\/2023\/07\/27\/advierten-por-la-falta-de-insumos-medicos-para-dialisis\/\"},\"wordCount\":289,\"publisher\":{\"@id\":\"https:\/\/apuntesdesanluis.com\/#\/schema\/person\/b55151d52296fcce64d1a72538a70b90\"},\"image\":{\"@id\":\"https:\/\/apuntesdesanluis.com\/index.php\/2023\/07\/27\/advierten-por-la-falta-de-insumos-medicos-para-dialisis\/#primaryimage\"},\"thumbnailUrl\":\"https:\/\/apuntesdesanluis.com\/wp-content\/uploads\/2023\/07\/dialisis.png\",\"articleSection\":[\"Nacionales\/Internacionales\"],\"inLanguage\":\"es-AR\"},{\"@type\":\"WebPage\",\"@id\":\"https:\/\/apuntesdesanluis.com\/index.php\/2023\/07\/27\/advierten-por-la-falta-de-insumos-medicos-para-dialisis\/\",\"url\":\"https:\/\/apuntesdesanluis.com\/index.php\/2023\/07\/27\/advierten-por-la-falta-de-insumos-medicos-para-dialisis\/\",\"name\":\"ADVIERTEN POR LA FALTA DE INSUMOS M\u00c9DICOS PARA DI\u00c1LISIS - Apuntes de San Luis\",\"isPartOf\":{\"@id\":\"https:\/\/apuntesdesanluis.com\/#website\"},\"primaryImageOfPage\":{\"@id\":\"https:\/\/apuntesdesanluis.com\/index.php\/2023\/07\/27\/advierten-por-la-falta-de-insumos-medicos-para-dialisis\/#primaryimage\"},\"image\":{\"@id\":\"https:\/\/apuntesdesanluis.com\/index.php\/2023\/07\/27\/advierten-por-la-falta-de-insumos-medicos-para-dialisis\/#primaryimage\"},\"thumbnailUrl\":\"https:\/\/apuntesdesanluis.com\/wp-content\/uploads\/2023\/07\/dialisis.png\",\"datePublished\":\"2023-07-27T16:58:38+00:00\",\"breadcrumb\":{\"@id\":\"https:\/\/apuntesdesanluis.com\/index.php\/2023\/07\/27\/advierten-por-la-falta-de-insumos-medicos-para-dialisis\/#breadcrumb\"},\"inLanguage\":\"es-AR\",\"potentialAction\":[{\"@type\":\"ReadAction\",\"target\":[\"https:\/\/apuntesdesanluis.com\/index.php\/2023\/07\/27\/advierten-por-la-falta-de-insumos-medicos-para-dialisis\/\"]}]},{\"@type\":\"ImageObject\",\"inLanguage\":\"es-AR\",\"@id\":\"https:\/\/apuntesdesanluis.com\/index.php\/2023\/07\/27\/advierten-por-la-falta-de-insumos-medicos-para-dialisis\/#primaryimage\",\"url\":\"https:\/\/apuntesdesanluis.com\/wp-content\/uploads\/2023\/07\/dialisis.png\",\"contentUrl\":\"https:\/\/apuntesdesanluis.com\/wp-content\/uploads\/2023\/07\/dialisis.png\",\"width\":741,\"height\":456},{\"@type\":\"BreadcrumbList\",\"@id\":\"https:\/\/apuntesdesanluis.com\/index.php\/2023\/07\/27\/advierten-por-la-falta-de-insumos-medicos-para-dialisis\/#breadcrumb\",\"itemListElement\":[{\"@type\":\"ListItem\",\"position\":1,\"name\":\"Inicio\",\"item\":\"https:\/\/apuntesdesanluis.com\/\"},{\"@type\":\"ListItem\",\"position\":2,\"name\":\"ADVIERTEN POR LA FALTA DE INSUMOS M\u00c9DICOS PARA DI\u00c1LISIS\"}]},{\"@type\":\"WebSite\",\"@id\":\"https:\/\/apuntesdesanluis.com\/#website\",\"url\":\"https:\/\/apuntesdesanluis.com\/\",\"name\":\"Apuntes de San Luis\",\"description\":\"\",\"publisher\":{\"@id\":\"https:\/\/apuntesdesanluis.com\/#\/schema\/person\/b55151d52296fcce64d1a72538a70b90\"},\"potentialAction\":[{\"@type\":\"SearchAction\",\"target\":{\"@type\":\"EntryPoint\",\"urlTemplate\":\"https:\/\/apuntesdesanluis.com\/?s={search_term_string}\"},\"query-input\":{\"@type\":\"PropertyValueSpecification\",\"valueRequired\":true,\"valueName\":\"search_term_string\"}}],\"inLanguage\":\"es-AR\"},{\"@type\":[\"Person\",\"Organization\"],\"@id\":\"https:\/\/apuntesdesanluis.com\/#\/schema\/person\/b55151d52296fcce64d1a72538a70b90\",\"name\":\"apuntesdesanluis.com\",\"image\":{\"@type\":\"ImageObject\",\"inLanguage\":\"es-AR\",\"@id\":\"https:\/\/apuntesdesanluis.com\/#\/schema\/person\/image\/\",\"url\":\"https:\/\/apuntesdesanluis.com\/wp-content\/uploads\/2023\/07\/cropped-apuntesdesanluis.png\",\"contentUrl\":\"https:\/\/apuntesdesanluis.com\/wp-content\/uploads\/2023\/07\/cropped-apuntesdesanluis.png\",\"width\":450,\"height\":112,\"caption\":\"apuntesdesanluis.com\"},\"logo\":{\"@id\":\"https:\/\/apuntesdesanluis.com\/#\/schema\/person\/image\/\"},\"sameAs\":[\"https:\/\/apuntesdesanluis.com\"],\"url\":\"https:\/\/apuntesdesanluis.com\/index.php\/author\/apuntesdesanluis-com\/\"}]}<\/script>\n<!-- \/ Yoast SEO plugin. -->","yoast_head_json":{"title":"ADVIERTEN POR LA FALTA DE INSUMOS M\u00c9DICOS PARA DI\u00c1LISIS - Apuntes de San Luis","robots":{"index":"index","follow":"follow","max-snippet":"max-snippet:-1","max-image-preview":"max-image-preview:large","max-video-preview":"max-video-preview:-1"},"canonical":"https:\/\/apuntesdesanluis.com\/index.php\/2023\/07\/27\/advierten-por-la-falta-de-insumos-medicos-para-dialisis\/","og_locale":"es_ES","og_type":"article","og_title":"ADVIERTEN POR LA FALTA DE INSUMOS M\u00c9DICOS PARA DI\u00c1LISIS - Apuntes de San Luis","og_description":"La Confederaci\u00f3n de Asociaciones de Di\u00e1lisis de la Rep\u00fablica Argentina (Cadra) public\u00f3 un fuerte comunicado...","og_url":"https:\/\/apuntesdesanluis.com\/index.php\/2023\/07\/27\/advierten-por-la-falta-de-insumos-medicos-para-dialisis\/","og_site_name":"Apuntes de San Luis","article_published_time":"2023-07-27T16:58:38+00:00","og_image":[{"width":741,"height":456,"url":"https:\/\/apuntesdesanluis.com\/wp-content\/uploads\/2023\/07\/dialisis.png","type":"image\/png"}],"author":"apuntesdesanluis.com","twitter_card":"summary_large_image","twitter_misc":{"Escrito por":"apuntesdesanluis.com","Tiempo de lectura":"2 minutos"},"schema":{"@context":"https:\/\/schema.org","@graph":[{"@type":"Article","@id":"https:\/\/apuntesdesanluis.com\/index.php\/2023\/07\/27\/advierten-por-la-falta-de-insumos-medicos-para-dialisis\/#article","isPartOf":{"@id":"https:\/\/apuntesdesanluis.com\/index.php\/2023\/07\/27\/advierten-por-la-falta-de-insumos-medicos-para-dialisis\/"},"author":{"name":"apuntesdesanluis.com","@id":"https:\/\/apuntesdesanluis.com\/#\/schema\/person\/b55151d52296fcce64d1a72538a70b90"},"headline":"ADVIERTEN POR LA FALTA DE INSUMOS M\u00c9DICOS PARA DI\u00c1LISIS","datePublished":"2023-07-27T16:58:38+00:00","mainEntityOfPage":{"@id":"https:\/\/apuntesdesanluis.com\/index.php\/2023\/07\/27\/advierten-por-la-falta-de-insumos-medicos-para-dialisis\/"},"wordCount":289,"publisher":{"@id":"https:\/\/apuntesdesanluis.com\/#\/schema\/person\/b55151d52296fcce64d1a72538a70b90"},"image":{"@id":"https:\/\/apuntesdesanluis.com\/index.php\/2023\/07\/27\/advierten-por-la-falta-de-insumos-medicos-para-dialisis\/#primaryimage"},"thumbnailUrl":"https:\/\/apuntesdesanluis.com\/wp-content\/uploads\/2023\/07\/dialisis.png","articleSection":["Nacionales\/Internacionales"],"inLanguage":"es-AR"},{"@type":"WebPage","@id":"https:\/\/apuntesdesanluis.com\/index.php\/2023\/07\/27\/advierten-por-la-falta-de-insumos-medicos-para-dialisis\/","url":"https:\/\/apuntesdesanluis.com\/index.php\/2023\/07\/27\/advierten-por-la-falta-de-insumos-medicos-para-dialisis\/","name":"ADVIERTEN POR LA FALTA DE INSUMOS M\u00c9DICOS PARA DI\u00c1LISIS - Apuntes de San Luis","isPartOf":{"@id":"https:\/\/apuntesdesanluis.com\/#website"},"primaryImageOfPage":{"@id":"https:\/\/apuntesdesanluis.com\/index.php\/2023\/07\/27\/advierten-por-la-falta-de-insumos-medicos-para-dialisis\/#primaryimage"},"image":{"@id":"https:\/\/apuntesdesanluis.com\/index.php\/2023\/07\/27\/advierten-por-la-falta-de-insumos-medicos-para-dialisis\/#primaryimage"},"thumbnailUrl":"https:\/\/apuntesdesanluis.com\/wp-content\/uploads\/2023\/07\/dialisis.png","datePublished":"2023-07-27T16:58:38+00:00","breadcrumb":{"@id":"https:\/\/apuntesdesanluis.com\/index.php\/2023\/07\/27\/advierten-por-la-falta-de-insumos-medicos-para-dialisis\/#breadcrumb"},"inLanguage":"es-AR","potentialAction":[{"@type":"ReadAction","target":["https:\/\/apuntesdesanluis.com\/index.php\/2023\/07\/27\/advierten-por-la-falta-de-insumos-medicos-para-dialisis\/"]}]},{"@type":"ImageObject","inLanguage":"es-AR","@id":"https:\/\/apuntesdesanluis.com\/index.php\/2023\/07\/27\/advierten-por-la-falta-de-insumos-medicos-para-dialisis\/#primaryimage","url":"https:\/\/apuntesdesanluis.com\/wp-content\/uploads\/2023\/07\/dialisis.png","contentUrl":"https:\/\/apuntesdesanluis.com\/wp-content\/uploads\/2023\/07\/dialisis.png","width":741,"height":456},{"@type":"BreadcrumbList","@id":"https:\/\/apuntesdesanluis.com\/index.php\/2023\/07\/27\/advierten-por-la-falta-de-insumos-medicos-para-dialisis\/#breadcrumb","itemListElement":[{"@type":"ListItem","position":1,"name":"Inicio","item":"https:\/\/apuntesdesanluis.com\/"},{"@type":"ListItem","position":2,"name":"ADVIERTEN POR LA FALTA DE INSUMOS M\u00c9DICOS PARA DI\u00c1LISIS"}]},{"@type":"WebSite","@id":"https:\/\/apuntesdesanluis.com\/#website","url":"https:\/\/apuntesdesanluis.com\/","name":"Apuntes de San Luis","description":"","publisher":{"@id":"https:\/\/apuntesdesanluis.com\/#\/schema\/person\/b55151d52296fcce64d1a72538a70b90"},"potentialAction":[{"@type":"SearchAction","target":{"@type":"EntryPoint","urlTemplate":"https:\/\/apuntesdesanluis.com\/?s={search_term_string}"},"query-input":{"@type":"PropertyValueSpecification","valueRequired":true,"valueName":"search_term_string"}}],"inLanguage":"es-AR"},{"@type":["Person","Organization"],"@id":"https:\/\/apuntesdesanluis.com\/#\/schema\/person\/b55151d52296fcce64d1a72538a70b90","name":"apuntesdesanluis.com","image":{"@type":"ImageObject","inLanguage":"es-AR","@id":"https:\/\/apuntesdesanluis.com\/#\/schema\/person\/image\/","url":"https:\/\/apuntesdesanluis.com\/wp-content\/uploads\/2023\/07\/cropped-apuntesdesanluis.png","contentUrl":"https:\/\/apuntesdesanluis.com\/wp-content\/uploads\/2023\/07\/cropped-apuntesdesanluis.png","width":450,"height":112,"caption":"apuntesdesanluis.com"},"logo":{"@id":"https:\/\/apuntesdesanluis.com\/#\/schema\/person\/image\/"},"sameAs":["https:\/\/apuntesdesanluis.com"],"url":"https:\/\/apuntesdesanluis.com\/index.php\/author\/apuntesdesanluis-com\/"}]}},"featured_image_urls":{"full":["https:\/\/apuntesdesanluis.com\/wp-content\/uploads\/2023\/07\/dialisis.png",741,456,false],"thumbnail":["https:\/\/apuntesdesanluis.com\/wp-content\/uploads\/2023\/07\/dialisis-150x150.png",150,150,true],"medium":["https:\/\/apuntesdesanluis.com\/wp-content\/uploads\/2023\/07\/dialisis-300x185.png",300,185,true],"medium_large":["https:\/\/apuntesdesanluis.com\/wp-content\/uploads\/2023\/07\/dialisis.png",640,394,false],"large":["https:\/\/apuntesdesanluis.com\/wp-content\/uploads\/2023\/07\/dialisis.png",640,394,false],"1536x1536":["https:\/\/apuntesdesanluis.com\/wp-content\/uploads\/2023\/07\/dialisis.png",741,456,false],"2048x2048":["https:\/\/apuntesdesanluis.com\/wp-content\/uploads\/2023\/07\/dialisis.png",741,456,false],"newsever-slider-full":["https:\/\/apuntesdesanluis.com\/wp-content\/uploads\/2023\/07\/dialisis.png",741,456,false],"newsever-featured":["https:\/\/apuntesdesanluis.com\/wp-content\/uploads\/2023\/07\/dialisis.png",741,456,false],"newsever-medium":["https:\/\/apuntesdesanluis.com\/wp-content\/uploads\/2023\/07\/dialisis-720x456.png",720,456,true]},"author_info":{"display_name":"apuntesdesanluis.com","author_link":"https:\/\/apuntesdesanluis.com\/index.php\/author\/apuntesdesanluis-com\/"},"category_info":"<a href=\"https:\/\/apuntesdesanluis.com\/index.php\/category\/nacionales-internacionales\/\" rel=\"category tag\">Nacionales\/Internacionales<\/a>","tag_info":"Nacionales\/Internacionales","comment_count":"0","_links":{"self":[{"href":"https:\/\/apuntesdesanluis.com\/index.php\/wp-json\/wp\/v2\/posts\/563","targetHints":{"allow":["GET"]}}],"collection":[{"href":"https:\/\/apuntesdesanluis.com\/index.php\/wp-json\/wp\/v2\/posts"}],"about":[{"href":"https:\/\/apuntesdesanluis.com\/index.php\/wp-json\/wp\/v2\/types\/post"}],"author":[{"embeddable":true,"href":"https:\/\/apuntesdesanluis.com\/index.php\/wp-json\/wp\/v2\/users\/1"}],"replies":[{"embeddable":true,"href":"https:\/\/apuntesdesanluis.com\/index.php\/wp-json\/wp\/v2\/comments?post=563"}],"version-history":[{"count":1,"href":"https:\/\/apuntesdesanluis.com\/index.php\/wp-json\/wp\/v2\/posts\/563\/revisions"}],"predecessor-version":[{"id":565,"href":"https:\/\/apuntesdesanluis.com\/index.php\/wp-json\/wp\/v2\/posts\/563\/revisions\/565"}],"wp:featuredmedia":[{"embeddable":true,"href":"https:\/\/apuntesdesanluis.com\/index.php\/wp-json\/wp\/v2\/media\/564"}],"wp:attachment":[{"href":"https:\/\/apuntesdesanluis.com\/index.php\/wp-json\/wp\/v2\/media?parent=563"}],"wp:term":[{"taxonomy":"category","embeddable":true,"href":"https:\/\/apuntesdesanluis.com\/index.php\/wp-json\/wp\/v2\/categories?post=563"},{"taxonomy":"post_tag","embeddable":true,"href":"https:\/\/apuntesdesanluis.com\/index.php\/wp-json\/wp\/v2\/tags?post=563"}],"curies":[{"name":"wp","href":"https:\/\/api.w.org\/{rel}","templated":true}]}}