{"id":5666,"date":"2023-10-23T23:41:32","date_gmt":"2023-10-24T02:41:32","guid":{"rendered":"https:\/\/apuntesdesanluis.com\/?p=5666"},"modified":"2023-10-23T23:44:08","modified_gmt":"2023-10-24T02:44:08","slug":"por-los-danos-ocasionados-por-la-tormenta-cerraron-el-cementerio-municipal","status":"publish","type":"post","link":"https:\/\/apuntesdesanluis.com\/index.php\/2023\/10\/23\/por-los-danos-ocasionados-por-la-tormenta-cerraron-el-cementerio-municipal\/","title":{"rendered":"POR LOS DA\u00d1OS OCASIONADOS POR LA TORMENTA, CERRARON EL CEMENTERIO MUNICIPAL Y EL LAGO"},"content":{"rendered":"<h3>La Municipalidad comunic\u00f3 que ser\u00e1 por tres d\u00edas, para poder concretar diferentes reparaciones.<\/h3>\n<h3>Se trata del cementerio <strong>San Jos\u00e9<\/strong>, que en algunos sectores sufri\u00f3 diferentes da\u00f1os por la ca\u00edda de ramas sobre algunas instalaciones.<\/h3>\n<p><img fetchpriority=\"high\" decoding=\"async\" class=\"wp-image-5667 aligncenter\" src=\"https:\/\/apuntesdesanluis.com\/wp-content\/uploads\/2023\/10\/cementerio-300x281.png\" alt=\"\" width=\"712\" height=\"667\" srcset=\"https:\/\/apuntesdesanluis.com\/wp-content\/uploads\/2023\/10\/cementerio-300x281.png 300w, https:\/\/apuntesdesanluis.com\/wp-content\/uploads\/2023\/10\/cementerio.png 632w\" sizes=\"(max-width: 712px) 100vw, 712px\" \/><\/p>\n<h3>Por otro lado, tambi\u00e9n se dispuso el cierre temporal al p\u00fablico del predio recreativo El Lago, caracterizado por una frondosa arboleda, que qued\u00f3 con casi todas sus v\u00edas de circulaci\u00f3n obstaculizadas por la ca\u00edda de gran cantidad de ramas de los imponentes eucaliptus.<\/h3>\n<p><img decoding=\"async\" class=\"wp-image-5671 aligncenter\" src=\"https:\/\/apuntesdesanluis.com\/wp-content\/uploads\/2023\/10\/EL-LAGO-300x192.png\" alt=\"\" width=\"731\" height=\"468\" srcset=\"https:\/\/apuntesdesanluis.com\/wp-content\/uploads\/2023\/10\/EL-LAGO-300x192.png 300w, https:\/\/apuntesdesanluis.com\/wp-content\/uploads\/2023\/10\/EL-LAGO.png 537w\" sizes=\"(max-width: 731px) 100vw, 731px\" \/><\/p>\n<h3>El fort\u00edsimo temporal del s\u00e1bado por la tarde noche afect\u00f3 principalmente la zona sur de Villa Mercedes, especialmente los barrios La Ribera, Uni\u00f3n, G\u00fcemes, San Jos\u00e9 y Jard\u00edn del Sur, donde las distintas \u00e1reas municipales se encuentran trabajando desde el fin de semana.<\/h3>\n<h3>Otro de los problemas que se registr\u00f3 por la tormenta fueron los cortes de luz que afectaron distintos barrios, algunos de los cuales este lunes a\u00fan continuaban a oscuras, a pesar del intenso trabajo de las cuadrillas de Edesal y del \u00e1rea de alumbrado p\u00fablico municipal.<\/h3>\n<h3>M\u00e1s all\u00e1 de las tareas de limpieza y reparaci\u00f3n del servicio el\u00e9ctrico, el \u00e1rea de Desarrollo Social del Municipio tambi\u00e9n est\u00e1 concentrada en relevar y asistir a las numerosas familias que sufrieron da\u00f1os en sus viviendas, especialmente por la voladura de techos, que padecieron aproximadamente m\u00e1s de medio centenar de casas.<\/h3>\n<p>&nbsp;<\/p>\n<p>&nbsp;<\/p>\n<p>&nbsp;<\/p>\n<p>&nbsp;<\/p>\n","protected":false},"excerpt":{"rendered":"<p>La Municipalidad comunic\u00f3 que ser\u00e1 por tres d\u00edas, para poder concretar diferentes reparaciones. Se trata&#8230;<\/p>\n","protected":false},"author":1,"featured_media":5668,"comment_status":"closed","ping_status":"closed","sticky":false,"template":"","format":"standard","meta":{"footnotes":""},"categories":[6],"tags":[],"class_list":["post-5666","post","type-post","status-publish","format-standard","has-post-thumbnail","hentry","category-ciudad-provincia"],"yoast_head":"<!-- This site is optimized with the Yoast SEO plugin v26.1.1 - https:\/\/yoast.com\/wordpress\/plugins\/seo\/ -->\n<title>POR LOS DA\u00d1OS OCASIONADOS POR LA TORMENTA, CERRARON EL CEMENTERIO MUNICIPAL Y EL LAGO - Apuntes de San Luis<\/title>\n<meta name=\"robots\" content=\"index, follow, max-snippet:-1, max-image-preview:large, max-video-preview:-1\" \/>\n<link rel=\"canonical\" href=\"https:\/\/apuntesdesanluis.com\/index.php\/2023\/10\/23\/por-los-danos-ocasionados-por-la-tormenta-cerraron-el-cementerio-municipal\/\" \/>\n<meta property=\"og:locale\" content=\"es_ES\" \/>\n<meta property=\"og:type\" content=\"article\" \/>\n<meta property=\"og:title\" content=\"POR LOS DA\u00d1OS OCASIONADOS POR LA TORMENTA, CERRARON EL CEMENTERIO MUNICIPAL Y EL LAGO - Apuntes de San Luis\" \/>\n<meta property=\"og:description\" content=\"La Municipalidad comunic\u00f3 que ser\u00e1 por tres d\u00edas, para poder concretar diferentes reparaciones. Se trata...\" \/>\n<meta property=\"og:url\" content=\"https:\/\/apuntesdesanluis.com\/index.php\/2023\/10\/23\/por-los-danos-ocasionados-por-la-tormenta-cerraron-el-cementerio-municipal\/\" \/>\n<meta property=\"og:site_name\" content=\"Apuntes de San Luis\" \/>\n<meta property=\"article:published_time\" content=\"2023-10-24T02:41:32+00:00\" \/>\n<meta property=\"article:modified_time\" content=\"2023-10-24T02:44:08+00:00\" \/>\n<meta property=\"og:image\" content=\"https:\/\/apuntesdesanluis.com\/wp-content\/uploads\/2023\/10\/cementerio-san-jose.png\" \/>\n\t<meta property=\"og:image:width\" content=\"599\" \/>\n\t<meta property=\"og:image:height\" content=\"347\" \/>\n\t<meta property=\"og:image:type\" content=\"image\/png\" \/>\n<meta name=\"author\" content=\"apuntesdesanluis.com\" \/>\n<meta name=\"twitter:card\" content=\"summary_large_image\" \/>\n<meta name=\"twitter:label1\" content=\"Escrito por\" \/>\n\t<meta name=\"twitter:data1\" content=\"apuntesdesanluis.com\" \/>\n\t<meta name=\"twitter:label2\" content=\"Tiempo de lectura\" \/>\n\t<meta name=\"twitter:data2\" content=\"2 minutos\" \/>\n<script type=\"application\/ld+json\" class=\"yoast-schema-graph\">{\"@context\":\"https:\/\/schema.org\",\"@graph\":[{\"@type\":\"Article\",\"@id\":\"https:\/\/apuntesdesanluis.com\/index.php\/2023\/10\/23\/por-los-danos-ocasionados-por-la-tormenta-cerraron-el-cementerio-municipal\/#article\",\"isPartOf\":{\"@id\":\"https:\/\/apuntesdesanluis.com\/index.php\/2023\/10\/23\/por-los-danos-ocasionados-por-la-tormenta-cerraron-el-cementerio-municipal\/\"},\"author\":{\"name\":\"apuntesdesanluis.com\",\"@id\":\"https:\/\/apuntesdesanluis.com\/#\/schema\/person\/b55151d52296fcce64d1a72538a70b90\"},\"headline\":\"POR LOS DA\u00d1OS OCASIONADOS POR LA TORMENTA, CERRARON EL CEMENTERIO MUNICIPAL Y EL LAGO\",\"datePublished\":\"2023-10-24T02:41:32+00:00\",\"dateModified\":\"2023-10-24T02:44:08+00:00\",\"mainEntityOfPage\":{\"@id\":\"https:\/\/apuntesdesanluis.com\/index.php\/2023\/10\/23\/por-los-danos-ocasionados-por-la-tormenta-cerraron-el-cementerio-municipal\/\"},\"wordCount\":257,\"publisher\":{\"@id\":\"https:\/\/apuntesdesanluis.com\/#\/schema\/person\/b55151d52296fcce64d1a72538a70b90\"},\"image\":{\"@id\":\"https:\/\/apuntesdesanluis.com\/index.php\/2023\/10\/23\/por-los-danos-ocasionados-por-la-tormenta-cerraron-el-cementerio-municipal\/#primaryimage\"},\"thumbnailUrl\":\"https:\/\/apuntesdesanluis.com\/wp-content\/uploads\/2023\/10\/cementerio-san-jose.png\",\"articleSection\":[\"Ciudad\/Provincia\"],\"inLanguage\":\"es-AR\"},{\"@type\":\"WebPage\",\"@id\":\"https:\/\/apuntesdesanluis.com\/index.php\/2023\/10\/23\/por-los-danos-ocasionados-por-la-tormenta-cerraron-el-cementerio-municipal\/\",\"url\":\"https:\/\/apuntesdesanluis.com\/index.php\/2023\/10\/23\/por-los-danos-ocasionados-por-la-tormenta-cerraron-el-cementerio-municipal\/\",\"name\":\"POR LOS DA\u00d1OS OCASIONADOS POR LA TORMENTA, CERRARON EL CEMENTERIO MUNICIPAL Y EL LAGO - Apuntes de San Luis\",\"isPartOf\":{\"@id\":\"https:\/\/apuntesdesanluis.com\/#website\"},\"primaryImageOfPage\":{\"@id\":\"https:\/\/apuntesdesanluis.com\/index.php\/2023\/10\/23\/por-los-danos-ocasionados-por-la-tormenta-cerraron-el-cementerio-municipal\/#primaryimage\"},\"image\":{\"@id\":\"https:\/\/apuntesdesanluis.com\/index.php\/2023\/10\/23\/por-los-danos-ocasionados-por-la-tormenta-cerraron-el-cementerio-municipal\/#primaryimage\"},\"thumbnailUrl\":\"https:\/\/apuntesdesanluis.com\/wp-content\/uploads\/2023\/10\/cementerio-san-jose.png\",\"datePublished\":\"2023-10-24T02:41:32+00:00\",\"dateModified\":\"2023-10-24T02:44:08+00:00\",\"breadcrumb\":{\"@id\":\"https:\/\/apuntesdesanluis.com\/index.php\/2023\/10\/23\/por-los-danos-ocasionados-por-la-tormenta-cerraron-el-cementerio-municipal\/#breadcrumb\"},\"inLanguage\":\"es-AR\",\"potentialAction\":[{\"@type\":\"ReadAction\",\"target\":[\"https:\/\/apuntesdesanluis.com\/index.php\/2023\/10\/23\/por-los-danos-ocasionados-por-la-tormenta-cerraron-el-cementerio-municipal\/\"]}]},{\"@type\":\"ImageObject\",\"inLanguage\":\"es-AR\",\"@id\":\"https:\/\/apuntesdesanluis.com\/index.php\/2023\/10\/23\/por-los-danos-ocasionados-por-la-tormenta-cerraron-el-cementerio-municipal\/#primaryimage\",\"url\":\"https:\/\/apuntesdesanluis.com\/wp-content\/uploads\/2023\/10\/cementerio-san-jose.png\",\"contentUrl\":\"https:\/\/apuntesdesanluis.com\/wp-content\/uploads\/2023\/10\/cementerio-san-jose.png\",\"width\":599,\"height\":347},{\"@type\":\"BreadcrumbList\",\"@id\":\"https:\/\/apuntesdesanluis.com\/index.php\/2023\/10\/23\/por-los-danos-ocasionados-por-la-tormenta-cerraron-el-cementerio-municipal\/#breadcrumb\",\"itemListElement\":[{\"@type\":\"ListItem\",\"position\":1,\"name\":\"Inicio\",\"item\":\"https:\/\/apuntesdesanluis.com\/\"},{\"@type\":\"ListItem\",\"position\":2,\"name\":\"POR LOS DA\u00d1OS OCASIONADOS POR LA TORMENTA, CERRARON EL CEMENTERIO MUNICIPAL Y EL LAGO\"}]},{\"@type\":\"WebSite\",\"@id\":\"https:\/\/apuntesdesanluis.com\/#website\",\"url\":\"https:\/\/apuntesdesanluis.com\/\",\"name\":\"Apuntes de San Luis\",\"description\":\"\",\"publisher\":{\"@id\":\"https:\/\/apuntesdesanluis.com\/#\/schema\/person\/b55151d52296fcce64d1a72538a70b90\"},\"potentialAction\":[{\"@type\":\"SearchAction\",\"target\":{\"@type\":\"EntryPoint\",\"urlTemplate\":\"https:\/\/apuntesdesanluis.com\/?s={search_term_string}\"},\"query-input\":{\"@type\":\"PropertyValueSpecification\",\"valueRequired\":true,\"valueName\":\"search_term_string\"}}],\"inLanguage\":\"es-AR\"},{\"@type\":[\"Person\",\"Organization\"],\"@id\":\"https:\/\/apuntesdesanluis.com\/#\/schema\/person\/b55151d52296fcce64d1a72538a70b90\",\"name\":\"apuntesdesanluis.com\",\"image\":{\"@type\":\"ImageObject\",\"inLanguage\":\"es-AR\",\"@id\":\"https:\/\/apuntesdesanluis.com\/#\/schema\/person\/image\/\",\"url\":\"https:\/\/apuntesdesanluis.com\/wp-content\/uploads\/2023\/07\/cropped-apuntesdesanluis.png\",\"contentUrl\":\"https:\/\/apuntesdesanluis.com\/wp-content\/uploads\/2023\/07\/cropped-apuntesdesanluis.png\",\"width\":450,\"height\":112,\"caption\":\"apuntesdesanluis.com\"},\"logo\":{\"@id\":\"https:\/\/apuntesdesanluis.com\/#\/schema\/person\/image\/\"},\"sameAs\":[\"https:\/\/apuntesdesanluis.com\"],\"url\":\"https:\/\/apuntesdesanluis.com\/index.php\/author\/apuntesdesanluis-com\/\"}]}<\/script>\n<!-- \/ Yoast SEO plugin. -->","yoast_head_json":{"title":"POR LOS DA\u00d1OS OCASIONADOS POR LA TORMENTA, CERRARON EL CEMENTERIO MUNICIPAL Y EL LAGO - Apuntes de San Luis","robots":{"index":"index","follow":"follow","max-snippet":"max-snippet:-1","max-image-preview":"max-image-preview:large","max-video-preview":"max-video-preview:-1"},"canonical":"https:\/\/apuntesdesanluis.com\/index.php\/2023\/10\/23\/por-los-danos-ocasionados-por-la-tormenta-cerraron-el-cementerio-municipal\/","og_locale":"es_ES","og_type":"article","og_title":"POR LOS DA\u00d1OS OCASIONADOS POR LA TORMENTA, CERRARON EL CEMENTERIO MUNICIPAL Y EL LAGO - Apuntes de San Luis","og_description":"La Municipalidad comunic\u00f3 que ser\u00e1 por tres d\u00edas, para poder concretar diferentes reparaciones. Se trata...","og_url":"https:\/\/apuntesdesanluis.com\/index.php\/2023\/10\/23\/por-los-danos-ocasionados-por-la-tormenta-cerraron-el-cementerio-municipal\/","og_site_name":"Apuntes de San Luis","article_published_time":"2023-10-24T02:41:32+00:00","article_modified_time":"2023-10-24T02:44:08+00:00","og_image":[{"width":599,"height":347,"url":"https:\/\/apuntesdesanluis.com\/wp-content\/uploads\/2023\/10\/cementerio-san-jose.png","type":"image\/png"}],"author":"apuntesdesanluis.com","twitter_card":"summary_large_image","twitter_misc":{"Escrito por":"apuntesdesanluis.com","Tiempo de lectura":"2 minutos"},"schema":{"@context":"https:\/\/schema.org","@graph":[{"@type":"Article","@id":"https:\/\/apuntesdesanluis.com\/index.php\/2023\/10\/23\/por-los-danos-ocasionados-por-la-tormenta-cerraron-el-cementerio-municipal\/#article","isPartOf":{"@id":"https:\/\/apuntesdesanluis.com\/index.php\/2023\/10\/23\/por-los-danos-ocasionados-por-la-tormenta-cerraron-el-cementerio-municipal\/"},"author":{"name":"apuntesdesanluis.com","@id":"https:\/\/apuntesdesanluis.com\/#\/schema\/person\/b55151d52296fcce64d1a72538a70b90"},"headline":"POR LOS DA\u00d1OS OCASIONADOS POR LA TORMENTA, CERRARON EL CEMENTERIO MUNICIPAL Y EL LAGO","datePublished":"2023-10-24T02:41:32+00:00","dateModified":"2023-10-24T02:44:08+00:00","mainEntityOfPage":{"@id":"https:\/\/apuntesdesanluis.com\/index.php\/2023\/10\/23\/por-los-danos-ocasionados-por-la-tormenta-cerraron-el-cementerio-municipal\/"},"wordCount":257,"publisher":{"@id":"https:\/\/apuntesdesanluis.com\/#\/schema\/person\/b55151d52296fcce64d1a72538a70b90"},"image":{"@id":"https:\/\/apuntesdesanluis.com\/index.php\/2023\/10\/23\/por-los-danos-ocasionados-por-la-tormenta-cerraron-el-cementerio-municipal\/#primaryimage"},"thumbnailUrl":"https:\/\/apuntesdesanluis.com\/wp-content\/uploads\/2023\/10\/cementerio-san-jose.png","articleSection":["Ciudad\/Provincia"],"inLanguage":"es-AR"},{"@type":"WebPage","@id":"https:\/\/apuntesdesanluis.com\/index.php\/2023\/10\/23\/por-los-danos-ocasionados-por-la-tormenta-cerraron-el-cementerio-municipal\/","url":"https:\/\/apuntesdesanluis.com\/index.php\/2023\/10\/23\/por-los-danos-ocasionados-por-la-tormenta-cerraron-el-cementerio-municipal\/","name":"POR LOS DA\u00d1OS OCASIONADOS POR LA TORMENTA, CERRARON EL CEMENTERIO MUNICIPAL Y EL LAGO - Apuntes de San Luis","isPartOf":{"@id":"https:\/\/apuntesdesanluis.com\/#website"},"primaryImageOfPage":{"@id":"https:\/\/apuntesdesanluis.com\/index.php\/2023\/10\/23\/por-los-danos-ocasionados-por-la-tormenta-cerraron-el-cementerio-municipal\/#primaryimage"},"image":{"@id":"https:\/\/apuntesdesanluis.com\/index.php\/2023\/10\/23\/por-los-danos-ocasionados-por-la-tormenta-cerraron-el-cementerio-municipal\/#primaryimage"},"thumbnailUrl":"https:\/\/apuntesdesanluis.com\/wp-content\/uploads\/2023\/10\/cementerio-san-jose.png","datePublished":"2023-10-24T02:41:32+00:00","dateModified":"2023-10-24T02:44:08+00:00","breadcrumb":{"@id":"https:\/\/apuntesdesanluis.com\/index.php\/2023\/10\/23\/por-los-danos-ocasionados-por-la-tormenta-cerraron-el-cementerio-municipal\/#breadcrumb"},"inLanguage":"es-AR","potentialAction":[{"@type":"ReadAction","target":["https:\/\/apuntesdesanluis.com\/index.php\/2023\/10\/23\/por-los-danos-ocasionados-por-la-tormenta-cerraron-el-cementerio-municipal\/"]}]},{"@type":"ImageObject","inLanguage":"es-AR","@id":"https:\/\/apuntesdesanluis.com\/index.php\/2023\/10\/23\/por-los-danos-ocasionados-por-la-tormenta-cerraron-el-cementerio-municipal\/#primaryimage","url":"https:\/\/apuntesdesanluis.com\/wp-content\/uploads\/2023\/10\/cementerio-san-jose.png","contentUrl":"https:\/\/apuntesdesanluis.com\/wp-content\/uploads\/2023\/10\/cementerio-san-jose.png","width":599,"height":347},{"@type":"BreadcrumbList","@id":"https:\/\/apuntesdesanluis.com\/index.php\/2023\/10\/23\/por-los-danos-ocasionados-por-la-tormenta-cerraron-el-cementerio-municipal\/#breadcrumb","itemListElement":[{"@type":"ListItem","position":1,"name":"Inicio","item":"https:\/\/apuntesdesanluis.com\/"},{"@type":"ListItem","position":2,"name":"POR LOS DA\u00d1OS OCASIONADOS POR LA TORMENTA, CERRARON EL CEMENTERIO MUNICIPAL Y EL LAGO"}]},{"@type":"WebSite","@id":"https:\/\/apuntesdesanluis.com\/#website","url":"https:\/\/apuntesdesanluis.com\/","name":"Apuntes de San Luis","description":"","publisher":{"@id":"https:\/\/apuntesdesanluis.com\/#\/schema\/person\/b55151d52296fcce64d1a72538a70b90"},"potentialAction":[{"@type":"SearchAction","target":{"@type":"EntryPoint","urlTemplate":"https:\/\/apuntesdesanluis.com\/?s={search_term_string}"},"query-input":{"@type":"PropertyValueSpecification","valueRequired":true,"valueName":"search_term_string"}}],"inLanguage":"es-AR"},{"@type":["Person","Organization"],"@id":"https:\/\/apuntesdesanluis.com\/#\/schema\/person\/b55151d52296fcce64d1a72538a70b90","name":"apuntesdesanluis.com","image":{"@type":"ImageObject","inLanguage":"es-AR","@id":"https:\/\/apuntesdesanluis.com\/#\/schema\/person\/image\/","url":"https:\/\/apuntesdesanluis.com\/wp-content\/uploads\/2023\/07\/cropped-apuntesdesanluis.png","contentUrl":"https:\/\/apuntesdesanluis.com\/wp-content\/uploads\/2023\/07\/cropped-apuntesdesanluis.png","width":450,"height":112,"caption":"apuntesdesanluis.com"},"logo":{"@id":"https:\/\/apuntesdesanluis.com\/#\/schema\/person\/image\/"},"sameAs":["https:\/\/apuntesdesanluis.com"],"url":"https:\/\/apuntesdesanluis.com\/index.php\/author\/apuntesdesanluis-com\/"}]}},"featured_image_urls":{"full":["https:\/\/apuntesdesanluis.com\/wp-content\/uploads\/2023\/10\/cementerio-san-jose.png",599,347,false],"thumbnail":["https:\/\/apuntesdesanluis.com\/wp-content\/uploads\/2023\/10\/cementerio-san-jose-150x150.png",150,150,true],"medium":["https:\/\/apuntesdesanluis.com\/wp-content\/uploads\/2023\/10\/cementerio-san-jose-300x174.png",300,174,true],"medium_large":["https:\/\/apuntesdesanluis.com\/wp-content\/uploads\/2023\/10\/cementerio-san-jose.png",599,347,false],"large":["https:\/\/apuntesdesanluis.com\/wp-content\/uploads\/2023\/10\/cementerio-san-jose.png",599,347,false],"1536x1536":["https:\/\/apuntesdesanluis.com\/wp-content\/uploads\/2023\/10\/cementerio-san-jose.png",599,347,false],"2048x2048":["https:\/\/apuntesdesanluis.com\/wp-content\/uploads\/2023\/10\/cementerio-san-jose.png",599,347,false],"newsever-slider-full":["https:\/\/apuntesdesanluis.com\/wp-content\/uploads\/2023\/10\/cementerio-san-jose.png",599,347,false],"newsever-featured":["https:\/\/apuntesdesanluis.com\/wp-content\/uploads\/2023\/10\/cementerio-san-jose.png",599,347,false],"newsever-medium":["https:\/\/apuntesdesanluis.com\/wp-content\/uploads\/2023\/10\/cementerio-san-jose.png",599,347,false]},"author_info":{"display_name":"apuntesdesanluis.com","author_link":"https:\/\/apuntesdesanluis.com\/index.php\/author\/apuntesdesanluis-com\/"},"category_info":"<a href=\"https:\/\/apuntesdesanluis.com\/index.php\/category\/ciudad-provincia\/\" rel=\"category tag\">Ciudad\/Provincia<\/a>","tag_info":"Ciudad\/Provincia","comment_count":"0","_links":{"self":[{"href":"https:\/\/apuntesdesanluis.com\/index.php\/wp-json\/wp\/v2\/posts\/5666","targetHints":{"allow":["GET"]}}],"collection":[{"href":"https:\/\/apuntesdesanluis.com\/index.php\/wp-json\/wp\/v2\/posts"}],"about":[{"href":"https:\/\/apuntesdesanluis.com\/index.php\/wp-json\/wp\/v2\/types\/post"}],"author":[{"embeddable":true,"href":"https:\/\/apuntesdesanluis.com\/index.php\/wp-json\/wp\/v2\/users\/1"}],"replies":[{"embeddable":true,"href":"https:\/\/apuntesdesanluis.com\/index.php\/wp-json\/wp\/v2\/comments?post=5666"}],"version-history":[{"count":3,"href":"https:\/\/apuntesdesanluis.com\/index.php\/wp-json\/wp\/v2\/posts\/5666\/revisions"}],"predecessor-version":[{"id":5672,"href":"https:\/\/apuntesdesanluis.com\/index.php\/wp-json\/wp\/v2\/posts\/5666\/revisions\/5672"}],"wp:featuredmedia":[{"embeddable":true,"href":"https:\/\/apuntesdesanluis.com\/index.php\/wp-json\/wp\/v2\/media\/5668"}],"wp:attachment":[{"href":"https:\/\/apuntesdesanluis.com\/index.php\/wp-json\/wp\/v2\/media?parent=5666"}],"wp:term":[{"taxonomy":"category","embeddable":true,"href":"https:\/\/apuntesdesanluis.com\/index.php\/wp-json\/wp\/v2\/categories?post=5666"},{"taxonomy":"post_tag","embeddable":true,"href":"https:\/\/apuntesdesanluis.com\/index.php\/wp-json\/wp\/v2\/tags?post=5666"}],"curies":[{"name":"wp","href":"https:\/\/api.w.org\/{rel}","templated":true}]}}