{"id":567,"date":"2023-07-27T14:35:06","date_gmt":"2023-07-27T17:35:06","guid":{"rendered":"https:\/\/apuntesdesanluis.com\/?p=567"},"modified":"2023-07-27T14:35:06","modified_gmt":"2023-07-27T17:35:06","slug":"realizaran-operativo-territorial-de-pensiones-no-contributivas-para-personas-con-discapacidad","status":"publish","type":"post","link":"https:\/\/apuntesdesanluis.com\/index.php\/2023\/07\/27\/realizaran-operativo-territorial-de-pensiones-no-contributivas-para-personas-con-discapacidad\/","title":{"rendered":"REALIZAR\u00c1N OPERATIVO TERRITORIAL DE PENSIONES NO CONTRIBUTIVAS PARA PERSONAS CON DISCAPACIDAD"},"content":{"rendered":"<h3>La iniciativa se desarrollar\u00e1 el pr\u00f3ximo 1\u00b0 de agosto de 09:00 a 17:00 h, en el Sal\u00f3n de la Puntanidad, organizada por el Ministerio de Desarrollo Social en conjunto con el Gobierno nacional y la Municipalidad de San Luis.<\/h3>\n<h3>Tiene como objetivo agilizar y finalizar los procesos de solicitud de pensiones para aquellos ciudadanos que ya han iniciado los tr\u00e1mites pero a\u00fan no los han completado.<\/h3>\n<h3>La jefa del Subprograma Protecci\u00f3n y Promoci\u00f3n a las Personas con Discapacidad, <strong>Nieves Salama<\/strong>, expres\u00f3: \u201cEs muy importante generar el tr\u00e1mite, nosotros a trav\u00e9s del Subprograma hemos generado la convocatoria para mil personas del padr\u00f3n activo que Naci\u00f3n tiene ahora de pensiones no terminadas\u201d.<\/h3>\n<h3>Para completar este proceso es necesario presentar la documentaci\u00f3n requerida: DNI, CMO (no excluyente), resumen de historia cl\u00ednica y certificado de discapacidad oficial (vencido o vigente). En caso de ser menores de edad, se debe llevar el DNI del tutor.<\/h3>\n<h3>El operativo se llevar\u00e1 a cabo a partir de las 9:00 hasta las 17:00 en el Sal\u00f3n de la Puntanidad, ubicado en Terrazas del Portezuelo, y est\u00e1 destinado a todas las personas del territorio puntano.<\/h3>\n<p><img fetchpriority=\"high\" decoding=\"async\" class=\"wp-image-568 aligncenter\" src=\"https:\/\/apuntesdesanluis.com\/wp-content\/uploads\/2023\/07\/operativo-territorial-300x269.png\" alt=\"\" width=\"519\" height=\"465\" srcset=\"https:\/\/apuntesdesanluis.com\/wp-content\/uploads\/2023\/07\/operativo-territorial-300x269.png 300w, https:\/\/apuntesdesanluis.com\/wp-content\/uploads\/2023\/07\/operativo-territorial.png 500w\" sizes=\"(max-width: 519px) 100vw, 519px\" \/><\/p>\n","protected":false},"excerpt":{"rendered":"<p>La iniciativa se desarrollar\u00e1 el pr\u00f3ximo 1\u00b0 de agosto de 09:00 a 17:00 h, en&#8230;<\/p>\n","protected":false},"author":1,"featured_media":569,"comment_status":"closed","ping_status":"closed","sticky":false,"template":"","format":"standard","meta":{"footnotes":""},"categories":[6],"tags":[],"class_list":["post-567","post","type-post","status-publish","format-standard","has-post-thumbnail","hentry","category-ciudad-provincia"],"yoast_head":"<!-- This site is optimized with the Yoast SEO plugin v26.1.1 - https:\/\/yoast.com\/wordpress\/plugins\/seo\/ -->\n<title>REALIZAR\u00c1N OPERATIVO TERRITORIAL DE PENSIONES NO CONTRIBUTIVAS PARA PERSONAS CON DISCAPACIDAD - Apuntes de San Luis<\/title>\n<meta name=\"robots\" content=\"index, follow, max-snippet:-1, max-image-preview:large, max-video-preview:-1\" \/>\n<link rel=\"canonical\" href=\"https:\/\/apuntesdesanluis.com\/index.php\/2023\/07\/27\/realizaran-operativo-territorial-de-pensiones-no-contributivas-para-personas-con-discapacidad\/\" \/>\n<meta property=\"og:locale\" content=\"es_ES\" \/>\n<meta property=\"og:type\" content=\"article\" \/>\n<meta property=\"og:title\" content=\"REALIZAR\u00c1N OPERATIVO TERRITORIAL DE PENSIONES NO CONTRIBUTIVAS PARA PERSONAS CON DISCAPACIDAD - Apuntes de San Luis\" \/>\n<meta property=\"og:description\" content=\"La iniciativa se desarrollar\u00e1 el pr\u00f3ximo 1\u00b0 de agosto de 09:00 a 17:00 h, en...\" \/>\n<meta property=\"og:url\" content=\"https:\/\/apuntesdesanluis.com\/index.php\/2023\/07\/27\/realizaran-operativo-territorial-de-pensiones-no-contributivas-para-personas-con-discapacidad\/\" \/>\n<meta property=\"og:site_name\" content=\"Apuntes de San Luis\" \/>\n<meta property=\"article:published_time\" content=\"2023-07-27T17:35:06+00:00\" \/>\n<meta property=\"og:image\" content=\"https:\/\/apuntesdesanluis.com\/wp-content\/uploads\/2023\/07\/terrazas-del-portezuelo.png\" \/>\n\t<meta property=\"og:image:width\" content=\"500\" \/>\n\t<meta property=\"og:image:height\" content=\"309\" \/>\n\t<meta property=\"og:image:type\" content=\"image\/png\" \/>\n<meta name=\"author\" content=\"apuntesdesanluis.com\" \/>\n<meta name=\"twitter:card\" content=\"summary_large_image\" \/>\n<meta name=\"twitter:label1\" content=\"Escrito por\" \/>\n\t<meta name=\"twitter:data1\" content=\"apuntesdesanluis.com\" \/>\n\t<meta name=\"twitter:label2\" content=\"Tiempo de lectura\" \/>\n\t<meta name=\"twitter:data2\" content=\"2 minutos\" \/>\n<script type=\"application\/ld+json\" class=\"yoast-schema-graph\">{\"@context\":\"https:\/\/schema.org\",\"@graph\":[{\"@type\":\"Article\",\"@id\":\"https:\/\/apuntesdesanluis.com\/index.php\/2023\/07\/27\/realizaran-operativo-territorial-de-pensiones-no-contributivas-para-personas-con-discapacidad\/#article\",\"isPartOf\":{\"@id\":\"https:\/\/apuntesdesanluis.com\/index.php\/2023\/07\/27\/realizaran-operativo-territorial-de-pensiones-no-contributivas-para-personas-con-discapacidad\/\"},\"author\":{\"name\":\"apuntesdesanluis.com\",\"@id\":\"https:\/\/apuntesdesanluis.com\/#\/schema\/person\/b55151d52296fcce64d1a72538a70b90\"},\"headline\":\"REALIZAR\u00c1N OPERATIVO TERRITORIAL DE PENSIONES NO CONTRIBUTIVAS PARA PERSONAS CON DISCAPACIDAD\",\"datePublished\":\"2023-07-27T17:35:06+00:00\",\"mainEntityOfPage\":{\"@id\":\"https:\/\/apuntesdesanluis.com\/index.php\/2023\/07\/27\/realizaran-operativo-territorial-de-pensiones-no-contributivas-para-personas-con-discapacidad\/\"},\"wordCount\":205,\"publisher\":{\"@id\":\"https:\/\/apuntesdesanluis.com\/#\/schema\/person\/b55151d52296fcce64d1a72538a70b90\"},\"image\":{\"@id\":\"https:\/\/apuntesdesanluis.com\/index.php\/2023\/07\/27\/realizaran-operativo-territorial-de-pensiones-no-contributivas-para-personas-con-discapacidad\/#primaryimage\"},\"thumbnailUrl\":\"https:\/\/apuntesdesanluis.com\/wp-content\/uploads\/2023\/07\/terrazas-del-portezuelo.png\",\"articleSection\":[\"Ciudad\/Provincia\"],\"inLanguage\":\"es-AR\"},{\"@type\":\"WebPage\",\"@id\":\"https:\/\/apuntesdesanluis.com\/index.php\/2023\/07\/27\/realizaran-operativo-territorial-de-pensiones-no-contributivas-para-personas-con-discapacidad\/\",\"url\":\"https:\/\/apuntesdesanluis.com\/index.php\/2023\/07\/27\/realizaran-operativo-territorial-de-pensiones-no-contributivas-para-personas-con-discapacidad\/\",\"name\":\"REALIZAR\u00c1N OPERATIVO TERRITORIAL DE PENSIONES NO CONTRIBUTIVAS PARA PERSONAS CON DISCAPACIDAD - Apuntes de San Luis\",\"isPartOf\":{\"@id\":\"https:\/\/apuntesdesanluis.com\/#website\"},\"primaryImageOfPage\":{\"@id\":\"https:\/\/apuntesdesanluis.com\/index.php\/2023\/07\/27\/realizaran-operativo-territorial-de-pensiones-no-contributivas-para-personas-con-discapacidad\/#primaryimage\"},\"image\":{\"@id\":\"https:\/\/apuntesdesanluis.com\/index.php\/2023\/07\/27\/realizaran-operativo-territorial-de-pensiones-no-contributivas-para-personas-con-discapacidad\/#primaryimage\"},\"thumbnailUrl\":\"https:\/\/apuntesdesanluis.com\/wp-content\/uploads\/2023\/07\/terrazas-del-portezuelo.png\",\"datePublished\":\"2023-07-27T17:35:06+00:00\",\"breadcrumb\":{\"@id\":\"https:\/\/apuntesdesanluis.com\/index.php\/2023\/07\/27\/realizaran-operativo-territorial-de-pensiones-no-contributivas-para-personas-con-discapacidad\/#breadcrumb\"},\"inLanguage\":\"es-AR\",\"potentialAction\":[{\"@type\":\"ReadAction\",\"target\":[\"https:\/\/apuntesdesanluis.com\/index.php\/2023\/07\/27\/realizaran-operativo-territorial-de-pensiones-no-contributivas-para-personas-con-discapacidad\/\"]}]},{\"@type\":\"ImageObject\",\"inLanguage\":\"es-AR\",\"@id\":\"https:\/\/apuntesdesanluis.com\/index.php\/2023\/07\/27\/realizaran-operativo-territorial-de-pensiones-no-contributivas-para-personas-con-discapacidad\/#primaryimage\",\"url\":\"https:\/\/apuntesdesanluis.com\/wp-content\/uploads\/2023\/07\/terrazas-del-portezuelo.png\",\"contentUrl\":\"https:\/\/apuntesdesanluis.com\/wp-content\/uploads\/2023\/07\/terrazas-del-portezuelo.png\",\"width\":500,\"height\":309},{\"@type\":\"BreadcrumbList\",\"@id\":\"https:\/\/apuntesdesanluis.com\/index.php\/2023\/07\/27\/realizaran-operativo-territorial-de-pensiones-no-contributivas-para-personas-con-discapacidad\/#breadcrumb\",\"itemListElement\":[{\"@type\":\"ListItem\",\"position\":1,\"name\":\"Inicio\",\"item\":\"https:\/\/apuntesdesanluis.com\/\"},{\"@type\":\"ListItem\",\"position\":2,\"name\":\"REALIZAR\u00c1N OPERATIVO TERRITORIAL DE PENSIONES NO CONTRIBUTIVAS PARA PERSONAS CON DISCAPACIDAD\"}]},{\"@type\":\"WebSite\",\"@id\":\"https:\/\/apuntesdesanluis.com\/#website\",\"url\":\"https:\/\/apuntesdesanluis.com\/\",\"name\":\"Apuntes de San Luis\",\"description\":\"\",\"publisher\":{\"@id\":\"https:\/\/apuntesdesanluis.com\/#\/schema\/person\/b55151d52296fcce64d1a72538a70b90\"},\"potentialAction\":[{\"@type\":\"SearchAction\",\"target\":{\"@type\":\"EntryPoint\",\"urlTemplate\":\"https:\/\/apuntesdesanluis.com\/?s={search_term_string}\"},\"query-input\":{\"@type\":\"PropertyValueSpecification\",\"valueRequired\":true,\"valueName\":\"search_term_string\"}}],\"inLanguage\":\"es-AR\"},{\"@type\":[\"Person\",\"Organization\"],\"@id\":\"https:\/\/apuntesdesanluis.com\/#\/schema\/person\/b55151d52296fcce64d1a72538a70b90\",\"name\":\"apuntesdesanluis.com\",\"image\":{\"@type\":\"ImageObject\",\"inLanguage\":\"es-AR\",\"@id\":\"https:\/\/apuntesdesanluis.com\/#\/schema\/person\/image\/\",\"url\":\"https:\/\/apuntesdesanluis.com\/wp-content\/uploads\/2023\/07\/cropped-apuntesdesanluis.png\",\"contentUrl\":\"https:\/\/apuntesdesanluis.com\/wp-content\/uploads\/2023\/07\/cropped-apuntesdesanluis.png\",\"width\":450,\"height\":112,\"caption\":\"apuntesdesanluis.com\"},\"logo\":{\"@id\":\"https:\/\/apuntesdesanluis.com\/#\/schema\/person\/image\/\"},\"sameAs\":[\"https:\/\/apuntesdesanluis.com\"],\"url\":\"https:\/\/apuntesdesanluis.com\/index.php\/author\/apuntesdesanluis-com\/\"}]}<\/script>\n<!-- \/ Yoast SEO plugin. -->","yoast_head_json":{"title":"REALIZAR\u00c1N OPERATIVO TERRITORIAL DE PENSIONES NO CONTRIBUTIVAS PARA PERSONAS CON DISCAPACIDAD - Apuntes de San Luis","robots":{"index":"index","follow":"follow","max-snippet":"max-snippet:-1","max-image-preview":"max-image-preview:large","max-video-preview":"max-video-preview:-1"},"canonical":"https:\/\/apuntesdesanluis.com\/index.php\/2023\/07\/27\/realizaran-operativo-territorial-de-pensiones-no-contributivas-para-personas-con-discapacidad\/","og_locale":"es_ES","og_type":"article","og_title":"REALIZAR\u00c1N OPERATIVO TERRITORIAL DE PENSIONES NO CONTRIBUTIVAS PARA PERSONAS CON DISCAPACIDAD - Apuntes de San Luis","og_description":"La iniciativa se desarrollar\u00e1 el pr\u00f3ximo 1\u00b0 de agosto de 09:00 a 17:00 h, en...","og_url":"https:\/\/apuntesdesanluis.com\/index.php\/2023\/07\/27\/realizaran-operativo-territorial-de-pensiones-no-contributivas-para-personas-con-discapacidad\/","og_site_name":"Apuntes de San Luis","article_published_time":"2023-07-27T17:35:06+00:00","og_image":[{"width":500,"height":309,"url":"https:\/\/apuntesdesanluis.com\/wp-content\/uploads\/2023\/07\/terrazas-del-portezuelo.png","type":"image\/png"}],"author":"apuntesdesanluis.com","twitter_card":"summary_large_image","twitter_misc":{"Escrito por":"apuntesdesanluis.com","Tiempo de lectura":"2 minutos"},"schema":{"@context":"https:\/\/schema.org","@graph":[{"@type":"Article","@id":"https:\/\/apuntesdesanluis.com\/index.php\/2023\/07\/27\/realizaran-operativo-territorial-de-pensiones-no-contributivas-para-personas-con-discapacidad\/#article","isPartOf":{"@id":"https:\/\/apuntesdesanluis.com\/index.php\/2023\/07\/27\/realizaran-operativo-territorial-de-pensiones-no-contributivas-para-personas-con-discapacidad\/"},"author":{"name":"apuntesdesanluis.com","@id":"https:\/\/apuntesdesanluis.com\/#\/schema\/person\/b55151d52296fcce64d1a72538a70b90"},"headline":"REALIZAR\u00c1N OPERATIVO TERRITORIAL DE PENSIONES NO CONTRIBUTIVAS PARA PERSONAS CON DISCAPACIDAD","datePublished":"2023-07-27T17:35:06+00:00","mainEntityOfPage":{"@id":"https:\/\/apuntesdesanluis.com\/index.php\/2023\/07\/27\/realizaran-operativo-territorial-de-pensiones-no-contributivas-para-personas-con-discapacidad\/"},"wordCount":205,"publisher":{"@id":"https:\/\/apuntesdesanluis.com\/#\/schema\/person\/b55151d52296fcce64d1a72538a70b90"},"image":{"@id":"https:\/\/apuntesdesanluis.com\/index.php\/2023\/07\/27\/realizaran-operativo-territorial-de-pensiones-no-contributivas-para-personas-con-discapacidad\/#primaryimage"},"thumbnailUrl":"https:\/\/apuntesdesanluis.com\/wp-content\/uploads\/2023\/07\/terrazas-del-portezuelo.png","articleSection":["Ciudad\/Provincia"],"inLanguage":"es-AR"},{"@type":"WebPage","@id":"https:\/\/apuntesdesanluis.com\/index.php\/2023\/07\/27\/realizaran-operativo-territorial-de-pensiones-no-contributivas-para-personas-con-discapacidad\/","url":"https:\/\/apuntesdesanluis.com\/index.php\/2023\/07\/27\/realizaran-operativo-territorial-de-pensiones-no-contributivas-para-personas-con-discapacidad\/","name":"REALIZAR\u00c1N OPERATIVO TERRITORIAL DE PENSIONES NO CONTRIBUTIVAS PARA PERSONAS CON DISCAPACIDAD - Apuntes de San Luis","isPartOf":{"@id":"https:\/\/apuntesdesanluis.com\/#website"},"primaryImageOfPage":{"@id":"https:\/\/apuntesdesanluis.com\/index.php\/2023\/07\/27\/realizaran-operativo-territorial-de-pensiones-no-contributivas-para-personas-con-discapacidad\/#primaryimage"},"image":{"@id":"https:\/\/apuntesdesanluis.com\/index.php\/2023\/07\/27\/realizaran-operativo-territorial-de-pensiones-no-contributivas-para-personas-con-discapacidad\/#primaryimage"},"thumbnailUrl":"https:\/\/apuntesdesanluis.com\/wp-content\/uploads\/2023\/07\/terrazas-del-portezuelo.png","datePublished":"2023-07-27T17:35:06+00:00","breadcrumb":{"@id":"https:\/\/apuntesdesanluis.com\/index.php\/2023\/07\/27\/realizaran-operativo-territorial-de-pensiones-no-contributivas-para-personas-con-discapacidad\/#breadcrumb"},"inLanguage":"es-AR","potentialAction":[{"@type":"ReadAction","target":["https:\/\/apuntesdesanluis.com\/index.php\/2023\/07\/27\/realizaran-operativo-territorial-de-pensiones-no-contributivas-para-personas-con-discapacidad\/"]}]},{"@type":"ImageObject","inLanguage":"es-AR","@id":"https:\/\/apuntesdesanluis.com\/index.php\/2023\/07\/27\/realizaran-operativo-territorial-de-pensiones-no-contributivas-para-personas-con-discapacidad\/#primaryimage","url":"https:\/\/apuntesdesanluis.com\/wp-content\/uploads\/2023\/07\/terrazas-del-portezuelo.png","contentUrl":"https:\/\/apuntesdesanluis.com\/wp-content\/uploads\/2023\/07\/terrazas-del-portezuelo.png","width":500,"height":309},{"@type":"BreadcrumbList","@id":"https:\/\/apuntesdesanluis.com\/index.php\/2023\/07\/27\/realizaran-operativo-territorial-de-pensiones-no-contributivas-para-personas-con-discapacidad\/#breadcrumb","itemListElement":[{"@type":"ListItem","position":1,"name":"Inicio","item":"https:\/\/apuntesdesanluis.com\/"},{"@type":"ListItem","position":2,"name":"REALIZAR\u00c1N OPERATIVO TERRITORIAL DE PENSIONES NO CONTRIBUTIVAS PARA PERSONAS CON DISCAPACIDAD"}]},{"@type":"WebSite","@id":"https:\/\/apuntesdesanluis.com\/#website","url":"https:\/\/apuntesdesanluis.com\/","name":"Apuntes de San Luis","description":"","publisher":{"@id":"https:\/\/apuntesdesanluis.com\/#\/schema\/person\/b55151d52296fcce64d1a72538a70b90"},"potentialAction":[{"@type":"SearchAction","target":{"@type":"EntryPoint","urlTemplate":"https:\/\/apuntesdesanluis.com\/?s={search_term_string}"},"query-input":{"@type":"PropertyValueSpecification","valueRequired":true,"valueName":"search_term_string"}}],"inLanguage":"es-AR"},{"@type":["Person","Organization"],"@id":"https:\/\/apuntesdesanluis.com\/#\/schema\/person\/b55151d52296fcce64d1a72538a70b90","name":"apuntesdesanluis.com","image":{"@type":"ImageObject","inLanguage":"es-AR","@id":"https:\/\/apuntesdesanluis.com\/#\/schema\/person\/image\/","url":"https:\/\/apuntesdesanluis.com\/wp-content\/uploads\/2023\/07\/cropped-apuntesdesanluis.png","contentUrl":"https:\/\/apuntesdesanluis.com\/wp-content\/uploads\/2023\/07\/cropped-apuntesdesanluis.png","width":450,"height":112,"caption":"apuntesdesanluis.com"},"logo":{"@id":"https:\/\/apuntesdesanluis.com\/#\/schema\/person\/image\/"},"sameAs":["https:\/\/apuntesdesanluis.com"],"url":"https:\/\/apuntesdesanluis.com\/index.php\/author\/apuntesdesanluis-com\/"}]}},"featured_image_urls":{"full":["https:\/\/apuntesdesanluis.com\/wp-content\/uploads\/2023\/07\/terrazas-del-portezuelo.png",500,309,false],"thumbnail":["https:\/\/apuntesdesanluis.com\/wp-content\/uploads\/2023\/07\/terrazas-del-portezuelo-150x150.png",150,150,true],"medium":["https:\/\/apuntesdesanluis.com\/wp-content\/uploads\/2023\/07\/terrazas-del-portezuelo-300x185.png",300,185,true],"medium_large":["https:\/\/apuntesdesanluis.com\/wp-content\/uploads\/2023\/07\/terrazas-del-portezuelo.png",500,309,false],"large":["https:\/\/apuntesdesanluis.com\/wp-content\/uploads\/2023\/07\/terrazas-del-portezuelo.png",500,309,false],"1536x1536":["https:\/\/apuntesdesanluis.com\/wp-content\/uploads\/2023\/07\/terrazas-del-portezuelo.png",500,309,false],"2048x2048":["https:\/\/apuntesdesanluis.com\/wp-content\/uploads\/2023\/07\/terrazas-del-portezuelo.png",500,309,false],"newsever-slider-full":["https:\/\/apuntesdesanluis.com\/wp-content\/uploads\/2023\/07\/terrazas-del-portezuelo.png",500,309,false],"newsever-featured":["https:\/\/apuntesdesanluis.com\/wp-content\/uploads\/2023\/07\/terrazas-del-portezuelo.png",500,309,false],"newsever-medium":["https:\/\/apuntesdesanluis.com\/wp-content\/uploads\/2023\/07\/terrazas-del-portezuelo.png",500,309,false]},"author_info":{"display_name":"apuntesdesanluis.com","author_link":"https:\/\/apuntesdesanluis.com\/index.php\/author\/apuntesdesanluis-com\/"},"category_info":"<a href=\"https:\/\/apuntesdesanluis.com\/index.php\/category\/ciudad-provincia\/\" rel=\"category tag\">Ciudad\/Provincia<\/a>","tag_info":"Ciudad\/Provincia","comment_count":"0","_links":{"self":[{"href":"https:\/\/apuntesdesanluis.com\/index.php\/wp-json\/wp\/v2\/posts\/567","targetHints":{"allow":["GET"]}}],"collection":[{"href":"https:\/\/apuntesdesanluis.com\/index.php\/wp-json\/wp\/v2\/posts"}],"about":[{"href":"https:\/\/apuntesdesanluis.com\/index.php\/wp-json\/wp\/v2\/types\/post"}],"author":[{"embeddable":true,"href":"https:\/\/apuntesdesanluis.com\/index.php\/wp-json\/wp\/v2\/users\/1"}],"replies":[{"embeddable":true,"href":"https:\/\/apuntesdesanluis.com\/index.php\/wp-json\/wp\/v2\/comments?post=567"}],"version-history":[{"count":1,"href":"https:\/\/apuntesdesanluis.com\/index.php\/wp-json\/wp\/v2\/posts\/567\/revisions"}],"predecessor-version":[{"id":570,"href":"https:\/\/apuntesdesanluis.com\/index.php\/wp-json\/wp\/v2\/posts\/567\/revisions\/570"}],"wp:featuredmedia":[{"embeddable":true,"href":"https:\/\/apuntesdesanluis.com\/index.php\/wp-json\/wp\/v2\/media\/569"}],"wp:attachment":[{"href":"https:\/\/apuntesdesanluis.com\/index.php\/wp-json\/wp\/v2\/media?parent=567"}],"wp:term":[{"taxonomy":"category","embeddable":true,"href":"https:\/\/apuntesdesanluis.com\/index.php\/wp-json\/wp\/v2\/categories?post=567"},{"taxonomy":"post_tag","embeddable":true,"href":"https:\/\/apuntesdesanluis.com\/index.php\/wp-json\/wp\/v2\/tags?post=567"}],"curies":[{"name":"wp","href":"https:\/\/api.w.org\/{rel}","templated":true}]}}