{"id":5676,"date":"2023-10-23T23:59:59","date_gmt":"2023-10-24T02:59:59","guid":{"rendered":"https:\/\/apuntesdesanluis.com\/?p=5676"},"modified":"2023-10-23T23:59:59","modified_gmt":"2023-10-24T02:59:59","slug":"la-ucr-se-reune-para-analizar-su-postura-en-el-balotaje-en-medio-de-un-fuerte-debate-interno","status":"publish","type":"post","link":"https:\/\/apuntesdesanluis.com\/index.php\/2023\/10\/23\/la-ucr-se-reune-para-analizar-su-postura-en-el-balotaje-en-medio-de-un-fuerte-debate-interno\/","title":{"rendered":"LA UCR SE RE\u00daNE PARA ANALIZAR SU POSTURA EN EL BALOTAJE, EN MEDIO DE UN FUERTE DEBATE INTERNO"},"content":{"rendered":"<h3>Luego de la derrota de <strong>Patricia Bullrich<\/strong> y una noche de extrema tensi\u00f3n en el b\u00fanker de Parque Norte, la Uni\u00f3n C\u00edvica Radical se reunir\u00e1 este mi\u00e9rcoles para analizar los pasos a seguir rumbo al balotaje del 19 de noviembre, en el que no participar\u00e1 ninguno de los candidatos en los que hab\u00edan puesto sus fichas este a\u00f1o. Gerardo Morales (foto), titular de la UCR, no ocult\u00f3 su malestar la noche del domingo, por la influencia de Mauricio Macri, a quien ha cuestionado por sus coqueteos con el l\u00edder libertario.<\/h3>\n<h3>No se trata de una decisi\u00f3n sencilla, aunque por estas horas est\u00e1n m\u00e1s lejos de Javier Milei que de Sergio Massa.<\/h3>\n<h3>Esa distancia se basa en lo que muchos radicales entendieron como una ofensa cuando el libertario llam\u00f3 &#8220;fracasado hiperinflacionario&#8221; al ex presidente Ra\u00fal Alfons\u00edn y tambi\u00e9n revel\u00f3 que su terapia es pegarle a un mu\u00f1eco con la cara del fallecido mandatario.<\/h3>\n<h3>A eso se sumaron los dichos del l\u00edder de La Libertad Avanza de este lunes, cuando tild\u00f3 de &#8220;traidores&#8221; a los radicales, al considerar que los votos que perdi\u00f3 Bullrich eran de la UCR pero fueron para Massa.<\/h3>\n<h3>Acompa\u00f1ar al candidato de Uni\u00f3n por la Patria abiertamente tambi\u00e9n es una cuesti\u00f3n que les hace ruido a la mayor\u00eda de los radicales, aunque algunos como el propio titular del partido, Gerardo Morales, supieron tener una relaci\u00f3n cercana al ministro de Econom\u00eda.<\/h3>\n<h3>El domingo por la noche el gobernador de Jujuy estuvo en el costado del escenario y cuando termin\u00f3 de hablar la ex ministra de Seguridad se baj\u00f3 sin saludar, molesto por la influencia del ex presidente Mauricio Macri en el discurso.<\/h3>\n<h3>El vicepresidente del partido, Mart\u00edn Lousteau, estuvo en el comando de campa\u00f1a pero ni siquiera se acerc\u00f3 al escenario.<\/h3>\n<h3>Seg\u00fan se inform\u00f3, la UCR se reunir\u00e1 este mi\u00e9rcoles en el Comit\u00e9 Nacional de la calle Adolfo Alsina, en la ciudad de Buenos Aires.<\/h3>\n<h3>Adem\u00e1s de la c\u00fapula, estar\u00e1n presentes los cinco gobernadores electos este a\u00f1o, en medio de rumores que alimentan la posibilidad de realizar una convenci\u00f3n.<\/h3>\n<h3>El ex diputado y ex intendente Facundo Su\u00e1rez Lastra se despeg\u00f3 del libertario y anticip\u00f3 que no lo votar\u00e1.<\/h3>\n<h3>&#8220;No cuenten conmigo para votar a Milei, Como dijo Hip\u00f3lito Yrigoyen, hay que empezar de nuevo. Lo que supere al populismo deber\u00e1 ser liberal, progresista y socialdem\u00f3crata&#8221;, sostuvo Su\u00e1rez Lastra en su cuenta de X, aunque no tiene injerencia en la direcci\u00f3n partidaria.<\/h3>\n<p>&nbsp;<\/p>\n<p>&nbsp;<\/p>\n<p>&nbsp;<\/p>\n<p>&nbsp;<\/p>\n","protected":false},"excerpt":{"rendered":"<p>Luego de la derrota de Patricia Bullrich y una noche de extrema tensi\u00f3n en el&#8230;<\/p>\n","protected":false},"author":1,"featured_media":5677,"comment_status":"closed","ping_status":"closed","sticky":false,"template":"","format":"standard","meta":{"footnotes":""},"categories":[5],"tags":[],"class_list":["post-5676","post","type-post","status-publish","format-standard","has-post-thumbnail","hentry","category-nacionales-internacionales"],"yoast_head":"<!-- This site is optimized with the Yoast SEO plugin v26.1.1 - https:\/\/yoast.com\/wordpress\/plugins\/seo\/ -->\n<title>LA UCR SE RE\u00daNE PARA ANALIZAR SU POSTURA EN EL BALOTAJE, EN MEDIO DE UN FUERTE DEBATE INTERNO - Apuntes de San Luis<\/title>\n<meta name=\"robots\" content=\"index, follow, max-snippet:-1, max-image-preview:large, max-video-preview:-1\" \/>\n<link rel=\"canonical\" href=\"https:\/\/apuntesdesanluis.com\/index.php\/2023\/10\/23\/la-ucr-se-reune-para-analizar-su-postura-en-el-balotaje-en-medio-de-un-fuerte-debate-interno\/\" \/>\n<meta property=\"og:locale\" content=\"es_ES\" \/>\n<meta property=\"og:type\" content=\"article\" \/>\n<meta property=\"og:title\" content=\"LA UCR SE RE\u00daNE PARA ANALIZAR SU POSTURA EN EL BALOTAJE, EN MEDIO DE UN FUERTE DEBATE INTERNO - Apuntes de San Luis\" \/>\n<meta property=\"og:description\" content=\"Luego de la derrota de Patricia Bullrich y una noche de extrema tensi\u00f3n en el...\" \/>\n<meta property=\"og:url\" content=\"https:\/\/apuntesdesanluis.com\/index.php\/2023\/10\/23\/la-ucr-se-reune-para-analizar-su-postura-en-el-balotaje-en-medio-de-un-fuerte-debate-interno\/\" \/>\n<meta property=\"og:site_name\" content=\"Apuntes de San Luis\" \/>\n<meta property=\"article:published_time\" content=\"2023-10-24T02:59:59+00:00\" \/>\n<meta property=\"og:image\" content=\"https:\/\/apuntesdesanluis.com\/wp-content\/uploads\/2023\/10\/gerardo-morales.png\" \/>\n\t<meta property=\"og:image:width\" content=\"600\" \/>\n\t<meta property=\"og:image:height\" content=\"371\" \/>\n\t<meta property=\"og:image:type\" content=\"image\/png\" \/>\n<meta name=\"author\" content=\"apuntesdesanluis.com\" \/>\n<meta name=\"twitter:card\" content=\"summary_large_image\" \/>\n<meta name=\"twitter:label1\" content=\"Escrito por\" \/>\n\t<meta name=\"twitter:data1\" content=\"apuntesdesanluis.com\" \/>\n\t<meta name=\"twitter:label2\" content=\"Tiempo de lectura\" \/>\n\t<meta name=\"twitter:data2\" content=\"2 minutos\" \/>\n<script type=\"application\/ld+json\" class=\"yoast-schema-graph\">{\"@context\":\"https:\/\/schema.org\",\"@graph\":[{\"@type\":\"Article\",\"@id\":\"https:\/\/apuntesdesanluis.com\/index.php\/2023\/10\/23\/la-ucr-se-reune-para-analizar-su-postura-en-el-balotaje-en-medio-de-un-fuerte-debate-interno\/#article\",\"isPartOf\":{\"@id\":\"https:\/\/apuntesdesanluis.com\/index.php\/2023\/10\/23\/la-ucr-se-reune-para-analizar-su-postura-en-el-balotaje-en-medio-de-un-fuerte-debate-interno\/\"},\"author\":{\"name\":\"apuntesdesanluis.com\",\"@id\":\"https:\/\/apuntesdesanluis.com\/#\/schema\/person\/b55151d52296fcce64d1a72538a70b90\"},\"headline\":\"LA UCR SE RE\u00daNE PARA ANALIZAR SU POSTURA EN EL BALOTAJE, EN MEDIO DE UN FUERTE DEBATE INTERNO\",\"datePublished\":\"2023-10-24T02:59:59+00:00\",\"mainEntityOfPage\":{\"@id\":\"https:\/\/apuntesdesanluis.com\/index.php\/2023\/10\/23\/la-ucr-se-reune-para-analizar-su-postura-en-el-balotaje-en-medio-de-un-fuerte-debate-interno\/\"},\"wordCount\":461,\"publisher\":{\"@id\":\"https:\/\/apuntesdesanluis.com\/#\/schema\/person\/b55151d52296fcce64d1a72538a70b90\"},\"image\":{\"@id\":\"https:\/\/apuntesdesanluis.com\/index.php\/2023\/10\/23\/la-ucr-se-reune-para-analizar-su-postura-en-el-balotaje-en-medio-de-un-fuerte-debate-interno\/#primaryimage\"},\"thumbnailUrl\":\"https:\/\/apuntesdesanluis.com\/wp-content\/uploads\/2023\/10\/gerardo-morales.png\",\"articleSection\":[\"Nacionales\/Internacionales\"],\"inLanguage\":\"es-AR\"},{\"@type\":\"WebPage\",\"@id\":\"https:\/\/apuntesdesanluis.com\/index.php\/2023\/10\/23\/la-ucr-se-reune-para-analizar-su-postura-en-el-balotaje-en-medio-de-un-fuerte-debate-interno\/\",\"url\":\"https:\/\/apuntesdesanluis.com\/index.php\/2023\/10\/23\/la-ucr-se-reune-para-analizar-su-postura-en-el-balotaje-en-medio-de-un-fuerte-debate-interno\/\",\"name\":\"LA UCR SE RE\u00daNE PARA ANALIZAR SU POSTURA EN EL BALOTAJE, EN MEDIO DE UN FUERTE DEBATE INTERNO - Apuntes de San Luis\",\"isPartOf\":{\"@id\":\"https:\/\/apuntesdesanluis.com\/#website\"},\"primaryImageOfPage\":{\"@id\":\"https:\/\/apuntesdesanluis.com\/index.php\/2023\/10\/23\/la-ucr-se-reune-para-analizar-su-postura-en-el-balotaje-en-medio-de-un-fuerte-debate-interno\/#primaryimage\"},\"image\":{\"@id\":\"https:\/\/apuntesdesanluis.com\/index.php\/2023\/10\/23\/la-ucr-se-reune-para-analizar-su-postura-en-el-balotaje-en-medio-de-un-fuerte-debate-interno\/#primaryimage\"},\"thumbnailUrl\":\"https:\/\/apuntesdesanluis.com\/wp-content\/uploads\/2023\/10\/gerardo-morales.png\",\"datePublished\":\"2023-10-24T02:59:59+00:00\",\"breadcrumb\":{\"@id\":\"https:\/\/apuntesdesanluis.com\/index.php\/2023\/10\/23\/la-ucr-se-reune-para-analizar-su-postura-en-el-balotaje-en-medio-de-un-fuerte-debate-interno\/#breadcrumb\"},\"inLanguage\":\"es-AR\",\"potentialAction\":[{\"@type\":\"ReadAction\",\"target\":[\"https:\/\/apuntesdesanluis.com\/index.php\/2023\/10\/23\/la-ucr-se-reune-para-analizar-su-postura-en-el-balotaje-en-medio-de-un-fuerte-debate-interno\/\"]}]},{\"@type\":\"ImageObject\",\"inLanguage\":\"es-AR\",\"@id\":\"https:\/\/apuntesdesanluis.com\/index.php\/2023\/10\/23\/la-ucr-se-reune-para-analizar-su-postura-en-el-balotaje-en-medio-de-un-fuerte-debate-interno\/#primaryimage\",\"url\":\"https:\/\/apuntesdesanluis.com\/wp-content\/uploads\/2023\/10\/gerardo-morales.png\",\"contentUrl\":\"https:\/\/apuntesdesanluis.com\/wp-content\/uploads\/2023\/10\/gerardo-morales.png\",\"width\":600,\"height\":371},{\"@type\":\"BreadcrumbList\",\"@id\":\"https:\/\/apuntesdesanluis.com\/index.php\/2023\/10\/23\/la-ucr-se-reune-para-analizar-su-postura-en-el-balotaje-en-medio-de-un-fuerte-debate-interno\/#breadcrumb\",\"itemListElement\":[{\"@type\":\"ListItem\",\"position\":1,\"name\":\"Inicio\",\"item\":\"https:\/\/apuntesdesanluis.com\/\"},{\"@type\":\"ListItem\",\"position\":2,\"name\":\"LA UCR SE RE\u00daNE PARA ANALIZAR SU POSTURA EN EL BALOTAJE, EN MEDIO DE UN FUERTE DEBATE INTERNO\"}]},{\"@type\":\"WebSite\",\"@id\":\"https:\/\/apuntesdesanluis.com\/#website\",\"url\":\"https:\/\/apuntesdesanluis.com\/\",\"name\":\"Apuntes de San Luis\",\"description\":\"\",\"publisher\":{\"@id\":\"https:\/\/apuntesdesanluis.com\/#\/schema\/person\/b55151d52296fcce64d1a72538a70b90\"},\"potentialAction\":[{\"@type\":\"SearchAction\",\"target\":{\"@type\":\"EntryPoint\",\"urlTemplate\":\"https:\/\/apuntesdesanluis.com\/?s={search_term_string}\"},\"query-input\":{\"@type\":\"PropertyValueSpecification\",\"valueRequired\":true,\"valueName\":\"search_term_string\"}}],\"inLanguage\":\"es-AR\"},{\"@type\":[\"Person\",\"Organization\"],\"@id\":\"https:\/\/apuntesdesanluis.com\/#\/schema\/person\/b55151d52296fcce64d1a72538a70b90\",\"name\":\"apuntesdesanluis.com\",\"image\":{\"@type\":\"ImageObject\",\"inLanguage\":\"es-AR\",\"@id\":\"https:\/\/apuntesdesanluis.com\/#\/schema\/person\/image\/\",\"url\":\"https:\/\/apuntesdesanluis.com\/wp-content\/uploads\/2023\/07\/cropped-apuntesdesanluis.png\",\"contentUrl\":\"https:\/\/apuntesdesanluis.com\/wp-content\/uploads\/2023\/07\/cropped-apuntesdesanluis.png\",\"width\":450,\"height\":112,\"caption\":\"apuntesdesanluis.com\"},\"logo\":{\"@id\":\"https:\/\/apuntesdesanluis.com\/#\/schema\/person\/image\/\"},\"sameAs\":[\"https:\/\/apuntesdesanluis.com\"],\"url\":\"https:\/\/apuntesdesanluis.com\/index.php\/author\/apuntesdesanluis-com\/\"}]}<\/script>\n<!-- \/ Yoast SEO plugin. -->","yoast_head_json":{"title":"LA UCR SE RE\u00daNE PARA ANALIZAR SU POSTURA EN EL BALOTAJE, EN MEDIO DE UN FUERTE DEBATE INTERNO - Apuntes de San Luis","robots":{"index":"index","follow":"follow","max-snippet":"max-snippet:-1","max-image-preview":"max-image-preview:large","max-video-preview":"max-video-preview:-1"},"canonical":"https:\/\/apuntesdesanluis.com\/index.php\/2023\/10\/23\/la-ucr-se-reune-para-analizar-su-postura-en-el-balotaje-en-medio-de-un-fuerte-debate-interno\/","og_locale":"es_ES","og_type":"article","og_title":"LA UCR SE RE\u00daNE PARA ANALIZAR SU POSTURA EN EL BALOTAJE, EN MEDIO DE UN FUERTE DEBATE INTERNO - Apuntes de San Luis","og_description":"Luego de la derrota de Patricia Bullrich y una noche de extrema tensi\u00f3n en el...","og_url":"https:\/\/apuntesdesanluis.com\/index.php\/2023\/10\/23\/la-ucr-se-reune-para-analizar-su-postura-en-el-balotaje-en-medio-de-un-fuerte-debate-interno\/","og_site_name":"Apuntes de San Luis","article_published_time":"2023-10-24T02:59:59+00:00","og_image":[{"width":600,"height":371,"url":"https:\/\/apuntesdesanluis.com\/wp-content\/uploads\/2023\/10\/gerardo-morales.png","type":"image\/png"}],"author":"apuntesdesanluis.com","twitter_card":"summary_large_image","twitter_misc":{"Escrito por":"apuntesdesanluis.com","Tiempo de lectura":"2 minutos"},"schema":{"@context":"https:\/\/schema.org","@graph":[{"@type":"Article","@id":"https:\/\/apuntesdesanluis.com\/index.php\/2023\/10\/23\/la-ucr-se-reune-para-analizar-su-postura-en-el-balotaje-en-medio-de-un-fuerte-debate-interno\/#article","isPartOf":{"@id":"https:\/\/apuntesdesanluis.com\/index.php\/2023\/10\/23\/la-ucr-se-reune-para-analizar-su-postura-en-el-balotaje-en-medio-de-un-fuerte-debate-interno\/"},"author":{"name":"apuntesdesanluis.com","@id":"https:\/\/apuntesdesanluis.com\/#\/schema\/person\/b55151d52296fcce64d1a72538a70b90"},"headline":"LA UCR SE RE\u00daNE PARA ANALIZAR SU POSTURA EN EL BALOTAJE, EN MEDIO DE UN FUERTE DEBATE INTERNO","datePublished":"2023-10-24T02:59:59+00:00","mainEntityOfPage":{"@id":"https:\/\/apuntesdesanluis.com\/index.php\/2023\/10\/23\/la-ucr-se-reune-para-analizar-su-postura-en-el-balotaje-en-medio-de-un-fuerte-debate-interno\/"},"wordCount":461,"publisher":{"@id":"https:\/\/apuntesdesanluis.com\/#\/schema\/person\/b55151d52296fcce64d1a72538a70b90"},"image":{"@id":"https:\/\/apuntesdesanluis.com\/index.php\/2023\/10\/23\/la-ucr-se-reune-para-analizar-su-postura-en-el-balotaje-en-medio-de-un-fuerte-debate-interno\/#primaryimage"},"thumbnailUrl":"https:\/\/apuntesdesanluis.com\/wp-content\/uploads\/2023\/10\/gerardo-morales.png","articleSection":["Nacionales\/Internacionales"],"inLanguage":"es-AR"},{"@type":"WebPage","@id":"https:\/\/apuntesdesanluis.com\/index.php\/2023\/10\/23\/la-ucr-se-reune-para-analizar-su-postura-en-el-balotaje-en-medio-de-un-fuerte-debate-interno\/","url":"https:\/\/apuntesdesanluis.com\/index.php\/2023\/10\/23\/la-ucr-se-reune-para-analizar-su-postura-en-el-balotaje-en-medio-de-un-fuerte-debate-interno\/","name":"LA UCR SE RE\u00daNE PARA ANALIZAR SU POSTURA EN EL BALOTAJE, EN MEDIO DE UN FUERTE DEBATE INTERNO - Apuntes de San Luis","isPartOf":{"@id":"https:\/\/apuntesdesanluis.com\/#website"},"primaryImageOfPage":{"@id":"https:\/\/apuntesdesanluis.com\/index.php\/2023\/10\/23\/la-ucr-se-reune-para-analizar-su-postura-en-el-balotaje-en-medio-de-un-fuerte-debate-interno\/#primaryimage"},"image":{"@id":"https:\/\/apuntesdesanluis.com\/index.php\/2023\/10\/23\/la-ucr-se-reune-para-analizar-su-postura-en-el-balotaje-en-medio-de-un-fuerte-debate-interno\/#primaryimage"},"thumbnailUrl":"https:\/\/apuntesdesanluis.com\/wp-content\/uploads\/2023\/10\/gerardo-morales.png","datePublished":"2023-10-24T02:59:59+00:00","breadcrumb":{"@id":"https:\/\/apuntesdesanluis.com\/index.php\/2023\/10\/23\/la-ucr-se-reune-para-analizar-su-postura-en-el-balotaje-en-medio-de-un-fuerte-debate-interno\/#breadcrumb"},"inLanguage":"es-AR","potentialAction":[{"@type":"ReadAction","target":["https:\/\/apuntesdesanluis.com\/index.php\/2023\/10\/23\/la-ucr-se-reune-para-analizar-su-postura-en-el-balotaje-en-medio-de-un-fuerte-debate-interno\/"]}]},{"@type":"ImageObject","inLanguage":"es-AR","@id":"https:\/\/apuntesdesanluis.com\/index.php\/2023\/10\/23\/la-ucr-se-reune-para-analizar-su-postura-en-el-balotaje-en-medio-de-un-fuerte-debate-interno\/#primaryimage","url":"https:\/\/apuntesdesanluis.com\/wp-content\/uploads\/2023\/10\/gerardo-morales.png","contentUrl":"https:\/\/apuntesdesanluis.com\/wp-content\/uploads\/2023\/10\/gerardo-morales.png","width":600,"height":371},{"@type":"BreadcrumbList","@id":"https:\/\/apuntesdesanluis.com\/index.php\/2023\/10\/23\/la-ucr-se-reune-para-analizar-su-postura-en-el-balotaje-en-medio-de-un-fuerte-debate-interno\/#breadcrumb","itemListElement":[{"@type":"ListItem","position":1,"name":"Inicio","item":"https:\/\/apuntesdesanluis.com\/"},{"@type":"ListItem","position":2,"name":"LA UCR SE RE\u00daNE PARA ANALIZAR SU POSTURA EN EL BALOTAJE, EN MEDIO DE UN FUERTE DEBATE INTERNO"}]},{"@type":"WebSite","@id":"https:\/\/apuntesdesanluis.com\/#website","url":"https:\/\/apuntesdesanluis.com\/","name":"Apuntes de San Luis","description":"","publisher":{"@id":"https:\/\/apuntesdesanluis.com\/#\/schema\/person\/b55151d52296fcce64d1a72538a70b90"},"potentialAction":[{"@type":"SearchAction","target":{"@type":"EntryPoint","urlTemplate":"https:\/\/apuntesdesanluis.com\/?s={search_term_string}"},"query-input":{"@type":"PropertyValueSpecification","valueRequired":true,"valueName":"search_term_string"}}],"inLanguage":"es-AR"},{"@type":["Person","Organization"],"@id":"https:\/\/apuntesdesanluis.com\/#\/schema\/person\/b55151d52296fcce64d1a72538a70b90","name":"apuntesdesanluis.com","image":{"@type":"ImageObject","inLanguage":"es-AR","@id":"https:\/\/apuntesdesanluis.com\/#\/schema\/person\/image\/","url":"https:\/\/apuntesdesanluis.com\/wp-content\/uploads\/2023\/07\/cropped-apuntesdesanluis.png","contentUrl":"https:\/\/apuntesdesanluis.com\/wp-content\/uploads\/2023\/07\/cropped-apuntesdesanluis.png","width":450,"height":112,"caption":"apuntesdesanluis.com"},"logo":{"@id":"https:\/\/apuntesdesanluis.com\/#\/schema\/person\/image\/"},"sameAs":["https:\/\/apuntesdesanluis.com"],"url":"https:\/\/apuntesdesanluis.com\/index.php\/author\/apuntesdesanluis-com\/"}]}},"featured_image_urls":{"full":["https:\/\/apuntesdesanluis.com\/wp-content\/uploads\/2023\/10\/gerardo-morales.png",600,371,false],"thumbnail":["https:\/\/apuntesdesanluis.com\/wp-content\/uploads\/2023\/10\/gerardo-morales-150x150.png",150,150,true],"medium":["https:\/\/apuntesdesanluis.com\/wp-content\/uploads\/2023\/10\/gerardo-morales-300x186.png",300,186,true],"medium_large":["https:\/\/apuntesdesanluis.com\/wp-content\/uploads\/2023\/10\/gerardo-morales.png",600,371,false],"large":["https:\/\/apuntesdesanluis.com\/wp-content\/uploads\/2023\/10\/gerardo-morales.png",600,371,false],"1536x1536":["https:\/\/apuntesdesanluis.com\/wp-content\/uploads\/2023\/10\/gerardo-morales.png",600,371,false],"2048x2048":["https:\/\/apuntesdesanluis.com\/wp-content\/uploads\/2023\/10\/gerardo-morales.png",600,371,false],"newsever-slider-full":["https:\/\/apuntesdesanluis.com\/wp-content\/uploads\/2023\/10\/gerardo-morales.png",600,371,false],"newsever-featured":["https:\/\/apuntesdesanluis.com\/wp-content\/uploads\/2023\/10\/gerardo-morales.png",600,371,false],"newsever-medium":["https:\/\/apuntesdesanluis.com\/wp-content\/uploads\/2023\/10\/gerardo-morales.png",600,371,false]},"author_info":{"display_name":"apuntesdesanluis.com","author_link":"https:\/\/apuntesdesanluis.com\/index.php\/author\/apuntesdesanluis-com\/"},"category_info":"<a href=\"https:\/\/apuntesdesanluis.com\/index.php\/category\/nacionales-internacionales\/\" rel=\"category tag\">Nacionales\/Internacionales<\/a>","tag_info":"Nacionales\/Internacionales","comment_count":"0","_links":{"self":[{"href":"https:\/\/apuntesdesanluis.com\/index.php\/wp-json\/wp\/v2\/posts\/5676","targetHints":{"allow":["GET"]}}],"collection":[{"href":"https:\/\/apuntesdesanluis.com\/index.php\/wp-json\/wp\/v2\/posts"}],"about":[{"href":"https:\/\/apuntesdesanluis.com\/index.php\/wp-json\/wp\/v2\/types\/post"}],"author":[{"embeddable":true,"href":"https:\/\/apuntesdesanluis.com\/index.php\/wp-json\/wp\/v2\/users\/1"}],"replies":[{"embeddable":true,"href":"https:\/\/apuntesdesanluis.com\/index.php\/wp-json\/wp\/v2\/comments?post=5676"}],"version-history":[{"count":1,"href":"https:\/\/apuntesdesanluis.com\/index.php\/wp-json\/wp\/v2\/posts\/5676\/revisions"}],"predecessor-version":[{"id":5678,"href":"https:\/\/apuntesdesanluis.com\/index.php\/wp-json\/wp\/v2\/posts\/5676\/revisions\/5678"}],"wp:featuredmedia":[{"embeddable":true,"href":"https:\/\/apuntesdesanluis.com\/index.php\/wp-json\/wp\/v2\/media\/5677"}],"wp:attachment":[{"href":"https:\/\/apuntesdesanluis.com\/index.php\/wp-json\/wp\/v2\/media?parent=5676"}],"wp:term":[{"taxonomy":"category","embeddable":true,"href":"https:\/\/apuntesdesanluis.com\/index.php\/wp-json\/wp\/v2\/categories?post=5676"},{"taxonomy":"post_tag","embeddable":true,"href":"https:\/\/apuntesdesanluis.com\/index.php\/wp-json\/wp\/v2\/tags?post=5676"}],"curies":[{"name":"wp","href":"https:\/\/api.w.org\/{rel}","templated":true}]}}