{"id":5679,"date":"2023-10-24T00:05:52","date_gmt":"2023-10-24T03:05:52","guid":{"rendered":"https:\/\/apuntesdesanluis.com\/?p=5679"},"modified":"2023-10-24T00:06:12","modified_gmt":"2023-10-24T03:06:12","slug":"suspendieron-numeros-artisticos-en-el-acto-por-el-50-aniversario-de-la-unsl-en-villa-mercedes","status":"publish","type":"post","link":"https:\/\/apuntesdesanluis.com\/index.php\/2023\/10\/24\/suspendieron-numeros-artisticos-en-el-acto-por-el-50-aniversario-de-la-unsl-en-villa-mercedes\/","title":{"rendered":"SUSPENDIERON N\u00daMEROS ART\u00cdSTICOS EN EL ACTO POR EL 50 ANIVERSARIO DE LA UNSL EN VILLA MERCEDES"},"content":{"rendered":"<h3>La Comisi\u00f3n Rectoral Encargada para la Conmemoraci\u00f3n al Aniversario 50 de la UNSL en el Centro Educativo Villa Mercedes informa a toda la comunidad, que por el mal clima y el pron\u00f3stico para las pr\u00f3ximas horas, fueron suspendidos los n\u00fameros art\u00edsticos programados como cierre de las actividades conmemorativas que se llevar\u00e1n a cabo este martes 24 de octubre.<\/h3>\n<h3>Se destaca que el programa del resto de las actividades se mantiene y se realizar\u00e1n con normalidad.<\/h3>\n<h3><span style=\"color: #000000;\"><strong>PROGRAMA MARTES 24 DE OCTUBRE<\/strong><\/span><\/h3>\n<h3>9 hs \u2013 Campus Universitario Edificio de Ciencias Agropecuarias<\/h3>\n<h3>\u2013 Inauguraci\u00f3n placa conmemorativa<\/h3>\n<h3>\u2013 Exposici\u00f3n de fotos<\/h3>\n<h3>\u2013 Conversatorio \u201cRelatos sobre la historia. Una riqueza poco valorada\u201d<\/h3>\n<h3>15 hs Campus Universitario Edificio FCEJS y FICA<\/h3>\n<h3>\u2013 Inauguraci\u00f3n placa conmemorativa<\/h3>\n<h3>\u2013 Inauguraci\u00f3n Galer\u00eda de Decanos y Decanas<\/h3>\n<h3>15.30 hs \u2013 Acto central<\/h3>\n<h3>Presentaci\u00f3n de libros: \u201cLa Universidad Nacional de San Luis (1910-1973). Una visi\u00f3n desde los sue\u00f1os y utop\u00edas de un pueblo\u201d y \u201c50 aniversario de la UNSL Villa Mercedes en libertad y conocimiento\u201d.<\/h3>\n<p>&nbsp;<\/p>\n<p>&nbsp;<\/p>\n<p>&nbsp;<\/p>\n<p>&nbsp;<\/p>\n","protected":false},"excerpt":{"rendered":"<p>La Comisi\u00f3n Rectoral Encargada para la Conmemoraci\u00f3n al Aniversario 50 de la UNSL en el&#8230;<\/p>\n","protected":false},"author":1,"featured_media":5680,"comment_status":"closed","ping_status":"closed","sticky":false,"template":"","format":"standard","meta":{"footnotes":""},"categories":[6],"tags":[],"class_list":["post-5679","post","type-post","status-publish","format-standard","has-post-thumbnail","hentry","category-ciudad-provincia"],"yoast_head":"<!-- This site is optimized with the Yoast SEO plugin v26.1.1 - https:\/\/yoast.com\/wordpress\/plugins\/seo\/ -->\n<title>SUSPENDIERON N\u00daMEROS ART\u00cdSTICOS EN EL ACTO POR EL 50 ANIVERSARIO DE LA UNSL EN VILLA MERCEDES - Apuntes de San Luis<\/title>\n<meta name=\"robots\" content=\"index, follow, max-snippet:-1, max-image-preview:large, max-video-preview:-1\" \/>\n<link rel=\"canonical\" href=\"https:\/\/apuntesdesanluis.com\/index.php\/2023\/10\/24\/suspendieron-numeros-artisticos-en-el-acto-por-el-50-aniversario-de-la-unsl-en-villa-mercedes\/\" \/>\n<meta property=\"og:locale\" content=\"es_ES\" \/>\n<meta property=\"og:type\" content=\"article\" \/>\n<meta property=\"og:title\" content=\"SUSPENDIERON N\u00daMEROS ART\u00cdSTICOS EN EL ACTO POR EL 50 ANIVERSARIO DE LA UNSL EN VILLA MERCEDES - Apuntes de San Luis\" \/>\n<meta property=\"og:description\" content=\"La Comisi\u00f3n Rectoral Encargada para la Conmemoraci\u00f3n al Aniversario 50 de la UNSL en el...\" \/>\n<meta property=\"og:url\" content=\"https:\/\/apuntesdesanluis.com\/index.php\/2023\/10\/24\/suspendieron-numeros-artisticos-en-el-acto-por-el-50-aniversario-de-la-unsl-en-villa-mercedes\/\" \/>\n<meta property=\"og:site_name\" content=\"Apuntes de San Luis\" \/>\n<meta property=\"article:published_time\" content=\"2023-10-24T03:05:52+00:00\" \/>\n<meta property=\"article:modified_time\" content=\"2023-10-24T03:06:12+00:00\" \/>\n<meta property=\"og:image\" content=\"https:\/\/apuntesdesanluis.com\/wp-content\/uploads\/2023\/10\/ANIVERSARIO.png\" \/>\n\t<meta property=\"og:image:width\" content=\"600\" \/>\n\t<meta property=\"og:image:height\" content=\"337\" \/>\n\t<meta property=\"og:image:type\" content=\"image\/png\" \/>\n<meta name=\"author\" content=\"apuntesdesanluis.com\" \/>\n<meta name=\"twitter:card\" content=\"summary_large_image\" \/>\n<meta name=\"twitter:label1\" content=\"Escrito por\" \/>\n\t<meta name=\"twitter:data1\" content=\"apuntesdesanluis.com\" \/>\n\t<meta name=\"twitter:label2\" content=\"Tiempo de lectura\" \/>\n\t<meta name=\"twitter:data2\" content=\"1 minuto\" \/>\n<script type=\"application\/ld+json\" class=\"yoast-schema-graph\">{\"@context\":\"https:\/\/schema.org\",\"@graph\":[{\"@type\":\"Article\",\"@id\":\"https:\/\/apuntesdesanluis.com\/index.php\/2023\/10\/24\/suspendieron-numeros-artisticos-en-el-acto-por-el-50-aniversario-de-la-unsl-en-villa-mercedes\/#article\",\"isPartOf\":{\"@id\":\"https:\/\/apuntesdesanluis.com\/index.php\/2023\/10\/24\/suspendieron-numeros-artisticos-en-el-acto-por-el-50-aniversario-de-la-unsl-en-villa-mercedes\/\"},\"author\":{\"name\":\"apuntesdesanluis.com\",\"@id\":\"https:\/\/apuntesdesanluis.com\/#\/schema\/person\/b55151d52296fcce64d1a72538a70b90\"},\"headline\":\"SUSPENDIERON N\u00daMEROS ART\u00cdSTICOS EN EL ACTO POR EL 50 ANIVERSARIO DE LA UNSL EN VILLA MERCEDES\",\"datePublished\":\"2023-10-24T03:05:52+00:00\",\"dateModified\":\"2023-10-24T03:06:12+00:00\",\"mainEntityOfPage\":{\"@id\":\"https:\/\/apuntesdesanluis.com\/index.php\/2023\/10\/24\/suspendieron-numeros-artisticos-en-el-acto-por-el-50-aniversario-de-la-unsl-en-villa-mercedes\/\"},\"wordCount\":187,\"publisher\":{\"@id\":\"https:\/\/apuntesdesanluis.com\/#\/schema\/person\/b55151d52296fcce64d1a72538a70b90\"},\"image\":{\"@id\":\"https:\/\/apuntesdesanluis.com\/index.php\/2023\/10\/24\/suspendieron-numeros-artisticos-en-el-acto-por-el-50-aniversario-de-la-unsl-en-villa-mercedes\/#primaryimage\"},\"thumbnailUrl\":\"https:\/\/apuntesdesanluis.com\/wp-content\/uploads\/2023\/10\/ANIVERSARIO.png\",\"articleSection\":[\"Ciudad\/Provincia\"],\"inLanguage\":\"es-AR\"},{\"@type\":\"WebPage\",\"@id\":\"https:\/\/apuntesdesanluis.com\/index.php\/2023\/10\/24\/suspendieron-numeros-artisticos-en-el-acto-por-el-50-aniversario-de-la-unsl-en-villa-mercedes\/\",\"url\":\"https:\/\/apuntesdesanluis.com\/index.php\/2023\/10\/24\/suspendieron-numeros-artisticos-en-el-acto-por-el-50-aniversario-de-la-unsl-en-villa-mercedes\/\",\"name\":\"SUSPENDIERON N\u00daMEROS ART\u00cdSTICOS EN EL ACTO POR EL 50 ANIVERSARIO DE LA UNSL EN VILLA MERCEDES - Apuntes de San Luis\",\"isPartOf\":{\"@id\":\"https:\/\/apuntesdesanluis.com\/#website\"},\"primaryImageOfPage\":{\"@id\":\"https:\/\/apuntesdesanluis.com\/index.php\/2023\/10\/24\/suspendieron-numeros-artisticos-en-el-acto-por-el-50-aniversario-de-la-unsl-en-villa-mercedes\/#primaryimage\"},\"image\":{\"@id\":\"https:\/\/apuntesdesanluis.com\/index.php\/2023\/10\/24\/suspendieron-numeros-artisticos-en-el-acto-por-el-50-aniversario-de-la-unsl-en-villa-mercedes\/#primaryimage\"},\"thumbnailUrl\":\"https:\/\/apuntesdesanluis.com\/wp-content\/uploads\/2023\/10\/ANIVERSARIO.png\",\"datePublished\":\"2023-10-24T03:05:52+00:00\",\"dateModified\":\"2023-10-24T03:06:12+00:00\",\"breadcrumb\":{\"@id\":\"https:\/\/apuntesdesanluis.com\/index.php\/2023\/10\/24\/suspendieron-numeros-artisticos-en-el-acto-por-el-50-aniversario-de-la-unsl-en-villa-mercedes\/#breadcrumb\"},\"inLanguage\":\"es-AR\",\"potentialAction\":[{\"@type\":\"ReadAction\",\"target\":[\"https:\/\/apuntesdesanluis.com\/index.php\/2023\/10\/24\/suspendieron-numeros-artisticos-en-el-acto-por-el-50-aniversario-de-la-unsl-en-villa-mercedes\/\"]}]},{\"@type\":\"ImageObject\",\"inLanguage\":\"es-AR\",\"@id\":\"https:\/\/apuntesdesanluis.com\/index.php\/2023\/10\/24\/suspendieron-numeros-artisticos-en-el-acto-por-el-50-aniversario-de-la-unsl-en-villa-mercedes\/#primaryimage\",\"url\":\"https:\/\/apuntesdesanluis.com\/wp-content\/uploads\/2023\/10\/ANIVERSARIO.png\",\"contentUrl\":\"https:\/\/apuntesdesanluis.com\/wp-content\/uploads\/2023\/10\/ANIVERSARIO.png\",\"width\":600,\"height\":337},{\"@type\":\"BreadcrumbList\",\"@id\":\"https:\/\/apuntesdesanluis.com\/index.php\/2023\/10\/24\/suspendieron-numeros-artisticos-en-el-acto-por-el-50-aniversario-de-la-unsl-en-villa-mercedes\/#breadcrumb\",\"itemListElement\":[{\"@type\":\"ListItem\",\"position\":1,\"name\":\"Inicio\",\"item\":\"https:\/\/apuntesdesanluis.com\/\"},{\"@type\":\"ListItem\",\"position\":2,\"name\":\"SUSPENDIERON N\u00daMEROS ART\u00cdSTICOS EN EL ACTO POR EL 50 ANIVERSARIO DE LA UNSL EN VILLA MERCEDES\"}]},{\"@type\":\"WebSite\",\"@id\":\"https:\/\/apuntesdesanluis.com\/#website\",\"url\":\"https:\/\/apuntesdesanluis.com\/\",\"name\":\"Apuntes de San Luis\",\"description\":\"\",\"publisher\":{\"@id\":\"https:\/\/apuntesdesanluis.com\/#\/schema\/person\/b55151d52296fcce64d1a72538a70b90\"},\"potentialAction\":[{\"@type\":\"SearchAction\",\"target\":{\"@type\":\"EntryPoint\",\"urlTemplate\":\"https:\/\/apuntesdesanluis.com\/?s={search_term_string}\"},\"query-input\":{\"@type\":\"PropertyValueSpecification\",\"valueRequired\":true,\"valueName\":\"search_term_string\"}}],\"inLanguage\":\"es-AR\"},{\"@type\":[\"Person\",\"Organization\"],\"@id\":\"https:\/\/apuntesdesanluis.com\/#\/schema\/person\/b55151d52296fcce64d1a72538a70b90\",\"name\":\"apuntesdesanluis.com\",\"image\":{\"@type\":\"ImageObject\",\"inLanguage\":\"es-AR\",\"@id\":\"https:\/\/apuntesdesanluis.com\/#\/schema\/person\/image\/\",\"url\":\"https:\/\/apuntesdesanluis.com\/wp-content\/uploads\/2023\/07\/cropped-apuntesdesanluis.png\",\"contentUrl\":\"https:\/\/apuntesdesanluis.com\/wp-content\/uploads\/2023\/07\/cropped-apuntesdesanluis.png\",\"width\":450,\"height\":112,\"caption\":\"apuntesdesanluis.com\"},\"logo\":{\"@id\":\"https:\/\/apuntesdesanluis.com\/#\/schema\/person\/image\/\"},\"sameAs\":[\"https:\/\/apuntesdesanluis.com\"],\"url\":\"https:\/\/apuntesdesanluis.com\/index.php\/author\/apuntesdesanluis-com\/\"}]}<\/script>\n<!-- \/ Yoast SEO plugin. -->","yoast_head_json":{"title":"SUSPENDIERON N\u00daMEROS ART\u00cdSTICOS EN EL ACTO POR EL 50 ANIVERSARIO DE LA UNSL EN VILLA MERCEDES - Apuntes de San Luis","robots":{"index":"index","follow":"follow","max-snippet":"max-snippet:-1","max-image-preview":"max-image-preview:large","max-video-preview":"max-video-preview:-1"},"canonical":"https:\/\/apuntesdesanluis.com\/index.php\/2023\/10\/24\/suspendieron-numeros-artisticos-en-el-acto-por-el-50-aniversario-de-la-unsl-en-villa-mercedes\/","og_locale":"es_ES","og_type":"article","og_title":"SUSPENDIERON N\u00daMEROS ART\u00cdSTICOS EN EL ACTO POR EL 50 ANIVERSARIO DE LA UNSL EN VILLA MERCEDES - Apuntes de San Luis","og_description":"La Comisi\u00f3n Rectoral Encargada para la Conmemoraci\u00f3n al Aniversario 50 de la UNSL en el...","og_url":"https:\/\/apuntesdesanluis.com\/index.php\/2023\/10\/24\/suspendieron-numeros-artisticos-en-el-acto-por-el-50-aniversario-de-la-unsl-en-villa-mercedes\/","og_site_name":"Apuntes de San Luis","article_published_time":"2023-10-24T03:05:52+00:00","article_modified_time":"2023-10-24T03:06:12+00:00","og_image":[{"width":600,"height":337,"url":"https:\/\/apuntesdesanluis.com\/wp-content\/uploads\/2023\/10\/ANIVERSARIO.png","type":"image\/png"}],"author":"apuntesdesanluis.com","twitter_card":"summary_large_image","twitter_misc":{"Escrito por":"apuntesdesanluis.com","Tiempo de lectura":"1 minuto"},"schema":{"@context":"https:\/\/schema.org","@graph":[{"@type":"Article","@id":"https:\/\/apuntesdesanluis.com\/index.php\/2023\/10\/24\/suspendieron-numeros-artisticos-en-el-acto-por-el-50-aniversario-de-la-unsl-en-villa-mercedes\/#article","isPartOf":{"@id":"https:\/\/apuntesdesanluis.com\/index.php\/2023\/10\/24\/suspendieron-numeros-artisticos-en-el-acto-por-el-50-aniversario-de-la-unsl-en-villa-mercedes\/"},"author":{"name":"apuntesdesanluis.com","@id":"https:\/\/apuntesdesanluis.com\/#\/schema\/person\/b55151d52296fcce64d1a72538a70b90"},"headline":"SUSPENDIERON N\u00daMEROS ART\u00cdSTICOS EN EL ACTO POR EL 50 ANIVERSARIO DE LA UNSL EN VILLA MERCEDES","datePublished":"2023-10-24T03:05:52+00:00","dateModified":"2023-10-24T03:06:12+00:00","mainEntityOfPage":{"@id":"https:\/\/apuntesdesanluis.com\/index.php\/2023\/10\/24\/suspendieron-numeros-artisticos-en-el-acto-por-el-50-aniversario-de-la-unsl-en-villa-mercedes\/"},"wordCount":187,"publisher":{"@id":"https:\/\/apuntesdesanluis.com\/#\/schema\/person\/b55151d52296fcce64d1a72538a70b90"},"image":{"@id":"https:\/\/apuntesdesanluis.com\/index.php\/2023\/10\/24\/suspendieron-numeros-artisticos-en-el-acto-por-el-50-aniversario-de-la-unsl-en-villa-mercedes\/#primaryimage"},"thumbnailUrl":"https:\/\/apuntesdesanluis.com\/wp-content\/uploads\/2023\/10\/ANIVERSARIO.png","articleSection":["Ciudad\/Provincia"],"inLanguage":"es-AR"},{"@type":"WebPage","@id":"https:\/\/apuntesdesanluis.com\/index.php\/2023\/10\/24\/suspendieron-numeros-artisticos-en-el-acto-por-el-50-aniversario-de-la-unsl-en-villa-mercedes\/","url":"https:\/\/apuntesdesanluis.com\/index.php\/2023\/10\/24\/suspendieron-numeros-artisticos-en-el-acto-por-el-50-aniversario-de-la-unsl-en-villa-mercedes\/","name":"SUSPENDIERON N\u00daMEROS ART\u00cdSTICOS EN EL ACTO POR EL 50 ANIVERSARIO DE LA UNSL EN VILLA MERCEDES - Apuntes de San Luis","isPartOf":{"@id":"https:\/\/apuntesdesanluis.com\/#website"},"primaryImageOfPage":{"@id":"https:\/\/apuntesdesanluis.com\/index.php\/2023\/10\/24\/suspendieron-numeros-artisticos-en-el-acto-por-el-50-aniversario-de-la-unsl-en-villa-mercedes\/#primaryimage"},"image":{"@id":"https:\/\/apuntesdesanluis.com\/index.php\/2023\/10\/24\/suspendieron-numeros-artisticos-en-el-acto-por-el-50-aniversario-de-la-unsl-en-villa-mercedes\/#primaryimage"},"thumbnailUrl":"https:\/\/apuntesdesanluis.com\/wp-content\/uploads\/2023\/10\/ANIVERSARIO.png","datePublished":"2023-10-24T03:05:52+00:00","dateModified":"2023-10-24T03:06:12+00:00","breadcrumb":{"@id":"https:\/\/apuntesdesanluis.com\/index.php\/2023\/10\/24\/suspendieron-numeros-artisticos-en-el-acto-por-el-50-aniversario-de-la-unsl-en-villa-mercedes\/#breadcrumb"},"inLanguage":"es-AR","potentialAction":[{"@type":"ReadAction","target":["https:\/\/apuntesdesanluis.com\/index.php\/2023\/10\/24\/suspendieron-numeros-artisticos-en-el-acto-por-el-50-aniversario-de-la-unsl-en-villa-mercedes\/"]}]},{"@type":"ImageObject","inLanguage":"es-AR","@id":"https:\/\/apuntesdesanluis.com\/index.php\/2023\/10\/24\/suspendieron-numeros-artisticos-en-el-acto-por-el-50-aniversario-de-la-unsl-en-villa-mercedes\/#primaryimage","url":"https:\/\/apuntesdesanluis.com\/wp-content\/uploads\/2023\/10\/ANIVERSARIO.png","contentUrl":"https:\/\/apuntesdesanluis.com\/wp-content\/uploads\/2023\/10\/ANIVERSARIO.png","width":600,"height":337},{"@type":"BreadcrumbList","@id":"https:\/\/apuntesdesanluis.com\/index.php\/2023\/10\/24\/suspendieron-numeros-artisticos-en-el-acto-por-el-50-aniversario-de-la-unsl-en-villa-mercedes\/#breadcrumb","itemListElement":[{"@type":"ListItem","position":1,"name":"Inicio","item":"https:\/\/apuntesdesanluis.com\/"},{"@type":"ListItem","position":2,"name":"SUSPENDIERON N\u00daMEROS ART\u00cdSTICOS EN EL ACTO POR EL 50 ANIVERSARIO DE LA UNSL EN VILLA MERCEDES"}]},{"@type":"WebSite","@id":"https:\/\/apuntesdesanluis.com\/#website","url":"https:\/\/apuntesdesanluis.com\/","name":"Apuntes de San Luis","description":"","publisher":{"@id":"https:\/\/apuntesdesanluis.com\/#\/schema\/person\/b55151d52296fcce64d1a72538a70b90"},"potentialAction":[{"@type":"SearchAction","target":{"@type":"EntryPoint","urlTemplate":"https:\/\/apuntesdesanluis.com\/?s={search_term_string}"},"query-input":{"@type":"PropertyValueSpecification","valueRequired":true,"valueName":"search_term_string"}}],"inLanguage":"es-AR"},{"@type":["Person","Organization"],"@id":"https:\/\/apuntesdesanluis.com\/#\/schema\/person\/b55151d52296fcce64d1a72538a70b90","name":"apuntesdesanluis.com","image":{"@type":"ImageObject","inLanguage":"es-AR","@id":"https:\/\/apuntesdesanluis.com\/#\/schema\/person\/image\/","url":"https:\/\/apuntesdesanluis.com\/wp-content\/uploads\/2023\/07\/cropped-apuntesdesanluis.png","contentUrl":"https:\/\/apuntesdesanluis.com\/wp-content\/uploads\/2023\/07\/cropped-apuntesdesanluis.png","width":450,"height":112,"caption":"apuntesdesanluis.com"},"logo":{"@id":"https:\/\/apuntesdesanluis.com\/#\/schema\/person\/image\/"},"sameAs":["https:\/\/apuntesdesanluis.com"],"url":"https:\/\/apuntesdesanluis.com\/index.php\/author\/apuntesdesanluis-com\/"}]}},"featured_image_urls":{"full":["https:\/\/apuntesdesanluis.com\/wp-content\/uploads\/2023\/10\/ANIVERSARIO.png",600,337,false],"thumbnail":["https:\/\/apuntesdesanluis.com\/wp-content\/uploads\/2023\/10\/ANIVERSARIO-150x150.png",150,150,true],"medium":["https:\/\/apuntesdesanluis.com\/wp-content\/uploads\/2023\/10\/ANIVERSARIO-300x169.png",300,169,true],"medium_large":["https:\/\/apuntesdesanluis.com\/wp-content\/uploads\/2023\/10\/ANIVERSARIO.png",600,337,false],"large":["https:\/\/apuntesdesanluis.com\/wp-content\/uploads\/2023\/10\/ANIVERSARIO.png",600,337,false],"1536x1536":["https:\/\/apuntesdesanluis.com\/wp-content\/uploads\/2023\/10\/ANIVERSARIO.png",600,337,false],"2048x2048":["https:\/\/apuntesdesanluis.com\/wp-content\/uploads\/2023\/10\/ANIVERSARIO.png",600,337,false],"newsever-slider-full":["https:\/\/apuntesdesanluis.com\/wp-content\/uploads\/2023\/10\/ANIVERSARIO.png",600,337,false],"newsever-featured":["https:\/\/apuntesdesanluis.com\/wp-content\/uploads\/2023\/10\/ANIVERSARIO.png",600,337,false],"newsever-medium":["https:\/\/apuntesdesanluis.com\/wp-content\/uploads\/2023\/10\/ANIVERSARIO.png",600,337,false]},"author_info":{"display_name":"apuntesdesanluis.com","author_link":"https:\/\/apuntesdesanluis.com\/index.php\/author\/apuntesdesanluis-com\/"},"category_info":"<a href=\"https:\/\/apuntesdesanluis.com\/index.php\/category\/ciudad-provincia\/\" rel=\"category tag\">Ciudad\/Provincia<\/a>","tag_info":"Ciudad\/Provincia","comment_count":"0","_links":{"self":[{"href":"https:\/\/apuntesdesanluis.com\/index.php\/wp-json\/wp\/v2\/posts\/5679","targetHints":{"allow":["GET"]}}],"collection":[{"href":"https:\/\/apuntesdesanluis.com\/index.php\/wp-json\/wp\/v2\/posts"}],"about":[{"href":"https:\/\/apuntesdesanluis.com\/index.php\/wp-json\/wp\/v2\/types\/post"}],"author":[{"embeddable":true,"href":"https:\/\/apuntesdesanluis.com\/index.php\/wp-json\/wp\/v2\/users\/1"}],"replies":[{"embeddable":true,"href":"https:\/\/apuntesdesanluis.com\/index.php\/wp-json\/wp\/v2\/comments?post=5679"}],"version-history":[{"count":2,"href":"https:\/\/apuntesdesanluis.com\/index.php\/wp-json\/wp\/v2\/posts\/5679\/revisions"}],"predecessor-version":[{"id":5682,"href":"https:\/\/apuntesdesanluis.com\/index.php\/wp-json\/wp\/v2\/posts\/5679\/revisions\/5682"}],"wp:featuredmedia":[{"embeddable":true,"href":"https:\/\/apuntesdesanluis.com\/index.php\/wp-json\/wp\/v2\/media\/5680"}],"wp:attachment":[{"href":"https:\/\/apuntesdesanluis.com\/index.php\/wp-json\/wp\/v2\/media?parent=5679"}],"wp:term":[{"taxonomy":"category","embeddable":true,"href":"https:\/\/apuntesdesanluis.com\/index.php\/wp-json\/wp\/v2\/categories?post=5679"},{"taxonomy":"post_tag","embeddable":true,"href":"https:\/\/apuntesdesanluis.com\/index.php\/wp-json\/wp\/v2\/tags?post=5679"}],"curies":[{"name":"wp","href":"https:\/\/api.w.org\/{rel}","templated":true}]}}