{"id":5703,"date":"2023-10-24T09:27:09","date_gmt":"2023-10-24T12:27:09","guid":{"rendered":"https:\/\/apuntesdesanluis.com\/?p=5703"},"modified":"2023-10-24T09:30:06","modified_gmt":"2023-10-24T12:30:06","slug":"soy-santiago-scully-hijo-tengo-cancer-y-esta-es-mi-vivencia","status":"publish","type":"post","link":"https:\/\/apuntesdesanluis.com\/index.php\/2023\/10\/24\/soy-santiago-scully-hijo-tengo-cancer-y-esta-es-mi-vivencia\/","title":{"rendered":"\u201cSOY SANTIAGO SCULLY (HIJO), TENGO C\u00c1NCER&#8230; Y ESTA ES MI VIVENCIA\u201d"},"content":{"rendered":"<h3>El conocido comunicador de Villa Mercedes fue diagnosticado de esta enfermedad hace un a\u00f1o. Y resolvi\u00f3 hacer un posteo en el que anunci\u00f3 que comenzar\u00e1 a contar su experiencia, destinada a su entorno y a \u201cuna sociedad que no est\u00e1 preparada para contener a personas con enfermedades graves\u2026\u201d.<\/h3>\n<h3>Las reacciones ante esta noticia son siempre diferentes. Muchos se deprimen, otros se fortalecen. Hay quienes se refugian en la religi\u00f3n, otros dejan de creer\u2026<\/h3>\n<h3>La publicaci\u00f3n del Director de la FM Dr. Rock presenta un tono realista, evitando victimizarse. M\u00e1s bien encarando racionalmente el abordaje de las implicancias familiares y sociales de esta afecci\u00f3n, a manera de servicio al pr\u00f3jimo.<\/h3>\n<p><a href=\"https:\/\/www.facebook.com\/DoctorRockRadio\/posts\/pfbid0xcmEPyWxqjPTff3kyJu66rHrY61GbyQvHQRjs9VBt7JXJCksZ9kv4SzM1tj9KDgUl\"><img fetchpriority=\"high\" decoding=\"async\" class=\"wp-image-5705 aligncenter\" src=\"https:\/\/apuntesdesanluis.com\/wp-content\/uploads\/2023\/10\/posteo-scully-300x261.png\" alt=\"\" width=\"477\" height=\"415\" srcset=\"https:\/\/apuntesdesanluis.com\/wp-content\/uploads\/2023\/10\/posteo-scully-300x261.png 300w, https:\/\/apuntesdesanluis.com\/wp-content\/uploads\/2023\/10\/posteo-scully.png 536w\" sizes=\"(max-width: 477px) 100vw, 477px\" \/><\/a><\/p>\n<h3>El posteo textual es el siguiente:<\/h3>\n<h3>\u201cHola, soy Santiago Scully. Pap\u00e1 de Valkyria y Santino, comunicador social (trabajo en radio). Tengo 48 a\u00f1os y me considero una persona feliz\u2026 y hace un a\u00f1o me diagnosticaron c\u00e1ncer&#8230;<\/h3>\n<h3>La idea de esta primera publicaci\u00f3n, de las que vendr\u00e1n, de los videos que voy a hacer y de lo que escribir\u00e9, ser\u00e1 contar mi experiencia como enfermo de c\u00e1ncer, principalmente para otros enfermos de c\u00e1ncer, para sus familias, sus amigos\/as, su entorno y para una sociedad que no esta preparada para contener a personas con enfermedades graves y\/o discapacitados.<\/h3>\n<h3>Que siente, como vive, que necesita un paciente con c\u00e1ncer. Como ayudar, como hablar (que decir y como), como actuar con un paciente con c\u00e1ncer. Etc. Esta es una situaci\u00f3n muy compleja, muy dif\u00edcil, y de la que casi no se habla (y para eso estoy ac\u00e1)<\/h3>\n<h3>Soy Santiago Scully (hijo), tengo c\u00e1ncer&#8230; y esta es mi vivencia:<\/h3>\n<h3>El c\u00e1ncer ya no es sin\u00f3nimo de muerte, no es una sentencia de muerte (que es lo que primero pensamos cuando o\u00edmos esa palabra)&#8230;<\/h3>\n<h3>Es una enfermedad m\u00e1s, con tratamientos, con muchas posibilidades de cura en algunos casos y en otros una excelente calidad de vida; todos sabemos que vamos a morir, y el diagn\u00f3stico de c\u00e1ncer, hoy en d\u00eda, no necesariamente nos acerca a ese final\u2026<\/h3>\n<h3>Lo primero que debemos hacer (nosotros y el entorno) es no usar el lenguaje b\u00e9lico. Guerrero, luchador, batalla, pelea. No estamos en guerra contra el c\u00e1ncer, no hay triunfadores ni perdedores ni victimas\u2026 estamos transitando un camino a favor de la salud, intentando curarnos. La medicina no tiene armas, tiene herramientas, tratamientos, posibilidades.<\/h3>\n<h3>M\u00e1s all\u00e1 de lo f\u00edsico, el c\u00e1ncer puede provocar muchos sentimientos que pueden variar diariamente, a cada segundo.<\/h3>\n<h3>Cada uno de nosotros transitar\u00e1 la enfermedad de la manera que podamos y no podemos compararnos unos con otros. Agobio, negaci\u00f3n, enojo, temor, esperanza, estr\u00e9s y ansiedad, tristeza y depresi\u00f3n, gratitud&#8230; y mas&#8230;<\/h3>\n<h3>El c\u00e1ncer causa efecto en el entorno social y vernos pareciera recordarles a los dem\u00e1s la posibilidad de la muerte propia de manera real y directa, poniendo al enfermo en un papel avergonzante, que averg\u00fcenza\u2026 tampoco queremos l\u00e1stima de los dem\u00e1s, s\u00ed necesitamos amor, acompa\u00f1amiento.<\/h3>\n<h3>La vida pasa durante la enfermedad, sea c\u00e1ncer o cualquier enfermedad cr\u00f3nica. No podemos dejar de vivir, de proyectar, de comprarnos cosas, de hacer.<\/h3>\n<h3>El diagn\u00f3stico de c\u00e1ncer deber\u00eda servir para mejorar el modo en que viv\u00edamos.<\/h3>\n<h3>Podemos dejar de asociar al c\u00e1ncer con la muerte y tomarlo como parte de la vida\u2026\u201d<\/h3>\n","protected":false},"excerpt":{"rendered":"<p>El conocido comunicador de Villa Mercedes fue diagnosticado de esta enfermedad hace un a\u00f1o. Y&#8230;<\/p>\n","protected":false},"author":1,"featured_media":5704,"comment_status":"closed","ping_status":"closed","sticky":false,"template":"","format":"standard","meta":{"footnotes":""},"categories":[6],"tags":[],"class_list":["post-5703","post","type-post","status-publish","format-standard","has-post-thumbnail","hentry","category-ciudad-provincia"],"yoast_head":"<!-- This site is optimized with the Yoast SEO plugin v26.1.1 - https:\/\/yoast.com\/wordpress\/plugins\/seo\/ -->\n<title>\u201cSOY SANTIAGO SCULLY (HIJO), TENGO C\u00c1NCER... Y ESTA ES MI VIVENCIA\u201d - Apuntes de San Luis<\/title>\n<meta name=\"robots\" content=\"index, follow, max-snippet:-1, max-image-preview:large, max-video-preview:-1\" \/>\n<link rel=\"canonical\" href=\"https:\/\/apuntesdesanluis.com\/index.php\/2023\/10\/24\/soy-santiago-scully-hijo-tengo-cancer-y-esta-es-mi-vivencia\/\" \/>\n<meta property=\"og:locale\" content=\"es_ES\" \/>\n<meta property=\"og:type\" content=\"article\" \/>\n<meta property=\"og:title\" content=\"\u201cSOY SANTIAGO SCULLY (HIJO), TENGO C\u00c1NCER... Y ESTA ES MI VIVENCIA\u201d - Apuntes de San Luis\" \/>\n<meta property=\"og:description\" content=\"El conocido comunicador de Villa Mercedes fue diagnosticado de esta enfermedad hace un a\u00f1o. Y...\" \/>\n<meta property=\"og:url\" content=\"https:\/\/apuntesdesanluis.com\/index.php\/2023\/10\/24\/soy-santiago-scully-hijo-tengo-cancer-y-esta-es-mi-vivencia\/\" \/>\n<meta property=\"og:site_name\" content=\"Apuntes de San Luis\" \/>\n<meta property=\"article:published_time\" content=\"2023-10-24T12:27:09+00:00\" \/>\n<meta property=\"article:modified_time\" content=\"2023-10-24T12:30:06+00:00\" \/>\n<meta property=\"og:image\" content=\"https:\/\/apuntesdesanluis.com\/wp-content\/uploads\/2023\/10\/scully.png\" \/>\n\t<meta property=\"og:image:width\" content=\"600\" \/>\n\t<meta property=\"og:image:height\" content=\"392\" \/>\n\t<meta property=\"og:image:type\" content=\"image\/png\" \/>\n<meta name=\"author\" content=\"apuntesdesanluis.com\" \/>\n<meta name=\"twitter:card\" content=\"summary_large_image\" \/>\n<meta name=\"twitter:label1\" content=\"Escrito por\" \/>\n\t<meta name=\"twitter:data1\" content=\"apuntesdesanluis.com\" \/>\n\t<meta name=\"twitter:label2\" content=\"Tiempo de lectura\" \/>\n\t<meta name=\"twitter:data2\" content=\"3 minutos\" \/>\n<script type=\"application\/ld+json\" class=\"yoast-schema-graph\">{\"@context\":\"https:\/\/schema.org\",\"@graph\":[{\"@type\":\"Article\",\"@id\":\"https:\/\/apuntesdesanluis.com\/index.php\/2023\/10\/24\/soy-santiago-scully-hijo-tengo-cancer-y-esta-es-mi-vivencia\/#article\",\"isPartOf\":{\"@id\":\"https:\/\/apuntesdesanluis.com\/index.php\/2023\/10\/24\/soy-santiago-scully-hijo-tengo-cancer-y-esta-es-mi-vivencia\/\"},\"author\":{\"name\":\"apuntesdesanluis.com\",\"@id\":\"https:\/\/apuntesdesanluis.com\/#\/schema\/person\/b55151d52296fcce64d1a72538a70b90\"},\"headline\":\"\u201cSOY SANTIAGO SCULLY (HIJO), TENGO C\u00c1NCER&#8230; Y ESTA ES MI VIVENCIA\u201d\",\"datePublished\":\"2023-10-24T12:27:09+00:00\",\"dateModified\":\"2023-10-24T12:30:06+00:00\",\"mainEntityOfPage\":{\"@id\":\"https:\/\/apuntesdesanluis.com\/index.php\/2023\/10\/24\/soy-santiago-scully-hijo-tengo-cancer-y-esta-es-mi-vivencia\/\"},\"wordCount\":591,\"publisher\":{\"@id\":\"https:\/\/apuntesdesanluis.com\/#\/schema\/person\/b55151d52296fcce64d1a72538a70b90\"},\"image\":{\"@id\":\"https:\/\/apuntesdesanluis.com\/index.php\/2023\/10\/24\/soy-santiago-scully-hijo-tengo-cancer-y-esta-es-mi-vivencia\/#primaryimage\"},\"thumbnailUrl\":\"https:\/\/apuntesdesanluis.com\/wp-content\/uploads\/2023\/10\/scully.png\",\"articleSection\":[\"Ciudad\/Provincia\"],\"inLanguage\":\"es-AR\"},{\"@type\":\"WebPage\",\"@id\":\"https:\/\/apuntesdesanluis.com\/index.php\/2023\/10\/24\/soy-santiago-scully-hijo-tengo-cancer-y-esta-es-mi-vivencia\/\",\"url\":\"https:\/\/apuntesdesanluis.com\/index.php\/2023\/10\/24\/soy-santiago-scully-hijo-tengo-cancer-y-esta-es-mi-vivencia\/\",\"name\":\"\u201cSOY SANTIAGO SCULLY (HIJO), TENGO C\u00c1NCER... Y ESTA ES MI VIVENCIA\u201d - Apuntes de San Luis\",\"isPartOf\":{\"@id\":\"https:\/\/apuntesdesanluis.com\/#website\"},\"primaryImageOfPage\":{\"@id\":\"https:\/\/apuntesdesanluis.com\/index.php\/2023\/10\/24\/soy-santiago-scully-hijo-tengo-cancer-y-esta-es-mi-vivencia\/#primaryimage\"},\"image\":{\"@id\":\"https:\/\/apuntesdesanluis.com\/index.php\/2023\/10\/24\/soy-santiago-scully-hijo-tengo-cancer-y-esta-es-mi-vivencia\/#primaryimage\"},\"thumbnailUrl\":\"https:\/\/apuntesdesanluis.com\/wp-content\/uploads\/2023\/10\/scully.png\",\"datePublished\":\"2023-10-24T12:27:09+00:00\",\"dateModified\":\"2023-10-24T12:30:06+00:00\",\"breadcrumb\":{\"@id\":\"https:\/\/apuntesdesanluis.com\/index.php\/2023\/10\/24\/soy-santiago-scully-hijo-tengo-cancer-y-esta-es-mi-vivencia\/#breadcrumb\"},\"inLanguage\":\"es-AR\",\"potentialAction\":[{\"@type\":\"ReadAction\",\"target\":[\"https:\/\/apuntesdesanluis.com\/index.php\/2023\/10\/24\/soy-santiago-scully-hijo-tengo-cancer-y-esta-es-mi-vivencia\/\"]}]},{\"@type\":\"ImageObject\",\"inLanguage\":\"es-AR\",\"@id\":\"https:\/\/apuntesdesanluis.com\/index.php\/2023\/10\/24\/soy-santiago-scully-hijo-tengo-cancer-y-esta-es-mi-vivencia\/#primaryimage\",\"url\":\"https:\/\/apuntesdesanluis.com\/wp-content\/uploads\/2023\/10\/scully.png\",\"contentUrl\":\"https:\/\/apuntesdesanluis.com\/wp-content\/uploads\/2023\/10\/scully.png\",\"width\":600,\"height\":392},{\"@type\":\"BreadcrumbList\",\"@id\":\"https:\/\/apuntesdesanluis.com\/index.php\/2023\/10\/24\/soy-santiago-scully-hijo-tengo-cancer-y-esta-es-mi-vivencia\/#breadcrumb\",\"itemListElement\":[{\"@type\":\"ListItem\",\"position\":1,\"name\":\"Inicio\",\"item\":\"https:\/\/apuntesdesanluis.com\/\"},{\"@type\":\"ListItem\",\"position\":2,\"name\":\"\u201cSOY SANTIAGO SCULLY (HIJO), TENGO C\u00c1NCER&#8230; Y ESTA ES MI VIVENCIA\u201d\"}]},{\"@type\":\"WebSite\",\"@id\":\"https:\/\/apuntesdesanluis.com\/#website\",\"url\":\"https:\/\/apuntesdesanluis.com\/\",\"name\":\"Apuntes de San Luis\",\"description\":\"\",\"publisher\":{\"@id\":\"https:\/\/apuntesdesanluis.com\/#\/schema\/person\/b55151d52296fcce64d1a72538a70b90\"},\"potentialAction\":[{\"@type\":\"SearchAction\",\"target\":{\"@type\":\"EntryPoint\",\"urlTemplate\":\"https:\/\/apuntesdesanluis.com\/?s={search_term_string}\"},\"query-input\":{\"@type\":\"PropertyValueSpecification\",\"valueRequired\":true,\"valueName\":\"search_term_string\"}}],\"inLanguage\":\"es-AR\"},{\"@type\":[\"Person\",\"Organization\"],\"@id\":\"https:\/\/apuntesdesanluis.com\/#\/schema\/person\/b55151d52296fcce64d1a72538a70b90\",\"name\":\"apuntesdesanluis.com\",\"image\":{\"@type\":\"ImageObject\",\"inLanguage\":\"es-AR\",\"@id\":\"https:\/\/apuntesdesanluis.com\/#\/schema\/person\/image\/\",\"url\":\"https:\/\/apuntesdesanluis.com\/wp-content\/uploads\/2023\/07\/cropped-apuntesdesanluis.png\",\"contentUrl\":\"https:\/\/apuntesdesanluis.com\/wp-content\/uploads\/2023\/07\/cropped-apuntesdesanluis.png\",\"width\":450,\"height\":112,\"caption\":\"apuntesdesanluis.com\"},\"logo\":{\"@id\":\"https:\/\/apuntesdesanluis.com\/#\/schema\/person\/image\/\"},\"sameAs\":[\"https:\/\/apuntesdesanluis.com\"],\"url\":\"https:\/\/apuntesdesanluis.com\/index.php\/author\/apuntesdesanluis-com\/\"}]}<\/script>\n<!-- \/ Yoast SEO plugin. -->","yoast_head_json":{"title":"\u201cSOY SANTIAGO SCULLY (HIJO), TENGO C\u00c1NCER... Y ESTA ES MI VIVENCIA\u201d - Apuntes de San Luis","robots":{"index":"index","follow":"follow","max-snippet":"max-snippet:-1","max-image-preview":"max-image-preview:large","max-video-preview":"max-video-preview:-1"},"canonical":"https:\/\/apuntesdesanluis.com\/index.php\/2023\/10\/24\/soy-santiago-scully-hijo-tengo-cancer-y-esta-es-mi-vivencia\/","og_locale":"es_ES","og_type":"article","og_title":"\u201cSOY SANTIAGO SCULLY (HIJO), TENGO C\u00c1NCER... Y ESTA ES MI VIVENCIA\u201d - Apuntes de San Luis","og_description":"El conocido comunicador de Villa Mercedes fue diagnosticado de esta enfermedad hace un a\u00f1o. Y...","og_url":"https:\/\/apuntesdesanluis.com\/index.php\/2023\/10\/24\/soy-santiago-scully-hijo-tengo-cancer-y-esta-es-mi-vivencia\/","og_site_name":"Apuntes de San Luis","article_published_time":"2023-10-24T12:27:09+00:00","article_modified_time":"2023-10-24T12:30:06+00:00","og_image":[{"width":600,"height":392,"url":"https:\/\/apuntesdesanluis.com\/wp-content\/uploads\/2023\/10\/scully.png","type":"image\/png"}],"author":"apuntesdesanluis.com","twitter_card":"summary_large_image","twitter_misc":{"Escrito por":"apuntesdesanluis.com","Tiempo de lectura":"3 minutos"},"schema":{"@context":"https:\/\/schema.org","@graph":[{"@type":"Article","@id":"https:\/\/apuntesdesanluis.com\/index.php\/2023\/10\/24\/soy-santiago-scully-hijo-tengo-cancer-y-esta-es-mi-vivencia\/#article","isPartOf":{"@id":"https:\/\/apuntesdesanluis.com\/index.php\/2023\/10\/24\/soy-santiago-scully-hijo-tengo-cancer-y-esta-es-mi-vivencia\/"},"author":{"name":"apuntesdesanluis.com","@id":"https:\/\/apuntesdesanluis.com\/#\/schema\/person\/b55151d52296fcce64d1a72538a70b90"},"headline":"\u201cSOY SANTIAGO SCULLY (HIJO), TENGO C\u00c1NCER&#8230; Y ESTA ES MI VIVENCIA\u201d","datePublished":"2023-10-24T12:27:09+00:00","dateModified":"2023-10-24T12:30:06+00:00","mainEntityOfPage":{"@id":"https:\/\/apuntesdesanluis.com\/index.php\/2023\/10\/24\/soy-santiago-scully-hijo-tengo-cancer-y-esta-es-mi-vivencia\/"},"wordCount":591,"publisher":{"@id":"https:\/\/apuntesdesanluis.com\/#\/schema\/person\/b55151d52296fcce64d1a72538a70b90"},"image":{"@id":"https:\/\/apuntesdesanluis.com\/index.php\/2023\/10\/24\/soy-santiago-scully-hijo-tengo-cancer-y-esta-es-mi-vivencia\/#primaryimage"},"thumbnailUrl":"https:\/\/apuntesdesanluis.com\/wp-content\/uploads\/2023\/10\/scully.png","articleSection":["Ciudad\/Provincia"],"inLanguage":"es-AR"},{"@type":"WebPage","@id":"https:\/\/apuntesdesanluis.com\/index.php\/2023\/10\/24\/soy-santiago-scully-hijo-tengo-cancer-y-esta-es-mi-vivencia\/","url":"https:\/\/apuntesdesanluis.com\/index.php\/2023\/10\/24\/soy-santiago-scully-hijo-tengo-cancer-y-esta-es-mi-vivencia\/","name":"\u201cSOY SANTIAGO SCULLY (HIJO), TENGO C\u00c1NCER... Y ESTA ES MI VIVENCIA\u201d - Apuntes de San Luis","isPartOf":{"@id":"https:\/\/apuntesdesanluis.com\/#website"},"primaryImageOfPage":{"@id":"https:\/\/apuntesdesanluis.com\/index.php\/2023\/10\/24\/soy-santiago-scully-hijo-tengo-cancer-y-esta-es-mi-vivencia\/#primaryimage"},"image":{"@id":"https:\/\/apuntesdesanluis.com\/index.php\/2023\/10\/24\/soy-santiago-scully-hijo-tengo-cancer-y-esta-es-mi-vivencia\/#primaryimage"},"thumbnailUrl":"https:\/\/apuntesdesanluis.com\/wp-content\/uploads\/2023\/10\/scully.png","datePublished":"2023-10-24T12:27:09+00:00","dateModified":"2023-10-24T12:30:06+00:00","breadcrumb":{"@id":"https:\/\/apuntesdesanluis.com\/index.php\/2023\/10\/24\/soy-santiago-scully-hijo-tengo-cancer-y-esta-es-mi-vivencia\/#breadcrumb"},"inLanguage":"es-AR","potentialAction":[{"@type":"ReadAction","target":["https:\/\/apuntesdesanluis.com\/index.php\/2023\/10\/24\/soy-santiago-scully-hijo-tengo-cancer-y-esta-es-mi-vivencia\/"]}]},{"@type":"ImageObject","inLanguage":"es-AR","@id":"https:\/\/apuntesdesanluis.com\/index.php\/2023\/10\/24\/soy-santiago-scully-hijo-tengo-cancer-y-esta-es-mi-vivencia\/#primaryimage","url":"https:\/\/apuntesdesanluis.com\/wp-content\/uploads\/2023\/10\/scully.png","contentUrl":"https:\/\/apuntesdesanluis.com\/wp-content\/uploads\/2023\/10\/scully.png","width":600,"height":392},{"@type":"BreadcrumbList","@id":"https:\/\/apuntesdesanluis.com\/index.php\/2023\/10\/24\/soy-santiago-scully-hijo-tengo-cancer-y-esta-es-mi-vivencia\/#breadcrumb","itemListElement":[{"@type":"ListItem","position":1,"name":"Inicio","item":"https:\/\/apuntesdesanluis.com\/"},{"@type":"ListItem","position":2,"name":"\u201cSOY SANTIAGO SCULLY (HIJO), TENGO C\u00c1NCER&#8230; Y ESTA ES MI VIVENCIA\u201d"}]},{"@type":"WebSite","@id":"https:\/\/apuntesdesanluis.com\/#website","url":"https:\/\/apuntesdesanluis.com\/","name":"Apuntes de San Luis","description":"","publisher":{"@id":"https:\/\/apuntesdesanluis.com\/#\/schema\/person\/b55151d52296fcce64d1a72538a70b90"},"potentialAction":[{"@type":"SearchAction","target":{"@type":"EntryPoint","urlTemplate":"https:\/\/apuntesdesanluis.com\/?s={search_term_string}"},"query-input":{"@type":"PropertyValueSpecification","valueRequired":true,"valueName":"search_term_string"}}],"inLanguage":"es-AR"},{"@type":["Person","Organization"],"@id":"https:\/\/apuntesdesanluis.com\/#\/schema\/person\/b55151d52296fcce64d1a72538a70b90","name":"apuntesdesanluis.com","image":{"@type":"ImageObject","inLanguage":"es-AR","@id":"https:\/\/apuntesdesanluis.com\/#\/schema\/person\/image\/","url":"https:\/\/apuntesdesanluis.com\/wp-content\/uploads\/2023\/07\/cropped-apuntesdesanluis.png","contentUrl":"https:\/\/apuntesdesanluis.com\/wp-content\/uploads\/2023\/07\/cropped-apuntesdesanluis.png","width":450,"height":112,"caption":"apuntesdesanluis.com"},"logo":{"@id":"https:\/\/apuntesdesanluis.com\/#\/schema\/person\/image\/"},"sameAs":["https:\/\/apuntesdesanluis.com"],"url":"https:\/\/apuntesdesanluis.com\/index.php\/author\/apuntesdesanluis-com\/"}]}},"featured_image_urls":{"full":["https:\/\/apuntesdesanluis.com\/wp-content\/uploads\/2023\/10\/scully.png",600,392,false],"thumbnail":["https:\/\/apuntesdesanluis.com\/wp-content\/uploads\/2023\/10\/scully-150x150.png",150,150,true],"medium":["https:\/\/apuntesdesanluis.com\/wp-content\/uploads\/2023\/10\/scully-300x196.png",300,196,true],"medium_large":["https:\/\/apuntesdesanluis.com\/wp-content\/uploads\/2023\/10\/scully.png",600,392,false],"large":["https:\/\/apuntesdesanluis.com\/wp-content\/uploads\/2023\/10\/scully.png",600,392,false],"1536x1536":["https:\/\/apuntesdesanluis.com\/wp-content\/uploads\/2023\/10\/scully.png",600,392,false],"2048x2048":["https:\/\/apuntesdesanluis.com\/wp-content\/uploads\/2023\/10\/scully.png",600,392,false],"newsever-slider-full":["https:\/\/apuntesdesanluis.com\/wp-content\/uploads\/2023\/10\/scully.png",600,392,false],"newsever-featured":["https:\/\/apuntesdesanluis.com\/wp-content\/uploads\/2023\/10\/scully.png",600,392,false],"newsever-medium":["https:\/\/apuntesdesanluis.com\/wp-content\/uploads\/2023\/10\/scully.png",600,392,false]},"author_info":{"display_name":"apuntesdesanluis.com","author_link":"https:\/\/apuntesdesanluis.com\/index.php\/author\/apuntesdesanluis-com\/"},"category_info":"<a href=\"https:\/\/apuntesdesanluis.com\/index.php\/category\/ciudad-provincia\/\" rel=\"category tag\">Ciudad\/Provincia<\/a>","tag_info":"Ciudad\/Provincia","comment_count":"0","_links":{"self":[{"href":"https:\/\/apuntesdesanluis.com\/index.php\/wp-json\/wp\/v2\/posts\/5703","targetHints":{"allow":["GET"]}}],"collection":[{"href":"https:\/\/apuntesdesanluis.com\/index.php\/wp-json\/wp\/v2\/posts"}],"about":[{"href":"https:\/\/apuntesdesanluis.com\/index.php\/wp-json\/wp\/v2\/types\/post"}],"author":[{"embeddable":true,"href":"https:\/\/apuntesdesanluis.com\/index.php\/wp-json\/wp\/v2\/users\/1"}],"replies":[{"embeddable":true,"href":"https:\/\/apuntesdesanluis.com\/index.php\/wp-json\/wp\/v2\/comments?post=5703"}],"version-history":[{"count":2,"href":"https:\/\/apuntesdesanluis.com\/index.php\/wp-json\/wp\/v2\/posts\/5703\/revisions"}],"predecessor-version":[{"id":5707,"href":"https:\/\/apuntesdesanluis.com\/index.php\/wp-json\/wp\/v2\/posts\/5703\/revisions\/5707"}],"wp:featuredmedia":[{"embeddable":true,"href":"https:\/\/apuntesdesanluis.com\/index.php\/wp-json\/wp\/v2\/media\/5704"}],"wp:attachment":[{"href":"https:\/\/apuntesdesanluis.com\/index.php\/wp-json\/wp\/v2\/media?parent=5703"}],"wp:term":[{"taxonomy":"category","embeddable":true,"href":"https:\/\/apuntesdesanluis.com\/index.php\/wp-json\/wp\/v2\/categories?post=5703"},{"taxonomy":"post_tag","embeddable":true,"href":"https:\/\/apuntesdesanluis.com\/index.php\/wp-json\/wp\/v2\/tags?post=5703"}],"curies":[{"name":"wp","href":"https:\/\/api.w.org\/{rel}","templated":true}]}}