{"id":5709,"date":"2023-10-24T11:04:08","date_gmt":"2023-10-24T14:04:08","guid":{"rendered":"https:\/\/apuntesdesanluis.com\/?p=5709"},"modified":"2023-10-24T11:04:08","modified_gmt":"2023-10-24T14:04:08","slug":"murio-ricardo-iorio-personaje-e-icono-del-heavy-metal-argentino","status":"publish","type":"post","link":"https:\/\/apuntesdesanluis.com\/index.php\/2023\/10\/24\/murio-ricardo-iorio-personaje-e-icono-del-heavy-metal-argentino\/","title":{"rendered":"MURI\u00d3 RICARDO IORIO, PERSONAJE E \u00cdCONO DEL HEAVY METAL ARGENTINO"},"content":{"rendered":"<h3><strong>Ricardo Iorio<\/strong>, el popular m\u00fasico referente del heavy metal, falleci\u00f3 este martes a los 61 a\u00f1os. Estaba en su casa -ubicada en una zona rural de Coronel Su\u00e1rez- cuando habr\u00eda sufrido un infarto, seg\u00fan inform\u00f3 su abogado, Juan Ignacio Vitalini, en di\u00e1logo con la radio Rock&amp;Pop.<\/h3>\n<h3>\u201cEmpez\u00f3 a correr el rumor en Bah\u00eda Blanca -explic\u00f3 Vitalini-. Intent\u00e9 hablar con algunos familiares, la mujer me confirm\u00f3 la triste noticia. (Iorio) empez\u00f3 a sentirse mal en la casa, un fuerte dolor en el pecho, se acost\u00f3, llamaron a la ambulancia y falleci\u00f3 en el trayecto; cuando ella lleg\u00f3 ya hab\u00eda fallecido. Se desconoc\u00eda si hab\u00eda tenido alg\u00fan problema anterior, la se\u00f1ora me dice que no. Es muy sorpresivo todo. Estaba todo bien, solo sinti\u00f3 ese dolor en el pecho. Una locura. Es una triste noticia\u201d.<\/h3>\n<h3>Minutos despu\u00e9s se conoci\u00f3 el parte oficial: \u201cSe recibe llamado al tel\u00e9fono de emergencias procedente de la sala m\u00e9dica local, solicitando personal policial en el campo donde reside Ricardo Iorio en zona rural de Coronel Su\u00e1rez, a 80 kil\u00f3metros de esta, dando cuenta que habr\u00eda fallecido. Motivo por el cual se da aviso inmediato a personal jurisdiccional por corresponder jurisdicci\u00f3n\u201d, se sostiene en el documento.<\/h3>\n<h3>Ricardo Horacio Iorio hab\u00eda nacido en Ciudadela, en la provincia de Buenos Aires, el 25 de junio de 1962. Su carrera como cantante y compositor es muy extensa. Fue uno de los impulsores del metal argentino y fundador de bandas ic\u00f3nicas como V8, Herm\u00e9tica y Almafuerte. Luego, lanz\u00f3 su carrera como solista. Actualmente se encontraba recorriendo el pa\u00eds.<\/h3>\n<h3>Su \u00faltimo show en vivo fue hace diez d\u00edas, en Rosario, el 14 de octubre en el Anfiteatro Municipal, en el marco de su nueva la gira federal llamada Unas Estrofas M\u00e1s, con Almafuerte. \u201cAc\u00e1 estamos, en Rosario, en los campos, los llanos. El d\u00eda del maldito eclipse, el s\u00e1bado, vamos a estar ah\u00ed para avivar la llama del h\u00e9roe que hay en cada uno de nosotros\u201d, expres\u00f3 Ricardo en el \u00faltimo video que se public\u00f3 en las redes sociales. \u201cA ver si nos encontramos con los de la regi\u00f3n y todos los que quieran arrimarse. Ya saben que las canciones est\u00e1n hechas y con esta banda tan ajustada que tengo que somos una cosa incorregible. Un saludo para todos\u201d, concluye.<\/h3>\n<p><iframe title=\"Iorio      Casella ( mejores momentos )\" width=\"640\" height=\"360\" src=\"https:\/\/www.youtube.com\/embed\/V5SWqi-wLRc?start=3&#038;feature=oembed\" frameborder=\"0\" allow=\"accelerometer; autoplay; clipboard-write; encrypted-media; gyroscope; picture-in-picture; web-share\" referrerpolicy=\"strict-origin-when-cross-origin\" allowfullscreen><\/iframe><\/p>\n<h4 style=\"text-align: center;\"><i>Iorio supo grabar momentos inolvidables en el programa de Beto Casella.<\/i><\/h4>\n<h3>Su amigo Juanchi Baleir\u00f3n, l\u00edder de Los Pericos, escribi\u00f3 en sus redes sociales minutos despu\u00e9s de conocerse la noticia: \u201cNo lo puedo creer, ven\u00edamos charlando cada tanto, estaba lleno de proyectos giras. En noviembre iba a grabar el disco nuevo, no lo puedo creer\u201d.<\/h3>\n<h3>En di\u00e1logo con C5N, Baleir\u00f3n revel\u00f3 que esa comunicaci\u00f3n se hab\u00eda dado hac\u00eda apenas algunas horas: \u201cEstoy at\u00f3nito, habl\u00e9 con \u00e9l anoche, no lo puedo creer. Me enter\u00e9 por una periodista que me llam\u00f3 desde Bah\u00eda Blanca. Yo estaba manejando, llevando a mis hijos al colegio, me avisaron y qued\u00e9 at\u00f3nito porque justo ayer, anoche, habl\u00e9 con \u00e9l. Hac\u00eda mucho que no habl\u00e1bamos, lo hac\u00edamos cada tanto, nos pusimos al d\u00eda de historias de la vida, de recuerdos que tenemos de hace 40 a\u00f1os que nos conocemos o m\u00e1s\u201d.<\/h3>\n<h3>El m\u00fasico cont\u00f3 m\u00e1s detalles de esa que, sin sospecharlo, ser\u00eda su \u00faltima charla. \u201cMe cont\u00f3 de sus proyectos, su gira, que estaba por entrar a grabar el disco que viene con su amigo \u00c1lvaro Villagra. Me mand\u00f3 un vide\u00edto, yo le hab\u00eda mandado un meme y me contest\u00f3. Retomamos la charla y hoy amanezco con esta noticia. Estaba s\u00faper bien, contento, entusiasmado con proyectos y de repente encontrarte con este fue muy duro\u201d, revel\u00f3 en di\u00e1logo con el programa Turno Ma\u00f1ana.<\/h3>\n<h3>\u201cHasta donde yo s\u00e9 no ten\u00eda ning\u00fan problema de salud, nunca me manifest\u00f3 \u00e9l ni su mujer, que es con quien \u00e9l confiaba la comunicaci\u00f3n hacia el mundo exterior, social sobre todo. Sorpresa de todas formas, tristeza y tengo una rara sensaci\u00f3n de haber tenido el privilegio de ser de los \u00faltimos que habl\u00f3 con \u00e9l, de los \u00faltimos colegas que habl\u00f3 con \u00e9l. Fue todo muy extra\u00f1o, reconectamos y charlamos mucho, media hora de cosas de la vida, de historias vividas juntos, y de repente esto, es muy fuerte\u201d, agreg\u00f3 sobre esa comunicaci\u00f3n y anunci\u00f3 que compartir\u00eda el video para que sus seguidores pudieran comprobar que el compositor se encontraba feliz.<\/h3>\n<h3>Con respecto al presente del m\u00fasico y su decisi\u00f3n de vivir alejado de la ciudad, Baleiron cont\u00f3 que su vida hab\u00eda cambiado por completo: \u201cViv\u00eda en Sierra de la Ventana, estaba tranquilo con su mujer, sus hijos ya grandes. Y viv\u00eda una vida de campo, relajado, movi\u00e9ndose los fines de semana en gira. Estaba en ese plan, se hab\u00eda hecho amigo de sus vecinos del campo. Estaba muy relajado, alejado de la ciudad y de algunas relaciones. Estaba tranquilo en ese \u00e1mbito\u201d.<\/h3>\n<h3>\u00a0\u201cOle-le, Ola-la, Iorio es lo m\u00e1s grande del heavy nacional\u201d, rezaba el c\u00e1ntico popular en cada uno de las presentaciones de Iorio. Sin dudas, dej\u00f3 una huella en el g\u00e9nero en la historia de nuestro pa\u00eds.<\/h3>\n","protected":false},"excerpt":{"rendered":"<p>Ricardo Iorio, el popular m\u00fasico referente del heavy metal, falleci\u00f3 este martes a los 61&#8230;<\/p>\n","protected":false},"author":1,"featured_media":5711,"comment_status":"closed","ping_status":"closed","sticky":false,"template":"","format":"standard","meta":{"footnotes":""},"categories":[5],"tags":[],"class_list":["post-5709","post","type-post","status-publish","format-standard","has-post-thumbnail","hentry","category-nacionales-internacionales"],"yoast_head":"<!-- This site is optimized with the Yoast SEO plugin v26.1.1 - https:\/\/yoast.com\/wordpress\/plugins\/seo\/ -->\n<title>MURI\u00d3 RICARDO IORIO, PERSONAJE E \u00cdCONO DEL HEAVY METAL ARGENTINO - Apuntes de San Luis<\/title>\n<meta name=\"robots\" content=\"index, follow, max-snippet:-1, max-image-preview:large, max-video-preview:-1\" \/>\n<link rel=\"canonical\" href=\"https:\/\/apuntesdesanluis.com\/index.php\/2023\/10\/24\/murio-ricardo-iorio-personaje-e-icono-del-heavy-metal-argentino\/\" \/>\n<meta property=\"og:locale\" content=\"es_ES\" \/>\n<meta property=\"og:type\" content=\"article\" \/>\n<meta property=\"og:title\" content=\"MURI\u00d3 RICARDO IORIO, PERSONAJE E \u00cdCONO DEL HEAVY METAL ARGENTINO - Apuntes de San Luis\" \/>\n<meta property=\"og:description\" content=\"Ricardo Iorio, el popular m\u00fasico referente del heavy metal, falleci\u00f3 este martes a los 61...\" \/>\n<meta property=\"og:url\" content=\"https:\/\/apuntesdesanluis.com\/index.php\/2023\/10\/24\/murio-ricardo-iorio-personaje-e-icono-del-heavy-metal-argentino\/\" \/>\n<meta property=\"og:site_name\" content=\"Apuntes de San Luis\" \/>\n<meta property=\"article:published_time\" content=\"2023-10-24T14:04:08+00:00\" \/>\n<meta property=\"og:image\" content=\"https:\/\/apuntesdesanluis.com\/wp-content\/uploads\/2023\/10\/IORIO.png\" \/>\n\t<meta property=\"og:image:width\" content=\"593\" \/>\n\t<meta property=\"og:image:height\" content=\"369\" \/>\n\t<meta property=\"og:image:type\" content=\"image\/png\" \/>\n<meta name=\"author\" content=\"apuntesdesanluis.com\" \/>\n<meta name=\"twitter:card\" content=\"summary_large_image\" \/>\n<meta name=\"twitter:label1\" content=\"Escrito por\" \/>\n\t<meta name=\"twitter:data1\" content=\"apuntesdesanluis.com\" \/>\n\t<meta name=\"twitter:label2\" content=\"Tiempo de lectura\" \/>\n\t<meta name=\"twitter:data2\" content=\"4 minutos\" \/>\n<script type=\"application\/ld+json\" class=\"yoast-schema-graph\">{\"@context\":\"https:\/\/schema.org\",\"@graph\":[{\"@type\":\"Article\",\"@id\":\"https:\/\/apuntesdesanluis.com\/index.php\/2023\/10\/24\/murio-ricardo-iorio-personaje-e-icono-del-heavy-metal-argentino\/#article\",\"isPartOf\":{\"@id\":\"https:\/\/apuntesdesanluis.com\/index.php\/2023\/10\/24\/murio-ricardo-iorio-personaje-e-icono-del-heavy-metal-argentino\/\"},\"author\":{\"name\":\"apuntesdesanluis.com\",\"@id\":\"https:\/\/apuntesdesanluis.com\/#\/schema\/person\/b55151d52296fcce64d1a72538a70b90\"},\"headline\":\"MURI\u00d3 RICARDO IORIO, PERSONAJE E \u00cdCONO DEL HEAVY METAL ARGENTINO\",\"datePublished\":\"2023-10-24T14:04:08+00:00\",\"mainEntityOfPage\":{\"@id\":\"https:\/\/apuntesdesanluis.com\/index.php\/2023\/10\/24\/murio-ricardo-iorio-personaje-e-icono-del-heavy-metal-argentino\/\"},\"wordCount\":922,\"publisher\":{\"@id\":\"https:\/\/apuntesdesanluis.com\/#\/schema\/person\/b55151d52296fcce64d1a72538a70b90\"},\"image\":{\"@id\":\"https:\/\/apuntesdesanluis.com\/index.php\/2023\/10\/24\/murio-ricardo-iorio-personaje-e-icono-del-heavy-metal-argentino\/#primaryimage\"},\"thumbnailUrl\":\"https:\/\/apuntesdesanluis.com\/wp-content\/uploads\/2023\/10\/IORIO.png\",\"articleSection\":[\"Nacionales\/Internacionales\"],\"inLanguage\":\"es-AR\"},{\"@type\":\"WebPage\",\"@id\":\"https:\/\/apuntesdesanluis.com\/index.php\/2023\/10\/24\/murio-ricardo-iorio-personaje-e-icono-del-heavy-metal-argentino\/\",\"url\":\"https:\/\/apuntesdesanluis.com\/index.php\/2023\/10\/24\/murio-ricardo-iorio-personaje-e-icono-del-heavy-metal-argentino\/\",\"name\":\"MURI\u00d3 RICARDO IORIO, PERSONAJE E \u00cdCONO DEL HEAVY METAL ARGENTINO - Apuntes de San Luis\",\"isPartOf\":{\"@id\":\"https:\/\/apuntesdesanluis.com\/#website\"},\"primaryImageOfPage\":{\"@id\":\"https:\/\/apuntesdesanluis.com\/index.php\/2023\/10\/24\/murio-ricardo-iorio-personaje-e-icono-del-heavy-metal-argentino\/#primaryimage\"},\"image\":{\"@id\":\"https:\/\/apuntesdesanluis.com\/index.php\/2023\/10\/24\/murio-ricardo-iorio-personaje-e-icono-del-heavy-metal-argentino\/#primaryimage\"},\"thumbnailUrl\":\"https:\/\/apuntesdesanluis.com\/wp-content\/uploads\/2023\/10\/IORIO.png\",\"datePublished\":\"2023-10-24T14:04:08+00:00\",\"breadcrumb\":{\"@id\":\"https:\/\/apuntesdesanluis.com\/index.php\/2023\/10\/24\/murio-ricardo-iorio-personaje-e-icono-del-heavy-metal-argentino\/#breadcrumb\"},\"inLanguage\":\"es-AR\",\"potentialAction\":[{\"@type\":\"ReadAction\",\"target\":[\"https:\/\/apuntesdesanluis.com\/index.php\/2023\/10\/24\/murio-ricardo-iorio-personaje-e-icono-del-heavy-metal-argentino\/\"]}]},{\"@type\":\"ImageObject\",\"inLanguage\":\"es-AR\",\"@id\":\"https:\/\/apuntesdesanluis.com\/index.php\/2023\/10\/24\/murio-ricardo-iorio-personaje-e-icono-del-heavy-metal-argentino\/#primaryimage\",\"url\":\"https:\/\/apuntesdesanluis.com\/wp-content\/uploads\/2023\/10\/IORIO.png\",\"contentUrl\":\"https:\/\/apuntesdesanluis.com\/wp-content\/uploads\/2023\/10\/IORIO.png\",\"width\":593,\"height\":369},{\"@type\":\"BreadcrumbList\",\"@id\":\"https:\/\/apuntesdesanluis.com\/index.php\/2023\/10\/24\/murio-ricardo-iorio-personaje-e-icono-del-heavy-metal-argentino\/#breadcrumb\",\"itemListElement\":[{\"@type\":\"ListItem\",\"position\":1,\"name\":\"Inicio\",\"item\":\"https:\/\/apuntesdesanluis.com\/\"},{\"@type\":\"ListItem\",\"position\":2,\"name\":\"MURI\u00d3 RICARDO IORIO, PERSONAJE E \u00cdCONO DEL HEAVY METAL ARGENTINO\"}]},{\"@type\":\"WebSite\",\"@id\":\"https:\/\/apuntesdesanluis.com\/#website\",\"url\":\"https:\/\/apuntesdesanluis.com\/\",\"name\":\"Apuntes de San Luis\",\"description\":\"\",\"publisher\":{\"@id\":\"https:\/\/apuntesdesanluis.com\/#\/schema\/person\/b55151d52296fcce64d1a72538a70b90\"},\"potentialAction\":[{\"@type\":\"SearchAction\",\"target\":{\"@type\":\"EntryPoint\",\"urlTemplate\":\"https:\/\/apuntesdesanluis.com\/?s={search_term_string}\"},\"query-input\":{\"@type\":\"PropertyValueSpecification\",\"valueRequired\":true,\"valueName\":\"search_term_string\"}}],\"inLanguage\":\"es-AR\"},{\"@type\":[\"Person\",\"Organization\"],\"@id\":\"https:\/\/apuntesdesanluis.com\/#\/schema\/person\/b55151d52296fcce64d1a72538a70b90\",\"name\":\"apuntesdesanluis.com\",\"image\":{\"@type\":\"ImageObject\",\"inLanguage\":\"es-AR\",\"@id\":\"https:\/\/apuntesdesanluis.com\/#\/schema\/person\/image\/\",\"url\":\"https:\/\/apuntesdesanluis.com\/wp-content\/uploads\/2023\/07\/cropped-apuntesdesanluis.png\",\"contentUrl\":\"https:\/\/apuntesdesanluis.com\/wp-content\/uploads\/2023\/07\/cropped-apuntesdesanluis.png\",\"width\":450,\"height\":112,\"caption\":\"apuntesdesanluis.com\"},\"logo\":{\"@id\":\"https:\/\/apuntesdesanluis.com\/#\/schema\/person\/image\/\"},\"sameAs\":[\"https:\/\/apuntesdesanluis.com\"],\"url\":\"https:\/\/apuntesdesanluis.com\/index.php\/author\/apuntesdesanluis-com\/\"}]}<\/script>\n<!-- \/ Yoast SEO plugin. -->","yoast_head_json":{"title":"MURI\u00d3 RICARDO IORIO, PERSONAJE E \u00cdCONO DEL HEAVY METAL ARGENTINO - Apuntes de San Luis","robots":{"index":"index","follow":"follow","max-snippet":"max-snippet:-1","max-image-preview":"max-image-preview:large","max-video-preview":"max-video-preview:-1"},"canonical":"https:\/\/apuntesdesanluis.com\/index.php\/2023\/10\/24\/murio-ricardo-iorio-personaje-e-icono-del-heavy-metal-argentino\/","og_locale":"es_ES","og_type":"article","og_title":"MURI\u00d3 RICARDO IORIO, PERSONAJE E \u00cdCONO DEL HEAVY METAL ARGENTINO - Apuntes de San Luis","og_description":"Ricardo Iorio, el popular m\u00fasico referente del heavy metal, falleci\u00f3 este martes a los 61...","og_url":"https:\/\/apuntesdesanluis.com\/index.php\/2023\/10\/24\/murio-ricardo-iorio-personaje-e-icono-del-heavy-metal-argentino\/","og_site_name":"Apuntes de San Luis","article_published_time":"2023-10-24T14:04:08+00:00","og_image":[{"width":593,"height":369,"url":"https:\/\/apuntesdesanluis.com\/wp-content\/uploads\/2023\/10\/IORIO.png","type":"image\/png"}],"author":"apuntesdesanluis.com","twitter_card":"summary_large_image","twitter_misc":{"Escrito por":"apuntesdesanluis.com","Tiempo de lectura":"4 minutos"},"schema":{"@context":"https:\/\/schema.org","@graph":[{"@type":"Article","@id":"https:\/\/apuntesdesanluis.com\/index.php\/2023\/10\/24\/murio-ricardo-iorio-personaje-e-icono-del-heavy-metal-argentino\/#article","isPartOf":{"@id":"https:\/\/apuntesdesanluis.com\/index.php\/2023\/10\/24\/murio-ricardo-iorio-personaje-e-icono-del-heavy-metal-argentino\/"},"author":{"name":"apuntesdesanluis.com","@id":"https:\/\/apuntesdesanluis.com\/#\/schema\/person\/b55151d52296fcce64d1a72538a70b90"},"headline":"MURI\u00d3 RICARDO IORIO, PERSONAJE E \u00cdCONO DEL HEAVY METAL ARGENTINO","datePublished":"2023-10-24T14:04:08+00:00","mainEntityOfPage":{"@id":"https:\/\/apuntesdesanluis.com\/index.php\/2023\/10\/24\/murio-ricardo-iorio-personaje-e-icono-del-heavy-metal-argentino\/"},"wordCount":922,"publisher":{"@id":"https:\/\/apuntesdesanluis.com\/#\/schema\/person\/b55151d52296fcce64d1a72538a70b90"},"image":{"@id":"https:\/\/apuntesdesanluis.com\/index.php\/2023\/10\/24\/murio-ricardo-iorio-personaje-e-icono-del-heavy-metal-argentino\/#primaryimage"},"thumbnailUrl":"https:\/\/apuntesdesanluis.com\/wp-content\/uploads\/2023\/10\/IORIO.png","articleSection":["Nacionales\/Internacionales"],"inLanguage":"es-AR"},{"@type":"WebPage","@id":"https:\/\/apuntesdesanluis.com\/index.php\/2023\/10\/24\/murio-ricardo-iorio-personaje-e-icono-del-heavy-metal-argentino\/","url":"https:\/\/apuntesdesanluis.com\/index.php\/2023\/10\/24\/murio-ricardo-iorio-personaje-e-icono-del-heavy-metal-argentino\/","name":"MURI\u00d3 RICARDO IORIO, PERSONAJE E \u00cdCONO DEL HEAVY METAL ARGENTINO - Apuntes de San Luis","isPartOf":{"@id":"https:\/\/apuntesdesanluis.com\/#website"},"primaryImageOfPage":{"@id":"https:\/\/apuntesdesanluis.com\/index.php\/2023\/10\/24\/murio-ricardo-iorio-personaje-e-icono-del-heavy-metal-argentino\/#primaryimage"},"image":{"@id":"https:\/\/apuntesdesanluis.com\/index.php\/2023\/10\/24\/murio-ricardo-iorio-personaje-e-icono-del-heavy-metal-argentino\/#primaryimage"},"thumbnailUrl":"https:\/\/apuntesdesanluis.com\/wp-content\/uploads\/2023\/10\/IORIO.png","datePublished":"2023-10-24T14:04:08+00:00","breadcrumb":{"@id":"https:\/\/apuntesdesanluis.com\/index.php\/2023\/10\/24\/murio-ricardo-iorio-personaje-e-icono-del-heavy-metal-argentino\/#breadcrumb"},"inLanguage":"es-AR","potentialAction":[{"@type":"ReadAction","target":["https:\/\/apuntesdesanluis.com\/index.php\/2023\/10\/24\/murio-ricardo-iorio-personaje-e-icono-del-heavy-metal-argentino\/"]}]},{"@type":"ImageObject","inLanguage":"es-AR","@id":"https:\/\/apuntesdesanluis.com\/index.php\/2023\/10\/24\/murio-ricardo-iorio-personaje-e-icono-del-heavy-metal-argentino\/#primaryimage","url":"https:\/\/apuntesdesanluis.com\/wp-content\/uploads\/2023\/10\/IORIO.png","contentUrl":"https:\/\/apuntesdesanluis.com\/wp-content\/uploads\/2023\/10\/IORIO.png","width":593,"height":369},{"@type":"BreadcrumbList","@id":"https:\/\/apuntesdesanluis.com\/index.php\/2023\/10\/24\/murio-ricardo-iorio-personaje-e-icono-del-heavy-metal-argentino\/#breadcrumb","itemListElement":[{"@type":"ListItem","position":1,"name":"Inicio","item":"https:\/\/apuntesdesanluis.com\/"},{"@type":"ListItem","position":2,"name":"MURI\u00d3 RICARDO IORIO, PERSONAJE E \u00cdCONO DEL HEAVY METAL ARGENTINO"}]},{"@type":"WebSite","@id":"https:\/\/apuntesdesanluis.com\/#website","url":"https:\/\/apuntesdesanluis.com\/","name":"Apuntes de San Luis","description":"","publisher":{"@id":"https:\/\/apuntesdesanluis.com\/#\/schema\/person\/b55151d52296fcce64d1a72538a70b90"},"potentialAction":[{"@type":"SearchAction","target":{"@type":"EntryPoint","urlTemplate":"https:\/\/apuntesdesanluis.com\/?s={search_term_string}"},"query-input":{"@type":"PropertyValueSpecification","valueRequired":true,"valueName":"search_term_string"}}],"inLanguage":"es-AR"},{"@type":["Person","Organization"],"@id":"https:\/\/apuntesdesanluis.com\/#\/schema\/person\/b55151d52296fcce64d1a72538a70b90","name":"apuntesdesanluis.com","image":{"@type":"ImageObject","inLanguage":"es-AR","@id":"https:\/\/apuntesdesanluis.com\/#\/schema\/person\/image\/","url":"https:\/\/apuntesdesanluis.com\/wp-content\/uploads\/2023\/07\/cropped-apuntesdesanluis.png","contentUrl":"https:\/\/apuntesdesanluis.com\/wp-content\/uploads\/2023\/07\/cropped-apuntesdesanluis.png","width":450,"height":112,"caption":"apuntesdesanluis.com"},"logo":{"@id":"https:\/\/apuntesdesanluis.com\/#\/schema\/person\/image\/"},"sameAs":["https:\/\/apuntesdesanluis.com"],"url":"https:\/\/apuntesdesanluis.com\/index.php\/author\/apuntesdesanluis-com\/"}]}},"featured_image_urls":{"full":["https:\/\/apuntesdesanluis.com\/wp-content\/uploads\/2023\/10\/IORIO.png",593,369,false],"thumbnail":["https:\/\/apuntesdesanluis.com\/wp-content\/uploads\/2023\/10\/IORIO-150x150.png",150,150,true],"medium":["https:\/\/apuntesdesanluis.com\/wp-content\/uploads\/2023\/10\/IORIO-300x187.png",300,187,true],"medium_large":["https:\/\/apuntesdesanluis.com\/wp-content\/uploads\/2023\/10\/IORIO.png",593,369,false],"large":["https:\/\/apuntesdesanluis.com\/wp-content\/uploads\/2023\/10\/IORIO.png",593,369,false],"1536x1536":["https:\/\/apuntesdesanluis.com\/wp-content\/uploads\/2023\/10\/IORIO.png",593,369,false],"2048x2048":["https:\/\/apuntesdesanluis.com\/wp-content\/uploads\/2023\/10\/IORIO.png",593,369,false],"newsever-slider-full":["https:\/\/apuntesdesanluis.com\/wp-content\/uploads\/2023\/10\/IORIO.png",593,369,false],"newsever-featured":["https:\/\/apuntesdesanluis.com\/wp-content\/uploads\/2023\/10\/IORIO.png",593,369,false],"newsever-medium":["https:\/\/apuntesdesanluis.com\/wp-content\/uploads\/2023\/10\/IORIO.png",593,369,false]},"author_info":{"display_name":"apuntesdesanluis.com","author_link":"https:\/\/apuntesdesanluis.com\/index.php\/author\/apuntesdesanluis-com\/"},"category_info":"<a href=\"https:\/\/apuntesdesanluis.com\/index.php\/category\/nacionales-internacionales\/\" rel=\"category tag\">Nacionales\/Internacionales<\/a>","tag_info":"Nacionales\/Internacionales","comment_count":"0","_links":{"self":[{"href":"https:\/\/apuntesdesanluis.com\/index.php\/wp-json\/wp\/v2\/posts\/5709","targetHints":{"allow":["GET"]}}],"collection":[{"href":"https:\/\/apuntesdesanluis.com\/index.php\/wp-json\/wp\/v2\/posts"}],"about":[{"href":"https:\/\/apuntesdesanluis.com\/index.php\/wp-json\/wp\/v2\/types\/post"}],"author":[{"embeddable":true,"href":"https:\/\/apuntesdesanluis.com\/index.php\/wp-json\/wp\/v2\/users\/1"}],"replies":[{"embeddable":true,"href":"https:\/\/apuntesdesanluis.com\/index.php\/wp-json\/wp\/v2\/comments?post=5709"}],"version-history":[{"count":2,"href":"https:\/\/apuntesdesanluis.com\/index.php\/wp-json\/wp\/v2\/posts\/5709\/revisions"}],"predecessor-version":[{"id":5712,"href":"https:\/\/apuntesdesanluis.com\/index.php\/wp-json\/wp\/v2\/posts\/5709\/revisions\/5712"}],"wp:featuredmedia":[{"embeddable":true,"href":"https:\/\/apuntesdesanluis.com\/index.php\/wp-json\/wp\/v2\/media\/5711"}],"wp:attachment":[{"href":"https:\/\/apuntesdesanluis.com\/index.php\/wp-json\/wp\/v2\/media?parent=5709"}],"wp:term":[{"taxonomy":"category","embeddable":true,"href":"https:\/\/apuntesdesanluis.com\/index.php\/wp-json\/wp\/v2\/categories?post=5709"},{"taxonomy":"post_tag","embeddable":true,"href":"https:\/\/apuntesdesanluis.com\/index.php\/wp-json\/wp\/v2\/tags?post=5709"}],"curies":[{"name":"wp","href":"https:\/\/api.w.org\/{rel}","templated":true}]}}