{"id":5728,"date":"2023-10-24T13:50:13","date_gmt":"2023-10-24T16:50:13","guid":{"rendered":"https:\/\/apuntesdesanluis.com\/?p=5728"},"modified":"2023-10-24T13:50:13","modified_gmt":"2023-10-24T16:50:13","slug":"detuvieron-a-el-croata-en-una-causa-por-lavado-de-dinero-narco-vinculada-al-cartel-de-sinaloa","status":"publish","type":"post","link":"https:\/\/apuntesdesanluis.com\/index.php\/2023\/10\/24\/detuvieron-a-el-croata-en-una-causa-por-lavado-de-dinero-narco-vinculada-al-cartel-de-sinaloa\/","title":{"rendered":"DETUVIERON A \u201cEL CROATA\u201d EN UNA CAUSA POR LAVADO DE DINERO NARCO VINCULADA AL CARTEL DE SINALOA"},"content":{"rendered":"<h3>Este martes por la ma\u00f1ana el financista <strong>Ivo Rojnica<\/strong>, alias \u201cEl Croata\u201d, sospechado de regentear la mayor cueva financiera de la City porte\u00f1a, fue detenido por el Departamento Contra El Crimen Organizado de la Polic\u00eda de la Ciudad, con la colaboraci\u00f3n de la Polic\u00eda Federal, en el marco de una causa por lavado de dinero narco del Cartel de Sinaloa, investigada por el juez federal Federico Villena, con asiento en Lomas de Zamora.<\/h3>\n<h3>Fuentes del caso aseguran que en el operativo, que incluy\u00f3 23 allanamientos en Capital Federal y en countries de la zona norte, tambi\u00e9n fue arrestado <strong>Federico Pulenta<\/strong>, otro hist\u00f3rico socio de Rojnica en diversas firmas del negocio financiero. Hay un tercer detenido, identificado como <strong>Agust\u00edn Estrada Palomeque<\/strong>, de 45 a\u00f1os, extranjero, empresario, se\u00f1alado semanas atr\u00e1s por supuestamente discriminar a una trabajadora de Aerol\u00edneas Argentinas seg\u00fan diversos medios.<\/h3>\n<h3>Pulenta fue detenido en el barrio cerrado \u201cEl Encuentro\u201d, en Benav\u00eddez. \u201cEl Croata\u201d fue aprehendido en el barrio El Golf de Nordelta, donde se hall\u00f3 gran cantidad de documentaci\u00f3n de inter\u00e9s para la causa. Por otra parte, la Aduana particip\u00f3 en varios procedimientos en oficinas sat\u00e9lite de Rojnica, donde se encontraron armas de fuego y gran cantidad de dinero.<\/h3>\n<h3>El expediente por el que fue detenido, que comenz\u00f3 en 2018, es un desprendimiento de la causa \u201cBobinas Blancas\u201d, que investig\u00f3 en 2017 la pista de un grupo de traficantes mexicanos y sus c\u00f3mplices locales que conformaron una estructura local para exportar la droga oculta en cargamentos a destinos como Canad\u00e1 y mover su dinero con una serie de empresas fantasma. El caso comenz\u00f3 tras el hallazgo 1375 kilos de coca\u00edna dentro de ocho bobinas de acero en un galp\u00f3n en el Parque Industrial de Bah\u00eda Blanca, junto a otros 486,28 kilos dentro de bolsas de arpillera hallados en un galp\u00f3n en la localidad mendocina de Perdriel.<\/h3>\n<p><img fetchpriority=\"high\" decoding=\"async\" class=\"wp-image-5729 aligncenter\" src=\"https:\/\/apuntesdesanluis.com\/wp-content\/uploads\/2023\/10\/dinero-y-armas-300x178.png\" alt=\"\" width=\"561\" height=\"333\" srcset=\"https:\/\/apuntesdesanluis.com\/wp-content\/uploads\/2023\/10\/dinero-y-armas-300x178.png 300w, https:\/\/apuntesdesanluis.com\/wp-content\/uploads\/2023\/10\/dinero-y-armas.png 600w\" sizes=\"(max-width: 561px) 100vw, 561px\" \/><\/p>\n<h3>El expediente a cargo de Villena corre en paralelo al que investiga el Juzgado Federal N\u00b08 a cargo de Marcelo Mart\u00ednez de Giorgi y que tiene la megafinanciera Nimbus Group como blanco principal. Nimbus Group, cuyas oficinas ocupaban un piso entero en un edificio de la Avenida San Mart\u00edn, fue allanada dos semanas atr\u00e1s por la Aduana\/AFIP y la PFA en medio de estrictos controles por la escalada del d\u00f3lar libre. All\u00ed, se encontr\u00f3 gran cantidad de documentaci\u00f3n, computadoras y 15 m\u00e1quinas de contar dinero.<\/h3>\n<h3>Por otra parte, el reconocido abogado Gast\u00f3n Marano, que representaba a Rojnica en el expediente que tramita en Comodoro Py, renunci\u00f3 ayer lunes a la defensa de \u201cEl Croata\u201d al argumentar diferencias en la estrategia procesal. Marano no representaba a Rojnica en la causa investigada por Villena.<\/h3>\n<h3>Semanas atr\u00e1s, Mart\u00ednez de Giorg\u00ed le hab\u00eda prohibido a Rojnica salir del pa\u00eds. Fuentes del caso aseguran que se investiga la ruta del dinero de Nimbus Group. Se sospecha de, al menos, tres agencias de viaje que vend\u00edan paquetes tur\u00edsticos a extranjeros en d\u00f3lares, con una compleja tramoya.<\/h3>\n<h3>\u201cSe sospecha que se hac\u00eda facturar a varias personas, luego cambiaban el d\u00f3lar billete a pesos y Nimbus se ocupaba de depositar los pesos en dep\u00f3sitos fraccionados de 15 a 19 millones por dep\u00f3sito. Con esto, la financiera se quedar\u00eda con la diferencia entre el d\u00f3lar Qatar y el libre\u201d, dijo un investigador.<\/h3>\n<h3>Con respecto a \u201cBobinas Blancas\u201d, en septiembre de 2021, el Tribunal Oral en lo Criminal Federal de Bah\u00eda Blanca conden\u00f3 a siete integrantes de la banda con penas de entre 5 y 15 a\u00f1os de prisi\u00f3n.<\/h3>\n<h3>Los jugadores mexicanos de la organizaci\u00f3n recibieron las penas m\u00e1s duras. Max Rodr\u00edguez C\u00f3rdova fue sentenciado a 15 a\u00f1os, mientras que Jes\u00fas Madrigal Vargas y Gilberto Acevedo Villanueva recibieron ambos 14 a\u00f1os.<\/h3>\n<h3>Rojnica y sus presuntos c\u00f3mplices no son los primeros en ser investigados por la pista del narcolavado del caso. Emmanuel Garc\u00eda, un broker de criptomonedas que convirti\u00f3 468 mil d\u00f3lares de la banda en bitcoin, recibi\u00f3 5 a\u00f1os de encierro en 2021.<\/h3>\n<p>&nbsp;<\/p>\n<p>&nbsp;<\/p>\n<p>&nbsp;<\/p>\n","protected":false},"excerpt":{"rendered":"<p>Este martes por la ma\u00f1ana el financista Ivo Rojnica, alias \u201cEl Croata\u201d, sospechado de regentear&#8230;<\/p>\n","protected":false},"author":1,"featured_media":5730,"comment_status":"closed","ping_status":"closed","sticky":false,"template":"","format":"standard","meta":{"footnotes":""},"categories":[5],"tags":[],"class_list":["post-5728","post","type-post","status-publish","format-standard","has-post-thumbnail","hentry","category-nacionales-internacionales"],"yoast_head":"<!-- This site is optimized with the Yoast SEO plugin v26.1.1 - https:\/\/yoast.com\/wordpress\/plugins\/seo\/ -->\n<title>DETUVIERON A \u201cEL CROATA\u201d EN UNA CAUSA POR LAVADO DE DINERO NARCO VINCULADA AL CARTEL DE SINALOA - Apuntes de San Luis<\/title>\n<meta name=\"robots\" content=\"index, follow, max-snippet:-1, max-image-preview:large, max-video-preview:-1\" \/>\n<link rel=\"canonical\" href=\"https:\/\/apuntesdesanluis.com\/index.php\/2023\/10\/24\/detuvieron-a-el-croata-en-una-causa-por-lavado-de-dinero-narco-vinculada-al-cartel-de-sinaloa\/\" \/>\n<meta property=\"og:locale\" content=\"es_ES\" \/>\n<meta property=\"og:type\" content=\"article\" \/>\n<meta property=\"og:title\" content=\"DETUVIERON A \u201cEL CROATA\u201d EN UNA CAUSA POR LAVADO DE DINERO NARCO VINCULADA AL CARTEL DE SINALOA - Apuntes de San Luis\" \/>\n<meta property=\"og:description\" content=\"Este martes por la ma\u00f1ana el financista Ivo Rojnica, alias \u201cEl Croata\u201d, sospechado de regentear...\" \/>\n<meta property=\"og:url\" content=\"https:\/\/apuntesdesanluis.com\/index.php\/2023\/10\/24\/detuvieron-a-el-croata-en-una-causa-por-lavado-de-dinero-narco-vinculada-al-cartel-de-sinaloa\/\" \/>\n<meta property=\"og:site_name\" content=\"Apuntes de San Luis\" \/>\n<meta property=\"article:published_time\" content=\"2023-10-24T16:50:13+00:00\" \/>\n<meta property=\"og:image\" content=\"https:\/\/apuntesdesanluis.com\/wp-content\/uploads\/2023\/10\/el-croata-1.png\" \/>\n\t<meta property=\"og:image:width\" content=\"587\" \/>\n\t<meta property=\"og:image:height\" content=\"359\" \/>\n\t<meta property=\"og:image:type\" content=\"image\/png\" \/>\n<meta name=\"author\" content=\"apuntesdesanluis.com\" \/>\n<meta name=\"twitter:card\" content=\"summary_large_image\" \/>\n<meta name=\"twitter:label1\" content=\"Escrito por\" \/>\n\t<meta name=\"twitter:data1\" content=\"apuntesdesanluis.com\" \/>\n\t<meta name=\"twitter:label2\" content=\"Tiempo de lectura\" \/>\n\t<meta name=\"twitter:data2\" content=\"4 minutos\" \/>\n<script type=\"application\/ld+json\" class=\"yoast-schema-graph\">{\"@context\":\"https:\/\/schema.org\",\"@graph\":[{\"@type\":\"Article\",\"@id\":\"https:\/\/apuntesdesanluis.com\/index.php\/2023\/10\/24\/detuvieron-a-el-croata-en-una-causa-por-lavado-de-dinero-narco-vinculada-al-cartel-de-sinaloa\/#article\",\"isPartOf\":{\"@id\":\"https:\/\/apuntesdesanluis.com\/index.php\/2023\/10\/24\/detuvieron-a-el-croata-en-una-causa-por-lavado-de-dinero-narco-vinculada-al-cartel-de-sinaloa\/\"},\"author\":{\"name\":\"apuntesdesanluis.com\",\"@id\":\"https:\/\/apuntesdesanluis.com\/#\/schema\/person\/b55151d52296fcce64d1a72538a70b90\"},\"headline\":\"DETUVIERON A \u201cEL CROATA\u201d EN UNA CAUSA POR LAVADO DE DINERO NARCO VINCULADA AL CARTEL DE SINALOA\",\"datePublished\":\"2023-10-24T16:50:13+00:00\",\"mainEntityOfPage\":{\"@id\":\"https:\/\/apuntesdesanluis.com\/index.php\/2023\/10\/24\/detuvieron-a-el-croata-en-una-causa-por-lavado-de-dinero-narco-vinculada-al-cartel-de-sinaloa\/\"},\"wordCount\":709,\"publisher\":{\"@id\":\"https:\/\/apuntesdesanluis.com\/#\/schema\/person\/b55151d52296fcce64d1a72538a70b90\"},\"image\":{\"@id\":\"https:\/\/apuntesdesanluis.com\/index.php\/2023\/10\/24\/detuvieron-a-el-croata-en-una-causa-por-lavado-de-dinero-narco-vinculada-al-cartel-de-sinaloa\/#primaryimage\"},\"thumbnailUrl\":\"https:\/\/apuntesdesanluis.com\/wp-content\/uploads\/2023\/10\/el-croata-1.png\",\"articleSection\":[\"Nacionales\/Internacionales\"],\"inLanguage\":\"es-AR\"},{\"@type\":\"WebPage\",\"@id\":\"https:\/\/apuntesdesanluis.com\/index.php\/2023\/10\/24\/detuvieron-a-el-croata-en-una-causa-por-lavado-de-dinero-narco-vinculada-al-cartel-de-sinaloa\/\",\"url\":\"https:\/\/apuntesdesanluis.com\/index.php\/2023\/10\/24\/detuvieron-a-el-croata-en-una-causa-por-lavado-de-dinero-narco-vinculada-al-cartel-de-sinaloa\/\",\"name\":\"DETUVIERON A \u201cEL CROATA\u201d EN UNA CAUSA POR LAVADO DE DINERO NARCO VINCULADA AL CARTEL DE SINALOA - Apuntes de San Luis\",\"isPartOf\":{\"@id\":\"https:\/\/apuntesdesanluis.com\/#website\"},\"primaryImageOfPage\":{\"@id\":\"https:\/\/apuntesdesanluis.com\/index.php\/2023\/10\/24\/detuvieron-a-el-croata-en-una-causa-por-lavado-de-dinero-narco-vinculada-al-cartel-de-sinaloa\/#primaryimage\"},\"image\":{\"@id\":\"https:\/\/apuntesdesanluis.com\/index.php\/2023\/10\/24\/detuvieron-a-el-croata-en-una-causa-por-lavado-de-dinero-narco-vinculada-al-cartel-de-sinaloa\/#primaryimage\"},\"thumbnailUrl\":\"https:\/\/apuntesdesanluis.com\/wp-content\/uploads\/2023\/10\/el-croata-1.png\",\"datePublished\":\"2023-10-24T16:50:13+00:00\",\"breadcrumb\":{\"@id\":\"https:\/\/apuntesdesanluis.com\/index.php\/2023\/10\/24\/detuvieron-a-el-croata-en-una-causa-por-lavado-de-dinero-narco-vinculada-al-cartel-de-sinaloa\/#breadcrumb\"},\"inLanguage\":\"es-AR\",\"potentialAction\":[{\"@type\":\"ReadAction\",\"target\":[\"https:\/\/apuntesdesanluis.com\/index.php\/2023\/10\/24\/detuvieron-a-el-croata-en-una-causa-por-lavado-de-dinero-narco-vinculada-al-cartel-de-sinaloa\/\"]}]},{\"@type\":\"ImageObject\",\"inLanguage\":\"es-AR\",\"@id\":\"https:\/\/apuntesdesanluis.com\/index.php\/2023\/10\/24\/detuvieron-a-el-croata-en-una-causa-por-lavado-de-dinero-narco-vinculada-al-cartel-de-sinaloa\/#primaryimage\",\"url\":\"https:\/\/apuntesdesanluis.com\/wp-content\/uploads\/2023\/10\/el-croata-1.png\",\"contentUrl\":\"https:\/\/apuntesdesanluis.com\/wp-content\/uploads\/2023\/10\/el-croata-1.png\",\"width\":587,\"height\":359},{\"@type\":\"BreadcrumbList\",\"@id\":\"https:\/\/apuntesdesanluis.com\/index.php\/2023\/10\/24\/detuvieron-a-el-croata-en-una-causa-por-lavado-de-dinero-narco-vinculada-al-cartel-de-sinaloa\/#breadcrumb\",\"itemListElement\":[{\"@type\":\"ListItem\",\"position\":1,\"name\":\"Inicio\",\"item\":\"https:\/\/apuntesdesanluis.com\/\"},{\"@type\":\"ListItem\",\"position\":2,\"name\":\"DETUVIERON A \u201cEL CROATA\u201d EN UNA CAUSA POR LAVADO DE DINERO NARCO VINCULADA AL CARTEL DE SINALOA\"}]},{\"@type\":\"WebSite\",\"@id\":\"https:\/\/apuntesdesanluis.com\/#website\",\"url\":\"https:\/\/apuntesdesanluis.com\/\",\"name\":\"Apuntes de San Luis\",\"description\":\"\",\"publisher\":{\"@id\":\"https:\/\/apuntesdesanluis.com\/#\/schema\/person\/b55151d52296fcce64d1a72538a70b90\"},\"potentialAction\":[{\"@type\":\"SearchAction\",\"target\":{\"@type\":\"EntryPoint\",\"urlTemplate\":\"https:\/\/apuntesdesanluis.com\/?s={search_term_string}\"},\"query-input\":{\"@type\":\"PropertyValueSpecification\",\"valueRequired\":true,\"valueName\":\"search_term_string\"}}],\"inLanguage\":\"es-AR\"},{\"@type\":[\"Person\",\"Organization\"],\"@id\":\"https:\/\/apuntesdesanluis.com\/#\/schema\/person\/b55151d52296fcce64d1a72538a70b90\",\"name\":\"apuntesdesanluis.com\",\"image\":{\"@type\":\"ImageObject\",\"inLanguage\":\"es-AR\",\"@id\":\"https:\/\/apuntesdesanluis.com\/#\/schema\/person\/image\/\",\"url\":\"https:\/\/apuntesdesanluis.com\/wp-content\/uploads\/2023\/07\/cropped-apuntesdesanluis.png\",\"contentUrl\":\"https:\/\/apuntesdesanluis.com\/wp-content\/uploads\/2023\/07\/cropped-apuntesdesanluis.png\",\"width\":450,\"height\":112,\"caption\":\"apuntesdesanluis.com\"},\"logo\":{\"@id\":\"https:\/\/apuntesdesanluis.com\/#\/schema\/person\/image\/\"},\"sameAs\":[\"https:\/\/apuntesdesanluis.com\"],\"url\":\"https:\/\/apuntesdesanluis.com\/index.php\/author\/apuntesdesanluis-com\/\"}]}<\/script>\n<!-- \/ Yoast SEO plugin. -->","yoast_head_json":{"title":"DETUVIERON A \u201cEL CROATA\u201d EN UNA CAUSA POR LAVADO DE DINERO NARCO VINCULADA AL CARTEL DE SINALOA - Apuntes de San Luis","robots":{"index":"index","follow":"follow","max-snippet":"max-snippet:-1","max-image-preview":"max-image-preview:large","max-video-preview":"max-video-preview:-1"},"canonical":"https:\/\/apuntesdesanluis.com\/index.php\/2023\/10\/24\/detuvieron-a-el-croata-en-una-causa-por-lavado-de-dinero-narco-vinculada-al-cartel-de-sinaloa\/","og_locale":"es_ES","og_type":"article","og_title":"DETUVIERON A \u201cEL CROATA\u201d EN UNA CAUSA POR LAVADO DE DINERO NARCO VINCULADA AL CARTEL DE SINALOA - Apuntes de San Luis","og_description":"Este martes por la ma\u00f1ana el financista Ivo Rojnica, alias \u201cEl Croata\u201d, sospechado de regentear...","og_url":"https:\/\/apuntesdesanluis.com\/index.php\/2023\/10\/24\/detuvieron-a-el-croata-en-una-causa-por-lavado-de-dinero-narco-vinculada-al-cartel-de-sinaloa\/","og_site_name":"Apuntes de San Luis","article_published_time":"2023-10-24T16:50:13+00:00","og_image":[{"width":587,"height":359,"url":"https:\/\/apuntesdesanluis.com\/wp-content\/uploads\/2023\/10\/el-croata-1.png","type":"image\/png"}],"author":"apuntesdesanluis.com","twitter_card":"summary_large_image","twitter_misc":{"Escrito por":"apuntesdesanluis.com","Tiempo de lectura":"4 minutos"},"schema":{"@context":"https:\/\/schema.org","@graph":[{"@type":"Article","@id":"https:\/\/apuntesdesanluis.com\/index.php\/2023\/10\/24\/detuvieron-a-el-croata-en-una-causa-por-lavado-de-dinero-narco-vinculada-al-cartel-de-sinaloa\/#article","isPartOf":{"@id":"https:\/\/apuntesdesanluis.com\/index.php\/2023\/10\/24\/detuvieron-a-el-croata-en-una-causa-por-lavado-de-dinero-narco-vinculada-al-cartel-de-sinaloa\/"},"author":{"name":"apuntesdesanluis.com","@id":"https:\/\/apuntesdesanluis.com\/#\/schema\/person\/b55151d52296fcce64d1a72538a70b90"},"headline":"DETUVIERON A \u201cEL CROATA\u201d EN UNA CAUSA POR LAVADO DE DINERO NARCO VINCULADA AL CARTEL DE SINALOA","datePublished":"2023-10-24T16:50:13+00:00","mainEntityOfPage":{"@id":"https:\/\/apuntesdesanluis.com\/index.php\/2023\/10\/24\/detuvieron-a-el-croata-en-una-causa-por-lavado-de-dinero-narco-vinculada-al-cartel-de-sinaloa\/"},"wordCount":709,"publisher":{"@id":"https:\/\/apuntesdesanluis.com\/#\/schema\/person\/b55151d52296fcce64d1a72538a70b90"},"image":{"@id":"https:\/\/apuntesdesanluis.com\/index.php\/2023\/10\/24\/detuvieron-a-el-croata-en-una-causa-por-lavado-de-dinero-narco-vinculada-al-cartel-de-sinaloa\/#primaryimage"},"thumbnailUrl":"https:\/\/apuntesdesanluis.com\/wp-content\/uploads\/2023\/10\/el-croata-1.png","articleSection":["Nacionales\/Internacionales"],"inLanguage":"es-AR"},{"@type":"WebPage","@id":"https:\/\/apuntesdesanluis.com\/index.php\/2023\/10\/24\/detuvieron-a-el-croata-en-una-causa-por-lavado-de-dinero-narco-vinculada-al-cartel-de-sinaloa\/","url":"https:\/\/apuntesdesanluis.com\/index.php\/2023\/10\/24\/detuvieron-a-el-croata-en-una-causa-por-lavado-de-dinero-narco-vinculada-al-cartel-de-sinaloa\/","name":"DETUVIERON A \u201cEL CROATA\u201d EN UNA CAUSA POR LAVADO DE DINERO NARCO VINCULADA AL CARTEL DE SINALOA - Apuntes de San Luis","isPartOf":{"@id":"https:\/\/apuntesdesanluis.com\/#website"},"primaryImageOfPage":{"@id":"https:\/\/apuntesdesanluis.com\/index.php\/2023\/10\/24\/detuvieron-a-el-croata-en-una-causa-por-lavado-de-dinero-narco-vinculada-al-cartel-de-sinaloa\/#primaryimage"},"image":{"@id":"https:\/\/apuntesdesanluis.com\/index.php\/2023\/10\/24\/detuvieron-a-el-croata-en-una-causa-por-lavado-de-dinero-narco-vinculada-al-cartel-de-sinaloa\/#primaryimage"},"thumbnailUrl":"https:\/\/apuntesdesanluis.com\/wp-content\/uploads\/2023\/10\/el-croata-1.png","datePublished":"2023-10-24T16:50:13+00:00","breadcrumb":{"@id":"https:\/\/apuntesdesanluis.com\/index.php\/2023\/10\/24\/detuvieron-a-el-croata-en-una-causa-por-lavado-de-dinero-narco-vinculada-al-cartel-de-sinaloa\/#breadcrumb"},"inLanguage":"es-AR","potentialAction":[{"@type":"ReadAction","target":["https:\/\/apuntesdesanluis.com\/index.php\/2023\/10\/24\/detuvieron-a-el-croata-en-una-causa-por-lavado-de-dinero-narco-vinculada-al-cartel-de-sinaloa\/"]}]},{"@type":"ImageObject","inLanguage":"es-AR","@id":"https:\/\/apuntesdesanluis.com\/index.php\/2023\/10\/24\/detuvieron-a-el-croata-en-una-causa-por-lavado-de-dinero-narco-vinculada-al-cartel-de-sinaloa\/#primaryimage","url":"https:\/\/apuntesdesanluis.com\/wp-content\/uploads\/2023\/10\/el-croata-1.png","contentUrl":"https:\/\/apuntesdesanluis.com\/wp-content\/uploads\/2023\/10\/el-croata-1.png","width":587,"height":359},{"@type":"BreadcrumbList","@id":"https:\/\/apuntesdesanluis.com\/index.php\/2023\/10\/24\/detuvieron-a-el-croata-en-una-causa-por-lavado-de-dinero-narco-vinculada-al-cartel-de-sinaloa\/#breadcrumb","itemListElement":[{"@type":"ListItem","position":1,"name":"Inicio","item":"https:\/\/apuntesdesanluis.com\/"},{"@type":"ListItem","position":2,"name":"DETUVIERON A \u201cEL CROATA\u201d EN UNA CAUSA POR LAVADO DE DINERO NARCO VINCULADA AL CARTEL DE SINALOA"}]},{"@type":"WebSite","@id":"https:\/\/apuntesdesanluis.com\/#website","url":"https:\/\/apuntesdesanluis.com\/","name":"Apuntes de San Luis","description":"","publisher":{"@id":"https:\/\/apuntesdesanluis.com\/#\/schema\/person\/b55151d52296fcce64d1a72538a70b90"},"potentialAction":[{"@type":"SearchAction","target":{"@type":"EntryPoint","urlTemplate":"https:\/\/apuntesdesanluis.com\/?s={search_term_string}"},"query-input":{"@type":"PropertyValueSpecification","valueRequired":true,"valueName":"search_term_string"}}],"inLanguage":"es-AR"},{"@type":["Person","Organization"],"@id":"https:\/\/apuntesdesanluis.com\/#\/schema\/person\/b55151d52296fcce64d1a72538a70b90","name":"apuntesdesanluis.com","image":{"@type":"ImageObject","inLanguage":"es-AR","@id":"https:\/\/apuntesdesanluis.com\/#\/schema\/person\/image\/","url":"https:\/\/apuntesdesanluis.com\/wp-content\/uploads\/2023\/07\/cropped-apuntesdesanluis.png","contentUrl":"https:\/\/apuntesdesanluis.com\/wp-content\/uploads\/2023\/07\/cropped-apuntesdesanluis.png","width":450,"height":112,"caption":"apuntesdesanluis.com"},"logo":{"@id":"https:\/\/apuntesdesanluis.com\/#\/schema\/person\/image\/"},"sameAs":["https:\/\/apuntesdesanluis.com"],"url":"https:\/\/apuntesdesanluis.com\/index.php\/author\/apuntesdesanluis-com\/"}]}},"featured_image_urls":{"full":["https:\/\/apuntesdesanluis.com\/wp-content\/uploads\/2023\/10\/el-croata-1.png",587,359,false],"thumbnail":["https:\/\/apuntesdesanluis.com\/wp-content\/uploads\/2023\/10\/el-croata-1-150x150.png",150,150,true],"medium":["https:\/\/apuntesdesanluis.com\/wp-content\/uploads\/2023\/10\/el-croata-1-300x183.png",300,183,true],"medium_large":["https:\/\/apuntesdesanluis.com\/wp-content\/uploads\/2023\/10\/el-croata-1.png",587,359,false],"large":["https:\/\/apuntesdesanluis.com\/wp-content\/uploads\/2023\/10\/el-croata-1.png",587,359,false],"1536x1536":["https:\/\/apuntesdesanluis.com\/wp-content\/uploads\/2023\/10\/el-croata-1.png",587,359,false],"2048x2048":["https:\/\/apuntesdesanluis.com\/wp-content\/uploads\/2023\/10\/el-croata-1.png",587,359,false],"newsever-slider-full":["https:\/\/apuntesdesanluis.com\/wp-content\/uploads\/2023\/10\/el-croata-1.png",587,359,false],"newsever-featured":["https:\/\/apuntesdesanluis.com\/wp-content\/uploads\/2023\/10\/el-croata-1.png",587,359,false],"newsever-medium":["https:\/\/apuntesdesanluis.com\/wp-content\/uploads\/2023\/10\/el-croata-1.png",587,359,false]},"author_info":{"display_name":"apuntesdesanluis.com","author_link":"https:\/\/apuntesdesanluis.com\/index.php\/author\/apuntesdesanluis-com\/"},"category_info":"<a href=\"https:\/\/apuntesdesanluis.com\/index.php\/category\/nacionales-internacionales\/\" rel=\"category tag\">Nacionales\/Internacionales<\/a>","tag_info":"Nacionales\/Internacionales","comment_count":"0","_links":{"self":[{"href":"https:\/\/apuntesdesanluis.com\/index.php\/wp-json\/wp\/v2\/posts\/5728","targetHints":{"allow":["GET"]}}],"collection":[{"href":"https:\/\/apuntesdesanluis.com\/index.php\/wp-json\/wp\/v2\/posts"}],"about":[{"href":"https:\/\/apuntesdesanluis.com\/index.php\/wp-json\/wp\/v2\/types\/post"}],"author":[{"embeddable":true,"href":"https:\/\/apuntesdesanluis.com\/index.php\/wp-json\/wp\/v2\/users\/1"}],"replies":[{"embeddable":true,"href":"https:\/\/apuntesdesanluis.com\/index.php\/wp-json\/wp\/v2\/comments?post=5728"}],"version-history":[{"count":1,"href":"https:\/\/apuntesdesanluis.com\/index.php\/wp-json\/wp\/v2\/posts\/5728\/revisions"}],"predecessor-version":[{"id":5731,"href":"https:\/\/apuntesdesanluis.com\/index.php\/wp-json\/wp\/v2\/posts\/5728\/revisions\/5731"}],"wp:featuredmedia":[{"embeddable":true,"href":"https:\/\/apuntesdesanluis.com\/index.php\/wp-json\/wp\/v2\/media\/5730"}],"wp:attachment":[{"href":"https:\/\/apuntesdesanluis.com\/index.php\/wp-json\/wp\/v2\/media?parent=5728"}],"wp:term":[{"taxonomy":"category","embeddable":true,"href":"https:\/\/apuntesdesanluis.com\/index.php\/wp-json\/wp\/v2\/categories?post=5728"},{"taxonomy":"post_tag","embeddable":true,"href":"https:\/\/apuntesdesanluis.com\/index.php\/wp-json\/wp\/v2\/tags?post=5728"}],"curies":[{"name":"wp","href":"https:\/\/api.w.org\/{rel}","templated":true}]}}