{"id":5732,"date":"2023-10-24T14:09:07","date_gmt":"2023-10-24T17:09:07","guid":{"rendered":"https:\/\/apuntesdesanluis.com\/?p=5732"},"modified":"2023-10-24T14:09:26","modified_gmt":"2023-10-24T17:09:26","slug":"imputaron-a-2-hombres-por-hechos-de-robo-con-arma","status":"publish","type":"post","link":"https:\/\/apuntesdesanluis.com\/index.php\/2023\/10\/24\/imputaron-a-2-hombres-por-hechos-de-robo-con-arma\/","title":{"rendered":"IMPUTARON A 2 HOMBRES POR HECHOS DE ROBO CON ARMA"},"content":{"rendered":"<h3>Los hechos ocurrieron el mismo d\u00eda y con la misma metodolog\u00eda. La audiencia se desarroll\u00f3 en el Juzgado de Garant\u00eda N\u00ba 1.<\/h3>\n<h3>El Ministerio P\u00fablico Fiscal de la Segunda Circunscripci\u00f3n Judicial investiga a dos personas por 3 hechos ocurridos el pasado 16 de octubre en Villa Mercedes.<\/h3>\n<h3>El fiscal a cargo, Dr. Leandro Estrada relat\u00f3 los hechos por los que se formul\u00f3 cargos a los dos imputados.<\/h3>\n<p><img fetchpriority=\"high\" decoding=\"async\" class=\"wp-image-5734 aligncenter\" src=\"https:\/\/apuntesdesanluis.com\/wp-content\/uploads\/2023\/10\/cuello-estrada-300x198.png\" alt=\"\" width=\"530\" height=\"350\" srcset=\"https:\/\/apuntesdesanluis.com\/wp-content\/uploads\/2023\/10\/cuello-estrada-300x198.png 300w, https:\/\/apuntesdesanluis.com\/wp-content\/uploads\/2023\/10\/cuello-estrada.png 496w\" sizes=\"(max-width: 530px) 100vw, 530px\" \/><\/p>\n<h3>El primero, ocurri\u00f3 a las 8.10 hs aproximadamente en un kiosco ubicado en Av. 25 de Mayo y Jun\u00edn de esta ciudad. En ese entonces, llegaron al lugar dos personas a bordo de una motocicleta, uno se baj\u00f3 e entr\u00f3 al comercio para fingir una compra, luego el otro ingres\u00f3,\u00a0 empu\u00f1\u00f3 un arma\u00a0 y desapoder\u00f3 a la vendedora de dinero y de un celular. Se dieron a la fuga en direcci\u00f3n contraria al sentido de la calle.<\/h3>\n<h3>El segundo de los hechos, tambi\u00e9n ocurrido el 16 de octubre, sucedi\u00f3 a las 12:10 hs por la calle Chacabuco. En esa oportunidad, un preventista de productos de limpieza al momento de ingresar a un comercio fue\u00a0 abordado con un arma de fuego y desapoderado de un morral (bolso).<\/h3>\n<h3>El tercer hecho ocurri\u00f3 a las 12:16 hs en un comercio ubicado en calles Libertad y Dante Bodo. Uno de los imputados ingres\u00f3 al comercio, apunt\u00f3 con el arma al vendedor y desapoder\u00f3 a una clienta de una billetera y un celular que recuper\u00f3 al instante. Esta situaci\u00f3n fue\u00a0 observada por una persona que se encontraba fuera del local, lo que provoc\u00f3 el alerta y la hu\u00edda del imputado que se encontraba en moto, mientras que el hombre que estaba adentro, sali\u00f3 del lugar, efectu\u00f3 un disparo al aire hacia arriba y se dio a la fuga.<\/h3>\n<h3>Luego de la persecuci\u00f3n fue aprehendido a la altura de la calle Juan Llerena al 1000, entre los elementos le encontraron el arma. El fiscal explic\u00f3 que el arma presenta ciertas caracter\u00edsticas que fueron reconocidas por las v\u00edctimas.<\/h3>\n<h3><\/h3>\n<h3>El Dr. Estrada explic\u00f3 que en los tres hechos se aplic\u00f3 la misma metodolog\u00eda \u2013uno que maneja y otro que desapodera- y mencion\u00f3 las evidencias incorporadas a la causa, videos de c\u00e1maras de seguridad, allanamientos, secuestros de motos, reconocimiento de los damnificados, testimoniales, etc.<\/h3>\n<h3>Se le formularon cargos por robo calificado por el uso de arma de fuego con aptitud para el disparo ( 1er y 2do hecho) y robo calificado por el uso de arma de fuego con aptitud para el disparo (3er hecho) en concurso real.<\/h3>\n<h3>La defensa, ejercida por el Dr. Emanuel Correa Otaz\u00fa manifest\u00f3 que expondr\u00eda su teor\u00eda del caso el pr\u00f3ximo jueves, oportunidad en que se vence la pr\u00f3rroga de detenci\u00f3n.<\/h3>\n<h3>El Dr. Alfredo Cuello \u2013Juez de Garant\u00eda N\u00ba 1- resolvi\u00f3 dar por admitida la formulaci\u00f3n de cargos de manera provisoria por robo calificado por el uso de arma de fuego con aptitud para el disparo (1er y 2do hecho) y robo calificado por el uso de arma de fuego con aptitud para el disparo (3er hecho) en concurso real.<\/h3>\n<h3>Los imputados continuar\u00e1n con la pr\u00f3rroga de detenci\u00f3n hasta el jueves, oportunidad en que la defensa podr\u00e1 presentar su teor\u00eda del caso y se analizar\u00e1 sobre alguna medida.<\/h3>\n<h3><\/h3>\n<h3><\/h3>\n<h3><\/h3>\n<h3><\/h3>\n","protected":false},"excerpt":{"rendered":"<p>Los hechos ocurrieron el mismo d\u00eda y con la misma metodolog\u00eda. La audiencia se desarroll\u00f3&#8230;<\/p>\n","protected":false},"author":1,"featured_media":5733,"comment_status":"closed","ping_status":"closed","sticky":false,"template":"","format":"standard","meta":{"footnotes":""},"categories":[6],"tags":[],"class_list":["post-5732","post","type-post","status-publish","format-standard","has-post-thumbnail","hentry","category-ciudad-provincia"],"yoast_head":"<!-- This site is optimized with the Yoast SEO plugin v26.1.1 - https:\/\/yoast.com\/wordpress\/plugins\/seo\/ -->\n<title>IMPUTARON A 2 HOMBRES POR HECHOS DE ROBO CON ARMA - Apuntes de San Luis<\/title>\n<meta name=\"robots\" content=\"index, follow, max-snippet:-1, max-image-preview:large, max-video-preview:-1\" \/>\n<link rel=\"canonical\" href=\"https:\/\/apuntesdesanluis.com\/index.php\/2023\/10\/24\/imputaron-a-2-hombres-por-hechos-de-robo-con-arma\/\" \/>\n<meta property=\"og:locale\" content=\"es_ES\" \/>\n<meta property=\"og:type\" content=\"article\" \/>\n<meta property=\"og:title\" content=\"IMPUTARON A 2 HOMBRES POR HECHOS DE ROBO CON ARMA - Apuntes de San Luis\" \/>\n<meta property=\"og:description\" content=\"Los hechos ocurrieron el mismo d\u00eda y con la misma metodolog\u00eda. La audiencia se desarroll\u00f3...\" \/>\n<meta property=\"og:url\" content=\"https:\/\/apuntesdesanluis.com\/index.php\/2023\/10\/24\/imputaron-a-2-hombres-por-hechos-de-robo-con-arma\/\" \/>\n<meta property=\"og:site_name\" content=\"Apuntes de San Luis\" \/>\n<meta property=\"article:published_time\" content=\"2023-10-24T17:09:07+00:00\" \/>\n<meta property=\"article:modified_time\" content=\"2023-10-24T17:09:26+00:00\" \/>\n<meta property=\"og:image\" content=\"https:\/\/apuntesdesanluis.com\/wp-content\/uploads\/2023\/10\/cuello-alfredo.png\" \/>\n\t<meta property=\"og:image:width\" content=\"553\" \/>\n\t<meta property=\"og:image:height\" content=\"375\" \/>\n\t<meta property=\"og:image:type\" content=\"image\/png\" \/>\n<meta name=\"author\" content=\"apuntesdesanluis.com\" \/>\n<meta name=\"twitter:card\" content=\"summary_large_image\" \/>\n<meta name=\"twitter:label1\" content=\"Escrito por\" \/>\n\t<meta name=\"twitter:data1\" content=\"apuntesdesanluis.com\" \/>\n\t<meta name=\"twitter:label2\" content=\"Tiempo de lectura\" \/>\n\t<meta name=\"twitter:data2\" content=\"3 minutos\" \/>\n<script type=\"application\/ld+json\" class=\"yoast-schema-graph\">{\"@context\":\"https:\/\/schema.org\",\"@graph\":[{\"@type\":\"Article\",\"@id\":\"https:\/\/apuntesdesanluis.com\/index.php\/2023\/10\/24\/imputaron-a-2-hombres-por-hechos-de-robo-con-arma\/#article\",\"isPartOf\":{\"@id\":\"https:\/\/apuntesdesanluis.com\/index.php\/2023\/10\/24\/imputaron-a-2-hombres-por-hechos-de-robo-con-arma\/\"},\"author\":{\"name\":\"apuntesdesanluis.com\",\"@id\":\"https:\/\/apuntesdesanluis.com\/#\/schema\/person\/b55151d52296fcce64d1a72538a70b90\"},\"headline\":\"IMPUTARON A 2 HOMBRES POR HECHOS DE ROBO CON ARMA\",\"datePublished\":\"2023-10-24T17:09:07+00:00\",\"dateModified\":\"2023-10-24T17:09:26+00:00\",\"mainEntityOfPage\":{\"@id\":\"https:\/\/apuntesdesanluis.com\/index.php\/2023\/10\/24\/imputaron-a-2-hombres-por-hechos-de-robo-con-arma\/\"},\"wordCount\":556,\"publisher\":{\"@id\":\"https:\/\/apuntesdesanluis.com\/#\/schema\/person\/b55151d52296fcce64d1a72538a70b90\"},\"image\":{\"@id\":\"https:\/\/apuntesdesanluis.com\/index.php\/2023\/10\/24\/imputaron-a-2-hombres-por-hechos-de-robo-con-arma\/#primaryimage\"},\"thumbnailUrl\":\"https:\/\/apuntesdesanluis.com\/wp-content\/uploads\/2023\/10\/cuello-alfredo.png\",\"articleSection\":[\"Ciudad\/Provincia\"],\"inLanguage\":\"es-AR\"},{\"@type\":\"WebPage\",\"@id\":\"https:\/\/apuntesdesanluis.com\/index.php\/2023\/10\/24\/imputaron-a-2-hombres-por-hechos-de-robo-con-arma\/\",\"url\":\"https:\/\/apuntesdesanluis.com\/index.php\/2023\/10\/24\/imputaron-a-2-hombres-por-hechos-de-robo-con-arma\/\",\"name\":\"IMPUTARON A 2 HOMBRES POR HECHOS DE ROBO CON ARMA - Apuntes de San Luis\",\"isPartOf\":{\"@id\":\"https:\/\/apuntesdesanluis.com\/#website\"},\"primaryImageOfPage\":{\"@id\":\"https:\/\/apuntesdesanluis.com\/index.php\/2023\/10\/24\/imputaron-a-2-hombres-por-hechos-de-robo-con-arma\/#primaryimage\"},\"image\":{\"@id\":\"https:\/\/apuntesdesanluis.com\/index.php\/2023\/10\/24\/imputaron-a-2-hombres-por-hechos-de-robo-con-arma\/#primaryimage\"},\"thumbnailUrl\":\"https:\/\/apuntesdesanluis.com\/wp-content\/uploads\/2023\/10\/cuello-alfredo.png\",\"datePublished\":\"2023-10-24T17:09:07+00:00\",\"dateModified\":\"2023-10-24T17:09:26+00:00\",\"breadcrumb\":{\"@id\":\"https:\/\/apuntesdesanluis.com\/index.php\/2023\/10\/24\/imputaron-a-2-hombres-por-hechos-de-robo-con-arma\/#breadcrumb\"},\"inLanguage\":\"es-AR\",\"potentialAction\":[{\"@type\":\"ReadAction\",\"target\":[\"https:\/\/apuntesdesanluis.com\/index.php\/2023\/10\/24\/imputaron-a-2-hombres-por-hechos-de-robo-con-arma\/\"]}]},{\"@type\":\"ImageObject\",\"inLanguage\":\"es-AR\",\"@id\":\"https:\/\/apuntesdesanluis.com\/index.php\/2023\/10\/24\/imputaron-a-2-hombres-por-hechos-de-robo-con-arma\/#primaryimage\",\"url\":\"https:\/\/apuntesdesanluis.com\/wp-content\/uploads\/2023\/10\/cuello-alfredo.png\",\"contentUrl\":\"https:\/\/apuntesdesanluis.com\/wp-content\/uploads\/2023\/10\/cuello-alfredo.png\",\"width\":553,\"height\":375},{\"@type\":\"BreadcrumbList\",\"@id\":\"https:\/\/apuntesdesanluis.com\/index.php\/2023\/10\/24\/imputaron-a-2-hombres-por-hechos-de-robo-con-arma\/#breadcrumb\",\"itemListElement\":[{\"@type\":\"ListItem\",\"position\":1,\"name\":\"Inicio\",\"item\":\"https:\/\/apuntesdesanluis.com\/\"},{\"@type\":\"ListItem\",\"position\":2,\"name\":\"IMPUTARON A 2 HOMBRES POR HECHOS DE ROBO CON ARMA\"}]},{\"@type\":\"WebSite\",\"@id\":\"https:\/\/apuntesdesanluis.com\/#website\",\"url\":\"https:\/\/apuntesdesanluis.com\/\",\"name\":\"Apuntes de San Luis\",\"description\":\"\",\"publisher\":{\"@id\":\"https:\/\/apuntesdesanluis.com\/#\/schema\/person\/b55151d52296fcce64d1a72538a70b90\"},\"potentialAction\":[{\"@type\":\"SearchAction\",\"target\":{\"@type\":\"EntryPoint\",\"urlTemplate\":\"https:\/\/apuntesdesanluis.com\/?s={search_term_string}\"},\"query-input\":{\"@type\":\"PropertyValueSpecification\",\"valueRequired\":true,\"valueName\":\"search_term_string\"}}],\"inLanguage\":\"es-AR\"},{\"@type\":[\"Person\",\"Organization\"],\"@id\":\"https:\/\/apuntesdesanluis.com\/#\/schema\/person\/b55151d52296fcce64d1a72538a70b90\",\"name\":\"apuntesdesanluis.com\",\"image\":{\"@type\":\"ImageObject\",\"inLanguage\":\"es-AR\",\"@id\":\"https:\/\/apuntesdesanluis.com\/#\/schema\/person\/image\/\",\"url\":\"https:\/\/apuntesdesanluis.com\/wp-content\/uploads\/2023\/07\/cropped-apuntesdesanluis.png\",\"contentUrl\":\"https:\/\/apuntesdesanluis.com\/wp-content\/uploads\/2023\/07\/cropped-apuntesdesanluis.png\",\"width\":450,\"height\":112,\"caption\":\"apuntesdesanluis.com\"},\"logo\":{\"@id\":\"https:\/\/apuntesdesanluis.com\/#\/schema\/person\/image\/\"},\"sameAs\":[\"https:\/\/apuntesdesanluis.com\"],\"url\":\"https:\/\/apuntesdesanluis.com\/index.php\/author\/apuntesdesanluis-com\/\"}]}<\/script>\n<!-- \/ Yoast SEO plugin. -->","yoast_head_json":{"title":"IMPUTARON A 2 HOMBRES POR HECHOS DE ROBO CON ARMA - Apuntes de San Luis","robots":{"index":"index","follow":"follow","max-snippet":"max-snippet:-1","max-image-preview":"max-image-preview:large","max-video-preview":"max-video-preview:-1"},"canonical":"https:\/\/apuntesdesanluis.com\/index.php\/2023\/10\/24\/imputaron-a-2-hombres-por-hechos-de-robo-con-arma\/","og_locale":"es_ES","og_type":"article","og_title":"IMPUTARON A 2 HOMBRES POR HECHOS DE ROBO CON ARMA - Apuntes de San Luis","og_description":"Los hechos ocurrieron el mismo d\u00eda y con la misma metodolog\u00eda. La audiencia se desarroll\u00f3...","og_url":"https:\/\/apuntesdesanluis.com\/index.php\/2023\/10\/24\/imputaron-a-2-hombres-por-hechos-de-robo-con-arma\/","og_site_name":"Apuntes de San Luis","article_published_time":"2023-10-24T17:09:07+00:00","article_modified_time":"2023-10-24T17:09:26+00:00","og_image":[{"width":553,"height":375,"url":"https:\/\/apuntesdesanluis.com\/wp-content\/uploads\/2023\/10\/cuello-alfredo.png","type":"image\/png"}],"author":"apuntesdesanluis.com","twitter_card":"summary_large_image","twitter_misc":{"Escrito por":"apuntesdesanluis.com","Tiempo de lectura":"3 minutos"},"schema":{"@context":"https:\/\/schema.org","@graph":[{"@type":"Article","@id":"https:\/\/apuntesdesanluis.com\/index.php\/2023\/10\/24\/imputaron-a-2-hombres-por-hechos-de-robo-con-arma\/#article","isPartOf":{"@id":"https:\/\/apuntesdesanluis.com\/index.php\/2023\/10\/24\/imputaron-a-2-hombres-por-hechos-de-robo-con-arma\/"},"author":{"name":"apuntesdesanluis.com","@id":"https:\/\/apuntesdesanluis.com\/#\/schema\/person\/b55151d52296fcce64d1a72538a70b90"},"headline":"IMPUTARON A 2 HOMBRES POR HECHOS DE ROBO CON ARMA","datePublished":"2023-10-24T17:09:07+00:00","dateModified":"2023-10-24T17:09:26+00:00","mainEntityOfPage":{"@id":"https:\/\/apuntesdesanluis.com\/index.php\/2023\/10\/24\/imputaron-a-2-hombres-por-hechos-de-robo-con-arma\/"},"wordCount":556,"publisher":{"@id":"https:\/\/apuntesdesanluis.com\/#\/schema\/person\/b55151d52296fcce64d1a72538a70b90"},"image":{"@id":"https:\/\/apuntesdesanluis.com\/index.php\/2023\/10\/24\/imputaron-a-2-hombres-por-hechos-de-robo-con-arma\/#primaryimage"},"thumbnailUrl":"https:\/\/apuntesdesanluis.com\/wp-content\/uploads\/2023\/10\/cuello-alfredo.png","articleSection":["Ciudad\/Provincia"],"inLanguage":"es-AR"},{"@type":"WebPage","@id":"https:\/\/apuntesdesanluis.com\/index.php\/2023\/10\/24\/imputaron-a-2-hombres-por-hechos-de-robo-con-arma\/","url":"https:\/\/apuntesdesanluis.com\/index.php\/2023\/10\/24\/imputaron-a-2-hombres-por-hechos-de-robo-con-arma\/","name":"IMPUTARON A 2 HOMBRES POR HECHOS DE ROBO CON ARMA - Apuntes de San Luis","isPartOf":{"@id":"https:\/\/apuntesdesanluis.com\/#website"},"primaryImageOfPage":{"@id":"https:\/\/apuntesdesanluis.com\/index.php\/2023\/10\/24\/imputaron-a-2-hombres-por-hechos-de-robo-con-arma\/#primaryimage"},"image":{"@id":"https:\/\/apuntesdesanluis.com\/index.php\/2023\/10\/24\/imputaron-a-2-hombres-por-hechos-de-robo-con-arma\/#primaryimage"},"thumbnailUrl":"https:\/\/apuntesdesanluis.com\/wp-content\/uploads\/2023\/10\/cuello-alfredo.png","datePublished":"2023-10-24T17:09:07+00:00","dateModified":"2023-10-24T17:09:26+00:00","breadcrumb":{"@id":"https:\/\/apuntesdesanluis.com\/index.php\/2023\/10\/24\/imputaron-a-2-hombres-por-hechos-de-robo-con-arma\/#breadcrumb"},"inLanguage":"es-AR","potentialAction":[{"@type":"ReadAction","target":["https:\/\/apuntesdesanluis.com\/index.php\/2023\/10\/24\/imputaron-a-2-hombres-por-hechos-de-robo-con-arma\/"]}]},{"@type":"ImageObject","inLanguage":"es-AR","@id":"https:\/\/apuntesdesanluis.com\/index.php\/2023\/10\/24\/imputaron-a-2-hombres-por-hechos-de-robo-con-arma\/#primaryimage","url":"https:\/\/apuntesdesanluis.com\/wp-content\/uploads\/2023\/10\/cuello-alfredo.png","contentUrl":"https:\/\/apuntesdesanluis.com\/wp-content\/uploads\/2023\/10\/cuello-alfredo.png","width":553,"height":375},{"@type":"BreadcrumbList","@id":"https:\/\/apuntesdesanluis.com\/index.php\/2023\/10\/24\/imputaron-a-2-hombres-por-hechos-de-robo-con-arma\/#breadcrumb","itemListElement":[{"@type":"ListItem","position":1,"name":"Inicio","item":"https:\/\/apuntesdesanluis.com\/"},{"@type":"ListItem","position":2,"name":"IMPUTARON A 2 HOMBRES POR HECHOS DE ROBO CON ARMA"}]},{"@type":"WebSite","@id":"https:\/\/apuntesdesanluis.com\/#website","url":"https:\/\/apuntesdesanluis.com\/","name":"Apuntes de San Luis","description":"","publisher":{"@id":"https:\/\/apuntesdesanluis.com\/#\/schema\/person\/b55151d52296fcce64d1a72538a70b90"},"potentialAction":[{"@type":"SearchAction","target":{"@type":"EntryPoint","urlTemplate":"https:\/\/apuntesdesanluis.com\/?s={search_term_string}"},"query-input":{"@type":"PropertyValueSpecification","valueRequired":true,"valueName":"search_term_string"}}],"inLanguage":"es-AR"},{"@type":["Person","Organization"],"@id":"https:\/\/apuntesdesanluis.com\/#\/schema\/person\/b55151d52296fcce64d1a72538a70b90","name":"apuntesdesanluis.com","image":{"@type":"ImageObject","inLanguage":"es-AR","@id":"https:\/\/apuntesdesanluis.com\/#\/schema\/person\/image\/","url":"https:\/\/apuntesdesanluis.com\/wp-content\/uploads\/2023\/07\/cropped-apuntesdesanluis.png","contentUrl":"https:\/\/apuntesdesanluis.com\/wp-content\/uploads\/2023\/07\/cropped-apuntesdesanluis.png","width":450,"height":112,"caption":"apuntesdesanluis.com"},"logo":{"@id":"https:\/\/apuntesdesanluis.com\/#\/schema\/person\/image\/"},"sameAs":["https:\/\/apuntesdesanluis.com"],"url":"https:\/\/apuntesdesanluis.com\/index.php\/author\/apuntesdesanluis-com\/"}]}},"featured_image_urls":{"full":["https:\/\/apuntesdesanluis.com\/wp-content\/uploads\/2023\/10\/cuello-alfredo.png",553,375,false],"thumbnail":["https:\/\/apuntesdesanluis.com\/wp-content\/uploads\/2023\/10\/cuello-alfredo-150x150.png",150,150,true],"medium":["https:\/\/apuntesdesanluis.com\/wp-content\/uploads\/2023\/10\/cuello-alfredo-300x203.png",300,203,true],"medium_large":["https:\/\/apuntesdesanluis.com\/wp-content\/uploads\/2023\/10\/cuello-alfredo.png",553,375,false],"large":["https:\/\/apuntesdesanluis.com\/wp-content\/uploads\/2023\/10\/cuello-alfredo.png",553,375,false],"1536x1536":["https:\/\/apuntesdesanluis.com\/wp-content\/uploads\/2023\/10\/cuello-alfredo.png",553,375,false],"2048x2048":["https:\/\/apuntesdesanluis.com\/wp-content\/uploads\/2023\/10\/cuello-alfredo.png",553,375,false],"newsever-slider-full":["https:\/\/apuntesdesanluis.com\/wp-content\/uploads\/2023\/10\/cuello-alfredo.png",553,375,false],"newsever-featured":["https:\/\/apuntesdesanluis.com\/wp-content\/uploads\/2023\/10\/cuello-alfredo.png",553,375,false],"newsever-medium":["https:\/\/apuntesdesanluis.com\/wp-content\/uploads\/2023\/10\/cuello-alfredo.png",553,375,false]},"author_info":{"display_name":"apuntesdesanluis.com","author_link":"https:\/\/apuntesdesanluis.com\/index.php\/author\/apuntesdesanluis-com\/"},"category_info":"<a href=\"https:\/\/apuntesdesanluis.com\/index.php\/category\/ciudad-provincia\/\" rel=\"category tag\">Ciudad\/Provincia<\/a>","tag_info":"Ciudad\/Provincia","comment_count":"0","_links":{"self":[{"href":"https:\/\/apuntesdesanluis.com\/index.php\/wp-json\/wp\/v2\/posts\/5732","targetHints":{"allow":["GET"]}}],"collection":[{"href":"https:\/\/apuntesdesanluis.com\/index.php\/wp-json\/wp\/v2\/posts"}],"about":[{"href":"https:\/\/apuntesdesanluis.com\/index.php\/wp-json\/wp\/v2\/types\/post"}],"author":[{"embeddable":true,"href":"https:\/\/apuntesdesanluis.com\/index.php\/wp-json\/wp\/v2\/users\/1"}],"replies":[{"embeddable":true,"href":"https:\/\/apuntesdesanluis.com\/index.php\/wp-json\/wp\/v2\/comments?post=5732"}],"version-history":[{"count":1,"href":"https:\/\/apuntesdesanluis.com\/index.php\/wp-json\/wp\/v2\/posts\/5732\/revisions"}],"predecessor-version":[{"id":5735,"href":"https:\/\/apuntesdesanluis.com\/index.php\/wp-json\/wp\/v2\/posts\/5732\/revisions\/5735"}],"wp:featuredmedia":[{"embeddable":true,"href":"https:\/\/apuntesdesanluis.com\/index.php\/wp-json\/wp\/v2\/media\/5733"}],"wp:attachment":[{"href":"https:\/\/apuntesdesanluis.com\/index.php\/wp-json\/wp\/v2\/media?parent=5732"}],"wp:term":[{"taxonomy":"category","embeddable":true,"href":"https:\/\/apuntesdesanluis.com\/index.php\/wp-json\/wp\/v2\/categories?post=5732"},{"taxonomy":"post_tag","embeddable":true,"href":"https:\/\/apuntesdesanluis.com\/index.php\/wp-json\/wp\/v2\/tags?post=5732"}],"curies":[{"name":"wp","href":"https:\/\/api.w.org\/{rel}","templated":true}]}}