{"id":5748,"date":"2023-10-24T15:11:02","date_gmt":"2023-10-24T18:11:02","guid":{"rendered":"https:\/\/apuntesdesanluis.com\/?p=5748"},"modified":"2023-10-24T15:11:54","modified_gmt":"2023-10-24T18:11:54","slug":"santoro-bajo-su-candidatura-y-jorge-macri-sera-el-nuevo-jefe-de-gobierno-porteno","status":"publish","type":"post","link":"https:\/\/apuntesdesanluis.com\/index.php\/2023\/10\/24\/santoro-bajo-su-candidatura-y-jorge-macri-sera-el-nuevo-jefe-de-gobierno-porteno\/","title":{"rendered":"SANTORO BAJ\u00d3 SU CANDIDATURA Y JORGE MACRI SER\u00c1 EL NUEVO JEFE DE GOBIERNO PORTE\u00d1O"},"content":{"rendered":"<h3>El diputado nacional por Uni\u00f3n por la Patria (UxP) <strong>Leandro Santoro<\/strong>, decidi\u00f3 este martes bajar su candidatura a jefe de gobierno porte\u00f1o y no competir en el balotaje contra el aspirante de Juntos por el Cambio (JxC) <strong>Jorge Macri<\/strong>, para concentrar &#8220;los esfuerzos&#8221; en el balotaje presidencial que disputar\u00e1 el pr\u00f3ximo 19 de noviembre <strong>Sergio Massa<\/strong> contra <strong>Javier Milei<\/strong>, de La Libertad Avanza.<\/h3>\n<h3>&#8220;Ser\u00eda insensato forzar un balotaje&#8221;, dice un comunicado de Uni\u00f3n por la Patria de la ciudad difundido esta tarde en redes sociales, en el que consideran que &#8220;la estrategia correcta es concentrar los esfuerzos&#8221; en la elecci\u00f3n presidencial, de cara al balotaje del 19 de noviembre entre Massa y Milei.<\/h3>\n<h3>&#8220;A pocas horas de comenzar el escrutinio definitivo, nuestras actas registran que el resultado que obtenga Jorge Macri estar\u00e1 a muy pocos votos de alcanzar el n\u00famero establecido por la Constituci\u00f3n de la CABA para ser electo Jefe de Gobierno&#8221;, explicaron en el comunicado.<\/h3>\n<h3>Seg\u00fan datos provisorios, Santoro y su compa\u00f1era de f\u00f3rmula, Barbara Rossen, hab\u00edan logrado el 32,20 por ciento de los votos en CABA, mientras que la f\u00f3rmula integrada por Jorge Macri y Clara Muzzio alcanz\u00f3 el 49,61% de los votos.<\/h3>\n<p><img fetchpriority=\"high\" decoding=\"async\" class=\"wp-image-5749 aligncenter\" src=\"https:\/\/apuntesdesanluis.com\/wp-content\/uploads\/2023\/10\/macri-300x166.png\" alt=\"\" width=\"488\" height=\"270\" srcset=\"https:\/\/apuntesdesanluis.com\/wp-content\/uploads\/2023\/10\/macri-300x166.png 300w, https:\/\/apuntesdesanluis.com\/wp-content\/uploads\/2023\/10\/macri.png 600w\" sizes=\"(max-width: 488px) 100vw, 488px\" \/><\/p>\n<h3>Para evitar el balotaje -que se hubiera realizado el 19 de noviembre, en coincidencia con el nacional-, el candidato necesita obtener m\u00e1s del 50% de los votos v\u00e1lidos, sin contar a los blancos y los nulos.<\/h3>\n<h3>&#8220;Una lectura lealista del resultado electoral, sumado al apoyo explicito de Javier MIlei a Jorge Macri, nos dan la pauta de que seria insensato forzar un ballotage&#8221;, expresaron desde UxP en el comunicado.<\/h3>\n<h3>En tanto, consideraron que &#8220;la estrategia correcta&#8221; en este &#8220;momento hist\u00f3rico&#8221; era concentrar los esfuerzos &#8220;en defender la democracia frente a la amenaza autoritaria, contribuyendo a que Sergio Massa gane en la Ciudad de Buenos Aires y sea electo Presidente de la Naci\u00f3n&#8221;.<\/h3>\n<h3>&#8220;Ratificamos nuestro compromiso de seguir trabajando para lograr una Ciudad m\u00e1s justa, sensible y humana&#8221;, aseguraron en el comunicado donde tambi\u00e9n agradecieron a &#8220;los casi 600.000 porte\u00f1os y porte\u00f1as&#8221; que apoyaron la lista encabezada por Santoro.<\/h3>\n<h3>El comunicado lleva la firma de Santoro, Rossen, y los dirigentes e integrantes de la lista Paula Penacca, Eduardo Vald\u00e9s, Lorena Pokoik, Itai Hagman, Mat\u00edas Lammnes, Mar\u00eda Bielli, Mat\u00edas Barroteave\u00f1a, Claudia Neira, Alejandro Grillo, Victoria Freire, Claudio Ferre\u00f1o, Graciana Pe\u00f1afort, Andr\u00e9s Lablunda, Delfina Vel\u00e1zquez, Mariano Recalde, Juan Manuel Olmos y V\u00edctor Santa Mar\u00eda.<\/h3>\n","protected":false},"excerpt":{"rendered":"<p>El diputado nacional por Uni\u00f3n por la Patria (UxP) Leandro Santoro, decidi\u00f3 este martes bajar&#8230;<\/p>\n","protected":false},"author":1,"featured_media":5751,"comment_status":"closed","ping_status":"closed","sticky":false,"template":"","format":"standard","meta":{"footnotes":""},"categories":[5],"tags":[],"class_list":["post-5748","post","type-post","status-publish","format-standard","has-post-thumbnail","hentry","category-nacionales-internacionales"],"yoast_head":"<!-- This site is optimized with the Yoast SEO plugin v26.1.1 - https:\/\/yoast.com\/wordpress\/plugins\/seo\/ -->\n<title>SANTORO BAJ\u00d3 SU CANDIDATURA Y JORGE MACRI SER\u00c1 EL NUEVO JEFE DE GOBIERNO PORTE\u00d1O - Apuntes de San Luis<\/title>\n<meta name=\"robots\" content=\"index, follow, max-snippet:-1, max-image-preview:large, max-video-preview:-1\" \/>\n<link rel=\"canonical\" href=\"https:\/\/apuntesdesanluis.com\/index.php\/2023\/10\/24\/santoro-bajo-su-candidatura-y-jorge-macri-sera-el-nuevo-jefe-de-gobierno-porteno\/\" \/>\n<meta property=\"og:locale\" content=\"es_ES\" \/>\n<meta property=\"og:type\" content=\"article\" \/>\n<meta property=\"og:title\" content=\"SANTORO BAJ\u00d3 SU CANDIDATURA Y JORGE MACRI SER\u00c1 EL NUEVO JEFE DE GOBIERNO PORTE\u00d1O - Apuntes de San Luis\" \/>\n<meta property=\"og:description\" content=\"El diputado nacional por Uni\u00f3n por la Patria (UxP) Leandro Santoro, decidi\u00f3 este martes bajar...\" \/>\n<meta property=\"og:url\" content=\"https:\/\/apuntesdesanluis.com\/index.php\/2023\/10\/24\/santoro-bajo-su-candidatura-y-jorge-macri-sera-el-nuevo-jefe-de-gobierno-porteno\/\" \/>\n<meta property=\"og:site_name\" content=\"Apuntes de San Luis\" \/>\n<meta property=\"article:published_time\" content=\"2023-10-24T18:11:02+00:00\" \/>\n<meta property=\"article:modified_time\" content=\"2023-10-24T18:11:54+00:00\" \/>\n<meta property=\"og:image\" content=\"https:\/\/apuntesdesanluis.com\/wp-content\/uploads\/2023\/10\/leandro-santoro.png\" \/>\n\t<meta property=\"og:image:width\" content=\"600\" \/>\n\t<meta property=\"og:image:height\" content=\"363\" \/>\n\t<meta property=\"og:image:type\" content=\"image\/png\" \/>\n<meta name=\"author\" content=\"apuntesdesanluis.com\" \/>\n<meta name=\"twitter:card\" content=\"summary_large_image\" \/>\n<meta name=\"twitter:label1\" content=\"Escrito por\" \/>\n\t<meta name=\"twitter:data1\" content=\"apuntesdesanluis.com\" \/>\n\t<meta name=\"twitter:label2\" content=\"Tiempo de lectura\" \/>\n\t<meta name=\"twitter:data2\" content=\"3 minutos\" \/>\n<script type=\"application\/ld+json\" class=\"yoast-schema-graph\">{\"@context\":\"https:\/\/schema.org\",\"@graph\":[{\"@type\":\"Article\",\"@id\":\"https:\/\/apuntesdesanluis.com\/index.php\/2023\/10\/24\/santoro-bajo-su-candidatura-y-jorge-macri-sera-el-nuevo-jefe-de-gobierno-porteno\/#article\",\"isPartOf\":{\"@id\":\"https:\/\/apuntesdesanluis.com\/index.php\/2023\/10\/24\/santoro-bajo-su-candidatura-y-jorge-macri-sera-el-nuevo-jefe-de-gobierno-porteno\/\"},\"author\":{\"name\":\"apuntesdesanluis.com\",\"@id\":\"https:\/\/apuntesdesanluis.com\/#\/schema\/person\/b55151d52296fcce64d1a72538a70b90\"},\"headline\":\"SANTORO BAJ\u00d3 SU CANDIDATURA Y JORGE MACRI SER\u00c1 EL NUEVO JEFE DE GOBIERNO PORTE\u00d1O\",\"datePublished\":\"2023-10-24T18:11:02+00:00\",\"dateModified\":\"2023-10-24T18:11:54+00:00\",\"mainEntityOfPage\":{\"@id\":\"https:\/\/apuntesdesanluis.com\/index.php\/2023\/10\/24\/santoro-bajo-su-candidatura-y-jorge-macri-sera-el-nuevo-jefe-de-gobierno-porteno\/\"},\"wordCount\":437,\"publisher\":{\"@id\":\"https:\/\/apuntesdesanluis.com\/#\/schema\/person\/b55151d52296fcce64d1a72538a70b90\"},\"image\":{\"@id\":\"https:\/\/apuntesdesanluis.com\/index.php\/2023\/10\/24\/santoro-bajo-su-candidatura-y-jorge-macri-sera-el-nuevo-jefe-de-gobierno-porteno\/#primaryimage\"},\"thumbnailUrl\":\"https:\/\/apuntesdesanluis.com\/wp-content\/uploads\/2023\/10\/leandro-santoro.png\",\"articleSection\":[\"Nacionales\/Internacionales\"],\"inLanguage\":\"es-AR\"},{\"@type\":\"WebPage\",\"@id\":\"https:\/\/apuntesdesanluis.com\/index.php\/2023\/10\/24\/santoro-bajo-su-candidatura-y-jorge-macri-sera-el-nuevo-jefe-de-gobierno-porteno\/\",\"url\":\"https:\/\/apuntesdesanluis.com\/index.php\/2023\/10\/24\/santoro-bajo-su-candidatura-y-jorge-macri-sera-el-nuevo-jefe-de-gobierno-porteno\/\",\"name\":\"SANTORO BAJ\u00d3 SU CANDIDATURA Y JORGE MACRI SER\u00c1 EL NUEVO JEFE DE GOBIERNO PORTE\u00d1O - Apuntes de San Luis\",\"isPartOf\":{\"@id\":\"https:\/\/apuntesdesanluis.com\/#website\"},\"primaryImageOfPage\":{\"@id\":\"https:\/\/apuntesdesanluis.com\/index.php\/2023\/10\/24\/santoro-bajo-su-candidatura-y-jorge-macri-sera-el-nuevo-jefe-de-gobierno-porteno\/#primaryimage\"},\"image\":{\"@id\":\"https:\/\/apuntesdesanluis.com\/index.php\/2023\/10\/24\/santoro-bajo-su-candidatura-y-jorge-macri-sera-el-nuevo-jefe-de-gobierno-porteno\/#primaryimage\"},\"thumbnailUrl\":\"https:\/\/apuntesdesanluis.com\/wp-content\/uploads\/2023\/10\/leandro-santoro.png\",\"datePublished\":\"2023-10-24T18:11:02+00:00\",\"dateModified\":\"2023-10-24T18:11:54+00:00\",\"breadcrumb\":{\"@id\":\"https:\/\/apuntesdesanluis.com\/index.php\/2023\/10\/24\/santoro-bajo-su-candidatura-y-jorge-macri-sera-el-nuevo-jefe-de-gobierno-porteno\/#breadcrumb\"},\"inLanguage\":\"es-AR\",\"potentialAction\":[{\"@type\":\"ReadAction\",\"target\":[\"https:\/\/apuntesdesanluis.com\/index.php\/2023\/10\/24\/santoro-bajo-su-candidatura-y-jorge-macri-sera-el-nuevo-jefe-de-gobierno-porteno\/\"]}]},{\"@type\":\"ImageObject\",\"inLanguage\":\"es-AR\",\"@id\":\"https:\/\/apuntesdesanluis.com\/index.php\/2023\/10\/24\/santoro-bajo-su-candidatura-y-jorge-macri-sera-el-nuevo-jefe-de-gobierno-porteno\/#primaryimage\",\"url\":\"https:\/\/apuntesdesanluis.com\/wp-content\/uploads\/2023\/10\/leandro-santoro.png\",\"contentUrl\":\"https:\/\/apuntesdesanluis.com\/wp-content\/uploads\/2023\/10\/leandro-santoro.png\",\"width\":600,\"height\":363},{\"@type\":\"BreadcrumbList\",\"@id\":\"https:\/\/apuntesdesanluis.com\/index.php\/2023\/10\/24\/santoro-bajo-su-candidatura-y-jorge-macri-sera-el-nuevo-jefe-de-gobierno-porteno\/#breadcrumb\",\"itemListElement\":[{\"@type\":\"ListItem\",\"position\":1,\"name\":\"Inicio\",\"item\":\"https:\/\/apuntesdesanluis.com\/\"},{\"@type\":\"ListItem\",\"position\":2,\"name\":\"SANTORO BAJ\u00d3 SU CANDIDATURA Y JORGE MACRI SER\u00c1 EL NUEVO JEFE DE GOBIERNO PORTE\u00d1O\"}]},{\"@type\":\"WebSite\",\"@id\":\"https:\/\/apuntesdesanluis.com\/#website\",\"url\":\"https:\/\/apuntesdesanluis.com\/\",\"name\":\"Apuntes de San Luis\",\"description\":\"\",\"publisher\":{\"@id\":\"https:\/\/apuntesdesanluis.com\/#\/schema\/person\/b55151d52296fcce64d1a72538a70b90\"},\"potentialAction\":[{\"@type\":\"SearchAction\",\"target\":{\"@type\":\"EntryPoint\",\"urlTemplate\":\"https:\/\/apuntesdesanluis.com\/?s={search_term_string}\"},\"query-input\":{\"@type\":\"PropertyValueSpecification\",\"valueRequired\":true,\"valueName\":\"search_term_string\"}}],\"inLanguage\":\"es-AR\"},{\"@type\":[\"Person\",\"Organization\"],\"@id\":\"https:\/\/apuntesdesanluis.com\/#\/schema\/person\/b55151d52296fcce64d1a72538a70b90\",\"name\":\"apuntesdesanluis.com\",\"image\":{\"@type\":\"ImageObject\",\"inLanguage\":\"es-AR\",\"@id\":\"https:\/\/apuntesdesanluis.com\/#\/schema\/person\/image\/\",\"url\":\"https:\/\/apuntesdesanluis.com\/wp-content\/uploads\/2023\/07\/cropped-apuntesdesanluis.png\",\"contentUrl\":\"https:\/\/apuntesdesanluis.com\/wp-content\/uploads\/2023\/07\/cropped-apuntesdesanluis.png\",\"width\":450,\"height\":112,\"caption\":\"apuntesdesanluis.com\"},\"logo\":{\"@id\":\"https:\/\/apuntesdesanluis.com\/#\/schema\/person\/image\/\"},\"sameAs\":[\"https:\/\/apuntesdesanluis.com\"],\"url\":\"https:\/\/apuntesdesanluis.com\/index.php\/author\/apuntesdesanluis-com\/\"}]}<\/script>\n<!-- \/ Yoast SEO plugin. -->","yoast_head_json":{"title":"SANTORO BAJ\u00d3 SU CANDIDATURA Y JORGE MACRI SER\u00c1 EL NUEVO JEFE DE GOBIERNO PORTE\u00d1O - Apuntes de San Luis","robots":{"index":"index","follow":"follow","max-snippet":"max-snippet:-1","max-image-preview":"max-image-preview:large","max-video-preview":"max-video-preview:-1"},"canonical":"https:\/\/apuntesdesanluis.com\/index.php\/2023\/10\/24\/santoro-bajo-su-candidatura-y-jorge-macri-sera-el-nuevo-jefe-de-gobierno-porteno\/","og_locale":"es_ES","og_type":"article","og_title":"SANTORO BAJ\u00d3 SU CANDIDATURA Y JORGE MACRI SER\u00c1 EL NUEVO JEFE DE GOBIERNO PORTE\u00d1O - Apuntes de San Luis","og_description":"El diputado nacional por Uni\u00f3n por la Patria (UxP) Leandro Santoro, decidi\u00f3 este martes bajar...","og_url":"https:\/\/apuntesdesanluis.com\/index.php\/2023\/10\/24\/santoro-bajo-su-candidatura-y-jorge-macri-sera-el-nuevo-jefe-de-gobierno-porteno\/","og_site_name":"Apuntes de San Luis","article_published_time":"2023-10-24T18:11:02+00:00","article_modified_time":"2023-10-24T18:11:54+00:00","og_image":[{"width":600,"height":363,"url":"https:\/\/apuntesdesanluis.com\/wp-content\/uploads\/2023\/10\/leandro-santoro.png","type":"image\/png"}],"author":"apuntesdesanluis.com","twitter_card":"summary_large_image","twitter_misc":{"Escrito por":"apuntesdesanluis.com","Tiempo de lectura":"3 minutos"},"schema":{"@context":"https:\/\/schema.org","@graph":[{"@type":"Article","@id":"https:\/\/apuntesdesanluis.com\/index.php\/2023\/10\/24\/santoro-bajo-su-candidatura-y-jorge-macri-sera-el-nuevo-jefe-de-gobierno-porteno\/#article","isPartOf":{"@id":"https:\/\/apuntesdesanluis.com\/index.php\/2023\/10\/24\/santoro-bajo-su-candidatura-y-jorge-macri-sera-el-nuevo-jefe-de-gobierno-porteno\/"},"author":{"name":"apuntesdesanluis.com","@id":"https:\/\/apuntesdesanluis.com\/#\/schema\/person\/b55151d52296fcce64d1a72538a70b90"},"headline":"SANTORO BAJ\u00d3 SU CANDIDATURA Y JORGE MACRI SER\u00c1 EL NUEVO JEFE DE GOBIERNO PORTE\u00d1O","datePublished":"2023-10-24T18:11:02+00:00","dateModified":"2023-10-24T18:11:54+00:00","mainEntityOfPage":{"@id":"https:\/\/apuntesdesanluis.com\/index.php\/2023\/10\/24\/santoro-bajo-su-candidatura-y-jorge-macri-sera-el-nuevo-jefe-de-gobierno-porteno\/"},"wordCount":437,"publisher":{"@id":"https:\/\/apuntesdesanluis.com\/#\/schema\/person\/b55151d52296fcce64d1a72538a70b90"},"image":{"@id":"https:\/\/apuntesdesanluis.com\/index.php\/2023\/10\/24\/santoro-bajo-su-candidatura-y-jorge-macri-sera-el-nuevo-jefe-de-gobierno-porteno\/#primaryimage"},"thumbnailUrl":"https:\/\/apuntesdesanluis.com\/wp-content\/uploads\/2023\/10\/leandro-santoro.png","articleSection":["Nacionales\/Internacionales"],"inLanguage":"es-AR"},{"@type":"WebPage","@id":"https:\/\/apuntesdesanluis.com\/index.php\/2023\/10\/24\/santoro-bajo-su-candidatura-y-jorge-macri-sera-el-nuevo-jefe-de-gobierno-porteno\/","url":"https:\/\/apuntesdesanluis.com\/index.php\/2023\/10\/24\/santoro-bajo-su-candidatura-y-jorge-macri-sera-el-nuevo-jefe-de-gobierno-porteno\/","name":"SANTORO BAJ\u00d3 SU CANDIDATURA Y JORGE MACRI SER\u00c1 EL NUEVO JEFE DE GOBIERNO PORTE\u00d1O - Apuntes de San Luis","isPartOf":{"@id":"https:\/\/apuntesdesanluis.com\/#website"},"primaryImageOfPage":{"@id":"https:\/\/apuntesdesanluis.com\/index.php\/2023\/10\/24\/santoro-bajo-su-candidatura-y-jorge-macri-sera-el-nuevo-jefe-de-gobierno-porteno\/#primaryimage"},"image":{"@id":"https:\/\/apuntesdesanluis.com\/index.php\/2023\/10\/24\/santoro-bajo-su-candidatura-y-jorge-macri-sera-el-nuevo-jefe-de-gobierno-porteno\/#primaryimage"},"thumbnailUrl":"https:\/\/apuntesdesanluis.com\/wp-content\/uploads\/2023\/10\/leandro-santoro.png","datePublished":"2023-10-24T18:11:02+00:00","dateModified":"2023-10-24T18:11:54+00:00","breadcrumb":{"@id":"https:\/\/apuntesdesanluis.com\/index.php\/2023\/10\/24\/santoro-bajo-su-candidatura-y-jorge-macri-sera-el-nuevo-jefe-de-gobierno-porteno\/#breadcrumb"},"inLanguage":"es-AR","potentialAction":[{"@type":"ReadAction","target":["https:\/\/apuntesdesanluis.com\/index.php\/2023\/10\/24\/santoro-bajo-su-candidatura-y-jorge-macri-sera-el-nuevo-jefe-de-gobierno-porteno\/"]}]},{"@type":"ImageObject","inLanguage":"es-AR","@id":"https:\/\/apuntesdesanluis.com\/index.php\/2023\/10\/24\/santoro-bajo-su-candidatura-y-jorge-macri-sera-el-nuevo-jefe-de-gobierno-porteno\/#primaryimage","url":"https:\/\/apuntesdesanluis.com\/wp-content\/uploads\/2023\/10\/leandro-santoro.png","contentUrl":"https:\/\/apuntesdesanluis.com\/wp-content\/uploads\/2023\/10\/leandro-santoro.png","width":600,"height":363},{"@type":"BreadcrumbList","@id":"https:\/\/apuntesdesanluis.com\/index.php\/2023\/10\/24\/santoro-bajo-su-candidatura-y-jorge-macri-sera-el-nuevo-jefe-de-gobierno-porteno\/#breadcrumb","itemListElement":[{"@type":"ListItem","position":1,"name":"Inicio","item":"https:\/\/apuntesdesanluis.com\/"},{"@type":"ListItem","position":2,"name":"SANTORO BAJ\u00d3 SU CANDIDATURA Y JORGE MACRI SER\u00c1 EL NUEVO JEFE DE GOBIERNO PORTE\u00d1O"}]},{"@type":"WebSite","@id":"https:\/\/apuntesdesanluis.com\/#website","url":"https:\/\/apuntesdesanluis.com\/","name":"Apuntes de San Luis","description":"","publisher":{"@id":"https:\/\/apuntesdesanluis.com\/#\/schema\/person\/b55151d52296fcce64d1a72538a70b90"},"potentialAction":[{"@type":"SearchAction","target":{"@type":"EntryPoint","urlTemplate":"https:\/\/apuntesdesanluis.com\/?s={search_term_string}"},"query-input":{"@type":"PropertyValueSpecification","valueRequired":true,"valueName":"search_term_string"}}],"inLanguage":"es-AR"},{"@type":["Person","Organization"],"@id":"https:\/\/apuntesdesanluis.com\/#\/schema\/person\/b55151d52296fcce64d1a72538a70b90","name":"apuntesdesanluis.com","image":{"@type":"ImageObject","inLanguage":"es-AR","@id":"https:\/\/apuntesdesanluis.com\/#\/schema\/person\/image\/","url":"https:\/\/apuntesdesanluis.com\/wp-content\/uploads\/2023\/07\/cropped-apuntesdesanluis.png","contentUrl":"https:\/\/apuntesdesanluis.com\/wp-content\/uploads\/2023\/07\/cropped-apuntesdesanluis.png","width":450,"height":112,"caption":"apuntesdesanluis.com"},"logo":{"@id":"https:\/\/apuntesdesanluis.com\/#\/schema\/person\/image\/"},"sameAs":["https:\/\/apuntesdesanluis.com"],"url":"https:\/\/apuntesdesanluis.com\/index.php\/author\/apuntesdesanluis-com\/"}]}},"featured_image_urls":{"full":["https:\/\/apuntesdesanluis.com\/wp-content\/uploads\/2023\/10\/leandro-santoro.png",600,363,false],"thumbnail":["https:\/\/apuntesdesanluis.com\/wp-content\/uploads\/2023\/10\/leandro-santoro-150x150.png",150,150,true],"medium":["https:\/\/apuntesdesanluis.com\/wp-content\/uploads\/2023\/10\/leandro-santoro-300x182.png",300,182,true],"medium_large":["https:\/\/apuntesdesanluis.com\/wp-content\/uploads\/2023\/10\/leandro-santoro.png",600,363,false],"large":["https:\/\/apuntesdesanluis.com\/wp-content\/uploads\/2023\/10\/leandro-santoro.png",600,363,false],"1536x1536":["https:\/\/apuntesdesanluis.com\/wp-content\/uploads\/2023\/10\/leandro-santoro.png",600,363,false],"2048x2048":["https:\/\/apuntesdesanluis.com\/wp-content\/uploads\/2023\/10\/leandro-santoro.png",600,363,false],"newsever-slider-full":["https:\/\/apuntesdesanluis.com\/wp-content\/uploads\/2023\/10\/leandro-santoro.png",600,363,false],"newsever-featured":["https:\/\/apuntesdesanluis.com\/wp-content\/uploads\/2023\/10\/leandro-santoro.png",600,363,false],"newsever-medium":["https:\/\/apuntesdesanluis.com\/wp-content\/uploads\/2023\/10\/leandro-santoro.png",600,363,false]},"author_info":{"display_name":"apuntesdesanluis.com","author_link":"https:\/\/apuntesdesanluis.com\/index.php\/author\/apuntesdesanluis-com\/"},"category_info":"<a href=\"https:\/\/apuntesdesanluis.com\/index.php\/category\/nacionales-internacionales\/\" rel=\"category tag\">Nacionales\/Internacionales<\/a>","tag_info":"Nacionales\/Internacionales","comment_count":"0","_links":{"self":[{"href":"https:\/\/apuntesdesanluis.com\/index.php\/wp-json\/wp\/v2\/posts\/5748","targetHints":{"allow":["GET"]}}],"collection":[{"href":"https:\/\/apuntesdesanluis.com\/index.php\/wp-json\/wp\/v2\/posts"}],"about":[{"href":"https:\/\/apuntesdesanluis.com\/index.php\/wp-json\/wp\/v2\/types\/post"}],"author":[{"embeddable":true,"href":"https:\/\/apuntesdesanluis.com\/index.php\/wp-json\/wp\/v2\/users\/1"}],"replies":[{"embeddable":true,"href":"https:\/\/apuntesdesanluis.com\/index.php\/wp-json\/wp\/v2\/comments?post=5748"}],"version-history":[{"count":1,"href":"https:\/\/apuntesdesanluis.com\/index.php\/wp-json\/wp\/v2\/posts\/5748\/revisions"}],"predecessor-version":[{"id":5750,"href":"https:\/\/apuntesdesanluis.com\/index.php\/wp-json\/wp\/v2\/posts\/5748\/revisions\/5750"}],"wp:featuredmedia":[{"embeddable":true,"href":"https:\/\/apuntesdesanluis.com\/index.php\/wp-json\/wp\/v2\/media\/5751"}],"wp:attachment":[{"href":"https:\/\/apuntesdesanluis.com\/index.php\/wp-json\/wp\/v2\/media?parent=5748"}],"wp:term":[{"taxonomy":"category","embeddable":true,"href":"https:\/\/apuntesdesanluis.com\/index.php\/wp-json\/wp\/v2\/categories?post=5748"},{"taxonomy":"post_tag","embeddable":true,"href":"https:\/\/apuntesdesanluis.com\/index.php\/wp-json\/wp\/v2\/tags?post=5748"}],"curies":[{"name":"wp","href":"https:\/\/api.w.org\/{rel}","templated":true}]}}