{"id":5757,"date":"2023-10-25T07:42:51","date_gmt":"2023-10-25T10:42:51","guid":{"rendered":"https:\/\/apuntesdesanluis.com\/?p=5757"},"modified":"2023-10-25T07:42:51","modified_gmt":"2023-10-25T10:42:51","slug":"el-senado-dio-acuerdo-para-que-catalfamo-sea-nueva-rectora-de-la-universidad-de-la-punta","status":"publish","type":"post","link":"https:\/\/apuntesdesanluis.com\/index.php\/2023\/10\/25\/el-senado-dio-acuerdo-para-que-catalfamo-sea-nueva-rectora-de-la-universidad-de-la-punta\/","title":{"rendered":"EL SENADO DIO ACUERDO PARA QUE CATALFAMO SEA NUEVA RECTORA DE LA UNIVERSIDAD DE LA PUNTA"},"content":{"rendered":"<h3>La actual senadora nacional <strong>Eugenia Catalfamo<\/strong> reemplazar\u00e1 a la doctora Alicia Ba\u00f1uelos, quien se desempe\u00f1a en el cargo desde 2018 y fue reconocida en varias ocasiones por sus trabajos relacionados a la industria inform\u00e1tica.<\/h3>\n<h3>Licenciada en Comunicaci\u00f3n Social y actual senadora nacional, Catalfamo ya pas\u00f3 por la casa de estudios cumpliendo diversas funciones.<\/h3>\n<h3>En el a\u00f1o 2008 se sancion\u00f3 la Ley N\u00b0 II-0659-2008, a trav\u00e9s de la cual se modificaron distintos art\u00edculos de la Ley N\u00b0 II-0034-2004 (5551 *R), donde particularmente se sustituye el Art\u00edculo 4\u00b0, por el siguiente: \u201cART\u00cdCULO 4\u00b0.- El Rector de la Universidad ser\u00e1 designado por el Poder Ejecutivo Provincial con acuerdo del Senado y durar\u00e1 CUATRO (4) a\u00f1os en el ejercicio de sus funciones\u201d.<\/h3>\n<h3>De esta manera, con un instrumento de jerarqu\u00eda superior se modific\u00f3 todo tipo de norma que se haya dictado con anterioridad a la fecha de sanci\u00f3n de la referida Ley. Cabe destacar que desde el 2008 a la fecha, no se ha dictado otra normativa que modifique, reemplace o reglamente lo estipulado en la Ley N\u00b0 II-0659-2008.<\/h3>\n<h3>En este contexto, el Senado provincial aprob\u00f3 este martes la designaci\u00f3n de Eugenia Catalfamo para reemplazar a la doctora Alicia Ba\u00f1uelos.<\/h3>\n<h3>A lo largo de estos a\u00f1os, la senadora Catalfamo, fue jefa del Programa Comunicaci\u00f3n en la Universidad de la Punta y ha cumplido diversas funciones en el Poder Ejecutivo provincial, as\u00ed como en el Legislativo nacional. Adem\u00e1s, en el a\u00f1o 2020, cre\u00f3 la Fundaci\u00f3n Luminar con el objetivo de impulsar la formaci\u00f3n y profesionalizaci\u00f3n de j\u00f3venes de la provincia a trav\u00e9s de diferentes cursos y talleres, incluso de una maestr\u00eda dictada por la Universidad de Belgrano.<\/h3>\n<h3>La oposici\u00f3n ha cuestionado a Catalfamo por no contar con antecedentes acad\u00e9micos para desempe\u00f1ar la funci\u00f3n de rectora, de acuerdo con lo que establece la Ley de Educaci\u00f3n Superior. Asimismo, el gobernador electo Claudio Poggi ha adelantado que va a firmar la derogaci\u00f3n de su designaci\u00f3n.<\/h3>\n<p>&nbsp;<\/p>\n<p>&nbsp;<\/p>\n<p>&nbsp;<\/p>\n","protected":false},"excerpt":{"rendered":"<p>La actual senadora nacional Eugenia Catalfamo reemplazar\u00e1 a la doctora Alicia Ba\u00f1uelos, quien se desempe\u00f1a&#8230;<\/p>\n","protected":false},"author":1,"featured_media":5758,"comment_status":"closed","ping_status":"closed","sticky":false,"template":"","format":"standard","meta":{"footnotes":""},"categories":[6],"tags":[],"class_list":["post-5757","post","type-post","status-publish","format-standard","has-post-thumbnail","hentry","category-ciudad-provincia"],"yoast_head":"<!-- This site is optimized with the Yoast SEO plugin v26.1.1 - https:\/\/yoast.com\/wordpress\/plugins\/seo\/ -->\n<title>EL SENADO DIO ACUERDO PARA QUE CATALFAMO SEA NUEVA RECTORA DE LA UNIVERSIDAD DE LA PUNTA - Apuntes de San Luis<\/title>\n<meta name=\"robots\" content=\"index, follow, max-snippet:-1, max-image-preview:large, max-video-preview:-1\" \/>\n<link rel=\"canonical\" href=\"https:\/\/apuntesdesanluis.com\/index.php\/2023\/10\/25\/el-senado-dio-acuerdo-para-que-catalfamo-sea-nueva-rectora-de-la-universidad-de-la-punta\/\" \/>\n<meta property=\"og:locale\" content=\"es_ES\" \/>\n<meta property=\"og:type\" content=\"article\" \/>\n<meta property=\"og:title\" content=\"EL SENADO DIO ACUERDO PARA QUE CATALFAMO SEA NUEVA RECTORA DE LA UNIVERSIDAD DE LA PUNTA - Apuntes de San Luis\" \/>\n<meta property=\"og:description\" content=\"La actual senadora nacional Eugenia Catalfamo reemplazar\u00e1 a la doctora Alicia Ba\u00f1uelos, quien se desempe\u00f1a...\" \/>\n<meta property=\"og:url\" content=\"https:\/\/apuntesdesanluis.com\/index.php\/2023\/10\/25\/el-senado-dio-acuerdo-para-que-catalfamo-sea-nueva-rectora-de-la-universidad-de-la-punta\/\" \/>\n<meta property=\"og:site_name\" content=\"Apuntes de San Luis\" \/>\n<meta property=\"article:published_time\" content=\"2023-10-25T10:42:51+00:00\" \/>\n<meta property=\"og:image\" content=\"https:\/\/apuntesdesanluis.com\/wp-content\/uploads\/2023\/10\/CATALFAMO-1.png\" \/>\n\t<meta property=\"og:image:width\" content=\"766\" \/>\n\t<meta property=\"og:image:height\" content=\"492\" \/>\n\t<meta property=\"og:image:type\" content=\"image\/png\" \/>\n<meta name=\"author\" content=\"apuntesdesanluis.com\" \/>\n<meta name=\"twitter:card\" content=\"summary_large_image\" \/>\n<meta name=\"twitter:label1\" content=\"Escrito por\" \/>\n\t<meta name=\"twitter:data1\" content=\"apuntesdesanluis.com\" \/>\n\t<meta name=\"twitter:label2\" content=\"Tiempo de lectura\" \/>\n\t<meta name=\"twitter:data2\" content=\"2 minutos\" \/>\n<script type=\"application\/ld+json\" class=\"yoast-schema-graph\">{\"@context\":\"https:\/\/schema.org\",\"@graph\":[{\"@type\":\"Article\",\"@id\":\"https:\/\/apuntesdesanluis.com\/index.php\/2023\/10\/25\/el-senado-dio-acuerdo-para-que-catalfamo-sea-nueva-rectora-de-la-universidad-de-la-punta\/#article\",\"isPartOf\":{\"@id\":\"https:\/\/apuntesdesanluis.com\/index.php\/2023\/10\/25\/el-senado-dio-acuerdo-para-que-catalfamo-sea-nueva-rectora-de-la-universidad-de-la-punta\/\"},\"author\":{\"name\":\"apuntesdesanluis.com\",\"@id\":\"https:\/\/apuntesdesanluis.com\/#\/schema\/person\/b55151d52296fcce64d1a72538a70b90\"},\"headline\":\"EL SENADO DIO ACUERDO PARA QUE CATALFAMO SEA NUEVA RECTORA DE LA UNIVERSIDAD DE LA PUNTA\",\"datePublished\":\"2023-10-25T10:42:51+00:00\",\"mainEntityOfPage\":{\"@id\":\"https:\/\/apuntesdesanluis.com\/index.php\/2023\/10\/25\/el-senado-dio-acuerdo-para-que-catalfamo-sea-nueva-rectora-de-la-universidad-de-la-punta\/\"},\"wordCount\":364,\"publisher\":{\"@id\":\"https:\/\/apuntesdesanluis.com\/#\/schema\/person\/b55151d52296fcce64d1a72538a70b90\"},\"image\":{\"@id\":\"https:\/\/apuntesdesanluis.com\/index.php\/2023\/10\/25\/el-senado-dio-acuerdo-para-que-catalfamo-sea-nueva-rectora-de-la-universidad-de-la-punta\/#primaryimage\"},\"thumbnailUrl\":\"https:\/\/apuntesdesanluis.com\/wp-content\/uploads\/2023\/10\/CATALFAMO-1.png\",\"articleSection\":[\"Ciudad\/Provincia\"],\"inLanguage\":\"es-AR\"},{\"@type\":\"WebPage\",\"@id\":\"https:\/\/apuntesdesanluis.com\/index.php\/2023\/10\/25\/el-senado-dio-acuerdo-para-que-catalfamo-sea-nueva-rectora-de-la-universidad-de-la-punta\/\",\"url\":\"https:\/\/apuntesdesanluis.com\/index.php\/2023\/10\/25\/el-senado-dio-acuerdo-para-que-catalfamo-sea-nueva-rectora-de-la-universidad-de-la-punta\/\",\"name\":\"EL SENADO DIO ACUERDO PARA QUE CATALFAMO SEA NUEVA RECTORA DE LA UNIVERSIDAD DE LA PUNTA - Apuntes de San Luis\",\"isPartOf\":{\"@id\":\"https:\/\/apuntesdesanluis.com\/#website\"},\"primaryImageOfPage\":{\"@id\":\"https:\/\/apuntesdesanluis.com\/index.php\/2023\/10\/25\/el-senado-dio-acuerdo-para-que-catalfamo-sea-nueva-rectora-de-la-universidad-de-la-punta\/#primaryimage\"},\"image\":{\"@id\":\"https:\/\/apuntesdesanluis.com\/index.php\/2023\/10\/25\/el-senado-dio-acuerdo-para-que-catalfamo-sea-nueva-rectora-de-la-universidad-de-la-punta\/#primaryimage\"},\"thumbnailUrl\":\"https:\/\/apuntesdesanluis.com\/wp-content\/uploads\/2023\/10\/CATALFAMO-1.png\",\"datePublished\":\"2023-10-25T10:42:51+00:00\",\"breadcrumb\":{\"@id\":\"https:\/\/apuntesdesanluis.com\/index.php\/2023\/10\/25\/el-senado-dio-acuerdo-para-que-catalfamo-sea-nueva-rectora-de-la-universidad-de-la-punta\/#breadcrumb\"},\"inLanguage\":\"es-AR\",\"potentialAction\":[{\"@type\":\"ReadAction\",\"target\":[\"https:\/\/apuntesdesanluis.com\/index.php\/2023\/10\/25\/el-senado-dio-acuerdo-para-que-catalfamo-sea-nueva-rectora-de-la-universidad-de-la-punta\/\"]}]},{\"@type\":\"ImageObject\",\"inLanguage\":\"es-AR\",\"@id\":\"https:\/\/apuntesdesanluis.com\/index.php\/2023\/10\/25\/el-senado-dio-acuerdo-para-que-catalfamo-sea-nueva-rectora-de-la-universidad-de-la-punta\/#primaryimage\",\"url\":\"https:\/\/apuntesdesanluis.com\/wp-content\/uploads\/2023\/10\/CATALFAMO-1.png\",\"contentUrl\":\"https:\/\/apuntesdesanluis.com\/wp-content\/uploads\/2023\/10\/CATALFAMO-1.png\",\"width\":766,\"height\":492},{\"@type\":\"BreadcrumbList\",\"@id\":\"https:\/\/apuntesdesanluis.com\/index.php\/2023\/10\/25\/el-senado-dio-acuerdo-para-que-catalfamo-sea-nueva-rectora-de-la-universidad-de-la-punta\/#breadcrumb\",\"itemListElement\":[{\"@type\":\"ListItem\",\"position\":1,\"name\":\"Inicio\",\"item\":\"https:\/\/apuntesdesanluis.com\/\"},{\"@type\":\"ListItem\",\"position\":2,\"name\":\"EL SENADO DIO ACUERDO PARA QUE CATALFAMO SEA NUEVA RECTORA DE LA UNIVERSIDAD DE LA PUNTA\"}]},{\"@type\":\"WebSite\",\"@id\":\"https:\/\/apuntesdesanluis.com\/#website\",\"url\":\"https:\/\/apuntesdesanluis.com\/\",\"name\":\"Apuntes de San Luis\",\"description\":\"\",\"publisher\":{\"@id\":\"https:\/\/apuntesdesanluis.com\/#\/schema\/person\/b55151d52296fcce64d1a72538a70b90\"},\"potentialAction\":[{\"@type\":\"SearchAction\",\"target\":{\"@type\":\"EntryPoint\",\"urlTemplate\":\"https:\/\/apuntesdesanluis.com\/?s={search_term_string}\"},\"query-input\":{\"@type\":\"PropertyValueSpecification\",\"valueRequired\":true,\"valueName\":\"search_term_string\"}}],\"inLanguage\":\"es-AR\"},{\"@type\":[\"Person\",\"Organization\"],\"@id\":\"https:\/\/apuntesdesanluis.com\/#\/schema\/person\/b55151d52296fcce64d1a72538a70b90\",\"name\":\"apuntesdesanluis.com\",\"image\":{\"@type\":\"ImageObject\",\"inLanguage\":\"es-AR\",\"@id\":\"https:\/\/apuntesdesanluis.com\/#\/schema\/person\/image\/\",\"url\":\"https:\/\/apuntesdesanluis.com\/wp-content\/uploads\/2023\/07\/cropped-apuntesdesanluis.png\",\"contentUrl\":\"https:\/\/apuntesdesanluis.com\/wp-content\/uploads\/2023\/07\/cropped-apuntesdesanluis.png\",\"width\":450,\"height\":112,\"caption\":\"apuntesdesanluis.com\"},\"logo\":{\"@id\":\"https:\/\/apuntesdesanluis.com\/#\/schema\/person\/image\/\"},\"sameAs\":[\"https:\/\/apuntesdesanluis.com\"],\"url\":\"https:\/\/apuntesdesanluis.com\/index.php\/author\/apuntesdesanluis-com\/\"}]}<\/script>\n<!-- \/ Yoast SEO plugin. -->","yoast_head_json":{"title":"EL SENADO DIO ACUERDO PARA QUE CATALFAMO SEA NUEVA RECTORA DE LA UNIVERSIDAD DE LA PUNTA - Apuntes de San Luis","robots":{"index":"index","follow":"follow","max-snippet":"max-snippet:-1","max-image-preview":"max-image-preview:large","max-video-preview":"max-video-preview:-1"},"canonical":"https:\/\/apuntesdesanluis.com\/index.php\/2023\/10\/25\/el-senado-dio-acuerdo-para-que-catalfamo-sea-nueva-rectora-de-la-universidad-de-la-punta\/","og_locale":"es_ES","og_type":"article","og_title":"EL SENADO DIO ACUERDO PARA QUE CATALFAMO SEA NUEVA RECTORA DE LA UNIVERSIDAD DE LA PUNTA - Apuntes de San Luis","og_description":"La actual senadora nacional Eugenia Catalfamo reemplazar\u00e1 a la doctora Alicia Ba\u00f1uelos, quien se desempe\u00f1a...","og_url":"https:\/\/apuntesdesanluis.com\/index.php\/2023\/10\/25\/el-senado-dio-acuerdo-para-que-catalfamo-sea-nueva-rectora-de-la-universidad-de-la-punta\/","og_site_name":"Apuntes de San Luis","article_published_time":"2023-10-25T10:42:51+00:00","og_image":[{"width":766,"height":492,"url":"https:\/\/apuntesdesanluis.com\/wp-content\/uploads\/2023\/10\/CATALFAMO-1.png","type":"image\/png"}],"author":"apuntesdesanluis.com","twitter_card":"summary_large_image","twitter_misc":{"Escrito por":"apuntesdesanluis.com","Tiempo de lectura":"2 minutos"},"schema":{"@context":"https:\/\/schema.org","@graph":[{"@type":"Article","@id":"https:\/\/apuntesdesanluis.com\/index.php\/2023\/10\/25\/el-senado-dio-acuerdo-para-que-catalfamo-sea-nueva-rectora-de-la-universidad-de-la-punta\/#article","isPartOf":{"@id":"https:\/\/apuntesdesanluis.com\/index.php\/2023\/10\/25\/el-senado-dio-acuerdo-para-que-catalfamo-sea-nueva-rectora-de-la-universidad-de-la-punta\/"},"author":{"name":"apuntesdesanluis.com","@id":"https:\/\/apuntesdesanluis.com\/#\/schema\/person\/b55151d52296fcce64d1a72538a70b90"},"headline":"EL SENADO DIO ACUERDO PARA QUE CATALFAMO SEA NUEVA RECTORA DE LA UNIVERSIDAD DE LA PUNTA","datePublished":"2023-10-25T10:42:51+00:00","mainEntityOfPage":{"@id":"https:\/\/apuntesdesanluis.com\/index.php\/2023\/10\/25\/el-senado-dio-acuerdo-para-que-catalfamo-sea-nueva-rectora-de-la-universidad-de-la-punta\/"},"wordCount":364,"publisher":{"@id":"https:\/\/apuntesdesanluis.com\/#\/schema\/person\/b55151d52296fcce64d1a72538a70b90"},"image":{"@id":"https:\/\/apuntesdesanluis.com\/index.php\/2023\/10\/25\/el-senado-dio-acuerdo-para-que-catalfamo-sea-nueva-rectora-de-la-universidad-de-la-punta\/#primaryimage"},"thumbnailUrl":"https:\/\/apuntesdesanluis.com\/wp-content\/uploads\/2023\/10\/CATALFAMO-1.png","articleSection":["Ciudad\/Provincia"],"inLanguage":"es-AR"},{"@type":"WebPage","@id":"https:\/\/apuntesdesanluis.com\/index.php\/2023\/10\/25\/el-senado-dio-acuerdo-para-que-catalfamo-sea-nueva-rectora-de-la-universidad-de-la-punta\/","url":"https:\/\/apuntesdesanluis.com\/index.php\/2023\/10\/25\/el-senado-dio-acuerdo-para-que-catalfamo-sea-nueva-rectora-de-la-universidad-de-la-punta\/","name":"EL SENADO DIO ACUERDO PARA QUE CATALFAMO SEA NUEVA RECTORA DE LA UNIVERSIDAD DE LA PUNTA - Apuntes de San Luis","isPartOf":{"@id":"https:\/\/apuntesdesanluis.com\/#website"},"primaryImageOfPage":{"@id":"https:\/\/apuntesdesanluis.com\/index.php\/2023\/10\/25\/el-senado-dio-acuerdo-para-que-catalfamo-sea-nueva-rectora-de-la-universidad-de-la-punta\/#primaryimage"},"image":{"@id":"https:\/\/apuntesdesanluis.com\/index.php\/2023\/10\/25\/el-senado-dio-acuerdo-para-que-catalfamo-sea-nueva-rectora-de-la-universidad-de-la-punta\/#primaryimage"},"thumbnailUrl":"https:\/\/apuntesdesanluis.com\/wp-content\/uploads\/2023\/10\/CATALFAMO-1.png","datePublished":"2023-10-25T10:42:51+00:00","breadcrumb":{"@id":"https:\/\/apuntesdesanluis.com\/index.php\/2023\/10\/25\/el-senado-dio-acuerdo-para-que-catalfamo-sea-nueva-rectora-de-la-universidad-de-la-punta\/#breadcrumb"},"inLanguage":"es-AR","potentialAction":[{"@type":"ReadAction","target":["https:\/\/apuntesdesanluis.com\/index.php\/2023\/10\/25\/el-senado-dio-acuerdo-para-que-catalfamo-sea-nueva-rectora-de-la-universidad-de-la-punta\/"]}]},{"@type":"ImageObject","inLanguage":"es-AR","@id":"https:\/\/apuntesdesanluis.com\/index.php\/2023\/10\/25\/el-senado-dio-acuerdo-para-que-catalfamo-sea-nueva-rectora-de-la-universidad-de-la-punta\/#primaryimage","url":"https:\/\/apuntesdesanluis.com\/wp-content\/uploads\/2023\/10\/CATALFAMO-1.png","contentUrl":"https:\/\/apuntesdesanluis.com\/wp-content\/uploads\/2023\/10\/CATALFAMO-1.png","width":766,"height":492},{"@type":"BreadcrumbList","@id":"https:\/\/apuntesdesanluis.com\/index.php\/2023\/10\/25\/el-senado-dio-acuerdo-para-que-catalfamo-sea-nueva-rectora-de-la-universidad-de-la-punta\/#breadcrumb","itemListElement":[{"@type":"ListItem","position":1,"name":"Inicio","item":"https:\/\/apuntesdesanluis.com\/"},{"@type":"ListItem","position":2,"name":"EL SENADO DIO ACUERDO PARA QUE CATALFAMO SEA NUEVA RECTORA DE LA UNIVERSIDAD DE LA PUNTA"}]},{"@type":"WebSite","@id":"https:\/\/apuntesdesanluis.com\/#website","url":"https:\/\/apuntesdesanluis.com\/","name":"Apuntes de San Luis","description":"","publisher":{"@id":"https:\/\/apuntesdesanluis.com\/#\/schema\/person\/b55151d52296fcce64d1a72538a70b90"},"potentialAction":[{"@type":"SearchAction","target":{"@type":"EntryPoint","urlTemplate":"https:\/\/apuntesdesanluis.com\/?s={search_term_string}"},"query-input":{"@type":"PropertyValueSpecification","valueRequired":true,"valueName":"search_term_string"}}],"inLanguage":"es-AR"},{"@type":["Person","Organization"],"@id":"https:\/\/apuntesdesanluis.com\/#\/schema\/person\/b55151d52296fcce64d1a72538a70b90","name":"apuntesdesanluis.com","image":{"@type":"ImageObject","inLanguage":"es-AR","@id":"https:\/\/apuntesdesanluis.com\/#\/schema\/person\/image\/","url":"https:\/\/apuntesdesanluis.com\/wp-content\/uploads\/2023\/07\/cropped-apuntesdesanluis.png","contentUrl":"https:\/\/apuntesdesanluis.com\/wp-content\/uploads\/2023\/07\/cropped-apuntesdesanluis.png","width":450,"height":112,"caption":"apuntesdesanluis.com"},"logo":{"@id":"https:\/\/apuntesdesanluis.com\/#\/schema\/person\/image\/"},"sameAs":["https:\/\/apuntesdesanluis.com"],"url":"https:\/\/apuntesdesanluis.com\/index.php\/author\/apuntesdesanluis-com\/"}]}},"featured_image_urls":{"full":["https:\/\/apuntesdesanluis.com\/wp-content\/uploads\/2023\/10\/CATALFAMO-1.png",766,492,false],"thumbnail":["https:\/\/apuntesdesanluis.com\/wp-content\/uploads\/2023\/10\/CATALFAMO-1-150x150.png",150,150,true],"medium":["https:\/\/apuntesdesanluis.com\/wp-content\/uploads\/2023\/10\/CATALFAMO-1-300x193.png",300,193,true],"medium_large":["https:\/\/apuntesdesanluis.com\/wp-content\/uploads\/2023\/10\/CATALFAMO-1.png",640,411,false],"large":["https:\/\/apuntesdesanluis.com\/wp-content\/uploads\/2023\/10\/CATALFAMO-1.png",640,411,false],"1536x1536":["https:\/\/apuntesdesanluis.com\/wp-content\/uploads\/2023\/10\/CATALFAMO-1.png",766,492,false],"2048x2048":["https:\/\/apuntesdesanluis.com\/wp-content\/uploads\/2023\/10\/CATALFAMO-1.png",766,492,false],"newsever-slider-full":["https:\/\/apuntesdesanluis.com\/wp-content\/uploads\/2023\/10\/CATALFAMO-1.png",766,492,false],"newsever-featured":["https:\/\/apuntesdesanluis.com\/wp-content\/uploads\/2023\/10\/CATALFAMO-1.png",766,492,false],"newsever-medium":["https:\/\/apuntesdesanluis.com\/wp-content\/uploads\/2023\/10\/CATALFAMO-1-720x475.png",720,475,true]},"author_info":{"display_name":"apuntesdesanluis.com","author_link":"https:\/\/apuntesdesanluis.com\/index.php\/author\/apuntesdesanluis-com\/"},"category_info":"<a href=\"https:\/\/apuntesdesanluis.com\/index.php\/category\/ciudad-provincia\/\" rel=\"category tag\">Ciudad\/Provincia<\/a>","tag_info":"Ciudad\/Provincia","comment_count":"0","_links":{"self":[{"href":"https:\/\/apuntesdesanluis.com\/index.php\/wp-json\/wp\/v2\/posts\/5757","targetHints":{"allow":["GET"]}}],"collection":[{"href":"https:\/\/apuntesdesanluis.com\/index.php\/wp-json\/wp\/v2\/posts"}],"about":[{"href":"https:\/\/apuntesdesanluis.com\/index.php\/wp-json\/wp\/v2\/types\/post"}],"author":[{"embeddable":true,"href":"https:\/\/apuntesdesanluis.com\/index.php\/wp-json\/wp\/v2\/users\/1"}],"replies":[{"embeddable":true,"href":"https:\/\/apuntesdesanluis.com\/index.php\/wp-json\/wp\/v2\/comments?post=5757"}],"version-history":[{"count":1,"href":"https:\/\/apuntesdesanluis.com\/index.php\/wp-json\/wp\/v2\/posts\/5757\/revisions"}],"predecessor-version":[{"id":5759,"href":"https:\/\/apuntesdesanluis.com\/index.php\/wp-json\/wp\/v2\/posts\/5757\/revisions\/5759"}],"wp:featuredmedia":[{"embeddable":true,"href":"https:\/\/apuntesdesanluis.com\/index.php\/wp-json\/wp\/v2\/media\/5758"}],"wp:attachment":[{"href":"https:\/\/apuntesdesanluis.com\/index.php\/wp-json\/wp\/v2\/media?parent=5757"}],"wp:term":[{"taxonomy":"category","embeddable":true,"href":"https:\/\/apuntesdesanluis.com\/index.php\/wp-json\/wp\/v2\/categories?post=5757"},{"taxonomy":"post_tag","embeddable":true,"href":"https:\/\/apuntesdesanluis.com\/index.php\/wp-json\/wp\/v2\/tags?post=5757"}],"curies":[{"name":"wp","href":"https:\/\/api.w.org\/{rel}","templated":true}]}}