{"id":576,"date":"2023-07-27T18:32:19","date_gmt":"2023-07-27T21:32:19","guid":{"rendered":"https:\/\/apuntesdesanluis.com\/?p=576"},"modified":"2023-07-27T18:32:19","modified_gmt":"2023-07-27T21:32:19","slug":"el-gobierno-confirmo-previaje-5-cuando-se-lanza-y-de-cuanto-seria-el-reintegro","status":"publish","type":"post","link":"https:\/\/apuntesdesanluis.com\/index.php\/2023\/07\/27\/el-gobierno-confirmo-previaje-5-cuando-se-lanza-y-de-cuanto-seria-el-reintegro\/","title":{"rendered":"EL GOBIERNO CONFIRM\u00d3 PREVIAJE 5: CU\u00c1NDO SE LANZA Y DE CU\u00c1NTO SER\u00cdA EL REINTEGRO"},"content":{"rendered":"<h3>El Gobierno confirm\u00f3 que PreViaje, el exitoso programa que busca estimular el turismo interno, tendr\u00e1 una quinta edici\u00f3n que ser\u00eda anunciada luego de las Elecciones Primarias, conocidas tambi\u00e9n como PASO, en la que los turistas argentinos podr\u00e1n acceder a reintegros para viajar por todo el pa\u00eds.<\/h3>\n<h3>PreViaje 5 estar\u00eda pensado para que se fomente el turismo en la Argentina durante los meses de septiembre y octubre, justo antes de que llegue la temporada alta de turismo en la Argentina, que va desde diciembre hasta febrero.<\/h3>\n<h3>Hasta el momento se sabe que PreViaje continuar\u00eda devolviendo el 50% del monto total gastado en en servicios tur\u00edsticos tales como pasajes, hoteler\u00eda y excursiones, entre otros, siempre que se hayan cargado con anticipaci\u00f3n los comprobantes correspondientes.<\/h3>\n<h3>En la edici\u00f3n anterior el tope m\u00e1ximo de reintegro que tuvieron los turistas fue de $70.000 y ahora hay algunas especulaciones de que ese monto podr\u00eda ascender a los $100.000, aunque por el momento no hay nada confirmado por las autoridades con respecto a este tema.<\/h3>\n<h3>LA HISTORIA DE PREVIAJE<\/h3>\n<h3>Este programa fue lanzado en 2020 por el Ministerio de Turismo y Deportes para fomentar el turismo interno en la Argentina durante la temporada baja. Desde esa primera edici\u00f3n hasta la actualidad viajaron por el pa\u00eds unas 7 millones de personas beneficiadas por esta pol\u00edtica p\u00fablica tur\u00edstica.<\/h3>\n<h3>La \u00faltima edici\u00f3n del programa fue PreViaje 4 muy exitosa y posibilit\u00f3 viajar por la Argentina entre el 24 de mayo y el 30 de junio. El destino m\u00e1s solicitado fue San Carlos de Bariloche, R\u00edo Negro, y luego se encolumnaron Puerto Iguaz\u00fa (Misiones) y Salta.<\/h3>\n","protected":false},"excerpt":{"rendered":"<p>El Gobierno confirm\u00f3 que PreViaje, el exitoso programa que busca estimular el turismo interno, tendr\u00e1&#8230;<\/p>\n","protected":false},"author":1,"featured_media":577,"comment_status":"closed","ping_status":"closed","sticky":false,"template":"","format":"standard","meta":{"footnotes":""},"categories":[5],"tags":[],"class_list":["post-576","post","type-post","status-publish","format-standard","has-post-thumbnail","hentry","category-nacionales-internacionales"],"yoast_head":"<!-- This site is optimized with the Yoast SEO plugin v26.1.1 - https:\/\/yoast.com\/wordpress\/plugins\/seo\/ -->\n<title>EL GOBIERNO CONFIRM\u00d3 PREVIAJE 5: CU\u00c1NDO SE LANZA Y DE CU\u00c1NTO SER\u00cdA EL REINTEGRO - Apuntes de San Luis<\/title>\n<meta name=\"robots\" content=\"index, follow, max-snippet:-1, max-image-preview:large, max-video-preview:-1\" \/>\n<link rel=\"canonical\" href=\"https:\/\/apuntesdesanluis.com\/index.php\/2023\/07\/27\/el-gobierno-confirmo-previaje-5-cuando-se-lanza-y-de-cuanto-seria-el-reintegro\/\" \/>\n<meta property=\"og:locale\" content=\"es_ES\" \/>\n<meta property=\"og:type\" content=\"article\" \/>\n<meta property=\"og:title\" content=\"EL GOBIERNO CONFIRM\u00d3 PREVIAJE 5: CU\u00c1NDO SE LANZA Y DE CU\u00c1NTO SER\u00cdA EL REINTEGRO - Apuntes de San Luis\" \/>\n<meta property=\"og:description\" content=\"El Gobierno confirm\u00f3 que PreViaje, el exitoso programa que busca estimular el turismo interno, tendr\u00e1...\" \/>\n<meta property=\"og:url\" content=\"https:\/\/apuntesdesanluis.com\/index.php\/2023\/07\/27\/el-gobierno-confirmo-previaje-5-cuando-se-lanza-y-de-cuanto-seria-el-reintegro\/\" \/>\n<meta property=\"og:site_name\" content=\"Apuntes de San Luis\" \/>\n<meta property=\"article:published_time\" content=\"2023-07-27T21:32:19+00:00\" \/>\n<meta property=\"og:image\" content=\"https:\/\/apuntesdesanluis.com\/wp-content\/uploads\/2023\/07\/PREVIAJE.png\" \/>\n\t<meta property=\"og:image:width\" content=\"836\" \/>\n\t<meta property=\"og:image:height\" content=\"490\" \/>\n\t<meta property=\"og:image:type\" content=\"image\/png\" \/>\n<meta name=\"author\" content=\"apuntesdesanluis.com\" \/>\n<meta name=\"twitter:card\" content=\"summary_large_image\" \/>\n<meta name=\"twitter:label1\" content=\"Escrito por\" \/>\n\t<meta name=\"twitter:data1\" content=\"apuntesdesanluis.com\" \/>\n\t<meta name=\"twitter:label2\" content=\"Tiempo de lectura\" \/>\n\t<meta name=\"twitter:data2\" content=\"2 minutos\" \/>\n<script type=\"application\/ld+json\" class=\"yoast-schema-graph\">{\"@context\":\"https:\/\/schema.org\",\"@graph\":[{\"@type\":\"Article\",\"@id\":\"https:\/\/apuntesdesanluis.com\/index.php\/2023\/07\/27\/el-gobierno-confirmo-previaje-5-cuando-se-lanza-y-de-cuanto-seria-el-reintegro\/#article\",\"isPartOf\":{\"@id\":\"https:\/\/apuntesdesanluis.com\/index.php\/2023\/07\/27\/el-gobierno-confirmo-previaje-5-cuando-se-lanza-y-de-cuanto-seria-el-reintegro\/\"},\"author\":{\"name\":\"apuntesdesanluis.com\",\"@id\":\"https:\/\/apuntesdesanluis.com\/#\/schema\/person\/b55151d52296fcce64d1a72538a70b90\"},\"headline\":\"EL GOBIERNO CONFIRM\u00d3 PREVIAJE 5: CU\u00c1NDO SE LANZA Y DE CU\u00c1NTO SER\u00cdA EL REINTEGRO\",\"datePublished\":\"2023-07-27T21:32:19+00:00\",\"mainEntityOfPage\":{\"@id\":\"https:\/\/apuntesdesanluis.com\/index.php\/2023\/07\/27\/el-gobierno-confirmo-previaje-5-cuando-se-lanza-y-de-cuanto-seria-el-reintegro\/\"},\"wordCount\":293,\"publisher\":{\"@id\":\"https:\/\/apuntesdesanluis.com\/#\/schema\/person\/b55151d52296fcce64d1a72538a70b90\"},\"image\":{\"@id\":\"https:\/\/apuntesdesanluis.com\/index.php\/2023\/07\/27\/el-gobierno-confirmo-previaje-5-cuando-se-lanza-y-de-cuanto-seria-el-reintegro\/#primaryimage\"},\"thumbnailUrl\":\"https:\/\/apuntesdesanluis.com\/wp-content\/uploads\/2023\/07\/PREVIAJE.png\",\"articleSection\":[\"Nacionales\/Internacionales\"],\"inLanguage\":\"es-AR\"},{\"@type\":\"WebPage\",\"@id\":\"https:\/\/apuntesdesanluis.com\/index.php\/2023\/07\/27\/el-gobierno-confirmo-previaje-5-cuando-se-lanza-y-de-cuanto-seria-el-reintegro\/\",\"url\":\"https:\/\/apuntesdesanluis.com\/index.php\/2023\/07\/27\/el-gobierno-confirmo-previaje-5-cuando-se-lanza-y-de-cuanto-seria-el-reintegro\/\",\"name\":\"EL GOBIERNO CONFIRM\u00d3 PREVIAJE 5: CU\u00c1NDO SE LANZA Y DE CU\u00c1NTO SER\u00cdA EL REINTEGRO - Apuntes de San Luis\",\"isPartOf\":{\"@id\":\"https:\/\/apuntesdesanluis.com\/#website\"},\"primaryImageOfPage\":{\"@id\":\"https:\/\/apuntesdesanluis.com\/index.php\/2023\/07\/27\/el-gobierno-confirmo-previaje-5-cuando-se-lanza-y-de-cuanto-seria-el-reintegro\/#primaryimage\"},\"image\":{\"@id\":\"https:\/\/apuntesdesanluis.com\/index.php\/2023\/07\/27\/el-gobierno-confirmo-previaje-5-cuando-se-lanza-y-de-cuanto-seria-el-reintegro\/#primaryimage\"},\"thumbnailUrl\":\"https:\/\/apuntesdesanluis.com\/wp-content\/uploads\/2023\/07\/PREVIAJE.png\",\"datePublished\":\"2023-07-27T21:32:19+00:00\",\"breadcrumb\":{\"@id\":\"https:\/\/apuntesdesanluis.com\/index.php\/2023\/07\/27\/el-gobierno-confirmo-previaje-5-cuando-se-lanza-y-de-cuanto-seria-el-reintegro\/#breadcrumb\"},\"inLanguage\":\"es-AR\",\"potentialAction\":[{\"@type\":\"ReadAction\",\"target\":[\"https:\/\/apuntesdesanluis.com\/index.php\/2023\/07\/27\/el-gobierno-confirmo-previaje-5-cuando-se-lanza-y-de-cuanto-seria-el-reintegro\/\"]}]},{\"@type\":\"ImageObject\",\"inLanguage\":\"es-AR\",\"@id\":\"https:\/\/apuntesdesanluis.com\/index.php\/2023\/07\/27\/el-gobierno-confirmo-previaje-5-cuando-se-lanza-y-de-cuanto-seria-el-reintegro\/#primaryimage\",\"url\":\"https:\/\/apuntesdesanluis.com\/wp-content\/uploads\/2023\/07\/PREVIAJE.png\",\"contentUrl\":\"https:\/\/apuntesdesanluis.com\/wp-content\/uploads\/2023\/07\/PREVIAJE.png\",\"width\":836,\"height\":490},{\"@type\":\"BreadcrumbList\",\"@id\":\"https:\/\/apuntesdesanluis.com\/index.php\/2023\/07\/27\/el-gobierno-confirmo-previaje-5-cuando-se-lanza-y-de-cuanto-seria-el-reintegro\/#breadcrumb\",\"itemListElement\":[{\"@type\":\"ListItem\",\"position\":1,\"name\":\"Inicio\",\"item\":\"https:\/\/apuntesdesanluis.com\/\"},{\"@type\":\"ListItem\",\"position\":2,\"name\":\"EL GOBIERNO CONFIRM\u00d3 PREVIAJE 5: CU\u00c1NDO SE LANZA Y DE CU\u00c1NTO SER\u00cdA EL REINTEGRO\"}]},{\"@type\":\"WebSite\",\"@id\":\"https:\/\/apuntesdesanluis.com\/#website\",\"url\":\"https:\/\/apuntesdesanluis.com\/\",\"name\":\"Apuntes de San Luis\",\"description\":\"\",\"publisher\":{\"@id\":\"https:\/\/apuntesdesanluis.com\/#\/schema\/person\/b55151d52296fcce64d1a72538a70b90\"},\"potentialAction\":[{\"@type\":\"SearchAction\",\"target\":{\"@type\":\"EntryPoint\",\"urlTemplate\":\"https:\/\/apuntesdesanluis.com\/?s={search_term_string}\"},\"query-input\":{\"@type\":\"PropertyValueSpecification\",\"valueRequired\":true,\"valueName\":\"search_term_string\"}}],\"inLanguage\":\"es-AR\"},{\"@type\":[\"Person\",\"Organization\"],\"@id\":\"https:\/\/apuntesdesanluis.com\/#\/schema\/person\/b55151d52296fcce64d1a72538a70b90\",\"name\":\"apuntesdesanluis.com\",\"image\":{\"@type\":\"ImageObject\",\"inLanguage\":\"es-AR\",\"@id\":\"https:\/\/apuntesdesanluis.com\/#\/schema\/person\/image\/\",\"url\":\"https:\/\/apuntesdesanluis.com\/wp-content\/uploads\/2023\/07\/cropped-apuntesdesanluis.png\",\"contentUrl\":\"https:\/\/apuntesdesanluis.com\/wp-content\/uploads\/2023\/07\/cropped-apuntesdesanluis.png\",\"width\":450,\"height\":112,\"caption\":\"apuntesdesanluis.com\"},\"logo\":{\"@id\":\"https:\/\/apuntesdesanluis.com\/#\/schema\/person\/image\/\"},\"sameAs\":[\"https:\/\/apuntesdesanluis.com\"],\"url\":\"https:\/\/apuntesdesanluis.com\/index.php\/author\/apuntesdesanluis-com\/\"}]}<\/script>\n<!-- \/ Yoast SEO plugin. -->","yoast_head_json":{"title":"EL GOBIERNO CONFIRM\u00d3 PREVIAJE 5: CU\u00c1NDO SE LANZA Y DE CU\u00c1NTO SER\u00cdA EL REINTEGRO - Apuntes de San Luis","robots":{"index":"index","follow":"follow","max-snippet":"max-snippet:-1","max-image-preview":"max-image-preview:large","max-video-preview":"max-video-preview:-1"},"canonical":"https:\/\/apuntesdesanluis.com\/index.php\/2023\/07\/27\/el-gobierno-confirmo-previaje-5-cuando-se-lanza-y-de-cuanto-seria-el-reintegro\/","og_locale":"es_ES","og_type":"article","og_title":"EL GOBIERNO CONFIRM\u00d3 PREVIAJE 5: CU\u00c1NDO SE LANZA Y DE CU\u00c1NTO SER\u00cdA EL REINTEGRO - Apuntes de San Luis","og_description":"El Gobierno confirm\u00f3 que PreViaje, el exitoso programa que busca estimular el turismo interno, tendr\u00e1...","og_url":"https:\/\/apuntesdesanluis.com\/index.php\/2023\/07\/27\/el-gobierno-confirmo-previaje-5-cuando-se-lanza-y-de-cuanto-seria-el-reintegro\/","og_site_name":"Apuntes de San Luis","article_published_time":"2023-07-27T21:32:19+00:00","og_image":[{"width":836,"height":490,"url":"https:\/\/apuntesdesanluis.com\/wp-content\/uploads\/2023\/07\/PREVIAJE.png","type":"image\/png"}],"author":"apuntesdesanluis.com","twitter_card":"summary_large_image","twitter_misc":{"Escrito por":"apuntesdesanluis.com","Tiempo de lectura":"2 minutos"},"schema":{"@context":"https:\/\/schema.org","@graph":[{"@type":"Article","@id":"https:\/\/apuntesdesanluis.com\/index.php\/2023\/07\/27\/el-gobierno-confirmo-previaje-5-cuando-se-lanza-y-de-cuanto-seria-el-reintegro\/#article","isPartOf":{"@id":"https:\/\/apuntesdesanluis.com\/index.php\/2023\/07\/27\/el-gobierno-confirmo-previaje-5-cuando-se-lanza-y-de-cuanto-seria-el-reintegro\/"},"author":{"name":"apuntesdesanluis.com","@id":"https:\/\/apuntesdesanluis.com\/#\/schema\/person\/b55151d52296fcce64d1a72538a70b90"},"headline":"EL GOBIERNO CONFIRM\u00d3 PREVIAJE 5: CU\u00c1NDO SE LANZA Y DE CU\u00c1NTO SER\u00cdA EL REINTEGRO","datePublished":"2023-07-27T21:32:19+00:00","mainEntityOfPage":{"@id":"https:\/\/apuntesdesanluis.com\/index.php\/2023\/07\/27\/el-gobierno-confirmo-previaje-5-cuando-se-lanza-y-de-cuanto-seria-el-reintegro\/"},"wordCount":293,"publisher":{"@id":"https:\/\/apuntesdesanluis.com\/#\/schema\/person\/b55151d52296fcce64d1a72538a70b90"},"image":{"@id":"https:\/\/apuntesdesanluis.com\/index.php\/2023\/07\/27\/el-gobierno-confirmo-previaje-5-cuando-se-lanza-y-de-cuanto-seria-el-reintegro\/#primaryimage"},"thumbnailUrl":"https:\/\/apuntesdesanluis.com\/wp-content\/uploads\/2023\/07\/PREVIAJE.png","articleSection":["Nacionales\/Internacionales"],"inLanguage":"es-AR"},{"@type":"WebPage","@id":"https:\/\/apuntesdesanluis.com\/index.php\/2023\/07\/27\/el-gobierno-confirmo-previaje-5-cuando-se-lanza-y-de-cuanto-seria-el-reintegro\/","url":"https:\/\/apuntesdesanluis.com\/index.php\/2023\/07\/27\/el-gobierno-confirmo-previaje-5-cuando-se-lanza-y-de-cuanto-seria-el-reintegro\/","name":"EL GOBIERNO CONFIRM\u00d3 PREVIAJE 5: CU\u00c1NDO SE LANZA Y DE CU\u00c1NTO SER\u00cdA EL REINTEGRO - Apuntes de San Luis","isPartOf":{"@id":"https:\/\/apuntesdesanluis.com\/#website"},"primaryImageOfPage":{"@id":"https:\/\/apuntesdesanluis.com\/index.php\/2023\/07\/27\/el-gobierno-confirmo-previaje-5-cuando-se-lanza-y-de-cuanto-seria-el-reintegro\/#primaryimage"},"image":{"@id":"https:\/\/apuntesdesanluis.com\/index.php\/2023\/07\/27\/el-gobierno-confirmo-previaje-5-cuando-se-lanza-y-de-cuanto-seria-el-reintegro\/#primaryimage"},"thumbnailUrl":"https:\/\/apuntesdesanluis.com\/wp-content\/uploads\/2023\/07\/PREVIAJE.png","datePublished":"2023-07-27T21:32:19+00:00","breadcrumb":{"@id":"https:\/\/apuntesdesanluis.com\/index.php\/2023\/07\/27\/el-gobierno-confirmo-previaje-5-cuando-se-lanza-y-de-cuanto-seria-el-reintegro\/#breadcrumb"},"inLanguage":"es-AR","potentialAction":[{"@type":"ReadAction","target":["https:\/\/apuntesdesanluis.com\/index.php\/2023\/07\/27\/el-gobierno-confirmo-previaje-5-cuando-se-lanza-y-de-cuanto-seria-el-reintegro\/"]}]},{"@type":"ImageObject","inLanguage":"es-AR","@id":"https:\/\/apuntesdesanluis.com\/index.php\/2023\/07\/27\/el-gobierno-confirmo-previaje-5-cuando-se-lanza-y-de-cuanto-seria-el-reintegro\/#primaryimage","url":"https:\/\/apuntesdesanluis.com\/wp-content\/uploads\/2023\/07\/PREVIAJE.png","contentUrl":"https:\/\/apuntesdesanluis.com\/wp-content\/uploads\/2023\/07\/PREVIAJE.png","width":836,"height":490},{"@type":"BreadcrumbList","@id":"https:\/\/apuntesdesanluis.com\/index.php\/2023\/07\/27\/el-gobierno-confirmo-previaje-5-cuando-se-lanza-y-de-cuanto-seria-el-reintegro\/#breadcrumb","itemListElement":[{"@type":"ListItem","position":1,"name":"Inicio","item":"https:\/\/apuntesdesanluis.com\/"},{"@type":"ListItem","position":2,"name":"EL GOBIERNO CONFIRM\u00d3 PREVIAJE 5: CU\u00c1NDO SE LANZA Y DE CU\u00c1NTO SER\u00cdA EL REINTEGRO"}]},{"@type":"WebSite","@id":"https:\/\/apuntesdesanluis.com\/#website","url":"https:\/\/apuntesdesanluis.com\/","name":"Apuntes de San Luis","description":"","publisher":{"@id":"https:\/\/apuntesdesanluis.com\/#\/schema\/person\/b55151d52296fcce64d1a72538a70b90"},"potentialAction":[{"@type":"SearchAction","target":{"@type":"EntryPoint","urlTemplate":"https:\/\/apuntesdesanluis.com\/?s={search_term_string}"},"query-input":{"@type":"PropertyValueSpecification","valueRequired":true,"valueName":"search_term_string"}}],"inLanguage":"es-AR"},{"@type":["Person","Organization"],"@id":"https:\/\/apuntesdesanluis.com\/#\/schema\/person\/b55151d52296fcce64d1a72538a70b90","name":"apuntesdesanluis.com","image":{"@type":"ImageObject","inLanguage":"es-AR","@id":"https:\/\/apuntesdesanluis.com\/#\/schema\/person\/image\/","url":"https:\/\/apuntesdesanluis.com\/wp-content\/uploads\/2023\/07\/cropped-apuntesdesanluis.png","contentUrl":"https:\/\/apuntesdesanluis.com\/wp-content\/uploads\/2023\/07\/cropped-apuntesdesanluis.png","width":450,"height":112,"caption":"apuntesdesanluis.com"},"logo":{"@id":"https:\/\/apuntesdesanluis.com\/#\/schema\/person\/image\/"},"sameAs":["https:\/\/apuntesdesanluis.com"],"url":"https:\/\/apuntesdesanluis.com\/index.php\/author\/apuntesdesanluis-com\/"}]}},"featured_image_urls":{"full":["https:\/\/apuntesdesanluis.com\/wp-content\/uploads\/2023\/07\/PREVIAJE.png",836,490,false],"thumbnail":["https:\/\/apuntesdesanluis.com\/wp-content\/uploads\/2023\/07\/PREVIAJE-150x150.png",150,150,true],"medium":["https:\/\/apuntesdesanluis.com\/wp-content\/uploads\/2023\/07\/PREVIAJE-300x176.png",300,176,true],"medium_large":["https:\/\/apuntesdesanluis.com\/wp-content\/uploads\/2023\/07\/PREVIAJE-768x450.png",640,375,true],"large":["https:\/\/apuntesdesanluis.com\/wp-content\/uploads\/2023\/07\/PREVIAJE.png",640,375,false],"1536x1536":["https:\/\/apuntesdesanluis.com\/wp-content\/uploads\/2023\/07\/PREVIAJE.png",836,490,false],"2048x2048":["https:\/\/apuntesdesanluis.com\/wp-content\/uploads\/2023\/07\/PREVIAJE.png",836,490,false],"newsever-slider-full":["https:\/\/apuntesdesanluis.com\/wp-content\/uploads\/2023\/07\/PREVIAJE.png",836,490,false],"newsever-featured":["https:\/\/apuntesdesanluis.com\/wp-content\/uploads\/2023\/07\/PREVIAJE.png",836,490,false],"newsever-medium":["https:\/\/apuntesdesanluis.com\/wp-content\/uploads\/2023\/07\/PREVIAJE-720x475.png",720,475,true]},"author_info":{"display_name":"apuntesdesanluis.com","author_link":"https:\/\/apuntesdesanluis.com\/index.php\/author\/apuntesdesanluis-com\/"},"category_info":"<a href=\"https:\/\/apuntesdesanluis.com\/index.php\/category\/nacionales-internacionales\/\" rel=\"category tag\">Nacionales\/Internacionales<\/a>","tag_info":"Nacionales\/Internacionales","comment_count":"0","_links":{"self":[{"href":"https:\/\/apuntesdesanluis.com\/index.php\/wp-json\/wp\/v2\/posts\/576","targetHints":{"allow":["GET"]}}],"collection":[{"href":"https:\/\/apuntesdesanluis.com\/index.php\/wp-json\/wp\/v2\/posts"}],"about":[{"href":"https:\/\/apuntesdesanluis.com\/index.php\/wp-json\/wp\/v2\/types\/post"}],"author":[{"embeddable":true,"href":"https:\/\/apuntesdesanluis.com\/index.php\/wp-json\/wp\/v2\/users\/1"}],"replies":[{"embeddable":true,"href":"https:\/\/apuntesdesanluis.com\/index.php\/wp-json\/wp\/v2\/comments?post=576"}],"version-history":[{"count":1,"href":"https:\/\/apuntesdesanluis.com\/index.php\/wp-json\/wp\/v2\/posts\/576\/revisions"}],"predecessor-version":[{"id":578,"href":"https:\/\/apuntesdesanluis.com\/index.php\/wp-json\/wp\/v2\/posts\/576\/revisions\/578"}],"wp:featuredmedia":[{"embeddable":true,"href":"https:\/\/apuntesdesanluis.com\/index.php\/wp-json\/wp\/v2\/media\/577"}],"wp:attachment":[{"href":"https:\/\/apuntesdesanluis.com\/index.php\/wp-json\/wp\/v2\/media?parent=576"}],"wp:term":[{"taxonomy":"category","embeddable":true,"href":"https:\/\/apuntesdesanluis.com\/index.php\/wp-json\/wp\/v2\/categories?post=576"},{"taxonomy":"post_tag","embeddable":true,"href":"https:\/\/apuntesdesanluis.com\/index.php\/wp-json\/wp\/v2\/tags?post=576"}],"curies":[{"name":"wp","href":"https:\/\/api.w.org\/{rel}","templated":true}]}}