{"id":5763,"date":"2023-10-25T09:18:05","date_gmt":"2023-10-25T12:18:05","guid":{"rendered":"https:\/\/apuntesdesanluis.com\/?p=5763"},"modified":"2023-10-25T09:21:18","modified_gmt":"2023-10-25T12:21:18","slug":"presentan-pedido-de-informes-por-supuesto-doble-cargo-de-legisladora","status":"publish","type":"post","link":"https:\/\/apuntesdesanluis.com\/index.php\/2023\/10\/25\/presentan-pedido-de-informes-por-supuesto-doble-cargo-de-legisladora\/","title":{"rendered":"PRESENTAN PEDIDO DE INFORMES POR SUPUESTO DOBLE CARGO DE LEGISLADORA"},"content":{"rendered":"<h3>En la sesi\u00f3n de este mi\u00e9rcoles de la C\u00e1mara de Diputados tomar\u00e1 estado legislativo un proyecto destinado a clarificar la situaci\u00f3n de la diputada provincial por Pedernera, <strong>Anabela Lucero<\/strong>.<\/h3>\n<h3>La iniciativa lleva las firmas de los Diputados <strong>Luis Lucero Guillet<\/strong> y <strong>V\u00edctor Manuel Sosa<\/strong>.<\/h3>\n<h3>El proyecto solicita al Poder Ejecutivo Provincial que por intermedio del Ministerio de Hacienda P\u00fablica y la Secretar\u00eda General de la Gobernaci\u00f3n, informe sobre la \u201csituaci\u00f3n de incompatibilidad y acumulaci\u00f3n de cargos de la legisladora provincial Anabela Lucero, contratada por el Gobierno Provincial\u201d<\/h3>\n<h3>El pedido de informes est\u00e1 motivado en el Decreto 2091 del 23 de marzo pasado, publicado en el Bolet\u00edn Oficial de la provincia. En el mismo aparece contratada la legisladora provincial, en el trimestre abril-mayo-junio, aunque ya estaba en la misma condici\u00f3n desde tiempo antes.<\/h3>\n<p><img fetchpriority=\"high\" decoding=\"async\" class=\"wp-image-5764 aligncenter\" src=\"https:\/\/apuntesdesanluis.com\/wp-content\/uploads\/2023\/10\/decreto-300x138.png\" alt=\"\" width=\"490\" height=\"225\" srcset=\"https:\/\/apuntesdesanluis.com\/wp-content\/uploads\/2023\/10\/decreto-300x138.png 300w, https:\/\/apuntesdesanluis.com\/wp-content\/uploads\/2023\/10\/decreto.png 509w\" sizes=\"(max-width: 490px) 100vw, 490px\" \/><\/p>\n<p><img decoding=\"async\" class=\"wp-image-5765 aligncenter\" src=\"https:\/\/apuntesdesanluis.com\/wp-content\/uploads\/2023\/10\/lucero-300x115.png\" alt=\"\" width=\"493\" height=\"189\" srcset=\"https:\/\/apuntesdesanluis.com\/wp-content\/uploads\/2023\/10\/lucero-300x115.png 300w, https:\/\/apuntesdesanluis.com\/wp-content\/uploads\/2023\/10\/lucero.png 598w\" sizes=\"(max-width: 493px) 100vw, 493px\" \/><\/p>\n<h3>El tema ya tiene por lo menos dos a\u00f1os de antig\u00fcedad, dado que se plante\u00f3 en 2021, cuando trascendi\u00f3 otro decreto donde figuraba su designaci\u00f3n. En esa ocasi\u00f3n, Anabela Lucero asegur\u00f3 que no es que sea diputada y al mismo tiempo ocupe un cargo en el Ejecutivo, sino que pidi\u00f3 licencia cuando fue electa diputada y le &#8220;guardan&#8221; el cargo anterior.<\/h3>\n<p><a href=\"https:\/\/www.facebook.com\/cadenadenoticiassanluis\/photos\/a.406590666461829\/1355233001597586\/?paipv=0&amp;eav=AfZKZrtDOZjLt6uPoXUltrEOIOQs8ZoUG1VBOkZPLvE2FqiEm4IkxkSYmNyWcuZ0700&amp;_rdr\"><img decoding=\"async\" class=\"wp-image-5766 aligncenter\" src=\"https:\/\/apuntesdesanluis.com\/wp-content\/uploads\/2023\/10\/posteo-8.png\" alt=\"\" width=\"480\" height=\"394\" \/><\/a><\/p>\n<h3>Los diputados de la oposici\u00f3n no est\u00e1n muy convencidos de su explicaci\u00f3n, y ahora que han conseguido ser mayor\u00eda, con apoyo de otros bloques, intentan saber si realmente la legisladora oficialista ha cobrado dos sueldos durante su mandato.<\/h3>\n<p>&nbsp;<\/p>\n<p>&nbsp;<\/p>\n<p>&nbsp;<\/p>\n","protected":false},"excerpt":{"rendered":"<p>En la sesi\u00f3n de este mi\u00e9rcoles de la C\u00e1mara de Diputados tomar\u00e1 estado legislativo un&#8230;<\/p>\n","protected":false},"author":1,"featured_media":5768,"comment_status":"closed","ping_status":"closed","sticky":false,"template":"","format":"standard","meta":{"footnotes":""},"categories":[6],"tags":[],"class_list":["post-5763","post","type-post","status-publish","format-standard","has-post-thumbnail","hentry","category-ciudad-provincia"],"yoast_head":"<!-- This site is optimized with the Yoast SEO plugin v26.1.1 - https:\/\/yoast.com\/wordpress\/plugins\/seo\/ -->\n<title>PRESENTAN PEDIDO DE INFORMES POR SUPUESTO DOBLE CARGO DE LEGISLADORA - Apuntes de San Luis<\/title>\n<meta name=\"robots\" content=\"index, follow, max-snippet:-1, max-image-preview:large, max-video-preview:-1\" \/>\n<link rel=\"canonical\" href=\"https:\/\/apuntesdesanluis.com\/index.php\/2023\/10\/25\/presentan-pedido-de-informes-por-supuesto-doble-cargo-de-legisladora\/\" \/>\n<meta property=\"og:locale\" content=\"es_ES\" \/>\n<meta property=\"og:type\" content=\"article\" \/>\n<meta property=\"og:title\" content=\"PRESENTAN PEDIDO DE INFORMES POR SUPUESTO DOBLE CARGO DE LEGISLADORA - Apuntes de San Luis\" \/>\n<meta property=\"og:description\" content=\"En la sesi\u00f3n de este mi\u00e9rcoles de la C\u00e1mara de Diputados tomar\u00e1 estado legislativo un...\" \/>\n<meta property=\"og:url\" content=\"https:\/\/apuntesdesanluis.com\/index.php\/2023\/10\/25\/presentan-pedido-de-informes-por-supuesto-doble-cargo-de-legisladora\/\" \/>\n<meta property=\"og:site_name\" content=\"Apuntes de San Luis\" \/>\n<meta property=\"article:published_time\" content=\"2023-10-25T12:18:05+00:00\" \/>\n<meta property=\"article:modified_time\" content=\"2023-10-25T12:21:18+00:00\" \/>\n<meta property=\"og:image\" content=\"https:\/\/apuntesdesanluis.com\/wp-content\/uploads\/2023\/10\/anabela.png\" \/>\n\t<meta property=\"og:image:width\" content=\"594\" \/>\n\t<meta property=\"og:image:height\" content=\"356\" \/>\n\t<meta property=\"og:image:type\" content=\"image\/png\" \/>\n<meta name=\"author\" content=\"apuntesdesanluis.com\" \/>\n<meta name=\"twitter:card\" content=\"summary_large_image\" \/>\n<meta name=\"twitter:label1\" content=\"Escrito por\" \/>\n\t<meta name=\"twitter:data1\" content=\"apuntesdesanluis.com\" \/>\n\t<meta name=\"twitter:label2\" content=\"Tiempo de lectura\" \/>\n\t<meta name=\"twitter:data2\" content=\"2 minutos\" \/>\n<script type=\"application\/ld+json\" class=\"yoast-schema-graph\">{\"@context\":\"https:\/\/schema.org\",\"@graph\":[{\"@type\":\"Article\",\"@id\":\"https:\/\/apuntesdesanluis.com\/index.php\/2023\/10\/25\/presentan-pedido-de-informes-por-supuesto-doble-cargo-de-legisladora\/#article\",\"isPartOf\":{\"@id\":\"https:\/\/apuntesdesanluis.com\/index.php\/2023\/10\/25\/presentan-pedido-de-informes-por-supuesto-doble-cargo-de-legisladora\/\"},\"author\":{\"name\":\"apuntesdesanluis.com\",\"@id\":\"https:\/\/apuntesdesanluis.com\/#\/schema\/person\/b55151d52296fcce64d1a72538a70b90\"},\"headline\":\"PRESENTAN PEDIDO DE INFORMES POR SUPUESTO DOBLE CARGO DE LEGISLADORA\",\"datePublished\":\"2023-10-25T12:18:05+00:00\",\"dateModified\":\"2023-10-25T12:21:18+00:00\",\"mainEntityOfPage\":{\"@id\":\"https:\/\/apuntesdesanluis.com\/index.php\/2023\/10\/25\/presentan-pedido-de-informes-por-supuesto-doble-cargo-de-legisladora\/\"},\"wordCount\":261,\"publisher\":{\"@id\":\"https:\/\/apuntesdesanluis.com\/#\/schema\/person\/b55151d52296fcce64d1a72538a70b90\"},\"image\":{\"@id\":\"https:\/\/apuntesdesanluis.com\/index.php\/2023\/10\/25\/presentan-pedido-de-informes-por-supuesto-doble-cargo-de-legisladora\/#primaryimage\"},\"thumbnailUrl\":\"https:\/\/apuntesdesanluis.com\/wp-content\/uploads\/2023\/10\/anabela.png\",\"articleSection\":[\"Ciudad\/Provincia\"],\"inLanguage\":\"es-AR\"},{\"@type\":\"WebPage\",\"@id\":\"https:\/\/apuntesdesanluis.com\/index.php\/2023\/10\/25\/presentan-pedido-de-informes-por-supuesto-doble-cargo-de-legisladora\/\",\"url\":\"https:\/\/apuntesdesanluis.com\/index.php\/2023\/10\/25\/presentan-pedido-de-informes-por-supuesto-doble-cargo-de-legisladora\/\",\"name\":\"PRESENTAN PEDIDO DE INFORMES POR SUPUESTO DOBLE CARGO DE LEGISLADORA - Apuntes de San Luis\",\"isPartOf\":{\"@id\":\"https:\/\/apuntesdesanluis.com\/#website\"},\"primaryImageOfPage\":{\"@id\":\"https:\/\/apuntesdesanluis.com\/index.php\/2023\/10\/25\/presentan-pedido-de-informes-por-supuesto-doble-cargo-de-legisladora\/#primaryimage\"},\"image\":{\"@id\":\"https:\/\/apuntesdesanluis.com\/index.php\/2023\/10\/25\/presentan-pedido-de-informes-por-supuesto-doble-cargo-de-legisladora\/#primaryimage\"},\"thumbnailUrl\":\"https:\/\/apuntesdesanluis.com\/wp-content\/uploads\/2023\/10\/anabela.png\",\"datePublished\":\"2023-10-25T12:18:05+00:00\",\"dateModified\":\"2023-10-25T12:21:18+00:00\",\"breadcrumb\":{\"@id\":\"https:\/\/apuntesdesanluis.com\/index.php\/2023\/10\/25\/presentan-pedido-de-informes-por-supuesto-doble-cargo-de-legisladora\/#breadcrumb\"},\"inLanguage\":\"es-AR\",\"potentialAction\":[{\"@type\":\"ReadAction\",\"target\":[\"https:\/\/apuntesdesanluis.com\/index.php\/2023\/10\/25\/presentan-pedido-de-informes-por-supuesto-doble-cargo-de-legisladora\/\"]}]},{\"@type\":\"ImageObject\",\"inLanguage\":\"es-AR\",\"@id\":\"https:\/\/apuntesdesanluis.com\/index.php\/2023\/10\/25\/presentan-pedido-de-informes-por-supuesto-doble-cargo-de-legisladora\/#primaryimage\",\"url\":\"https:\/\/apuntesdesanluis.com\/wp-content\/uploads\/2023\/10\/anabela.png\",\"contentUrl\":\"https:\/\/apuntesdesanluis.com\/wp-content\/uploads\/2023\/10\/anabela.png\",\"width\":594,\"height\":356},{\"@type\":\"BreadcrumbList\",\"@id\":\"https:\/\/apuntesdesanluis.com\/index.php\/2023\/10\/25\/presentan-pedido-de-informes-por-supuesto-doble-cargo-de-legisladora\/#breadcrumb\",\"itemListElement\":[{\"@type\":\"ListItem\",\"position\":1,\"name\":\"Inicio\",\"item\":\"https:\/\/apuntesdesanluis.com\/\"},{\"@type\":\"ListItem\",\"position\":2,\"name\":\"PRESENTAN PEDIDO DE INFORMES POR SUPUESTO DOBLE CARGO DE LEGISLADORA\"}]},{\"@type\":\"WebSite\",\"@id\":\"https:\/\/apuntesdesanluis.com\/#website\",\"url\":\"https:\/\/apuntesdesanluis.com\/\",\"name\":\"Apuntes de San Luis\",\"description\":\"\",\"publisher\":{\"@id\":\"https:\/\/apuntesdesanluis.com\/#\/schema\/person\/b55151d52296fcce64d1a72538a70b90\"},\"potentialAction\":[{\"@type\":\"SearchAction\",\"target\":{\"@type\":\"EntryPoint\",\"urlTemplate\":\"https:\/\/apuntesdesanluis.com\/?s={search_term_string}\"},\"query-input\":{\"@type\":\"PropertyValueSpecification\",\"valueRequired\":true,\"valueName\":\"search_term_string\"}}],\"inLanguage\":\"es-AR\"},{\"@type\":[\"Person\",\"Organization\"],\"@id\":\"https:\/\/apuntesdesanluis.com\/#\/schema\/person\/b55151d52296fcce64d1a72538a70b90\",\"name\":\"apuntesdesanluis.com\",\"image\":{\"@type\":\"ImageObject\",\"inLanguage\":\"es-AR\",\"@id\":\"https:\/\/apuntesdesanluis.com\/#\/schema\/person\/image\/\",\"url\":\"https:\/\/apuntesdesanluis.com\/wp-content\/uploads\/2023\/07\/cropped-apuntesdesanluis.png\",\"contentUrl\":\"https:\/\/apuntesdesanluis.com\/wp-content\/uploads\/2023\/07\/cropped-apuntesdesanluis.png\",\"width\":450,\"height\":112,\"caption\":\"apuntesdesanluis.com\"},\"logo\":{\"@id\":\"https:\/\/apuntesdesanluis.com\/#\/schema\/person\/image\/\"},\"sameAs\":[\"https:\/\/apuntesdesanluis.com\"],\"url\":\"https:\/\/apuntesdesanluis.com\/index.php\/author\/apuntesdesanluis-com\/\"}]}<\/script>\n<!-- \/ Yoast SEO plugin. -->","yoast_head_json":{"title":"PRESENTAN PEDIDO DE INFORMES POR SUPUESTO DOBLE CARGO DE LEGISLADORA - Apuntes de San Luis","robots":{"index":"index","follow":"follow","max-snippet":"max-snippet:-1","max-image-preview":"max-image-preview:large","max-video-preview":"max-video-preview:-1"},"canonical":"https:\/\/apuntesdesanluis.com\/index.php\/2023\/10\/25\/presentan-pedido-de-informes-por-supuesto-doble-cargo-de-legisladora\/","og_locale":"es_ES","og_type":"article","og_title":"PRESENTAN PEDIDO DE INFORMES POR SUPUESTO DOBLE CARGO DE LEGISLADORA - Apuntes de San Luis","og_description":"En la sesi\u00f3n de este mi\u00e9rcoles de la C\u00e1mara de Diputados tomar\u00e1 estado legislativo un...","og_url":"https:\/\/apuntesdesanluis.com\/index.php\/2023\/10\/25\/presentan-pedido-de-informes-por-supuesto-doble-cargo-de-legisladora\/","og_site_name":"Apuntes de San Luis","article_published_time":"2023-10-25T12:18:05+00:00","article_modified_time":"2023-10-25T12:21:18+00:00","og_image":[{"width":594,"height":356,"url":"https:\/\/apuntesdesanluis.com\/wp-content\/uploads\/2023\/10\/anabela.png","type":"image\/png"}],"author":"apuntesdesanluis.com","twitter_card":"summary_large_image","twitter_misc":{"Escrito por":"apuntesdesanluis.com","Tiempo de lectura":"2 minutos"},"schema":{"@context":"https:\/\/schema.org","@graph":[{"@type":"Article","@id":"https:\/\/apuntesdesanluis.com\/index.php\/2023\/10\/25\/presentan-pedido-de-informes-por-supuesto-doble-cargo-de-legisladora\/#article","isPartOf":{"@id":"https:\/\/apuntesdesanluis.com\/index.php\/2023\/10\/25\/presentan-pedido-de-informes-por-supuesto-doble-cargo-de-legisladora\/"},"author":{"name":"apuntesdesanluis.com","@id":"https:\/\/apuntesdesanluis.com\/#\/schema\/person\/b55151d52296fcce64d1a72538a70b90"},"headline":"PRESENTAN PEDIDO DE INFORMES POR SUPUESTO DOBLE CARGO DE LEGISLADORA","datePublished":"2023-10-25T12:18:05+00:00","dateModified":"2023-10-25T12:21:18+00:00","mainEntityOfPage":{"@id":"https:\/\/apuntesdesanluis.com\/index.php\/2023\/10\/25\/presentan-pedido-de-informes-por-supuesto-doble-cargo-de-legisladora\/"},"wordCount":261,"publisher":{"@id":"https:\/\/apuntesdesanluis.com\/#\/schema\/person\/b55151d52296fcce64d1a72538a70b90"},"image":{"@id":"https:\/\/apuntesdesanluis.com\/index.php\/2023\/10\/25\/presentan-pedido-de-informes-por-supuesto-doble-cargo-de-legisladora\/#primaryimage"},"thumbnailUrl":"https:\/\/apuntesdesanluis.com\/wp-content\/uploads\/2023\/10\/anabela.png","articleSection":["Ciudad\/Provincia"],"inLanguage":"es-AR"},{"@type":"WebPage","@id":"https:\/\/apuntesdesanluis.com\/index.php\/2023\/10\/25\/presentan-pedido-de-informes-por-supuesto-doble-cargo-de-legisladora\/","url":"https:\/\/apuntesdesanluis.com\/index.php\/2023\/10\/25\/presentan-pedido-de-informes-por-supuesto-doble-cargo-de-legisladora\/","name":"PRESENTAN PEDIDO DE INFORMES POR SUPUESTO DOBLE CARGO DE LEGISLADORA - Apuntes de San Luis","isPartOf":{"@id":"https:\/\/apuntesdesanluis.com\/#website"},"primaryImageOfPage":{"@id":"https:\/\/apuntesdesanluis.com\/index.php\/2023\/10\/25\/presentan-pedido-de-informes-por-supuesto-doble-cargo-de-legisladora\/#primaryimage"},"image":{"@id":"https:\/\/apuntesdesanluis.com\/index.php\/2023\/10\/25\/presentan-pedido-de-informes-por-supuesto-doble-cargo-de-legisladora\/#primaryimage"},"thumbnailUrl":"https:\/\/apuntesdesanluis.com\/wp-content\/uploads\/2023\/10\/anabela.png","datePublished":"2023-10-25T12:18:05+00:00","dateModified":"2023-10-25T12:21:18+00:00","breadcrumb":{"@id":"https:\/\/apuntesdesanluis.com\/index.php\/2023\/10\/25\/presentan-pedido-de-informes-por-supuesto-doble-cargo-de-legisladora\/#breadcrumb"},"inLanguage":"es-AR","potentialAction":[{"@type":"ReadAction","target":["https:\/\/apuntesdesanluis.com\/index.php\/2023\/10\/25\/presentan-pedido-de-informes-por-supuesto-doble-cargo-de-legisladora\/"]}]},{"@type":"ImageObject","inLanguage":"es-AR","@id":"https:\/\/apuntesdesanluis.com\/index.php\/2023\/10\/25\/presentan-pedido-de-informes-por-supuesto-doble-cargo-de-legisladora\/#primaryimage","url":"https:\/\/apuntesdesanluis.com\/wp-content\/uploads\/2023\/10\/anabela.png","contentUrl":"https:\/\/apuntesdesanluis.com\/wp-content\/uploads\/2023\/10\/anabela.png","width":594,"height":356},{"@type":"BreadcrumbList","@id":"https:\/\/apuntesdesanluis.com\/index.php\/2023\/10\/25\/presentan-pedido-de-informes-por-supuesto-doble-cargo-de-legisladora\/#breadcrumb","itemListElement":[{"@type":"ListItem","position":1,"name":"Inicio","item":"https:\/\/apuntesdesanluis.com\/"},{"@type":"ListItem","position":2,"name":"PRESENTAN PEDIDO DE INFORMES POR SUPUESTO DOBLE CARGO DE LEGISLADORA"}]},{"@type":"WebSite","@id":"https:\/\/apuntesdesanluis.com\/#website","url":"https:\/\/apuntesdesanluis.com\/","name":"Apuntes de San Luis","description":"","publisher":{"@id":"https:\/\/apuntesdesanluis.com\/#\/schema\/person\/b55151d52296fcce64d1a72538a70b90"},"potentialAction":[{"@type":"SearchAction","target":{"@type":"EntryPoint","urlTemplate":"https:\/\/apuntesdesanluis.com\/?s={search_term_string}"},"query-input":{"@type":"PropertyValueSpecification","valueRequired":true,"valueName":"search_term_string"}}],"inLanguage":"es-AR"},{"@type":["Person","Organization"],"@id":"https:\/\/apuntesdesanluis.com\/#\/schema\/person\/b55151d52296fcce64d1a72538a70b90","name":"apuntesdesanluis.com","image":{"@type":"ImageObject","inLanguage":"es-AR","@id":"https:\/\/apuntesdesanluis.com\/#\/schema\/person\/image\/","url":"https:\/\/apuntesdesanluis.com\/wp-content\/uploads\/2023\/07\/cropped-apuntesdesanluis.png","contentUrl":"https:\/\/apuntesdesanluis.com\/wp-content\/uploads\/2023\/07\/cropped-apuntesdesanluis.png","width":450,"height":112,"caption":"apuntesdesanluis.com"},"logo":{"@id":"https:\/\/apuntesdesanluis.com\/#\/schema\/person\/image\/"},"sameAs":["https:\/\/apuntesdesanluis.com"],"url":"https:\/\/apuntesdesanluis.com\/index.php\/author\/apuntesdesanluis-com\/"}]}},"featured_image_urls":{"full":["https:\/\/apuntesdesanluis.com\/wp-content\/uploads\/2023\/10\/anabela.png",594,356,false],"thumbnail":["https:\/\/apuntesdesanluis.com\/wp-content\/uploads\/2023\/10\/anabela-150x150.png",150,150,true],"medium":["https:\/\/apuntesdesanluis.com\/wp-content\/uploads\/2023\/10\/anabela-300x180.png",300,180,true],"medium_large":["https:\/\/apuntesdesanluis.com\/wp-content\/uploads\/2023\/10\/anabela.png",594,356,false],"large":["https:\/\/apuntesdesanluis.com\/wp-content\/uploads\/2023\/10\/anabela.png",594,356,false],"1536x1536":["https:\/\/apuntesdesanluis.com\/wp-content\/uploads\/2023\/10\/anabela.png",594,356,false],"2048x2048":["https:\/\/apuntesdesanluis.com\/wp-content\/uploads\/2023\/10\/anabela.png",594,356,false],"newsever-slider-full":["https:\/\/apuntesdesanluis.com\/wp-content\/uploads\/2023\/10\/anabela.png",594,356,false],"newsever-featured":["https:\/\/apuntesdesanluis.com\/wp-content\/uploads\/2023\/10\/anabela.png",594,356,false],"newsever-medium":["https:\/\/apuntesdesanluis.com\/wp-content\/uploads\/2023\/10\/anabela.png",594,356,false]},"author_info":{"display_name":"apuntesdesanluis.com","author_link":"https:\/\/apuntesdesanluis.com\/index.php\/author\/apuntesdesanluis-com\/"},"category_info":"<a href=\"https:\/\/apuntesdesanluis.com\/index.php\/category\/ciudad-provincia\/\" rel=\"category tag\">Ciudad\/Provincia<\/a>","tag_info":"Ciudad\/Provincia","comment_count":"0","_links":{"self":[{"href":"https:\/\/apuntesdesanluis.com\/index.php\/wp-json\/wp\/v2\/posts\/5763","targetHints":{"allow":["GET"]}}],"collection":[{"href":"https:\/\/apuntesdesanluis.com\/index.php\/wp-json\/wp\/v2\/posts"}],"about":[{"href":"https:\/\/apuntesdesanluis.com\/index.php\/wp-json\/wp\/v2\/types\/post"}],"author":[{"embeddable":true,"href":"https:\/\/apuntesdesanluis.com\/index.php\/wp-json\/wp\/v2\/users\/1"}],"replies":[{"embeddable":true,"href":"https:\/\/apuntesdesanluis.com\/index.php\/wp-json\/wp\/v2\/comments?post=5763"}],"version-history":[{"count":4,"href":"https:\/\/apuntesdesanluis.com\/index.php\/wp-json\/wp\/v2\/posts\/5763\/revisions"}],"predecessor-version":[{"id":5771,"href":"https:\/\/apuntesdesanluis.com\/index.php\/wp-json\/wp\/v2\/posts\/5763\/revisions\/5771"}],"wp:featuredmedia":[{"embeddable":true,"href":"https:\/\/apuntesdesanluis.com\/index.php\/wp-json\/wp\/v2\/media\/5768"}],"wp:attachment":[{"href":"https:\/\/apuntesdesanluis.com\/index.php\/wp-json\/wp\/v2\/media?parent=5763"}],"wp:term":[{"taxonomy":"category","embeddable":true,"href":"https:\/\/apuntesdesanluis.com\/index.php\/wp-json\/wp\/v2\/categories?post=5763"},{"taxonomy":"post_tag","embeddable":true,"href":"https:\/\/apuntesdesanluis.com\/index.php\/wp-json\/wp\/v2\/tags?post=5763"}],"curies":[{"name":"wp","href":"https:\/\/api.w.org\/{rel}","templated":true}]}}