{"id":5772,"date":"2023-10-25T10:22:13","date_gmt":"2023-10-25T13:22:13","guid":{"rendered":"https:\/\/apuntesdesanluis.com\/?p=5772"},"modified":"2023-10-25T10:22:13","modified_gmt":"2023-10-25T13:22:13","slug":"el-gobernador-convocara-a-dirigentes-de-la-oposicion-para-roscar-a-favor-de-massa","status":"publish","type":"post","link":"https:\/\/apuntesdesanluis.com\/index.php\/2023\/10\/25\/el-gobernador-convocara-a-dirigentes-de-la-oposicion-para-roscar-a-favor-de-massa\/","title":{"rendered":"EL GOBERNADOR CONVOCAR\u00c1 A DIRIGENTES DE LA OPOSICI\u00d3N PARA \u201cROSCAR\u201d A FAVOR DE MASSA"},"content":{"rendered":"<h3>As\u00ed lo anticip\u00f3 el propio <strong>Alberto Rodr\u00edguez Sa\u00e1<\/strong> en una nota televisiva realizada este martes por la noche en el programa \u201c\u00cdntimo\u201d, de Canal 13, que conduce Alberto Trombetta.<\/h3>\n<h3>\u201cVoy a hacer llamar a <strong>Adolfo, <\/strong>a Mario Ra\u00fal Merlo, a Poggi, a \u00c1lvarez Pinto, a Cacace y a Jos\u00e9 Giraudo, y los voy a invitar a mi despacho a que charlemos para lo que ellos consideren lo que yo debo hacer en San Luis. A la provincia, le digo al gobernador electo, le conviene el di\u00e1logo y ojal\u00e1 acompa\u00f1e a Massa. En cuanto a la Naci\u00f3n, le voy a pedir a Massa que hable con los referentes provinciales que no apoyaron a Milei\u201d, se\u00f1al\u00f3.<\/h3>\n<h3>Las declaraciones del primer mandatario se dieron en el contexto de an\u00e1lisis de las elecciones del domingo pasado y al reflexionar sobre el panorama que tendr\u00e1 el pa\u00eds ante el balotaje del pr\u00f3ximo 19 de noviembre.<\/h3>\n<h3>Lo sugestivo es que en la convocatoria el gobernador incluy\u00f3 al propio gobernador electo Claudio Poggi, quien hace cuatro meses le solicit\u00f3 reunirse para acordar la transici\u00f3n, encuentro que nunca pudo concretarse.<\/h3>\n<h3>Posteriormente elogi\u00f3 a Massa por convocar a salir de la grieta para generar la unidad nacional. \u201cLo hizo y lo va a seguir haciendo. Es el mejor operador para eso. El camino no es dejar que la grieta siga, se debe romper definitivamente. Es muy bueno generar ese clima de romper la grieta\u201d, argument\u00f3.<\/h3>\n<h3>Tambi\u00e9n record\u00f3 la buena relaci\u00f3n del candidato de Uni\u00f3n por la Patria con la Provincia y adelant\u00f3 que esta semana se reunir\u00e1 a cenar con el actual ministro de Econom\u00eda.<\/h3>\n","protected":false},"excerpt":{"rendered":"<p>As\u00ed lo anticip\u00f3 el propio Alberto Rodr\u00edguez Sa\u00e1 en una nota televisiva realizada este martes&#8230;<\/p>\n","protected":false},"author":1,"featured_media":5773,"comment_status":"closed","ping_status":"closed","sticky":false,"template":"","format":"standard","meta":{"footnotes":""},"categories":[6],"tags":[],"class_list":["post-5772","post","type-post","status-publish","format-standard","has-post-thumbnail","hentry","category-ciudad-provincia"],"yoast_head":"<!-- This site is optimized with the Yoast SEO plugin v26.1.1 - https:\/\/yoast.com\/wordpress\/plugins\/seo\/ -->\n<title>EL GOBERNADOR CONVOCAR\u00c1 A DIRIGENTES DE LA OPOSICI\u00d3N PARA \u201cROSCAR\u201d A FAVOR DE MASSA - Apuntes de San Luis<\/title>\n<meta name=\"robots\" content=\"index, follow, max-snippet:-1, max-image-preview:large, max-video-preview:-1\" \/>\n<link rel=\"canonical\" href=\"https:\/\/apuntesdesanluis.com\/index.php\/2023\/10\/25\/el-gobernador-convocara-a-dirigentes-de-la-oposicion-para-roscar-a-favor-de-massa\/\" \/>\n<meta property=\"og:locale\" content=\"es_ES\" \/>\n<meta property=\"og:type\" content=\"article\" \/>\n<meta property=\"og:title\" content=\"EL GOBERNADOR CONVOCAR\u00c1 A DIRIGENTES DE LA OPOSICI\u00d3N PARA \u201cROSCAR\u201d A FAVOR DE MASSA - Apuntes de San Luis\" \/>\n<meta property=\"og:description\" content=\"As\u00ed lo anticip\u00f3 el propio Alberto Rodr\u00edguez Sa\u00e1 en una nota televisiva realizada este martes...\" \/>\n<meta property=\"og:url\" content=\"https:\/\/apuntesdesanluis.com\/index.php\/2023\/10\/25\/el-gobernador-convocara-a-dirigentes-de-la-oposicion-para-roscar-a-favor-de-massa\/\" \/>\n<meta property=\"og:site_name\" content=\"Apuntes de San Luis\" \/>\n<meta property=\"article:published_time\" content=\"2023-10-25T13:22:13+00:00\" \/>\n<meta property=\"og:image\" content=\"https:\/\/apuntesdesanluis.com\/wp-content\/uploads\/2023\/10\/albertos.png\" \/>\n\t<meta property=\"og:image:width\" content=\"592\" \/>\n\t<meta property=\"og:image:height\" content=\"349\" \/>\n\t<meta property=\"og:image:type\" content=\"image\/png\" \/>\n<meta name=\"author\" content=\"apuntesdesanluis.com\" \/>\n<meta name=\"twitter:card\" content=\"summary_large_image\" \/>\n<meta name=\"twitter:label1\" content=\"Escrito por\" \/>\n\t<meta name=\"twitter:data1\" content=\"apuntesdesanluis.com\" \/>\n\t<meta name=\"twitter:label2\" content=\"Tiempo de lectura\" \/>\n\t<meta name=\"twitter:data2\" content=\"2 minutos\" \/>\n<script type=\"application\/ld+json\" class=\"yoast-schema-graph\">{\"@context\":\"https:\/\/schema.org\",\"@graph\":[{\"@type\":\"Article\",\"@id\":\"https:\/\/apuntesdesanluis.com\/index.php\/2023\/10\/25\/el-gobernador-convocara-a-dirigentes-de-la-oposicion-para-roscar-a-favor-de-massa\/#article\",\"isPartOf\":{\"@id\":\"https:\/\/apuntesdesanluis.com\/index.php\/2023\/10\/25\/el-gobernador-convocara-a-dirigentes-de-la-oposicion-para-roscar-a-favor-de-massa\/\"},\"author\":{\"name\":\"apuntesdesanluis.com\",\"@id\":\"https:\/\/apuntesdesanluis.com\/#\/schema\/person\/b55151d52296fcce64d1a72538a70b90\"},\"headline\":\"EL GOBERNADOR CONVOCAR\u00c1 A DIRIGENTES DE LA OPOSICI\u00d3N PARA \u201cROSCAR\u201d A FAVOR DE MASSA\",\"datePublished\":\"2023-10-25T13:22:13+00:00\",\"mainEntityOfPage\":{\"@id\":\"https:\/\/apuntesdesanluis.com\/index.php\/2023\/10\/25\/el-gobernador-convocara-a-dirigentes-de-la-oposicion-para-roscar-a-favor-de-massa\/\"},\"wordCount\":293,\"publisher\":{\"@id\":\"https:\/\/apuntesdesanluis.com\/#\/schema\/person\/b55151d52296fcce64d1a72538a70b90\"},\"image\":{\"@id\":\"https:\/\/apuntesdesanluis.com\/index.php\/2023\/10\/25\/el-gobernador-convocara-a-dirigentes-de-la-oposicion-para-roscar-a-favor-de-massa\/#primaryimage\"},\"thumbnailUrl\":\"https:\/\/apuntesdesanluis.com\/wp-content\/uploads\/2023\/10\/albertos.png\",\"articleSection\":[\"Ciudad\/Provincia\"],\"inLanguage\":\"es-AR\"},{\"@type\":\"WebPage\",\"@id\":\"https:\/\/apuntesdesanluis.com\/index.php\/2023\/10\/25\/el-gobernador-convocara-a-dirigentes-de-la-oposicion-para-roscar-a-favor-de-massa\/\",\"url\":\"https:\/\/apuntesdesanluis.com\/index.php\/2023\/10\/25\/el-gobernador-convocara-a-dirigentes-de-la-oposicion-para-roscar-a-favor-de-massa\/\",\"name\":\"EL GOBERNADOR CONVOCAR\u00c1 A DIRIGENTES DE LA OPOSICI\u00d3N PARA \u201cROSCAR\u201d A FAVOR DE MASSA - Apuntes de San Luis\",\"isPartOf\":{\"@id\":\"https:\/\/apuntesdesanluis.com\/#website\"},\"primaryImageOfPage\":{\"@id\":\"https:\/\/apuntesdesanluis.com\/index.php\/2023\/10\/25\/el-gobernador-convocara-a-dirigentes-de-la-oposicion-para-roscar-a-favor-de-massa\/#primaryimage\"},\"image\":{\"@id\":\"https:\/\/apuntesdesanluis.com\/index.php\/2023\/10\/25\/el-gobernador-convocara-a-dirigentes-de-la-oposicion-para-roscar-a-favor-de-massa\/#primaryimage\"},\"thumbnailUrl\":\"https:\/\/apuntesdesanluis.com\/wp-content\/uploads\/2023\/10\/albertos.png\",\"datePublished\":\"2023-10-25T13:22:13+00:00\",\"breadcrumb\":{\"@id\":\"https:\/\/apuntesdesanluis.com\/index.php\/2023\/10\/25\/el-gobernador-convocara-a-dirigentes-de-la-oposicion-para-roscar-a-favor-de-massa\/#breadcrumb\"},\"inLanguage\":\"es-AR\",\"potentialAction\":[{\"@type\":\"ReadAction\",\"target\":[\"https:\/\/apuntesdesanluis.com\/index.php\/2023\/10\/25\/el-gobernador-convocara-a-dirigentes-de-la-oposicion-para-roscar-a-favor-de-massa\/\"]}]},{\"@type\":\"ImageObject\",\"inLanguage\":\"es-AR\",\"@id\":\"https:\/\/apuntesdesanluis.com\/index.php\/2023\/10\/25\/el-gobernador-convocara-a-dirigentes-de-la-oposicion-para-roscar-a-favor-de-massa\/#primaryimage\",\"url\":\"https:\/\/apuntesdesanluis.com\/wp-content\/uploads\/2023\/10\/albertos.png\",\"contentUrl\":\"https:\/\/apuntesdesanluis.com\/wp-content\/uploads\/2023\/10\/albertos.png\",\"width\":592,\"height\":349},{\"@type\":\"BreadcrumbList\",\"@id\":\"https:\/\/apuntesdesanluis.com\/index.php\/2023\/10\/25\/el-gobernador-convocara-a-dirigentes-de-la-oposicion-para-roscar-a-favor-de-massa\/#breadcrumb\",\"itemListElement\":[{\"@type\":\"ListItem\",\"position\":1,\"name\":\"Inicio\",\"item\":\"https:\/\/apuntesdesanluis.com\/\"},{\"@type\":\"ListItem\",\"position\":2,\"name\":\"EL GOBERNADOR CONVOCAR\u00c1 A DIRIGENTES DE LA OPOSICI\u00d3N PARA \u201cROSCAR\u201d A FAVOR DE MASSA\"}]},{\"@type\":\"WebSite\",\"@id\":\"https:\/\/apuntesdesanluis.com\/#website\",\"url\":\"https:\/\/apuntesdesanluis.com\/\",\"name\":\"Apuntes de San Luis\",\"description\":\"\",\"publisher\":{\"@id\":\"https:\/\/apuntesdesanluis.com\/#\/schema\/person\/b55151d52296fcce64d1a72538a70b90\"},\"potentialAction\":[{\"@type\":\"SearchAction\",\"target\":{\"@type\":\"EntryPoint\",\"urlTemplate\":\"https:\/\/apuntesdesanluis.com\/?s={search_term_string}\"},\"query-input\":{\"@type\":\"PropertyValueSpecification\",\"valueRequired\":true,\"valueName\":\"search_term_string\"}}],\"inLanguage\":\"es-AR\"},{\"@type\":[\"Person\",\"Organization\"],\"@id\":\"https:\/\/apuntesdesanluis.com\/#\/schema\/person\/b55151d52296fcce64d1a72538a70b90\",\"name\":\"apuntesdesanluis.com\",\"image\":{\"@type\":\"ImageObject\",\"inLanguage\":\"es-AR\",\"@id\":\"https:\/\/apuntesdesanluis.com\/#\/schema\/person\/image\/\",\"url\":\"https:\/\/apuntesdesanluis.com\/wp-content\/uploads\/2023\/07\/cropped-apuntesdesanluis.png\",\"contentUrl\":\"https:\/\/apuntesdesanluis.com\/wp-content\/uploads\/2023\/07\/cropped-apuntesdesanluis.png\",\"width\":450,\"height\":112,\"caption\":\"apuntesdesanluis.com\"},\"logo\":{\"@id\":\"https:\/\/apuntesdesanluis.com\/#\/schema\/person\/image\/\"},\"sameAs\":[\"https:\/\/apuntesdesanluis.com\"],\"url\":\"https:\/\/apuntesdesanluis.com\/index.php\/author\/apuntesdesanluis-com\/\"}]}<\/script>\n<!-- \/ Yoast SEO plugin. -->","yoast_head_json":{"title":"EL GOBERNADOR CONVOCAR\u00c1 A DIRIGENTES DE LA OPOSICI\u00d3N PARA \u201cROSCAR\u201d A FAVOR DE MASSA - Apuntes de San Luis","robots":{"index":"index","follow":"follow","max-snippet":"max-snippet:-1","max-image-preview":"max-image-preview:large","max-video-preview":"max-video-preview:-1"},"canonical":"https:\/\/apuntesdesanluis.com\/index.php\/2023\/10\/25\/el-gobernador-convocara-a-dirigentes-de-la-oposicion-para-roscar-a-favor-de-massa\/","og_locale":"es_ES","og_type":"article","og_title":"EL GOBERNADOR CONVOCAR\u00c1 A DIRIGENTES DE LA OPOSICI\u00d3N PARA \u201cROSCAR\u201d A FAVOR DE MASSA - Apuntes de San Luis","og_description":"As\u00ed lo anticip\u00f3 el propio Alberto Rodr\u00edguez Sa\u00e1 en una nota televisiva realizada este martes...","og_url":"https:\/\/apuntesdesanluis.com\/index.php\/2023\/10\/25\/el-gobernador-convocara-a-dirigentes-de-la-oposicion-para-roscar-a-favor-de-massa\/","og_site_name":"Apuntes de San Luis","article_published_time":"2023-10-25T13:22:13+00:00","og_image":[{"width":592,"height":349,"url":"https:\/\/apuntesdesanluis.com\/wp-content\/uploads\/2023\/10\/albertos.png","type":"image\/png"}],"author":"apuntesdesanluis.com","twitter_card":"summary_large_image","twitter_misc":{"Escrito por":"apuntesdesanluis.com","Tiempo de lectura":"2 minutos"},"schema":{"@context":"https:\/\/schema.org","@graph":[{"@type":"Article","@id":"https:\/\/apuntesdesanluis.com\/index.php\/2023\/10\/25\/el-gobernador-convocara-a-dirigentes-de-la-oposicion-para-roscar-a-favor-de-massa\/#article","isPartOf":{"@id":"https:\/\/apuntesdesanluis.com\/index.php\/2023\/10\/25\/el-gobernador-convocara-a-dirigentes-de-la-oposicion-para-roscar-a-favor-de-massa\/"},"author":{"name":"apuntesdesanluis.com","@id":"https:\/\/apuntesdesanluis.com\/#\/schema\/person\/b55151d52296fcce64d1a72538a70b90"},"headline":"EL GOBERNADOR CONVOCAR\u00c1 A DIRIGENTES DE LA OPOSICI\u00d3N PARA \u201cROSCAR\u201d A FAVOR DE MASSA","datePublished":"2023-10-25T13:22:13+00:00","mainEntityOfPage":{"@id":"https:\/\/apuntesdesanluis.com\/index.php\/2023\/10\/25\/el-gobernador-convocara-a-dirigentes-de-la-oposicion-para-roscar-a-favor-de-massa\/"},"wordCount":293,"publisher":{"@id":"https:\/\/apuntesdesanluis.com\/#\/schema\/person\/b55151d52296fcce64d1a72538a70b90"},"image":{"@id":"https:\/\/apuntesdesanluis.com\/index.php\/2023\/10\/25\/el-gobernador-convocara-a-dirigentes-de-la-oposicion-para-roscar-a-favor-de-massa\/#primaryimage"},"thumbnailUrl":"https:\/\/apuntesdesanluis.com\/wp-content\/uploads\/2023\/10\/albertos.png","articleSection":["Ciudad\/Provincia"],"inLanguage":"es-AR"},{"@type":"WebPage","@id":"https:\/\/apuntesdesanluis.com\/index.php\/2023\/10\/25\/el-gobernador-convocara-a-dirigentes-de-la-oposicion-para-roscar-a-favor-de-massa\/","url":"https:\/\/apuntesdesanluis.com\/index.php\/2023\/10\/25\/el-gobernador-convocara-a-dirigentes-de-la-oposicion-para-roscar-a-favor-de-massa\/","name":"EL GOBERNADOR CONVOCAR\u00c1 A DIRIGENTES DE LA OPOSICI\u00d3N PARA \u201cROSCAR\u201d A FAVOR DE MASSA - Apuntes de San Luis","isPartOf":{"@id":"https:\/\/apuntesdesanluis.com\/#website"},"primaryImageOfPage":{"@id":"https:\/\/apuntesdesanluis.com\/index.php\/2023\/10\/25\/el-gobernador-convocara-a-dirigentes-de-la-oposicion-para-roscar-a-favor-de-massa\/#primaryimage"},"image":{"@id":"https:\/\/apuntesdesanluis.com\/index.php\/2023\/10\/25\/el-gobernador-convocara-a-dirigentes-de-la-oposicion-para-roscar-a-favor-de-massa\/#primaryimage"},"thumbnailUrl":"https:\/\/apuntesdesanluis.com\/wp-content\/uploads\/2023\/10\/albertos.png","datePublished":"2023-10-25T13:22:13+00:00","breadcrumb":{"@id":"https:\/\/apuntesdesanluis.com\/index.php\/2023\/10\/25\/el-gobernador-convocara-a-dirigentes-de-la-oposicion-para-roscar-a-favor-de-massa\/#breadcrumb"},"inLanguage":"es-AR","potentialAction":[{"@type":"ReadAction","target":["https:\/\/apuntesdesanluis.com\/index.php\/2023\/10\/25\/el-gobernador-convocara-a-dirigentes-de-la-oposicion-para-roscar-a-favor-de-massa\/"]}]},{"@type":"ImageObject","inLanguage":"es-AR","@id":"https:\/\/apuntesdesanluis.com\/index.php\/2023\/10\/25\/el-gobernador-convocara-a-dirigentes-de-la-oposicion-para-roscar-a-favor-de-massa\/#primaryimage","url":"https:\/\/apuntesdesanluis.com\/wp-content\/uploads\/2023\/10\/albertos.png","contentUrl":"https:\/\/apuntesdesanluis.com\/wp-content\/uploads\/2023\/10\/albertos.png","width":592,"height":349},{"@type":"BreadcrumbList","@id":"https:\/\/apuntesdesanluis.com\/index.php\/2023\/10\/25\/el-gobernador-convocara-a-dirigentes-de-la-oposicion-para-roscar-a-favor-de-massa\/#breadcrumb","itemListElement":[{"@type":"ListItem","position":1,"name":"Inicio","item":"https:\/\/apuntesdesanluis.com\/"},{"@type":"ListItem","position":2,"name":"EL GOBERNADOR CONVOCAR\u00c1 A DIRIGENTES DE LA OPOSICI\u00d3N PARA \u201cROSCAR\u201d A FAVOR DE MASSA"}]},{"@type":"WebSite","@id":"https:\/\/apuntesdesanluis.com\/#website","url":"https:\/\/apuntesdesanluis.com\/","name":"Apuntes de San Luis","description":"","publisher":{"@id":"https:\/\/apuntesdesanluis.com\/#\/schema\/person\/b55151d52296fcce64d1a72538a70b90"},"potentialAction":[{"@type":"SearchAction","target":{"@type":"EntryPoint","urlTemplate":"https:\/\/apuntesdesanluis.com\/?s={search_term_string}"},"query-input":{"@type":"PropertyValueSpecification","valueRequired":true,"valueName":"search_term_string"}}],"inLanguage":"es-AR"},{"@type":["Person","Organization"],"@id":"https:\/\/apuntesdesanluis.com\/#\/schema\/person\/b55151d52296fcce64d1a72538a70b90","name":"apuntesdesanluis.com","image":{"@type":"ImageObject","inLanguage":"es-AR","@id":"https:\/\/apuntesdesanluis.com\/#\/schema\/person\/image\/","url":"https:\/\/apuntesdesanluis.com\/wp-content\/uploads\/2023\/07\/cropped-apuntesdesanluis.png","contentUrl":"https:\/\/apuntesdesanluis.com\/wp-content\/uploads\/2023\/07\/cropped-apuntesdesanluis.png","width":450,"height":112,"caption":"apuntesdesanluis.com"},"logo":{"@id":"https:\/\/apuntesdesanluis.com\/#\/schema\/person\/image\/"},"sameAs":["https:\/\/apuntesdesanluis.com"],"url":"https:\/\/apuntesdesanluis.com\/index.php\/author\/apuntesdesanluis-com\/"}]}},"featured_image_urls":{"full":["https:\/\/apuntesdesanluis.com\/wp-content\/uploads\/2023\/10\/albertos.png",592,349,false],"thumbnail":["https:\/\/apuntesdesanluis.com\/wp-content\/uploads\/2023\/10\/albertos-150x150.png",150,150,true],"medium":["https:\/\/apuntesdesanluis.com\/wp-content\/uploads\/2023\/10\/albertos-300x177.png",300,177,true],"medium_large":["https:\/\/apuntesdesanluis.com\/wp-content\/uploads\/2023\/10\/albertos.png",592,349,false],"large":["https:\/\/apuntesdesanluis.com\/wp-content\/uploads\/2023\/10\/albertos.png",592,349,false],"1536x1536":["https:\/\/apuntesdesanluis.com\/wp-content\/uploads\/2023\/10\/albertos.png",592,349,false],"2048x2048":["https:\/\/apuntesdesanluis.com\/wp-content\/uploads\/2023\/10\/albertos.png",592,349,false],"newsever-slider-full":["https:\/\/apuntesdesanluis.com\/wp-content\/uploads\/2023\/10\/albertos.png",592,349,false],"newsever-featured":["https:\/\/apuntesdesanluis.com\/wp-content\/uploads\/2023\/10\/albertos.png",592,349,false],"newsever-medium":["https:\/\/apuntesdesanluis.com\/wp-content\/uploads\/2023\/10\/albertos.png",592,349,false]},"author_info":{"display_name":"apuntesdesanluis.com","author_link":"https:\/\/apuntesdesanluis.com\/index.php\/author\/apuntesdesanluis-com\/"},"category_info":"<a href=\"https:\/\/apuntesdesanluis.com\/index.php\/category\/ciudad-provincia\/\" rel=\"category tag\">Ciudad\/Provincia<\/a>","tag_info":"Ciudad\/Provincia","comment_count":"0","_links":{"self":[{"href":"https:\/\/apuntesdesanluis.com\/index.php\/wp-json\/wp\/v2\/posts\/5772","targetHints":{"allow":["GET"]}}],"collection":[{"href":"https:\/\/apuntesdesanluis.com\/index.php\/wp-json\/wp\/v2\/posts"}],"about":[{"href":"https:\/\/apuntesdesanluis.com\/index.php\/wp-json\/wp\/v2\/types\/post"}],"author":[{"embeddable":true,"href":"https:\/\/apuntesdesanluis.com\/index.php\/wp-json\/wp\/v2\/users\/1"}],"replies":[{"embeddable":true,"href":"https:\/\/apuntesdesanluis.com\/index.php\/wp-json\/wp\/v2\/comments?post=5772"}],"version-history":[{"count":1,"href":"https:\/\/apuntesdesanluis.com\/index.php\/wp-json\/wp\/v2\/posts\/5772\/revisions"}],"predecessor-version":[{"id":5774,"href":"https:\/\/apuntesdesanluis.com\/index.php\/wp-json\/wp\/v2\/posts\/5772\/revisions\/5774"}],"wp:featuredmedia":[{"embeddable":true,"href":"https:\/\/apuntesdesanluis.com\/index.php\/wp-json\/wp\/v2\/media\/5773"}],"wp:attachment":[{"href":"https:\/\/apuntesdesanluis.com\/index.php\/wp-json\/wp\/v2\/media?parent=5772"}],"wp:term":[{"taxonomy":"category","embeddable":true,"href":"https:\/\/apuntesdesanluis.com\/index.php\/wp-json\/wp\/v2\/categories?post=5772"},{"taxonomy":"post_tag","embeddable":true,"href":"https:\/\/apuntesdesanluis.com\/index.php\/wp-json\/wp\/v2\/tags?post=5772"}],"curies":[{"name":"wp","href":"https:\/\/api.w.org\/{rel}","templated":true}]}}