{"id":5782,"date":"2023-10-24T13:36:52","date_gmt":"2023-10-24T16:36:52","guid":{"rendered":"https:\/\/apuntesdesanluis.com\/?p=5782"},"modified":"2023-10-25T11:37:23","modified_gmt":"2023-10-25T14:37:23","slug":"villa-mercedes-inicio-la-celebracion-de-los-50-anos-de-la-unsl","status":"publish","type":"post","link":"https:\/\/apuntesdesanluis.com\/index.php\/2023\/10\/24\/villa-mercedes-inicio-la-celebracion-de-los-50-anos-de-la-unsl\/","title":{"rendered":"VILLA MERCEDES INICI\u00d3 LA CELEBRACI\u00d3N DE LOS 50 A\u00d1OS DE LA UNSL"},"content":{"rendered":"<h3>La primera etapa de las actividades se desarroll\u00f3 el martes por la ma\u00f1ana, en el edificio de Ciencias Agron\u00f3micas, con el descubrimiento de una placa de referencia hist\u00f3rica del mismo y con la reconstrucci\u00f3n y puesta en valor de los acontecimientos a partir de discursos, conversatorios y la inauguraci\u00f3n de una galer\u00eda fotogr\u00e1fica que recopila im\u00e1genes de los inicios del Departamento de Ciencias Agropecuarias.<\/h3>\n<h3>El acto central de conmemoraci\u00f3n de la generaci\u00f3n de estudios universitarios en Villa Mercedes en el marco del 50 aniversario de la UNSL inici\u00f3 pasadas las 9:00 horas. En un primer momento se revel\u00f3 una placa de referencia hist\u00f3rica del edificio que fue el primero propio de la Universidad en la Villa, reconocido como el edificio de Agronom\u00eda, dado que con dicha carrera se crearon los estudios universitarios en esa Ciudad.<\/h3>\n<h3>En ese marco, Patricia Verdes, directora del Departamento de Ciencias Agropecuarias manifest\u00f3 que este aniversario no es solo una celebraci\u00f3n de los 50 a\u00f1os, de logros y reconocimientos acad\u00e9micos y cient\u00edficos, sino tambi\u00e9n un tributo a la prestigiosa y creativa comunidad que ha dado vida a esta Instituci\u00f3n. \u00abUna comunidad que, con su diversidad de ideas, expectativas, perspectivas, ha enriquecido nuestra Universidad y logrado el prestigio nacional e internacional que ya sabemos\u00bb, dijo.<\/h3>\n<p><img fetchpriority=\"high\" decoding=\"async\" class=\"wp-image-5784 aligncenter\" src=\"https:\/\/apuntesdesanluis.com\/wp-content\/uploads\/2023\/10\/patricia-vedes-300x177.png\" alt=\"\" width=\"498\" height=\"294\" srcset=\"https:\/\/apuntesdesanluis.com\/wp-content\/uploads\/2023\/10\/patricia-vedes-300x177.png 300w, https:\/\/apuntesdesanluis.com\/wp-content\/uploads\/2023\/10\/patricia-vedes.png 600w\" sizes=\"(max-width: 498px) 100vw, 498px\" \/><\/p>\n<h3>En su relato tambi\u00e9n coment\u00f3 que la comunidad villamercedina tuvo un papel importante como comisi\u00f3n pro universidad expresando su anhelo de contar con una universidad propia en San Luis y con una o m\u00e1s Unidades Acad\u00e9micas en Villa Mercedes, que hoy ya es una realidad. Adem\u00e1s, reflexion\u00f3 sobre c\u00f3mo transform\u00f3 sus vidas pasar por una universidad.<\/h3>\n<h3>\u00abHoy no solo miramos hacia atr\u00e1s sino tambi\u00e9n hacia el futuro. Que los pr\u00f3ximos a\u00f1os sean una oportunidad para continuar un legado comprometido con la excelencia acad\u00e9mica, la innovaci\u00f3n y la contribuci\u00f3n positiva para la comunidad. Que esta celebraci\u00f3n sea un momento de alegr\u00eda, gratitud y compromiso para aceptar los desaf\u00edos y oportunidades que se presentan en esta Universidad y que sigamos forjando un futuro emprendedor, comprometedor, y continuemos siendo una fuente de inspiraci\u00f3n para las generaciones venideras\u00bb, concluy\u00f3 Verdes.<\/h3>\n<h3>Por su parte, el rector de la UNSL, C.P.N. V\u00edctor Mori\u00f1igo, remarc\u00f3 el acierto de dirigirse hasta Mercedes, para conmemorar y agradecer a quienes idearon la Universidad. \u00abSin ning\u00fan lugar a dudas, somos fruto de quienes nos so\u00f1aron y hoy vinimos a tratar de contar la historia. Es muy dif\u00edcil lograr escindirse de nuestra propia historia en nuestra Instituci\u00f3n\u00bb, expres\u00f3.<\/h3>\n<h3><img decoding=\"async\" class=\"wp-image-5785 aligncenter\" src=\"https:\/\/apuntesdesanluis.com\/wp-content\/uploads\/2023\/10\/morinigo-300x180.png\" alt=\"\" width=\"513\" height=\"308\" srcset=\"https:\/\/apuntesdesanluis.com\/wp-content\/uploads\/2023\/10\/morinigo-300x180.png 300w, https:\/\/apuntesdesanluis.com\/wp-content\/uploads\/2023\/10\/morinigo.png 600w\" sizes=\"(max-width: 513px) 100vw, 513px\" \/><\/h3>\n<h3>Asimismo, reconoci\u00f3 el accionar profundo de Eduardo Gast\u00f3n Mones Ru\u00edz y Oraldo Britos como personalidades que se impusieron en Buenos Aires en defensa de la creaci\u00f3n. \u00abHab\u00eda cientos y cientos de chicos que quer\u00edan estudiar en una Universidad y termina siendo este no solo el primer lugar de Villa Mercedes y del Centro Universitario de Mercedes, sino tambi\u00e9n la primera inversi\u00f3n p\u00fablica que se hace en la UNSL\u00bb, record\u00f3 Mori\u00f1igo.<\/h3>\n<h3>De igual modo destac\u00f3 que de los y las 27.000 egresados\/as que la UNSL ha dado a la comunidad, al medio, a la regi\u00f3n, la FIA, FICES, FICA y FCEJS han dado casi 10.000. \u00abHemos sido hermanos creados en distintos momentos y lugares, pero siempre hemos entendido como Universidad Nacional de San Luis, que la patriada que hac\u00edan los villamercedinos, siendo embajadores en Villa Mercedes del sello UNSL, siempre fue, es y ser\u00e1 muy importante. As\u00ed que yo vengo aqu\u00ed a darles las gracias, a poner en valor todo lo que se hizo\u00bb, concluy\u00f3.<\/h3>\n<h3>GALER\u00cdA DE FOTOS<\/h3>\n<h3>En el marco de estas actividades, se inaugur\u00f3 una muestra fotogr\u00e1fica que recopila im\u00e1genes de los inicios del Departamento de Ciencias Agropecuarias y de los y las docentes que comenzaron a armar la carrera y hacer historia en el Departamento, que en ese momento no era tal, y en la Universidad.<\/h3>\n<h3><img decoding=\"async\" class=\"wp-image-5786 aligncenter\" src=\"https:\/\/apuntesdesanluis.com\/wp-content\/uploads\/2023\/10\/acto-fotos-300x178.png\" alt=\"\" width=\"629\" height=\"373\" srcset=\"https:\/\/apuntesdesanluis.com\/wp-content\/uploads\/2023\/10\/acto-fotos-300x178.png 300w, https:\/\/apuntesdesanluis.com\/wp-content\/uploads\/2023\/10\/acto-fotos.png 600w\" sizes=\"(max-width: 629px) 100vw, 629px\" \/><\/h3>\n<h3>En la misma se puede observar el mapa original del edificio de Ciencias Agropecuarias de 1974, que ser\u00eda el primer edificio de la UNSL en Villa Mercedes. Cuenta con fotos de 1977 cuando el edificio era reci\u00e9n inaugurado (1975), tambi\u00e9n de los invern\u00e1culos que actualmente son los galpones para guardar la maquinaria agr\u00edcola y los veh\u00edculos de la FICA y FCEJS.<\/h3>\n<h3>Muestra adem\u00e1s el pilet\u00f3n que re\u00fane el agua para riego. Retratos de los primeros graduados de la Facultad de Ingenier\u00eda y Administraci\u00f3n y de Ingenier\u00eda Agron\u00f3mica, y la primera mesa acad\u00e9mica de ese acto de colaci\u00f3n. Se suman adem\u00e1s im\u00e1genes de la expo floral que era una vinculaci\u00f3n con la comunidad villamercedina, fotos de nodocentes, personal de campo, de la primera secretaria de Ingenier\u00eda Agron\u00f3mica, y de viajes de complementaci\u00f3n pr\u00e1ctica que se hicieron en la carrera.<\/h3>\n<h3>DATO<\/h3>\n<h3>Para finalizar la primera etapa de las celebraciones, se comparti\u00f3 un espacio de conversatorio denominado Relatos sobre la historia de la carrera de Ingenier\u00eda Agron\u00f3mica a cargo de la Ing. Agr. Mirta G\u00f3mez, la Esp. Amalia Coral, la Mgtr. Elba Gabutti y el Ver. Hernando Casagrande.<\/h3>\n<h3>Luego, se dio paso a la presentaci\u00f3n del libro Aves de San Luis. Una riqueza poco valorada, por parte de sus autores, el Ing. Agr. Jorge Veneciano, graduado de la primera cohorte de Ingenier\u00eda Agron\u00f3mica y de la Lic. Valeria Veneciano. En el marco del acto, el Rector propuso que la Nueva Editorial Universitaria (NEU) edite la obra para que se aloje en la web y escuelas secundarias y carreras afines, puedan acceder a ese material.<\/h3>\n<h3>Las actividades continuar\u00e1n a partir de las 15:00 horas con el descubrimiento de placas, inauguraci\u00f3n de la galer\u00eda de los Decanos\/as, reconocimientos y presentaciones de libros.<\/h3>\n<p>&nbsp;<\/p>\n<p>&nbsp;<\/p>\n<p>&nbsp;<\/p>\n<p>&nbsp;<\/p>\n","protected":false},"excerpt":{"rendered":"<p>La primera etapa de las actividades se desarroll\u00f3 el martes por la ma\u00f1ana, en el&#8230;<\/p>\n","protected":false},"author":1,"featured_media":5783,"comment_status":"closed","ping_status":"closed","sticky":false,"template":"","format":"standard","meta":{"footnotes":""},"categories":[6],"tags":[],"class_list":["post-5782","post","type-post","status-publish","format-standard","has-post-thumbnail","hentry","category-ciudad-provincia"],"yoast_head":"<!-- This site is optimized with the Yoast SEO plugin v26.1.1 - https:\/\/yoast.com\/wordpress\/plugins\/seo\/ -->\n<title>VILLA MERCEDES INICI\u00d3 LA CELEBRACI\u00d3N DE LOS 50 A\u00d1OS DE LA UNSL - Apuntes de San Luis<\/title>\n<meta name=\"robots\" content=\"index, follow, max-snippet:-1, max-image-preview:large, max-video-preview:-1\" \/>\n<link rel=\"canonical\" href=\"https:\/\/apuntesdesanluis.com\/index.php\/2023\/10\/24\/villa-mercedes-inicio-la-celebracion-de-los-50-anos-de-la-unsl\/\" \/>\n<meta property=\"og:locale\" content=\"es_ES\" \/>\n<meta property=\"og:type\" content=\"article\" \/>\n<meta property=\"og:title\" content=\"VILLA MERCEDES INICI\u00d3 LA CELEBRACI\u00d3N DE LOS 50 A\u00d1OS DE LA UNSL - Apuntes de San Luis\" \/>\n<meta property=\"og:description\" content=\"La primera etapa de las actividades se desarroll\u00f3 el martes por la ma\u00f1ana, en el...\" \/>\n<meta property=\"og:url\" content=\"https:\/\/apuntesdesanluis.com\/index.php\/2023\/10\/24\/villa-mercedes-inicio-la-celebracion-de-los-50-anos-de-la-unsl\/\" \/>\n<meta property=\"og:site_name\" content=\"Apuntes de San Luis\" \/>\n<meta property=\"article:published_time\" content=\"2023-10-24T16:36:52+00:00\" \/>\n<meta property=\"article:modified_time\" content=\"2023-10-25T14:37:23+00:00\" \/>\n<meta property=\"og:image\" content=\"https:\/\/apuntesdesanluis.com\/wp-content\/uploads\/2023\/10\/acto-placa.png\" \/>\n\t<meta property=\"og:image:width\" content=\"500\" \/>\n\t<meta property=\"og:image:height\" content=\"298\" \/>\n\t<meta property=\"og:image:type\" content=\"image\/png\" \/>\n<meta name=\"author\" content=\"apuntesdesanluis.com\" \/>\n<meta name=\"twitter:card\" content=\"summary_large_image\" \/>\n<meta name=\"twitter:label1\" content=\"Escrito por\" \/>\n\t<meta name=\"twitter:data1\" content=\"apuntesdesanluis.com\" \/>\n\t<meta name=\"twitter:label2\" content=\"Tiempo de lectura\" \/>\n\t<meta name=\"twitter:data2\" content=\"5 minutos\" \/>\n<script type=\"application\/ld+json\" class=\"yoast-schema-graph\">{\"@context\":\"https:\/\/schema.org\",\"@graph\":[{\"@type\":\"Article\",\"@id\":\"https:\/\/apuntesdesanluis.com\/index.php\/2023\/10\/24\/villa-mercedes-inicio-la-celebracion-de-los-50-anos-de-la-unsl\/#article\",\"isPartOf\":{\"@id\":\"https:\/\/apuntesdesanluis.com\/index.php\/2023\/10\/24\/villa-mercedes-inicio-la-celebracion-de-los-50-anos-de-la-unsl\/\"},\"author\":{\"name\":\"apuntesdesanluis.com\",\"@id\":\"https:\/\/apuntesdesanluis.com\/#\/schema\/person\/b55151d52296fcce64d1a72538a70b90\"},\"headline\":\"VILLA MERCEDES INICI\u00d3 LA CELEBRACI\u00d3N DE LOS 50 A\u00d1OS DE LA UNSL\",\"datePublished\":\"2023-10-24T16:36:52+00:00\",\"dateModified\":\"2023-10-25T14:37:23+00:00\",\"mainEntityOfPage\":{\"@id\":\"https:\/\/apuntesdesanluis.com\/index.php\/2023\/10\/24\/villa-mercedes-inicio-la-celebracion-de-los-50-anos-de-la-unsl\/\"},\"wordCount\":1007,\"publisher\":{\"@id\":\"https:\/\/apuntesdesanluis.com\/#\/schema\/person\/b55151d52296fcce64d1a72538a70b90\"},\"image\":{\"@id\":\"https:\/\/apuntesdesanluis.com\/index.php\/2023\/10\/24\/villa-mercedes-inicio-la-celebracion-de-los-50-anos-de-la-unsl\/#primaryimage\"},\"thumbnailUrl\":\"https:\/\/apuntesdesanluis.com\/wp-content\/uploads\/2023\/10\/acto-placa.png\",\"articleSection\":[\"Ciudad\/Provincia\"],\"inLanguage\":\"es-AR\"},{\"@type\":\"WebPage\",\"@id\":\"https:\/\/apuntesdesanluis.com\/index.php\/2023\/10\/24\/villa-mercedes-inicio-la-celebracion-de-los-50-anos-de-la-unsl\/\",\"url\":\"https:\/\/apuntesdesanluis.com\/index.php\/2023\/10\/24\/villa-mercedes-inicio-la-celebracion-de-los-50-anos-de-la-unsl\/\",\"name\":\"VILLA MERCEDES INICI\u00d3 LA CELEBRACI\u00d3N DE LOS 50 A\u00d1OS DE LA UNSL - Apuntes de San Luis\",\"isPartOf\":{\"@id\":\"https:\/\/apuntesdesanluis.com\/#website\"},\"primaryImageOfPage\":{\"@id\":\"https:\/\/apuntesdesanluis.com\/index.php\/2023\/10\/24\/villa-mercedes-inicio-la-celebracion-de-los-50-anos-de-la-unsl\/#primaryimage\"},\"image\":{\"@id\":\"https:\/\/apuntesdesanluis.com\/index.php\/2023\/10\/24\/villa-mercedes-inicio-la-celebracion-de-los-50-anos-de-la-unsl\/#primaryimage\"},\"thumbnailUrl\":\"https:\/\/apuntesdesanluis.com\/wp-content\/uploads\/2023\/10\/acto-placa.png\",\"datePublished\":\"2023-10-24T16:36:52+00:00\",\"dateModified\":\"2023-10-25T14:37:23+00:00\",\"breadcrumb\":{\"@id\":\"https:\/\/apuntesdesanluis.com\/index.php\/2023\/10\/24\/villa-mercedes-inicio-la-celebracion-de-los-50-anos-de-la-unsl\/#breadcrumb\"},\"inLanguage\":\"es-AR\",\"potentialAction\":[{\"@type\":\"ReadAction\",\"target\":[\"https:\/\/apuntesdesanluis.com\/index.php\/2023\/10\/24\/villa-mercedes-inicio-la-celebracion-de-los-50-anos-de-la-unsl\/\"]}]},{\"@type\":\"ImageObject\",\"inLanguage\":\"es-AR\",\"@id\":\"https:\/\/apuntesdesanluis.com\/index.php\/2023\/10\/24\/villa-mercedes-inicio-la-celebracion-de-los-50-anos-de-la-unsl\/#primaryimage\",\"url\":\"https:\/\/apuntesdesanluis.com\/wp-content\/uploads\/2023\/10\/acto-placa.png\",\"contentUrl\":\"https:\/\/apuntesdesanluis.com\/wp-content\/uploads\/2023\/10\/acto-placa.png\",\"width\":500,\"height\":298},{\"@type\":\"BreadcrumbList\",\"@id\":\"https:\/\/apuntesdesanluis.com\/index.php\/2023\/10\/24\/villa-mercedes-inicio-la-celebracion-de-los-50-anos-de-la-unsl\/#breadcrumb\",\"itemListElement\":[{\"@type\":\"ListItem\",\"position\":1,\"name\":\"Inicio\",\"item\":\"https:\/\/apuntesdesanluis.com\/\"},{\"@type\":\"ListItem\",\"position\":2,\"name\":\"VILLA MERCEDES INICI\u00d3 LA CELEBRACI\u00d3N DE LOS 50 A\u00d1OS DE LA UNSL\"}]},{\"@type\":\"WebSite\",\"@id\":\"https:\/\/apuntesdesanluis.com\/#website\",\"url\":\"https:\/\/apuntesdesanluis.com\/\",\"name\":\"Apuntes de San Luis\",\"description\":\"\",\"publisher\":{\"@id\":\"https:\/\/apuntesdesanluis.com\/#\/schema\/person\/b55151d52296fcce64d1a72538a70b90\"},\"potentialAction\":[{\"@type\":\"SearchAction\",\"target\":{\"@type\":\"EntryPoint\",\"urlTemplate\":\"https:\/\/apuntesdesanluis.com\/?s={search_term_string}\"},\"query-input\":{\"@type\":\"PropertyValueSpecification\",\"valueRequired\":true,\"valueName\":\"search_term_string\"}}],\"inLanguage\":\"es-AR\"},{\"@type\":[\"Person\",\"Organization\"],\"@id\":\"https:\/\/apuntesdesanluis.com\/#\/schema\/person\/b55151d52296fcce64d1a72538a70b90\",\"name\":\"apuntesdesanluis.com\",\"image\":{\"@type\":\"ImageObject\",\"inLanguage\":\"es-AR\",\"@id\":\"https:\/\/apuntesdesanluis.com\/#\/schema\/person\/image\/\",\"url\":\"https:\/\/apuntesdesanluis.com\/wp-content\/uploads\/2023\/07\/cropped-apuntesdesanluis.png\",\"contentUrl\":\"https:\/\/apuntesdesanluis.com\/wp-content\/uploads\/2023\/07\/cropped-apuntesdesanluis.png\",\"width\":450,\"height\":112,\"caption\":\"apuntesdesanluis.com\"},\"logo\":{\"@id\":\"https:\/\/apuntesdesanluis.com\/#\/schema\/person\/image\/\"},\"sameAs\":[\"https:\/\/apuntesdesanluis.com\"],\"url\":\"https:\/\/apuntesdesanluis.com\/index.php\/author\/apuntesdesanluis-com\/\"}]}<\/script>\n<!-- \/ Yoast SEO plugin. -->","yoast_head_json":{"title":"VILLA MERCEDES INICI\u00d3 LA CELEBRACI\u00d3N DE LOS 50 A\u00d1OS DE LA UNSL - Apuntes de San Luis","robots":{"index":"index","follow":"follow","max-snippet":"max-snippet:-1","max-image-preview":"max-image-preview:large","max-video-preview":"max-video-preview:-1"},"canonical":"https:\/\/apuntesdesanluis.com\/index.php\/2023\/10\/24\/villa-mercedes-inicio-la-celebracion-de-los-50-anos-de-la-unsl\/","og_locale":"es_ES","og_type":"article","og_title":"VILLA MERCEDES INICI\u00d3 LA CELEBRACI\u00d3N DE LOS 50 A\u00d1OS DE LA UNSL - Apuntes de San Luis","og_description":"La primera etapa de las actividades se desarroll\u00f3 el martes por la ma\u00f1ana, en el...","og_url":"https:\/\/apuntesdesanluis.com\/index.php\/2023\/10\/24\/villa-mercedes-inicio-la-celebracion-de-los-50-anos-de-la-unsl\/","og_site_name":"Apuntes de San Luis","article_published_time":"2023-10-24T16:36:52+00:00","article_modified_time":"2023-10-25T14:37:23+00:00","og_image":[{"width":500,"height":298,"url":"https:\/\/apuntesdesanluis.com\/wp-content\/uploads\/2023\/10\/acto-placa.png","type":"image\/png"}],"author":"apuntesdesanluis.com","twitter_card":"summary_large_image","twitter_misc":{"Escrito por":"apuntesdesanluis.com","Tiempo de lectura":"5 minutos"},"schema":{"@context":"https:\/\/schema.org","@graph":[{"@type":"Article","@id":"https:\/\/apuntesdesanluis.com\/index.php\/2023\/10\/24\/villa-mercedes-inicio-la-celebracion-de-los-50-anos-de-la-unsl\/#article","isPartOf":{"@id":"https:\/\/apuntesdesanluis.com\/index.php\/2023\/10\/24\/villa-mercedes-inicio-la-celebracion-de-los-50-anos-de-la-unsl\/"},"author":{"name":"apuntesdesanluis.com","@id":"https:\/\/apuntesdesanluis.com\/#\/schema\/person\/b55151d52296fcce64d1a72538a70b90"},"headline":"VILLA MERCEDES INICI\u00d3 LA CELEBRACI\u00d3N DE LOS 50 A\u00d1OS DE LA UNSL","datePublished":"2023-10-24T16:36:52+00:00","dateModified":"2023-10-25T14:37:23+00:00","mainEntityOfPage":{"@id":"https:\/\/apuntesdesanluis.com\/index.php\/2023\/10\/24\/villa-mercedes-inicio-la-celebracion-de-los-50-anos-de-la-unsl\/"},"wordCount":1007,"publisher":{"@id":"https:\/\/apuntesdesanluis.com\/#\/schema\/person\/b55151d52296fcce64d1a72538a70b90"},"image":{"@id":"https:\/\/apuntesdesanluis.com\/index.php\/2023\/10\/24\/villa-mercedes-inicio-la-celebracion-de-los-50-anos-de-la-unsl\/#primaryimage"},"thumbnailUrl":"https:\/\/apuntesdesanluis.com\/wp-content\/uploads\/2023\/10\/acto-placa.png","articleSection":["Ciudad\/Provincia"],"inLanguage":"es-AR"},{"@type":"WebPage","@id":"https:\/\/apuntesdesanluis.com\/index.php\/2023\/10\/24\/villa-mercedes-inicio-la-celebracion-de-los-50-anos-de-la-unsl\/","url":"https:\/\/apuntesdesanluis.com\/index.php\/2023\/10\/24\/villa-mercedes-inicio-la-celebracion-de-los-50-anos-de-la-unsl\/","name":"VILLA MERCEDES INICI\u00d3 LA CELEBRACI\u00d3N DE LOS 50 A\u00d1OS DE LA UNSL - Apuntes de San Luis","isPartOf":{"@id":"https:\/\/apuntesdesanluis.com\/#website"},"primaryImageOfPage":{"@id":"https:\/\/apuntesdesanluis.com\/index.php\/2023\/10\/24\/villa-mercedes-inicio-la-celebracion-de-los-50-anos-de-la-unsl\/#primaryimage"},"image":{"@id":"https:\/\/apuntesdesanluis.com\/index.php\/2023\/10\/24\/villa-mercedes-inicio-la-celebracion-de-los-50-anos-de-la-unsl\/#primaryimage"},"thumbnailUrl":"https:\/\/apuntesdesanluis.com\/wp-content\/uploads\/2023\/10\/acto-placa.png","datePublished":"2023-10-24T16:36:52+00:00","dateModified":"2023-10-25T14:37:23+00:00","breadcrumb":{"@id":"https:\/\/apuntesdesanluis.com\/index.php\/2023\/10\/24\/villa-mercedes-inicio-la-celebracion-de-los-50-anos-de-la-unsl\/#breadcrumb"},"inLanguage":"es-AR","potentialAction":[{"@type":"ReadAction","target":["https:\/\/apuntesdesanluis.com\/index.php\/2023\/10\/24\/villa-mercedes-inicio-la-celebracion-de-los-50-anos-de-la-unsl\/"]}]},{"@type":"ImageObject","inLanguage":"es-AR","@id":"https:\/\/apuntesdesanluis.com\/index.php\/2023\/10\/24\/villa-mercedes-inicio-la-celebracion-de-los-50-anos-de-la-unsl\/#primaryimage","url":"https:\/\/apuntesdesanluis.com\/wp-content\/uploads\/2023\/10\/acto-placa.png","contentUrl":"https:\/\/apuntesdesanluis.com\/wp-content\/uploads\/2023\/10\/acto-placa.png","width":500,"height":298},{"@type":"BreadcrumbList","@id":"https:\/\/apuntesdesanluis.com\/index.php\/2023\/10\/24\/villa-mercedes-inicio-la-celebracion-de-los-50-anos-de-la-unsl\/#breadcrumb","itemListElement":[{"@type":"ListItem","position":1,"name":"Inicio","item":"https:\/\/apuntesdesanluis.com\/"},{"@type":"ListItem","position":2,"name":"VILLA MERCEDES INICI\u00d3 LA CELEBRACI\u00d3N DE LOS 50 A\u00d1OS DE LA UNSL"}]},{"@type":"WebSite","@id":"https:\/\/apuntesdesanluis.com\/#website","url":"https:\/\/apuntesdesanluis.com\/","name":"Apuntes de San Luis","description":"","publisher":{"@id":"https:\/\/apuntesdesanluis.com\/#\/schema\/person\/b55151d52296fcce64d1a72538a70b90"},"potentialAction":[{"@type":"SearchAction","target":{"@type":"EntryPoint","urlTemplate":"https:\/\/apuntesdesanluis.com\/?s={search_term_string}"},"query-input":{"@type":"PropertyValueSpecification","valueRequired":true,"valueName":"search_term_string"}}],"inLanguage":"es-AR"},{"@type":["Person","Organization"],"@id":"https:\/\/apuntesdesanluis.com\/#\/schema\/person\/b55151d52296fcce64d1a72538a70b90","name":"apuntesdesanluis.com","image":{"@type":"ImageObject","inLanguage":"es-AR","@id":"https:\/\/apuntesdesanluis.com\/#\/schema\/person\/image\/","url":"https:\/\/apuntesdesanluis.com\/wp-content\/uploads\/2023\/07\/cropped-apuntesdesanluis.png","contentUrl":"https:\/\/apuntesdesanluis.com\/wp-content\/uploads\/2023\/07\/cropped-apuntesdesanluis.png","width":450,"height":112,"caption":"apuntesdesanluis.com"},"logo":{"@id":"https:\/\/apuntesdesanluis.com\/#\/schema\/person\/image\/"},"sameAs":["https:\/\/apuntesdesanluis.com"],"url":"https:\/\/apuntesdesanluis.com\/index.php\/author\/apuntesdesanluis-com\/"}]}},"featured_image_urls":{"full":["https:\/\/apuntesdesanluis.com\/wp-content\/uploads\/2023\/10\/acto-placa.png",500,298,false],"thumbnail":["https:\/\/apuntesdesanluis.com\/wp-content\/uploads\/2023\/10\/acto-placa-150x150.png",150,150,true],"medium":["https:\/\/apuntesdesanluis.com\/wp-content\/uploads\/2023\/10\/acto-placa-300x179.png",300,179,true],"medium_large":["https:\/\/apuntesdesanluis.com\/wp-content\/uploads\/2023\/10\/acto-placa.png",500,298,false],"large":["https:\/\/apuntesdesanluis.com\/wp-content\/uploads\/2023\/10\/acto-placa.png",500,298,false],"1536x1536":["https:\/\/apuntesdesanluis.com\/wp-content\/uploads\/2023\/10\/acto-placa.png",500,298,false],"2048x2048":["https:\/\/apuntesdesanluis.com\/wp-content\/uploads\/2023\/10\/acto-placa.png",500,298,false],"newsever-slider-full":["https:\/\/apuntesdesanluis.com\/wp-content\/uploads\/2023\/10\/acto-placa.png",500,298,false],"newsever-featured":["https:\/\/apuntesdesanluis.com\/wp-content\/uploads\/2023\/10\/acto-placa.png",500,298,false],"newsever-medium":["https:\/\/apuntesdesanluis.com\/wp-content\/uploads\/2023\/10\/acto-placa.png",500,298,false]},"author_info":{"display_name":"apuntesdesanluis.com","author_link":"https:\/\/apuntesdesanluis.com\/index.php\/author\/apuntesdesanluis-com\/"},"category_info":"<a href=\"https:\/\/apuntesdesanluis.com\/index.php\/category\/ciudad-provincia\/\" rel=\"category tag\">Ciudad\/Provincia<\/a>","tag_info":"Ciudad\/Provincia","comment_count":"0","_links":{"self":[{"href":"https:\/\/apuntesdesanluis.com\/index.php\/wp-json\/wp\/v2\/posts\/5782","targetHints":{"allow":["GET"]}}],"collection":[{"href":"https:\/\/apuntesdesanluis.com\/index.php\/wp-json\/wp\/v2\/posts"}],"about":[{"href":"https:\/\/apuntesdesanluis.com\/index.php\/wp-json\/wp\/v2\/types\/post"}],"author":[{"embeddable":true,"href":"https:\/\/apuntesdesanluis.com\/index.php\/wp-json\/wp\/v2\/users\/1"}],"replies":[{"embeddable":true,"href":"https:\/\/apuntesdesanluis.com\/index.php\/wp-json\/wp\/v2\/comments?post=5782"}],"version-history":[{"count":1,"href":"https:\/\/apuntesdesanluis.com\/index.php\/wp-json\/wp\/v2\/posts\/5782\/revisions"}],"predecessor-version":[{"id":5787,"href":"https:\/\/apuntesdesanluis.com\/index.php\/wp-json\/wp\/v2\/posts\/5782\/revisions\/5787"}],"wp:featuredmedia":[{"embeddable":true,"href":"https:\/\/apuntesdesanluis.com\/index.php\/wp-json\/wp\/v2\/media\/5783"}],"wp:attachment":[{"href":"https:\/\/apuntesdesanluis.com\/index.php\/wp-json\/wp\/v2\/media?parent=5782"}],"wp:term":[{"taxonomy":"category","embeddable":true,"href":"https:\/\/apuntesdesanluis.com\/index.php\/wp-json\/wp\/v2\/categories?post=5782"},{"taxonomy":"post_tag","embeddable":true,"href":"https:\/\/apuntesdesanluis.com\/index.php\/wp-json\/wp\/v2\/tags?post=5782"}],"curies":[{"name":"wp","href":"https:\/\/api.w.org\/{rel}","templated":true}]}}