{"id":5788,"date":"2023-10-24T17:45:34","date_gmt":"2023-10-24T20:45:34","guid":{"rendered":"https:\/\/apuntesdesanluis.com\/?p=5788"},"modified":"2023-10-25T11:47:13","modified_gmt":"2023-10-25T14:47:13","slug":"la-unsl-festejo-sus-50-anos-en-el-centro-universitario-de-villa-mercedes","status":"publish","type":"post","link":"https:\/\/apuntesdesanluis.com\/index.php\/2023\/10\/24\/la-unsl-festejo-sus-50-anos-en-el-centro-universitario-de-villa-mercedes\/","title":{"rendered":"LA UNSL FESTEJ\u00d3 SUS 50 A\u00d1OS EN EL CENTRO UNIVERSITARIO DE VILLA MERCEDES"},"content":{"rendered":"<h3>Este martes por la tarde se llev\u00f3 a cabo la segunda etapa de celebraciones, con el descubrimiento de una placa en honor al empresario <strong>Oscar C\u00e9sar Romera<\/strong> de la f\u00e1brica Muebles Romera, cuyos galpones se transformaron en las primeras aulas. Adem\u00e1s, se inaugur\u00f3 la galer\u00eda de los Decanos\/as. Posteriormente, las actividades se desarrollaron en el aula 16 Juan Arnaldo \u00abPany\u00bb Fern\u00e1ndez.<\/h3>\n<h3>En el marco del 50 aniversario de la UNSL, la sede de Villa Mercedes inaugur\u00f3 la galer\u00eda de los Decanos\/as, en su acceso principal. Este espacio de reconocimiento est\u00e1 conformado por quienes desempe\u00f1an y\/o desempe\u00f1aron la labor en las distintas Unidades Acad\u00e9micas, desde 1984 hasta la gesti\u00f3n actual. Asimismo, en esta ocasi\u00f3n destacaron a quien fue due\u00f1o de la f\u00e1brica Muebles Romera por haber colaborado en el proceso de gestaci\u00f3n de este Centro Universitario.<\/h3>\n<h3>Por su parte, el intendente de la localidad, Abg. <strong>Maximiliano Frontera<\/strong>, hizo entrega del decreto N\u00b0 6279\/23, el cual manifiesta este acto aniversario como de inter\u00e9s municipal. De igual modo, el Honorable Concejo Deliberante de Villa Mercedes lo declar\u00f3 de inter\u00e9s social, legislativo y educativo y reconoci\u00f3 el aporte de la UNSL a la educaci\u00f3n, la investigaci\u00f3n y el desarrollo regional.<\/h3>\n<h3><img fetchpriority=\"high\" decoding=\"async\" class=\"wp-image-5790 aligncenter\" src=\"https:\/\/apuntesdesanluis.com\/wp-content\/uploads\/2023\/10\/frontera-1-300x227.png\" alt=\"\" width=\"510\" height=\"386\" srcset=\"https:\/\/apuntesdesanluis.com\/wp-content\/uploads\/2023\/10\/frontera-1-300x227.png 300w, https:\/\/apuntesdesanluis.com\/wp-content\/uploads\/2023\/10\/frontera-1.png 600w\" sizes=\"(max-width: 510px) 100vw, 510px\" \/><\/h3>\n<h3>Con motivo de esta jornada y de los 50 a\u00f1os, la Universidad recibi\u00f3, por parte de la intendencia y del Concejo, las respectivas placas de reconocimiento por su \u00abexcelencia acad\u00e9mica, compromiso social y contribuci\u00f3n al progreso\u00bb y un diploma a autoridades. En este marco, la UNSL entreg\u00f3 una distinci\u00f3n especial a personas, entidades, asociaciones e instituciones que han acompa\u00f1ado y generado v\u00ednculos hist\u00f3ricos, sociales y culturales con la Universidad en este medio siglo.<\/h3>\n<h3>Adem\u00e1s del intendente municipal <strong>Maximiliano Frontera<\/strong>, tambi\u00e9n asisti\u00f3 el rector electo de la UNViMe, Dr. <strong>Marcelo Sosa<\/strong>.<\/h3>\n<p><img decoding=\"async\" class=\"wp-image-5792 aligncenter\" src=\"https:\/\/apuntesdesanluis.com\/wp-content\/uploads\/2023\/10\/sosa-300x181.png\" alt=\"\" width=\"625\" height=\"377\" srcset=\"https:\/\/apuntesdesanluis.com\/wp-content\/uploads\/2023\/10\/sosa-300x181.png 300w, https:\/\/apuntesdesanluis.com\/wp-content\/uploads\/2023\/10\/sosa.png 600w\" sizes=\"(max-width: 625px) 100vw, 625px\" \/><\/p>\n<h3>Durante este acto central de conmemoraci\u00f3n de la generaci\u00f3n de estudios universitarios de Villa Mercedes, la mesa acad\u00e9mica estuvo compuesta por el rector de la UNSL, C.P.N. V\u00edctor Mori\u00f1igo; vicerrector, Mgtr. H\u00e9ctor Flores, decana de la Facultad de Ciencias Econ\u00f3micas, Jur\u00eddicas y Sociales (FCEJS), Mgtr. Roxana Camiletti; vicedecana de la FCEJS, Esp. Hilda Maggi y el decano de la Facultad de Ingenier\u00eda y Ciencias Agropecuarias (FICA), Mgtr. Sergio Ribotta.<\/h3>\n<h3>En este evento, el Prof. H\u00e9ctor Pablo \u00d3sola, miembro de la comisi\u00f3n ejecutiva Pro-Universidad, dirigi\u00f3 unas conmovedoras palabras. \u00abTodos los que actuamos en este movimiento est\u00e1bamos profundamente convencidos que \u00edbamos a lograr lo que nos hab\u00edamos propuesto. Esto fue vocaci\u00f3n de lucha para mi Ciudad, es un sue\u00f1o hecho realidad\u00bb, dijo.<\/h3>\n<h3>Por su parte, Gast\u00f3n Mones Ruiz, intendente de Villa Mercedes en la \u00e9poca de la lucha por la creaci\u00f3n de una sede de la Universidad en la Ciudad (d\u00e9cada del 70), brind\u00f3 un efusivo y emotivo discurso en el que narr\u00f3 su vivencia con la comisi\u00f3n Pro Facultad.<\/h3>\n<h3>Tambi\u00e9n hubo momentos donde detall\u00f3 an\u00e9cdotas, personalidades, alegr\u00edas y rescat\u00f3 el esp\u00edritu colectivo del pueblo villamercedino como iniciador de la UNSL.<\/h3>\n<h3>\u00abEstamos festejando una verdadera epopeya, una gran gesta que dio el pueblo de la ciudad de Villa Mercedes en su conjunto, liderado por personas ejemplares, templadas, conscientes, valientes, voluntariosas, eficaces y eficientes en su visi\u00f3n\u00bb, resalt\u00f3.<\/h3>\n<h3>Por otro lado, Jorge Cangiano, quien fuera dirigente en la d\u00e9cada del 70 de la Confederaci\u00f3n General del Trabajo de la Rep\u00fablica Argentina (CGT), regional Villa Mercedes, record\u00f3 la magnitud de movimiento que gener\u00f3 la Universidad Nacional de San Luis en Villa Mercedes. Asimismo, enfatiz\u00f3 la euforia y el entusiasmo que habit\u00f3 esa \u00e9poca, destacando la participaci\u00f3n en aquel proceso de quienes fueron reconocidos\/as en el acto.<\/h3>\n<h3>Adem\u00e1s, rememor\u00f3 que la Universidad naci\u00f3 en la Villa de un movimiento popular integrado por la CGT, organizaciones gremiales, Organizaciones No Gubernamentales (ONGs), asociaciones vecinales y de profesionales, alumnos\/as y docentes, impulsados\/as con el motivo de dar respuesta a los requerimientos de las empresas y f\u00e1bricas que necesitaban profesionales, t\u00e9cnicos, personas capacitadas para atender la marcha de sus establecimientos.<\/h3>\n<h3>Para finalizar, felicit\u00f3 a la conducci\u00f3n actual de la UNSL por la apertura hacia la sociedad. \u00abEsto tiene una significaci\u00f3n enorme porque colaboran con el gobierno provincial y comunal y est\u00e1n permanentemente atentos para llevar progresos y proyectos comunes (\u2026) Que esta Universidad siga siendo un potente rayo de luz que siga iluminando la mente de todos los que ingresan al recinto de la Universidad, para que tengan una participaci\u00f3n activa, permanente, en defensa de la libertad, de la dignidad humana y del estilo de vida democr\u00e1tico\u00bb, dijo.<\/h3>\n<p><img decoding=\"async\" class=\"wp-image-5791 aligncenter\" src=\"https:\/\/apuntesdesanluis.com\/wp-content\/uploads\/2023\/10\/ex-intendentes-300x230.png\" alt=\"\" width=\"621\" height=\"476\" srcset=\"https:\/\/apuntesdesanluis.com\/wp-content\/uploads\/2023\/10\/ex-intendentes-300x230.png 300w, https:\/\/apuntesdesanluis.com\/wp-content\/uploads\/2023\/10\/ex-intendentes.png 600w\" sizes=\"(max-width: 621px) 100vw, 621px\" \/><\/p>\n<h3>Finalmente, el Rector agradeci\u00f3 a estudiantes, docentes, nodocentes, autoridades y a todo el p\u00fablico presente. Cont\u00f3 diversas an\u00e9cdotas de su \u00e9poca como estudiante de la carrera Contador P\u00fablico Nacional en Villa Mercedes. Rememor\u00f3 con alegr\u00eda aquellos tiempos que vivenci\u00f3 con algunas personas que hoy siguen cumpliendo su rol en la Casa de Altos Estudios. \u00abDesde que llegu\u00e9 aqu\u00ed con 18 a\u00f1os mi vida cambi\u00f3. (\u2026) Somos fruto de quienes nos so\u00f1aron, estas historias pueden recordar esas buenas \u00e9pocas\u00bb, concluy\u00f3.<\/h3>\n<p>&nbsp;<\/p>\n<p>&nbsp;<\/p>\n<p>&nbsp;<\/p>\n<p>&nbsp;<\/p>\n","protected":false},"excerpt":{"rendered":"<p>Este martes por la tarde se llev\u00f3 a cabo la segunda etapa de celebraciones, con&#8230;<\/p>\n","protected":false},"author":1,"featured_media":5789,"comment_status":"closed","ping_status":"closed","sticky":false,"template":"","format":"standard","meta":{"footnotes":""},"categories":[6],"tags":[],"class_list":["post-5788","post","type-post","status-publish","format-standard","has-post-thumbnail","hentry","category-ciudad-provincia"],"yoast_head":"<!-- This site is optimized with the Yoast SEO plugin v26.1.1 - https:\/\/yoast.com\/wordpress\/plugins\/seo\/ -->\n<title>LA UNSL FESTEJ\u00d3 SUS 50 A\u00d1OS EN EL CENTRO UNIVERSITARIO DE VILLA MERCEDES - Apuntes de San Luis<\/title>\n<meta name=\"robots\" content=\"index, follow, max-snippet:-1, max-image-preview:large, max-video-preview:-1\" \/>\n<link rel=\"canonical\" href=\"https:\/\/apuntesdesanluis.com\/index.php\/2023\/10\/24\/la-unsl-festejo-sus-50-anos-en-el-centro-universitario-de-villa-mercedes\/\" \/>\n<meta property=\"og:locale\" content=\"es_ES\" \/>\n<meta property=\"og:type\" content=\"article\" \/>\n<meta property=\"og:title\" content=\"LA UNSL FESTEJ\u00d3 SUS 50 A\u00d1OS EN EL CENTRO UNIVERSITARIO DE VILLA MERCEDES - Apuntes de San Luis\" \/>\n<meta property=\"og:description\" content=\"Este martes por la tarde se llev\u00f3 a cabo la segunda etapa de celebraciones, con...\" \/>\n<meta property=\"og:url\" content=\"https:\/\/apuntesdesanluis.com\/index.php\/2023\/10\/24\/la-unsl-festejo-sus-50-anos-en-el-centro-universitario-de-villa-mercedes\/\" \/>\n<meta property=\"og:site_name\" content=\"Apuntes de San Luis\" \/>\n<meta property=\"article:published_time\" content=\"2023-10-24T20:45:34+00:00\" \/>\n<meta property=\"article:modified_time\" content=\"2023-10-25T14:47:13+00:00\" \/>\n<meta property=\"og:image\" content=\"https:\/\/apuntesdesanluis.com\/wp-content\/uploads\/2023\/10\/acto-publico.png\" \/>\n\t<meta property=\"og:image:width\" content=\"600\" \/>\n\t<meta property=\"og:image:height\" content=\"358\" \/>\n\t<meta property=\"og:image:type\" content=\"image\/png\" \/>\n<meta name=\"author\" content=\"apuntesdesanluis.com\" \/>\n<meta name=\"twitter:card\" content=\"summary_large_image\" \/>\n<meta name=\"twitter:label1\" content=\"Escrito por\" \/>\n\t<meta name=\"twitter:data1\" content=\"apuntesdesanluis.com\" \/>\n\t<meta name=\"twitter:label2\" content=\"Tiempo de lectura\" \/>\n\t<meta name=\"twitter:data2\" content=\"5 minutos\" \/>\n<script type=\"application\/ld+json\" class=\"yoast-schema-graph\">{\"@context\":\"https:\/\/schema.org\",\"@graph\":[{\"@type\":\"Article\",\"@id\":\"https:\/\/apuntesdesanluis.com\/index.php\/2023\/10\/24\/la-unsl-festejo-sus-50-anos-en-el-centro-universitario-de-villa-mercedes\/#article\",\"isPartOf\":{\"@id\":\"https:\/\/apuntesdesanluis.com\/index.php\/2023\/10\/24\/la-unsl-festejo-sus-50-anos-en-el-centro-universitario-de-villa-mercedes\/\"},\"author\":{\"name\":\"apuntesdesanluis.com\",\"@id\":\"https:\/\/apuntesdesanluis.com\/#\/schema\/person\/b55151d52296fcce64d1a72538a70b90\"},\"headline\":\"LA UNSL FESTEJ\u00d3 SUS 50 A\u00d1OS EN EL CENTRO UNIVERSITARIO DE VILLA MERCEDES\",\"datePublished\":\"2023-10-24T20:45:34+00:00\",\"dateModified\":\"2023-10-25T14:47:13+00:00\",\"mainEntityOfPage\":{\"@id\":\"https:\/\/apuntesdesanluis.com\/index.php\/2023\/10\/24\/la-unsl-festejo-sus-50-anos-en-el-centro-universitario-de-villa-mercedes\/\"},\"wordCount\":888,\"publisher\":{\"@id\":\"https:\/\/apuntesdesanluis.com\/#\/schema\/person\/b55151d52296fcce64d1a72538a70b90\"},\"image\":{\"@id\":\"https:\/\/apuntesdesanluis.com\/index.php\/2023\/10\/24\/la-unsl-festejo-sus-50-anos-en-el-centro-universitario-de-villa-mercedes\/#primaryimage\"},\"thumbnailUrl\":\"https:\/\/apuntesdesanluis.com\/wp-content\/uploads\/2023\/10\/acto-publico.png\",\"articleSection\":[\"Ciudad\/Provincia\"],\"inLanguage\":\"es-AR\"},{\"@type\":\"WebPage\",\"@id\":\"https:\/\/apuntesdesanluis.com\/index.php\/2023\/10\/24\/la-unsl-festejo-sus-50-anos-en-el-centro-universitario-de-villa-mercedes\/\",\"url\":\"https:\/\/apuntesdesanluis.com\/index.php\/2023\/10\/24\/la-unsl-festejo-sus-50-anos-en-el-centro-universitario-de-villa-mercedes\/\",\"name\":\"LA UNSL FESTEJ\u00d3 SUS 50 A\u00d1OS EN EL CENTRO UNIVERSITARIO DE VILLA MERCEDES - Apuntes de San Luis\",\"isPartOf\":{\"@id\":\"https:\/\/apuntesdesanluis.com\/#website\"},\"primaryImageOfPage\":{\"@id\":\"https:\/\/apuntesdesanluis.com\/index.php\/2023\/10\/24\/la-unsl-festejo-sus-50-anos-en-el-centro-universitario-de-villa-mercedes\/#primaryimage\"},\"image\":{\"@id\":\"https:\/\/apuntesdesanluis.com\/index.php\/2023\/10\/24\/la-unsl-festejo-sus-50-anos-en-el-centro-universitario-de-villa-mercedes\/#primaryimage\"},\"thumbnailUrl\":\"https:\/\/apuntesdesanluis.com\/wp-content\/uploads\/2023\/10\/acto-publico.png\",\"datePublished\":\"2023-10-24T20:45:34+00:00\",\"dateModified\":\"2023-10-25T14:47:13+00:00\",\"breadcrumb\":{\"@id\":\"https:\/\/apuntesdesanluis.com\/index.php\/2023\/10\/24\/la-unsl-festejo-sus-50-anos-en-el-centro-universitario-de-villa-mercedes\/#breadcrumb\"},\"inLanguage\":\"es-AR\",\"potentialAction\":[{\"@type\":\"ReadAction\",\"target\":[\"https:\/\/apuntesdesanluis.com\/index.php\/2023\/10\/24\/la-unsl-festejo-sus-50-anos-en-el-centro-universitario-de-villa-mercedes\/\"]}]},{\"@type\":\"ImageObject\",\"inLanguage\":\"es-AR\",\"@id\":\"https:\/\/apuntesdesanluis.com\/index.php\/2023\/10\/24\/la-unsl-festejo-sus-50-anos-en-el-centro-universitario-de-villa-mercedes\/#primaryimage\",\"url\":\"https:\/\/apuntesdesanluis.com\/wp-content\/uploads\/2023\/10\/acto-publico.png\",\"contentUrl\":\"https:\/\/apuntesdesanluis.com\/wp-content\/uploads\/2023\/10\/acto-publico.png\",\"width\":600,\"height\":358},{\"@type\":\"BreadcrumbList\",\"@id\":\"https:\/\/apuntesdesanluis.com\/index.php\/2023\/10\/24\/la-unsl-festejo-sus-50-anos-en-el-centro-universitario-de-villa-mercedes\/#breadcrumb\",\"itemListElement\":[{\"@type\":\"ListItem\",\"position\":1,\"name\":\"Inicio\",\"item\":\"https:\/\/apuntesdesanluis.com\/\"},{\"@type\":\"ListItem\",\"position\":2,\"name\":\"LA UNSL FESTEJ\u00d3 SUS 50 A\u00d1OS EN EL CENTRO UNIVERSITARIO DE VILLA MERCEDES\"}]},{\"@type\":\"WebSite\",\"@id\":\"https:\/\/apuntesdesanluis.com\/#website\",\"url\":\"https:\/\/apuntesdesanluis.com\/\",\"name\":\"Apuntes de San Luis\",\"description\":\"\",\"publisher\":{\"@id\":\"https:\/\/apuntesdesanluis.com\/#\/schema\/person\/b55151d52296fcce64d1a72538a70b90\"},\"potentialAction\":[{\"@type\":\"SearchAction\",\"target\":{\"@type\":\"EntryPoint\",\"urlTemplate\":\"https:\/\/apuntesdesanluis.com\/?s={search_term_string}\"},\"query-input\":{\"@type\":\"PropertyValueSpecification\",\"valueRequired\":true,\"valueName\":\"search_term_string\"}}],\"inLanguage\":\"es-AR\"},{\"@type\":[\"Person\",\"Organization\"],\"@id\":\"https:\/\/apuntesdesanluis.com\/#\/schema\/person\/b55151d52296fcce64d1a72538a70b90\",\"name\":\"apuntesdesanluis.com\",\"image\":{\"@type\":\"ImageObject\",\"inLanguage\":\"es-AR\",\"@id\":\"https:\/\/apuntesdesanluis.com\/#\/schema\/person\/image\/\",\"url\":\"https:\/\/apuntesdesanluis.com\/wp-content\/uploads\/2023\/07\/cropped-apuntesdesanluis.png\",\"contentUrl\":\"https:\/\/apuntesdesanluis.com\/wp-content\/uploads\/2023\/07\/cropped-apuntesdesanluis.png\",\"width\":450,\"height\":112,\"caption\":\"apuntesdesanluis.com\"},\"logo\":{\"@id\":\"https:\/\/apuntesdesanluis.com\/#\/schema\/person\/image\/\"},\"sameAs\":[\"https:\/\/apuntesdesanluis.com\"],\"url\":\"https:\/\/apuntesdesanluis.com\/index.php\/author\/apuntesdesanluis-com\/\"}]}<\/script>\n<!-- \/ Yoast SEO plugin. -->","yoast_head_json":{"title":"LA UNSL FESTEJ\u00d3 SUS 50 A\u00d1OS EN EL CENTRO UNIVERSITARIO DE VILLA MERCEDES - Apuntes de San Luis","robots":{"index":"index","follow":"follow","max-snippet":"max-snippet:-1","max-image-preview":"max-image-preview:large","max-video-preview":"max-video-preview:-1"},"canonical":"https:\/\/apuntesdesanluis.com\/index.php\/2023\/10\/24\/la-unsl-festejo-sus-50-anos-en-el-centro-universitario-de-villa-mercedes\/","og_locale":"es_ES","og_type":"article","og_title":"LA UNSL FESTEJ\u00d3 SUS 50 A\u00d1OS EN EL CENTRO UNIVERSITARIO DE VILLA MERCEDES - Apuntes de San Luis","og_description":"Este martes por la tarde se llev\u00f3 a cabo la segunda etapa de celebraciones, con...","og_url":"https:\/\/apuntesdesanluis.com\/index.php\/2023\/10\/24\/la-unsl-festejo-sus-50-anos-en-el-centro-universitario-de-villa-mercedes\/","og_site_name":"Apuntes de San Luis","article_published_time":"2023-10-24T20:45:34+00:00","article_modified_time":"2023-10-25T14:47:13+00:00","og_image":[{"width":600,"height":358,"url":"https:\/\/apuntesdesanluis.com\/wp-content\/uploads\/2023\/10\/acto-publico.png","type":"image\/png"}],"author":"apuntesdesanluis.com","twitter_card":"summary_large_image","twitter_misc":{"Escrito por":"apuntesdesanluis.com","Tiempo de lectura":"5 minutos"},"schema":{"@context":"https:\/\/schema.org","@graph":[{"@type":"Article","@id":"https:\/\/apuntesdesanluis.com\/index.php\/2023\/10\/24\/la-unsl-festejo-sus-50-anos-en-el-centro-universitario-de-villa-mercedes\/#article","isPartOf":{"@id":"https:\/\/apuntesdesanluis.com\/index.php\/2023\/10\/24\/la-unsl-festejo-sus-50-anos-en-el-centro-universitario-de-villa-mercedes\/"},"author":{"name":"apuntesdesanluis.com","@id":"https:\/\/apuntesdesanluis.com\/#\/schema\/person\/b55151d52296fcce64d1a72538a70b90"},"headline":"LA UNSL FESTEJ\u00d3 SUS 50 A\u00d1OS EN EL CENTRO UNIVERSITARIO DE VILLA MERCEDES","datePublished":"2023-10-24T20:45:34+00:00","dateModified":"2023-10-25T14:47:13+00:00","mainEntityOfPage":{"@id":"https:\/\/apuntesdesanluis.com\/index.php\/2023\/10\/24\/la-unsl-festejo-sus-50-anos-en-el-centro-universitario-de-villa-mercedes\/"},"wordCount":888,"publisher":{"@id":"https:\/\/apuntesdesanluis.com\/#\/schema\/person\/b55151d52296fcce64d1a72538a70b90"},"image":{"@id":"https:\/\/apuntesdesanluis.com\/index.php\/2023\/10\/24\/la-unsl-festejo-sus-50-anos-en-el-centro-universitario-de-villa-mercedes\/#primaryimage"},"thumbnailUrl":"https:\/\/apuntesdesanluis.com\/wp-content\/uploads\/2023\/10\/acto-publico.png","articleSection":["Ciudad\/Provincia"],"inLanguage":"es-AR"},{"@type":"WebPage","@id":"https:\/\/apuntesdesanluis.com\/index.php\/2023\/10\/24\/la-unsl-festejo-sus-50-anos-en-el-centro-universitario-de-villa-mercedes\/","url":"https:\/\/apuntesdesanluis.com\/index.php\/2023\/10\/24\/la-unsl-festejo-sus-50-anos-en-el-centro-universitario-de-villa-mercedes\/","name":"LA UNSL FESTEJ\u00d3 SUS 50 A\u00d1OS EN EL CENTRO UNIVERSITARIO DE VILLA MERCEDES - Apuntes de San Luis","isPartOf":{"@id":"https:\/\/apuntesdesanluis.com\/#website"},"primaryImageOfPage":{"@id":"https:\/\/apuntesdesanluis.com\/index.php\/2023\/10\/24\/la-unsl-festejo-sus-50-anos-en-el-centro-universitario-de-villa-mercedes\/#primaryimage"},"image":{"@id":"https:\/\/apuntesdesanluis.com\/index.php\/2023\/10\/24\/la-unsl-festejo-sus-50-anos-en-el-centro-universitario-de-villa-mercedes\/#primaryimage"},"thumbnailUrl":"https:\/\/apuntesdesanluis.com\/wp-content\/uploads\/2023\/10\/acto-publico.png","datePublished":"2023-10-24T20:45:34+00:00","dateModified":"2023-10-25T14:47:13+00:00","breadcrumb":{"@id":"https:\/\/apuntesdesanluis.com\/index.php\/2023\/10\/24\/la-unsl-festejo-sus-50-anos-en-el-centro-universitario-de-villa-mercedes\/#breadcrumb"},"inLanguage":"es-AR","potentialAction":[{"@type":"ReadAction","target":["https:\/\/apuntesdesanluis.com\/index.php\/2023\/10\/24\/la-unsl-festejo-sus-50-anos-en-el-centro-universitario-de-villa-mercedes\/"]}]},{"@type":"ImageObject","inLanguage":"es-AR","@id":"https:\/\/apuntesdesanluis.com\/index.php\/2023\/10\/24\/la-unsl-festejo-sus-50-anos-en-el-centro-universitario-de-villa-mercedes\/#primaryimage","url":"https:\/\/apuntesdesanluis.com\/wp-content\/uploads\/2023\/10\/acto-publico.png","contentUrl":"https:\/\/apuntesdesanluis.com\/wp-content\/uploads\/2023\/10\/acto-publico.png","width":600,"height":358},{"@type":"BreadcrumbList","@id":"https:\/\/apuntesdesanluis.com\/index.php\/2023\/10\/24\/la-unsl-festejo-sus-50-anos-en-el-centro-universitario-de-villa-mercedes\/#breadcrumb","itemListElement":[{"@type":"ListItem","position":1,"name":"Inicio","item":"https:\/\/apuntesdesanluis.com\/"},{"@type":"ListItem","position":2,"name":"LA UNSL FESTEJ\u00d3 SUS 50 A\u00d1OS EN EL CENTRO UNIVERSITARIO DE VILLA MERCEDES"}]},{"@type":"WebSite","@id":"https:\/\/apuntesdesanluis.com\/#website","url":"https:\/\/apuntesdesanluis.com\/","name":"Apuntes de San Luis","description":"","publisher":{"@id":"https:\/\/apuntesdesanluis.com\/#\/schema\/person\/b55151d52296fcce64d1a72538a70b90"},"potentialAction":[{"@type":"SearchAction","target":{"@type":"EntryPoint","urlTemplate":"https:\/\/apuntesdesanluis.com\/?s={search_term_string}"},"query-input":{"@type":"PropertyValueSpecification","valueRequired":true,"valueName":"search_term_string"}}],"inLanguage":"es-AR"},{"@type":["Person","Organization"],"@id":"https:\/\/apuntesdesanluis.com\/#\/schema\/person\/b55151d52296fcce64d1a72538a70b90","name":"apuntesdesanluis.com","image":{"@type":"ImageObject","inLanguage":"es-AR","@id":"https:\/\/apuntesdesanluis.com\/#\/schema\/person\/image\/","url":"https:\/\/apuntesdesanluis.com\/wp-content\/uploads\/2023\/07\/cropped-apuntesdesanluis.png","contentUrl":"https:\/\/apuntesdesanluis.com\/wp-content\/uploads\/2023\/07\/cropped-apuntesdesanluis.png","width":450,"height":112,"caption":"apuntesdesanluis.com"},"logo":{"@id":"https:\/\/apuntesdesanluis.com\/#\/schema\/person\/image\/"},"sameAs":["https:\/\/apuntesdesanluis.com"],"url":"https:\/\/apuntesdesanluis.com\/index.php\/author\/apuntesdesanluis-com\/"}]}},"featured_image_urls":{"full":["https:\/\/apuntesdesanluis.com\/wp-content\/uploads\/2023\/10\/acto-publico.png",600,358,false],"thumbnail":["https:\/\/apuntesdesanluis.com\/wp-content\/uploads\/2023\/10\/acto-publico-150x150.png",150,150,true],"medium":["https:\/\/apuntesdesanluis.com\/wp-content\/uploads\/2023\/10\/acto-publico-300x179.png",300,179,true],"medium_large":["https:\/\/apuntesdesanluis.com\/wp-content\/uploads\/2023\/10\/acto-publico.png",600,358,false],"large":["https:\/\/apuntesdesanluis.com\/wp-content\/uploads\/2023\/10\/acto-publico.png",600,358,false],"1536x1536":["https:\/\/apuntesdesanluis.com\/wp-content\/uploads\/2023\/10\/acto-publico.png",600,358,false],"2048x2048":["https:\/\/apuntesdesanluis.com\/wp-content\/uploads\/2023\/10\/acto-publico.png",600,358,false],"newsever-slider-full":["https:\/\/apuntesdesanluis.com\/wp-content\/uploads\/2023\/10\/acto-publico.png",600,358,false],"newsever-featured":["https:\/\/apuntesdesanluis.com\/wp-content\/uploads\/2023\/10\/acto-publico.png",600,358,false],"newsever-medium":["https:\/\/apuntesdesanluis.com\/wp-content\/uploads\/2023\/10\/acto-publico.png",600,358,false]},"author_info":{"display_name":"apuntesdesanluis.com","author_link":"https:\/\/apuntesdesanluis.com\/index.php\/author\/apuntesdesanluis-com\/"},"category_info":"<a href=\"https:\/\/apuntesdesanluis.com\/index.php\/category\/ciudad-provincia\/\" rel=\"category tag\">Ciudad\/Provincia<\/a>","tag_info":"Ciudad\/Provincia","comment_count":"0","_links":{"self":[{"href":"https:\/\/apuntesdesanluis.com\/index.php\/wp-json\/wp\/v2\/posts\/5788","targetHints":{"allow":["GET"]}}],"collection":[{"href":"https:\/\/apuntesdesanluis.com\/index.php\/wp-json\/wp\/v2\/posts"}],"about":[{"href":"https:\/\/apuntesdesanluis.com\/index.php\/wp-json\/wp\/v2\/types\/post"}],"author":[{"embeddable":true,"href":"https:\/\/apuntesdesanluis.com\/index.php\/wp-json\/wp\/v2\/users\/1"}],"replies":[{"embeddable":true,"href":"https:\/\/apuntesdesanluis.com\/index.php\/wp-json\/wp\/v2\/comments?post=5788"}],"version-history":[{"count":2,"href":"https:\/\/apuntesdesanluis.com\/index.php\/wp-json\/wp\/v2\/posts\/5788\/revisions"}],"predecessor-version":[{"id":5794,"href":"https:\/\/apuntesdesanluis.com\/index.php\/wp-json\/wp\/v2\/posts\/5788\/revisions\/5794"}],"wp:featuredmedia":[{"embeddable":true,"href":"https:\/\/apuntesdesanluis.com\/index.php\/wp-json\/wp\/v2\/media\/5789"}],"wp:attachment":[{"href":"https:\/\/apuntesdesanluis.com\/index.php\/wp-json\/wp\/v2\/media?parent=5788"}],"wp:term":[{"taxonomy":"category","embeddable":true,"href":"https:\/\/apuntesdesanluis.com\/index.php\/wp-json\/wp\/v2\/categories?post=5788"},{"taxonomy":"post_tag","embeddable":true,"href":"https:\/\/apuntesdesanluis.com\/index.php\/wp-json\/wp\/v2\/tags?post=5788"}],"curies":[{"name":"wp","href":"https:\/\/api.w.org\/{rel}","templated":true}]}}