{"id":5795,"date":"2023-10-25T19:07:35","date_gmt":"2023-10-25T22:07:35","guid":{"rendered":"https:\/\/apuntesdesanluis.com\/?p=5795"},"modified":"2023-10-25T19:09:01","modified_gmt":"2023-10-25T22:09:01","slug":"tras-la-muerte-de-sapo-avila-el-trebol-mercedino-deja-de-usarse-como-nombre-del-conjunto","status":"publish","type":"post","link":"https:\/\/apuntesdesanluis.com\/index.php\/2023\/10\/25\/tras-la-muerte-de-sapo-avila-el-trebol-mercedino-deja-de-usarse-como-nombre-del-conjunto\/","title":{"rendered":"TRAS LA MUERTE DE \u201cSAPO\u201d \u00c1VILA, EL TR\u00c9BOL MERCEDINO DEJA DE USARSE COMO NOMBRE DEL CONJUNTO"},"content":{"rendered":"<h3>As\u00ed lo inform\u00f3 el guitarrista y cantante <strong>Julio Coria<\/strong>, actual integrante de <span style=\"color: #000000;\"><strong>El Tr\u00e9bol Mercedino<\/strong><\/span>, hist\u00f3rico conjunto musical de Villa Mercedes (San Luis) que naciera el 25 de agosto de 1965.<\/h3>\n<h3>Sus melod\u00edas llevaron la bandera del folklore cuyano. La historia cuenta que un grupo de cantores y guitarreros se reunieron en casa de do\u00f1a Cora Barboza, la madre de uno de los creadores. La an\u00e9cdota dice que cada uno puso en un sombrero, un papel con un posible nombre del grupo, en el momento del sorteo sali\u00f3 el nombre que hab\u00eda elegido do\u00f1a Cora, y ese era \u201cEl Tr\u00e9bol Mercedino\u201d.<\/h3>\n<h3>Con el\u00a0 fallecimiento del Sapo \u00c1vila el 24 de junio, a los 87 a\u00f1os, uno de los creadores del emblem\u00e1tico grupo, algo terminaba en la historia del Tr\u00e9bol.<\/h3>\n<p><img fetchpriority=\"high\" decoding=\"async\" class=\"wp-image-5798 aligncenter\" src=\"https:\/\/apuntesdesanluis.com\/wp-content\/uploads\/2023\/10\/sapo-y-julio-300x183.jpg\" alt=\"\" width=\"678\" height=\"414\" srcset=\"https:\/\/apuntesdesanluis.com\/wp-content\/uploads\/2023\/10\/sapo-y-julio-300x183.jpg 300w, https:\/\/apuntesdesanluis.com\/wp-content\/uploads\/2023\/10\/sapo-y-julio.jpg 600w\" sizes=\"(max-width: 678px) 100vw, 678px\" \/><\/p>\n<h3>Quien conformara el grupo en dos etapas, <strong>Julio Coria<\/strong>, se reuni\u00f3 con la esposa de Transito \u00c1vila, \u201cRita Vargas, quien le dijo que cre\u00eda que con el fallecimiento del Sapo \u201cdeb\u00edamos dejar el nombre del Trebol Mercedino\u201d, reconoci\u00f3 en di\u00e1logo con el periodista <strong>Mario D\u00edaz<\/strong>, de La Pedrera Noticias.<\/h3>\n<h3>Julio aclar\u00f3 que seguir\u00e1n en los escenarios con algunos cambios junto a Cristian Romero, Cristian Guzm\u00e1n, Maximiliano Arrieta, y lo har\u00e1n bajo el nombre de \u201cMERCEDINOS\u201d. Pr\u00f3ximamente se estar\u00e1n presentando con nuevos temas y videoclip.<strong> (La Pedrera Noticias)<\/strong><\/h3>\n<div style=\"width: 420px;\" class=\"wp-video\"><!--[if lt IE 9]><script>document.createElement('video');<\/script><![endif]-->\n<video class=\"wp-video-shortcode\" id=\"video-5795-1\" width=\"420\" height=\"654\" preload=\"metadata\" controls=\"controls\"><source type=\"video\/mp4\" src=\"https:\/\/apuntesdesanluis.com\/wp-content\/uploads\/2023\/10\/Entrevista-a-Julio-Coria.mp4?_=1\" \/><a href=\"https:\/\/apuntesdesanluis.com\/wp-content\/uploads\/2023\/10\/Entrevista-a-Julio-Coria.mp4\">https:\/\/apuntesdesanluis.com\/wp-content\/uploads\/2023\/10\/Entrevista-a-Julio-Coria.mp4<\/a><\/video><\/div>\n","protected":false},"excerpt":{"rendered":"<p>As\u00ed lo inform\u00f3 el guitarrista y cantante Julio Coria, actual integrante de El Tr\u00e9bol Mercedino,&#8230;<\/p>\n","protected":false},"author":1,"featured_media":5797,"comment_status":"closed","ping_status":"closed","sticky":false,"template":"","format":"standard","meta":{"footnotes":""},"categories":[6],"tags":[],"class_list":["post-5795","post","type-post","status-publish","format-standard","has-post-thumbnail","hentry","category-ciudad-provincia"],"yoast_head":"<!-- This site is optimized with the Yoast SEO plugin v26.1.1 - https:\/\/yoast.com\/wordpress\/plugins\/seo\/ -->\n<title>TRAS LA MUERTE DE \u201cSAPO\u201d \u00c1VILA, EL TR\u00c9BOL MERCEDINO DEJA DE USARSE COMO NOMBRE DEL CONJUNTO - Apuntes de San Luis<\/title>\n<meta name=\"robots\" content=\"index, follow, max-snippet:-1, max-image-preview:large, max-video-preview:-1\" \/>\n<link rel=\"canonical\" href=\"https:\/\/apuntesdesanluis.com\/index.php\/2023\/10\/25\/tras-la-muerte-de-sapo-avila-el-trebol-mercedino-deja-de-usarse-como-nombre-del-conjunto\/\" \/>\n<meta property=\"og:locale\" content=\"es_ES\" \/>\n<meta property=\"og:type\" content=\"article\" \/>\n<meta property=\"og:title\" content=\"TRAS LA MUERTE DE \u201cSAPO\u201d \u00c1VILA, EL TR\u00c9BOL MERCEDINO DEJA DE USARSE COMO NOMBRE DEL CONJUNTO - Apuntes de San Luis\" \/>\n<meta property=\"og:description\" content=\"As\u00ed lo inform\u00f3 el guitarrista y cantante Julio Coria, actual integrante de El Tr\u00e9bol Mercedino,...\" \/>\n<meta property=\"og:url\" content=\"https:\/\/apuntesdesanluis.com\/index.php\/2023\/10\/25\/tras-la-muerte-de-sapo-avila-el-trebol-mercedino-deja-de-usarse-como-nombre-del-conjunto\/\" \/>\n<meta property=\"og:site_name\" content=\"Apuntes de San Luis\" \/>\n<meta property=\"article:published_time\" content=\"2023-10-25T22:07:35+00:00\" \/>\n<meta property=\"article:modified_time\" content=\"2023-10-25T22:09:01+00:00\" \/>\n<meta property=\"og:image\" content=\"https:\/\/apuntesdesanluis.com\/wp-content\/uploads\/2023\/10\/el-trebol.png\" \/>\n\t<meta property=\"og:image:width\" content=\"436\" \/>\n\t<meta property=\"og:image:height\" content=\"259\" \/>\n\t<meta property=\"og:image:type\" content=\"image\/png\" \/>\n<meta name=\"author\" content=\"apuntesdesanluis.com\" \/>\n<meta name=\"twitter:card\" content=\"summary_large_image\" \/>\n<meta name=\"twitter:label1\" content=\"Escrito por\" \/>\n\t<meta name=\"twitter:data1\" content=\"apuntesdesanluis.com\" \/>\n\t<meta name=\"twitter:label2\" content=\"Tiempo de lectura\" \/>\n\t<meta name=\"twitter:data2\" content=\"2 minutos\" \/>\n<script type=\"application\/ld+json\" class=\"yoast-schema-graph\">{\"@context\":\"https:\/\/schema.org\",\"@graph\":[{\"@type\":\"Article\",\"@id\":\"https:\/\/apuntesdesanluis.com\/index.php\/2023\/10\/25\/tras-la-muerte-de-sapo-avila-el-trebol-mercedino-deja-de-usarse-como-nombre-del-conjunto\/#article\",\"isPartOf\":{\"@id\":\"https:\/\/apuntesdesanluis.com\/index.php\/2023\/10\/25\/tras-la-muerte-de-sapo-avila-el-trebol-mercedino-deja-de-usarse-como-nombre-del-conjunto\/\"},\"author\":{\"name\":\"apuntesdesanluis.com\",\"@id\":\"https:\/\/apuntesdesanluis.com\/#\/schema\/person\/b55151d52296fcce64d1a72538a70b90\"},\"headline\":\"TRAS LA MUERTE DE \u201cSAPO\u201d \u00c1VILA, EL TR\u00c9BOL MERCEDINO DEJA DE USARSE COMO NOMBRE DEL CONJUNTO\",\"datePublished\":\"2023-10-25T22:07:35+00:00\",\"dateModified\":\"2023-10-25T22:09:01+00:00\",\"mainEntityOfPage\":{\"@id\":\"https:\/\/apuntesdesanluis.com\/index.php\/2023\/10\/25\/tras-la-muerte-de-sapo-avila-el-trebol-mercedino-deja-de-usarse-como-nombre-del-conjunto\/\"},\"wordCount\":261,\"publisher\":{\"@id\":\"https:\/\/apuntesdesanluis.com\/#\/schema\/person\/b55151d52296fcce64d1a72538a70b90\"},\"image\":{\"@id\":\"https:\/\/apuntesdesanluis.com\/index.php\/2023\/10\/25\/tras-la-muerte-de-sapo-avila-el-trebol-mercedino-deja-de-usarse-como-nombre-del-conjunto\/#primaryimage\"},\"thumbnailUrl\":\"https:\/\/apuntesdesanluis.com\/wp-content\/uploads\/2023\/10\/el-trebol.png\",\"articleSection\":[\"Ciudad\/Provincia\"],\"inLanguage\":\"es-AR\"},{\"@type\":\"WebPage\",\"@id\":\"https:\/\/apuntesdesanluis.com\/index.php\/2023\/10\/25\/tras-la-muerte-de-sapo-avila-el-trebol-mercedino-deja-de-usarse-como-nombre-del-conjunto\/\",\"url\":\"https:\/\/apuntesdesanluis.com\/index.php\/2023\/10\/25\/tras-la-muerte-de-sapo-avila-el-trebol-mercedino-deja-de-usarse-como-nombre-del-conjunto\/\",\"name\":\"TRAS LA MUERTE DE \u201cSAPO\u201d \u00c1VILA, EL TR\u00c9BOL MERCEDINO DEJA DE USARSE COMO NOMBRE DEL CONJUNTO - Apuntes de San Luis\",\"isPartOf\":{\"@id\":\"https:\/\/apuntesdesanluis.com\/#website\"},\"primaryImageOfPage\":{\"@id\":\"https:\/\/apuntesdesanluis.com\/index.php\/2023\/10\/25\/tras-la-muerte-de-sapo-avila-el-trebol-mercedino-deja-de-usarse-como-nombre-del-conjunto\/#primaryimage\"},\"image\":{\"@id\":\"https:\/\/apuntesdesanluis.com\/index.php\/2023\/10\/25\/tras-la-muerte-de-sapo-avila-el-trebol-mercedino-deja-de-usarse-como-nombre-del-conjunto\/#primaryimage\"},\"thumbnailUrl\":\"https:\/\/apuntesdesanluis.com\/wp-content\/uploads\/2023\/10\/el-trebol.png\",\"datePublished\":\"2023-10-25T22:07:35+00:00\",\"dateModified\":\"2023-10-25T22:09:01+00:00\",\"breadcrumb\":{\"@id\":\"https:\/\/apuntesdesanluis.com\/index.php\/2023\/10\/25\/tras-la-muerte-de-sapo-avila-el-trebol-mercedino-deja-de-usarse-como-nombre-del-conjunto\/#breadcrumb\"},\"inLanguage\":\"es-AR\",\"potentialAction\":[{\"@type\":\"ReadAction\",\"target\":[\"https:\/\/apuntesdesanluis.com\/index.php\/2023\/10\/25\/tras-la-muerte-de-sapo-avila-el-trebol-mercedino-deja-de-usarse-como-nombre-del-conjunto\/\"]}]},{\"@type\":\"ImageObject\",\"inLanguage\":\"es-AR\",\"@id\":\"https:\/\/apuntesdesanluis.com\/index.php\/2023\/10\/25\/tras-la-muerte-de-sapo-avila-el-trebol-mercedino-deja-de-usarse-como-nombre-del-conjunto\/#primaryimage\",\"url\":\"https:\/\/apuntesdesanluis.com\/wp-content\/uploads\/2023\/10\/el-trebol.png\",\"contentUrl\":\"https:\/\/apuntesdesanluis.com\/wp-content\/uploads\/2023\/10\/el-trebol.png\",\"width\":436,\"height\":259},{\"@type\":\"BreadcrumbList\",\"@id\":\"https:\/\/apuntesdesanluis.com\/index.php\/2023\/10\/25\/tras-la-muerte-de-sapo-avila-el-trebol-mercedino-deja-de-usarse-como-nombre-del-conjunto\/#breadcrumb\",\"itemListElement\":[{\"@type\":\"ListItem\",\"position\":1,\"name\":\"Inicio\",\"item\":\"https:\/\/apuntesdesanluis.com\/\"},{\"@type\":\"ListItem\",\"position\":2,\"name\":\"TRAS LA MUERTE DE \u201cSAPO\u201d \u00c1VILA, EL TR\u00c9BOL MERCEDINO DEJA DE USARSE COMO NOMBRE DEL CONJUNTO\"}]},{\"@type\":\"WebSite\",\"@id\":\"https:\/\/apuntesdesanluis.com\/#website\",\"url\":\"https:\/\/apuntesdesanluis.com\/\",\"name\":\"Apuntes de San Luis\",\"description\":\"\",\"publisher\":{\"@id\":\"https:\/\/apuntesdesanluis.com\/#\/schema\/person\/b55151d52296fcce64d1a72538a70b90\"},\"potentialAction\":[{\"@type\":\"SearchAction\",\"target\":{\"@type\":\"EntryPoint\",\"urlTemplate\":\"https:\/\/apuntesdesanluis.com\/?s={search_term_string}\"},\"query-input\":{\"@type\":\"PropertyValueSpecification\",\"valueRequired\":true,\"valueName\":\"search_term_string\"}}],\"inLanguage\":\"es-AR\"},{\"@type\":[\"Person\",\"Organization\"],\"@id\":\"https:\/\/apuntesdesanluis.com\/#\/schema\/person\/b55151d52296fcce64d1a72538a70b90\",\"name\":\"apuntesdesanluis.com\",\"image\":{\"@type\":\"ImageObject\",\"inLanguage\":\"es-AR\",\"@id\":\"https:\/\/apuntesdesanluis.com\/#\/schema\/person\/image\/\",\"url\":\"https:\/\/apuntesdesanluis.com\/wp-content\/uploads\/2023\/07\/cropped-apuntesdesanluis.png\",\"contentUrl\":\"https:\/\/apuntesdesanluis.com\/wp-content\/uploads\/2023\/07\/cropped-apuntesdesanluis.png\",\"width\":450,\"height\":112,\"caption\":\"apuntesdesanluis.com\"},\"logo\":{\"@id\":\"https:\/\/apuntesdesanluis.com\/#\/schema\/person\/image\/\"},\"sameAs\":[\"https:\/\/apuntesdesanluis.com\"],\"url\":\"https:\/\/apuntesdesanluis.com\/index.php\/author\/apuntesdesanluis-com\/\"}]}<\/script>\n<!-- \/ Yoast SEO plugin. -->","yoast_head_json":{"title":"TRAS LA MUERTE DE \u201cSAPO\u201d \u00c1VILA, EL TR\u00c9BOL MERCEDINO DEJA DE USARSE COMO NOMBRE DEL CONJUNTO - Apuntes de San Luis","robots":{"index":"index","follow":"follow","max-snippet":"max-snippet:-1","max-image-preview":"max-image-preview:large","max-video-preview":"max-video-preview:-1"},"canonical":"https:\/\/apuntesdesanluis.com\/index.php\/2023\/10\/25\/tras-la-muerte-de-sapo-avila-el-trebol-mercedino-deja-de-usarse-como-nombre-del-conjunto\/","og_locale":"es_ES","og_type":"article","og_title":"TRAS LA MUERTE DE \u201cSAPO\u201d \u00c1VILA, EL TR\u00c9BOL MERCEDINO DEJA DE USARSE COMO NOMBRE DEL CONJUNTO - Apuntes de San Luis","og_description":"As\u00ed lo inform\u00f3 el guitarrista y cantante Julio Coria, actual integrante de El Tr\u00e9bol Mercedino,...","og_url":"https:\/\/apuntesdesanluis.com\/index.php\/2023\/10\/25\/tras-la-muerte-de-sapo-avila-el-trebol-mercedino-deja-de-usarse-como-nombre-del-conjunto\/","og_site_name":"Apuntes de San Luis","article_published_time":"2023-10-25T22:07:35+00:00","article_modified_time":"2023-10-25T22:09:01+00:00","og_image":[{"width":436,"height":259,"url":"https:\/\/apuntesdesanluis.com\/wp-content\/uploads\/2023\/10\/el-trebol.png","type":"image\/png"}],"author":"apuntesdesanluis.com","twitter_card":"summary_large_image","twitter_misc":{"Escrito por":"apuntesdesanluis.com","Tiempo de lectura":"2 minutos"},"schema":{"@context":"https:\/\/schema.org","@graph":[{"@type":"Article","@id":"https:\/\/apuntesdesanluis.com\/index.php\/2023\/10\/25\/tras-la-muerte-de-sapo-avila-el-trebol-mercedino-deja-de-usarse-como-nombre-del-conjunto\/#article","isPartOf":{"@id":"https:\/\/apuntesdesanluis.com\/index.php\/2023\/10\/25\/tras-la-muerte-de-sapo-avila-el-trebol-mercedino-deja-de-usarse-como-nombre-del-conjunto\/"},"author":{"name":"apuntesdesanluis.com","@id":"https:\/\/apuntesdesanluis.com\/#\/schema\/person\/b55151d52296fcce64d1a72538a70b90"},"headline":"TRAS LA MUERTE DE \u201cSAPO\u201d \u00c1VILA, EL TR\u00c9BOL MERCEDINO DEJA DE USARSE COMO NOMBRE DEL CONJUNTO","datePublished":"2023-10-25T22:07:35+00:00","dateModified":"2023-10-25T22:09:01+00:00","mainEntityOfPage":{"@id":"https:\/\/apuntesdesanluis.com\/index.php\/2023\/10\/25\/tras-la-muerte-de-sapo-avila-el-trebol-mercedino-deja-de-usarse-como-nombre-del-conjunto\/"},"wordCount":261,"publisher":{"@id":"https:\/\/apuntesdesanluis.com\/#\/schema\/person\/b55151d52296fcce64d1a72538a70b90"},"image":{"@id":"https:\/\/apuntesdesanluis.com\/index.php\/2023\/10\/25\/tras-la-muerte-de-sapo-avila-el-trebol-mercedino-deja-de-usarse-como-nombre-del-conjunto\/#primaryimage"},"thumbnailUrl":"https:\/\/apuntesdesanluis.com\/wp-content\/uploads\/2023\/10\/el-trebol.png","articleSection":["Ciudad\/Provincia"],"inLanguage":"es-AR"},{"@type":"WebPage","@id":"https:\/\/apuntesdesanluis.com\/index.php\/2023\/10\/25\/tras-la-muerte-de-sapo-avila-el-trebol-mercedino-deja-de-usarse-como-nombre-del-conjunto\/","url":"https:\/\/apuntesdesanluis.com\/index.php\/2023\/10\/25\/tras-la-muerte-de-sapo-avila-el-trebol-mercedino-deja-de-usarse-como-nombre-del-conjunto\/","name":"TRAS LA MUERTE DE \u201cSAPO\u201d \u00c1VILA, EL TR\u00c9BOL MERCEDINO DEJA DE USARSE COMO NOMBRE DEL CONJUNTO - Apuntes de San Luis","isPartOf":{"@id":"https:\/\/apuntesdesanluis.com\/#website"},"primaryImageOfPage":{"@id":"https:\/\/apuntesdesanluis.com\/index.php\/2023\/10\/25\/tras-la-muerte-de-sapo-avila-el-trebol-mercedino-deja-de-usarse-como-nombre-del-conjunto\/#primaryimage"},"image":{"@id":"https:\/\/apuntesdesanluis.com\/index.php\/2023\/10\/25\/tras-la-muerte-de-sapo-avila-el-trebol-mercedino-deja-de-usarse-como-nombre-del-conjunto\/#primaryimage"},"thumbnailUrl":"https:\/\/apuntesdesanluis.com\/wp-content\/uploads\/2023\/10\/el-trebol.png","datePublished":"2023-10-25T22:07:35+00:00","dateModified":"2023-10-25T22:09:01+00:00","breadcrumb":{"@id":"https:\/\/apuntesdesanluis.com\/index.php\/2023\/10\/25\/tras-la-muerte-de-sapo-avila-el-trebol-mercedino-deja-de-usarse-como-nombre-del-conjunto\/#breadcrumb"},"inLanguage":"es-AR","potentialAction":[{"@type":"ReadAction","target":["https:\/\/apuntesdesanluis.com\/index.php\/2023\/10\/25\/tras-la-muerte-de-sapo-avila-el-trebol-mercedino-deja-de-usarse-como-nombre-del-conjunto\/"]}]},{"@type":"ImageObject","inLanguage":"es-AR","@id":"https:\/\/apuntesdesanluis.com\/index.php\/2023\/10\/25\/tras-la-muerte-de-sapo-avila-el-trebol-mercedino-deja-de-usarse-como-nombre-del-conjunto\/#primaryimage","url":"https:\/\/apuntesdesanluis.com\/wp-content\/uploads\/2023\/10\/el-trebol.png","contentUrl":"https:\/\/apuntesdesanluis.com\/wp-content\/uploads\/2023\/10\/el-trebol.png","width":436,"height":259},{"@type":"BreadcrumbList","@id":"https:\/\/apuntesdesanluis.com\/index.php\/2023\/10\/25\/tras-la-muerte-de-sapo-avila-el-trebol-mercedino-deja-de-usarse-como-nombre-del-conjunto\/#breadcrumb","itemListElement":[{"@type":"ListItem","position":1,"name":"Inicio","item":"https:\/\/apuntesdesanluis.com\/"},{"@type":"ListItem","position":2,"name":"TRAS LA MUERTE DE \u201cSAPO\u201d \u00c1VILA, EL TR\u00c9BOL MERCEDINO DEJA DE USARSE COMO NOMBRE DEL CONJUNTO"}]},{"@type":"WebSite","@id":"https:\/\/apuntesdesanluis.com\/#website","url":"https:\/\/apuntesdesanluis.com\/","name":"Apuntes de San Luis","description":"","publisher":{"@id":"https:\/\/apuntesdesanluis.com\/#\/schema\/person\/b55151d52296fcce64d1a72538a70b90"},"potentialAction":[{"@type":"SearchAction","target":{"@type":"EntryPoint","urlTemplate":"https:\/\/apuntesdesanluis.com\/?s={search_term_string}"},"query-input":{"@type":"PropertyValueSpecification","valueRequired":true,"valueName":"search_term_string"}}],"inLanguage":"es-AR"},{"@type":["Person","Organization"],"@id":"https:\/\/apuntesdesanluis.com\/#\/schema\/person\/b55151d52296fcce64d1a72538a70b90","name":"apuntesdesanluis.com","image":{"@type":"ImageObject","inLanguage":"es-AR","@id":"https:\/\/apuntesdesanluis.com\/#\/schema\/person\/image\/","url":"https:\/\/apuntesdesanluis.com\/wp-content\/uploads\/2023\/07\/cropped-apuntesdesanluis.png","contentUrl":"https:\/\/apuntesdesanluis.com\/wp-content\/uploads\/2023\/07\/cropped-apuntesdesanluis.png","width":450,"height":112,"caption":"apuntesdesanluis.com"},"logo":{"@id":"https:\/\/apuntesdesanluis.com\/#\/schema\/person\/image\/"},"sameAs":["https:\/\/apuntesdesanluis.com"],"url":"https:\/\/apuntesdesanluis.com\/index.php\/author\/apuntesdesanluis-com\/"}]}},"featured_image_urls":{"full":["https:\/\/apuntesdesanluis.com\/wp-content\/uploads\/2023\/10\/el-trebol.png",436,259,false],"thumbnail":["https:\/\/apuntesdesanluis.com\/wp-content\/uploads\/2023\/10\/el-trebol-150x150.png",150,150,true],"medium":["https:\/\/apuntesdesanluis.com\/wp-content\/uploads\/2023\/10\/el-trebol-300x178.png",300,178,true],"medium_large":["https:\/\/apuntesdesanluis.com\/wp-content\/uploads\/2023\/10\/el-trebol.png",436,259,false],"large":["https:\/\/apuntesdesanluis.com\/wp-content\/uploads\/2023\/10\/el-trebol.png",436,259,false],"1536x1536":["https:\/\/apuntesdesanluis.com\/wp-content\/uploads\/2023\/10\/el-trebol.png",436,259,false],"2048x2048":["https:\/\/apuntesdesanluis.com\/wp-content\/uploads\/2023\/10\/el-trebol.png",436,259,false],"newsever-slider-full":["https:\/\/apuntesdesanluis.com\/wp-content\/uploads\/2023\/10\/el-trebol.png",436,259,false],"newsever-featured":["https:\/\/apuntesdesanluis.com\/wp-content\/uploads\/2023\/10\/el-trebol.png",436,259,false],"newsever-medium":["https:\/\/apuntesdesanluis.com\/wp-content\/uploads\/2023\/10\/el-trebol.png",436,259,false]},"author_info":{"display_name":"apuntesdesanluis.com","author_link":"https:\/\/apuntesdesanluis.com\/index.php\/author\/apuntesdesanluis-com\/"},"category_info":"<a href=\"https:\/\/apuntesdesanluis.com\/index.php\/category\/ciudad-provincia\/\" rel=\"category tag\">Ciudad\/Provincia<\/a>","tag_info":"Ciudad\/Provincia","comment_count":"0","_links":{"self":[{"href":"https:\/\/apuntesdesanluis.com\/index.php\/wp-json\/wp\/v2\/posts\/5795","targetHints":{"allow":["GET"]}}],"collection":[{"href":"https:\/\/apuntesdesanluis.com\/index.php\/wp-json\/wp\/v2\/posts"}],"about":[{"href":"https:\/\/apuntesdesanluis.com\/index.php\/wp-json\/wp\/v2\/types\/post"}],"author":[{"embeddable":true,"href":"https:\/\/apuntesdesanluis.com\/index.php\/wp-json\/wp\/v2\/users\/1"}],"replies":[{"embeddable":true,"href":"https:\/\/apuntesdesanluis.com\/index.php\/wp-json\/wp\/v2\/comments?post=5795"}],"version-history":[{"count":3,"href":"https:\/\/apuntesdesanluis.com\/index.php\/wp-json\/wp\/v2\/posts\/5795\/revisions"}],"predecessor-version":[{"id":5801,"href":"https:\/\/apuntesdesanluis.com\/index.php\/wp-json\/wp\/v2\/posts\/5795\/revisions\/5801"}],"wp:featuredmedia":[{"embeddable":true,"href":"https:\/\/apuntesdesanluis.com\/index.php\/wp-json\/wp\/v2\/media\/5797"}],"wp:attachment":[{"href":"https:\/\/apuntesdesanluis.com\/index.php\/wp-json\/wp\/v2\/media?parent=5795"}],"wp:term":[{"taxonomy":"category","embeddable":true,"href":"https:\/\/apuntesdesanluis.com\/index.php\/wp-json\/wp\/v2\/categories?post=5795"},{"taxonomy":"post_tag","embeddable":true,"href":"https:\/\/apuntesdesanluis.com\/index.php\/wp-json\/wp\/v2\/tags?post=5795"}],"curies":[{"name":"wp","href":"https:\/\/api.w.org\/{rel}","templated":true}]}}