{"id":58,"date":"2023-07-15T20:51:37","date_gmt":"2023-07-15T23:51:37","guid":{"rendered":"https:\/\/apuntesdesanluis.com\/?p=58"},"modified":"2023-07-17T00:43:54","modified_gmt":"2023-07-17T03:43:54","slug":"bartolo-abdala-las-denuncias-de-venta-de-candidaturas-no-son-mas-que-una-operacion","status":"publish","type":"post","link":"https:\/\/apuntesdesanluis.com\/index.php\/2023\/07\/15\/bartolo-abdala-las-denuncias-de-venta-de-candidaturas-no-son-mas-que-una-operacion\/","title":{"rendered":"BARTOLO ABDALA: \u201cLAS DENUNCIAS DE VENTA DE CANDIDATURAS NO SON M\u00c1S QUE UNA OPERACI\u00d3N\u201d"},"content":{"rendered":"<h3>As\u00ed lo afirm\u00f3 el precandidato a senador nacional por el partido La Libertad Avanza, <strong>Bartolo Abdala<\/strong>, quien agreg\u00f3 que es una difamaci\u00f3n que ni siquiera fue denunciada ante la justicia.<\/h3>\n<h3>El dirigente dialog\u00f3 en exclusiva con <strong>Apuntes de San Luis<\/strong> y no solo respondi\u00f3 en torno de estas denuncias que salpican al candidato a presidente <strong>Javier Milei<\/strong>, sino que tambi\u00e9n explic\u00f3 c\u00f3mo accedi\u00f3 a encabezar la lista y cu\u00e1les son sus principales propuestas para las primarias del 13 de agosto.<\/h3>\n<h3><strong>&#8211; \u00bfQu\u00e9 opina de las denuncias contra Javier Milei, por la supuesta venta de candidaturas en su espacio?<\/strong><\/h3>\n<h3>Evidentemente resultan una \u201coperaci\u00f3n\u201d. Hay miles de candidaturas en todo el pa\u00eds y por las declaraciones de un par de personajes que casualmente no fueron incluidos en las listas inferir que met\u00f3dicamente se incurr\u00eda en una pr\u00e1ctica como la difamatoriamente \u201cafirmada\u201d pero no \u201cdenunciada\u201d para ser precisos dado que nadie ha procedido en la realidad a concretar una presentaci\u00f3n judicial formal dado que no la podr\u00edan demostrar y se ver\u00edan en problemas al comprobarse su vac\u00edo de contenido probatorio, me parece un disparate.<\/h3>\n<h3>Curiosamente a un fiscal, habiendo tantas situaciones que ameritan ser investigadas en cuanto a los manejos de los fondos p\u00fablicos, se le da por indagar acerca de unos dimes y diretes de conventillo pol\u00edtico partidario, es poco serio tal accionar del que espero tambi\u00e9n se d\u00e9 explicaciones a la ciudadan\u00eda. Javier sostiene que resulta una intromisi\u00f3n inadmisible presumiblemente mal intencionada, siendo suaves, y todos debi\u00e9ramos estar atentos a estos manejos de la casta pol\u00edtica, empresarial prebendaria y medi\u00e1tica ensobrada que oscurece el presente y el futuro de los argentinos honestos y trabajadores.<\/h3>\n<h3>Puntualizado entonces que no existen denuncias en el formal sentido de la palabra resta aclarar para los que menos informados se encuentran que es todo un humo magnificado en base a un \u201cme dijo que le dijeron\u201d, lo que nos lleva a preguntarnos: \u00bfQui\u00e9n no ha sido v\u00edctima de alguna acusaci\u00f3n falsa e injusta alguna vez en su vida p\u00fablica o privada? \u00bfQui\u00e9n no se ha sentido impotente ante la difamaci\u00f3n, ante lo f\u00e1cil que resulta ensuciar a una persona? Espero se act\u00fae ejemplificadoramente para que estos manejos no puedan resultar m\u00e1s gratuitos a quienes profesan acciones tendientes hacia la deshonra ajena.<\/h3>\n<h3>Hay una frase popular falsamente atribuida a Miguel de Cervantes en su c\u00e9lebre \u201cDon Quijote\u201d que es \u201cLadran Sancho\u2026se\u00f1al que cabalgamos\u201d. A pesar de ello la misma resulta de justa aplicaci\u00f3n a esta situaci\u00f3n, o mejor a\u00fan aplicada en el lenguaje de nuestro espacio pol\u00edtico\u2026\u201dla casta tiene miedo\u201d, y se nota cada vez m\u00e1s.<\/h3>\n<h3><strong>&#8211; En su caso, \u00bfc\u00f3mo accedi\u00f3 a la candidatura a senador nacional, siendo que proviene del Pro y no tiene relaci\u00f3n con otros espacios como el Partido Dem\u00f3crata, que le presta su estructura a Milei, o la concejal libertaria Dalma Guinda?<\/strong><\/h3>\n<h3>Esto amerita una serie de aclaraciones b\u00e1sicas, porque la pregunta se enmarca en una serie de presupuestos err\u00f3neos.<\/h3>\n<h3>Primero, no provengo en la actualidad del PRO, fui el fundador de ese partido en San Luis hace m\u00e1s de una d\u00e9cada, y hace otros tantos a\u00f1os que abandon\u00e9 su militancia por no sentirme conforme con una serie de situaciones que se dieron en el mismo. Por aquel entonces el liberalismo no hab\u00eda a\u00fan logrado consolidarse como una alternativa partidaria v\u00e1lida, y me enorgullece, el haber podido contribuir a la conformaci\u00f3n del Partido Libertario en San Luis, el cual ya cuenta con personer\u00eda jur\u00eddico-pol\u00edtica provisoria lograda con el esfuerzo del conjunto de la militancia a lo largo y a lo ancho de toda la provincia. Ese objetivo me propuso Javier cuando nos conocimos y con todo \u00e9xito lo hemos logrado.<\/h3>\n<h3>En segundo lugar, yo represento por lo antes manifestado al Partido libertario y no al partido Dem\u00f3crata, \u00e9ste \u00faltimo integra en el Orden Nacional la Alianza La Libertad Avanza pero no as\u00ed en el orden provincial, dado que su dirigencia opt\u00f3 por presentarse directamente solo como partido con las candidaturas distritales respectivas (tal como consta en la Secretar\u00eda Electoral Provincial en fecha 8 de junio 2023). Fueron invitados a integrar la Alianza La Libertad Avanza Distrito San Luis presentada posteriormente 14 de junio pero se negaron contradiciendo las indicaciones del liderazgo nacional de conformar la Alianza para la elecci\u00f3n a tono con la nacional, motivo por el cual no le fue concedida la adhesi\u00f3n de la boleta con el precandidato oficial que es Javier Milei, que pretendieron a pesar de deso\u00edr sus indicaciones. Esto, de paso sea dicho, explica que sea la Alianza La Libertad Avanza Distrito San Luis la que representar\u00e1 de modo oficial al espacio en todas la mesas de sufragio en San Luis.<\/h3>\n<h3>La mencionada Alianza se conform\u00f3 entre el Partido Libertario, al que represento, el partido Movimiento de Acci\u00f3n Vecinal y el Partido Tercera Posici\u00f3n, de lo que resulta que yo sea no el candidato de un partido sino el candidato de un Frente o Alianza electoral (no integrada por el Partido Dem\u00f3crata en San Luis el que se encuentra p\u00fablicamente alineado al \u201clarretismo poggista\u201d) que como aclar\u00e9 es resultado directo de lo propuesto y acordado con Javier ya hace varios meses atr\u00e1s y que fue por aquel entonces de p\u00fablico conocimiento.<\/h3>\n<h3>Igualmente, y resulta v\u00e1lido aclarar adem\u00e1s, que un sector de ese partido (PD) s\u00ed se mostr\u00f3 dispuesto al di\u00e1logo en contra de la actitud facciosa y ego\u00edsta de la dirigencia dem\u00f3crata provincial que se neg\u00f3 a brindar su apoyo a la candidatura presidencial de Javier Milei, a tal punto que una representante de esa l\u00ednea interna accedi\u00f3 a integrar la lista como precandidata a Senadora Nacional en segundo t\u00e9rmino (tras haber sido candidata al Tribunal contralor en Villa Mercedes en junio pasado por la lista Demoliberal) reafirmando la voluntad de los mismos de honrar el compromiso asumido por la dirigencia dem\u00f3crata nacional y deshonrado por su actual c\u00fapula provincial.<\/h3>\n<h3><strong>&#8211; \u00bfCu\u00e1les son sus principales propuestas para estas PASO?<\/strong><\/h3>\n<h3>La principal propuesta, es trabajar y defender los intereses de San Luis y de la Argentina, no adhiero al falso dilema que enfrenta a veces a ambos estamentos, lo que es bueno para uno debe ser bueno para el otro o debemos lograr que lo sea. Todos habitamos suelo argentino, y en nuestro caso adem\u00e1s\u2026 sanluise\u00f1o, lo que en nada niega lo anterior.<\/h3>\n<h3>Sin dudas, la agenda de los ciudadanos hoy por pasa por la econom\u00eda y la inseguridad, y atento a ello La Libertad Avanza es la \u00fanica que ha presentado dos candidatos con demostrable expertise en ambas materias, Javier Milei y Victoria Villaruel respectivamente. Los argentinos ya se han percatado de que a estos respectos \u201cuna Argentina distinta es imposible con los mismos de siempre\u201d y que ello nos lleva a que seamos los \u00fanicos que en verdad enfrentamos a la casta pol\u00edtica tradicionalmente \u201cinflacionaria\u201d y \u201cfilodelicuente\u201d que no solo nos empobrece sino que adem\u00e1s nos hace sentir cada vez m\u00e1s inseguros. Somos<\/h3>\n<h3>\u201cla \u00fanica soluci\u00f3n\u201d y con el voto y posterior apoyo (una vez en el gobierno) de los argentinos de bien, lograremos impulsar desde el Congreso el paquete de medidas necesarias para salir de este estado de frustraci\u00f3n que nos entristece a todos. Por ello resulta fundamental la participaci\u00f3n en el proceso electoral de todos para dotar de la legitimidad necesaria a nuestro pr\u00f3ximo gobierno que tendr\u00e1 que enfrentar la tarea no menor de devolver la felicidad al pueblo argentino recuperando su futuro al poner de nuevo de pie a nuestro pa\u00eds.<\/h3>\n","protected":false},"excerpt":{"rendered":"<p>As\u00ed lo afirm\u00f3 el precandidato a senador nacional por el partido La Libertad Avanza, Bartolo&#8230;<\/p>\n","protected":false},"author":1,"featured_media":59,"comment_status":"closed","ping_status":"open","sticky":false,"template":"","format":"standard","meta":{"footnotes":""},"categories":[6],"tags":[],"class_list":["post-58","post","type-post","status-publish","format-standard","has-post-thumbnail","hentry","category-ciudad-provincia"],"yoast_head":"<!-- This site is optimized with the Yoast SEO plugin v26.1.1 - https:\/\/yoast.com\/wordpress\/plugins\/seo\/ -->\n<title>BARTOLO ABDALA: \u201cLAS DENUNCIAS DE VENTA DE CANDIDATURAS NO SON M\u00c1S QUE UNA OPERACI\u00d3N\u201d - Apuntes de San Luis<\/title>\n<meta name=\"robots\" content=\"index, follow, max-snippet:-1, max-image-preview:large, max-video-preview:-1\" \/>\n<link rel=\"canonical\" href=\"https:\/\/apuntesdesanluis.com\/index.php\/2023\/07\/15\/bartolo-abdala-las-denuncias-de-venta-de-candidaturas-no-son-mas-que-una-operacion\/\" \/>\n<meta property=\"og:locale\" content=\"es_ES\" \/>\n<meta property=\"og:type\" content=\"article\" \/>\n<meta property=\"og:title\" content=\"BARTOLO ABDALA: \u201cLAS DENUNCIAS DE VENTA DE CANDIDATURAS NO SON M\u00c1S QUE UNA OPERACI\u00d3N\u201d - Apuntes de San Luis\" \/>\n<meta property=\"og:description\" content=\"As\u00ed lo afirm\u00f3 el precandidato a senador nacional por el partido La Libertad Avanza, Bartolo...\" \/>\n<meta property=\"og:url\" content=\"https:\/\/apuntesdesanluis.com\/index.php\/2023\/07\/15\/bartolo-abdala-las-denuncias-de-venta-de-candidaturas-no-son-mas-que-una-operacion\/\" \/>\n<meta property=\"og:site_name\" content=\"Apuntes de San Luis\" \/>\n<meta property=\"article:published_time\" content=\"2023-07-15T23:51:37+00:00\" \/>\n<meta property=\"article:modified_time\" content=\"2023-07-17T03:43:54+00:00\" \/>\n<meta property=\"og:image\" content=\"https:\/\/apuntesdesanluis.com\/wp-content\/uploads\/2023\/07\/BARTOLO-VOTO-2023-IMG_8973.jpg\" \/>\n\t<meta property=\"og:image:width\" content=\"668\" \/>\n\t<meta property=\"og:image:height\" content=\"399\" \/>\n\t<meta property=\"og:image:type\" content=\"image\/jpeg\" \/>\n<meta name=\"author\" content=\"apuntesdesanluis.com\" \/>\n<meta name=\"twitter:card\" content=\"summary_large_image\" \/>\n<meta name=\"twitter:label1\" content=\"Escrito por\" \/>\n\t<meta name=\"twitter:data1\" content=\"apuntesdesanluis.com\" \/>\n\t<meta name=\"twitter:label2\" content=\"Tiempo de lectura\" \/>\n\t<meta name=\"twitter:data2\" content=\"7 minutos\" \/>\n<script type=\"application\/ld+json\" class=\"yoast-schema-graph\">{\"@context\":\"https:\/\/schema.org\",\"@graph\":[{\"@type\":\"Article\",\"@id\":\"https:\/\/apuntesdesanluis.com\/index.php\/2023\/07\/15\/bartolo-abdala-las-denuncias-de-venta-de-candidaturas-no-son-mas-que-una-operacion\/#article\",\"isPartOf\":{\"@id\":\"https:\/\/apuntesdesanluis.com\/index.php\/2023\/07\/15\/bartolo-abdala-las-denuncias-de-venta-de-candidaturas-no-son-mas-que-una-operacion\/\"},\"author\":{\"name\":\"apuntesdesanluis.com\",\"@id\":\"https:\/\/apuntesdesanluis.com\/#\/schema\/person\/b55151d52296fcce64d1a72538a70b90\"},\"headline\":\"BARTOLO ABDALA: \u201cLAS DENUNCIAS DE VENTA DE CANDIDATURAS NO SON M\u00c1S QUE UNA OPERACI\u00d3N\u201d\",\"datePublished\":\"2023-07-15T23:51:37+00:00\",\"dateModified\":\"2023-07-17T03:43:54+00:00\",\"mainEntityOfPage\":{\"@id\":\"https:\/\/apuntesdesanluis.com\/index.php\/2023\/07\/15\/bartolo-abdala-las-denuncias-de-venta-de-candidaturas-no-son-mas-que-una-operacion\/\"},\"wordCount\":1336,\"publisher\":{\"@id\":\"https:\/\/apuntesdesanluis.com\/#\/schema\/person\/b55151d52296fcce64d1a72538a70b90\"},\"image\":{\"@id\":\"https:\/\/apuntesdesanluis.com\/index.php\/2023\/07\/15\/bartolo-abdala-las-denuncias-de-venta-de-candidaturas-no-son-mas-que-una-operacion\/#primaryimage\"},\"thumbnailUrl\":\"https:\/\/apuntesdesanluis.com\/wp-content\/uploads\/2023\/07\/BARTOLO-VOTO-2023-IMG_8973.jpg\",\"articleSection\":[\"Ciudad\/Provincia\"],\"inLanguage\":\"es-AR\"},{\"@type\":\"WebPage\",\"@id\":\"https:\/\/apuntesdesanluis.com\/index.php\/2023\/07\/15\/bartolo-abdala-las-denuncias-de-venta-de-candidaturas-no-son-mas-que-una-operacion\/\",\"url\":\"https:\/\/apuntesdesanluis.com\/index.php\/2023\/07\/15\/bartolo-abdala-las-denuncias-de-venta-de-candidaturas-no-son-mas-que-una-operacion\/\",\"name\":\"BARTOLO ABDALA: \u201cLAS DENUNCIAS DE VENTA DE CANDIDATURAS NO SON M\u00c1S QUE UNA OPERACI\u00d3N\u201d - Apuntes de San Luis\",\"isPartOf\":{\"@id\":\"https:\/\/apuntesdesanluis.com\/#website\"},\"primaryImageOfPage\":{\"@id\":\"https:\/\/apuntesdesanluis.com\/index.php\/2023\/07\/15\/bartolo-abdala-las-denuncias-de-venta-de-candidaturas-no-son-mas-que-una-operacion\/#primaryimage\"},\"image\":{\"@id\":\"https:\/\/apuntesdesanluis.com\/index.php\/2023\/07\/15\/bartolo-abdala-las-denuncias-de-venta-de-candidaturas-no-son-mas-que-una-operacion\/#primaryimage\"},\"thumbnailUrl\":\"https:\/\/apuntesdesanluis.com\/wp-content\/uploads\/2023\/07\/BARTOLO-VOTO-2023-IMG_8973.jpg\",\"datePublished\":\"2023-07-15T23:51:37+00:00\",\"dateModified\":\"2023-07-17T03:43:54+00:00\",\"breadcrumb\":{\"@id\":\"https:\/\/apuntesdesanluis.com\/index.php\/2023\/07\/15\/bartolo-abdala-las-denuncias-de-venta-de-candidaturas-no-son-mas-que-una-operacion\/#breadcrumb\"},\"inLanguage\":\"es-AR\",\"potentialAction\":[{\"@type\":\"ReadAction\",\"target\":[\"https:\/\/apuntesdesanluis.com\/index.php\/2023\/07\/15\/bartolo-abdala-las-denuncias-de-venta-de-candidaturas-no-son-mas-que-una-operacion\/\"]}]},{\"@type\":\"ImageObject\",\"inLanguage\":\"es-AR\",\"@id\":\"https:\/\/apuntesdesanluis.com\/index.php\/2023\/07\/15\/bartolo-abdala-las-denuncias-de-venta-de-candidaturas-no-son-mas-que-una-operacion\/#primaryimage\",\"url\":\"https:\/\/apuntesdesanluis.com\/wp-content\/uploads\/2023\/07\/BARTOLO-VOTO-2023-IMG_8973.jpg\",\"contentUrl\":\"https:\/\/apuntesdesanluis.com\/wp-content\/uploads\/2023\/07\/BARTOLO-VOTO-2023-IMG_8973.jpg\",\"width\":668,\"height\":399},{\"@type\":\"BreadcrumbList\",\"@id\":\"https:\/\/apuntesdesanluis.com\/index.php\/2023\/07\/15\/bartolo-abdala-las-denuncias-de-venta-de-candidaturas-no-son-mas-que-una-operacion\/#breadcrumb\",\"itemListElement\":[{\"@type\":\"ListItem\",\"position\":1,\"name\":\"Inicio\",\"item\":\"https:\/\/apuntesdesanluis.com\/\"},{\"@type\":\"ListItem\",\"position\":2,\"name\":\"BARTOLO ABDALA: \u201cLAS DENUNCIAS DE VENTA DE CANDIDATURAS NO SON M\u00c1S QUE UNA OPERACI\u00d3N\u201d\"}]},{\"@type\":\"WebSite\",\"@id\":\"https:\/\/apuntesdesanluis.com\/#website\",\"url\":\"https:\/\/apuntesdesanluis.com\/\",\"name\":\"Apuntes de San Luis\",\"description\":\"\",\"publisher\":{\"@id\":\"https:\/\/apuntesdesanluis.com\/#\/schema\/person\/b55151d52296fcce64d1a72538a70b90\"},\"potentialAction\":[{\"@type\":\"SearchAction\",\"target\":{\"@type\":\"EntryPoint\",\"urlTemplate\":\"https:\/\/apuntesdesanluis.com\/?s={search_term_string}\"},\"query-input\":{\"@type\":\"PropertyValueSpecification\",\"valueRequired\":true,\"valueName\":\"search_term_string\"}}],\"inLanguage\":\"es-AR\"},{\"@type\":[\"Person\",\"Organization\"],\"@id\":\"https:\/\/apuntesdesanluis.com\/#\/schema\/person\/b55151d52296fcce64d1a72538a70b90\",\"name\":\"apuntesdesanluis.com\",\"image\":{\"@type\":\"ImageObject\",\"inLanguage\":\"es-AR\",\"@id\":\"https:\/\/apuntesdesanluis.com\/#\/schema\/person\/image\/\",\"url\":\"https:\/\/apuntesdesanluis.com\/wp-content\/uploads\/2023\/07\/cropped-apuntesdesanluis.png\",\"contentUrl\":\"https:\/\/apuntesdesanluis.com\/wp-content\/uploads\/2023\/07\/cropped-apuntesdesanluis.png\",\"width\":450,\"height\":112,\"caption\":\"apuntesdesanluis.com\"},\"logo\":{\"@id\":\"https:\/\/apuntesdesanluis.com\/#\/schema\/person\/image\/\"},\"sameAs\":[\"https:\/\/apuntesdesanluis.com\"],\"url\":\"https:\/\/apuntesdesanluis.com\/index.php\/author\/apuntesdesanluis-com\/\"}]}<\/script>\n<!-- \/ Yoast SEO plugin. -->","yoast_head_json":{"title":"BARTOLO ABDALA: \u201cLAS DENUNCIAS DE VENTA DE CANDIDATURAS NO SON M\u00c1S QUE UNA OPERACI\u00d3N\u201d - Apuntes de San Luis","robots":{"index":"index","follow":"follow","max-snippet":"max-snippet:-1","max-image-preview":"max-image-preview:large","max-video-preview":"max-video-preview:-1"},"canonical":"https:\/\/apuntesdesanluis.com\/index.php\/2023\/07\/15\/bartolo-abdala-las-denuncias-de-venta-de-candidaturas-no-son-mas-que-una-operacion\/","og_locale":"es_ES","og_type":"article","og_title":"BARTOLO ABDALA: \u201cLAS DENUNCIAS DE VENTA DE CANDIDATURAS NO SON M\u00c1S QUE UNA OPERACI\u00d3N\u201d - Apuntes de San Luis","og_description":"As\u00ed lo afirm\u00f3 el precandidato a senador nacional por el partido La Libertad Avanza, Bartolo...","og_url":"https:\/\/apuntesdesanluis.com\/index.php\/2023\/07\/15\/bartolo-abdala-las-denuncias-de-venta-de-candidaturas-no-son-mas-que-una-operacion\/","og_site_name":"Apuntes de San Luis","article_published_time":"2023-07-15T23:51:37+00:00","article_modified_time":"2023-07-17T03:43:54+00:00","og_image":[{"width":668,"height":399,"url":"https:\/\/apuntesdesanluis.com\/wp-content\/uploads\/2023\/07\/BARTOLO-VOTO-2023-IMG_8973.jpg","type":"image\/jpeg"}],"author":"apuntesdesanluis.com","twitter_card":"summary_large_image","twitter_misc":{"Escrito por":"apuntesdesanluis.com","Tiempo de lectura":"7 minutos"},"schema":{"@context":"https:\/\/schema.org","@graph":[{"@type":"Article","@id":"https:\/\/apuntesdesanluis.com\/index.php\/2023\/07\/15\/bartolo-abdala-las-denuncias-de-venta-de-candidaturas-no-son-mas-que-una-operacion\/#article","isPartOf":{"@id":"https:\/\/apuntesdesanluis.com\/index.php\/2023\/07\/15\/bartolo-abdala-las-denuncias-de-venta-de-candidaturas-no-son-mas-que-una-operacion\/"},"author":{"name":"apuntesdesanluis.com","@id":"https:\/\/apuntesdesanluis.com\/#\/schema\/person\/b55151d52296fcce64d1a72538a70b90"},"headline":"BARTOLO ABDALA: \u201cLAS DENUNCIAS DE VENTA DE CANDIDATURAS NO SON M\u00c1S QUE UNA OPERACI\u00d3N\u201d","datePublished":"2023-07-15T23:51:37+00:00","dateModified":"2023-07-17T03:43:54+00:00","mainEntityOfPage":{"@id":"https:\/\/apuntesdesanluis.com\/index.php\/2023\/07\/15\/bartolo-abdala-las-denuncias-de-venta-de-candidaturas-no-son-mas-que-una-operacion\/"},"wordCount":1336,"publisher":{"@id":"https:\/\/apuntesdesanluis.com\/#\/schema\/person\/b55151d52296fcce64d1a72538a70b90"},"image":{"@id":"https:\/\/apuntesdesanluis.com\/index.php\/2023\/07\/15\/bartolo-abdala-las-denuncias-de-venta-de-candidaturas-no-son-mas-que-una-operacion\/#primaryimage"},"thumbnailUrl":"https:\/\/apuntesdesanluis.com\/wp-content\/uploads\/2023\/07\/BARTOLO-VOTO-2023-IMG_8973.jpg","articleSection":["Ciudad\/Provincia"],"inLanguage":"es-AR"},{"@type":"WebPage","@id":"https:\/\/apuntesdesanluis.com\/index.php\/2023\/07\/15\/bartolo-abdala-las-denuncias-de-venta-de-candidaturas-no-son-mas-que-una-operacion\/","url":"https:\/\/apuntesdesanluis.com\/index.php\/2023\/07\/15\/bartolo-abdala-las-denuncias-de-venta-de-candidaturas-no-son-mas-que-una-operacion\/","name":"BARTOLO ABDALA: \u201cLAS DENUNCIAS DE VENTA DE CANDIDATURAS NO SON M\u00c1S QUE UNA OPERACI\u00d3N\u201d - Apuntes de San Luis","isPartOf":{"@id":"https:\/\/apuntesdesanluis.com\/#website"},"primaryImageOfPage":{"@id":"https:\/\/apuntesdesanluis.com\/index.php\/2023\/07\/15\/bartolo-abdala-las-denuncias-de-venta-de-candidaturas-no-son-mas-que-una-operacion\/#primaryimage"},"image":{"@id":"https:\/\/apuntesdesanluis.com\/index.php\/2023\/07\/15\/bartolo-abdala-las-denuncias-de-venta-de-candidaturas-no-son-mas-que-una-operacion\/#primaryimage"},"thumbnailUrl":"https:\/\/apuntesdesanluis.com\/wp-content\/uploads\/2023\/07\/BARTOLO-VOTO-2023-IMG_8973.jpg","datePublished":"2023-07-15T23:51:37+00:00","dateModified":"2023-07-17T03:43:54+00:00","breadcrumb":{"@id":"https:\/\/apuntesdesanluis.com\/index.php\/2023\/07\/15\/bartolo-abdala-las-denuncias-de-venta-de-candidaturas-no-son-mas-que-una-operacion\/#breadcrumb"},"inLanguage":"es-AR","potentialAction":[{"@type":"ReadAction","target":["https:\/\/apuntesdesanluis.com\/index.php\/2023\/07\/15\/bartolo-abdala-las-denuncias-de-venta-de-candidaturas-no-son-mas-que-una-operacion\/"]}]},{"@type":"ImageObject","inLanguage":"es-AR","@id":"https:\/\/apuntesdesanluis.com\/index.php\/2023\/07\/15\/bartolo-abdala-las-denuncias-de-venta-de-candidaturas-no-son-mas-que-una-operacion\/#primaryimage","url":"https:\/\/apuntesdesanluis.com\/wp-content\/uploads\/2023\/07\/BARTOLO-VOTO-2023-IMG_8973.jpg","contentUrl":"https:\/\/apuntesdesanluis.com\/wp-content\/uploads\/2023\/07\/BARTOLO-VOTO-2023-IMG_8973.jpg","width":668,"height":399},{"@type":"BreadcrumbList","@id":"https:\/\/apuntesdesanluis.com\/index.php\/2023\/07\/15\/bartolo-abdala-las-denuncias-de-venta-de-candidaturas-no-son-mas-que-una-operacion\/#breadcrumb","itemListElement":[{"@type":"ListItem","position":1,"name":"Inicio","item":"https:\/\/apuntesdesanluis.com\/"},{"@type":"ListItem","position":2,"name":"BARTOLO ABDALA: \u201cLAS DENUNCIAS DE VENTA DE CANDIDATURAS NO SON M\u00c1S QUE UNA OPERACI\u00d3N\u201d"}]},{"@type":"WebSite","@id":"https:\/\/apuntesdesanluis.com\/#website","url":"https:\/\/apuntesdesanluis.com\/","name":"Apuntes de San Luis","description":"","publisher":{"@id":"https:\/\/apuntesdesanluis.com\/#\/schema\/person\/b55151d52296fcce64d1a72538a70b90"},"potentialAction":[{"@type":"SearchAction","target":{"@type":"EntryPoint","urlTemplate":"https:\/\/apuntesdesanluis.com\/?s={search_term_string}"},"query-input":{"@type":"PropertyValueSpecification","valueRequired":true,"valueName":"search_term_string"}}],"inLanguage":"es-AR"},{"@type":["Person","Organization"],"@id":"https:\/\/apuntesdesanluis.com\/#\/schema\/person\/b55151d52296fcce64d1a72538a70b90","name":"apuntesdesanluis.com","image":{"@type":"ImageObject","inLanguage":"es-AR","@id":"https:\/\/apuntesdesanluis.com\/#\/schema\/person\/image\/","url":"https:\/\/apuntesdesanluis.com\/wp-content\/uploads\/2023\/07\/cropped-apuntesdesanluis.png","contentUrl":"https:\/\/apuntesdesanluis.com\/wp-content\/uploads\/2023\/07\/cropped-apuntesdesanluis.png","width":450,"height":112,"caption":"apuntesdesanluis.com"},"logo":{"@id":"https:\/\/apuntesdesanluis.com\/#\/schema\/person\/image\/"},"sameAs":["https:\/\/apuntesdesanluis.com"],"url":"https:\/\/apuntesdesanluis.com\/index.php\/author\/apuntesdesanluis-com\/"}]}},"featured_image_urls":{"full":["https:\/\/apuntesdesanluis.com\/wp-content\/uploads\/2023\/07\/BARTOLO-VOTO-2023-IMG_8973.jpg",668,399,false],"thumbnail":["https:\/\/apuntesdesanluis.com\/wp-content\/uploads\/2023\/07\/BARTOLO-VOTO-2023-IMG_8973-150x150.jpg",150,150,true],"medium":["https:\/\/apuntesdesanluis.com\/wp-content\/uploads\/2023\/07\/BARTOLO-VOTO-2023-IMG_8973-300x179.jpg",300,179,true],"medium_large":["https:\/\/apuntesdesanluis.com\/wp-content\/uploads\/2023\/07\/BARTOLO-VOTO-2023-IMG_8973.jpg",640,382,false],"large":["https:\/\/apuntesdesanluis.com\/wp-content\/uploads\/2023\/07\/BARTOLO-VOTO-2023-IMG_8973.jpg",640,382,false],"1536x1536":["https:\/\/apuntesdesanluis.com\/wp-content\/uploads\/2023\/07\/BARTOLO-VOTO-2023-IMG_8973.jpg",668,399,false],"2048x2048":["https:\/\/apuntesdesanluis.com\/wp-content\/uploads\/2023\/07\/BARTOLO-VOTO-2023-IMG_8973.jpg",668,399,false],"newsever-slider-full":["https:\/\/apuntesdesanluis.com\/wp-content\/uploads\/2023\/07\/BARTOLO-VOTO-2023-IMG_8973.jpg",668,399,false],"newsever-featured":["https:\/\/apuntesdesanluis.com\/wp-content\/uploads\/2023\/07\/BARTOLO-VOTO-2023-IMG_8973.jpg",668,399,false],"newsever-medium":["https:\/\/apuntesdesanluis.com\/wp-content\/uploads\/2023\/07\/BARTOLO-VOTO-2023-IMG_8973.jpg",668,399,false]},"author_info":{"display_name":"apuntesdesanluis.com","author_link":"https:\/\/apuntesdesanluis.com\/index.php\/author\/apuntesdesanluis-com\/"},"category_info":"<a href=\"https:\/\/apuntesdesanluis.com\/index.php\/category\/ciudad-provincia\/\" rel=\"category tag\">Ciudad\/Provincia<\/a>","tag_info":"Ciudad\/Provincia","comment_count":"0","_links":{"self":[{"href":"https:\/\/apuntesdesanluis.com\/index.php\/wp-json\/wp\/v2\/posts\/58","targetHints":{"allow":["GET"]}}],"collection":[{"href":"https:\/\/apuntesdesanluis.com\/index.php\/wp-json\/wp\/v2\/posts"}],"about":[{"href":"https:\/\/apuntesdesanluis.com\/index.php\/wp-json\/wp\/v2\/types\/post"}],"author":[{"embeddable":true,"href":"https:\/\/apuntesdesanluis.com\/index.php\/wp-json\/wp\/v2\/users\/1"}],"replies":[{"embeddable":true,"href":"https:\/\/apuntesdesanluis.com\/index.php\/wp-json\/wp\/v2\/comments?post=58"}],"version-history":[{"count":0,"href":"https:\/\/apuntesdesanluis.com\/index.php\/wp-json\/wp\/v2\/posts\/58\/revisions"}],"wp:featuredmedia":[{"embeddable":true,"href":"https:\/\/apuntesdesanluis.com\/index.php\/wp-json\/wp\/v2\/media\/59"}],"wp:attachment":[{"href":"https:\/\/apuntesdesanluis.com\/index.php\/wp-json\/wp\/v2\/media?parent=58"}],"wp:term":[{"taxonomy":"category","embeddable":true,"href":"https:\/\/apuntesdesanluis.com\/index.php\/wp-json\/wp\/v2\/categories?post=58"},{"taxonomy":"post_tag","embeddable":true,"href":"https:\/\/apuntesdesanluis.com\/index.php\/wp-json\/wp\/v2\/tags?post=58"}],"curies":[{"name":"wp","href":"https:\/\/api.w.org\/{rel}","templated":true}]}}