{"id":5802,"date":"2023-10-25T19:26:30","date_gmt":"2023-10-25T22:26:30","guid":{"rendered":"https:\/\/apuntesdesanluis.com\/?p=5802"},"modified":"2023-10-25T19:27:13","modified_gmt":"2023-10-25T22:27:13","slug":"este-finde-merlo-recibe-la-red-de-municipios-frente-al-cambio-climatico","status":"publish","type":"post","link":"https:\/\/apuntesdesanluis.com\/index.php\/2023\/10\/25\/este-finde-merlo-recibe-la-red-de-municipios-frente-al-cambio-climatico\/","title":{"rendered":"ESTE FINDE MERLO RECIBE LA RED DE MUNICIPIOS FRENTE AL CAMBIO CLIM\u00c1TICO"},"content":{"rendered":"<h3>Durante dos d\u00edas, la <strong>Villa de Merlo<\/strong> ser\u00e1 la ciudad anfitriona del \u00faltimo encuentro del a\u00f1o de la <strong>Red Argentina de Municipios frente al Cambio Clim\u00e1tico<\/strong>, evento que reunir\u00e1 a cerca de 100 funcionarios, incluyendo intendentes de distintas localidades del pa\u00eds.<\/h3>\n<h3>La cumbre \u201ces una oportunidad \u00fanica para debatir estrategias, compartir conocimientos y promover la acci\u00f3n clim\u00e1tica en toda la regi\u00f3n\u201d, sostuvo el intendente <strong>Juan \u00c1lvarez Pinto<\/strong>, al tiempo que agreg\u00f3 que \u201ceste encuentro representa un paso importante en el camino hacia la sostenibilidad y es una muestra del compromiso de Villa de Merlo con la acci\u00f3n clim\u00e1tica\u201d.<\/h3>\n<h3>Con el apoyo del Programa de Naciones Unidas para el Desarrollo\u00a0 (PNUD) junto a PAGE (Partnership Action on Green Economy), el evento se llevar\u00e1 a cabo los d\u00edas 28 y 29 de octubre en la Casa del Bicentenario, con una apretada agenda de actividades.<\/h3>\n<p><img fetchpriority=\"high\" decoding=\"async\" class=\"wp-image-5804 aligncenter\" src=\"https:\/\/apuntesdesanluis.com\/wp-content\/uploads\/2023\/10\/Encuentro-Municipios-300x294.jpg\" alt=\"\" width=\"611\" height=\"599\" srcset=\"https:\/\/apuntesdesanluis.com\/wp-content\/uploads\/2023\/10\/Encuentro-Municipios-300x294.jpg 300w, https:\/\/apuntesdesanluis.com\/wp-content\/uploads\/2023\/10\/Encuentro-Municipios.jpg 589w\" sizes=\"(max-width: 611px) 100vw, 611px\" \/><\/p>\n<h3>Dos momentos claves ser\u00e1n el Acto de Apertura programado para el d\u00eda s\u00e1bado 28 y el Acto de Reconocimiento a intendentes que finalizan sus mandatos y que son parte de la red, que se llevar\u00e1 a cabo el domingo 29 por la ma\u00f1ana.<\/h3>\n<h3>Al mismo tiempo, y en el marco del proyecto Empleos Verdes Locales, financiado por la Uni\u00f3n Europea, se llevar\u00e1 a cabo el 2\u00ba Encuentro de Promotores de Empleo Verde, donde se presentar\u00e1 el Manual de Promotor de Empleo Verde. El mismo har\u00e1 posible la divulgaci\u00f3n y replicabilidad del formato de capacitaciones espec\u00edficas en empleos verdes.<\/h3>\n<h3>Cabe destacar que, a trav\u00e9s de la Secretar\u00eda de Ambiente, Producci\u00f3n y Desarrollo Sustentable, el municipio viene trabajando esta tem\u00e1tica junto a emprendedores locales que llevan adelante buenas pr\u00e1cticas ambientales y socioculturales.<\/h3>\n<h3>Este encuentro ser\u00e1 el escenario para hablar sobre los objetivos y desaf\u00edos que se plantean en materia de acci\u00f3n clim\u00e1tica para el 2024, fortaleciendo el trabajo cotidiano en los territorios.<\/h3>\n","protected":false},"excerpt":{"rendered":"<p>Durante dos d\u00edas, la Villa de Merlo ser\u00e1 la ciudad anfitriona del \u00faltimo encuentro del&#8230;<\/p>\n","protected":false},"author":1,"featured_media":5803,"comment_status":"closed","ping_status":"closed","sticky":false,"template":"","format":"standard","meta":{"footnotes":""},"categories":[6],"tags":[],"class_list":["post-5802","post","type-post","status-publish","format-standard","has-post-thumbnail","hentry","category-ciudad-provincia"],"yoast_head":"<!-- This site is optimized with the Yoast SEO plugin v26.1.1 - https:\/\/yoast.com\/wordpress\/plugins\/seo\/ -->\n<title>ESTE FINDE MERLO RECIBE LA RED DE MUNICIPIOS FRENTE AL CAMBIO CLIM\u00c1TICO - Apuntes de San Luis<\/title>\n<meta name=\"robots\" content=\"index, follow, max-snippet:-1, max-image-preview:large, max-video-preview:-1\" \/>\n<link rel=\"canonical\" href=\"https:\/\/apuntesdesanluis.com\/index.php\/2023\/10\/25\/este-finde-merlo-recibe-la-red-de-municipios-frente-al-cambio-climatico\/\" \/>\n<meta property=\"og:locale\" content=\"es_ES\" \/>\n<meta property=\"og:type\" content=\"article\" \/>\n<meta property=\"og:title\" content=\"ESTE FINDE MERLO RECIBE LA RED DE MUNICIPIOS FRENTE AL CAMBIO CLIM\u00c1TICO - Apuntes de San Luis\" \/>\n<meta property=\"og:description\" content=\"Durante dos d\u00edas, la Villa de Merlo ser\u00e1 la ciudad anfitriona del \u00faltimo encuentro del...\" \/>\n<meta property=\"og:url\" content=\"https:\/\/apuntesdesanluis.com\/index.php\/2023\/10\/25\/este-finde-merlo-recibe-la-red-de-municipios-frente-al-cambio-climatico\/\" \/>\n<meta property=\"og:site_name\" content=\"Apuntes de San Luis\" \/>\n<meta property=\"article:published_time\" content=\"2023-10-25T22:26:30+00:00\" \/>\n<meta property=\"article:modified_time\" content=\"2023-10-25T22:27:13+00:00\" \/>\n<meta property=\"og:image\" content=\"https:\/\/apuntesdesanluis.com\/wp-content\/uploads\/2023\/10\/red-argentina-de-municipios-frente-al-cambio-climatico.png\" \/>\n\t<meta property=\"og:image:width\" content=\"525\" \/>\n\t<meta property=\"og:image:height\" content=\"335\" \/>\n\t<meta property=\"og:image:type\" content=\"image\/png\" \/>\n<meta name=\"author\" content=\"apuntesdesanluis.com\" \/>\n<meta name=\"twitter:card\" content=\"summary_large_image\" \/>\n<meta name=\"twitter:label1\" content=\"Escrito por\" \/>\n\t<meta name=\"twitter:data1\" content=\"apuntesdesanluis.com\" \/>\n\t<meta name=\"twitter:label2\" content=\"Tiempo de lectura\" \/>\n\t<meta name=\"twitter:data2\" content=\"2 minutos\" \/>\n<script type=\"application\/ld+json\" class=\"yoast-schema-graph\">{\"@context\":\"https:\/\/schema.org\",\"@graph\":[{\"@type\":\"Article\",\"@id\":\"https:\/\/apuntesdesanluis.com\/index.php\/2023\/10\/25\/este-finde-merlo-recibe-la-red-de-municipios-frente-al-cambio-climatico\/#article\",\"isPartOf\":{\"@id\":\"https:\/\/apuntesdesanluis.com\/index.php\/2023\/10\/25\/este-finde-merlo-recibe-la-red-de-municipios-frente-al-cambio-climatico\/\"},\"author\":{\"name\":\"apuntesdesanluis.com\",\"@id\":\"https:\/\/apuntesdesanluis.com\/#\/schema\/person\/b55151d52296fcce64d1a72538a70b90\"},\"headline\":\"ESTE FINDE MERLO RECIBE LA RED DE MUNICIPIOS FRENTE AL CAMBIO CLIM\u00c1TICO\",\"datePublished\":\"2023-10-25T22:26:30+00:00\",\"dateModified\":\"2023-10-25T22:27:13+00:00\",\"mainEntityOfPage\":{\"@id\":\"https:\/\/apuntesdesanluis.com\/index.php\/2023\/10\/25\/este-finde-merlo-recibe-la-red-de-municipios-frente-al-cambio-climatico\/\"},\"wordCount\":333,\"publisher\":{\"@id\":\"https:\/\/apuntesdesanluis.com\/#\/schema\/person\/b55151d52296fcce64d1a72538a70b90\"},\"image\":{\"@id\":\"https:\/\/apuntesdesanluis.com\/index.php\/2023\/10\/25\/este-finde-merlo-recibe-la-red-de-municipios-frente-al-cambio-climatico\/#primaryimage\"},\"thumbnailUrl\":\"https:\/\/apuntesdesanluis.com\/wp-content\/uploads\/2023\/10\/red-argentina-de-municipios-frente-al-cambio-climatico.png\",\"articleSection\":[\"Ciudad\/Provincia\"],\"inLanguage\":\"es-AR\"},{\"@type\":\"WebPage\",\"@id\":\"https:\/\/apuntesdesanluis.com\/index.php\/2023\/10\/25\/este-finde-merlo-recibe-la-red-de-municipios-frente-al-cambio-climatico\/\",\"url\":\"https:\/\/apuntesdesanluis.com\/index.php\/2023\/10\/25\/este-finde-merlo-recibe-la-red-de-municipios-frente-al-cambio-climatico\/\",\"name\":\"ESTE FINDE MERLO RECIBE LA RED DE MUNICIPIOS FRENTE AL CAMBIO CLIM\u00c1TICO - Apuntes de San Luis\",\"isPartOf\":{\"@id\":\"https:\/\/apuntesdesanluis.com\/#website\"},\"primaryImageOfPage\":{\"@id\":\"https:\/\/apuntesdesanluis.com\/index.php\/2023\/10\/25\/este-finde-merlo-recibe-la-red-de-municipios-frente-al-cambio-climatico\/#primaryimage\"},\"image\":{\"@id\":\"https:\/\/apuntesdesanluis.com\/index.php\/2023\/10\/25\/este-finde-merlo-recibe-la-red-de-municipios-frente-al-cambio-climatico\/#primaryimage\"},\"thumbnailUrl\":\"https:\/\/apuntesdesanluis.com\/wp-content\/uploads\/2023\/10\/red-argentina-de-municipios-frente-al-cambio-climatico.png\",\"datePublished\":\"2023-10-25T22:26:30+00:00\",\"dateModified\":\"2023-10-25T22:27:13+00:00\",\"breadcrumb\":{\"@id\":\"https:\/\/apuntesdesanluis.com\/index.php\/2023\/10\/25\/este-finde-merlo-recibe-la-red-de-municipios-frente-al-cambio-climatico\/#breadcrumb\"},\"inLanguage\":\"es-AR\",\"potentialAction\":[{\"@type\":\"ReadAction\",\"target\":[\"https:\/\/apuntesdesanluis.com\/index.php\/2023\/10\/25\/este-finde-merlo-recibe-la-red-de-municipios-frente-al-cambio-climatico\/\"]}]},{\"@type\":\"ImageObject\",\"inLanguage\":\"es-AR\",\"@id\":\"https:\/\/apuntesdesanluis.com\/index.php\/2023\/10\/25\/este-finde-merlo-recibe-la-red-de-municipios-frente-al-cambio-climatico\/#primaryimage\",\"url\":\"https:\/\/apuntesdesanluis.com\/wp-content\/uploads\/2023\/10\/red-argentina-de-municipios-frente-al-cambio-climatico.png\",\"contentUrl\":\"https:\/\/apuntesdesanluis.com\/wp-content\/uploads\/2023\/10\/red-argentina-de-municipios-frente-al-cambio-climatico.png\",\"width\":525,\"height\":335},{\"@type\":\"BreadcrumbList\",\"@id\":\"https:\/\/apuntesdesanluis.com\/index.php\/2023\/10\/25\/este-finde-merlo-recibe-la-red-de-municipios-frente-al-cambio-climatico\/#breadcrumb\",\"itemListElement\":[{\"@type\":\"ListItem\",\"position\":1,\"name\":\"Inicio\",\"item\":\"https:\/\/apuntesdesanluis.com\/\"},{\"@type\":\"ListItem\",\"position\":2,\"name\":\"ESTE FINDE MERLO RECIBE LA RED DE MUNICIPIOS FRENTE AL CAMBIO CLIM\u00c1TICO\"}]},{\"@type\":\"WebSite\",\"@id\":\"https:\/\/apuntesdesanluis.com\/#website\",\"url\":\"https:\/\/apuntesdesanluis.com\/\",\"name\":\"Apuntes de San Luis\",\"description\":\"\",\"publisher\":{\"@id\":\"https:\/\/apuntesdesanluis.com\/#\/schema\/person\/b55151d52296fcce64d1a72538a70b90\"},\"potentialAction\":[{\"@type\":\"SearchAction\",\"target\":{\"@type\":\"EntryPoint\",\"urlTemplate\":\"https:\/\/apuntesdesanluis.com\/?s={search_term_string}\"},\"query-input\":{\"@type\":\"PropertyValueSpecification\",\"valueRequired\":true,\"valueName\":\"search_term_string\"}}],\"inLanguage\":\"es-AR\"},{\"@type\":[\"Person\",\"Organization\"],\"@id\":\"https:\/\/apuntesdesanluis.com\/#\/schema\/person\/b55151d52296fcce64d1a72538a70b90\",\"name\":\"apuntesdesanluis.com\",\"image\":{\"@type\":\"ImageObject\",\"inLanguage\":\"es-AR\",\"@id\":\"https:\/\/apuntesdesanluis.com\/#\/schema\/person\/image\/\",\"url\":\"https:\/\/apuntesdesanluis.com\/wp-content\/uploads\/2023\/07\/cropped-apuntesdesanluis.png\",\"contentUrl\":\"https:\/\/apuntesdesanluis.com\/wp-content\/uploads\/2023\/07\/cropped-apuntesdesanluis.png\",\"width\":450,\"height\":112,\"caption\":\"apuntesdesanluis.com\"},\"logo\":{\"@id\":\"https:\/\/apuntesdesanluis.com\/#\/schema\/person\/image\/\"},\"sameAs\":[\"https:\/\/apuntesdesanluis.com\"],\"url\":\"https:\/\/apuntesdesanluis.com\/index.php\/author\/apuntesdesanluis-com\/\"}]}<\/script>\n<!-- \/ Yoast SEO plugin. -->","yoast_head_json":{"title":"ESTE FINDE MERLO RECIBE LA RED DE MUNICIPIOS FRENTE AL CAMBIO CLIM\u00c1TICO - Apuntes de San Luis","robots":{"index":"index","follow":"follow","max-snippet":"max-snippet:-1","max-image-preview":"max-image-preview:large","max-video-preview":"max-video-preview:-1"},"canonical":"https:\/\/apuntesdesanluis.com\/index.php\/2023\/10\/25\/este-finde-merlo-recibe-la-red-de-municipios-frente-al-cambio-climatico\/","og_locale":"es_ES","og_type":"article","og_title":"ESTE FINDE MERLO RECIBE LA RED DE MUNICIPIOS FRENTE AL CAMBIO CLIM\u00c1TICO - Apuntes de San Luis","og_description":"Durante dos d\u00edas, la Villa de Merlo ser\u00e1 la ciudad anfitriona del \u00faltimo encuentro del...","og_url":"https:\/\/apuntesdesanluis.com\/index.php\/2023\/10\/25\/este-finde-merlo-recibe-la-red-de-municipios-frente-al-cambio-climatico\/","og_site_name":"Apuntes de San Luis","article_published_time":"2023-10-25T22:26:30+00:00","article_modified_time":"2023-10-25T22:27:13+00:00","og_image":[{"width":525,"height":335,"url":"https:\/\/apuntesdesanluis.com\/wp-content\/uploads\/2023\/10\/red-argentina-de-municipios-frente-al-cambio-climatico.png","type":"image\/png"}],"author":"apuntesdesanluis.com","twitter_card":"summary_large_image","twitter_misc":{"Escrito por":"apuntesdesanluis.com","Tiempo de lectura":"2 minutos"},"schema":{"@context":"https:\/\/schema.org","@graph":[{"@type":"Article","@id":"https:\/\/apuntesdesanluis.com\/index.php\/2023\/10\/25\/este-finde-merlo-recibe-la-red-de-municipios-frente-al-cambio-climatico\/#article","isPartOf":{"@id":"https:\/\/apuntesdesanluis.com\/index.php\/2023\/10\/25\/este-finde-merlo-recibe-la-red-de-municipios-frente-al-cambio-climatico\/"},"author":{"name":"apuntesdesanluis.com","@id":"https:\/\/apuntesdesanluis.com\/#\/schema\/person\/b55151d52296fcce64d1a72538a70b90"},"headline":"ESTE FINDE MERLO RECIBE LA RED DE MUNICIPIOS FRENTE AL CAMBIO CLIM\u00c1TICO","datePublished":"2023-10-25T22:26:30+00:00","dateModified":"2023-10-25T22:27:13+00:00","mainEntityOfPage":{"@id":"https:\/\/apuntesdesanluis.com\/index.php\/2023\/10\/25\/este-finde-merlo-recibe-la-red-de-municipios-frente-al-cambio-climatico\/"},"wordCount":333,"publisher":{"@id":"https:\/\/apuntesdesanluis.com\/#\/schema\/person\/b55151d52296fcce64d1a72538a70b90"},"image":{"@id":"https:\/\/apuntesdesanluis.com\/index.php\/2023\/10\/25\/este-finde-merlo-recibe-la-red-de-municipios-frente-al-cambio-climatico\/#primaryimage"},"thumbnailUrl":"https:\/\/apuntesdesanluis.com\/wp-content\/uploads\/2023\/10\/red-argentina-de-municipios-frente-al-cambio-climatico.png","articleSection":["Ciudad\/Provincia"],"inLanguage":"es-AR"},{"@type":"WebPage","@id":"https:\/\/apuntesdesanluis.com\/index.php\/2023\/10\/25\/este-finde-merlo-recibe-la-red-de-municipios-frente-al-cambio-climatico\/","url":"https:\/\/apuntesdesanluis.com\/index.php\/2023\/10\/25\/este-finde-merlo-recibe-la-red-de-municipios-frente-al-cambio-climatico\/","name":"ESTE FINDE MERLO RECIBE LA RED DE MUNICIPIOS FRENTE AL CAMBIO CLIM\u00c1TICO - Apuntes de San Luis","isPartOf":{"@id":"https:\/\/apuntesdesanluis.com\/#website"},"primaryImageOfPage":{"@id":"https:\/\/apuntesdesanluis.com\/index.php\/2023\/10\/25\/este-finde-merlo-recibe-la-red-de-municipios-frente-al-cambio-climatico\/#primaryimage"},"image":{"@id":"https:\/\/apuntesdesanluis.com\/index.php\/2023\/10\/25\/este-finde-merlo-recibe-la-red-de-municipios-frente-al-cambio-climatico\/#primaryimage"},"thumbnailUrl":"https:\/\/apuntesdesanluis.com\/wp-content\/uploads\/2023\/10\/red-argentina-de-municipios-frente-al-cambio-climatico.png","datePublished":"2023-10-25T22:26:30+00:00","dateModified":"2023-10-25T22:27:13+00:00","breadcrumb":{"@id":"https:\/\/apuntesdesanluis.com\/index.php\/2023\/10\/25\/este-finde-merlo-recibe-la-red-de-municipios-frente-al-cambio-climatico\/#breadcrumb"},"inLanguage":"es-AR","potentialAction":[{"@type":"ReadAction","target":["https:\/\/apuntesdesanluis.com\/index.php\/2023\/10\/25\/este-finde-merlo-recibe-la-red-de-municipios-frente-al-cambio-climatico\/"]}]},{"@type":"ImageObject","inLanguage":"es-AR","@id":"https:\/\/apuntesdesanluis.com\/index.php\/2023\/10\/25\/este-finde-merlo-recibe-la-red-de-municipios-frente-al-cambio-climatico\/#primaryimage","url":"https:\/\/apuntesdesanluis.com\/wp-content\/uploads\/2023\/10\/red-argentina-de-municipios-frente-al-cambio-climatico.png","contentUrl":"https:\/\/apuntesdesanluis.com\/wp-content\/uploads\/2023\/10\/red-argentina-de-municipios-frente-al-cambio-climatico.png","width":525,"height":335},{"@type":"BreadcrumbList","@id":"https:\/\/apuntesdesanluis.com\/index.php\/2023\/10\/25\/este-finde-merlo-recibe-la-red-de-municipios-frente-al-cambio-climatico\/#breadcrumb","itemListElement":[{"@type":"ListItem","position":1,"name":"Inicio","item":"https:\/\/apuntesdesanluis.com\/"},{"@type":"ListItem","position":2,"name":"ESTE FINDE MERLO RECIBE LA RED DE MUNICIPIOS FRENTE AL CAMBIO CLIM\u00c1TICO"}]},{"@type":"WebSite","@id":"https:\/\/apuntesdesanluis.com\/#website","url":"https:\/\/apuntesdesanluis.com\/","name":"Apuntes de San Luis","description":"","publisher":{"@id":"https:\/\/apuntesdesanluis.com\/#\/schema\/person\/b55151d52296fcce64d1a72538a70b90"},"potentialAction":[{"@type":"SearchAction","target":{"@type":"EntryPoint","urlTemplate":"https:\/\/apuntesdesanluis.com\/?s={search_term_string}"},"query-input":{"@type":"PropertyValueSpecification","valueRequired":true,"valueName":"search_term_string"}}],"inLanguage":"es-AR"},{"@type":["Person","Organization"],"@id":"https:\/\/apuntesdesanluis.com\/#\/schema\/person\/b55151d52296fcce64d1a72538a70b90","name":"apuntesdesanluis.com","image":{"@type":"ImageObject","inLanguage":"es-AR","@id":"https:\/\/apuntesdesanluis.com\/#\/schema\/person\/image\/","url":"https:\/\/apuntesdesanluis.com\/wp-content\/uploads\/2023\/07\/cropped-apuntesdesanluis.png","contentUrl":"https:\/\/apuntesdesanluis.com\/wp-content\/uploads\/2023\/07\/cropped-apuntesdesanluis.png","width":450,"height":112,"caption":"apuntesdesanluis.com"},"logo":{"@id":"https:\/\/apuntesdesanluis.com\/#\/schema\/person\/image\/"},"sameAs":["https:\/\/apuntesdesanluis.com"],"url":"https:\/\/apuntesdesanluis.com\/index.php\/author\/apuntesdesanluis-com\/"}]}},"featured_image_urls":{"full":["https:\/\/apuntesdesanluis.com\/wp-content\/uploads\/2023\/10\/red-argentina-de-municipios-frente-al-cambio-climatico.png",525,335,false],"thumbnail":["https:\/\/apuntesdesanluis.com\/wp-content\/uploads\/2023\/10\/red-argentina-de-municipios-frente-al-cambio-climatico-150x150.png",150,150,true],"medium":["https:\/\/apuntesdesanluis.com\/wp-content\/uploads\/2023\/10\/red-argentina-de-municipios-frente-al-cambio-climatico-300x191.png",300,191,true],"medium_large":["https:\/\/apuntesdesanluis.com\/wp-content\/uploads\/2023\/10\/red-argentina-de-municipios-frente-al-cambio-climatico.png",525,335,false],"large":["https:\/\/apuntesdesanluis.com\/wp-content\/uploads\/2023\/10\/red-argentina-de-municipios-frente-al-cambio-climatico.png",525,335,false],"1536x1536":["https:\/\/apuntesdesanluis.com\/wp-content\/uploads\/2023\/10\/red-argentina-de-municipios-frente-al-cambio-climatico.png",525,335,false],"2048x2048":["https:\/\/apuntesdesanluis.com\/wp-content\/uploads\/2023\/10\/red-argentina-de-municipios-frente-al-cambio-climatico.png",525,335,false],"newsever-slider-full":["https:\/\/apuntesdesanluis.com\/wp-content\/uploads\/2023\/10\/red-argentina-de-municipios-frente-al-cambio-climatico.png",525,335,false],"newsever-featured":["https:\/\/apuntesdesanluis.com\/wp-content\/uploads\/2023\/10\/red-argentina-de-municipios-frente-al-cambio-climatico.png",525,335,false],"newsever-medium":["https:\/\/apuntesdesanluis.com\/wp-content\/uploads\/2023\/10\/red-argentina-de-municipios-frente-al-cambio-climatico.png",525,335,false]},"author_info":{"display_name":"apuntesdesanluis.com","author_link":"https:\/\/apuntesdesanluis.com\/index.php\/author\/apuntesdesanluis-com\/"},"category_info":"<a href=\"https:\/\/apuntesdesanluis.com\/index.php\/category\/ciudad-provincia\/\" rel=\"category tag\">Ciudad\/Provincia<\/a>","tag_info":"Ciudad\/Provincia","comment_count":"0","_links":{"self":[{"href":"https:\/\/apuntesdesanluis.com\/index.php\/wp-json\/wp\/v2\/posts\/5802","targetHints":{"allow":["GET"]}}],"collection":[{"href":"https:\/\/apuntesdesanluis.com\/index.php\/wp-json\/wp\/v2\/posts"}],"about":[{"href":"https:\/\/apuntesdesanluis.com\/index.php\/wp-json\/wp\/v2\/types\/post"}],"author":[{"embeddable":true,"href":"https:\/\/apuntesdesanluis.com\/index.php\/wp-json\/wp\/v2\/users\/1"}],"replies":[{"embeddable":true,"href":"https:\/\/apuntesdesanluis.com\/index.php\/wp-json\/wp\/v2\/comments?post=5802"}],"version-history":[{"count":2,"href":"https:\/\/apuntesdesanluis.com\/index.php\/wp-json\/wp\/v2\/posts\/5802\/revisions"}],"predecessor-version":[{"id":5806,"href":"https:\/\/apuntesdesanluis.com\/index.php\/wp-json\/wp\/v2\/posts\/5802\/revisions\/5806"}],"wp:featuredmedia":[{"embeddable":true,"href":"https:\/\/apuntesdesanluis.com\/index.php\/wp-json\/wp\/v2\/media\/5803"}],"wp:attachment":[{"href":"https:\/\/apuntesdesanluis.com\/index.php\/wp-json\/wp\/v2\/media?parent=5802"}],"wp:term":[{"taxonomy":"category","embeddable":true,"href":"https:\/\/apuntesdesanluis.com\/index.php\/wp-json\/wp\/v2\/categories?post=5802"},{"taxonomy":"post_tag","embeddable":true,"href":"https:\/\/apuntesdesanluis.com\/index.php\/wp-json\/wp\/v2\/tags?post=5802"}],"curies":[{"name":"wp","href":"https:\/\/api.w.org\/{rel}","templated":true}]}}