{"id":5831,"date":"2023-10-25T21:06:43","date_gmt":"2023-10-26T00:06:43","guid":{"rendered":"https:\/\/apuntesdesanluis.com\/?p=5831"},"modified":"2023-10-25T21:06:43","modified_gmt":"2023-10-26T00:06:43","slug":"bullrich-anuncio-su-apoyo-a-milei-la-urgencia-del-momento-nos-interpela-a-no-ser-neutrales","status":"publish","type":"post","link":"https:\/\/apuntesdesanluis.com\/index.php\/2023\/10\/25\/bullrich-anuncio-su-apoyo-a-milei-la-urgencia-del-momento-nos-interpela-a-no-ser-neutrales\/","title":{"rendered":"BULLRICH ANUNCI\u00d3 SU APOYO A MILEI: \u201cLA URGENCIA DEL MOMENTO NOS INTERPELA A NO SER NEUTRALES\u201d"},"content":{"rendered":"<h3>La titular del PRO, <strong>Patricia Bullrich<\/strong>, se pronunci\u00f3 a favor de respaldar al libertario <strong>Javier Milei<\/strong> en el balotaje que tendr\u00e1 lugar el pr\u00f3ximo 19 de noviembre contra Sergio Massa.\u00a0En conferencia de prensa junto al radical Luis Petri, remarc\u00f3: &#8220;Un triunfo de Massa ser\u00eda la continuidad del peor gobierno de la historia&#8221;.<\/h3>\n<h3>\u201cEsta f\u00f3rmula fue elegida de manera democr\u00e1tica en las PASO. Venimos en representaci\u00f3n, no de nuestros partidos, sino por haber tenido el apoyo de 6.200.000 argentinos\u201d, plante\u00f3 la exministra al comenzar la conferencia y asegur\u00f3 que un gobierno a cargo de Sergio Massa Massa implicar\u00eda \u201cque Cristina Kirchner se garantice la impunidad\u201d y que el Estado contin\u00fae \u201csiendo una guarida de \u00f1oquis y capitalismo de amigos\u201d.<\/h3>\n<h3>\u201cLa Patria est\u00e1 en peligro. Hace 20 a\u00f1os nos hunden en la decadencia\u201d, diagnostic\u00f3, y complet\u00f3: &#8220;Con Milei tenemos diferencias, no las ocultamos, pero nos encontramos ante el dilema del cambio o continuaci\u00f3n mafiosa y queremos terminar con la verg\u00fcenza del presente&#8221;.<\/h3>\n<h3>Asimismo, diferenci\u00f3 entre el apoyo electoral de un acuerdo program\u00e1tica con el libertario: \u201cNo hablamos de gobierno, no estamos en un pacto, lo que decimos es nuestra postura frente a la sociedad. No hay un di\u00e1logo de cogobierno. Es una decisi\u00f3n de pol\u00edtica-estrat\u00e9gica\u201d.<\/h3>\n<h3>Por otro lado, resalt\u00f3: \u201cPara que la Argentina salga adelante necesita un cambio de ra\u00edz, que asegure un capitalismo, y que se termine con la emisi\u00f3n monetaria para terminar con la inflaci\u00f3n\u201d.<\/h3>\n<h3>&#8220;La mayor\u00eda de los argentinos eligi\u00f3 un cambio y no negociamos el cambio. No los vamos a abandonar, siempre los vamos a defender&#8221;, subray\u00f3.<\/h3>\n<h3>La titular del PRO aclar\u00f3 que su postura es &#8220;en nombre de la f\u00f3rmula&#8221; y no del espacio, y plante\u00f3: &#8220;Luego daremos la discusiones que haya que dar\u201d. \u201cA Macri le cabe la misma responsabilidad que los miles de militantes de Juntos por el Cambio, la responsabilidad principal [de la derrota en las generales] la tenemos nosotros dos\u201d, subray\u00f3.<\/h3>\n<h3>&#8220;Si gana el kirchnerismo, Juntos por el Cambio va a una disoluci\u00f3n total. Con esta posici\u00f3n estamos permitiendo que Juntos por el Cambio no quede preso de una nueva transversalidad&#8221;.<\/h3>\n<h3>Consultada respecto a las diferencias planteadas por sus socios de espacio, la Uni\u00f3n C\u00edvica Radical (UCR), Bullrich sostuvo que el radicalismo &#8220;tiene todo el derecho de tener libertad de acci\u00f3n, al igual que el PRO&#8221;, aunque pidi\u00f3 &#8220;que no signifique una ruptura del di\u00e1logo interno sino que sea un fortalecimiento a futuro de Juntos por el Cambio\u201d.<\/h3>\n<h3>A su turno, Luis Petri aclar\u00f3: &#8220;La neutralidad es funcional al kirchnerismo. Hoy nos pronunciamos a favor de la candidatura de Javier Milei&#8221;.<\/h3>\n<h3>La postura adoptada por la exministra de Seguridad gener\u00f3 ruido interno en Juntos por el Cambio luego de que otras fuerzas que componen la coalici\u00f3n llamaran a no tomar partido por ninguno de los aspirantes presidenciales. Por la tarde y luego de la reuni\u00f3n de la c\u00fapula de la Uni\u00f3n C\u00edvica Radical, los gobernadores de la coalici\u00f3n opositora mantendr\u00e1n un encuentro para definir postura conjunta.<\/h3>\n","protected":false},"excerpt":{"rendered":"<p>La titular del PRO, Patricia Bullrich, se pronunci\u00f3 a favor de respaldar al libertario Javier&#8230;<\/p>\n","protected":false},"author":1,"featured_media":5832,"comment_status":"closed","ping_status":"closed","sticky":false,"template":"","format":"standard","meta":{"footnotes":""},"categories":[5],"tags":[],"class_list":["post-5831","post","type-post","status-publish","format-standard","has-post-thumbnail","hentry","category-nacionales-internacionales"],"yoast_head":"<!-- This site is optimized with the Yoast SEO plugin v26.1.1 - https:\/\/yoast.com\/wordpress\/plugins\/seo\/ -->\n<title>BULLRICH ANUNCI\u00d3 SU APOYO A MILEI: \u201cLA URGENCIA DEL MOMENTO NOS INTERPELA A NO SER NEUTRALES\u201d - Apuntes de San Luis<\/title>\n<meta name=\"robots\" content=\"index, follow, max-snippet:-1, max-image-preview:large, max-video-preview:-1\" \/>\n<link rel=\"canonical\" href=\"https:\/\/apuntesdesanluis.com\/index.php\/2023\/10\/25\/bullrich-anuncio-su-apoyo-a-milei-la-urgencia-del-momento-nos-interpela-a-no-ser-neutrales\/\" \/>\n<meta property=\"og:locale\" content=\"es_ES\" \/>\n<meta property=\"og:type\" content=\"article\" \/>\n<meta property=\"og:title\" content=\"BULLRICH ANUNCI\u00d3 SU APOYO A MILEI: \u201cLA URGENCIA DEL MOMENTO NOS INTERPELA A NO SER NEUTRALES\u201d - Apuntes de San Luis\" \/>\n<meta property=\"og:description\" content=\"La titular del PRO, Patricia Bullrich, se pronunci\u00f3 a favor de respaldar al libertario Javier...\" \/>\n<meta property=\"og:url\" content=\"https:\/\/apuntesdesanluis.com\/index.php\/2023\/10\/25\/bullrich-anuncio-su-apoyo-a-milei-la-urgencia-del-momento-nos-interpela-a-no-ser-neutrales\/\" \/>\n<meta property=\"og:site_name\" content=\"Apuntes de San Luis\" \/>\n<meta property=\"article:published_time\" content=\"2023-10-26T00:06:43+00:00\" \/>\n<meta property=\"og:image\" content=\"https:\/\/apuntesdesanluis.com\/wp-content\/uploads\/2023\/10\/bullrich-3.png\" \/>\n\t<meta property=\"og:image:width\" content=\"686\" \/>\n\t<meta property=\"og:image:height\" content=\"401\" \/>\n\t<meta property=\"og:image:type\" content=\"image\/png\" \/>\n<meta name=\"author\" content=\"apuntesdesanluis.com\" \/>\n<meta name=\"twitter:card\" content=\"summary_large_image\" \/>\n<meta name=\"twitter:label1\" content=\"Escrito por\" \/>\n\t<meta name=\"twitter:data1\" content=\"apuntesdesanluis.com\" \/>\n\t<meta name=\"twitter:label2\" content=\"Tiempo de lectura\" \/>\n\t<meta name=\"twitter:data2\" content=\"3 minutos\" \/>\n<script type=\"application\/ld+json\" class=\"yoast-schema-graph\">{\"@context\":\"https:\/\/schema.org\",\"@graph\":[{\"@type\":\"Article\",\"@id\":\"https:\/\/apuntesdesanluis.com\/index.php\/2023\/10\/25\/bullrich-anuncio-su-apoyo-a-milei-la-urgencia-del-momento-nos-interpela-a-no-ser-neutrales\/#article\",\"isPartOf\":{\"@id\":\"https:\/\/apuntesdesanluis.com\/index.php\/2023\/10\/25\/bullrich-anuncio-su-apoyo-a-milei-la-urgencia-del-momento-nos-interpela-a-no-ser-neutrales\/\"},\"author\":{\"name\":\"apuntesdesanluis.com\",\"@id\":\"https:\/\/apuntesdesanluis.com\/#\/schema\/person\/b55151d52296fcce64d1a72538a70b90\"},\"headline\":\"BULLRICH ANUNCI\u00d3 SU APOYO A MILEI: \u201cLA URGENCIA DEL MOMENTO NOS INTERPELA A NO SER NEUTRALES\u201d\",\"datePublished\":\"2023-10-26T00:06:43+00:00\",\"mainEntityOfPage\":{\"@id\":\"https:\/\/apuntesdesanluis.com\/index.php\/2023\/10\/25\/bullrich-anuncio-su-apoyo-a-milei-la-urgencia-del-momento-nos-interpela-a-no-ser-neutrales\/\"},\"wordCount\":540,\"publisher\":{\"@id\":\"https:\/\/apuntesdesanluis.com\/#\/schema\/person\/b55151d52296fcce64d1a72538a70b90\"},\"image\":{\"@id\":\"https:\/\/apuntesdesanluis.com\/index.php\/2023\/10\/25\/bullrich-anuncio-su-apoyo-a-milei-la-urgencia-del-momento-nos-interpela-a-no-ser-neutrales\/#primaryimage\"},\"thumbnailUrl\":\"https:\/\/apuntesdesanluis.com\/wp-content\/uploads\/2023\/10\/bullrich-3.png\",\"articleSection\":[\"Nacionales\/Internacionales\"],\"inLanguage\":\"es-AR\"},{\"@type\":\"WebPage\",\"@id\":\"https:\/\/apuntesdesanluis.com\/index.php\/2023\/10\/25\/bullrich-anuncio-su-apoyo-a-milei-la-urgencia-del-momento-nos-interpela-a-no-ser-neutrales\/\",\"url\":\"https:\/\/apuntesdesanluis.com\/index.php\/2023\/10\/25\/bullrich-anuncio-su-apoyo-a-milei-la-urgencia-del-momento-nos-interpela-a-no-ser-neutrales\/\",\"name\":\"BULLRICH ANUNCI\u00d3 SU APOYO A MILEI: \u201cLA URGENCIA DEL MOMENTO NOS INTERPELA A NO SER NEUTRALES\u201d - Apuntes de San Luis\",\"isPartOf\":{\"@id\":\"https:\/\/apuntesdesanluis.com\/#website\"},\"primaryImageOfPage\":{\"@id\":\"https:\/\/apuntesdesanluis.com\/index.php\/2023\/10\/25\/bullrich-anuncio-su-apoyo-a-milei-la-urgencia-del-momento-nos-interpela-a-no-ser-neutrales\/#primaryimage\"},\"image\":{\"@id\":\"https:\/\/apuntesdesanluis.com\/index.php\/2023\/10\/25\/bullrich-anuncio-su-apoyo-a-milei-la-urgencia-del-momento-nos-interpela-a-no-ser-neutrales\/#primaryimage\"},\"thumbnailUrl\":\"https:\/\/apuntesdesanluis.com\/wp-content\/uploads\/2023\/10\/bullrich-3.png\",\"datePublished\":\"2023-10-26T00:06:43+00:00\",\"breadcrumb\":{\"@id\":\"https:\/\/apuntesdesanluis.com\/index.php\/2023\/10\/25\/bullrich-anuncio-su-apoyo-a-milei-la-urgencia-del-momento-nos-interpela-a-no-ser-neutrales\/#breadcrumb\"},\"inLanguage\":\"es-AR\",\"potentialAction\":[{\"@type\":\"ReadAction\",\"target\":[\"https:\/\/apuntesdesanluis.com\/index.php\/2023\/10\/25\/bullrich-anuncio-su-apoyo-a-milei-la-urgencia-del-momento-nos-interpela-a-no-ser-neutrales\/\"]}]},{\"@type\":\"ImageObject\",\"inLanguage\":\"es-AR\",\"@id\":\"https:\/\/apuntesdesanluis.com\/index.php\/2023\/10\/25\/bullrich-anuncio-su-apoyo-a-milei-la-urgencia-del-momento-nos-interpela-a-no-ser-neutrales\/#primaryimage\",\"url\":\"https:\/\/apuntesdesanluis.com\/wp-content\/uploads\/2023\/10\/bullrich-3.png\",\"contentUrl\":\"https:\/\/apuntesdesanluis.com\/wp-content\/uploads\/2023\/10\/bullrich-3.png\",\"width\":686,\"height\":401},{\"@type\":\"BreadcrumbList\",\"@id\":\"https:\/\/apuntesdesanluis.com\/index.php\/2023\/10\/25\/bullrich-anuncio-su-apoyo-a-milei-la-urgencia-del-momento-nos-interpela-a-no-ser-neutrales\/#breadcrumb\",\"itemListElement\":[{\"@type\":\"ListItem\",\"position\":1,\"name\":\"Inicio\",\"item\":\"https:\/\/apuntesdesanluis.com\/\"},{\"@type\":\"ListItem\",\"position\":2,\"name\":\"BULLRICH ANUNCI\u00d3 SU APOYO A MILEI: \u201cLA URGENCIA DEL MOMENTO NOS INTERPELA A NO SER NEUTRALES\u201d\"}]},{\"@type\":\"WebSite\",\"@id\":\"https:\/\/apuntesdesanluis.com\/#website\",\"url\":\"https:\/\/apuntesdesanluis.com\/\",\"name\":\"Apuntes de San Luis\",\"description\":\"\",\"publisher\":{\"@id\":\"https:\/\/apuntesdesanluis.com\/#\/schema\/person\/b55151d52296fcce64d1a72538a70b90\"},\"potentialAction\":[{\"@type\":\"SearchAction\",\"target\":{\"@type\":\"EntryPoint\",\"urlTemplate\":\"https:\/\/apuntesdesanluis.com\/?s={search_term_string}\"},\"query-input\":{\"@type\":\"PropertyValueSpecification\",\"valueRequired\":true,\"valueName\":\"search_term_string\"}}],\"inLanguage\":\"es-AR\"},{\"@type\":[\"Person\",\"Organization\"],\"@id\":\"https:\/\/apuntesdesanluis.com\/#\/schema\/person\/b55151d52296fcce64d1a72538a70b90\",\"name\":\"apuntesdesanluis.com\",\"image\":{\"@type\":\"ImageObject\",\"inLanguage\":\"es-AR\",\"@id\":\"https:\/\/apuntesdesanluis.com\/#\/schema\/person\/image\/\",\"url\":\"https:\/\/apuntesdesanluis.com\/wp-content\/uploads\/2023\/07\/cropped-apuntesdesanluis.png\",\"contentUrl\":\"https:\/\/apuntesdesanluis.com\/wp-content\/uploads\/2023\/07\/cropped-apuntesdesanluis.png\",\"width\":450,\"height\":112,\"caption\":\"apuntesdesanluis.com\"},\"logo\":{\"@id\":\"https:\/\/apuntesdesanluis.com\/#\/schema\/person\/image\/\"},\"sameAs\":[\"https:\/\/apuntesdesanluis.com\"],\"url\":\"https:\/\/apuntesdesanluis.com\/index.php\/author\/apuntesdesanluis-com\/\"}]}<\/script>\n<!-- \/ Yoast SEO plugin. -->","yoast_head_json":{"title":"BULLRICH ANUNCI\u00d3 SU APOYO A MILEI: \u201cLA URGENCIA DEL MOMENTO NOS INTERPELA A NO SER NEUTRALES\u201d - Apuntes de San Luis","robots":{"index":"index","follow":"follow","max-snippet":"max-snippet:-1","max-image-preview":"max-image-preview:large","max-video-preview":"max-video-preview:-1"},"canonical":"https:\/\/apuntesdesanluis.com\/index.php\/2023\/10\/25\/bullrich-anuncio-su-apoyo-a-milei-la-urgencia-del-momento-nos-interpela-a-no-ser-neutrales\/","og_locale":"es_ES","og_type":"article","og_title":"BULLRICH ANUNCI\u00d3 SU APOYO A MILEI: \u201cLA URGENCIA DEL MOMENTO NOS INTERPELA A NO SER NEUTRALES\u201d - Apuntes de San Luis","og_description":"La titular del PRO, Patricia Bullrich, se pronunci\u00f3 a favor de respaldar al libertario Javier...","og_url":"https:\/\/apuntesdesanluis.com\/index.php\/2023\/10\/25\/bullrich-anuncio-su-apoyo-a-milei-la-urgencia-del-momento-nos-interpela-a-no-ser-neutrales\/","og_site_name":"Apuntes de San Luis","article_published_time":"2023-10-26T00:06:43+00:00","og_image":[{"width":686,"height":401,"url":"https:\/\/apuntesdesanluis.com\/wp-content\/uploads\/2023\/10\/bullrich-3.png","type":"image\/png"}],"author":"apuntesdesanluis.com","twitter_card":"summary_large_image","twitter_misc":{"Escrito por":"apuntesdesanluis.com","Tiempo de lectura":"3 minutos"},"schema":{"@context":"https:\/\/schema.org","@graph":[{"@type":"Article","@id":"https:\/\/apuntesdesanluis.com\/index.php\/2023\/10\/25\/bullrich-anuncio-su-apoyo-a-milei-la-urgencia-del-momento-nos-interpela-a-no-ser-neutrales\/#article","isPartOf":{"@id":"https:\/\/apuntesdesanluis.com\/index.php\/2023\/10\/25\/bullrich-anuncio-su-apoyo-a-milei-la-urgencia-del-momento-nos-interpela-a-no-ser-neutrales\/"},"author":{"name":"apuntesdesanluis.com","@id":"https:\/\/apuntesdesanluis.com\/#\/schema\/person\/b55151d52296fcce64d1a72538a70b90"},"headline":"BULLRICH ANUNCI\u00d3 SU APOYO A MILEI: \u201cLA URGENCIA DEL MOMENTO NOS INTERPELA A NO SER NEUTRALES\u201d","datePublished":"2023-10-26T00:06:43+00:00","mainEntityOfPage":{"@id":"https:\/\/apuntesdesanluis.com\/index.php\/2023\/10\/25\/bullrich-anuncio-su-apoyo-a-milei-la-urgencia-del-momento-nos-interpela-a-no-ser-neutrales\/"},"wordCount":540,"publisher":{"@id":"https:\/\/apuntesdesanluis.com\/#\/schema\/person\/b55151d52296fcce64d1a72538a70b90"},"image":{"@id":"https:\/\/apuntesdesanluis.com\/index.php\/2023\/10\/25\/bullrich-anuncio-su-apoyo-a-milei-la-urgencia-del-momento-nos-interpela-a-no-ser-neutrales\/#primaryimage"},"thumbnailUrl":"https:\/\/apuntesdesanluis.com\/wp-content\/uploads\/2023\/10\/bullrich-3.png","articleSection":["Nacionales\/Internacionales"],"inLanguage":"es-AR"},{"@type":"WebPage","@id":"https:\/\/apuntesdesanluis.com\/index.php\/2023\/10\/25\/bullrich-anuncio-su-apoyo-a-milei-la-urgencia-del-momento-nos-interpela-a-no-ser-neutrales\/","url":"https:\/\/apuntesdesanluis.com\/index.php\/2023\/10\/25\/bullrich-anuncio-su-apoyo-a-milei-la-urgencia-del-momento-nos-interpela-a-no-ser-neutrales\/","name":"BULLRICH ANUNCI\u00d3 SU APOYO A MILEI: \u201cLA URGENCIA DEL MOMENTO NOS INTERPELA A NO SER NEUTRALES\u201d - Apuntes de San Luis","isPartOf":{"@id":"https:\/\/apuntesdesanluis.com\/#website"},"primaryImageOfPage":{"@id":"https:\/\/apuntesdesanluis.com\/index.php\/2023\/10\/25\/bullrich-anuncio-su-apoyo-a-milei-la-urgencia-del-momento-nos-interpela-a-no-ser-neutrales\/#primaryimage"},"image":{"@id":"https:\/\/apuntesdesanluis.com\/index.php\/2023\/10\/25\/bullrich-anuncio-su-apoyo-a-milei-la-urgencia-del-momento-nos-interpela-a-no-ser-neutrales\/#primaryimage"},"thumbnailUrl":"https:\/\/apuntesdesanluis.com\/wp-content\/uploads\/2023\/10\/bullrich-3.png","datePublished":"2023-10-26T00:06:43+00:00","breadcrumb":{"@id":"https:\/\/apuntesdesanluis.com\/index.php\/2023\/10\/25\/bullrich-anuncio-su-apoyo-a-milei-la-urgencia-del-momento-nos-interpela-a-no-ser-neutrales\/#breadcrumb"},"inLanguage":"es-AR","potentialAction":[{"@type":"ReadAction","target":["https:\/\/apuntesdesanluis.com\/index.php\/2023\/10\/25\/bullrich-anuncio-su-apoyo-a-milei-la-urgencia-del-momento-nos-interpela-a-no-ser-neutrales\/"]}]},{"@type":"ImageObject","inLanguage":"es-AR","@id":"https:\/\/apuntesdesanluis.com\/index.php\/2023\/10\/25\/bullrich-anuncio-su-apoyo-a-milei-la-urgencia-del-momento-nos-interpela-a-no-ser-neutrales\/#primaryimage","url":"https:\/\/apuntesdesanluis.com\/wp-content\/uploads\/2023\/10\/bullrich-3.png","contentUrl":"https:\/\/apuntesdesanluis.com\/wp-content\/uploads\/2023\/10\/bullrich-3.png","width":686,"height":401},{"@type":"BreadcrumbList","@id":"https:\/\/apuntesdesanluis.com\/index.php\/2023\/10\/25\/bullrich-anuncio-su-apoyo-a-milei-la-urgencia-del-momento-nos-interpela-a-no-ser-neutrales\/#breadcrumb","itemListElement":[{"@type":"ListItem","position":1,"name":"Inicio","item":"https:\/\/apuntesdesanluis.com\/"},{"@type":"ListItem","position":2,"name":"BULLRICH ANUNCI\u00d3 SU APOYO A MILEI: \u201cLA URGENCIA DEL MOMENTO NOS INTERPELA A NO SER NEUTRALES\u201d"}]},{"@type":"WebSite","@id":"https:\/\/apuntesdesanluis.com\/#website","url":"https:\/\/apuntesdesanluis.com\/","name":"Apuntes de San Luis","description":"","publisher":{"@id":"https:\/\/apuntesdesanluis.com\/#\/schema\/person\/b55151d52296fcce64d1a72538a70b90"},"potentialAction":[{"@type":"SearchAction","target":{"@type":"EntryPoint","urlTemplate":"https:\/\/apuntesdesanluis.com\/?s={search_term_string}"},"query-input":{"@type":"PropertyValueSpecification","valueRequired":true,"valueName":"search_term_string"}}],"inLanguage":"es-AR"},{"@type":["Person","Organization"],"@id":"https:\/\/apuntesdesanluis.com\/#\/schema\/person\/b55151d52296fcce64d1a72538a70b90","name":"apuntesdesanluis.com","image":{"@type":"ImageObject","inLanguage":"es-AR","@id":"https:\/\/apuntesdesanluis.com\/#\/schema\/person\/image\/","url":"https:\/\/apuntesdesanluis.com\/wp-content\/uploads\/2023\/07\/cropped-apuntesdesanluis.png","contentUrl":"https:\/\/apuntesdesanluis.com\/wp-content\/uploads\/2023\/07\/cropped-apuntesdesanluis.png","width":450,"height":112,"caption":"apuntesdesanluis.com"},"logo":{"@id":"https:\/\/apuntesdesanluis.com\/#\/schema\/person\/image\/"},"sameAs":["https:\/\/apuntesdesanluis.com"],"url":"https:\/\/apuntesdesanluis.com\/index.php\/author\/apuntesdesanluis-com\/"}]}},"featured_image_urls":{"full":["https:\/\/apuntesdesanluis.com\/wp-content\/uploads\/2023\/10\/bullrich-3.png",686,401,false],"thumbnail":["https:\/\/apuntesdesanluis.com\/wp-content\/uploads\/2023\/10\/bullrich-3-150x150.png",150,150,true],"medium":["https:\/\/apuntesdesanluis.com\/wp-content\/uploads\/2023\/10\/bullrich-3-300x175.png",300,175,true],"medium_large":["https:\/\/apuntesdesanluis.com\/wp-content\/uploads\/2023\/10\/bullrich-3.png",640,374,false],"large":["https:\/\/apuntesdesanluis.com\/wp-content\/uploads\/2023\/10\/bullrich-3.png",640,374,false],"1536x1536":["https:\/\/apuntesdesanluis.com\/wp-content\/uploads\/2023\/10\/bullrich-3.png",686,401,false],"2048x2048":["https:\/\/apuntesdesanluis.com\/wp-content\/uploads\/2023\/10\/bullrich-3.png",686,401,false],"newsever-slider-full":["https:\/\/apuntesdesanluis.com\/wp-content\/uploads\/2023\/10\/bullrich-3.png",686,401,false],"newsever-featured":["https:\/\/apuntesdesanluis.com\/wp-content\/uploads\/2023\/10\/bullrich-3.png",686,401,false],"newsever-medium":["https:\/\/apuntesdesanluis.com\/wp-content\/uploads\/2023\/10\/bullrich-3.png",686,401,false]},"author_info":{"display_name":"apuntesdesanluis.com","author_link":"https:\/\/apuntesdesanluis.com\/index.php\/author\/apuntesdesanluis-com\/"},"category_info":"<a href=\"https:\/\/apuntesdesanluis.com\/index.php\/category\/nacionales-internacionales\/\" rel=\"category tag\">Nacionales\/Internacionales<\/a>","tag_info":"Nacionales\/Internacionales","comment_count":"0","_links":{"self":[{"href":"https:\/\/apuntesdesanluis.com\/index.php\/wp-json\/wp\/v2\/posts\/5831","targetHints":{"allow":["GET"]}}],"collection":[{"href":"https:\/\/apuntesdesanluis.com\/index.php\/wp-json\/wp\/v2\/posts"}],"about":[{"href":"https:\/\/apuntesdesanluis.com\/index.php\/wp-json\/wp\/v2\/types\/post"}],"author":[{"embeddable":true,"href":"https:\/\/apuntesdesanluis.com\/index.php\/wp-json\/wp\/v2\/users\/1"}],"replies":[{"embeddable":true,"href":"https:\/\/apuntesdesanluis.com\/index.php\/wp-json\/wp\/v2\/comments?post=5831"}],"version-history":[{"count":1,"href":"https:\/\/apuntesdesanluis.com\/index.php\/wp-json\/wp\/v2\/posts\/5831\/revisions"}],"predecessor-version":[{"id":5833,"href":"https:\/\/apuntesdesanluis.com\/index.php\/wp-json\/wp\/v2\/posts\/5831\/revisions\/5833"}],"wp:featuredmedia":[{"embeddable":true,"href":"https:\/\/apuntesdesanluis.com\/index.php\/wp-json\/wp\/v2\/media\/5832"}],"wp:attachment":[{"href":"https:\/\/apuntesdesanluis.com\/index.php\/wp-json\/wp\/v2\/media?parent=5831"}],"wp:term":[{"taxonomy":"category","embeddable":true,"href":"https:\/\/apuntesdesanluis.com\/index.php\/wp-json\/wp\/v2\/categories?post=5831"},{"taxonomy":"post_tag","embeddable":true,"href":"https:\/\/apuntesdesanluis.com\/index.php\/wp-json\/wp\/v2\/tags?post=5831"}],"curies":[{"name":"wp","href":"https:\/\/api.w.org\/{rel}","templated":true}]}}