{"id":5834,"date":"2023-10-25T21:15:24","date_gmt":"2023-10-26T00:15:24","guid":{"rendered":"https:\/\/apuntesdesanluis.com\/?p=5834"},"modified":"2023-10-25T21:15:24","modified_gmt":"2023-10-26T00:15:24","slug":"elisa-carrio-exploto-luego-del-apoyo-de-bullrich-macri-siempre-jugo-con-milei","status":"publish","type":"post","link":"https:\/\/apuntesdesanluis.com\/index.php\/2023\/10\/25\/elisa-carrio-exploto-luego-del-apoyo-de-bullrich-macri-siempre-jugo-con-milei\/","title":{"rendered":"ELISA CARRI\u00d3 EXPLOT\u00d3 LUEGO DEL APOYO DE BULLRICH: \u201cMACRI SIEMPRE JUG\u00d3 CON MILEI\u201d"},"content":{"rendered":"<h3><\/h3>\n<h3>La titular de la Coalici\u00f3n C\u00edvica y fundadora de Juntos por el Cambio explot\u00f3 contra el ex Presidente por el apoyo que dio Patricia Bullrich a los libertarios y lo responsabiliz\u00f3 por la ruptura de la coalici\u00f3n. \u201cSu lado oscuro le gan\u00f3\u201d, asegur\u00f3.<\/h3>\n<h3>&#8220;Siempre Macri jug\u00f3 para Milei y para la destrucci\u00f3n de Juntos por el Cambio&#8221;, fustig\u00f3 Elisa Carri\u00f3 en la previa del anuncio de Patricia Bullrich<\/h3>\n<h3>Elisa Carri\u00f3, titular de la Coalici\u00f3n C\u00edvica y fundadora de Juntos por el Cambio, se pronunci\u00f3 en duros t\u00e9rminos contra Mauricio Macri en la previa al anuncio de la ex candidata presidencial Patricia Bullrich, en la que formaliz\u00f3 su respaldo a Javier Milei en el balotaje del 19 de noviembre, a pesar de que a\u00fan la coalici\u00f3n no sell\u00f3 una postura unificada y tiene diferencias expl\u00edcitas sobre la figura del dirigente libertario.<\/h3>\n<h3>Desde hace tiempo, \u201cLilita\u201d cree que el ex Presidente es el cerebro de la jugada pol\u00edtica para tejer una alianza con el espacio de La Libertad Avanza (LLA). \u201cSiempre Macri jug\u00f3 para Milei y para la destrucci\u00f3n de Juntos por el Cambio, la verdad hist\u00f3rica es esa\u201d, acus\u00f3 al dirigente del PRO.<\/h3>\n<h3>\u201cNosotros no vamos a someternos a ninguna extorsi\u00f3n aunque provenga de un pueblo, no vamos a dar el salto al vac\u00edo para la venta de \u00f3rganos porque viola los derechos humanos, no estamos de acuerdo con la venta de ni\u00f1os y la legalizaci\u00f3n del narcotr\u00e1fico, todo esto va a conducir a delitos de lesa humanidad\u201d, asegur\u00f3 Carri\u00f3 en di\u00e1logo con el periodista Luis Novaresio por el canal LN+.<\/h3>\n<p><iframe title=\"Elisa Carri\u00f3, tras el acercamiento entre JxC y LLA: &quot;El kirchnerismo ya gan\u00f3&quot;\" width=\"640\" height=\"360\" src=\"https:\/\/www.youtube.com\/embed\/rWr1G2syY_Y?feature=oembed\" frameborder=\"0\" allow=\"accelerometer; autoplay; clipboard-write; encrypted-media; gyroscope; picture-in-picture; web-share\" referrerpolicy=\"strict-origin-when-cross-origin\" allowfullscreen><\/iframe><\/p>\n<h3>La ex diputada nacional asegur\u00f3 que estuvo del lado de Mauricio Macri desde la derrota de 2019, y que colabor\u00f3 intensamente con su gesti\u00f3n en asuntos como la reforma previsional de 2017. Y que es el ex presidente quien va a producir finalmente la ruptura de Juntos por el Cambio. \u201cSu lado oscuro le gan\u00f3, en consecuencia el que rompe es \u00e9l (por Macri), y la pobre Patricia va a cometer un error hist\u00f3rico\u201d, dijo, y record\u00f3 que \u201cnadie la entendi\u00f3\u201d cuando ella anunci\u00f3 que no hablar\u00eda m\u00e1s con el ex presidente.<\/h3>\n<h3>\u201cMe di cuenta en su cara, y su zona oscura. Se lo dije a Maxi (Ferraro) y a Maricel (Etchecoin): lo que va a hacer Macri es desgastar a Horacio, entregarla a Patricia e irse con Milei\u201d, insisti\u00f3. \u201cPatricia me dej\u00f3 de hablar y yo no voy a forzarla, ella est\u00e1 muy condicionada. Est\u00e1 perdida la partida de bridge para Macri, jug\u00f3 con nosotros, pero perdi\u00f3\u201d, consider\u00f3 tambi\u00e9n en declaraciones a radio Mitre.<\/h3>\n<h3>Seg\u00fan Carri\u00f3, \u201cel kirchnerismo ya gan\u00f3\u201d en este a\u00f1o electoral luego de que el gobernador Axel Kicillof lograra su reelecci\u00f3n este domingo en la provincia de Buenos Aires, y le atribuy\u00f3 esa derrota al \u201cequivocarse Macri con la estrategia\u201d, \u201cde pelearse con (Diego) Santilli y no ponerlo de candidato a gobernador\u201d, agreg\u00f3, en relaci\u00f3n a la interna que se produjo entre el diputado nacional y N\u00e9stor Grindetti, quien result\u00f3 vencedor de la contienda en las primarias del 13 de agosto.<\/h3>\n<h3>En estas elecciones, la dirigente de la Coalici\u00f3n C\u00edvica expuso su posici\u00f3n sobre c\u00f3mo deber\u00e1 pronunciarse la ciudadan\u00eda en las urnas. \u201cHay que impugnar el voto, y el que quiera votar que se haga responsable, porque est\u00e1 avalando\u201d, afirm\u00f3.<\/h3>\n<p><img fetchpriority=\"high\" decoding=\"async\" class=\"wp-image-5836 aligncenter\" src=\"https:\/\/apuntesdesanluis.com\/wp-content\/uploads\/2023\/10\/posteo-de-carrio-221x300.png\" alt=\"\" width=\"619\" height=\"840\" srcset=\"https:\/\/apuntesdesanluis.com\/wp-content\/uploads\/2023\/10\/posteo-de-carrio-221x300.png 221w, https:\/\/apuntesdesanluis.com\/wp-content\/uploads\/2023\/10\/posteo-de-carrio.png 434w\" sizes=\"(max-width: 619px) 100vw, 619px\" \/><\/p>\n<h3>Acerca de la situaci\u00f3n interna del espacio opositor, Carri\u00f3 asegur\u00f3 que \u201cuna parte del PRO tiene nuestra posici\u00f3n\u201d y que \u201cel radicalismo est\u00e1 imposibilitado de actuar en uno u otro lado porque violar\u00eda sus principios republicanos\u201d, consider\u00f3. Y descart\u00f3 que ella o la Coalici\u00f3n C\u00edvica le brinden un respaldo al candidato presidencial de Uni\u00f3n por la Patria, Sergio Massa. \u201cYo lo acus\u00e9 de corrupci\u00f3n y narcotr\u00e1fico durante a\u00f1os\u201d, dijo.<\/h3>\n<p>&nbsp;<\/p>\n<p>&nbsp;<\/p>\n<p>&nbsp;<\/p>\n<p>&nbsp;<\/p>\n","protected":false},"excerpt":{"rendered":"<p>La titular de la Coalici\u00f3n C\u00edvica y fundadora de Juntos por el Cambio explot\u00f3 contra&#8230;<\/p>\n","protected":false},"author":1,"featured_media":5835,"comment_status":"closed","ping_status":"closed","sticky":false,"template":"","format":"standard","meta":{"footnotes":""},"categories":[5],"tags":[],"class_list":["post-5834","post","type-post","status-publish","format-standard","has-post-thumbnail","hentry","category-nacionales-internacionales"],"yoast_head":"<!-- This site is optimized with the Yoast SEO plugin v26.1.1 - https:\/\/yoast.com\/wordpress\/plugins\/seo\/ -->\n<title>ELISA CARRI\u00d3 EXPLOT\u00d3 LUEGO DEL APOYO DE BULLRICH: \u201cMACRI SIEMPRE JUG\u00d3 CON MILEI\u201d - Apuntes de San Luis<\/title>\n<meta name=\"robots\" content=\"index, follow, max-snippet:-1, max-image-preview:large, max-video-preview:-1\" \/>\n<link rel=\"canonical\" href=\"https:\/\/apuntesdesanluis.com\/index.php\/2023\/10\/25\/elisa-carrio-exploto-luego-del-apoyo-de-bullrich-macri-siempre-jugo-con-milei\/\" \/>\n<meta property=\"og:locale\" content=\"es_ES\" \/>\n<meta property=\"og:type\" content=\"article\" \/>\n<meta property=\"og:title\" content=\"ELISA CARRI\u00d3 EXPLOT\u00d3 LUEGO DEL APOYO DE BULLRICH: \u201cMACRI SIEMPRE JUG\u00d3 CON MILEI\u201d - Apuntes de San Luis\" \/>\n<meta property=\"og:description\" content=\"La titular de la Coalici\u00f3n C\u00edvica y fundadora de Juntos por el Cambio explot\u00f3 contra...\" \/>\n<meta property=\"og:url\" content=\"https:\/\/apuntesdesanluis.com\/index.php\/2023\/10\/25\/elisa-carrio-exploto-luego-del-apoyo-de-bullrich-macri-siempre-jugo-con-milei\/\" \/>\n<meta property=\"og:site_name\" content=\"Apuntes de San Luis\" \/>\n<meta property=\"article:published_time\" content=\"2023-10-26T00:15:24+00:00\" \/>\n<meta property=\"og:image\" content=\"https:\/\/apuntesdesanluis.com\/wp-content\/uploads\/2023\/10\/carrio.png\" \/>\n\t<meta property=\"og:image:width\" content=\"600\" \/>\n\t<meta property=\"og:image:height\" content=\"387\" \/>\n\t<meta property=\"og:image:type\" content=\"image\/png\" \/>\n<meta name=\"author\" content=\"apuntesdesanluis.com\" \/>\n<meta name=\"twitter:card\" content=\"summary_large_image\" \/>\n<meta name=\"twitter:label1\" content=\"Escrito por\" \/>\n\t<meta name=\"twitter:data1\" content=\"apuntesdesanluis.com\" \/>\n\t<meta name=\"twitter:label2\" content=\"Tiempo de lectura\" \/>\n\t<meta name=\"twitter:data2\" content=\"4 minutos\" \/>\n<script type=\"application\/ld+json\" class=\"yoast-schema-graph\">{\"@context\":\"https:\/\/schema.org\",\"@graph\":[{\"@type\":\"Article\",\"@id\":\"https:\/\/apuntesdesanluis.com\/index.php\/2023\/10\/25\/elisa-carrio-exploto-luego-del-apoyo-de-bullrich-macri-siempre-jugo-con-milei\/#article\",\"isPartOf\":{\"@id\":\"https:\/\/apuntesdesanluis.com\/index.php\/2023\/10\/25\/elisa-carrio-exploto-luego-del-apoyo-de-bullrich-macri-siempre-jugo-con-milei\/\"},\"author\":{\"name\":\"apuntesdesanluis.com\",\"@id\":\"https:\/\/apuntesdesanluis.com\/#\/schema\/person\/b55151d52296fcce64d1a72538a70b90\"},\"headline\":\"ELISA CARRI\u00d3 EXPLOT\u00d3 LUEGO DEL APOYO DE BULLRICH: \u201cMACRI SIEMPRE JUG\u00d3 CON MILEI\u201d\",\"datePublished\":\"2023-10-26T00:15:24+00:00\",\"mainEntityOfPage\":{\"@id\":\"https:\/\/apuntesdesanluis.com\/index.php\/2023\/10\/25\/elisa-carrio-exploto-luego-del-apoyo-de-bullrich-macri-siempre-jugo-con-milei\/\"},\"wordCount\":681,\"publisher\":{\"@id\":\"https:\/\/apuntesdesanluis.com\/#\/schema\/person\/b55151d52296fcce64d1a72538a70b90\"},\"image\":{\"@id\":\"https:\/\/apuntesdesanluis.com\/index.php\/2023\/10\/25\/elisa-carrio-exploto-luego-del-apoyo-de-bullrich-macri-siempre-jugo-con-milei\/#primaryimage\"},\"thumbnailUrl\":\"https:\/\/apuntesdesanluis.com\/wp-content\/uploads\/2023\/10\/carrio.png\",\"articleSection\":[\"Nacionales\/Internacionales\"],\"inLanguage\":\"es-AR\"},{\"@type\":\"WebPage\",\"@id\":\"https:\/\/apuntesdesanluis.com\/index.php\/2023\/10\/25\/elisa-carrio-exploto-luego-del-apoyo-de-bullrich-macri-siempre-jugo-con-milei\/\",\"url\":\"https:\/\/apuntesdesanluis.com\/index.php\/2023\/10\/25\/elisa-carrio-exploto-luego-del-apoyo-de-bullrich-macri-siempre-jugo-con-milei\/\",\"name\":\"ELISA CARRI\u00d3 EXPLOT\u00d3 LUEGO DEL APOYO DE BULLRICH: \u201cMACRI SIEMPRE JUG\u00d3 CON MILEI\u201d - Apuntes de San Luis\",\"isPartOf\":{\"@id\":\"https:\/\/apuntesdesanluis.com\/#website\"},\"primaryImageOfPage\":{\"@id\":\"https:\/\/apuntesdesanluis.com\/index.php\/2023\/10\/25\/elisa-carrio-exploto-luego-del-apoyo-de-bullrich-macri-siempre-jugo-con-milei\/#primaryimage\"},\"image\":{\"@id\":\"https:\/\/apuntesdesanluis.com\/index.php\/2023\/10\/25\/elisa-carrio-exploto-luego-del-apoyo-de-bullrich-macri-siempre-jugo-con-milei\/#primaryimage\"},\"thumbnailUrl\":\"https:\/\/apuntesdesanluis.com\/wp-content\/uploads\/2023\/10\/carrio.png\",\"datePublished\":\"2023-10-26T00:15:24+00:00\",\"breadcrumb\":{\"@id\":\"https:\/\/apuntesdesanluis.com\/index.php\/2023\/10\/25\/elisa-carrio-exploto-luego-del-apoyo-de-bullrich-macri-siempre-jugo-con-milei\/#breadcrumb\"},\"inLanguage\":\"es-AR\",\"potentialAction\":[{\"@type\":\"ReadAction\",\"target\":[\"https:\/\/apuntesdesanluis.com\/index.php\/2023\/10\/25\/elisa-carrio-exploto-luego-del-apoyo-de-bullrich-macri-siempre-jugo-con-milei\/\"]}]},{\"@type\":\"ImageObject\",\"inLanguage\":\"es-AR\",\"@id\":\"https:\/\/apuntesdesanluis.com\/index.php\/2023\/10\/25\/elisa-carrio-exploto-luego-del-apoyo-de-bullrich-macri-siempre-jugo-con-milei\/#primaryimage\",\"url\":\"https:\/\/apuntesdesanluis.com\/wp-content\/uploads\/2023\/10\/carrio.png\",\"contentUrl\":\"https:\/\/apuntesdesanluis.com\/wp-content\/uploads\/2023\/10\/carrio.png\",\"width\":600,\"height\":387},{\"@type\":\"BreadcrumbList\",\"@id\":\"https:\/\/apuntesdesanluis.com\/index.php\/2023\/10\/25\/elisa-carrio-exploto-luego-del-apoyo-de-bullrich-macri-siempre-jugo-con-milei\/#breadcrumb\",\"itemListElement\":[{\"@type\":\"ListItem\",\"position\":1,\"name\":\"Inicio\",\"item\":\"https:\/\/apuntesdesanluis.com\/\"},{\"@type\":\"ListItem\",\"position\":2,\"name\":\"ELISA CARRI\u00d3 EXPLOT\u00d3 LUEGO DEL APOYO DE BULLRICH: \u201cMACRI SIEMPRE JUG\u00d3 CON MILEI\u201d\"}]},{\"@type\":\"WebSite\",\"@id\":\"https:\/\/apuntesdesanluis.com\/#website\",\"url\":\"https:\/\/apuntesdesanluis.com\/\",\"name\":\"Apuntes de San Luis\",\"description\":\"\",\"publisher\":{\"@id\":\"https:\/\/apuntesdesanluis.com\/#\/schema\/person\/b55151d52296fcce64d1a72538a70b90\"},\"potentialAction\":[{\"@type\":\"SearchAction\",\"target\":{\"@type\":\"EntryPoint\",\"urlTemplate\":\"https:\/\/apuntesdesanluis.com\/?s={search_term_string}\"},\"query-input\":{\"@type\":\"PropertyValueSpecification\",\"valueRequired\":true,\"valueName\":\"search_term_string\"}}],\"inLanguage\":\"es-AR\"},{\"@type\":[\"Person\",\"Organization\"],\"@id\":\"https:\/\/apuntesdesanluis.com\/#\/schema\/person\/b55151d52296fcce64d1a72538a70b90\",\"name\":\"apuntesdesanluis.com\",\"image\":{\"@type\":\"ImageObject\",\"inLanguage\":\"es-AR\",\"@id\":\"https:\/\/apuntesdesanluis.com\/#\/schema\/person\/image\/\",\"url\":\"https:\/\/apuntesdesanluis.com\/wp-content\/uploads\/2023\/07\/cropped-apuntesdesanluis.png\",\"contentUrl\":\"https:\/\/apuntesdesanluis.com\/wp-content\/uploads\/2023\/07\/cropped-apuntesdesanluis.png\",\"width\":450,\"height\":112,\"caption\":\"apuntesdesanluis.com\"},\"logo\":{\"@id\":\"https:\/\/apuntesdesanluis.com\/#\/schema\/person\/image\/\"},\"sameAs\":[\"https:\/\/apuntesdesanluis.com\"],\"url\":\"https:\/\/apuntesdesanluis.com\/index.php\/author\/apuntesdesanluis-com\/\"}]}<\/script>\n<!-- \/ Yoast SEO plugin. -->","yoast_head_json":{"title":"ELISA CARRI\u00d3 EXPLOT\u00d3 LUEGO DEL APOYO DE BULLRICH: \u201cMACRI SIEMPRE JUG\u00d3 CON MILEI\u201d - Apuntes de San Luis","robots":{"index":"index","follow":"follow","max-snippet":"max-snippet:-1","max-image-preview":"max-image-preview:large","max-video-preview":"max-video-preview:-1"},"canonical":"https:\/\/apuntesdesanluis.com\/index.php\/2023\/10\/25\/elisa-carrio-exploto-luego-del-apoyo-de-bullrich-macri-siempre-jugo-con-milei\/","og_locale":"es_ES","og_type":"article","og_title":"ELISA CARRI\u00d3 EXPLOT\u00d3 LUEGO DEL APOYO DE BULLRICH: \u201cMACRI SIEMPRE JUG\u00d3 CON MILEI\u201d - Apuntes de San Luis","og_description":"La titular de la Coalici\u00f3n C\u00edvica y fundadora de Juntos por el Cambio explot\u00f3 contra...","og_url":"https:\/\/apuntesdesanluis.com\/index.php\/2023\/10\/25\/elisa-carrio-exploto-luego-del-apoyo-de-bullrich-macri-siempre-jugo-con-milei\/","og_site_name":"Apuntes de San Luis","article_published_time":"2023-10-26T00:15:24+00:00","og_image":[{"width":600,"height":387,"url":"https:\/\/apuntesdesanluis.com\/wp-content\/uploads\/2023\/10\/carrio.png","type":"image\/png"}],"author":"apuntesdesanluis.com","twitter_card":"summary_large_image","twitter_misc":{"Escrito por":"apuntesdesanluis.com","Tiempo de lectura":"4 minutos"},"schema":{"@context":"https:\/\/schema.org","@graph":[{"@type":"Article","@id":"https:\/\/apuntesdesanluis.com\/index.php\/2023\/10\/25\/elisa-carrio-exploto-luego-del-apoyo-de-bullrich-macri-siempre-jugo-con-milei\/#article","isPartOf":{"@id":"https:\/\/apuntesdesanluis.com\/index.php\/2023\/10\/25\/elisa-carrio-exploto-luego-del-apoyo-de-bullrich-macri-siempre-jugo-con-milei\/"},"author":{"name":"apuntesdesanluis.com","@id":"https:\/\/apuntesdesanluis.com\/#\/schema\/person\/b55151d52296fcce64d1a72538a70b90"},"headline":"ELISA CARRI\u00d3 EXPLOT\u00d3 LUEGO DEL APOYO DE BULLRICH: \u201cMACRI SIEMPRE JUG\u00d3 CON MILEI\u201d","datePublished":"2023-10-26T00:15:24+00:00","mainEntityOfPage":{"@id":"https:\/\/apuntesdesanluis.com\/index.php\/2023\/10\/25\/elisa-carrio-exploto-luego-del-apoyo-de-bullrich-macri-siempre-jugo-con-milei\/"},"wordCount":681,"publisher":{"@id":"https:\/\/apuntesdesanluis.com\/#\/schema\/person\/b55151d52296fcce64d1a72538a70b90"},"image":{"@id":"https:\/\/apuntesdesanluis.com\/index.php\/2023\/10\/25\/elisa-carrio-exploto-luego-del-apoyo-de-bullrich-macri-siempre-jugo-con-milei\/#primaryimage"},"thumbnailUrl":"https:\/\/apuntesdesanluis.com\/wp-content\/uploads\/2023\/10\/carrio.png","articleSection":["Nacionales\/Internacionales"],"inLanguage":"es-AR"},{"@type":"WebPage","@id":"https:\/\/apuntesdesanluis.com\/index.php\/2023\/10\/25\/elisa-carrio-exploto-luego-del-apoyo-de-bullrich-macri-siempre-jugo-con-milei\/","url":"https:\/\/apuntesdesanluis.com\/index.php\/2023\/10\/25\/elisa-carrio-exploto-luego-del-apoyo-de-bullrich-macri-siempre-jugo-con-milei\/","name":"ELISA CARRI\u00d3 EXPLOT\u00d3 LUEGO DEL APOYO DE BULLRICH: \u201cMACRI SIEMPRE JUG\u00d3 CON MILEI\u201d - Apuntes de San Luis","isPartOf":{"@id":"https:\/\/apuntesdesanluis.com\/#website"},"primaryImageOfPage":{"@id":"https:\/\/apuntesdesanluis.com\/index.php\/2023\/10\/25\/elisa-carrio-exploto-luego-del-apoyo-de-bullrich-macri-siempre-jugo-con-milei\/#primaryimage"},"image":{"@id":"https:\/\/apuntesdesanluis.com\/index.php\/2023\/10\/25\/elisa-carrio-exploto-luego-del-apoyo-de-bullrich-macri-siempre-jugo-con-milei\/#primaryimage"},"thumbnailUrl":"https:\/\/apuntesdesanluis.com\/wp-content\/uploads\/2023\/10\/carrio.png","datePublished":"2023-10-26T00:15:24+00:00","breadcrumb":{"@id":"https:\/\/apuntesdesanluis.com\/index.php\/2023\/10\/25\/elisa-carrio-exploto-luego-del-apoyo-de-bullrich-macri-siempre-jugo-con-milei\/#breadcrumb"},"inLanguage":"es-AR","potentialAction":[{"@type":"ReadAction","target":["https:\/\/apuntesdesanluis.com\/index.php\/2023\/10\/25\/elisa-carrio-exploto-luego-del-apoyo-de-bullrich-macri-siempre-jugo-con-milei\/"]}]},{"@type":"ImageObject","inLanguage":"es-AR","@id":"https:\/\/apuntesdesanluis.com\/index.php\/2023\/10\/25\/elisa-carrio-exploto-luego-del-apoyo-de-bullrich-macri-siempre-jugo-con-milei\/#primaryimage","url":"https:\/\/apuntesdesanluis.com\/wp-content\/uploads\/2023\/10\/carrio.png","contentUrl":"https:\/\/apuntesdesanluis.com\/wp-content\/uploads\/2023\/10\/carrio.png","width":600,"height":387},{"@type":"BreadcrumbList","@id":"https:\/\/apuntesdesanluis.com\/index.php\/2023\/10\/25\/elisa-carrio-exploto-luego-del-apoyo-de-bullrich-macri-siempre-jugo-con-milei\/#breadcrumb","itemListElement":[{"@type":"ListItem","position":1,"name":"Inicio","item":"https:\/\/apuntesdesanluis.com\/"},{"@type":"ListItem","position":2,"name":"ELISA CARRI\u00d3 EXPLOT\u00d3 LUEGO DEL APOYO DE BULLRICH: \u201cMACRI SIEMPRE JUG\u00d3 CON MILEI\u201d"}]},{"@type":"WebSite","@id":"https:\/\/apuntesdesanluis.com\/#website","url":"https:\/\/apuntesdesanluis.com\/","name":"Apuntes de San Luis","description":"","publisher":{"@id":"https:\/\/apuntesdesanluis.com\/#\/schema\/person\/b55151d52296fcce64d1a72538a70b90"},"potentialAction":[{"@type":"SearchAction","target":{"@type":"EntryPoint","urlTemplate":"https:\/\/apuntesdesanluis.com\/?s={search_term_string}"},"query-input":{"@type":"PropertyValueSpecification","valueRequired":true,"valueName":"search_term_string"}}],"inLanguage":"es-AR"},{"@type":["Person","Organization"],"@id":"https:\/\/apuntesdesanluis.com\/#\/schema\/person\/b55151d52296fcce64d1a72538a70b90","name":"apuntesdesanluis.com","image":{"@type":"ImageObject","inLanguage":"es-AR","@id":"https:\/\/apuntesdesanluis.com\/#\/schema\/person\/image\/","url":"https:\/\/apuntesdesanluis.com\/wp-content\/uploads\/2023\/07\/cropped-apuntesdesanluis.png","contentUrl":"https:\/\/apuntesdesanluis.com\/wp-content\/uploads\/2023\/07\/cropped-apuntesdesanluis.png","width":450,"height":112,"caption":"apuntesdesanluis.com"},"logo":{"@id":"https:\/\/apuntesdesanluis.com\/#\/schema\/person\/image\/"},"sameAs":["https:\/\/apuntesdesanluis.com"],"url":"https:\/\/apuntesdesanluis.com\/index.php\/author\/apuntesdesanluis-com\/"}]}},"featured_image_urls":{"full":["https:\/\/apuntesdesanluis.com\/wp-content\/uploads\/2023\/10\/carrio.png",600,387,false],"thumbnail":["https:\/\/apuntesdesanluis.com\/wp-content\/uploads\/2023\/10\/carrio-150x150.png",150,150,true],"medium":["https:\/\/apuntesdesanluis.com\/wp-content\/uploads\/2023\/10\/carrio-300x194.png",300,194,true],"medium_large":["https:\/\/apuntesdesanluis.com\/wp-content\/uploads\/2023\/10\/carrio.png",600,387,false],"large":["https:\/\/apuntesdesanluis.com\/wp-content\/uploads\/2023\/10\/carrio.png",600,387,false],"1536x1536":["https:\/\/apuntesdesanluis.com\/wp-content\/uploads\/2023\/10\/carrio.png",600,387,false],"2048x2048":["https:\/\/apuntesdesanluis.com\/wp-content\/uploads\/2023\/10\/carrio.png",600,387,false],"newsever-slider-full":["https:\/\/apuntesdesanluis.com\/wp-content\/uploads\/2023\/10\/carrio.png",600,387,false],"newsever-featured":["https:\/\/apuntesdesanluis.com\/wp-content\/uploads\/2023\/10\/carrio.png",600,387,false],"newsever-medium":["https:\/\/apuntesdesanluis.com\/wp-content\/uploads\/2023\/10\/carrio.png",600,387,false]},"author_info":{"display_name":"apuntesdesanluis.com","author_link":"https:\/\/apuntesdesanluis.com\/index.php\/author\/apuntesdesanluis-com\/"},"category_info":"<a href=\"https:\/\/apuntesdesanluis.com\/index.php\/category\/nacionales-internacionales\/\" rel=\"category tag\">Nacionales\/Internacionales<\/a>","tag_info":"Nacionales\/Internacionales","comment_count":"0","_links":{"self":[{"href":"https:\/\/apuntesdesanluis.com\/index.php\/wp-json\/wp\/v2\/posts\/5834","targetHints":{"allow":["GET"]}}],"collection":[{"href":"https:\/\/apuntesdesanluis.com\/index.php\/wp-json\/wp\/v2\/posts"}],"about":[{"href":"https:\/\/apuntesdesanluis.com\/index.php\/wp-json\/wp\/v2\/types\/post"}],"author":[{"embeddable":true,"href":"https:\/\/apuntesdesanluis.com\/index.php\/wp-json\/wp\/v2\/users\/1"}],"replies":[{"embeddable":true,"href":"https:\/\/apuntesdesanluis.com\/index.php\/wp-json\/wp\/v2\/comments?post=5834"}],"version-history":[{"count":1,"href":"https:\/\/apuntesdesanluis.com\/index.php\/wp-json\/wp\/v2\/posts\/5834\/revisions"}],"predecessor-version":[{"id":5837,"href":"https:\/\/apuntesdesanluis.com\/index.php\/wp-json\/wp\/v2\/posts\/5834\/revisions\/5837"}],"wp:featuredmedia":[{"embeddable":true,"href":"https:\/\/apuntesdesanluis.com\/index.php\/wp-json\/wp\/v2\/media\/5835"}],"wp:attachment":[{"href":"https:\/\/apuntesdesanluis.com\/index.php\/wp-json\/wp\/v2\/media?parent=5834"}],"wp:term":[{"taxonomy":"category","embeddable":true,"href":"https:\/\/apuntesdesanluis.com\/index.php\/wp-json\/wp\/v2\/categories?post=5834"},{"taxonomy":"post_tag","embeddable":true,"href":"https:\/\/apuntesdesanluis.com\/index.php\/wp-json\/wp\/v2\/tags?post=5834"}],"curies":[{"name":"wp","href":"https:\/\/api.w.org\/{rel}","templated":true}]}}