{"id":5838,"date":"2023-10-25T21:22:46","date_gmt":"2023-10-26T00:22:46","guid":{"rendered":"https:\/\/apuntesdesanluis.com\/?p=5838"},"modified":"2023-10-25T21:23:55","modified_gmt":"2023-10-26T00:23:55","slug":"rodriguez-larreta-las-dos-opciones-que-tenemos-en-el-balotaje-son-muy-malas-para-los-argentinos","status":"publish","type":"post","link":"https:\/\/apuntesdesanluis.com\/index.php\/2023\/10\/25\/rodriguez-larreta-las-dos-opciones-que-tenemos-en-el-balotaje-son-muy-malas-para-los-argentinos\/","title":{"rendered":"RODR\u00cdGUEZ LARRETA: \u201cLAS DOS OPCIONES QUE TENEMOS EN EL BALOTAJE SON MUY MALAS PARA LOS ARGENTINOS\u201d"},"content":{"rendered":"<h3>El jefe de Gobierno porte\u00f1o, <strong>Horacio Rodriguez Larreta<\/strong>, tom\u00f3 distancia de <strong>Patricia Bullrich<\/strong> y <strong>Mauricio Macri<\/strong>, al asegurar que no acompa\u00f1ar\u00e1 a ninguno de los candidatos del bajolate porque las \u201cdos opciones\u201d son \u201cmuy malas para los argentinos\u201d.<\/h3>\n<h3>&#8220;Milei es un nuevo populismo, es un salto al vac\u00edo, no creo en nada de lo que propone&#8221;, resalt\u00f3 el mandatario porte\u00f1o en conferencia de prensa, en la que tambi\u00e9n consider\u00f3 que el libertario &#8220;est\u00e1 en el borde de la democracia&#8221; y &#8220;sus ideas son peligrosas&#8221;.<\/h3>\n<h3>&#8220;A m\u00ed me trat\u00f3 de rata, dijo que me iba a pisar, a matar&#8221;, record\u00f3 Rodr\u00edguez Larreta, y aclar\u00f3 que tampoco podr\u00eda acercarse al sector que lidera Sergio Massa, que -a su entender- tambi\u00e9n representa a otro populismo.<\/h3>\n<h3>&#8220;Voy a pelear para sostener la coalici\u00f3n lo m\u00e1s grande posible&#8221;, subray\u00f3 Rodr\u00edguez Larreta, que dijo que no se puede elegir entre &#8220;dos opciones catastr\u00f3ficas&#8221;.<\/h3>\n<p><iframe title=\"Horacio Rodr\u00edguez Larreta: &quot;Los dos son malos para la Argentina&quot;\" width=\"640\" height=\"360\" src=\"https:\/\/www.youtube.com\/embed\/Nt6gGaJYYFk?feature=oembed\" frameborder=\"0\" allow=\"accelerometer; autoplay; clipboard-write; encrypted-media; gyroscope; picture-in-picture; web-share\" referrerpolicy=\"strict-origin-when-cross-origin\" allowfullscreen><\/iframe><\/p>\n<h3>\u00a0\u201cEl resultado del domingo nos pone a todos los argentinos frente a un dilema. Quiero ser bien claro ante ese dilema. Las dos opciones que tenemos en el balotaje son muy malas para los argentinos\u201d, asegur\u00f3 el alcalde porte\u00f1o en relaci\u00f3n a los candidatos que disputar\u00e1n la segunda vuelta el pr\u00f3ximo 19 de noviembre.<\/h3>\n<h3>En esa l\u00ednea, Larreta manifest\u00f3 que se encuentra \u201cgolpeado\u201d por el resultado de los comicios. \u201cEl fin de semana con JxC sufrimos una gran derrota de la que tenemos mucho para aprender\u201d, sostuvo.<\/h3>\n<h3>\u201cHubo millones de argentinos que nos votaron hace dos a\u00f1os y ahora eligieron otras opciones. Y hay razones concretas por las cuales dejamos de representarlos\u201d, argument\u00f3.<\/h3>\n<h3>A su vez, Rodriguez Larreta dijo que el candidato de Uni\u00f3n por la Patria, Sergio Massa, es \u201cla reelecci\u00f3n del populismo kirchnerista y del desastre de este gobierno. La reelecci\u00f3n de seguir con la hiperinflaci\u00f3n y de seguir dandole a la maquita, regalando pesos que cada d\u00eda valen menos\u201d.<\/h3>\n<h3>\u201cSiempre me voy a enfrentar con el kirchnerismo. Me sacaron la coparticipaci\u00f3n y me enfrente, fue a la corte. Me cerraron las escuelas, me la banqu\u00e9 y mantuvimos las escuelas abiertas\u201d, record\u00f3 el jefe de Gobierno durante la conferencia de prensa.<\/h3>\n<h3>En ese marco, el dirigente opositor enfatiz\u00f3: \u201cNo hay ninguna posibilidad de que integre el gobierno kirchnerista, porque no me rindo ante la posibilidad de construir un pa\u00eds diferente\u201d.<\/h3>\n<h3>En otro tramo de la conferencia, Larreta mostr\u00f3 su enojo con relaci\u00f3n a las reuniones que se produjeron en la madrugada de ayer entre el ex presidente Mauricio Macri y la titular del PRO, Patricia Bullrich.<\/h3>\n<p>&nbsp;<\/p>\n<p>&nbsp;<\/p>\n<p>&nbsp;<\/p>\n","protected":false},"excerpt":{"rendered":"<p>El jefe de Gobierno porte\u00f1o, Horacio Rodriguez Larreta, tom\u00f3 distancia de Patricia Bullrich y Mauricio&#8230;<\/p>\n","protected":false},"author":1,"featured_media":5839,"comment_status":"closed","ping_status":"closed","sticky":false,"template":"","format":"standard","meta":{"footnotes":""},"categories":[5],"tags":[],"class_list":["post-5838","post","type-post","status-publish","format-standard","has-post-thumbnail","hentry","category-nacionales-internacionales"],"yoast_head":"<!-- This site is optimized with the Yoast SEO plugin v26.1.1 - https:\/\/yoast.com\/wordpress\/plugins\/seo\/ -->\n<title>RODR\u00cdGUEZ LARRETA: \u201cLAS DOS OPCIONES QUE TENEMOS EN EL BALOTAJE SON MUY MALAS PARA LOS ARGENTINOS\u201d - Apuntes de San Luis<\/title>\n<meta name=\"robots\" content=\"index, follow, max-snippet:-1, max-image-preview:large, max-video-preview:-1\" \/>\n<link rel=\"canonical\" href=\"https:\/\/apuntesdesanluis.com\/index.php\/2023\/10\/25\/rodriguez-larreta-las-dos-opciones-que-tenemos-en-el-balotaje-son-muy-malas-para-los-argentinos\/\" \/>\n<meta property=\"og:locale\" content=\"es_ES\" \/>\n<meta property=\"og:type\" content=\"article\" \/>\n<meta property=\"og:title\" content=\"RODR\u00cdGUEZ LARRETA: \u201cLAS DOS OPCIONES QUE TENEMOS EN EL BALOTAJE SON MUY MALAS PARA LOS ARGENTINOS\u201d - Apuntes de San Luis\" \/>\n<meta property=\"og:description\" content=\"El jefe de Gobierno porte\u00f1o, Horacio Rodriguez Larreta, tom\u00f3 distancia de Patricia Bullrich y Mauricio...\" \/>\n<meta property=\"og:url\" content=\"https:\/\/apuntesdesanluis.com\/index.php\/2023\/10\/25\/rodriguez-larreta-las-dos-opciones-que-tenemos-en-el-balotaje-son-muy-malas-para-los-argentinos\/\" \/>\n<meta property=\"og:site_name\" content=\"Apuntes de San Luis\" \/>\n<meta property=\"article:published_time\" content=\"2023-10-26T00:22:46+00:00\" \/>\n<meta property=\"article:modified_time\" content=\"2023-10-26T00:23:55+00:00\" \/>\n<meta property=\"og:image\" content=\"https:\/\/apuntesdesanluis.com\/wp-content\/uploads\/2023\/10\/larreta.png\" \/>\n\t<meta property=\"og:image:width\" content=\"625\" \/>\n\t<meta property=\"og:image:height\" content=\"421\" \/>\n\t<meta property=\"og:image:type\" content=\"image\/png\" \/>\n<meta name=\"author\" content=\"apuntesdesanluis.com\" \/>\n<meta name=\"twitter:card\" content=\"summary_large_image\" \/>\n<meta name=\"twitter:label1\" content=\"Escrito por\" \/>\n\t<meta name=\"twitter:data1\" content=\"apuntesdesanluis.com\" \/>\n\t<meta name=\"twitter:label2\" content=\"Tiempo de lectura\" \/>\n\t<meta name=\"twitter:data2\" content=\"2 minutos\" \/>\n<script type=\"application\/ld+json\" class=\"yoast-schema-graph\">{\"@context\":\"https:\/\/schema.org\",\"@graph\":[{\"@type\":\"Article\",\"@id\":\"https:\/\/apuntesdesanluis.com\/index.php\/2023\/10\/25\/rodriguez-larreta-las-dos-opciones-que-tenemos-en-el-balotaje-son-muy-malas-para-los-argentinos\/#article\",\"isPartOf\":{\"@id\":\"https:\/\/apuntesdesanluis.com\/index.php\/2023\/10\/25\/rodriguez-larreta-las-dos-opciones-que-tenemos-en-el-balotaje-son-muy-malas-para-los-argentinos\/\"},\"author\":{\"name\":\"apuntesdesanluis.com\",\"@id\":\"https:\/\/apuntesdesanluis.com\/#\/schema\/person\/b55151d52296fcce64d1a72538a70b90\"},\"headline\":\"RODR\u00cdGUEZ LARRETA: \u201cLAS DOS OPCIONES QUE TENEMOS EN EL BALOTAJE SON MUY MALAS PARA LOS ARGENTINOS\u201d\",\"datePublished\":\"2023-10-26T00:22:46+00:00\",\"dateModified\":\"2023-10-26T00:23:55+00:00\",\"mainEntityOfPage\":{\"@id\":\"https:\/\/apuntesdesanluis.com\/index.php\/2023\/10\/25\/rodriguez-larreta-las-dos-opciones-que-tenemos-en-el-balotaje-son-muy-malas-para-los-argentinos\/\"},\"wordCount\":467,\"publisher\":{\"@id\":\"https:\/\/apuntesdesanluis.com\/#\/schema\/person\/b55151d52296fcce64d1a72538a70b90\"},\"image\":{\"@id\":\"https:\/\/apuntesdesanluis.com\/index.php\/2023\/10\/25\/rodriguez-larreta-las-dos-opciones-que-tenemos-en-el-balotaje-son-muy-malas-para-los-argentinos\/#primaryimage\"},\"thumbnailUrl\":\"https:\/\/apuntesdesanluis.com\/wp-content\/uploads\/2023\/10\/larreta.png\",\"articleSection\":[\"Nacionales\/Internacionales\"],\"inLanguage\":\"es-AR\"},{\"@type\":\"WebPage\",\"@id\":\"https:\/\/apuntesdesanluis.com\/index.php\/2023\/10\/25\/rodriguez-larreta-las-dos-opciones-que-tenemos-en-el-balotaje-son-muy-malas-para-los-argentinos\/\",\"url\":\"https:\/\/apuntesdesanluis.com\/index.php\/2023\/10\/25\/rodriguez-larreta-las-dos-opciones-que-tenemos-en-el-balotaje-son-muy-malas-para-los-argentinos\/\",\"name\":\"RODR\u00cdGUEZ LARRETA: \u201cLAS DOS OPCIONES QUE TENEMOS EN EL BALOTAJE SON MUY MALAS PARA LOS ARGENTINOS\u201d - Apuntes de San Luis\",\"isPartOf\":{\"@id\":\"https:\/\/apuntesdesanluis.com\/#website\"},\"primaryImageOfPage\":{\"@id\":\"https:\/\/apuntesdesanluis.com\/index.php\/2023\/10\/25\/rodriguez-larreta-las-dos-opciones-que-tenemos-en-el-balotaje-son-muy-malas-para-los-argentinos\/#primaryimage\"},\"image\":{\"@id\":\"https:\/\/apuntesdesanluis.com\/index.php\/2023\/10\/25\/rodriguez-larreta-las-dos-opciones-que-tenemos-en-el-balotaje-son-muy-malas-para-los-argentinos\/#primaryimage\"},\"thumbnailUrl\":\"https:\/\/apuntesdesanluis.com\/wp-content\/uploads\/2023\/10\/larreta.png\",\"datePublished\":\"2023-10-26T00:22:46+00:00\",\"dateModified\":\"2023-10-26T00:23:55+00:00\",\"breadcrumb\":{\"@id\":\"https:\/\/apuntesdesanluis.com\/index.php\/2023\/10\/25\/rodriguez-larreta-las-dos-opciones-que-tenemos-en-el-balotaje-son-muy-malas-para-los-argentinos\/#breadcrumb\"},\"inLanguage\":\"es-AR\",\"potentialAction\":[{\"@type\":\"ReadAction\",\"target\":[\"https:\/\/apuntesdesanluis.com\/index.php\/2023\/10\/25\/rodriguez-larreta-las-dos-opciones-que-tenemos-en-el-balotaje-son-muy-malas-para-los-argentinos\/\"]}]},{\"@type\":\"ImageObject\",\"inLanguage\":\"es-AR\",\"@id\":\"https:\/\/apuntesdesanluis.com\/index.php\/2023\/10\/25\/rodriguez-larreta-las-dos-opciones-que-tenemos-en-el-balotaje-son-muy-malas-para-los-argentinos\/#primaryimage\",\"url\":\"https:\/\/apuntesdesanluis.com\/wp-content\/uploads\/2023\/10\/larreta.png\",\"contentUrl\":\"https:\/\/apuntesdesanluis.com\/wp-content\/uploads\/2023\/10\/larreta.png\",\"width\":625,\"height\":421},{\"@type\":\"BreadcrumbList\",\"@id\":\"https:\/\/apuntesdesanluis.com\/index.php\/2023\/10\/25\/rodriguez-larreta-las-dos-opciones-que-tenemos-en-el-balotaje-son-muy-malas-para-los-argentinos\/#breadcrumb\",\"itemListElement\":[{\"@type\":\"ListItem\",\"position\":1,\"name\":\"Inicio\",\"item\":\"https:\/\/apuntesdesanluis.com\/\"},{\"@type\":\"ListItem\",\"position\":2,\"name\":\"RODR\u00cdGUEZ LARRETA: \u201cLAS DOS OPCIONES QUE TENEMOS EN EL BALOTAJE SON MUY MALAS PARA LOS ARGENTINOS\u201d\"}]},{\"@type\":\"WebSite\",\"@id\":\"https:\/\/apuntesdesanluis.com\/#website\",\"url\":\"https:\/\/apuntesdesanluis.com\/\",\"name\":\"Apuntes de San Luis\",\"description\":\"\",\"publisher\":{\"@id\":\"https:\/\/apuntesdesanluis.com\/#\/schema\/person\/b55151d52296fcce64d1a72538a70b90\"},\"potentialAction\":[{\"@type\":\"SearchAction\",\"target\":{\"@type\":\"EntryPoint\",\"urlTemplate\":\"https:\/\/apuntesdesanluis.com\/?s={search_term_string}\"},\"query-input\":{\"@type\":\"PropertyValueSpecification\",\"valueRequired\":true,\"valueName\":\"search_term_string\"}}],\"inLanguage\":\"es-AR\"},{\"@type\":[\"Person\",\"Organization\"],\"@id\":\"https:\/\/apuntesdesanluis.com\/#\/schema\/person\/b55151d52296fcce64d1a72538a70b90\",\"name\":\"apuntesdesanluis.com\",\"image\":{\"@type\":\"ImageObject\",\"inLanguage\":\"es-AR\",\"@id\":\"https:\/\/apuntesdesanluis.com\/#\/schema\/person\/image\/\",\"url\":\"https:\/\/apuntesdesanluis.com\/wp-content\/uploads\/2023\/07\/cropped-apuntesdesanluis.png\",\"contentUrl\":\"https:\/\/apuntesdesanluis.com\/wp-content\/uploads\/2023\/07\/cropped-apuntesdesanluis.png\",\"width\":450,\"height\":112,\"caption\":\"apuntesdesanluis.com\"},\"logo\":{\"@id\":\"https:\/\/apuntesdesanluis.com\/#\/schema\/person\/image\/\"},\"sameAs\":[\"https:\/\/apuntesdesanluis.com\"],\"url\":\"https:\/\/apuntesdesanluis.com\/index.php\/author\/apuntesdesanluis-com\/\"}]}<\/script>\n<!-- \/ Yoast SEO plugin. -->","yoast_head_json":{"title":"RODR\u00cdGUEZ LARRETA: \u201cLAS DOS OPCIONES QUE TENEMOS EN EL BALOTAJE SON MUY MALAS PARA LOS ARGENTINOS\u201d - Apuntes de San Luis","robots":{"index":"index","follow":"follow","max-snippet":"max-snippet:-1","max-image-preview":"max-image-preview:large","max-video-preview":"max-video-preview:-1"},"canonical":"https:\/\/apuntesdesanluis.com\/index.php\/2023\/10\/25\/rodriguez-larreta-las-dos-opciones-que-tenemos-en-el-balotaje-son-muy-malas-para-los-argentinos\/","og_locale":"es_ES","og_type":"article","og_title":"RODR\u00cdGUEZ LARRETA: \u201cLAS DOS OPCIONES QUE TENEMOS EN EL BALOTAJE SON MUY MALAS PARA LOS ARGENTINOS\u201d - Apuntes de San Luis","og_description":"El jefe de Gobierno porte\u00f1o, Horacio Rodriguez Larreta, tom\u00f3 distancia de Patricia Bullrich y Mauricio...","og_url":"https:\/\/apuntesdesanluis.com\/index.php\/2023\/10\/25\/rodriguez-larreta-las-dos-opciones-que-tenemos-en-el-balotaje-son-muy-malas-para-los-argentinos\/","og_site_name":"Apuntes de San Luis","article_published_time":"2023-10-26T00:22:46+00:00","article_modified_time":"2023-10-26T00:23:55+00:00","og_image":[{"width":625,"height":421,"url":"https:\/\/apuntesdesanluis.com\/wp-content\/uploads\/2023\/10\/larreta.png","type":"image\/png"}],"author":"apuntesdesanluis.com","twitter_card":"summary_large_image","twitter_misc":{"Escrito por":"apuntesdesanluis.com","Tiempo de lectura":"2 minutos"},"schema":{"@context":"https:\/\/schema.org","@graph":[{"@type":"Article","@id":"https:\/\/apuntesdesanluis.com\/index.php\/2023\/10\/25\/rodriguez-larreta-las-dos-opciones-que-tenemos-en-el-balotaje-son-muy-malas-para-los-argentinos\/#article","isPartOf":{"@id":"https:\/\/apuntesdesanluis.com\/index.php\/2023\/10\/25\/rodriguez-larreta-las-dos-opciones-que-tenemos-en-el-balotaje-son-muy-malas-para-los-argentinos\/"},"author":{"name":"apuntesdesanluis.com","@id":"https:\/\/apuntesdesanluis.com\/#\/schema\/person\/b55151d52296fcce64d1a72538a70b90"},"headline":"RODR\u00cdGUEZ LARRETA: \u201cLAS DOS OPCIONES QUE TENEMOS EN EL BALOTAJE SON MUY MALAS PARA LOS ARGENTINOS\u201d","datePublished":"2023-10-26T00:22:46+00:00","dateModified":"2023-10-26T00:23:55+00:00","mainEntityOfPage":{"@id":"https:\/\/apuntesdesanluis.com\/index.php\/2023\/10\/25\/rodriguez-larreta-las-dos-opciones-que-tenemos-en-el-balotaje-son-muy-malas-para-los-argentinos\/"},"wordCount":467,"publisher":{"@id":"https:\/\/apuntesdesanluis.com\/#\/schema\/person\/b55151d52296fcce64d1a72538a70b90"},"image":{"@id":"https:\/\/apuntesdesanluis.com\/index.php\/2023\/10\/25\/rodriguez-larreta-las-dos-opciones-que-tenemos-en-el-balotaje-son-muy-malas-para-los-argentinos\/#primaryimage"},"thumbnailUrl":"https:\/\/apuntesdesanluis.com\/wp-content\/uploads\/2023\/10\/larreta.png","articleSection":["Nacionales\/Internacionales"],"inLanguage":"es-AR"},{"@type":"WebPage","@id":"https:\/\/apuntesdesanluis.com\/index.php\/2023\/10\/25\/rodriguez-larreta-las-dos-opciones-que-tenemos-en-el-balotaje-son-muy-malas-para-los-argentinos\/","url":"https:\/\/apuntesdesanluis.com\/index.php\/2023\/10\/25\/rodriguez-larreta-las-dos-opciones-que-tenemos-en-el-balotaje-son-muy-malas-para-los-argentinos\/","name":"RODR\u00cdGUEZ LARRETA: \u201cLAS DOS OPCIONES QUE TENEMOS EN EL BALOTAJE SON MUY MALAS PARA LOS ARGENTINOS\u201d - Apuntes de San Luis","isPartOf":{"@id":"https:\/\/apuntesdesanluis.com\/#website"},"primaryImageOfPage":{"@id":"https:\/\/apuntesdesanluis.com\/index.php\/2023\/10\/25\/rodriguez-larreta-las-dos-opciones-que-tenemos-en-el-balotaje-son-muy-malas-para-los-argentinos\/#primaryimage"},"image":{"@id":"https:\/\/apuntesdesanluis.com\/index.php\/2023\/10\/25\/rodriguez-larreta-las-dos-opciones-que-tenemos-en-el-balotaje-son-muy-malas-para-los-argentinos\/#primaryimage"},"thumbnailUrl":"https:\/\/apuntesdesanluis.com\/wp-content\/uploads\/2023\/10\/larreta.png","datePublished":"2023-10-26T00:22:46+00:00","dateModified":"2023-10-26T00:23:55+00:00","breadcrumb":{"@id":"https:\/\/apuntesdesanluis.com\/index.php\/2023\/10\/25\/rodriguez-larreta-las-dos-opciones-que-tenemos-en-el-balotaje-son-muy-malas-para-los-argentinos\/#breadcrumb"},"inLanguage":"es-AR","potentialAction":[{"@type":"ReadAction","target":["https:\/\/apuntesdesanluis.com\/index.php\/2023\/10\/25\/rodriguez-larreta-las-dos-opciones-que-tenemos-en-el-balotaje-son-muy-malas-para-los-argentinos\/"]}]},{"@type":"ImageObject","inLanguage":"es-AR","@id":"https:\/\/apuntesdesanluis.com\/index.php\/2023\/10\/25\/rodriguez-larreta-las-dos-opciones-que-tenemos-en-el-balotaje-son-muy-malas-para-los-argentinos\/#primaryimage","url":"https:\/\/apuntesdesanluis.com\/wp-content\/uploads\/2023\/10\/larreta.png","contentUrl":"https:\/\/apuntesdesanluis.com\/wp-content\/uploads\/2023\/10\/larreta.png","width":625,"height":421},{"@type":"BreadcrumbList","@id":"https:\/\/apuntesdesanluis.com\/index.php\/2023\/10\/25\/rodriguez-larreta-las-dos-opciones-que-tenemos-en-el-balotaje-son-muy-malas-para-los-argentinos\/#breadcrumb","itemListElement":[{"@type":"ListItem","position":1,"name":"Inicio","item":"https:\/\/apuntesdesanluis.com\/"},{"@type":"ListItem","position":2,"name":"RODR\u00cdGUEZ LARRETA: \u201cLAS DOS OPCIONES QUE TENEMOS EN EL BALOTAJE SON MUY MALAS PARA LOS ARGENTINOS\u201d"}]},{"@type":"WebSite","@id":"https:\/\/apuntesdesanluis.com\/#website","url":"https:\/\/apuntesdesanluis.com\/","name":"Apuntes de San Luis","description":"","publisher":{"@id":"https:\/\/apuntesdesanluis.com\/#\/schema\/person\/b55151d52296fcce64d1a72538a70b90"},"potentialAction":[{"@type":"SearchAction","target":{"@type":"EntryPoint","urlTemplate":"https:\/\/apuntesdesanluis.com\/?s={search_term_string}"},"query-input":{"@type":"PropertyValueSpecification","valueRequired":true,"valueName":"search_term_string"}}],"inLanguage":"es-AR"},{"@type":["Person","Organization"],"@id":"https:\/\/apuntesdesanluis.com\/#\/schema\/person\/b55151d52296fcce64d1a72538a70b90","name":"apuntesdesanluis.com","image":{"@type":"ImageObject","inLanguage":"es-AR","@id":"https:\/\/apuntesdesanluis.com\/#\/schema\/person\/image\/","url":"https:\/\/apuntesdesanluis.com\/wp-content\/uploads\/2023\/07\/cropped-apuntesdesanluis.png","contentUrl":"https:\/\/apuntesdesanluis.com\/wp-content\/uploads\/2023\/07\/cropped-apuntesdesanluis.png","width":450,"height":112,"caption":"apuntesdesanluis.com"},"logo":{"@id":"https:\/\/apuntesdesanluis.com\/#\/schema\/person\/image\/"},"sameAs":["https:\/\/apuntesdesanluis.com"],"url":"https:\/\/apuntesdesanluis.com\/index.php\/author\/apuntesdesanluis-com\/"}]}},"featured_image_urls":{"full":["https:\/\/apuntesdesanluis.com\/wp-content\/uploads\/2023\/10\/larreta.png",625,421,false],"thumbnail":["https:\/\/apuntesdesanluis.com\/wp-content\/uploads\/2023\/10\/larreta-150x150.png",150,150,true],"medium":["https:\/\/apuntesdesanluis.com\/wp-content\/uploads\/2023\/10\/larreta-300x202.png",300,202,true],"medium_large":["https:\/\/apuntesdesanluis.com\/wp-content\/uploads\/2023\/10\/larreta.png",625,421,false],"large":["https:\/\/apuntesdesanluis.com\/wp-content\/uploads\/2023\/10\/larreta.png",625,421,false],"1536x1536":["https:\/\/apuntesdesanluis.com\/wp-content\/uploads\/2023\/10\/larreta.png",625,421,false],"2048x2048":["https:\/\/apuntesdesanluis.com\/wp-content\/uploads\/2023\/10\/larreta.png",625,421,false],"newsever-slider-full":["https:\/\/apuntesdesanluis.com\/wp-content\/uploads\/2023\/10\/larreta.png",625,421,false],"newsever-featured":["https:\/\/apuntesdesanluis.com\/wp-content\/uploads\/2023\/10\/larreta.png",625,421,false],"newsever-medium":["https:\/\/apuntesdesanluis.com\/wp-content\/uploads\/2023\/10\/larreta.png",625,421,false]},"author_info":{"display_name":"apuntesdesanluis.com","author_link":"https:\/\/apuntesdesanluis.com\/index.php\/author\/apuntesdesanluis-com\/"},"category_info":"<a href=\"https:\/\/apuntesdesanluis.com\/index.php\/category\/nacionales-internacionales\/\" rel=\"category tag\">Nacionales\/Internacionales<\/a>","tag_info":"Nacionales\/Internacionales","comment_count":"0","_links":{"self":[{"href":"https:\/\/apuntesdesanluis.com\/index.php\/wp-json\/wp\/v2\/posts\/5838","targetHints":{"allow":["GET"]}}],"collection":[{"href":"https:\/\/apuntesdesanluis.com\/index.php\/wp-json\/wp\/v2\/posts"}],"about":[{"href":"https:\/\/apuntesdesanluis.com\/index.php\/wp-json\/wp\/v2\/types\/post"}],"author":[{"embeddable":true,"href":"https:\/\/apuntesdesanluis.com\/index.php\/wp-json\/wp\/v2\/users\/1"}],"replies":[{"embeddable":true,"href":"https:\/\/apuntesdesanluis.com\/index.php\/wp-json\/wp\/v2\/comments?post=5838"}],"version-history":[{"count":2,"href":"https:\/\/apuntesdesanluis.com\/index.php\/wp-json\/wp\/v2\/posts\/5838\/revisions"}],"predecessor-version":[{"id":5841,"href":"https:\/\/apuntesdesanluis.com\/index.php\/wp-json\/wp\/v2\/posts\/5838\/revisions\/5841"}],"wp:featuredmedia":[{"embeddable":true,"href":"https:\/\/apuntesdesanluis.com\/index.php\/wp-json\/wp\/v2\/media\/5839"}],"wp:attachment":[{"href":"https:\/\/apuntesdesanluis.com\/index.php\/wp-json\/wp\/v2\/media?parent=5838"}],"wp:term":[{"taxonomy":"category","embeddable":true,"href":"https:\/\/apuntesdesanluis.com\/index.php\/wp-json\/wp\/v2\/categories?post=5838"},{"taxonomy":"post_tag","embeddable":true,"href":"https:\/\/apuntesdesanluis.com\/index.php\/wp-json\/wp\/v2\/tags?post=5838"}],"curies":[{"name":"wp","href":"https:\/\/api.w.org\/{rel}","templated":true}]}}