{"id":5845,"date":"2023-10-25T21:46:27","date_gmt":"2023-10-26T00:46:27","guid":{"rendered":"https:\/\/apuntesdesanluis.com\/?p=5845"},"modified":"2023-10-25T21:49:20","modified_gmt":"2023-10-26T00:49:20","slug":"el-radicalismo-puntano-no-apoyara-a-ninguno-de-los-candidatos-para-el-balotaje","status":"publish","type":"post","link":"https:\/\/apuntesdesanluis.com\/index.php\/2023\/10\/25\/el-radicalismo-puntano-no-apoyara-a-ninguno-de-los-candidatos-para-el-balotaje\/","title":{"rendered":"EL RADICALISMO PUNTANO NO APOYAR\u00c1 A NINGUNO DE LOS CANDIDATOS PARA EL BALOTAJE"},"content":{"rendered":"<h3><strong>\u201cNi Fascismo, Ni Populismo, Democracia Siempre\u201d<\/strong>, se titula el documento que dio a conocer este mi\u00e9rcoles por la tarde la <strong>Uni\u00f3n C\u00edvica Radical de San Luis<\/strong>, en el que fija una posici\u00f3n prescindente en torno de las opciones electorales que participar\u00e1n en la segunda vuelta de la elecci\u00f3n presidencial, el pr\u00f3ximo 19 de noviembre.<\/h3>\n<h3>\u201cLa UCR San Luis no apoyar\u00e1 a ninguno de los dos candidatos. Ninguno de los dos garantiza un futuro de progreso para la Argentina\u201d, afirma el pronunciamiento, que lleva la firma del titular del partido, <strong>Juan \u00c1lvarez Pinto<\/strong>, y del Secretario General, <strong>Roberto Pagano<\/strong>.<\/h3>\n<h3>La postura toma distancia de lo resuelto por <strong>Patricia Bullrich<\/strong> y <strong>Mauricio Macri<\/strong>, de apoyo a Javier Milei, y aparece alineada con la posici\u00f3n adoptada por los gobernadores electos de Juntos por el Cambio. (Ver notas apartes)<\/h3>\n<h3>El documento completo es el siguiente:<\/h3>\n<h3>\u201cNuestro partido tiene una extensa historia en defensa de la democracia, de garante de las instituciones republicanas y de respeto de la voluntad popular. En el pasado proceso electoral, la sociedad nos confi\u00f3 el rol\u00a0 de oposici\u00f3n en la Naci\u00f3n y la responsabilidad de cogobernar nuestra Provincia, y esa es la tarea a la que debemos abocarnos, enorme desaf\u00edo que asumimos desde nuestra representaci\u00f3n de 10 gobernadores, m\u00e1s de 400 intendentes, 93 diputados, 24 senadores nacionales y centenares de legisladores provinciales y municipales.<\/h3>\n<h3>La sociedad argentina acudi\u00f3 a las urnas y son ellos los \u00fanicos due\u00f1os de los votos. Ning\u00fan dirigente puede, ni debe, adue\u00f1arse de ellos. Como garantes de la voluntad popular entendemos que cada argentino decidir\u00e1 en la segunda vuelta electoral seg\u00fan sus convicciones y preferencia.<\/h3>\n<h3>La UCR San Luis no apoyar\u00e1 a ninguno de los dos candidatos. Ninguno de los dos garantiza un futuro de progreso para la Argentina ni mucho menos representa las banderas que enarbol\u00f3 nuestro partido en sus\u00a0 132 a\u00f1os de historia.<\/h3>\n<h3>Siguiendo los conceptos vertidos por el Comit\u00e9 Nacional: <em>\u201cSergio Massa es tan responsable como Alberto Fern\u00e1ndez y Cristina Fern\u00e1ndez de Kirchner del estado del pa\u00eds, de su empobrecimiento, del proceso inflacionario, la corrupci\u00f3n y del deterioro social y econ\u00f3mico de Argentina.\u00a0 <\/em><\/h3>\n<h3><em>El extremismo demag\u00f3gico de Javier Milei se encuentra en las ant\u00edpodas de nuestro pensamiento. Su plataforma pol\u00edtica y la violencia que se desprende de sus palabras y gestos, atentando siempre contra la convivencia, no tienen nada que ver con nuestro partido. Jam\u00e1s podr\u00edamos tener nada que ver con su espacio\u201d. \u00a0<\/em><\/h3>\n<h3>Asumimos el compromiso de preservar Juntos por el Cambio tanto a nivel Nacional como Provincial, m\u00e1s all\u00e1 de las decisiones personales interesadas e inconsultas de dirigentes de otro partido.<\/h3>\n<h3>Trabajaremos de manera incansable en fortalecer nuestro Frente Cambia San Luis como herramienta de cambio, recuperaci\u00f3n y crecimiento de nuestra provincia.<\/h3>\n<h3>Como nos ense\u00f1\u00f3 Leandro N. Alem <em>\u201cNunca he participado de esa idea de que en pol\u00edtica se hace lo que se puede y no lo que se quiere. Para m\u00ed hay una tercera formula que es la verdadera. En pol\u00edtica, como en todo, se hace lo que se debe, y cuando lo que se puede hacer es malo, \u00a1No se hace nada!\u201d <\/em><\/h3>\n<p><em>\u00a0<\/em><\/p>\n<p>&nbsp;<\/p>\n<p>&nbsp;<\/p>\n","protected":false},"excerpt":{"rendered":"<p>\u201cNi Fascismo, Ni Populismo, Democracia Siempre\u201d, se titula el documento que dio a conocer este&#8230;<\/p>\n","protected":false},"author":1,"featured_media":5846,"comment_status":"closed","ping_status":"closed","sticky":false,"template":"","format":"standard","meta":{"footnotes":""},"categories":[6],"tags":[],"class_list":["post-5845","post","type-post","status-publish","format-standard","has-post-thumbnail","hentry","category-ciudad-provincia"],"yoast_head":"<!-- This site is optimized with the Yoast SEO plugin v26.1.1 - https:\/\/yoast.com\/wordpress\/plugins\/seo\/ -->\n<title>EL RADICALISMO PUNTANO NO APOYAR\u00c1 A NINGUNO DE LOS CANDIDATOS PARA EL BALOTAJE - Apuntes de San Luis<\/title>\n<meta name=\"robots\" content=\"index, follow, max-snippet:-1, max-image-preview:large, max-video-preview:-1\" \/>\n<link rel=\"canonical\" href=\"https:\/\/apuntesdesanluis.com\/index.php\/2023\/10\/25\/el-radicalismo-puntano-no-apoyara-a-ninguno-de-los-candidatos-para-el-balotaje\/\" \/>\n<meta property=\"og:locale\" content=\"es_ES\" \/>\n<meta property=\"og:type\" content=\"article\" \/>\n<meta property=\"og:title\" content=\"EL RADICALISMO PUNTANO NO APOYAR\u00c1 A NINGUNO DE LOS CANDIDATOS PARA EL BALOTAJE - Apuntes de San Luis\" \/>\n<meta property=\"og:description\" content=\"\u201cNi Fascismo, Ni Populismo, Democracia Siempre\u201d, se titula el documento que dio a conocer este...\" \/>\n<meta property=\"og:url\" content=\"https:\/\/apuntesdesanluis.com\/index.php\/2023\/10\/25\/el-radicalismo-puntano-no-apoyara-a-ninguno-de-los-candidatos-para-el-balotaje\/\" \/>\n<meta property=\"og:site_name\" content=\"Apuntes de San Luis\" \/>\n<meta property=\"article:published_time\" content=\"2023-10-26T00:46:27+00:00\" \/>\n<meta property=\"article:modified_time\" content=\"2023-10-26T00:49:20+00:00\" \/>\n<meta property=\"og:image\" content=\"https:\/\/apuntesdesanluis.com\/wp-content\/uploads\/2023\/10\/juan-alvarez-pinto.png\" \/>\n\t<meta property=\"og:image:width\" content=\"632\" \/>\n\t<meta property=\"og:image:height\" content=\"353\" \/>\n\t<meta property=\"og:image:type\" content=\"image\/png\" \/>\n<meta name=\"author\" content=\"apuntesdesanluis.com\" \/>\n<meta name=\"twitter:card\" content=\"summary_large_image\" \/>\n<meta name=\"twitter:label1\" content=\"Escrito por\" \/>\n\t<meta name=\"twitter:data1\" content=\"apuntesdesanluis.com\" \/>\n\t<meta name=\"twitter:label2\" content=\"Tiempo de lectura\" \/>\n\t<meta name=\"twitter:data2\" content=\"3 minutos\" \/>\n<script type=\"application\/ld+json\" class=\"yoast-schema-graph\">{\"@context\":\"https:\/\/schema.org\",\"@graph\":[{\"@type\":\"Article\",\"@id\":\"https:\/\/apuntesdesanluis.com\/index.php\/2023\/10\/25\/el-radicalismo-puntano-no-apoyara-a-ninguno-de-los-candidatos-para-el-balotaje\/#article\",\"isPartOf\":{\"@id\":\"https:\/\/apuntesdesanluis.com\/index.php\/2023\/10\/25\/el-radicalismo-puntano-no-apoyara-a-ninguno-de-los-candidatos-para-el-balotaje\/\"},\"author\":{\"name\":\"apuntesdesanluis.com\",\"@id\":\"https:\/\/apuntesdesanluis.com\/#\/schema\/person\/b55151d52296fcce64d1a72538a70b90\"},\"headline\":\"EL RADICALISMO PUNTANO NO APOYAR\u00c1 A NINGUNO DE LOS CANDIDATOS PARA EL BALOTAJE\",\"datePublished\":\"2023-10-26T00:46:27+00:00\",\"dateModified\":\"2023-10-26T00:49:20+00:00\",\"mainEntityOfPage\":{\"@id\":\"https:\/\/apuntesdesanluis.com\/index.php\/2023\/10\/25\/el-radicalismo-puntano-no-apoyara-a-ninguno-de-los-candidatos-para-el-balotaje\/\"},\"wordCount\":553,\"publisher\":{\"@id\":\"https:\/\/apuntesdesanluis.com\/#\/schema\/person\/b55151d52296fcce64d1a72538a70b90\"},\"image\":{\"@id\":\"https:\/\/apuntesdesanluis.com\/index.php\/2023\/10\/25\/el-radicalismo-puntano-no-apoyara-a-ninguno-de-los-candidatos-para-el-balotaje\/#primaryimage\"},\"thumbnailUrl\":\"https:\/\/apuntesdesanluis.com\/wp-content\/uploads\/2023\/10\/juan-alvarez-pinto.png\",\"articleSection\":[\"Ciudad\/Provincia\"],\"inLanguage\":\"es-AR\"},{\"@type\":\"WebPage\",\"@id\":\"https:\/\/apuntesdesanluis.com\/index.php\/2023\/10\/25\/el-radicalismo-puntano-no-apoyara-a-ninguno-de-los-candidatos-para-el-balotaje\/\",\"url\":\"https:\/\/apuntesdesanluis.com\/index.php\/2023\/10\/25\/el-radicalismo-puntano-no-apoyara-a-ninguno-de-los-candidatos-para-el-balotaje\/\",\"name\":\"EL RADICALISMO PUNTANO NO APOYAR\u00c1 A NINGUNO DE LOS CANDIDATOS PARA EL BALOTAJE - Apuntes de San Luis\",\"isPartOf\":{\"@id\":\"https:\/\/apuntesdesanluis.com\/#website\"},\"primaryImageOfPage\":{\"@id\":\"https:\/\/apuntesdesanluis.com\/index.php\/2023\/10\/25\/el-radicalismo-puntano-no-apoyara-a-ninguno-de-los-candidatos-para-el-balotaje\/#primaryimage\"},\"image\":{\"@id\":\"https:\/\/apuntesdesanluis.com\/index.php\/2023\/10\/25\/el-radicalismo-puntano-no-apoyara-a-ninguno-de-los-candidatos-para-el-balotaje\/#primaryimage\"},\"thumbnailUrl\":\"https:\/\/apuntesdesanluis.com\/wp-content\/uploads\/2023\/10\/juan-alvarez-pinto.png\",\"datePublished\":\"2023-10-26T00:46:27+00:00\",\"dateModified\":\"2023-10-26T00:49:20+00:00\",\"breadcrumb\":{\"@id\":\"https:\/\/apuntesdesanluis.com\/index.php\/2023\/10\/25\/el-radicalismo-puntano-no-apoyara-a-ninguno-de-los-candidatos-para-el-balotaje\/#breadcrumb\"},\"inLanguage\":\"es-AR\",\"potentialAction\":[{\"@type\":\"ReadAction\",\"target\":[\"https:\/\/apuntesdesanluis.com\/index.php\/2023\/10\/25\/el-radicalismo-puntano-no-apoyara-a-ninguno-de-los-candidatos-para-el-balotaje\/\"]}]},{\"@type\":\"ImageObject\",\"inLanguage\":\"es-AR\",\"@id\":\"https:\/\/apuntesdesanluis.com\/index.php\/2023\/10\/25\/el-radicalismo-puntano-no-apoyara-a-ninguno-de-los-candidatos-para-el-balotaje\/#primaryimage\",\"url\":\"https:\/\/apuntesdesanluis.com\/wp-content\/uploads\/2023\/10\/juan-alvarez-pinto.png\",\"contentUrl\":\"https:\/\/apuntesdesanluis.com\/wp-content\/uploads\/2023\/10\/juan-alvarez-pinto.png\",\"width\":632,\"height\":353},{\"@type\":\"BreadcrumbList\",\"@id\":\"https:\/\/apuntesdesanluis.com\/index.php\/2023\/10\/25\/el-radicalismo-puntano-no-apoyara-a-ninguno-de-los-candidatos-para-el-balotaje\/#breadcrumb\",\"itemListElement\":[{\"@type\":\"ListItem\",\"position\":1,\"name\":\"Inicio\",\"item\":\"https:\/\/apuntesdesanluis.com\/\"},{\"@type\":\"ListItem\",\"position\":2,\"name\":\"EL RADICALISMO PUNTANO NO APOYAR\u00c1 A NINGUNO DE LOS CANDIDATOS PARA EL BALOTAJE\"}]},{\"@type\":\"WebSite\",\"@id\":\"https:\/\/apuntesdesanluis.com\/#website\",\"url\":\"https:\/\/apuntesdesanluis.com\/\",\"name\":\"Apuntes de San Luis\",\"description\":\"\",\"publisher\":{\"@id\":\"https:\/\/apuntesdesanluis.com\/#\/schema\/person\/b55151d52296fcce64d1a72538a70b90\"},\"potentialAction\":[{\"@type\":\"SearchAction\",\"target\":{\"@type\":\"EntryPoint\",\"urlTemplate\":\"https:\/\/apuntesdesanluis.com\/?s={search_term_string}\"},\"query-input\":{\"@type\":\"PropertyValueSpecification\",\"valueRequired\":true,\"valueName\":\"search_term_string\"}}],\"inLanguage\":\"es-AR\"},{\"@type\":[\"Person\",\"Organization\"],\"@id\":\"https:\/\/apuntesdesanluis.com\/#\/schema\/person\/b55151d52296fcce64d1a72538a70b90\",\"name\":\"apuntesdesanluis.com\",\"image\":{\"@type\":\"ImageObject\",\"inLanguage\":\"es-AR\",\"@id\":\"https:\/\/apuntesdesanluis.com\/#\/schema\/person\/image\/\",\"url\":\"https:\/\/apuntesdesanluis.com\/wp-content\/uploads\/2023\/07\/cropped-apuntesdesanluis.png\",\"contentUrl\":\"https:\/\/apuntesdesanluis.com\/wp-content\/uploads\/2023\/07\/cropped-apuntesdesanluis.png\",\"width\":450,\"height\":112,\"caption\":\"apuntesdesanluis.com\"},\"logo\":{\"@id\":\"https:\/\/apuntesdesanluis.com\/#\/schema\/person\/image\/\"},\"sameAs\":[\"https:\/\/apuntesdesanluis.com\"],\"url\":\"https:\/\/apuntesdesanluis.com\/index.php\/author\/apuntesdesanluis-com\/\"}]}<\/script>\n<!-- \/ Yoast SEO plugin. -->","yoast_head_json":{"title":"EL RADICALISMO PUNTANO NO APOYAR\u00c1 A NINGUNO DE LOS CANDIDATOS PARA EL BALOTAJE - Apuntes de San Luis","robots":{"index":"index","follow":"follow","max-snippet":"max-snippet:-1","max-image-preview":"max-image-preview:large","max-video-preview":"max-video-preview:-1"},"canonical":"https:\/\/apuntesdesanluis.com\/index.php\/2023\/10\/25\/el-radicalismo-puntano-no-apoyara-a-ninguno-de-los-candidatos-para-el-balotaje\/","og_locale":"es_ES","og_type":"article","og_title":"EL RADICALISMO PUNTANO NO APOYAR\u00c1 A NINGUNO DE LOS CANDIDATOS PARA EL BALOTAJE - Apuntes de San Luis","og_description":"\u201cNi Fascismo, Ni Populismo, Democracia Siempre\u201d, se titula el documento que dio a conocer este...","og_url":"https:\/\/apuntesdesanluis.com\/index.php\/2023\/10\/25\/el-radicalismo-puntano-no-apoyara-a-ninguno-de-los-candidatos-para-el-balotaje\/","og_site_name":"Apuntes de San Luis","article_published_time":"2023-10-26T00:46:27+00:00","article_modified_time":"2023-10-26T00:49:20+00:00","og_image":[{"width":632,"height":353,"url":"https:\/\/apuntesdesanluis.com\/wp-content\/uploads\/2023\/10\/juan-alvarez-pinto.png","type":"image\/png"}],"author":"apuntesdesanluis.com","twitter_card":"summary_large_image","twitter_misc":{"Escrito por":"apuntesdesanluis.com","Tiempo de lectura":"3 minutos"},"schema":{"@context":"https:\/\/schema.org","@graph":[{"@type":"Article","@id":"https:\/\/apuntesdesanluis.com\/index.php\/2023\/10\/25\/el-radicalismo-puntano-no-apoyara-a-ninguno-de-los-candidatos-para-el-balotaje\/#article","isPartOf":{"@id":"https:\/\/apuntesdesanluis.com\/index.php\/2023\/10\/25\/el-radicalismo-puntano-no-apoyara-a-ninguno-de-los-candidatos-para-el-balotaje\/"},"author":{"name":"apuntesdesanluis.com","@id":"https:\/\/apuntesdesanluis.com\/#\/schema\/person\/b55151d52296fcce64d1a72538a70b90"},"headline":"EL RADICALISMO PUNTANO NO APOYAR\u00c1 A NINGUNO DE LOS CANDIDATOS PARA EL BALOTAJE","datePublished":"2023-10-26T00:46:27+00:00","dateModified":"2023-10-26T00:49:20+00:00","mainEntityOfPage":{"@id":"https:\/\/apuntesdesanluis.com\/index.php\/2023\/10\/25\/el-radicalismo-puntano-no-apoyara-a-ninguno-de-los-candidatos-para-el-balotaje\/"},"wordCount":553,"publisher":{"@id":"https:\/\/apuntesdesanluis.com\/#\/schema\/person\/b55151d52296fcce64d1a72538a70b90"},"image":{"@id":"https:\/\/apuntesdesanluis.com\/index.php\/2023\/10\/25\/el-radicalismo-puntano-no-apoyara-a-ninguno-de-los-candidatos-para-el-balotaje\/#primaryimage"},"thumbnailUrl":"https:\/\/apuntesdesanluis.com\/wp-content\/uploads\/2023\/10\/juan-alvarez-pinto.png","articleSection":["Ciudad\/Provincia"],"inLanguage":"es-AR"},{"@type":"WebPage","@id":"https:\/\/apuntesdesanluis.com\/index.php\/2023\/10\/25\/el-radicalismo-puntano-no-apoyara-a-ninguno-de-los-candidatos-para-el-balotaje\/","url":"https:\/\/apuntesdesanluis.com\/index.php\/2023\/10\/25\/el-radicalismo-puntano-no-apoyara-a-ninguno-de-los-candidatos-para-el-balotaje\/","name":"EL RADICALISMO PUNTANO NO APOYAR\u00c1 A NINGUNO DE LOS CANDIDATOS PARA EL BALOTAJE - Apuntes de San Luis","isPartOf":{"@id":"https:\/\/apuntesdesanluis.com\/#website"},"primaryImageOfPage":{"@id":"https:\/\/apuntesdesanluis.com\/index.php\/2023\/10\/25\/el-radicalismo-puntano-no-apoyara-a-ninguno-de-los-candidatos-para-el-balotaje\/#primaryimage"},"image":{"@id":"https:\/\/apuntesdesanluis.com\/index.php\/2023\/10\/25\/el-radicalismo-puntano-no-apoyara-a-ninguno-de-los-candidatos-para-el-balotaje\/#primaryimage"},"thumbnailUrl":"https:\/\/apuntesdesanluis.com\/wp-content\/uploads\/2023\/10\/juan-alvarez-pinto.png","datePublished":"2023-10-26T00:46:27+00:00","dateModified":"2023-10-26T00:49:20+00:00","breadcrumb":{"@id":"https:\/\/apuntesdesanluis.com\/index.php\/2023\/10\/25\/el-radicalismo-puntano-no-apoyara-a-ninguno-de-los-candidatos-para-el-balotaje\/#breadcrumb"},"inLanguage":"es-AR","potentialAction":[{"@type":"ReadAction","target":["https:\/\/apuntesdesanluis.com\/index.php\/2023\/10\/25\/el-radicalismo-puntano-no-apoyara-a-ninguno-de-los-candidatos-para-el-balotaje\/"]}]},{"@type":"ImageObject","inLanguage":"es-AR","@id":"https:\/\/apuntesdesanluis.com\/index.php\/2023\/10\/25\/el-radicalismo-puntano-no-apoyara-a-ninguno-de-los-candidatos-para-el-balotaje\/#primaryimage","url":"https:\/\/apuntesdesanluis.com\/wp-content\/uploads\/2023\/10\/juan-alvarez-pinto.png","contentUrl":"https:\/\/apuntesdesanluis.com\/wp-content\/uploads\/2023\/10\/juan-alvarez-pinto.png","width":632,"height":353},{"@type":"BreadcrumbList","@id":"https:\/\/apuntesdesanluis.com\/index.php\/2023\/10\/25\/el-radicalismo-puntano-no-apoyara-a-ninguno-de-los-candidatos-para-el-balotaje\/#breadcrumb","itemListElement":[{"@type":"ListItem","position":1,"name":"Inicio","item":"https:\/\/apuntesdesanluis.com\/"},{"@type":"ListItem","position":2,"name":"EL RADICALISMO PUNTANO NO APOYAR\u00c1 A NINGUNO DE LOS CANDIDATOS PARA EL BALOTAJE"}]},{"@type":"WebSite","@id":"https:\/\/apuntesdesanluis.com\/#website","url":"https:\/\/apuntesdesanluis.com\/","name":"Apuntes de San Luis","description":"","publisher":{"@id":"https:\/\/apuntesdesanluis.com\/#\/schema\/person\/b55151d52296fcce64d1a72538a70b90"},"potentialAction":[{"@type":"SearchAction","target":{"@type":"EntryPoint","urlTemplate":"https:\/\/apuntesdesanluis.com\/?s={search_term_string}"},"query-input":{"@type":"PropertyValueSpecification","valueRequired":true,"valueName":"search_term_string"}}],"inLanguage":"es-AR"},{"@type":["Person","Organization"],"@id":"https:\/\/apuntesdesanluis.com\/#\/schema\/person\/b55151d52296fcce64d1a72538a70b90","name":"apuntesdesanluis.com","image":{"@type":"ImageObject","inLanguage":"es-AR","@id":"https:\/\/apuntesdesanluis.com\/#\/schema\/person\/image\/","url":"https:\/\/apuntesdesanluis.com\/wp-content\/uploads\/2023\/07\/cropped-apuntesdesanluis.png","contentUrl":"https:\/\/apuntesdesanluis.com\/wp-content\/uploads\/2023\/07\/cropped-apuntesdesanluis.png","width":450,"height":112,"caption":"apuntesdesanluis.com"},"logo":{"@id":"https:\/\/apuntesdesanluis.com\/#\/schema\/person\/image\/"},"sameAs":["https:\/\/apuntesdesanluis.com"],"url":"https:\/\/apuntesdesanluis.com\/index.php\/author\/apuntesdesanluis-com\/"}]}},"featured_image_urls":{"full":["https:\/\/apuntesdesanluis.com\/wp-content\/uploads\/2023\/10\/juan-alvarez-pinto.png",632,353,false],"thumbnail":["https:\/\/apuntesdesanluis.com\/wp-content\/uploads\/2023\/10\/juan-alvarez-pinto-150x150.png",150,150,true],"medium":["https:\/\/apuntesdesanluis.com\/wp-content\/uploads\/2023\/10\/juan-alvarez-pinto-300x168.png",300,168,true],"medium_large":["https:\/\/apuntesdesanluis.com\/wp-content\/uploads\/2023\/10\/juan-alvarez-pinto.png",632,353,false],"large":["https:\/\/apuntesdesanluis.com\/wp-content\/uploads\/2023\/10\/juan-alvarez-pinto.png",632,353,false],"1536x1536":["https:\/\/apuntesdesanluis.com\/wp-content\/uploads\/2023\/10\/juan-alvarez-pinto.png",632,353,false],"2048x2048":["https:\/\/apuntesdesanluis.com\/wp-content\/uploads\/2023\/10\/juan-alvarez-pinto.png",632,353,false],"newsever-slider-full":["https:\/\/apuntesdesanluis.com\/wp-content\/uploads\/2023\/10\/juan-alvarez-pinto.png",632,353,false],"newsever-featured":["https:\/\/apuntesdesanluis.com\/wp-content\/uploads\/2023\/10\/juan-alvarez-pinto.png",632,353,false],"newsever-medium":["https:\/\/apuntesdesanluis.com\/wp-content\/uploads\/2023\/10\/juan-alvarez-pinto.png",632,353,false]},"author_info":{"display_name":"apuntesdesanluis.com","author_link":"https:\/\/apuntesdesanluis.com\/index.php\/author\/apuntesdesanluis-com\/"},"category_info":"<a href=\"https:\/\/apuntesdesanluis.com\/index.php\/category\/ciudad-provincia\/\" rel=\"category tag\">Ciudad\/Provincia<\/a>","tag_info":"Ciudad\/Provincia","comment_count":"0","_links":{"self":[{"href":"https:\/\/apuntesdesanluis.com\/index.php\/wp-json\/wp\/v2\/posts\/5845","targetHints":{"allow":["GET"]}}],"collection":[{"href":"https:\/\/apuntesdesanluis.com\/index.php\/wp-json\/wp\/v2\/posts"}],"about":[{"href":"https:\/\/apuntesdesanluis.com\/index.php\/wp-json\/wp\/v2\/types\/post"}],"author":[{"embeddable":true,"href":"https:\/\/apuntesdesanluis.com\/index.php\/wp-json\/wp\/v2\/users\/1"}],"replies":[{"embeddable":true,"href":"https:\/\/apuntesdesanluis.com\/index.php\/wp-json\/wp\/v2\/comments?post=5845"}],"version-history":[{"count":3,"href":"https:\/\/apuntesdesanluis.com\/index.php\/wp-json\/wp\/v2\/posts\/5845\/revisions"}],"predecessor-version":[{"id":5849,"href":"https:\/\/apuntesdesanluis.com\/index.php\/wp-json\/wp\/v2\/posts\/5845\/revisions\/5849"}],"wp:featuredmedia":[{"embeddable":true,"href":"https:\/\/apuntesdesanluis.com\/index.php\/wp-json\/wp\/v2\/media\/5846"}],"wp:attachment":[{"href":"https:\/\/apuntesdesanluis.com\/index.php\/wp-json\/wp\/v2\/media?parent=5845"}],"wp:term":[{"taxonomy":"category","embeddable":true,"href":"https:\/\/apuntesdesanluis.com\/index.php\/wp-json\/wp\/v2\/categories?post=5845"},{"taxonomy":"post_tag","embeddable":true,"href":"https:\/\/apuntesdesanluis.com\/index.php\/wp-json\/wp\/v2\/tags?post=5845"}],"curies":[{"name":"wp","href":"https:\/\/api.w.org\/{rel}","templated":true}]}}