{"id":5850,"date":"2023-10-25T16:00:38","date_gmt":"2023-10-25T19:00:38","guid":{"rendered":"https:\/\/apuntesdesanluis.com\/?p=5850"},"modified":"2023-10-25T22:02:09","modified_gmt":"2023-10-26T01:02:09","slug":"solicitan-8-anos-de-prision-para-un-hombre-acusado-de-abusar-de-su-hija-y-su-nieta","status":"publish","type":"post","link":"https:\/\/apuntesdesanluis.com\/index.php\/2023\/10\/25\/solicitan-8-anos-de-prision-para-un-hombre-acusado-de-abusar-de-su-hija-y-su-nieta\/","title":{"rendered":"SOLICITAN 8 A\u00d1OS DE PRISI\u00d3N PARA UN HOMBRE ACUSADO DE ABUSAR DE SU HIJA Y SU NIETA"},"content":{"rendered":"<h3>La Fiscal de Juicio de la Primera Circunscripci\u00f3n, Virgina Palacios Gonella, solicit\u00f3 ante los jueces de la C\u00e1mara Penal N\u00b0 1 Residual, que las causas que se llevan contra un hombre de 68 a\u00f1os acusado de abuso sexual, concluyan bajo el procedimiento de juicio abreviado. El acuerdo fue presentado este martes a la ma\u00f1ana en la audiencia que se desarroll\u00f3 en la Sala Oral N\u00b0 1 de los tribunales de San Luis, y cont\u00f3 con la conformidad del imputado, quien fue asistido por el Defensor de Juicio N\u00b0 1, Esteban Sala.<\/h3>\n<h3>Al acusado se le imputan los delitos de abuso sexual gravemente ultrajante agravado por el v\u00ednculo y abuso sexual simple agravado por el v\u00ednculo. Las v\u00edctimas fueron su hija y su nieta. Por ambos hechos, la Fiscal\u00eda solicit\u00f3 una condena de ocho a\u00f1os de prisi\u00f3n domiciliaria.<\/h3>\n<h3>Frente al presidente del tribunal, Jos\u00e9 Luis Flores, el acusado admiti\u00f3 los hechos, reconoci\u00f3 su autor\u00eda y acept\u00f3 la calificaci\u00f3n penal impuesta y la pena peticionada.<\/h3>\n<h3>Respecto al pedido de que la pena sea bajo cumplimiento domiciliario, Palacios explic\u00f3 que el acusado presenta enfermedades e intervenciones quir\u00fargicas que progresivamente deterioraron su salud.<\/h3>\n<h3>\u201cEl imputado requiere permanente asistencia para tareas de la vida cotidiana que exigen mayor esfuerzo, motivo por el cual uno de sus m\u00e9dicos le ha indicado que debe permanecer en reposo y con tratamiento m\u00e9dico. Sumado a la edad del acusado, entendemos que se encuentra alcanzado por lo establecido por los art\u00edculos 10 del C\u00f3digo Penal Argentino, por el art\u00edculo 32 de la Ley 24660, por la Constituci\u00f3n Nacional, la Declaraci\u00f3n Americana de los Derechos y Deberes del Hombre, la Declaraci\u00f3n Universal de Derechos Humanos, la Convenci\u00f3n Americana de Derechos Humanos y el Pacto lnternacional de Derechos Civiles y Pol\u00edticos\u201d, argument\u00f3 la fiscal.<\/h3>\n<h3>Lo expresado por Palacios cont\u00f3 con la adhesi\u00f3n de Sala y de la Defensora Oficial de Ni\u00f1ez, Adolescencia e Incapaces, Marcela Torres Capiello, representante de la segunda v\u00edctima por ser menor de edad.<\/h3>\n<h3>Luego de escuchar a las partes, el juez Flores pas\u00f3 la causa a resolver. En los pr\u00f3ximos d\u00edas el tribunal dar\u00e1 a conocer si homologa o no el acuerdo presentado. El imputado continuar\u00e1 bajo prisi\u00f3n preventiva en su domicilio ubicado en el Barrio Telepostal, al que no podr\u00e1 abandonar salvo por cuestiones de salud justificados.<\/h3>\n<p>&nbsp;<\/p>\n<p>&nbsp;<\/p>\n<p>&nbsp;<\/p>\n<p>&nbsp;<\/p>\n","protected":false},"excerpt":{"rendered":"<p>La Fiscal de Juicio de la Primera Circunscripci\u00f3n, Virgina Palacios Gonella, solicit\u00f3 ante los jueces&#8230;<\/p>\n","protected":false},"author":1,"featured_media":5851,"comment_status":"closed","ping_status":"closed","sticky":false,"template":"","format":"standard","meta":{"footnotes":""},"categories":[6],"tags":[],"class_list":["post-5850","post","type-post","status-publish","format-standard","has-post-thumbnail","hentry","category-ciudad-provincia"],"yoast_head":"<!-- This site is optimized with the Yoast SEO plugin v26.1.1 - https:\/\/yoast.com\/wordpress\/plugins\/seo\/ -->\n<title>SOLICITAN 8 A\u00d1OS DE PRISI\u00d3N PARA UN HOMBRE ACUSADO DE ABUSAR DE SU HIJA Y SU NIETA - Apuntes de San Luis<\/title>\n<meta name=\"robots\" content=\"index, follow, max-snippet:-1, max-image-preview:large, max-video-preview:-1\" \/>\n<link rel=\"canonical\" href=\"https:\/\/apuntesdesanluis.com\/index.php\/2023\/10\/25\/solicitan-8-anos-de-prision-para-un-hombre-acusado-de-abusar-de-su-hija-y-su-nieta\/\" \/>\n<meta property=\"og:locale\" content=\"es_ES\" \/>\n<meta property=\"og:type\" content=\"article\" \/>\n<meta property=\"og:title\" content=\"SOLICITAN 8 A\u00d1OS DE PRISI\u00d3N PARA UN HOMBRE ACUSADO DE ABUSAR DE SU HIJA Y SU NIETA - Apuntes de San Luis\" \/>\n<meta property=\"og:description\" content=\"La Fiscal de Juicio de la Primera Circunscripci\u00f3n, Virgina Palacios Gonella, solicit\u00f3 ante los jueces...\" \/>\n<meta property=\"og:url\" content=\"https:\/\/apuntesdesanluis.com\/index.php\/2023\/10\/25\/solicitan-8-anos-de-prision-para-un-hombre-acusado-de-abusar-de-su-hija-y-su-nieta\/\" \/>\n<meta property=\"og:site_name\" content=\"Apuntes de San Luis\" \/>\n<meta property=\"article:published_time\" content=\"2023-10-25T19:00:38+00:00\" \/>\n<meta property=\"article:modified_time\" content=\"2023-10-26T01:02:09+00:00\" \/>\n<meta property=\"og:image\" content=\"https:\/\/apuntesdesanluis.com\/wp-content\/uploads\/2023\/10\/AUDIENCIA-X-ABUSO.png\" \/>\n\t<meta property=\"og:image:width\" content=\"600\" \/>\n\t<meta property=\"og:image:height\" content=\"387\" \/>\n\t<meta property=\"og:image:type\" content=\"image\/png\" \/>\n<meta name=\"author\" content=\"apuntesdesanluis.com\" \/>\n<meta name=\"twitter:card\" content=\"summary_large_image\" \/>\n<meta name=\"twitter:label1\" content=\"Escrito por\" \/>\n\t<meta name=\"twitter:data1\" content=\"apuntesdesanluis.com\" \/>\n\t<meta name=\"twitter:label2\" content=\"Tiempo de lectura\" \/>\n\t<meta name=\"twitter:data2\" content=\"2 minutos\" \/>\n<script type=\"application\/ld+json\" class=\"yoast-schema-graph\">{\"@context\":\"https:\/\/schema.org\",\"@graph\":[{\"@type\":\"Article\",\"@id\":\"https:\/\/apuntesdesanluis.com\/index.php\/2023\/10\/25\/solicitan-8-anos-de-prision-para-un-hombre-acusado-de-abusar-de-su-hija-y-su-nieta\/#article\",\"isPartOf\":{\"@id\":\"https:\/\/apuntesdesanluis.com\/index.php\/2023\/10\/25\/solicitan-8-anos-de-prision-para-un-hombre-acusado-de-abusar-de-su-hija-y-su-nieta\/\"},\"author\":{\"name\":\"apuntesdesanluis.com\",\"@id\":\"https:\/\/apuntesdesanluis.com\/#\/schema\/person\/b55151d52296fcce64d1a72538a70b90\"},\"headline\":\"SOLICITAN 8 A\u00d1OS DE PRISI\u00d3N PARA UN HOMBRE ACUSADO DE ABUSAR DE SU HIJA Y SU NIETA\",\"datePublished\":\"2023-10-25T19:00:38+00:00\",\"dateModified\":\"2023-10-26T01:02:09+00:00\",\"mainEntityOfPage\":{\"@id\":\"https:\/\/apuntesdesanluis.com\/index.php\/2023\/10\/25\/solicitan-8-anos-de-prision-para-un-hombre-acusado-de-abusar-de-su-hija-y-su-nieta\/\"},\"wordCount\":424,\"publisher\":{\"@id\":\"https:\/\/apuntesdesanluis.com\/#\/schema\/person\/b55151d52296fcce64d1a72538a70b90\"},\"image\":{\"@id\":\"https:\/\/apuntesdesanluis.com\/index.php\/2023\/10\/25\/solicitan-8-anos-de-prision-para-un-hombre-acusado-de-abusar-de-su-hija-y-su-nieta\/#primaryimage\"},\"thumbnailUrl\":\"https:\/\/apuntesdesanluis.com\/wp-content\/uploads\/2023\/10\/AUDIENCIA-X-ABUSO.png\",\"articleSection\":[\"Ciudad\/Provincia\"],\"inLanguage\":\"es-AR\"},{\"@type\":\"WebPage\",\"@id\":\"https:\/\/apuntesdesanluis.com\/index.php\/2023\/10\/25\/solicitan-8-anos-de-prision-para-un-hombre-acusado-de-abusar-de-su-hija-y-su-nieta\/\",\"url\":\"https:\/\/apuntesdesanluis.com\/index.php\/2023\/10\/25\/solicitan-8-anos-de-prision-para-un-hombre-acusado-de-abusar-de-su-hija-y-su-nieta\/\",\"name\":\"SOLICITAN 8 A\u00d1OS DE PRISI\u00d3N PARA UN HOMBRE ACUSADO DE ABUSAR DE SU HIJA Y SU NIETA - Apuntes de San Luis\",\"isPartOf\":{\"@id\":\"https:\/\/apuntesdesanluis.com\/#website\"},\"primaryImageOfPage\":{\"@id\":\"https:\/\/apuntesdesanluis.com\/index.php\/2023\/10\/25\/solicitan-8-anos-de-prision-para-un-hombre-acusado-de-abusar-de-su-hija-y-su-nieta\/#primaryimage\"},\"image\":{\"@id\":\"https:\/\/apuntesdesanluis.com\/index.php\/2023\/10\/25\/solicitan-8-anos-de-prision-para-un-hombre-acusado-de-abusar-de-su-hija-y-su-nieta\/#primaryimage\"},\"thumbnailUrl\":\"https:\/\/apuntesdesanluis.com\/wp-content\/uploads\/2023\/10\/AUDIENCIA-X-ABUSO.png\",\"datePublished\":\"2023-10-25T19:00:38+00:00\",\"dateModified\":\"2023-10-26T01:02:09+00:00\",\"breadcrumb\":{\"@id\":\"https:\/\/apuntesdesanluis.com\/index.php\/2023\/10\/25\/solicitan-8-anos-de-prision-para-un-hombre-acusado-de-abusar-de-su-hija-y-su-nieta\/#breadcrumb\"},\"inLanguage\":\"es-AR\",\"potentialAction\":[{\"@type\":\"ReadAction\",\"target\":[\"https:\/\/apuntesdesanluis.com\/index.php\/2023\/10\/25\/solicitan-8-anos-de-prision-para-un-hombre-acusado-de-abusar-de-su-hija-y-su-nieta\/\"]}]},{\"@type\":\"ImageObject\",\"inLanguage\":\"es-AR\",\"@id\":\"https:\/\/apuntesdesanluis.com\/index.php\/2023\/10\/25\/solicitan-8-anos-de-prision-para-un-hombre-acusado-de-abusar-de-su-hija-y-su-nieta\/#primaryimage\",\"url\":\"https:\/\/apuntesdesanluis.com\/wp-content\/uploads\/2023\/10\/AUDIENCIA-X-ABUSO.png\",\"contentUrl\":\"https:\/\/apuntesdesanluis.com\/wp-content\/uploads\/2023\/10\/AUDIENCIA-X-ABUSO.png\",\"width\":600,\"height\":387},{\"@type\":\"BreadcrumbList\",\"@id\":\"https:\/\/apuntesdesanluis.com\/index.php\/2023\/10\/25\/solicitan-8-anos-de-prision-para-un-hombre-acusado-de-abusar-de-su-hija-y-su-nieta\/#breadcrumb\",\"itemListElement\":[{\"@type\":\"ListItem\",\"position\":1,\"name\":\"Inicio\",\"item\":\"https:\/\/apuntesdesanluis.com\/\"},{\"@type\":\"ListItem\",\"position\":2,\"name\":\"SOLICITAN 8 A\u00d1OS DE PRISI\u00d3N PARA UN HOMBRE ACUSADO DE ABUSAR DE SU HIJA Y SU NIETA\"}]},{\"@type\":\"WebSite\",\"@id\":\"https:\/\/apuntesdesanluis.com\/#website\",\"url\":\"https:\/\/apuntesdesanluis.com\/\",\"name\":\"Apuntes de San Luis\",\"description\":\"\",\"publisher\":{\"@id\":\"https:\/\/apuntesdesanluis.com\/#\/schema\/person\/b55151d52296fcce64d1a72538a70b90\"},\"potentialAction\":[{\"@type\":\"SearchAction\",\"target\":{\"@type\":\"EntryPoint\",\"urlTemplate\":\"https:\/\/apuntesdesanluis.com\/?s={search_term_string}\"},\"query-input\":{\"@type\":\"PropertyValueSpecification\",\"valueRequired\":true,\"valueName\":\"search_term_string\"}}],\"inLanguage\":\"es-AR\"},{\"@type\":[\"Person\",\"Organization\"],\"@id\":\"https:\/\/apuntesdesanluis.com\/#\/schema\/person\/b55151d52296fcce64d1a72538a70b90\",\"name\":\"apuntesdesanluis.com\",\"image\":{\"@type\":\"ImageObject\",\"inLanguage\":\"es-AR\",\"@id\":\"https:\/\/apuntesdesanluis.com\/#\/schema\/person\/image\/\",\"url\":\"https:\/\/apuntesdesanluis.com\/wp-content\/uploads\/2023\/07\/cropped-apuntesdesanluis.png\",\"contentUrl\":\"https:\/\/apuntesdesanluis.com\/wp-content\/uploads\/2023\/07\/cropped-apuntesdesanluis.png\",\"width\":450,\"height\":112,\"caption\":\"apuntesdesanluis.com\"},\"logo\":{\"@id\":\"https:\/\/apuntesdesanluis.com\/#\/schema\/person\/image\/\"},\"sameAs\":[\"https:\/\/apuntesdesanluis.com\"],\"url\":\"https:\/\/apuntesdesanluis.com\/index.php\/author\/apuntesdesanluis-com\/\"}]}<\/script>\n<!-- \/ Yoast SEO plugin. -->","yoast_head_json":{"title":"SOLICITAN 8 A\u00d1OS DE PRISI\u00d3N PARA UN HOMBRE ACUSADO DE ABUSAR DE SU HIJA Y SU NIETA - Apuntes de San Luis","robots":{"index":"index","follow":"follow","max-snippet":"max-snippet:-1","max-image-preview":"max-image-preview:large","max-video-preview":"max-video-preview:-1"},"canonical":"https:\/\/apuntesdesanluis.com\/index.php\/2023\/10\/25\/solicitan-8-anos-de-prision-para-un-hombre-acusado-de-abusar-de-su-hija-y-su-nieta\/","og_locale":"es_ES","og_type":"article","og_title":"SOLICITAN 8 A\u00d1OS DE PRISI\u00d3N PARA UN HOMBRE ACUSADO DE ABUSAR DE SU HIJA Y SU NIETA - Apuntes de San Luis","og_description":"La Fiscal de Juicio de la Primera Circunscripci\u00f3n, Virgina Palacios Gonella, solicit\u00f3 ante los jueces...","og_url":"https:\/\/apuntesdesanluis.com\/index.php\/2023\/10\/25\/solicitan-8-anos-de-prision-para-un-hombre-acusado-de-abusar-de-su-hija-y-su-nieta\/","og_site_name":"Apuntes de San Luis","article_published_time":"2023-10-25T19:00:38+00:00","article_modified_time":"2023-10-26T01:02:09+00:00","og_image":[{"width":600,"height":387,"url":"https:\/\/apuntesdesanluis.com\/wp-content\/uploads\/2023\/10\/AUDIENCIA-X-ABUSO.png","type":"image\/png"}],"author":"apuntesdesanluis.com","twitter_card":"summary_large_image","twitter_misc":{"Escrito por":"apuntesdesanluis.com","Tiempo de lectura":"2 minutos"},"schema":{"@context":"https:\/\/schema.org","@graph":[{"@type":"Article","@id":"https:\/\/apuntesdesanluis.com\/index.php\/2023\/10\/25\/solicitan-8-anos-de-prision-para-un-hombre-acusado-de-abusar-de-su-hija-y-su-nieta\/#article","isPartOf":{"@id":"https:\/\/apuntesdesanluis.com\/index.php\/2023\/10\/25\/solicitan-8-anos-de-prision-para-un-hombre-acusado-de-abusar-de-su-hija-y-su-nieta\/"},"author":{"name":"apuntesdesanluis.com","@id":"https:\/\/apuntesdesanluis.com\/#\/schema\/person\/b55151d52296fcce64d1a72538a70b90"},"headline":"SOLICITAN 8 A\u00d1OS DE PRISI\u00d3N PARA UN HOMBRE ACUSADO DE ABUSAR DE SU HIJA Y SU NIETA","datePublished":"2023-10-25T19:00:38+00:00","dateModified":"2023-10-26T01:02:09+00:00","mainEntityOfPage":{"@id":"https:\/\/apuntesdesanluis.com\/index.php\/2023\/10\/25\/solicitan-8-anos-de-prision-para-un-hombre-acusado-de-abusar-de-su-hija-y-su-nieta\/"},"wordCount":424,"publisher":{"@id":"https:\/\/apuntesdesanluis.com\/#\/schema\/person\/b55151d52296fcce64d1a72538a70b90"},"image":{"@id":"https:\/\/apuntesdesanluis.com\/index.php\/2023\/10\/25\/solicitan-8-anos-de-prision-para-un-hombre-acusado-de-abusar-de-su-hija-y-su-nieta\/#primaryimage"},"thumbnailUrl":"https:\/\/apuntesdesanluis.com\/wp-content\/uploads\/2023\/10\/AUDIENCIA-X-ABUSO.png","articleSection":["Ciudad\/Provincia"],"inLanguage":"es-AR"},{"@type":"WebPage","@id":"https:\/\/apuntesdesanluis.com\/index.php\/2023\/10\/25\/solicitan-8-anos-de-prision-para-un-hombre-acusado-de-abusar-de-su-hija-y-su-nieta\/","url":"https:\/\/apuntesdesanluis.com\/index.php\/2023\/10\/25\/solicitan-8-anos-de-prision-para-un-hombre-acusado-de-abusar-de-su-hija-y-su-nieta\/","name":"SOLICITAN 8 A\u00d1OS DE PRISI\u00d3N PARA UN HOMBRE ACUSADO DE ABUSAR DE SU HIJA Y SU NIETA - Apuntes de San Luis","isPartOf":{"@id":"https:\/\/apuntesdesanluis.com\/#website"},"primaryImageOfPage":{"@id":"https:\/\/apuntesdesanluis.com\/index.php\/2023\/10\/25\/solicitan-8-anos-de-prision-para-un-hombre-acusado-de-abusar-de-su-hija-y-su-nieta\/#primaryimage"},"image":{"@id":"https:\/\/apuntesdesanluis.com\/index.php\/2023\/10\/25\/solicitan-8-anos-de-prision-para-un-hombre-acusado-de-abusar-de-su-hija-y-su-nieta\/#primaryimage"},"thumbnailUrl":"https:\/\/apuntesdesanluis.com\/wp-content\/uploads\/2023\/10\/AUDIENCIA-X-ABUSO.png","datePublished":"2023-10-25T19:00:38+00:00","dateModified":"2023-10-26T01:02:09+00:00","breadcrumb":{"@id":"https:\/\/apuntesdesanluis.com\/index.php\/2023\/10\/25\/solicitan-8-anos-de-prision-para-un-hombre-acusado-de-abusar-de-su-hija-y-su-nieta\/#breadcrumb"},"inLanguage":"es-AR","potentialAction":[{"@type":"ReadAction","target":["https:\/\/apuntesdesanluis.com\/index.php\/2023\/10\/25\/solicitan-8-anos-de-prision-para-un-hombre-acusado-de-abusar-de-su-hija-y-su-nieta\/"]}]},{"@type":"ImageObject","inLanguage":"es-AR","@id":"https:\/\/apuntesdesanluis.com\/index.php\/2023\/10\/25\/solicitan-8-anos-de-prision-para-un-hombre-acusado-de-abusar-de-su-hija-y-su-nieta\/#primaryimage","url":"https:\/\/apuntesdesanluis.com\/wp-content\/uploads\/2023\/10\/AUDIENCIA-X-ABUSO.png","contentUrl":"https:\/\/apuntesdesanluis.com\/wp-content\/uploads\/2023\/10\/AUDIENCIA-X-ABUSO.png","width":600,"height":387},{"@type":"BreadcrumbList","@id":"https:\/\/apuntesdesanluis.com\/index.php\/2023\/10\/25\/solicitan-8-anos-de-prision-para-un-hombre-acusado-de-abusar-de-su-hija-y-su-nieta\/#breadcrumb","itemListElement":[{"@type":"ListItem","position":1,"name":"Inicio","item":"https:\/\/apuntesdesanluis.com\/"},{"@type":"ListItem","position":2,"name":"SOLICITAN 8 A\u00d1OS DE PRISI\u00d3N PARA UN HOMBRE ACUSADO DE ABUSAR DE SU HIJA Y SU NIETA"}]},{"@type":"WebSite","@id":"https:\/\/apuntesdesanluis.com\/#website","url":"https:\/\/apuntesdesanluis.com\/","name":"Apuntes de San Luis","description":"","publisher":{"@id":"https:\/\/apuntesdesanluis.com\/#\/schema\/person\/b55151d52296fcce64d1a72538a70b90"},"potentialAction":[{"@type":"SearchAction","target":{"@type":"EntryPoint","urlTemplate":"https:\/\/apuntesdesanluis.com\/?s={search_term_string}"},"query-input":{"@type":"PropertyValueSpecification","valueRequired":true,"valueName":"search_term_string"}}],"inLanguage":"es-AR"},{"@type":["Person","Organization"],"@id":"https:\/\/apuntesdesanluis.com\/#\/schema\/person\/b55151d52296fcce64d1a72538a70b90","name":"apuntesdesanluis.com","image":{"@type":"ImageObject","inLanguage":"es-AR","@id":"https:\/\/apuntesdesanluis.com\/#\/schema\/person\/image\/","url":"https:\/\/apuntesdesanluis.com\/wp-content\/uploads\/2023\/07\/cropped-apuntesdesanluis.png","contentUrl":"https:\/\/apuntesdesanluis.com\/wp-content\/uploads\/2023\/07\/cropped-apuntesdesanluis.png","width":450,"height":112,"caption":"apuntesdesanluis.com"},"logo":{"@id":"https:\/\/apuntesdesanluis.com\/#\/schema\/person\/image\/"},"sameAs":["https:\/\/apuntesdesanluis.com"],"url":"https:\/\/apuntesdesanluis.com\/index.php\/author\/apuntesdesanluis-com\/"}]}},"featured_image_urls":{"full":["https:\/\/apuntesdesanluis.com\/wp-content\/uploads\/2023\/10\/AUDIENCIA-X-ABUSO.png",600,387,false],"thumbnail":["https:\/\/apuntesdesanluis.com\/wp-content\/uploads\/2023\/10\/AUDIENCIA-X-ABUSO-150x150.png",150,150,true],"medium":["https:\/\/apuntesdesanluis.com\/wp-content\/uploads\/2023\/10\/AUDIENCIA-X-ABUSO-300x194.png",300,194,true],"medium_large":["https:\/\/apuntesdesanluis.com\/wp-content\/uploads\/2023\/10\/AUDIENCIA-X-ABUSO.png",600,387,false],"large":["https:\/\/apuntesdesanluis.com\/wp-content\/uploads\/2023\/10\/AUDIENCIA-X-ABUSO.png",600,387,false],"1536x1536":["https:\/\/apuntesdesanluis.com\/wp-content\/uploads\/2023\/10\/AUDIENCIA-X-ABUSO.png",600,387,false],"2048x2048":["https:\/\/apuntesdesanluis.com\/wp-content\/uploads\/2023\/10\/AUDIENCIA-X-ABUSO.png",600,387,false],"newsever-slider-full":["https:\/\/apuntesdesanluis.com\/wp-content\/uploads\/2023\/10\/AUDIENCIA-X-ABUSO.png",600,387,false],"newsever-featured":["https:\/\/apuntesdesanluis.com\/wp-content\/uploads\/2023\/10\/AUDIENCIA-X-ABUSO.png",600,387,false],"newsever-medium":["https:\/\/apuntesdesanluis.com\/wp-content\/uploads\/2023\/10\/AUDIENCIA-X-ABUSO.png",600,387,false]},"author_info":{"display_name":"apuntesdesanluis.com","author_link":"https:\/\/apuntesdesanluis.com\/index.php\/author\/apuntesdesanluis-com\/"},"category_info":"<a href=\"https:\/\/apuntesdesanluis.com\/index.php\/category\/ciudad-provincia\/\" rel=\"category tag\">Ciudad\/Provincia<\/a>","tag_info":"Ciudad\/Provincia","comment_count":"0","_links":{"self":[{"href":"https:\/\/apuntesdesanluis.com\/index.php\/wp-json\/wp\/v2\/posts\/5850","targetHints":{"allow":["GET"]}}],"collection":[{"href":"https:\/\/apuntesdesanluis.com\/index.php\/wp-json\/wp\/v2\/posts"}],"about":[{"href":"https:\/\/apuntesdesanluis.com\/index.php\/wp-json\/wp\/v2\/types\/post"}],"author":[{"embeddable":true,"href":"https:\/\/apuntesdesanluis.com\/index.php\/wp-json\/wp\/v2\/users\/1"}],"replies":[{"embeddable":true,"href":"https:\/\/apuntesdesanluis.com\/index.php\/wp-json\/wp\/v2\/comments?post=5850"}],"version-history":[{"count":1,"href":"https:\/\/apuntesdesanluis.com\/index.php\/wp-json\/wp\/v2\/posts\/5850\/revisions"}],"predecessor-version":[{"id":5852,"href":"https:\/\/apuntesdesanluis.com\/index.php\/wp-json\/wp\/v2\/posts\/5850\/revisions\/5852"}],"wp:featuredmedia":[{"embeddable":true,"href":"https:\/\/apuntesdesanluis.com\/index.php\/wp-json\/wp\/v2\/media\/5851"}],"wp:attachment":[{"href":"https:\/\/apuntesdesanluis.com\/index.php\/wp-json\/wp\/v2\/media?parent=5850"}],"wp:term":[{"taxonomy":"category","embeddable":true,"href":"https:\/\/apuntesdesanluis.com\/index.php\/wp-json\/wp\/v2\/categories?post=5850"},{"taxonomy":"post_tag","embeddable":true,"href":"https:\/\/apuntesdesanluis.com\/index.php\/wp-json\/wp\/v2\/tags?post=5850"}],"curies":[{"name":"wp","href":"https:\/\/api.w.org\/{rel}","templated":true}]}}