{"id":5856,"date":"2023-10-25T22:23:41","date_gmt":"2023-10-26T01:23:41","guid":{"rendered":"https:\/\/apuntesdesanluis.com\/?p=5856"},"modified":"2023-10-25T22:24:16","modified_gmt":"2023-10-26T01:24:16","slug":"que-cada-sanluiseno-elija-libremente-dijo-poggi-de-cara-al-balotaje","status":"publish","type":"post","link":"https:\/\/apuntesdesanluis.com\/index.php\/2023\/10\/25\/que-cada-sanluiseno-elija-libremente-dijo-poggi-de-cara-al-balotaje\/","title":{"rendered":"\u201cQUE CADA SANLUISE\u00d1O ELIJA LIBREMENTE\u201d, DIJO POGGI DE CARA AL BALOTAJE"},"content":{"rendered":"<h3>\u201cConsidero indispensable que cada sanluise\u00f1o pueda elegir libremente por la opci\u00f3n que consideren que mejor los represente, a quienes cada uno de ustedes consideren como el m\u00e1s apto para gobernar la Rep\u00fablica Argentina\u201d.<\/h3>\n<h3>El p\u00e1rrafo anterior sintetiza la postura del gobernador electo de San Luis, <strong>Claudio Poggi<\/strong>, quien de esa manera dej\u00f3 en libertad a los electores de Juntos por el Cambio, despeg\u00e1ndose de la posici\u00f3n que fij\u00f3 la candidata presidencial del espacio, <strong>Patricia Bullrich<\/strong>, quien anunci\u00f3 su apoyo al libertario Javier Milei.<\/h3>\n<h3>Agreg\u00f3 que el tiempo que queda hasta el 10 de diciembre se dedicar\u00e1 \u201cexclusivamente a trabajar en equipo, coordinando las pol\u00edticas p\u00fablicas de estado&#8221; que implementar\u00e1 en su gesti\u00f3n, al tiempo que fustig\u00f3 \u201cla maliciosa gesti\u00f3n del actual gobernador&#8221;, por dejar \u201cuna provincia fundida y desbastada\u201d.<\/h3>\n<h3>Poggi dio a conocer su pensamiento a trav\u00e9s de una extensa carta que public\u00f3 en sus redes sociales, en la que hizo menci\u00f3n tambi\u00e9n al comunicado emitido por los gobernadores electos de Juntos por el Cambio.<\/h3>\n<h3>El pronunciamiento de Poggi es el siguiente:<\/h3>\n<h3>QUE CADA SANLUISE\u00d1O ELIJA LIBREMENTE<\/h3>\n<h3>Hace pocas horas ha finalizado una etapa del proceso electoral que determinar\u00e1 quien conducir\u00e1 los destinos de nuestro pa\u00eds. M\u00e1s del 70% de los sanluise\u00f1os celebramos los 40 a\u00f1os de democracia, expresando mayoritariamente en las urnas, la voluntad de cambio.<\/h3>\n<h3>Los argentinos, en pleno ejercicio de la ciudadan\u00eda, eligieron qu\u00e9 las f\u00f3rmulas encabezadas por Massa-Rossi y Milei-Villarroel, sean quienes concurran al balotaje el pr\u00f3ximo 19 de noviembre y uno de esos espacios dirija los destinos de la Naci\u00f3n durante los pr\u00f3ximos cuatro a\u00f1os.<\/h3>\n<h3>En pocos d\u00edas, cada uno de nosotros, los que hemos militado por aquellas expresiones que no participan de esta instancia electoral, iremos a votar, con total autonom\u00eda, en libertad, eligiendo aquellas opciones que consideremos que mejor nos representan, depositando libremente en las urnas, los deseos y esperanzas de que este pa\u00eds pueda recuperar las sendas del progreso y del bienestar.<\/h3>\n<h3>Tal como nos expresamos en el comunicado difundido en el d\u00eda de la fecha los 10 gobernadores que fuimos electos por Juntos por el Cambio: \u201cM\u00e1s all\u00e1 de nuestras posiciones personales, nuestro deber en este momento no es determinar qui\u00e9n ser\u00e1 el pr\u00f3ximo presidente, sino reafirmar los valores fundacionales de Juntos por el Cambio, constituy\u00e9ndonos como la principal oposici\u00f3n en el Congreso con la mayor presencia territorial en el pa\u00eds, dedicada a proteger las instituciones y supervisar al gobierno que resulte electo el pr\u00f3ximo 19 de Noviembre, acompa\u00f1ando lo que contribuya a potenciar la agenda del trabajo, la producci\u00f3n y la Rep\u00fablica y limitando todo intento de populismo que siga profundizando la grave crisis socio econ\u00f3mica en la que nos encontramos\u201d.<\/h3>\n<h3>El pasado 11 de junio los sanluise\u00f1os me honraron eligi\u00e9ndome como gobernador de la provincia. Mayoritariamente y por amplio margen, optaron por nuestra propuesta de cambio a esta realidad que nos agobia y nos oprime. Dentro de 46 d\u00edas asumir\u00e9 el gobierno de una provincia que se encuentra fundida y desbastada, por la maliciosa gesti\u00f3n del actual gobernador.<\/h3>\n<h3>Este tiempo que nos separa del pr\u00f3ximo 10 diciembre me dedicar\u00e9 exclusivamente a trabajar en equipo, coordinando las pol\u00edticas p\u00fablicas de estado que implementaremos desde el inicio de nuestra gesti\u00f3n.<\/h3>\n<h3>Mis fuerzas y energ\u00edas tendr\u00e1n un solo destino y \u00fanico objetivo, ejecutar el mandato popular de generar el cambio que reclama el pueblo de la provincia de San Luis\u201d.<\/h3>\n<p>&nbsp;<\/p>\n<p>&nbsp;<\/p>\n<p>&nbsp;<\/p>\n<p>&nbsp;<\/p>\n<p>&nbsp;<\/p>\n","protected":false},"excerpt":{"rendered":"<p>\u201cConsidero indispensable que cada sanluise\u00f1o pueda elegir libremente por la opci\u00f3n que consideren que mejor&#8230;<\/p>\n","protected":false},"author":1,"featured_media":5857,"comment_status":"closed","ping_status":"closed","sticky":false,"template":"","format":"standard","meta":{"footnotes":""},"categories":[6],"tags":[],"class_list":["post-5856","post","type-post","status-publish","format-standard","has-post-thumbnail","hentry","category-ciudad-provincia"],"yoast_head":"<!-- This site is optimized with the Yoast SEO plugin v26.1.1 - https:\/\/yoast.com\/wordpress\/plugins\/seo\/ -->\n<title>\u201cQUE CADA SANLUISE\u00d1O ELIJA LIBREMENTE\u201d, DIJO POGGI DE CARA AL BALOTAJE - Apuntes de San Luis<\/title>\n<meta name=\"robots\" content=\"index, follow, max-snippet:-1, max-image-preview:large, max-video-preview:-1\" \/>\n<link rel=\"canonical\" href=\"https:\/\/apuntesdesanluis.com\/index.php\/2023\/10\/25\/que-cada-sanluiseno-elija-libremente-dijo-poggi-de-cara-al-balotaje\/\" \/>\n<meta property=\"og:locale\" content=\"es_ES\" \/>\n<meta property=\"og:type\" content=\"article\" \/>\n<meta property=\"og:title\" content=\"\u201cQUE CADA SANLUISE\u00d1O ELIJA LIBREMENTE\u201d, DIJO POGGI DE CARA AL BALOTAJE - Apuntes de San Luis\" \/>\n<meta property=\"og:description\" content=\"\u201cConsidero indispensable que cada sanluise\u00f1o pueda elegir libremente por la opci\u00f3n que consideren que mejor...\" \/>\n<meta property=\"og:url\" content=\"https:\/\/apuntesdesanluis.com\/index.php\/2023\/10\/25\/que-cada-sanluiseno-elija-libremente-dijo-poggi-de-cara-al-balotaje\/\" \/>\n<meta property=\"og:site_name\" content=\"Apuntes de San Luis\" \/>\n<meta property=\"article:published_time\" content=\"2023-10-26T01:23:41+00:00\" \/>\n<meta property=\"article:modified_time\" content=\"2023-10-26T01:24:16+00:00\" \/>\n<meta property=\"og:image\" content=\"https:\/\/apuntesdesanluis.com\/wp-content\/uploads\/2023\/10\/claudio-poggi-2.png\" \/>\n\t<meta property=\"og:image:width\" content=\"614\" \/>\n\t<meta property=\"og:image:height\" content=\"360\" \/>\n\t<meta property=\"og:image:type\" content=\"image\/png\" \/>\n<meta name=\"author\" content=\"apuntesdesanluis.com\" \/>\n<meta name=\"twitter:card\" content=\"summary_large_image\" \/>\n<meta name=\"twitter:label1\" content=\"Escrito por\" \/>\n\t<meta name=\"twitter:data1\" content=\"apuntesdesanluis.com\" \/>\n\t<meta name=\"twitter:label2\" content=\"Tiempo de lectura\" \/>\n\t<meta name=\"twitter:data2\" content=\"3 minutos\" \/>\n<script type=\"application\/ld+json\" class=\"yoast-schema-graph\">{\"@context\":\"https:\/\/schema.org\",\"@graph\":[{\"@type\":\"Article\",\"@id\":\"https:\/\/apuntesdesanluis.com\/index.php\/2023\/10\/25\/que-cada-sanluiseno-elija-libremente-dijo-poggi-de-cara-al-balotaje\/#article\",\"isPartOf\":{\"@id\":\"https:\/\/apuntesdesanluis.com\/index.php\/2023\/10\/25\/que-cada-sanluiseno-elija-libremente-dijo-poggi-de-cara-al-balotaje\/\"},\"author\":{\"name\":\"apuntesdesanluis.com\",\"@id\":\"https:\/\/apuntesdesanluis.com\/#\/schema\/person\/b55151d52296fcce64d1a72538a70b90\"},\"headline\":\"\u201cQUE CADA SANLUISE\u00d1O ELIJA LIBREMENTE\u201d, DIJO POGGI DE CARA AL BALOTAJE\",\"datePublished\":\"2023-10-26T01:23:41+00:00\",\"dateModified\":\"2023-10-26T01:24:16+00:00\",\"mainEntityOfPage\":{\"@id\":\"https:\/\/apuntesdesanluis.com\/index.php\/2023\/10\/25\/que-cada-sanluiseno-elija-libremente-dijo-poggi-de-cara-al-balotaje\/\"},\"wordCount\":616,\"publisher\":{\"@id\":\"https:\/\/apuntesdesanluis.com\/#\/schema\/person\/b55151d52296fcce64d1a72538a70b90\"},\"image\":{\"@id\":\"https:\/\/apuntesdesanluis.com\/index.php\/2023\/10\/25\/que-cada-sanluiseno-elija-libremente-dijo-poggi-de-cara-al-balotaje\/#primaryimage\"},\"thumbnailUrl\":\"https:\/\/apuntesdesanluis.com\/wp-content\/uploads\/2023\/10\/claudio-poggi-2.png\",\"articleSection\":[\"Ciudad\/Provincia\"],\"inLanguage\":\"es-AR\"},{\"@type\":\"WebPage\",\"@id\":\"https:\/\/apuntesdesanluis.com\/index.php\/2023\/10\/25\/que-cada-sanluiseno-elija-libremente-dijo-poggi-de-cara-al-balotaje\/\",\"url\":\"https:\/\/apuntesdesanluis.com\/index.php\/2023\/10\/25\/que-cada-sanluiseno-elija-libremente-dijo-poggi-de-cara-al-balotaje\/\",\"name\":\"\u201cQUE CADA SANLUISE\u00d1O ELIJA LIBREMENTE\u201d, DIJO POGGI DE CARA AL BALOTAJE - Apuntes de San Luis\",\"isPartOf\":{\"@id\":\"https:\/\/apuntesdesanluis.com\/#website\"},\"primaryImageOfPage\":{\"@id\":\"https:\/\/apuntesdesanluis.com\/index.php\/2023\/10\/25\/que-cada-sanluiseno-elija-libremente-dijo-poggi-de-cara-al-balotaje\/#primaryimage\"},\"image\":{\"@id\":\"https:\/\/apuntesdesanluis.com\/index.php\/2023\/10\/25\/que-cada-sanluiseno-elija-libremente-dijo-poggi-de-cara-al-balotaje\/#primaryimage\"},\"thumbnailUrl\":\"https:\/\/apuntesdesanluis.com\/wp-content\/uploads\/2023\/10\/claudio-poggi-2.png\",\"datePublished\":\"2023-10-26T01:23:41+00:00\",\"dateModified\":\"2023-10-26T01:24:16+00:00\",\"breadcrumb\":{\"@id\":\"https:\/\/apuntesdesanluis.com\/index.php\/2023\/10\/25\/que-cada-sanluiseno-elija-libremente-dijo-poggi-de-cara-al-balotaje\/#breadcrumb\"},\"inLanguage\":\"es-AR\",\"potentialAction\":[{\"@type\":\"ReadAction\",\"target\":[\"https:\/\/apuntesdesanluis.com\/index.php\/2023\/10\/25\/que-cada-sanluiseno-elija-libremente-dijo-poggi-de-cara-al-balotaje\/\"]}]},{\"@type\":\"ImageObject\",\"inLanguage\":\"es-AR\",\"@id\":\"https:\/\/apuntesdesanluis.com\/index.php\/2023\/10\/25\/que-cada-sanluiseno-elija-libremente-dijo-poggi-de-cara-al-balotaje\/#primaryimage\",\"url\":\"https:\/\/apuntesdesanluis.com\/wp-content\/uploads\/2023\/10\/claudio-poggi-2.png\",\"contentUrl\":\"https:\/\/apuntesdesanluis.com\/wp-content\/uploads\/2023\/10\/claudio-poggi-2.png\",\"width\":614,\"height\":360},{\"@type\":\"BreadcrumbList\",\"@id\":\"https:\/\/apuntesdesanluis.com\/index.php\/2023\/10\/25\/que-cada-sanluiseno-elija-libremente-dijo-poggi-de-cara-al-balotaje\/#breadcrumb\",\"itemListElement\":[{\"@type\":\"ListItem\",\"position\":1,\"name\":\"Inicio\",\"item\":\"https:\/\/apuntesdesanluis.com\/\"},{\"@type\":\"ListItem\",\"position\":2,\"name\":\"\u201cQUE CADA SANLUISE\u00d1O ELIJA LIBREMENTE\u201d, DIJO POGGI DE CARA AL BALOTAJE\"}]},{\"@type\":\"WebSite\",\"@id\":\"https:\/\/apuntesdesanluis.com\/#website\",\"url\":\"https:\/\/apuntesdesanluis.com\/\",\"name\":\"Apuntes de San Luis\",\"description\":\"\",\"publisher\":{\"@id\":\"https:\/\/apuntesdesanluis.com\/#\/schema\/person\/b55151d52296fcce64d1a72538a70b90\"},\"potentialAction\":[{\"@type\":\"SearchAction\",\"target\":{\"@type\":\"EntryPoint\",\"urlTemplate\":\"https:\/\/apuntesdesanluis.com\/?s={search_term_string}\"},\"query-input\":{\"@type\":\"PropertyValueSpecification\",\"valueRequired\":true,\"valueName\":\"search_term_string\"}}],\"inLanguage\":\"es-AR\"},{\"@type\":[\"Person\",\"Organization\"],\"@id\":\"https:\/\/apuntesdesanluis.com\/#\/schema\/person\/b55151d52296fcce64d1a72538a70b90\",\"name\":\"apuntesdesanluis.com\",\"image\":{\"@type\":\"ImageObject\",\"inLanguage\":\"es-AR\",\"@id\":\"https:\/\/apuntesdesanluis.com\/#\/schema\/person\/image\/\",\"url\":\"https:\/\/apuntesdesanluis.com\/wp-content\/uploads\/2023\/07\/cropped-apuntesdesanluis.png\",\"contentUrl\":\"https:\/\/apuntesdesanluis.com\/wp-content\/uploads\/2023\/07\/cropped-apuntesdesanluis.png\",\"width\":450,\"height\":112,\"caption\":\"apuntesdesanluis.com\"},\"logo\":{\"@id\":\"https:\/\/apuntesdesanluis.com\/#\/schema\/person\/image\/\"},\"sameAs\":[\"https:\/\/apuntesdesanluis.com\"],\"url\":\"https:\/\/apuntesdesanluis.com\/index.php\/author\/apuntesdesanluis-com\/\"}]}<\/script>\n<!-- \/ Yoast SEO plugin. -->","yoast_head_json":{"title":"\u201cQUE CADA SANLUISE\u00d1O ELIJA LIBREMENTE\u201d, DIJO POGGI DE CARA AL BALOTAJE - Apuntes de San Luis","robots":{"index":"index","follow":"follow","max-snippet":"max-snippet:-1","max-image-preview":"max-image-preview:large","max-video-preview":"max-video-preview:-1"},"canonical":"https:\/\/apuntesdesanluis.com\/index.php\/2023\/10\/25\/que-cada-sanluiseno-elija-libremente-dijo-poggi-de-cara-al-balotaje\/","og_locale":"es_ES","og_type":"article","og_title":"\u201cQUE CADA SANLUISE\u00d1O ELIJA LIBREMENTE\u201d, DIJO POGGI DE CARA AL BALOTAJE - Apuntes de San Luis","og_description":"\u201cConsidero indispensable que cada sanluise\u00f1o pueda elegir libremente por la opci\u00f3n que consideren que mejor...","og_url":"https:\/\/apuntesdesanluis.com\/index.php\/2023\/10\/25\/que-cada-sanluiseno-elija-libremente-dijo-poggi-de-cara-al-balotaje\/","og_site_name":"Apuntes de San Luis","article_published_time":"2023-10-26T01:23:41+00:00","article_modified_time":"2023-10-26T01:24:16+00:00","og_image":[{"width":614,"height":360,"url":"https:\/\/apuntesdesanluis.com\/wp-content\/uploads\/2023\/10\/claudio-poggi-2.png","type":"image\/png"}],"author":"apuntesdesanluis.com","twitter_card":"summary_large_image","twitter_misc":{"Escrito por":"apuntesdesanluis.com","Tiempo de lectura":"3 minutos"},"schema":{"@context":"https:\/\/schema.org","@graph":[{"@type":"Article","@id":"https:\/\/apuntesdesanluis.com\/index.php\/2023\/10\/25\/que-cada-sanluiseno-elija-libremente-dijo-poggi-de-cara-al-balotaje\/#article","isPartOf":{"@id":"https:\/\/apuntesdesanluis.com\/index.php\/2023\/10\/25\/que-cada-sanluiseno-elija-libremente-dijo-poggi-de-cara-al-balotaje\/"},"author":{"name":"apuntesdesanluis.com","@id":"https:\/\/apuntesdesanluis.com\/#\/schema\/person\/b55151d52296fcce64d1a72538a70b90"},"headline":"\u201cQUE CADA SANLUISE\u00d1O ELIJA LIBREMENTE\u201d, DIJO POGGI DE CARA AL BALOTAJE","datePublished":"2023-10-26T01:23:41+00:00","dateModified":"2023-10-26T01:24:16+00:00","mainEntityOfPage":{"@id":"https:\/\/apuntesdesanluis.com\/index.php\/2023\/10\/25\/que-cada-sanluiseno-elija-libremente-dijo-poggi-de-cara-al-balotaje\/"},"wordCount":616,"publisher":{"@id":"https:\/\/apuntesdesanluis.com\/#\/schema\/person\/b55151d52296fcce64d1a72538a70b90"},"image":{"@id":"https:\/\/apuntesdesanluis.com\/index.php\/2023\/10\/25\/que-cada-sanluiseno-elija-libremente-dijo-poggi-de-cara-al-balotaje\/#primaryimage"},"thumbnailUrl":"https:\/\/apuntesdesanluis.com\/wp-content\/uploads\/2023\/10\/claudio-poggi-2.png","articleSection":["Ciudad\/Provincia"],"inLanguage":"es-AR"},{"@type":"WebPage","@id":"https:\/\/apuntesdesanluis.com\/index.php\/2023\/10\/25\/que-cada-sanluiseno-elija-libremente-dijo-poggi-de-cara-al-balotaje\/","url":"https:\/\/apuntesdesanluis.com\/index.php\/2023\/10\/25\/que-cada-sanluiseno-elija-libremente-dijo-poggi-de-cara-al-balotaje\/","name":"\u201cQUE CADA SANLUISE\u00d1O ELIJA LIBREMENTE\u201d, DIJO POGGI DE CARA AL BALOTAJE - Apuntes de San Luis","isPartOf":{"@id":"https:\/\/apuntesdesanluis.com\/#website"},"primaryImageOfPage":{"@id":"https:\/\/apuntesdesanluis.com\/index.php\/2023\/10\/25\/que-cada-sanluiseno-elija-libremente-dijo-poggi-de-cara-al-balotaje\/#primaryimage"},"image":{"@id":"https:\/\/apuntesdesanluis.com\/index.php\/2023\/10\/25\/que-cada-sanluiseno-elija-libremente-dijo-poggi-de-cara-al-balotaje\/#primaryimage"},"thumbnailUrl":"https:\/\/apuntesdesanluis.com\/wp-content\/uploads\/2023\/10\/claudio-poggi-2.png","datePublished":"2023-10-26T01:23:41+00:00","dateModified":"2023-10-26T01:24:16+00:00","breadcrumb":{"@id":"https:\/\/apuntesdesanluis.com\/index.php\/2023\/10\/25\/que-cada-sanluiseno-elija-libremente-dijo-poggi-de-cara-al-balotaje\/#breadcrumb"},"inLanguage":"es-AR","potentialAction":[{"@type":"ReadAction","target":["https:\/\/apuntesdesanluis.com\/index.php\/2023\/10\/25\/que-cada-sanluiseno-elija-libremente-dijo-poggi-de-cara-al-balotaje\/"]}]},{"@type":"ImageObject","inLanguage":"es-AR","@id":"https:\/\/apuntesdesanluis.com\/index.php\/2023\/10\/25\/que-cada-sanluiseno-elija-libremente-dijo-poggi-de-cara-al-balotaje\/#primaryimage","url":"https:\/\/apuntesdesanluis.com\/wp-content\/uploads\/2023\/10\/claudio-poggi-2.png","contentUrl":"https:\/\/apuntesdesanluis.com\/wp-content\/uploads\/2023\/10\/claudio-poggi-2.png","width":614,"height":360},{"@type":"BreadcrumbList","@id":"https:\/\/apuntesdesanluis.com\/index.php\/2023\/10\/25\/que-cada-sanluiseno-elija-libremente-dijo-poggi-de-cara-al-balotaje\/#breadcrumb","itemListElement":[{"@type":"ListItem","position":1,"name":"Inicio","item":"https:\/\/apuntesdesanluis.com\/"},{"@type":"ListItem","position":2,"name":"\u201cQUE CADA SANLUISE\u00d1O ELIJA LIBREMENTE\u201d, DIJO POGGI DE CARA AL BALOTAJE"}]},{"@type":"WebSite","@id":"https:\/\/apuntesdesanluis.com\/#website","url":"https:\/\/apuntesdesanluis.com\/","name":"Apuntes de San Luis","description":"","publisher":{"@id":"https:\/\/apuntesdesanluis.com\/#\/schema\/person\/b55151d52296fcce64d1a72538a70b90"},"potentialAction":[{"@type":"SearchAction","target":{"@type":"EntryPoint","urlTemplate":"https:\/\/apuntesdesanluis.com\/?s={search_term_string}"},"query-input":{"@type":"PropertyValueSpecification","valueRequired":true,"valueName":"search_term_string"}}],"inLanguage":"es-AR"},{"@type":["Person","Organization"],"@id":"https:\/\/apuntesdesanluis.com\/#\/schema\/person\/b55151d52296fcce64d1a72538a70b90","name":"apuntesdesanluis.com","image":{"@type":"ImageObject","inLanguage":"es-AR","@id":"https:\/\/apuntesdesanluis.com\/#\/schema\/person\/image\/","url":"https:\/\/apuntesdesanluis.com\/wp-content\/uploads\/2023\/07\/cropped-apuntesdesanluis.png","contentUrl":"https:\/\/apuntesdesanluis.com\/wp-content\/uploads\/2023\/07\/cropped-apuntesdesanluis.png","width":450,"height":112,"caption":"apuntesdesanluis.com"},"logo":{"@id":"https:\/\/apuntesdesanluis.com\/#\/schema\/person\/image\/"},"sameAs":["https:\/\/apuntesdesanluis.com"],"url":"https:\/\/apuntesdesanluis.com\/index.php\/author\/apuntesdesanluis-com\/"}]}},"featured_image_urls":{"full":["https:\/\/apuntesdesanluis.com\/wp-content\/uploads\/2023\/10\/claudio-poggi-2.png",614,360,false],"thumbnail":["https:\/\/apuntesdesanluis.com\/wp-content\/uploads\/2023\/10\/claudio-poggi-2-150x150.png",150,150,true],"medium":["https:\/\/apuntesdesanluis.com\/wp-content\/uploads\/2023\/10\/claudio-poggi-2-300x176.png",300,176,true],"medium_large":["https:\/\/apuntesdesanluis.com\/wp-content\/uploads\/2023\/10\/claudio-poggi-2.png",614,360,false],"large":["https:\/\/apuntesdesanluis.com\/wp-content\/uploads\/2023\/10\/claudio-poggi-2.png",614,360,false],"1536x1536":["https:\/\/apuntesdesanluis.com\/wp-content\/uploads\/2023\/10\/claudio-poggi-2.png",614,360,false],"2048x2048":["https:\/\/apuntesdesanluis.com\/wp-content\/uploads\/2023\/10\/claudio-poggi-2.png",614,360,false],"newsever-slider-full":["https:\/\/apuntesdesanluis.com\/wp-content\/uploads\/2023\/10\/claudio-poggi-2.png",614,360,false],"newsever-featured":["https:\/\/apuntesdesanluis.com\/wp-content\/uploads\/2023\/10\/claudio-poggi-2.png",614,360,false],"newsever-medium":["https:\/\/apuntesdesanluis.com\/wp-content\/uploads\/2023\/10\/claudio-poggi-2.png",614,360,false]},"author_info":{"display_name":"apuntesdesanluis.com","author_link":"https:\/\/apuntesdesanluis.com\/index.php\/author\/apuntesdesanluis-com\/"},"category_info":"<a href=\"https:\/\/apuntesdesanluis.com\/index.php\/category\/ciudad-provincia\/\" rel=\"category tag\">Ciudad\/Provincia<\/a>","tag_info":"Ciudad\/Provincia","comment_count":"0","_links":{"self":[{"href":"https:\/\/apuntesdesanluis.com\/index.php\/wp-json\/wp\/v2\/posts\/5856","targetHints":{"allow":["GET"]}}],"collection":[{"href":"https:\/\/apuntesdesanluis.com\/index.php\/wp-json\/wp\/v2\/posts"}],"about":[{"href":"https:\/\/apuntesdesanluis.com\/index.php\/wp-json\/wp\/v2\/types\/post"}],"author":[{"embeddable":true,"href":"https:\/\/apuntesdesanluis.com\/index.php\/wp-json\/wp\/v2\/users\/1"}],"replies":[{"embeddable":true,"href":"https:\/\/apuntesdesanluis.com\/index.php\/wp-json\/wp\/v2\/comments?post=5856"}],"version-history":[{"count":2,"href":"https:\/\/apuntesdesanluis.com\/index.php\/wp-json\/wp\/v2\/posts\/5856\/revisions"}],"predecessor-version":[{"id":5859,"href":"https:\/\/apuntesdesanluis.com\/index.php\/wp-json\/wp\/v2\/posts\/5856\/revisions\/5859"}],"wp:featuredmedia":[{"embeddable":true,"href":"https:\/\/apuntesdesanluis.com\/index.php\/wp-json\/wp\/v2\/media\/5857"}],"wp:attachment":[{"href":"https:\/\/apuntesdesanluis.com\/index.php\/wp-json\/wp\/v2\/media?parent=5856"}],"wp:term":[{"taxonomy":"category","embeddable":true,"href":"https:\/\/apuntesdesanluis.com\/index.php\/wp-json\/wp\/v2\/categories?post=5856"},{"taxonomy":"post_tag","embeddable":true,"href":"https:\/\/apuntesdesanluis.com\/index.php\/wp-json\/wp\/v2\/tags?post=5856"}],"curies":[{"name":"wp","href":"https:\/\/api.w.org\/{rel}","templated":true}]}}