{"id":586,"date":"2023-07-27T19:14:56","date_gmt":"2023-07-27T22:14:56","guid":{"rendered":"https:\/\/apuntesdesanluis.com\/?p=586"},"modified":"2023-07-27T19:15:42","modified_gmt":"2023-07-27T22:15:42","slug":"pa-la-epoca-que-estamos-se-viene-un-agradable-finde","status":"publish","type":"post","link":"https:\/\/apuntesdesanluis.com\/index.php\/2023\/07\/27\/pa-la-epoca-que-estamos-se-viene-un-agradable-finde\/","title":{"rendered":"PA\u00b4 LA \u00c9POCA QUE ESTAMOS, SE VIENE UN AGRADABLE FINDE"},"content":{"rendered":"<h3>Parece que julio tiene intenciones de despedirse ganando amigos. As\u00ed lo anticipa la <strong>Red de Estaciones Meteorol\u00f3gicas<\/strong> de la provincia, con d\u00edas que se presentar\u00e1n frescos a primeras horas de la ma\u00f1ana pero con temperaturas que ascender\u00e1n a 22\/23\u00b0 para s\u00e1bado y domingo.<\/h3>\n<h3><strong>VIERNES 28<\/strong><\/h3>\n<h3>Jornada ventosa con paulatino ascenso de las temperaturas. El cielo estar\u00e1 mayormente despejado con intervalos nubosos. En promedio, se esperan m\u00ednimas de 2\u00b0C y m\u00e1ximas de 20\u00b0C. El viento ser\u00e1 del sector norte con r\u00e1fagas muy fuertes en casi toda la provincia.<\/h3>\n<p><img fetchpriority=\"high\" decoding=\"async\" class=\"wp-image-587 aligncenter\" src=\"https:\/\/apuntesdesanluis.com\/wp-content\/uploads\/2023\/07\/pronostico-152x300.png\" alt=\"\" width=\"471\" height=\"930\" \/><\/p>\n<h3><strong>S\u00c1BADO 29<\/strong><\/h3>\n<h3>Jornada con ascenso de las temperaturas y contin\u00faa el predominio de viento norte. El cielo estar\u00e1 mayormente despejado. En promedio, se esperan m\u00ednimas de 5\u00b0C y m\u00e1ximas de 22\u00b0C. El viento ser\u00e1 del noreste con r\u00e1fagas muy fuertes en las regiones centro y norte.<\/h3>\n<h3><strong>DOMINGO 30<\/strong><\/h3>\n<h3>Jornada de buen tiempo con ascenso de las temperaturas. El cielo estar\u00e1 mayormente despejado con algunos intervalos nubosos. En promedio, se esperan m\u00ednimas de 5\u00b0C y m\u00e1ximas de 23\u00b0C. El viento iniciar\u00e1 del sector noreste con algunas r\u00e1fagas fuertes, luego ir\u00e1 rotando al este y ser\u00e1 de menor intensidad.<\/h3>\n","protected":false},"excerpt":{"rendered":"<p>Parece que julio tiene intenciones de despedirse ganando amigos. As\u00ed lo anticipa la Red de&#8230;<\/p>\n","protected":false},"author":1,"featured_media":588,"comment_status":"closed","ping_status":"closed","sticky":false,"template":"","format":"standard","meta":{"footnotes":""},"categories":[6],"tags":[],"class_list":["post-586","post","type-post","status-publish","format-standard","has-post-thumbnail","hentry","category-ciudad-provincia"],"yoast_head":"<!-- This site is optimized with the Yoast SEO plugin v26.1.1 - https:\/\/yoast.com\/wordpress\/plugins\/seo\/ -->\n<title>PA\u00b4 LA \u00c9POCA QUE ESTAMOS, SE VIENE UN AGRADABLE FINDE - Apuntes de San Luis<\/title>\n<meta name=\"robots\" content=\"index, follow, max-snippet:-1, max-image-preview:large, max-video-preview:-1\" \/>\n<link rel=\"canonical\" href=\"https:\/\/apuntesdesanluis.com\/index.php\/2023\/07\/27\/pa-la-epoca-que-estamos-se-viene-un-agradable-finde\/\" \/>\n<meta property=\"og:locale\" content=\"es_ES\" \/>\n<meta property=\"og:type\" content=\"article\" \/>\n<meta property=\"og:title\" content=\"PA\u00b4 LA \u00c9POCA QUE ESTAMOS, SE VIENE UN AGRADABLE FINDE - Apuntes de San Luis\" \/>\n<meta property=\"og:description\" content=\"Parece que julio tiene intenciones de despedirse ganando amigos. As\u00ed lo anticipa la Red de...\" \/>\n<meta property=\"og:url\" content=\"https:\/\/apuntesdesanluis.com\/index.php\/2023\/07\/27\/pa-la-epoca-que-estamos-se-viene-un-agradable-finde\/\" \/>\n<meta property=\"og:site_name\" content=\"Apuntes de San Luis\" \/>\n<meta property=\"article:published_time\" content=\"2023-07-27T22:14:56+00:00\" \/>\n<meta property=\"article:modified_time\" content=\"2023-07-27T22:15:42+00:00\" \/>\n<meta property=\"og:image\" content=\"https:\/\/apuntesdesanluis.com\/wp-content\/uploads\/2023\/07\/laguna-pesca.png\" \/>\n\t<meta property=\"og:image:width\" content=\"696\" \/>\n\t<meta property=\"og:image:height\" content=\"473\" \/>\n\t<meta property=\"og:image:type\" content=\"image\/png\" \/>\n<meta name=\"author\" content=\"apuntesdesanluis.com\" \/>\n<meta name=\"twitter:card\" content=\"summary_large_image\" \/>\n<meta name=\"twitter:label1\" content=\"Escrito por\" \/>\n\t<meta name=\"twitter:data1\" content=\"apuntesdesanluis.com\" \/>\n\t<meta name=\"twitter:label2\" content=\"Tiempo de lectura\" \/>\n\t<meta name=\"twitter:data2\" content=\"2 minutos\" \/>\n<script type=\"application\/ld+json\" class=\"yoast-schema-graph\">{\"@context\":\"https:\/\/schema.org\",\"@graph\":[{\"@type\":\"Article\",\"@id\":\"https:\/\/apuntesdesanluis.com\/index.php\/2023\/07\/27\/pa-la-epoca-que-estamos-se-viene-un-agradable-finde\/#article\",\"isPartOf\":{\"@id\":\"https:\/\/apuntesdesanluis.com\/index.php\/2023\/07\/27\/pa-la-epoca-que-estamos-se-viene-un-agradable-finde\/\"},\"author\":{\"name\":\"apuntesdesanluis.com\",\"@id\":\"https:\/\/apuntesdesanluis.com\/#\/schema\/person\/b55151d52296fcce64d1a72538a70b90\"},\"headline\":\"PA\u00b4 LA \u00c9POCA QUE ESTAMOS, SE VIENE UN AGRADABLE FINDE\",\"datePublished\":\"2023-07-27T22:14:56+00:00\",\"dateModified\":\"2023-07-27T22:15:42+00:00\",\"mainEntityOfPage\":{\"@id\":\"https:\/\/apuntesdesanluis.com\/index.php\/2023\/07\/27\/pa-la-epoca-que-estamos-se-viene-un-agradable-finde\/\"},\"wordCount\":207,\"publisher\":{\"@id\":\"https:\/\/apuntesdesanluis.com\/#\/schema\/person\/b55151d52296fcce64d1a72538a70b90\"},\"image\":{\"@id\":\"https:\/\/apuntesdesanluis.com\/index.php\/2023\/07\/27\/pa-la-epoca-que-estamos-se-viene-un-agradable-finde\/#primaryimage\"},\"thumbnailUrl\":\"https:\/\/apuntesdesanluis.com\/wp-content\/uploads\/2023\/07\/laguna-pesca.png\",\"articleSection\":[\"Ciudad\/Provincia\"],\"inLanguage\":\"es-AR\"},{\"@type\":\"WebPage\",\"@id\":\"https:\/\/apuntesdesanluis.com\/index.php\/2023\/07\/27\/pa-la-epoca-que-estamos-se-viene-un-agradable-finde\/\",\"url\":\"https:\/\/apuntesdesanluis.com\/index.php\/2023\/07\/27\/pa-la-epoca-que-estamos-se-viene-un-agradable-finde\/\",\"name\":\"PA\u00b4 LA \u00c9POCA QUE ESTAMOS, SE VIENE UN AGRADABLE FINDE - Apuntes de San Luis\",\"isPartOf\":{\"@id\":\"https:\/\/apuntesdesanluis.com\/#website\"},\"primaryImageOfPage\":{\"@id\":\"https:\/\/apuntesdesanluis.com\/index.php\/2023\/07\/27\/pa-la-epoca-que-estamos-se-viene-un-agradable-finde\/#primaryimage\"},\"image\":{\"@id\":\"https:\/\/apuntesdesanluis.com\/index.php\/2023\/07\/27\/pa-la-epoca-que-estamos-se-viene-un-agradable-finde\/#primaryimage\"},\"thumbnailUrl\":\"https:\/\/apuntesdesanluis.com\/wp-content\/uploads\/2023\/07\/laguna-pesca.png\",\"datePublished\":\"2023-07-27T22:14:56+00:00\",\"dateModified\":\"2023-07-27T22:15:42+00:00\",\"breadcrumb\":{\"@id\":\"https:\/\/apuntesdesanluis.com\/index.php\/2023\/07\/27\/pa-la-epoca-que-estamos-se-viene-un-agradable-finde\/#breadcrumb\"},\"inLanguage\":\"es-AR\",\"potentialAction\":[{\"@type\":\"ReadAction\",\"target\":[\"https:\/\/apuntesdesanluis.com\/index.php\/2023\/07\/27\/pa-la-epoca-que-estamos-se-viene-un-agradable-finde\/\"]}]},{\"@type\":\"ImageObject\",\"inLanguage\":\"es-AR\",\"@id\":\"https:\/\/apuntesdesanluis.com\/index.php\/2023\/07\/27\/pa-la-epoca-que-estamos-se-viene-un-agradable-finde\/#primaryimage\",\"url\":\"https:\/\/apuntesdesanluis.com\/wp-content\/uploads\/2023\/07\/laguna-pesca.png\",\"contentUrl\":\"https:\/\/apuntesdesanluis.com\/wp-content\/uploads\/2023\/07\/laguna-pesca.png\",\"width\":696,\"height\":473},{\"@type\":\"BreadcrumbList\",\"@id\":\"https:\/\/apuntesdesanluis.com\/index.php\/2023\/07\/27\/pa-la-epoca-que-estamos-se-viene-un-agradable-finde\/#breadcrumb\",\"itemListElement\":[{\"@type\":\"ListItem\",\"position\":1,\"name\":\"Inicio\",\"item\":\"https:\/\/apuntesdesanluis.com\/\"},{\"@type\":\"ListItem\",\"position\":2,\"name\":\"PA\u00b4 LA \u00c9POCA QUE ESTAMOS, SE VIENE UN AGRADABLE FINDE\"}]},{\"@type\":\"WebSite\",\"@id\":\"https:\/\/apuntesdesanluis.com\/#website\",\"url\":\"https:\/\/apuntesdesanluis.com\/\",\"name\":\"Apuntes de San Luis\",\"description\":\"\",\"publisher\":{\"@id\":\"https:\/\/apuntesdesanluis.com\/#\/schema\/person\/b55151d52296fcce64d1a72538a70b90\"},\"potentialAction\":[{\"@type\":\"SearchAction\",\"target\":{\"@type\":\"EntryPoint\",\"urlTemplate\":\"https:\/\/apuntesdesanluis.com\/?s={search_term_string}\"},\"query-input\":{\"@type\":\"PropertyValueSpecification\",\"valueRequired\":true,\"valueName\":\"search_term_string\"}}],\"inLanguage\":\"es-AR\"},{\"@type\":[\"Person\",\"Organization\"],\"@id\":\"https:\/\/apuntesdesanluis.com\/#\/schema\/person\/b55151d52296fcce64d1a72538a70b90\",\"name\":\"apuntesdesanluis.com\",\"image\":{\"@type\":\"ImageObject\",\"inLanguage\":\"es-AR\",\"@id\":\"https:\/\/apuntesdesanluis.com\/#\/schema\/person\/image\/\",\"url\":\"https:\/\/apuntesdesanluis.com\/wp-content\/uploads\/2023\/07\/cropped-apuntesdesanluis.png\",\"contentUrl\":\"https:\/\/apuntesdesanluis.com\/wp-content\/uploads\/2023\/07\/cropped-apuntesdesanluis.png\",\"width\":450,\"height\":112,\"caption\":\"apuntesdesanluis.com\"},\"logo\":{\"@id\":\"https:\/\/apuntesdesanluis.com\/#\/schema\/person\/image\/\"},\"sameAs\":[\"https:\/\/apuntesdesanluis.com\"],\"url\":\"https:\/\/apuntesdesanluis.com\/index.php\/author\/apuntesdesanluis-com\/\"}]}<\/script>\n<!-- \/ Yoast SEO plugin. -->","yoast_head_json":{"title":"PA\u00b4 LA \u00c9POCA QUE ESTAMOS, SE VIENE UN AGRADABLE FINDE - Apuntes de San Luis","robots":{"index":"index","follow":"follow","max-snippet":"max-snippet:-1","max-image-preview":"max-image-preview:large","max-video-preview":"max-video-preview:-1"},"canonical":"https:\/\/apuntesdesanluis.com\/index.php\/2023\/07\/27\/pa-la-epoca-que-estamos-se-viene-un-agradable-finde\/","og_locale":"es_ES","og_type":"article","og_title":"PA\u00b4 LA \u00c9POCA QUE ESTAMOS, SE VIENE UN AGRADABLE FINDE - Apuntes de San Luis","og_description":"Parece que julio tiene intenciones de despedirse ganando amigos. As\u00ed lo anticipa la Red de...","og_url":"https:\/\/apuntesdesanluis.com\/index.php\/2023\/07\/27\/pa-la-epoca-que-estamos-se-viene-un-agradable-finde\/","og_site_name":"Apuntes de San Luis","article_published_time":"2023-07-27T22:14:56+00:00","article_modified_time":"2023-07-27T22:15:42+00:00","og_image":[{"width":696,"height":473,"url":"https:\/\/apuntesdesanluis.com\/wp-content\/uploads\/2023\/07\/laguna-pesca.png","type":"image\/png"}],"author":"apuntesdesanluis.com","twitter_card":"summary_large_image","twitter_misc":{"Escrito por":"apuntesdesanluis.com","Tiempo de lectura":"2 minutos"},"schema":{"@context":"https:\/\/schema.org","@graph":[{"@type":"Article","@id":"https:\/\/apuntesdesanluis.com\/index.php\/2023\/07\/27\/pa-la-epoca-que-estamos-se-viene-un-agradable-finde\/#article","isPartOf":{"@id":"https:\/\/apuntesdesanluis.com\/index.php\/2023\/07\/27\/pa-la-epoca-que-estamos-se-viene-un-agradable-finde\/"},"author":{"name":"apuntesdesanluis.com","@id":"https:\/\/apuntesdesanluis.com\/#\/schema\/person\/b55151d52296fcce64d1a72538a70b90"},"headline":"PA\u00b4 LA \u00c9POCA QUE ESTAMOS, SE VIENE UN AGRADABLE FINDE","datePublished":"2023-07-27T22:14:56+00:00","dateModified":"2023-07-27T22:15:42+00:00","mainEntityOfPage":{"@id":"https:\/\/apuntesdesanluis.com\/index.php\/2023\/07\/27\/pa-la-epoca-que-estamos-se-viene-un-agradable-finde\/"},"wordCount":207,"publisher":{"@id":"https:\/\/apuntesdesanluis.com\/#\/schema\/person\/b55151d52296fcce64d1a72538a70b90"},"image":{"@id":"https:\/\/apuntesdesanluis.com\/index.php\/2023\/07\/27\/pa-la-epoca-que-estamos-se-viene-un-agradable-finde\/#primaryimage"},"thumbnailUrl":"https:\/\/apuntesdesanluis.com\/wp-content\/uploads\/2023\/07\/laguna-pesca.png","articleSection":["Ciudad\/Provincia"],"inLanguage":"es-AR"},{"@type":"WebPage","@id":"https:\/\/apuntesdesanluis.com\/index.php\/2023\/07\/27\/pa-la-epoca-que-estamos-se-viene-un-agradable-finde\/","url":"https:\/\/apuntesdesanluis.com\/index.php\/2023\/07\/27\/pa-la-epoca-que-estamos-se-viene-un-agradable-finde\/","name":"PA\u00b4 LA \u00c9POCA QUE ESTAMOS, SE VIENE UN AGRADABLE FINDE - Apuntes de San Luis","isPartOf":{"@id":"https:\/\/apuntesdesanluis.com\/#website"},"primaryImageOfPage":{"@id":"https:\/\/apuntesdesanluis.com\/index.php\/2023\/07\/27\/pa-la-epoca-que-estamos-se-viene-un-agradable-finde\/#primaryimage"},"image":{"@id":"https:\/\/apuntesdesanluis.com\/index.php\/2023\/07\/27\/pa-la-epoca-que-estamos-se-viene-un-agradable-finde\/#primaryimage"},"thumbnailUrl":"https:\/\/apuntesdesanluis.com\/wp-content\/uploads\/2023\/07\/laguna-pesca.png","datePublished":"2023-07-27T22:14:56+00:00","dateModified":"2023-07-27T22:15:42+00:00","breadcrumb":{"@id":"https:\/\/apuntesdesanluis.com\/index.php\/2023\/07\/27\/pa-la-epoca-que-estamos-se-viene-un-agradable-finde\/#breadcrumb"},"inLanguage":"es-AR","potentialAction":[{"@type":"ReadAction","target":["https:\/\/apuntesdesanluis.com\/index.php\/2023\/07\/27\/pa-la-epoca-que-estamos-se-viene-un-agradable-finde\/"]}]},{"@type":"ImageObject","inLanguage":"es-AR","@id":"https:\/\/apuntesdesanluis.com\/index.php\/2023\/07\/27\/pa-la-epoca-que-estamos-se-viene-un-agradable-finde\/#primaryimage","url":"https:\/\/apuntesdesanluis.com\/wp-content\/uploads\/2023\/07\/laguna-pesca.png","contentUrl":"https:\/\/apuntesdesanluis.com\/wp-content\/uploads\/2023\/07\/laguna-pesca.png","width":696,"height":473},{"@type":"BreadcrumbList","@id":"https:\/\/apuntesdesanluis.com\/index.php\/2023\/07\/27\/pa-la-epoca-que-estamos-se-viene-un-agradable-finde\/#breadcrumb","itemListElement":[{"@type":"ListItem","position":1,"name":"Inicio","item":"https:\/\/apuntesdesanluis.com\/"},{"@type":"ListItem","position":2,"name":"PA\u00b4 LA \u00c9POCA QUE ESTAMOS, SE VIENE UN AGRADABLE FINDE"}]},{"@type":"WebSite","@id":"https:\/\/apuntesdesanluis.com\/#website","url":"https:\/\/apuntesdesanluis.com\/","name":"Apuntes de San Luis","description":"","publisher":{"@id":"https:\/\/apuntesdesanluis.com\/#\/schema\/person\/b55151d52296fcce64d1a72538a70b90"},"potentialAction":[{"@type":"SearchAction","target":{"@type":"EntryPoint","urlTemplate":"https:\/\/apuntesdesanluis.com\/?s={search_term_string}"},"query-input":{"@type":"PropertyValueSpecification","valueRequired":true,"valueName":"search_term_string"}}],"inLanguage":"es-AR"},{"@type":["Person","Organization"],"@id":"https:\/\/apuntesdesanluis.com\/#\/schema\/person\/b55151d52296fcce64d1a72538a70b90","name":"apuntesdesanluis.com","image":{"@type":"ImageObject","inLanguage":"es-AR","@id":"https:\/\/apuntesdesanluis.com\/#\/schema\/person\/image\/","url":"https:\/\/apuntesdesanluis.com\/wp-content\/uploads\/2023\/07\/cropped-apuntesdesanluis.png","contentUrl":"https:\/\/apuntesdesanluis.com\/wp-content\/uploads\/2023\/07\/cropped-apuntesdesanluis.png","width":450,"height":112,"caption":"apuntesdesanluis.com"},"logo":{"@id":"https:\/\/apuntesdesanluis.com\/#\/schema\/person\/image\/"},"sameAs":["https:\/\/apuntesdesanluis.com"],"url":"https:\/\/apuntesdesanluis.com\/index.php\/author\/apuntesdesanluis-com\/"}]}},"featured_image_urls":{"full":["https:\/\/apuntesdesanluis.com\/wp-content\/uploads\/2023\/07\/laguna-pesca.png",696,473,false],"thumbnail":["https:\/\/apuntesdesanluis.com\/wp-content\/uploads\/2023\/07\/laguna-pesca-150x150.png",150,150,true],"medium":["https:\/\/apuntesdesanluis.com\/wp-content\/uploads\/2023\/07\/laguna-pesca-300x204.png",300,204,true],"medium_large":["https:\/\/apuntesdesanluis.com\/wp-content\/uploads\/2023\/07\/laguna-pesca.png",640,435,false],"large":["https:\/\/apuntesdesanluis.com\/wp-content\/uploads\/2023\/07\/laguna-pesca.png",640,435,false],"1536x1536":["https:\/\/apuntesdesanluis.com\/wp-content\/uploads\/2023\/07\/laguna-pesca.png",696,473,false],"2048x2048":["https:\/\/apuntesdesanluis.com\/wp-content\/uploads\/2023\/07\/laguna-pesca.png",696,473,false],"newsever-slider-full":["https:\/\/apuntesdesanluis.com\/wp-content\/uploads\/2023\/07\/laguna-pesca.png",696,473,false],"newsever-featured":["https:\/\/apuntesdesanluis.com\/wp-content\/uploads\/2023\/07\/laguna-pesca.png",696,473,false],"newsever-medium":["https:\/\/apuntesdesanluis.com\/wp-content\/uploads\/2023\/07\/laguna-pesca.png",696,473,false]},"author_info":{"display_name":"apuntesdesanluis.com","author_link":"https:\/\/apuntesdesanluis.com\/index.php\/author\/apuntesdesanluis-com\/"},"category_info":"<a href=\"https:\/\/apuntesdesanluis.com\/index.php\/category\/ciudad-provincia\/\" rel=\"category tag\">Ciudad\/Provincia<\/a>","tag_info":"Ciudad\/Provincia","comment_count":"0","_links":{"self":[{"href":"https:\/\/apuntesdesanluis.com\/index.php\/wp-json\/wp\/v2\/posts\/586","targetHints":{"allow":["GET"]}}],"collection":[{"href":"https:\/\/apuntesdesanluis.com\/index.php\/wp-json\/wp\/v2\/posts"}],"about":[{"href":"https:\/\/apuntesdesanluis.com\/index.php\/wp-json\/wp\/v2\/types\/post"}],"author":[{"embeddable":true,"href":"https:\/\/apuntesdesanluis.com\/index.php\/wp-json\/wp\/v2\/users\/1"}],"replies":[{"embeddable":true,"href":"https:\/\/apuntesdesanluis.com\/index.php\/wp-json\/wp\/v2\/comments?post=586"}],"version-history":[{"count":2,"href":"https:\/\/apuntesdesanluis.com\/index.php\/wp-json\/wp\/v2\/posts\/586\/revisions"}],"predecessor-version":[{"id":590,"href":"https:\/\/apuntesdesanluis.com\/index.php\/wp-json\/wp\/v2\/posts\/586\/revisions\/590"}],"wp:featuredmedia":[{"embeddable":true,"href":"https:\/\/apuntesdesanluis.com\/index.php\/wp-json\/wp\/v2\/media\/588"}],"wp:attachment":[{"href":"https:\/\/apuntesdesanluis.com\/index.php\/wp-json\/wp\/v2\/media?parent=586"}],"wp:term":[{"taxonomy":"category","embeddable":true,"href":"https:\/\/apuntesdesanluis.com\/index.php\/wp-json\/wp\/v2\/categories?post=586"},{"taxonomy":"post_tag","embeddable":true,"href":"https:\/\/apuntesdesanluis.com\/index.php\/wp-json\/wp\/v2\/tags?post=586"}],"curies":[{"name":"wp","href":"https:\/\/api.w.org\/{rel}","templated":true}]}}