{"id":5863,"date":"2023-10-25T23:43:11","date_gmt":"2023-10-26T02:43:11","guid":{"rendered":"https:\/\/apuntesdesanluis.com\/?p=5863"},"modified":"2023-10-25T23:44:20","modified_gmt":"2023-10-26T02:44:20","slug":"el-dirigente-democrata-mauro-chiatti-juro-en-lugar-de-gaston-hissa","status":"publish","type":"post","link":"https:\/\/apuntesdesanluis.com\/index.php\/2023\/10\/25\/el-dirigente-democrata-mauro-chiatti-juro-en-lugar-de-gaston-hissa\/","title":{"rendered":"EL DIRIGENTE DEM\u00d3CRATA MAURO CHIATTI JUR\u00d3 EN LUGAR DE GAST\u00d3N HISSA"},"content":{"rendered":"<h3>\u201cJuro por Dios, la Patria y los santos evangelios\u201d, fue la f\u00f3rmula elegida por el dirigente del Partido Dem\u00f3crata <strong>Mauro Chiatti<\/strong>, quien este mi\u00e9rcoles jur\u00f3 en la C\u00e1mara de Diputados.<\/h3>\n<h3>Su asunci\u00f3n se produjo tras la renuncia de <strong>Gast\u00f3n Hissa<\/strong>, quien lo hizo para dedicarse a conformar el gabinete que lo acompa\u00f1ar\u00e1 cuando asuma como intendente de la ciudad de San Luis.<\/h3>\n<h3>El legislador provincial integrar\u00e1 el bloque Unidos por San Luis, cuya presidencia la ejercer\u00e1 Eugenia Gallardo.<\/h3>\n<h3>Chiatti integr\u00f3 la lista de Unidos por San Luis en la elecci\u00f3n de medio t\u00e9rmino en el 2021. Ahora, completar\u00e1 mandato hasta diciembre de 2025.<\/h3>\n<h3>En un breve contacto con la prensa dijo que el espacio dejado por el intendente electo es \u201cmuy complejo de llenar porque ha sido un gran legislador y es un gran dirigente\u201d.<\/h3>\n<h3>Por otra parte, una fuente de Avanzar dej\u00f3 trascender a <strong>Apuntes de San Luis<\/strong> que <strong>Gast\u00f3n Hissa<\/strong> habr\u00eda invitado a integrarse a su gabinete al diputado provincial <strong>Luis Lucero Guillet<\/strong>, quien concluye mandato el 10 de diciembre.<\/h3>\n<p>&nbsp;<\/p>\n<p>&nbsp;<\/p>\n<p>&nbsp;<\/p>\n<p>&nbsp;<\/p>\n","protected":false},"excerpt":{"rendered":"<p>\u201cJuro por Dios, la Patria y los santos evangelios\u201d, fue la f\u00f3rmula elegida por el&#8230;<\/p>\n","protected":false},"author":1,"featured_media":5864,"comment_status":"closed","ping_status":"closed","sticky":false,"template":"","format":"standard","meta":{"footnotes":""},"categories":[6],"tags":[],"class_list":["post-5863","post","type-post","status-publish","format-standard","has-post-thumbnail","hentry","category-ciudad-provincia"],"yoast_head":"<!-- This site is optimized with the Yoast SEO plugin v26.1.1 - https:\/\/yoast.com\/wordpress\/plugins\/seo\/ -->\n<title>EL DIRIGENTE DEM\u00d3CRATA MAURO CHIATTI JUR\u00d3 EN LUGAR DE GAST\u00d3N HISSA - Apuntes de San Luis<\/title>\n<meta name=\"robots\" content=\"index, follow, max-snippet:-1, max-image-preview:large, max-video-preview:-1\" \/>\n<link rel=\"canonical\" href=\"https:\/\/apuntesdesanluis.com\/index.php\/2023\/10\/25\/el-dirigente-democrata-mauro-chiatti-juro-en-lugar-de-gaston-hissa\/\" \/>\n<meta property=\"og:locale\" content=\"es_ES\" \/>\n<meta property=\"og:type\" content=\"article\" \/>\n<meta property=\"og:title\" content=\"EL DIRIGENTE DEM\u00d3CRATA MAURO CHIATTI JUR\u00d3 EN LUGAR DE GAST\u00d3N HISSA - Apuntes de San Luis\" \/>\n<meta property=\"og:description\" content=\"\u201cJuro por Dios, la Patria y los santos evangelios\u201d, fue la f\u00f3rmula elegida por el...\" \/>\n<meta property=\"og:url\" content=\"https:\/\/apuntesdesanluis.com\/index.php\/2023\/10\/25\/el-dirigente-democrata-mauro-chiatti-juro-en-lugar-de-gaston-hissa\/\" \/>\n<meta property=\"og:site_name\" content=\"Apuntes de San Luis\" \/>\n<meta property=\"article:published_time\" content=\"2023-10-26T02:43:11+00:00\" \/>\n<meta property=\"article:modified_time\" content=\"2023-10-26T02:44:20+00:00\" \/>\n<meta property=\"og:image\" content=\"https:\/\/apuntesdesanluis.com\/wp-content\/uploads\/2023\/10\/mauro-chiatti.png\" \/>\n\t<meta property=\"og:image:width\" content=\"600\" \/>\n\t<meta property=\"og:image:height\" content=\"391\" \/>\n\t<meta property=\"og:image:type\" content=\"image\/png\" \/>\n<meta name=\"author\" content=\"apuntesdesanluis.com\" \/>\n<meta name=\"twitter:card\" content=\"summary_large_image\" \/>\n<meta name=\"twitter:label1\" content=\"Escrito por\" \/>\n\t<meta name=\"twitter:data1\" content=\"apuntesdesanluis.com\" \/>\n\t<meta name=\"twitter:label2\" content=\"Tiempo de lectura\" \/>\n\t<meta name=\"twitter:data2\" content=\"1 minuto\" \/>\n<script type=\"application\/ld+json\" class=\"yoast-schema-graph\">{\"@context\":\"https:\/\/schema.org\",\"@graph\":[{\"@type\":\"Article\",\"@id\":\"https:\/\/apuntesdesanluis.com\/index.php\/2023\/10\/25\/el-dirigente-democrata-mauro-chiatti-juro-en-lugar-de-gaston-hissa\/#article\",\"isPartOf\":{\"@id\":\"https:\/\/apuntesdesanluis.com\/index.php\/2023\/10\/25\/el-dirigente-democrata-mauro-chiatti-juro-en-lugar-de-gaston-hissa\/\"},\"author\":{\"name\":\"apuntesdesanluis.com\",\"@id\":\"https:\/\/apuntesdesanluis.com\/#\/schema\/person\/b55151d52296fcce64d1a72538a70b90\"},\"headline\":\"EL DIRIGENTE DEM\u00d3CRATA MAURO CHIATTI JUR\u00d3 EN LUGAR DE GAST\u00d3N HISSA\",\"datePublished\":\"2023-10-26T02:43:11+00:00\",\"dateModified\":\"2023-10-26T02:44:20+00:00\",\"mainEntityOfPage\":{\"@id\":\"https:\/\/apuntesdesanluis.com\/index.php\/2023\/10\/25\/el-dirigente-democrata-mauro-chiatti-juro-en-lugar-de-gaston-hissa\/\"},\"wordCount\":197,\"publisher\":{\"@id\":\"https:\/\/apuntesdesanluis.com\/#\/schema\/person\/b55151d52296fcce64d1a72538a70b90\"},\"image\":{\"@id\":\"https:\/\/apuntesdesanluis.com\/index.php\/2023\/10\/25\/el-dirigente-democrata-mauro-chiatti-juro-en-lugar-de-gaston-hissa\/#primaryimage\"},\"thumbnailUrl\":\"https:\/\/apuntesdesanluis.com\/wp-content\/uploads\/2023\/10\/mauro-chiatti.png\",\"articleSection\":[\"Ciudad\/Provincia\"],\"inLanguage\":\"es-AR\"},{\"@type\":\"WebPage\",\"@id\":\"https:\/\/apuntesdesanluis.com\/index.php\/2023\/10\/25\/el-dirigente-democrata-mauro-chiatti-juro-en-lugar-de-gaston-hissa\/\",\"url\":\"https:\/\/apuntesdesanluis.com\/index.php\/2023\/10\/25\/el-dirigente-democrata-mauro-chiatti-juro-en-lugar-de-gaston-hissa\/\",\"name\":\"EL DIRIGENTE DEM\u00d3CRATA MAURO CHIATTI JUR\u00d3 EN LUGAR DE GAST\u00d3N HISSA - Apuntes de San Luis\",\"isPartOf\":{\"@id\":\"https:\/\/apuntesdesanluis.com\/#website\"},\"primaryImageOfPage\":{\"@id\":\"https:\/\/apuntesdesanluis.com\/index.php\/2023\/10\/25\/el-dirigente-democrata-mauro-chiatti-juro-en-lugar-de-gaston-hissa\/#primaryimage\"},\"image\":{\"@id\":\"https:\/\/apuntesdesanluis.com\/index.php\/2023\/10\/25\/el-dirigente-democrata-mauro-chiatti-juro-en-lugar-de-gaston-hissa\/#primaryimage\"},\"thumbnailUrl\":\"https:\/\/apuntesdesanluis.com\/wp-content\/uploads\/2023\/10\/mauro-chiatti.png\",\"datePublished\":\"2023-10-26T02:43:11+00:00\",\"dateModified\":\"2023-10-26T02:44:20+00:00\",\"breadcrumb\":{\"@id\":\"https:\/\/apuntesdesanluis.com\/index.php\/2023\/10\/25\/el-dirigente-democrata-mauro-chiatti-juro-en-lugar-de-gaston-hissa\/#breadcrumb\"},\"inLanguage\":\"es-AR\",\"potentialAction\":[{\"@type\":\"ReadAction\",\"target\":[\"https:\/\/apuntesdesanluis.com\/index.php\/2023\/10\/25\/el-dirigente-democrata-mauro-chiatti-juro-en-lugar-de-gaston-hissa\/\"]}]},{\"@type\":\"ImageObject\",\"inLanguage\":\"es-AR\",\"@id\":\"https:\/\/apuntesdesanluis.com\/index.php\/2023\/10\/25\/el-dirigente-democrata-mauro-chiatti-juro-en-lugar-de-gaston-hissa\/#primaryimage\",\"url\":\"https:\/\/apuntesdesanluis.com\/wp-content\/uploads\/2023\/10\/mauro-chiatti.png\",\"contentUrl\":\"https:\/\/apuntesdesanluis.com\/wp-content\/uploads\/2023\/10\/mauro-chiatti.png\",\"width\":600,\"height\":391},{\"@type\":\"BreadcrumbList\",\"@id\":\"https:\/\/apuntesdesanluis.com\/index.php\/2023\/10\/25\/el-dirigente-democrata-mauro-chiatti-juro-en-lugar-de-gaston-hissa\/#breadcrumb\",\"itemListElement\":[{\"@type\":\"ListItem\",\"position\":1,\"name\":\"Inicio\",\"item\":\"https:\/\/apuntesdesanluis.com\/\"},{\"@type\":\"ListItem\",\"position\":2,\"name\":\"EL DIRIGENTE DEM\u00d3CRATA MAURO CHIATTI JUR\u00d3 EN LUGAR DE GAST\u00d3N HISSA\"}]},{\"@type\":\"WebSite\",\"@id\":\"https:\/\/apuntesdesanluis.com\/#website\",\"url\":\"https:\/\/apuntesdesanluis.com\/\",\"name\":\"Apuntes de San Luis\",\"description\":\"\",\"publisher\":{\"@id\":\"https:\/\/apuntesdesanluis.com\/#\/schema\/person\/b55151d52296fcce64d1a72538a70b90\"},\"potentialAction\":[{\"@type\":\"SearchAction\",\"target\":{\"@type\":\"EntryPoint\",\"urlTemplate\":\"https:\/\/apuntesdesanluis.com\/?s={search_term_string}\"},\"query-input\":{\"@type\":\"PropertyValueSpecification\",\"valueRequired\":true,\"valueName\":\"search_term_string\"}}],\"inLanguage\":\"es-AR\"},{\"@type\":[\"Person\",\"Organization\"],\"@id\":\"https:\/\/apuntesdesanluis.com\/#\/schema\/person\/b55151d52296fcce64d1a72538a70b90\",\"name\":\"apuntesdesanluis.com\",\"image\":{\"@type\":\"ImageObject\",\"inLanguage\":\"es-AR\",\"@id\":\"https:\/\/apuntesdesanluis.com\/#\/schema\/person\/image\/\",\"url\":\"https:\/\/apuntesdesanluis.com\/wp-content\/uploads\/2023\/07\/cropped-apuntesdesanluis.png\",\"contentUrl\":\"https:\/\/apuntesdesanluis.com\/wp-content\/uploads\/2023\/07\/cropped-apuntesdesanluis.png\",\"width\":450,\"height\":112,\"caption\":\"apuntesdesanluis.com\"},\"logo\":{\"@id\":\"https:\/\/apuntesdesanluis.com\/#\/schema\/person\/image\/\"},\"sameAs\":[\"https:\/\/apuntesdesanluis.com\"],\"url\":\"https:\/\/apuntesdesanluis.com\/index.php\/author\/apuntesdesanluis-com\/\"}]}<\/script>\n<!-- \/ Yoast SEO plugin. -->","yoast_head_json":{"title":"EL DIRIGENTE DEM\u00d3CRATA MAURO CHIATTI JUR\u00d3 EN LUGAR DE GAST\u00d3N HISSA - Apuntes de San Luis","robots":{"index":"index","follow":"follow","max-snippet":"max-snippet:-1","max-image-preview":"max-image-preview:large","max-video-preview":"max-video-preview:-1"},"canonical":"https:\/\/apuntesdesanluis.com\/index.php\/2023\/10\/25\/el-dirigente-democrata-mauro-chiatti-juro-en-lugar-de-gaston-hissa\/","og_locale":"es_ES","og_type":"article","og_title":"EL DIRIGENTE DEM\u00d3CRATA MAURO CHIATTI JUR\u00d3 EN LUGAR DE GAST\u00d3N HISSA - Apuntes de San Luis","og_description":"\u201cJuro por Dios, la Patria y los santos evangelios\u201d, fue la f\u00f3rmula elegida por el...","og_url":"https:\/\/apuntesdesanluis.com\/index.php\/2023\/10\/25\/el-dirigente-democrata-mauro-chiatti-juro-en-lugar-de-gaston-hissa\/","og_site_name":"Apuntes de San Luis","article_published_time":"2023-10-26T02:43:11+00:00","article_modified_time":"2023-10-26T02:44:20+00:00","og_image":[{"width":600,"height":391,"url":"https:\/\/apuntesdesanluis.com\/wp-content\/uploads\/2023\/10\/mauro-chiatti.png","type":"image\/png"}],"author":"apuntesdesanluis.com","twitter_card":"summary_large_image","twitter_misc":{"Escrito por":"apuntesdesanluis.com","Tiempo de lectura":"1 minuto"},"schema":{"@context":"https:\/\/schema.org","@graph":[{"@type":"Article","@id":"https:\/\/apuntesdesanluis.com\/index.php\/2023\/10\/25\/el-dirigente-democrata-mauro-chiatti-juro-en-lugar-de-gaston-hissa\/#article","isPartOf":{"@id":"https:\/\/apuntesdesanluis.com\/index.php\/2023\/10\/25\/el-dirigente-democrata-mauro-chiatti-juro-en-lugar-de-gaston-hissa\/"},"author":{"name":"apuntesdesanluis.com","@id":"https:\/\/apuntesdesanluis.com\/#\/schema\/person\/b55151d52296fcce64d1a72538a70b90"},"headline":"EL DIRIGENTE DEM\u00d3CRATA MAURO CHIATTI JUR\u00d3 EN LUGAR DE GAST\u00d3N HISSA","datePublished":"2023-10-26T02:43:11+00:00","dateModified":"2023-10-26T02:44:20+00:00","mainEntityOfPage":{"@id":"https:\/\/apuntesdesanluis.com\/index.php\/2023\/10\/25\/el-dirigente-democrata-mauro-chiatti-juro-en-lugar-de-gaston-hissa\/"},"wordCount":197,"publisher":{"@id":"https:\/\/apuntesdesanluis.com\/#\/schema\/person\/b55151d52296fcce64d1a72538a70b90"},"image":{"@id":"https:\/\/apuntesdesanluis.com\/index.php\/2023\/10\/25\/el-dirigente-democrata-mauro-chiatti-juro-en-lugar-de-gaston-hissa\/#primaryimage"},"thumbnailUrl":"https:\/\/apuntesdesanluis.com\/wp-content\/uploads\/2023\/10\/mauro-chiatti.png","articleSection":["Ciudad\/Provincia"],"inLanguage":"es-AR"},{"@type":"WebPage","@id":"https:\/\/apuntesdesanluis.com\/index.php\/2023\/10\/25\/el-dirigente-democrata-mauro-chiatti-juro-en-lugar-de-gaston-hissa\/","url":"https:\/\/apuntesdesanluis.com\/index.php\/2023\/10\/25\/el-dirigente-democrata-mauro-chiatti-juro-en-lugar-de-gaston-hissa\/","name":"EL DIRIGENTE DEM\u00d3CRATA MAURO CHIATTI JUR\u00d3 EN LUGAR DE GAST\u00d3N HISSA - Apuntes de San Luis","isPartOf":{"@id":"https:\/\/apuntesdesanluis.com\/#website"},"primaryImageOfPage":{"@id":"https:\/\/apuntesdesanluis.com\/index.php\/2023\/10\/25\/el-dirigente-democrata-mauro-chiatti-juro-en-lugar-de-gaston-hissa\/#primaryimage"},"image":{"@id":"https:\/\/apuntesdesanluis.com\/index.php\/2023\/10\/25\/el-dirigente-democrata-mauro-chiatti-juro-en-lugar-de-gaston-hissa\/#primaryimage"},"thumbnailUrl":"https:\/\/apuntesdesanluis.com\/wp-content\/uploads\/2023\/10\/mauro-chiatti.png","datePublished":"2023-10-26T02:43:11+00:00","dateModified":"2023-10-26T02:44:20+00:00","breadcrumb":{"@id":"https:\/\/apuntesdesanluis.com\/index.php\/2023\/10\/25\/el-dirigente-democrata-mauro-chiatti-juro-en-lugar-de-gaston-hissa\/#breadcrumb"},"inLanguage":"es-AR","potentialAction":[{"@type":"ReadAction","target":["https:\/\/apuntesdesanluis.com\/index.php\/2023\/10\/25\/el-dirigente-democrata-mauro-chiatti-juro-en-lugar-de-gaston-hissa\/"]}]},{"@type":"ImageObject","inLanguage":"es-AR","@id":"https:\/\/apuntesdesanluis.com\/index.php\/2023\/10\/25\/el-dirigente-democrata-mauro-chiatti-juro-en-lugar-de-gaston-hissa\/#primaryimage","url":"https:\/\/apuntesdesanluis.com\/wp-content\/uploads\/2023\/10\/mauro-chiatti.png","contentUrl":"https:\/\/apuntesdesanluis.com\/wp-content\/uploads\/2023\/10\/mauro-chiatti.png","width":600,"height":391},{"@type":"BreadcrumbList","@id":"https:\/\/apuntesdesanluis.com\/index.php\/2023\/10\/25\/el-dirigente-democrata-mauro-chiatti-juro-en-lugar-de-gaston-hissa\/#breadcrumb","itemListElement":[{"@type":"ListItem","position":1,"name":"Inicio","item":"https:\/\/apuntesdesanluis.com\/"},{"@type":"ListItem","position":2,"name":"EL DIRIGENTE DEM\u00d3CRATA MAURO CHIATTI JUR\u00d3 EN LUGAR DE GAST\u00d3N HISSA"}]},{"@type":"WebSite","@id":"https:\/\/apuntesdesanluis.com\/#website","url":"https:\/\/apuntesdesanluis.com\/","name":"Apuntes de San Luis","description":"","publisher":{"@id":"https:\/\/apuntesdesanluis.com\/#\/schema\/person\/b55151d52296fcce64d1a72538a70b90"},"potentialAction":[{"@type":"SearchAction","target":{"@type":"EntryPoint","urlTemplate":"https:\/\/apuntesdesanluis.com\/?s={search_term_string}"},"query-input":{"@type":"PropertyValueSpecification","valueRequired":true,"valueName":"search_term_string"}}],"inLanguage":"es-AR"},{"@type":["Person","Organization"],"@id":"https:\/\/apuntesdesanluis.com\/#\/schema\/person\/b55151d52296fcce64d1a72538a70b90","name":"apuntesdesanluis.com","image":{"@type":"ImageObject","inLanguage":"es-AR","@id":"https:\/\/apuntesdesanluis.com\/#\/schema\/person\/image\/","url":"https:\/\/apuntesdesanluis.com\/wp-content\/uploads\/2023\/07\/cropped-apuntesdesanluis.png","contentUrl":"https:\/\/apuntesdesanluis.com\/wp-content\/uploads\/2023\/07\/cropped-apuntesdesanluis.png","width":450,"height":112,"caption":"apuntesdesanluis.com"},"logo":{"@id":"https:\/\/apuntesdesanluis.com\/#\/schema\/person\/image\/"},"sameAs":["https:\/\/apuntesdesanluis.com"],"url":"https:\/\/apuntesdesanluis.com\/index.php\/author\/apuntesdesanluis-com\/"}]}},"featured_image_urls":{"full":["https:\/\/apuntesdesanluis.com\/wp-content\/uploads\/2023\/10\/mauro-chiatti.png",600,391,false],"thumbnail":["https:\/\/apuntesdesanluis.com\/wp-content\/uploads\/2023\/10\/mauro-chiatti-150x150.png",150,150,true],"medium":["https:\/\/apuntesdesanluis.com\/wp-content\/uploads\/2023\/10\/mauro-chiatti-300x196.png",300,196,true],"medium_large":["https:\/\/apuntesdesanluis.com\/wp-content\/uploads\/2023\/10\/mauro-chiatti.png",600,391,false],"large":["https:\/\/apuntesdesanluis.com\/wp-content\/uploads\/2023\/10\/mauro-chiatti.png",600,391,false],"1536x1536":["https:\/\/apuntesdesanluis.com\/wp-content\/uploads\/2023\/10\/mauro-chiatti.png",600,391,false],"2048x2048":["https:\/\/apuntesdesanluis.com\/wp-content\/uploads\/2023\/10\/mauro-chiatti.png",600,391,false],"newsever-slider-full":["https:\/\/apuntesdesanluis.com\/wp-content\/uploads\/2023\/10\/mauro-chiatti.png",600,391,false],"newsever-featured":["https:\/\/apuntesdesanluis.com\/wp-content\/uploads\/2023\/10\/mauro-chiatti.png",600,391,false],"newsever-medium":["https:\/\/apuntesdesanluis.com\/wp-content\/uploads\/2023\/10\/mauro-chiatti.png",600,391,false]},"author_info":{"display_name":"apuntesdesanluis.com","author_link":"https:\/\/apuntesdesanluis.com\/index.php\/author\/apuntesdesanluis-com\/"},"category_info":"<a href=\"https:\/\/apuntesdesanluis.com\/index.php\/category\/ciudad-provincia\/\" rel=\"category tag\">Ciudad\/Provincia<\/a>","tag_info":"Ciudad\/Provincia","comment_count":"0","_links":{"self":[{"href":"https:\/\/apuntesdesanluis.com\/index.php\/wp-json\/wp\/v2\/posts\/5863","targetHints":{"allow":["GET"]}}],"collection":[{"href":"https:\/\/apuntesdesanluis.com\/index.php\/wp-json\/wp\/v2\/posts"}],"about":[{"href":"https:\/\/apuntesdesanluis.com\/index.php\/wp-json\/wp\/v2\/types\/post"}],"author":[{"embeddable":true,"href":"https:\/\/apuntesdesanluis.com\/index.php\/wp-json\/wp\/v2\/users\/1"}],"replies":[{"embeddable":true,"href":"https:\/\/apuntesdesanluis.com\/index.php\/wp-json\/wp\/v2\/comments?post=5863"}],"version-history":[{"count":3,"href":"https:\/\/apuntesdesanluis.com\/index.php\/wp-json\/wp\/v2\/posts\/5863\/revisions"}],"predecessor-version":[{"id":5867,"href":"https:\/\/apuntesdesanluis.com\/index.php\/wp-json\/wp\/v2\/posts\/5863\/revisions\/5867"}],"wp:featuredmedia":[{"embeddable":true,"href":"https:\/\/apuntesdesanluis.com\/index.php\/wp-json\/wp\/v2\/media\/5864"}],"wp:attachment":[{"href":"https:\/\/apuntesdesanluis.com\/index.php\/wp-json\/wp\/v2\/media?parent=5863"}],"wp:term":[{"taxonomy":"category","embeddable":true,"href":"https:\/\/apuntesdesanluis.com\/index.php\/wp-json\/wp\/v2\/categories?post=5863"},{"taxonomy":"post_tag","embeddable":true,"href":"https:\/\/apuntesdesanluis.com\/index.php\/wp-json\/wp\/v2\/tags?post=5863"}],"curies":[{"name":"wp","href":"https:\/\/api.w.org\/{rel}","templated":true}]}}