{"id":5876,"date":"2023-10-26T12:46:20","date_gmt":"2023-10-26T15:46:20","guid":{"rendered":"https:\/\/apuntesdesanluis.com\/?p=5876"},"modified":"2023-10-26T12:46:20","modified_gmt":"2023-10-26T15:46:20","slug":"piden-10-anos-de-prision-para-un-hombre-acusado-de-promover-el-ejercicio-de-la-prostitucion","status":"publish","type":"post","link":"https:\/\/apuntesdesanluis.com\/index.php\/2023\/10\/26\/piden-10-anos-de-prision-para-un-hombre-acusado-de-promover-el-ejercicio-de-la-prostitucion\/","title":{"rendered":"PIDEN 10 A\u00d1OS DE PRISI\u00d3N PARA UN HOMBRE ACUSADO DE PROMOVER EL EJERCICIO DE LA PROSTITUCI\u00d3N"},"content":{"rendered":"<h3>La causa se elev\u00f3 al Colegio de Jueces a fin de que dispongan el inicio del juicio oral.<\/h3>\n<h3>En una audiencia que se realiz\u00f3 el mi\u00e9rcoles por la ma\u00f1ana, el Dr. Alfredo Cuello, Juez de Garant\u00eda N\u00ba 1 de la Segunda Circunscripci\u00f3n Judicial, dispuso la elevaci\u00f3n a juicio oral de una causa donde un hombre est\u00e1 imputado por promover, facilitar y explotar econ\u00f3micamente el ejercicio de la prostituci\u00f3n de una persona, agravada por el despliegue al efecto de medios t\u00edpicos de abuso de la situaci\u00f3n de vulnerabilidad de la v\u00edctima, intimidaci\u00f3n, coerci\u00f3n y por el v\u00ednculo (conviviente).<\/h3>\n<h3>Asimismo, el Dr. Cuello prorrog\u00f3 la prisi\u00f3n preventiva del imputado hasta el inicio del debate oral y dispuso su inmediato traslado al Servicio Penitenciario Provincial.<\/h3>\n<h3>Participaron en la audiencia por el Ministerio P\u00fablico Fiscal el Dr. Leandro Estrada \u2013Fiscal de Instrucci\u00f3n-, la Dra. Laura Parisi \u2013Fiscal Adjunta-, los defensores, Dra. Alejandra Zunini, y el procurador Adolfo Cafieri y el imputado. Como secretaria intervino la Dra. Nadia Segura.<\/h3>\n<h3>El Dr. Estrada relat\u00f3 los hechos investigados, solicit\u00f3 la elevaci\u00f3n a juicio conforme lo dispuesto en los Arts. 63, 162 y 166 del C\u00f3digo de Procedimiento Penal de la Provincia de San Luis, describi\u00f3 la calificaci\u00f3n legal y solicit\u00f3 para el imputado 10 a\u00f1os de prisi\u00f3n efectiva accesorias legales y costas procesales por considerarlo autor de los delitos previstos en los art\u00edculos 125 bis, 126 inc. 1 y 2, 127 inc. 1 y 2 y 45 del C\u00f3digo Penal Argentino.<\/h3>\n<h3>A continuaci\u00f3n, el imputado pidi\u00f3 declarar, por lo que se le concedi\u00f3 la palabra.<\/h3>\n<h3>Luego, la defensa expuso su teor\u00eda del caso y entendiendo que no se tuvieron por acreditados los hechos para la elevaci\u00f3n a juicio, solicitaron el sobreseimiento del imputado.<\/h3>\n<h3>Luego de escuchar a las partes, el Dr. Cuello resolvi\u00f3: rechazar el pedido de sobreseimiento solicitado por la defensa, disponer la apertura a juicio y prorrogar la prisi\u00f3n preventiva del imputado hasta el inicio del debate oral, disponiendo el inmediato traslado del mismo al Servicio Penitenciario.<\/h3>\n<h3>Cabe mencionar que la investigaci\u00f3n se origin\u00f3 a partir de una denuncia an\u00f3nima en abril de 2022 en la Justicia Federal. En septiembre desde ese mismo a\u00f1o se dict\u00f3 un procesamiento y una orden de prisi\u00f3n preventiva para un hombre por considerarlo autor del delito de promover facilitar y\/o explotar econ\u00f3micamente el ejercicio de la prostituci\u00f3n de una persona, agravada por el despliegue de efectos medios t\u00edpicos de abuso de la situaci\u00f3n de vulnerabilidad de la v\u00edctima, intimidaci\u00f3n y coerci\u00f3n sobre la misma.<\/h3>\n<h3>Asimismo, en el expediente se promovi\u00f3 un incidente de excarcelaci\u00f3n que fue rechazado. Adem\u00e1s, se inst\u00f3 al sobreseimiento lo cual fue rechazado tambi\u00e9n y confirmado por la C\u00e1mara Federal.<\/h3>\n<h3>En mayo de este a\u00f1o, el Juzgado Federal de Villa Mercedes \u2013a instancia del Fiscal de Instrucci\u00f3n \u2013 se declar\u00f3 incompetente y remiti\u00f3 las actuaciones al Ministerio P\u00fablico Fiscal donde interviene la Fiscal\u00eda de Instrucci\u00f3n N\u00ba 4.<\/h3>\n<h3>\u2026\u2026\u2026\u2026\u2026\u2026\u2026.<\/h3>\n<h3>Para obtener m\u00e1s informaci\u00f3n sobre este caso ingrese al siguiente enlace: <a href=\"https:\/\/www.periodicojudicial.gov.ar\/rechazaron-la-excarcelacion-de-un-hombre-acusado-de-promover-el-ejercicio-de-la-prostitucion\/\">https:\/\/www.periodicojudicial.gov.ar\/rechazaron-la-excarcelacion-de-un-hombre-acusado-de-promover-el-ejercicio-de-la-prostitucion\/<\/a><\/h3>\n","protected":false},"excerpt":{"rendered":"<p>La causa se elev\u00f3 al Colegio de Jueces a fin de que dispongan el inicio&#8230;<\/p>\n","protected":false},"author":1,"featured_media":5877,"comment_status":"closed","ping_status":"closed","sticky":false,"template":"","format":"standard","meta":{"footnotes":""},"categories":[6],"tags":[],"class_list":["post-5876","post","type-post","status-publish","format-standard","has-post-thumbnail","hentry","category-ciudad-provincia"],"yoast_head":"<!-- This site is optimized with the Yoast SEO plugin v26.1.1 - https:\/\/yoast.com\/wordpress\/plugins\/seo\/ -->\n<title>PIDEN 10 A\u00d1OS DE PRISI\u00d3N PARA UN HOMBRE ACUSADO DE PROMOVER EL EJERCICIO DE LA PROSTITUCI\u00d3N - Apuntes de San Luis<\/title>\n<meta name=\"robots\" content=\"index, follow, max-snippet:-1, max-image-preview:large, max-video-preview:-1\" \/>\n<link rel=\"canonical\" href=\"https:\/\/apuntesdesanluis.com\/index.php\/2023\/10\/26\/piden-10-anos-de-prision-para-un-hombre-acusado-de-promover-el-ejercicio-de-la-prostitucion\/\" \/>\n<meta property=\"og:locale\" content=\"es_ES\" \/>\n<meta property=\"og:type\" content=\"article\" \/>\n<meta property=\"og:title\" content=\"PIDEN 10 A\u00d1OS DE PRISI\u00d3N PARA UN HOMBRE ACUSADO DE PROMOVER EL EJERCICIO DE LA PROSTITUCI\u00d3N - Apuntes de San Luis\" \/>\n<meta property=\"og:description\" content=\"La causa se elev\u00f3 al Colegio de Jueces a fin de que dispongan el inicio...\" \/>\n<meta property=\"og:url\" content=\"https:\/\/apuntesdesanluis.com\/index.php\/2023\/10\/26\/piden-10-anos-de-prision-para-un-hombre-acusado-de-promover-el-ejercicio-de-la-prostitucion\/\" \/>\n<meta property=\"og:site_name\" content=\"Apuntes de San Luis\" \/>\n<meta property=\"article:published_time\" content=\"2023-10-26T15:46:20+00:00\" \/>\n<meta property=\"og:image\" content=\"https:\/\/apuntesdesanluis.com\/wp-content\/uploads\/2023\/10\/tribunales.png\" \/>\n\t<meta property=\"og:image:width\" content=\"595\" \/>\n\t<meta property=\"og:image:height\" content=\"334\" \/>\n\t<meta property=\"og:image:type\" content=\"image\/png\" \/>\n<meta name=\"author\" content=\"apuntesdesanluis.com\" \/>\n<meta name=\"twitter:card\" content=\"summary_large_image\" \/>\n<meta name=\"twitter:label1\" content=\"Escrito por\" \/>\n\t<meta name=\"twitter:data1\" content=\"apuntesdesanluis.com\" \/>\n\t<meta name=\"twitter:label2\" content=\"Tiempo de lectura\" \/>\n\t<meta name=\"twitter:data2\" content=\"3 minutos\" \/>\n<script type=\"application\/ld+json\" class=\"yoast-schema-graph\">{\"@context\":\"https:\/\/schema.org\",\"@graph\":[{\"@type\":\"Article\",\"@id\":\"https:\/\/apuntesdesanluis.com\/index.php\/2023\/10\/26\/piden-10-anos-de-prision-para-un-hombre-acusado-de-promover-el-ejercicio-de-la-prostitucion\/#article\",\"isPartOf\":{\"@id\":\"https:\/\/apuntesdesanluis.com\/index.php\/2023\/10\/26\/piden-10-anos-de-prision-para-un-hombre-acusado-de-promover-el-ejercicio-de-la-prostitucion\/\"},\"author\":{\"name\":\"apuntesdesanluis.com\",\"@id\":\"https:\/\/apuntesdesanluis.com\/#\/schema\/person\/b55151d52296fcce64d1a72538a70b90\"},\"headline\":\"PIDEN 10 A\u00d1OS DE PRISI\u00d3N PARA UN HOMBRE ACUSADO DE PROMOVER EL EJERCICIO DE LA PROSTITUCI\u00d3N\",\"datePublished\":\"2023-10-26T15:46:20+00:00\",\"mainEntityOfPage\":{\"@id\":\"https:\/\/apuntesdesanluis.com\/index.php\/2023\/10\/26\/piden-10-anos-de-prision-para-un-hombre-acusado-de-promover-el-ejercicio-de-la-prostitucion\/\"},\"wordCount\":550,\"publisher\":{\"@id\":\"https:\/\/apuntesdesanluis.com\/#\/schema\/person\/b55151d52296fcce64d1a72538a70b90\"},\"image\":{\"@id\":\"https:\/\/apuntesdesanluis.com\/index.php\/2023\/10\/26\/piden-10-anos-de-prision-para-un-hombre-acusado-de-promover-el-ejercicio-de-la-prostitucion\/#primaryimage\"},\"thumbnailUrl\":\"https:\/\/apuntesdesanluis.com\/wp-content\/uploads\/2023\/10\/tribunales.png\",\"articleSection\":[\"Ciudad\/Provincia\"],\"inLanguage\":\"es-AR\"},{\"@type\":\"WebPage\",\"@id\":\"https:\/\/apuntesdesanluis.com\/index.php\/2023\/10\/26\/piden-10-anos-de-prision-para-un-hombre-acusado-de-promover-el-ejercicio-de-la-prostitucion\/\",\"url\":\"https:\/\/apuntesdesanluis.com\/index.php\/2023\/10\/26\/piden-10-anos-de-prision-para-un-hombre-acusado-de-promover-el-ejercicio-de-la-prostitucion\/\",\"name\":\"PIDEN 10 A\u00d1OS DE PRISI\u00d3N PARA UN HOMBRE ACUSADO DE PROMOVER EL EJERCICIO DE LA PROSTITUCI\u00d3N - Apuntes de San Luis\",\"isPartOf\":{\"@id\":\"https:\/\/apuntesdesanluis.com\/#website\"},\"primaryImageOfPage\":{\"@id\":\"https:\/\/apuntesdesanluis.com\/index.php\/2023\/10\/26\/piden-10-anos-de-prision-para-un-hombre-acusado-de-promover-el-ejercicio-de-la-prostitucion\/#primaryimage\"},\"image\":{\"@id\":\"https:\/\/apuntesdesanluis.com\/index.php\/2023\/10\/26\/piden-10-anos-de-prision-para-un-hombre-acusado-de-promover-el-ejercicio-de-la-prostitucion\/#primaryimage\"},\"thumbnailUrl\":\"https:\/\/apuntesdesanluis.com\/wp-content\/uploads\/2023\/10\/tribunales.png\",\"datePublished\":\"2023-10-26T15:46:20+00:00\",\"breadcrumb\":{\"@id\":\"https:\/\/apuntesdesanluis.com\/index.php\/2023\/10\/26\/piden-10-anos-de-prision-para-un-hombre-acusado-de-promover-el-ejercicio-de-la-prostitucion\/#breadcrumb\"},\"inLanguage\":\"es-AR\",\"potentialAction\":[{\"@type\":\"ReadAction\",\"target\":[\"https:\/\/apuntesdesanluis.com\/index.php\/2023\/10\/26\/piden-10-anos-de-prision-para-un-hombre-acusado-de-promover-el-ejercicio-de-la-prostitucion\/\"]}]},{\"@type\":\"ImageObject\",\"inLanguage\":\"es-AR\",\"@id\":\"https:\/\/apuntesdesanluis.com\/index.php\/2023\/10\/26\/piden-10-anos-de-prision-para-un-hombre-acusado-de-promover-el-ejercicio-de-la-prostitucion\/#primaryimage\",\"url\":\"https:\/\/apuntesdesanluis.com\/wp-content\/uploads\/2023\/10\/tribunales.png\",\"contentUrl\":\"https:\/\/apuntesdesanluis.com\/wp-content\/uploads\/2023\/10\/tribunales.png\",\"width\":595,\"height\":334},{\"@type\":\"BreadcrumbList\",\"@id\":\"https:\/\/apuntesdesanluis.com\/index.php\/2023\/10\/26\/piden-10-anos-de-prision-para-un-hombre-acusado-de-promover-el-ejercicio-de-la-prostitucion\/#breadcrumb\",\"itemListElement\":[{\"@type\":\"ListItem\",\"position\":1,\"name\":\"Inicio\",\"item\":\"https:\/\/apuntesdesanluis.com\/\"},{\"@type\":\"ListItem\",\"position\":2,\"name\":\"PIDEN 10 A\u00d1OS DE PRISI\u00d3N PARA UN HOMBRE ACUSADO DE PROMOVER EL EJERCICIO DE LA PROSTITUCI\u00d3N\"}]},{\"@type\":\"WebSite\",\"@id\":\"https:\/\/apuntesdesanluis.com\/#website\",\"url\":\"https:\/\/apuntesdesanluis.com\/\",\"name\":\"Apuntes de San Luis\",\"description\":\"\",\"publisher\":{\"@id\":\"https:\/\/apuntesdesanluis.com\/#\/schema\/person\/b55151d52296fcce64d1a72538a70b90\"},\"potentialAction\":[{\"@type\":\"SearchAction\",\"target\":{\"@type\":\"EntryPoint\",\"urlTemplate\":\"https:\/\/apuntesdesanluis.com\/?s={search_term_string}\"},\"query-input\":{\"@type\":\"PropertyValueSpecification\",\"valueRequired\":true,\"valueName\":\"search_term_string\"}}],\"inLanguage\":\"es-AR\"},{\"@type\":[\"Person\",\"Organization\"],\"@id\":\"https:\/\/apuntesdesanluis.com\/#\/schema\/person\/b55151d52296fcce64d1a72538a70b90\",\"name\":\"apuntesdesanluis.com\",\"image\":{\"@type\":\"ImageObject\",\"inLanguage\":\"es-AR\",\"@id\":\"https:\/\/apuntesdesanluis.com\/#\/schema\/person\/image\/\",\"url\":\"https:\/\/apuntesdesanluis.com\/wp-content\/uploads\/2023\/07\/cropped-apuntesdesanluis.png\",\"contentUrl\":\"https:\/\/apuntesdesanluis.com\/wp-content\/uploads\/2023\/07\/cropped-apuntesdesanluis.png\",\"width\":450,\"height\":112,\"caption\":\"apuntesdesanluis.com\"},\"logo\":{\"@id\":\"https:\/\/apuntesdesanluis.com\/#\/schema\/person\/image\/\"},\"sameAs\":[\"https:\/\/apuntesdesanluis.com\"],\"url\":\"https:\/\/apuntesdesanluis.com\/index.php\/author\/apuntesdesanluis-com\/\"}]}<\/script>\n<!-- \/ Yoast SEO plugin. -->","yoast_head_json":{"title":"PIDEN 10 A\u00d1OS DE PRISI\u00d3N PARA UN HOMBRE ACUSADO DE PROMOVER EL EJERCICIO DE LA PROSTITUCI\u00d3N - Apuntes de San Luis","robots":{"index":"index","follow":"follow","max-snippet":"max-snippet:-1","max-image-preview":"max-image-preview:large","max-video-preview":"max-video-preview:-1"},"canonical":"https:\/\/apuntesdesanluis.com\/index.php\/2023\/10\/26\/piden-10-anos-de-prision-para-un-hombre-acusado-de-promover-el-ejercicio-de-la-prostitucion\/","og_locale":"es_ES","og_type":"article","og_title":"PIDEN 10 A\u00d1OS DE PRISI\u00d3N PARA UN HOMBRE ACUSADO DE PROMOVER EL EJERCICIO DE LA PROSTITUCI\u00d3N - Apuntes de San Luis","og_description":"La causa se elev\u00f3 al Colegio de Jueces a fin de que dispongan el inicio...","og_url":"https:\/\/apuntesdesanluis.com\/index.php\/2023\/10\/26\/piden-10-anos-de-prision-para-un-hombre-acusado-de-promover-el-ejercicio-de-la-prostitucion\/","og_site_name":"Apuntes de San Luis","article_published_time":"2023-10-26T15:46:20+00:00","og_image":[{"width":595,"height":334,"url":"https:\/\/apuntesdesanluis.com\/wp-content\/uploads\/2023\/10\/tribunales.png","type":"image\/png"}],"author":"apuntesdesanluis.com","twitter_card":"summary_large_image","twitter_misc":{"Escrito por":"apuntesdesanluis.com","Tiempo de lectura":"3 minutos"},"schema":{"@context":"https:\/\/schema.org","@graph":[{"@type":"Article","@id":"https:\/\/apuntesdesanluis.com\/index.php\/2023\/10\/26\/piden-10-anos-de-prision-para-un-hombre-acusado-de-promover-el-ejercicio-de-la-prostitucion\/#article","isPartOf":{"@id":"https:\/\/apuntesdesanluis.com\/index.php\/2023\/10\/26\/piden-10-anos-de-prision-para-un-hombre-acusado-de-promover-el-ejercicio-de-la-prostitucion\/"},"author":{"name":"apuntesdesanluis.com","@id":"https:\/\/apuntesdesanluis.com\/#\/schema\/person\/b55151d52296fcce64d1a72538a70b90"},"headline":"PIDEN 10 A\u00d1OS DE PRISI\u00d3N PARA UN HOMBRE ACUSADO DE PROMOVER EL EJERCICIO DE LA PROSTITUCI\u00d3N","datePublished":"2023-10-26T15:46:20+00:00","mainEntityOfPage":{"@id":"https:\/\/apuntesdesanluis.com\/index.php\/2023\/10\/26\/piden-10-anos-de-prision-para-un-hombre-acusado-de-promover-el-ejercicio-de-la-prostitucion\/"},"wordCount":550,"publisher":{"@id":"https:\/\/apuntesdesanluis.com\/#\/schema\/person\/b55151d52296fcce64d1a72538a70b90"},"image":{"@id":"https:\/\/apuntesdesanluis.com\/index.php\/2023\/10\/26\/piden-10-anos-de-prision-para-un-hombre-acusado-de-promover-el-ejercicio-de-la-prostitucion\/#primaryimage"},"thumbnailUrl":"https:\/\/apuntesdesanluis.com\/wp-content\/uploads\/2023\/10\/tribunales.png","articleSection":["Ciudad\/Provincia"],"inLanguage":"es-AR"},{"@type":"WebPage","@id":"https:\/\/apuntesdesanluis.com\/index.php\/2023\/10\/26\/piden-10-anos-de-prision-para-un-hombre-acusado-de-promover-el-ejercicio-de-la-prostitucion\/","url":"https:\/\/apuntesdesanluis.com\/index.php\/2023\/10\/26\/piden-10-anos-de-prision-para-un-hombre-acusado-de-promover-el-ejercicio-de-la-prostitucion\/","name":"PIDEN 10 A\u00d1OS DE PRISI\u00d3N PARA UN HOMBRE ACUSADO DE PROMOVER EL EJERCICIO DE LA PROSTITUCI\u00d3N - Apuntes de San Luis","isPartOf":{"@id":"https:\/\/apuntesdesanluis.com\/#website"},"primaryImageOfPage":{"@id":"https:\/\/apuntesdesanluis.com\/index.php\/2023\/10\/26\/piden-10-anos-de-prision-para-un-hombre-acusado-de-promover-el-ejercicio-de-la-prostitucion\/#primaryimage"},"image":{"@id":"https:\/\/apuntesdesanluis.com\/index.php\/2023\/10\/26\/piden-10-anos-de-prision-para-un-hombre-acusado-de-promover-el-ejercicio-de-la-prostitucion\/#primaryimage"},"thumbnailUrl":"https:\/\/apuntesdesanluis.com\/wp-content\/uploads\/2023\/10\/tribunales.png","datePublished":"2023-10-26T15:46:20+00:00","breadcrumb":{"@id":"https:\/\/apuntesdesanluis.com\/index.php\/2023\/10\/26\/piden-10-anos-de-prision-para-un-hombre-acusado-de-promover-el-ejercicio-de-la-prostitucion\/#breadcrumb"},"inLanguage":"es-AR","potentialAction":[{"@type":"ReadAction","target":["https:\/\/apuntesdesanluis.com\/index.php\/2023\/10\/26\/piden-10-anos-de-prision-para-un-hombre-acusado-de-promover-el-ejercicio-de-la-prostitucion\/"]}]},{"@type":"ImageObject","inLanguage":"es-AR","@id":"https:\/\/apuntesdesanluis.com\/index.php\/2023\/10\/26\/piden-10-anos-de-prision-para-un-hombre-acusado-de-promover-el-ejercicio-de-la-prostitucion\/#primaryimage","url":"https:\/\/apuntesdesanluis.com\/wp-content\/uploads\/2023\/10\/tribunales.png","contentUrl":"https:\/\/apuntesdesanluis.com\/wp-content\/uploads\/2023\/10\/tribunales.png","width":595,"height":334},{"@type":"BreadcrumbList","@id":"https:\/\/apuntesdesanluis.com\/index.php\/2023\/10\/26\/piden-10-anos-de-prision-para-un-hombre-acusado-de-promover-el-ejercicio-de-la-prostitucion\/#breadcrumb","itemListElement":[{"@type":"ListItem","position":1,"name":"Inicio","item":"https:\/\/apuntesdesanluis.com\/"},{"@type":"ListItem","position":2,"name":"PIDEN 10 A\u00d1OS DE PRISI\u00d3N PARA UN HOMBRE ACUSADO DE PROMOVER EL EJERCICIO DE LA PROSTITUCI\u00d3N"}]},{"@type":"WebSite","@id":"https:\/\/apuntesdesanluis.com\/#website","url":"https:\/\/apuntesdesanluis.com\/","name":"Apuntes de San Luis","description":"","publisher":{"@id":"https:\/\/apuntesdesanluis.com\/#\/schema\/person\/b55151d52296fcce64d1a72538a70b90"},"potentialAction":[{"@type":"SearchAction","target":{"@type":"EntryPoint","urlTemplate":"https:\/\/apuntesdesanluis.com\/?s={search_term_string}"},"query-input":{"@type":"PropertyValueSpecification","valueRequired":true,"valueName":"search_term_string"}}],"inLanguage":"es-AR"},{"@type":["Person","Organization"],"@id":"https:\/\/apuntesdesanluis.com\/#\/schema\/person\/b55151d52296fcce64d1a72538a70b90","name":"apuntesdesanluis.com","image":{"@type":"ImageObject","inLanguage":"es-AR","@id":"https:\/\/apuntesdesanluis.com\/#\/schema\/person\/image\/","url":"https:\/\/apuntesdesanluis.com\/wp-content\/uploads\/2023\/07\/cropped-apuntesdesanluis.png","contentUrl":"https:\/\/apuntesdesanluis.com\/wp-content\/uploads\/2023\/07\/cropped-apuntesdesanluis.png","width":450,"height":112,"caption":"apuntesdesanluis.com"},"logo":{"@id":"https:\/\/apuntesdesanluis.com\/#\/schema\/person\/image\/"},"sameAs":["https:\/\/apuntesdesanluis.com"],"url":"https:\/\/apuntesdesanluis.com\/index.php\/author\/apuntesdesanluis-com\/"}]}},"featured_image_urls":{"full":["https:\/\/apuntesdesanluis.com\/wp-content\/uploads\/2023\/10\/tribunales.png",595,334,false],"thumbnail":["https:\/\/apuntesdesanluis.com\/wp-content\/uploads\/2023\/10\/tribunales-150x150.png",150,150,true],"medium":["https:\/\/apuntesdesanluis.com\/wp-content\/uploads\/2023\/10\/tribunales-300x168.png",300,168,true],"medium_large":["https:\/\/apuntesdesanluis.com\/wp-content\/uploads\/2023\/10\/tribunales.png",595,334,false],"large":["https:\/\/apuntesdesanluis.com\/wp-content\/uploads\/2023\/10\/tribunales.png",595,334,false],"1536x1536":["https:\/\/apuntesdesanluis.com\/wp-content\/uploads\/2023\/10\/tribunales.png",595,334,false],"2048x2048":["https:\/\/apuntesdesanluis.com\/wp-content\/uploads\/2023\/10\/tribunales.png",595,334,false],"newsever-slider-full":["https:\/\/apuntesdesanluis.com\/wp-content\/uploads\/2023\/10\/tribunales.png",595,334,false],"newsever-featured":["https:\/\/apuntesdesanluis.com\/wp-content\/uploads\/2023\/10\/tribunales.png",595,334,false],"newsever-medium":["https:\/\/apuntesdesanluis.com\/wp-content\/uploads\/2023\/10\/tribunales.png",595,334,false]},"author_info":{"display_name":"apuntesdesanluis.com","author_link":"https:\/\/apuntesdesanluis.com\/index.php\/author\/apuntesdesanluis-com\/"},"category_info":"<a href=\"https:\/\/apuntesdesanluis.com\/index.php\/category\/ciudad-provincia\/\" rel=\"category tag\">Ciudad\/Provincia<\/a>","tag_info":"Ciudad\/Provincia","comment_count":"0","_links":{"self":[{"href":"https:\/\/apuntesdesanluis.com\/index.php\/wp-json\/wp\/v2\/posts\/5876","targetHints":{"allow":["GET"]}}],"collection":[{"href":"https:\/\/apuntesdesanluis.com\/index.php\/wp-json\/wp\/v2\/posts"}],"about":[{"href":"https:\/\/apuntesdesanluis.com\/index.php\/wp-json\/wp\/v2\/types\/post"}],"author":[{"embeddable":true,"href":"https:\/\/apuntesdesanluis.com\/index.php\/wp-json\/wp\/v2\/users\/1"}],"replies":[{"embeddable":true,"href":"https:\/\/apuntesdesanluis.com\/index.php\/wp-json\/wp\/v2\/comments?post=5876"}],"version-history":[{"count":1,"href":"https:\/\/apuntesdesanluis.com\/index.php\/wp-json\/wp\/v2\/posts\/5876\/revisions"}],"predecessor-version":[{"id":5878,"href":"https:\/\/apuntesdesanluis.com\/index.php\/wp-json\/wp\/v2\/posts\/5876\/revisions\/5878"}],"wp:featuredmedia":[{"embeddable":true,"href":"https:\/\/apuntesdesanluis.com\/index.php\/wp-json\/wp\/v2\/media\/5877"}],"wp:attachment":[{"href":"https:\/\/apuntesdesanluis.com\/index.php\/wp-json\/wp\/v2\/media?parent=5876"}],"wp:term":[{"taxonomy":"category","embeddable":true,"href":"https:\/\/apuntesdesanluis.com\/index.php\/wp-json\/wp\/v2\/categories?post=5876"},{"taxonomy":"post_tag","embeddable":true,"href":"https:\/\/apuntesdesanluis.com\/index.php\/wp-json\/wp\/v2\/tags?post=5876"}],"curies":[{"name":"wp","href":"https:\/\/api.w.org\/{rel}","templated":true}]}}