{"id":5882,"date":"2023-10-26T13:50:34","date_gmt":"2023-10-26T16:50:34","guid":{"rendered":"https:\/\/apuntesdesanluis.com\/?p=5882"},"modified":"2023-10-26T14:30:05","modified_gmt":"2023-10-26T17:30:05","slug":"barrionuevo-le-retiro-su-apoyo-a-milei-tras-el-acuerdo-con-macri-y-bullrich","status":"publish","type":"post","link":"https:\/\/apuntesdesanluis.com\/index.php\/2023\/10\/26\/barrionuevo-le-retiro-su-apoyo-a-milei-tras-el-acuerdo-con-macri-y-bullrich\/","title":{"rendered":"BARRIONUEVO LE RETIR\u00d3 SU APOYO A MILEI, TRAS EL ACUERDO CON MACRI Y BULLRICH&#8221;"},"content":{"rendered":"<h3>El dirigente sindical, <strong>Luis Barrionuevo<\/strong>, hizo p\u00fablica la ruptura de relaciones con el candidato de La Libertad Avanza, <strong>Javier Milei<\/strong>, a ra\u00edz del acuerdo t\u00e1ctico &#8211; electoral que cerr\u00f3 el libertario con la l\u00edder del PRO, <strong>Patricia Bullrich<\/strong>, y el expresidente <strong>Mauricio Macri<\/strong>.<\/h3>\n<h3>El sindicalista emiti\u00f3 un pronunciamiento pero tambi\u00e9n dialog\u00f3 con Cr\u00f3nica TV para fijar su rechazo.<\/h3>\n<p><iframe title=\"Luis Barrionuevo habl\u00f3 en Cr\u00f3nica tras romper el acuerdo con Milei: &quot;Nos abandon\u00f3&quot;\" width=\"640\" height=\"360\" src=\"https:\/\/www.youtube.com\/embed\/szWv3-2GbVs?feature=oembed\" frameborder=\"0\" allow=\"accelerometer; autoplay; clipboard-write; encrypted-media; gyroscope; picture-in-picture; web-share\" referrerpolicy=\"strict-origin-when-cross-origin\" allowfullscreen><\/iframe><\/p>\n<h3>&#8220;No puedo, ni voy a acompa\u00f1ar esta sorpresiva alianza&#8221;, precis\u00f3 el sindicalista a trav\u00e9s de un comunicado dirigido &#8220;al pueblo argentino&#8221;.<\/h3>\n<h3>&#8220;En las elecciones generales, no s\u00f3lo respald\u00e9, sino que defend\u00ed con convicci\u00f3n y pasi\u00f3n a Javier Milei, creyendo en valores, principios y una nueva visi\u00f3n para nuestro querido pa\u00eds. Pero hoy, con un sentimiento de profunda indignaci\u00f3n y desencanto, me veo en la necesidad de alzar mi voz para comunicar que no puedo, ni voy a acompa\u00f1ar esta sorpresiva alianza entre el partido de Milei, Mauricio Macri y Patricia Bullrich&#8221;, desarroll\u00f3.<\/h3>\n<h3>En la misma l\u00ednea, a trav\u00e9s del texto remarc\u00f3: &#8220;La pregunta sobre \u201cla casta\u201d ha inundado esta campa\u00f1a, y me veo forzado a cuestionar: al final del d\u00eda, \u00bfqui\u00e9n result\u00f3 ser la verdadera casta? Es evidente que la ilusi\u00f3n de nuestra juventud, sedienta de autenticidad y cambio, ha sido traicionada al observar que se pacta con personajes que encarnan lo que se prometi\u00f3 combatir&#8221;.<\/h3>\n<h3>&#8220;Quiero que quede algo muy claro: en la vida, la dignidad no se vende ni se negocia. Y, aunque se proclame lo contrario, no todo es lo mismo. Patricia Bullrich no s\u00f3lo ensucia la esencia de la propuesta inicial, sino que desvirt\u00faa y contradice frontalmente los pilares que me motivaron a respaldar a Milei&#8221;, subray\u00f3.<\/h3>\n<h3>Barrionuevo dej\u00f3 en claro adem\u00e1s que no compartir\u00e1 &#8220;un mismo esfuerzo pol\u00edtico con alguien que es la encarnaci\u00f3n del castigo al pueblo trabajador, como lo demostr\u00f3 en sus reiterados pasos por el poder&#8221;, en referencia a la titular del PRO, y explic\u00f3: &#8220;Por estas razones, y pese a todo lo que promet\u00eda ser un nuevo futuro para la Argentina, tomo la firme decisi\u00f3n de desvincularme de esta nueva alianza&#8221;.<\/h3>\n<h3>&#8220;Mi lealtad con el bienestar de los trabajadores es absoluta, y cada decisi\u00f3n que tomo se gu\u00eda por la transparencia y la necesidad de ofrecer a los argentinos coherencia y verdad&#8221;, plante\u00f3.<\/h3>\n<h3>En otro pasaje del mensaje tom\u00f3 distancia de la campa\u00f1a de Juntos por el Cambio al remarcar que &#8220;es fundamental que se entienda: la patria no est\u00e1 en peligro. La patria somos todos nosotros, argentinos perseverantes, que d\u00eda a d\u00eda luchamos por salir adelante frente a los innumerables desaf\u00edos de nuestro pa\u00eds&#8221;.<\/h3>\n<h3>&#8220;Argentina necesita una reforma laboral que proteja a los trabajadores y sus organizaciones&#8221;, pidi\u00f3, y remarc\u00f3: &#8220;Es crucial subrayar que ning\u00fan plan de gobierno debe enfocarse en suprimir al adversario&#8221;.<\/h3>\n<h3>En declaraciones televisivas, el referente de de los gastron\u00f3micos plante\u00f3 que cre\u00eda en el proyecto de Milei, pero remarc\u00f3 que &#8220;bajo ning\u00fan punto de vista puede estar en un lugar donde Mauricio Macri lo lleva a \u00e9l [Milei] como a Patricia [Bullrich] a romper con Cambiemos y a romper todo&#8221;.<\/h3>\n<h3>&#8220;Si hab\u00eda un acuerdo era con todas las fuerzas pol\u00edticas de Cambiemos, no de la manera trasnochada en la que lo hizo. Es una maniobra de Macri que ya la hizo en capital, le ganaron a Mart\u00edn Lousteau por un punto y no lo tienen en consideraci\u00f3n, lo que quiere decir es que va camino a crear un nuevo partido y lo utiliza a Milei&#8221;, describi\u00f3 Barrionuevo.<\/h3>\n<p>&nbsp;<\/p>\n<p>&nbsp;<\/p>\n<p>&nbsp;<\/p>\n<p>&nbsp;<\/p>\n","protected":false},"excerpt":{"rendered":"<p>El dirigente sindical, Luis Barrionuevo, hizo p\u00fablica la ruptura de relaciones con el candidato de&#8230;<\/p>\n","protected":false},"author":1,"featured_media":5888,"comment_status":"closed","ping_status":"closed","sticky":false,"template":"","format":"standard","meta":{"footnotes":""},"categories":[5],"tags":[],"class_list":["post-5882","post","type-post","status-publish","format-standard","has-post-thumbnail","hentry","category-nacionales-internacionales"],"yoast_head":"<!-- This site is optimized with the Yoast SEO plugin v26.1.1 - https:\/\/yoast.com\/wordpress\/plugins\/seo\/ -->\n<title>BARRIONUEVO LE RETIR\u00d3 SU APOYO A MILEI, TRAS EL ACUERDO CON MACRI Y BULLRICH&quot; - Apuntes de San Luis<\/title>\n<meta name=\"robots\" content=\"index, follow, max-snippet:-1, max-image-preview:large, max-video-preview:-1\" \/>\n<link rel=\"canonical\" href=\"https:\/\/apuntesdesanluis.com\/index.php\/2023\/10\/26\/barrionuevo-le-retiro-su-apoyo-a-milei-tras-el-acuerdo-con-macri-y-bullrich\/\" \/>\n<meta property=\"og:locale\" content=\"es_ES\" \/>\n<meta property=\"og:type\" content=\"article\" \/>\n<meta property=\"og:title\" content=\"BARRIONUEVO LE RETIR\u00d3 SU APOYO A MILEI, TRAS EL ACUERDO CON MACRI Y BULLRICH&quot; - Apuntes de San Luis\" \/>\n<meta property=\"og:description\" content=\"El dirigente sindical, Luis Barrionuevo, hizo p\u00fablica la ruptura de relaciones con el candidato de...\" \/>\n<meta property=\"og:url\" content=\"https:\/\/apuntesdesanluis.com\/index.php\/2023\/10\/26\/barrionuevo-le-retiro-su-apoyo-a-milei-tras-el-acuerdo-con-macri-y-bullrich\/\" \/>\n<meta property=\"og:site_name\" content=\"Apuntes de San Luis\" \/>\n<meta property=\"article:published_time\" content=\"2023-10-26T16:50:34+00:00\" \/>\n<meta property=\"article:modified_time\" content=\"2023-10-26T17:30:05+00:00\" \/>\n<meta property=\"og:image\" content=\"https:\/\/apuntesdesanluis.com\/wp-content\/uploads\/2023\/10\/MILEI-BARRIONUEVO.png\" \/>\n\t<meta property=\"og:image:width\" content=\"600\" \/>\n\t<meta property=\"og:image:height\" content=\"345\" \/>\n\t<meta property=\"og:image:type\" content=\"image\/png\" \/>\n<meta name=\"author\" content=\"apuntesdesanluis.com\" \/>\n<meta name=\"twitter:card\" content=\"summary_large_image\" \/>\n<meta name=\"twitter:label1\" content=\"Escrito por\" \/>\n\t<meta name=\"twitter:data1\" content=\"apuntesdesanluis.com\" \/>\n\t<meta name=\"twitter:label2\" content=\"Tiempo de lectura\" \/>\n\t<meta name=\"twitter:data2\" content=\"3 minutos\" \/>\n<script type=\"application\/ld+json\" class=\"yoast-schema-graph\">{\"@context\":\"https:\/\/schema.org\",\"@graph\":[{\"@type\":\"Article\",\"@id\":\"https:\/\/apuntesdesanluis.com\/index.php\/2023\/10\/26\/barrionuevo-le-retiro-su-apoyo-a-milei-tras-el-acuerdo-con-macri-y-bullrich\/#article\",\"isPartOf\":{\"@id\":\"https:\/\/apuntesdesanluis.com\/index.php\/2023\/10\/26\/barrionuevo-le-retiro-su-apoyo-a-milei-tras-el-acuerdo-con-macri-y-bullrich\/\"},\"author\":{\"name\":\"apuntesdesanluis.com\",\"@id\":\"https:\/\/apuntesdesanluis.com\/#\/schema\/person\/b55151d52296fcce64d1a72538a70b90\"},\"headline\":\"BARRIONUEVO LE RETIR\u00d3 SU APOYO A MILEI, TRAS EL ACUERDO CON MACRI Y BULLRICH&#8221;\",\"datePublished\":\"2023-10-26T16:50:34+00:00\",\"dateModified\":\"2023-10-26T17:30:05+00:00\",\"mainEntityOfPage\":{\"@id\":\"https:\/\/apuntesdesanluis.com\/index.php\/2023\/10\/26\/barrionuevo-le-retiro-su-apoyo-a-milei-tras-el-acuerdo-con-macri-y-bullrich\/\"},\"wordCount\":641,\"publisher\":{\"@id\":\"https:\/\/apuntesdesanluis.com\/#\/schema\/person\/b55151d52296fcce64d1a72538a70b90\"},\"image\":{\"@id\":\"https:\/\/apuntesdesanluis.com\/index.php\/2023\/10\/26\/barrionuevo-le-retiro-su-apoyo-a-milei-tras-el-acuerdo-con-macri-y-bullrich\/#primaryimage\"},\"thumbnailUrl\":\"https:\/\/apuntesdesanluis.com\/wp-content\/uploads\/2023\/10\/MILEI-BARRIONUEVO.png\",\"articleSection\":[\"Nacionales\/Internacionales\"],\"inLanguage\":\"es-AR\"},{\"@type\":\"WebPage\",\"@id\":\"https:\/\/apuntesdesanluis.com\/index.php\/2023\/10\/26\/barrionuevo-le-retiro-su-apoyo-a-milei-tras-el-acuerdo-con-macri-y-bullrich\/\",\"url\":\"https:\/\/apuntesdesanluis.com\/index.php\/2023\/10\/26\/barrionuevo-le-retiro-su-apoyo-a-milei-tras-el-acuerdo-con-macri-y-bullrich\/\",\"name\":\"BARRIONUEVO LE RETIR\u00d3 SU APOYO A MILEI, TRAS EL ACUERDO CON MACRI Y BULLRICH\\\" - Apuntes de San Luis\",\"isPartOf\":{\"@id\":\"https:\/\/apuntesdesanluis.com\/#website\"},\"primaryImageOfPage\":{\"@id\":\"https:\/\/apuntesdesanluis.com\/index.php\/2023\/10\/26\/barrionuevo-le-retiro-su-apoyo-a-milei-tras-el-acuerdo-con-macri-y-bullrich\/#primaryimage\"},\"image\":{\"@id\":\"https:\/\/apuntesdesanluis.com\/index.php\/2023\/10\/26\/barrionuevo-le-retiro-su-apoyo-a-milei-tras-el-acuerdo-con-macri-y-bullrich\/#primaryimage\"},\"thumbnailUrl\":\"https:\/\/apuntesdesanluis.com\/wp-content\/uploads\/2023\/10\/MILEI-BARRIONUEVO.png\",\"datePublished\":\"2023-10-26T16:50:34+00:00\",\"dateModified\":\"2023-10-26T17:30:05+00:00\",\"breadcrumb\":{\"@id\":\"https:\/\/apuntesdesanluis.com\/index.php\/2023\/10\/26\/barrionuevo-le-retiro-su-apoyo-a-milei-tras-el-acuerdo-con-macri-y-bullrich\/#breadcrumb\"},\"inLanguage\":\"es-AR\",\"potentialAction\":[{\"@type\":\"ReadAction\",\"target\":[\"https:\/\/apuntesdesanluis.com\/index.php\/2023\/10\/26\/barrionuevo-le-retiro-su-apoyo-a-milei-tras-el-acuerdo-con-macri-y-bullrich\/\"]}]},{\"@type\":\"ImageObject\",\"inLanguage\":\"es-AR\",\"@id\":\"https:\/\/apuntesdesanluis.com\/index.php\/2023\/10\/26\/barrionuevo-le-retiro-su-apoyo-a-milei-tras-el-acuerdo-con-macri-y-bullrich\/#primaryimage\",\"url\":\"https:\/\/apuntesdesanluis.com\/wp-content\/uploads\/2023\/10\/MILEI-BARRIONUEVO.png\",\"contentUrl\":\"https:\/\/apuntesdesanluis.com\/wp-content\/uploads\/2023\/10\/MILEI-BARRIONUEVO.png\",\"width\":600,\"height\":345},{\"@type\":\"BreadcrumbList\",\"@id\":\"https:\/\/apuntesdesanluis.com\/index.php\/2023\/10\/26\/barrionuevo-le-retiro-su-apoyo-a-milei-tras-el-acuerdo-con-macri-y-bullrich\/#breadcrumb\",\"itemListElement\":[{\"@type\":\"ListItem\",\"position\":1,\"name\":\"Inicio\",\"item\":\"https:\/\/apuntesdesanluis.com\/\"},{\"@type\":\"ListItem\",\"position\":2,\"name\":\"BARRIONUEVO LE RETIR\u00d3 SU APOYO A MILEI, TRAS EL ACUERDO CON MACRI Y BULLRICH&#8221;\"}]},{\"@type\":\"WebSite\",\"@id\":\"https:\/\/apuntesdesanluis.com\/#website\",\"url\":\"https:\/\/apuntesdesanluis.com\/\",\"name\":\"Apuntes de San Luis\",\"description\":\"\",\"publisher\":{\"@id\":\"https:\/\/apuntesdesanluis.com\/#\/schema\/person\/b55151d52296fcce64d1a72538a70b90\"},\"potentialAction\":[{\"@type\":\"SearchAction\",\"target\":{\"@type\":\"EntryPoint\",\"urlTemplate\":\"https:\/\/apuntesdesanluis.com\/?s={search_term_string}\"},\"query-input\":{\"@type\":\"PropertyValueSpecification\",\"valueRequired\":true,\"valueName\":\"search_term_string\"}}],\"inLanguage\":\"es-AR\"},{\"@type\":[\"Person\",\"Organization\"],\"@id\":\"https:\/\/apuntesdesanluis.com\/#\/schema\/person\/b55151d52296fcce64d1a72538a70b90\",\"name\":\"apuntesdesanluis.com\",\"image\":{\"@type\":\"ImageObject\",\"inLanguage\":\"es-AR\",\"@id\":\"https:\/\/apuntesdesanluis.com\/#\/schema\/person\/image\/\",\"url\":\"https:\/\/apuntesdesanluis.com\/wp-content\/uploads\/2023\/07\/cropped-apuntesdesanluis.png\",\"contentUrl\":\"https:\/\/apuntesdesanluis.com\/wp-content\/uploads\/2023\/07\/cropped-apuntesdesanluis.png\",\"width\":450,\"height\":112,\"caption\":\"apuntesdesanluis.com\"},\"logo\":{\"@id\":\"https:\/\/apuntesdesanluis.com\/#\/schema\/person\/image\/\"},\"sameAs\":[\"https:\/\/apuntesdesanluis.com\"],\"url\":\"https:\/\/apuntesdesanluis.com\/index.php\/author\/apuntesdesanluis-com\/\"}]}<\/script>\n<!-- \/ Yoast SEO plugin. -->","yoast_head_json":{"title":"BARRIONUEVO LE RETIR\u00d3 SU APOYO A MILEI, TRAS EL ACUERDO CON MACRI Y BULLRICH\" - Apuntes de San Luis","robots":{"index":"index","follow":"follow","max-snippet":"max-snippet:-1","max-image-preview":"max-image-preview:large","max-video-preview":"max-video-preview:-1"},"canonical":"https:\/\/apuntesdesanluis.com\/index.php\/2023\/10\/26\/barrionuevo-le-retiro-su-apoyo-a-milei-tras-el-acuerdo-con-macri-y-bullrich\/","og_locale":"es_ES","og_type":"article","og_title":"BARRIONUEVO LE RETIR\u00d3 SU APOYO A MILEI, TRAS EL ACUERDO CON MACRI Y BULLRICH\" - Apuntes de San Luis","og_description":"El dirigente sindical, Luis Barrionuevo, hizo p\u00fablica la ruptura de relaciones con el candidato de...","og_url":"https:\/\/apuntesdesanluis.com\/index.php\/2023\/10\/26\/barrionuevo-le-retiro-su-apoyo-a-milei-tras-el-acuerdo-con-macri-y-bullrich\/","og_site_name":"Apuntes de San Luis","article_published_time":"2023-10-26T16:50:34+00:00","article_modified_time":"2023-10-26T17:30:05+00:00","og_image":[{"width":600,"height":345,"url":"https:\/\/apuntesdesanluis.com\/wp-content\/uploads\/2023\/10\/MILEI-BARRIONUEVO.png","type":"image\/png"}],"author":"apuntesdesanluis.com","twitter_card":"summary_large_image","twitter_misc":{"Escrito por":"apuntesdesanluis.com","Tiempo de lectura":"3 minutos"},"schema":{"@context":"https:\/\/schema.org","@graph":[{"@type":"Article","@id":"https:\/\/apuntesdesanluis.com\/index.php\/2023\/10\/26\/barrionuevo-le-retiro-su-apoyo-a-milei-tras-el-acuerdo-con-macri-y-bullrich\/#article","isPartOf":{"@id":"https:\/\/apuntesdesanluis.com\/index.php\/2023\/10\/26\/barrionuevo-le-retiro-su-apoyo-a-milei-tras-el-acuerdo-con-macri-y-bullrich\/"},"author":{"name":"apuntesdesanluis.com","@id":"https:\/\/apuntesdesanluis.com\/#\/schema\/person\/b55151d52296fcce64d1a72538a70b90"},"headline":"BARRIONUEVO LE RETIR\u00d3 SU APOYO A MILEI, TRAS EL ACUERDO CON MACRI Y BULLRICH&#8221;","datePublished":"2023-10-26T16:50:34+00:00","dateModified":"2023-10-26T17:30:05+00:00","mainEntityOfPage":{"@id":"https:\/\/apuntesdesanluis.com\/index.php\/2023\/10\/26\/barrionuevo-le-retiro-su-apoyo-a-milei-tras-el-acuerdo-con-macri-y-bullrich\/"},"wordCount":641,"publisher":{"@id":"https:\/\/apuntesdesanluis.com\/#\/schema\/person\/b55151d52296fcce64d1a72538a70b90"},"image":{"@id":"https:\/\/apuntesdesanluis.com\/index.php\/2023\/10\/26\/barrionuevo-le-retiro-su-apoyo-a-milei-tras-el-acuerdo-con-macri-y-bullrich\/#primaryimage"},"thumbnailUrl":"https:\/\/apuntesdesanluis.com\/wp-content\/uploads\/2023\/10\/MILEI-BARRIONUEVO.png","articleSection":["Nacionales\/Internacionales"],"inLanguage":"es-AR"},{"@type":"WebPage","@id":"https:\/\/apuntesdesanluis.com\/index.php\/2023\/10\/26\/barrionuevo-le-retiro-su-apoyo-a-milei-tras-el-acuerdo-con-macri-y-bullrich\/","url":"https:\/\/apuntesdesanluis.com\/index.php\/2023\/10\/26\/barrionuevo-le-retiro-su-apoyo-a-milei-tras-el-acuerdo-con-macri-y-bullrich\/","name":"BARRIONUEVO LE RETIR\u00d3 SU APOYO A MILEI, TRAS EL ACUERDO CON MACRI Y BULLRICH\" - Apuntes de San Luis","isPartOf":{"@id":"https:\/\/apuntesdesanluis.com\/#website"},"primaryImageOfPage":{"@id":"https:\/\/apuntesdesanluis.com\/index.php\/2023\/10\/26\/barrionuevo-le-retiro-su-apoyo-a-milei-tras-el-acuerdo-con-macri-y-bullrich\/#primaryimage"},"image":{"@id":"https:\/\/apuntesdesanluis.com\/index.php\/2023\/10\/26\/barrionuevo-le-retiro-su-apoyo-a-milei-tras-el-acuerdo-con-macri-y-bullrich\/#primaryimage"},"thumbnailUrl":"https:\/\/apuntesdesanluis.com\/wp-content\/uploads\/2023\/10\/MILEI-BARRIONUEVO.png","datePublished":"2023-10-26T16:50:34+00:00","dateModified":"2023-10-26T17:30:05+00:00","breadcrumb":{"@id":"https:\/\/apuntesdesanluis.com\/index.php\/2023\/10\/26\/barrionuevo-le-retiro-su-apoyo-a-milei-tras-el-acuerdo-con-macri-y-bullrich\/#breadcrumb"},"inLanguage":"es-AR","potentialAction":[{"@type":"ReadAction","target":["https:\/\/apuntesdesanluis.com\/index.php\/2023\/10\/26\/barrionuevo-le-retiro-su-apoyo-a-milei-tras-el-acuerdo-con-macri-y-bullrich\/"]}]},{"@type":"ImageObject","inLanguage":"es-AR","@id":"https:\/\/apuntesdesanluis.com\/index.php\/2023\/10\/26\/barrionuevo-le-retiro-su-apoyo-a-milei-tras-el-acuerdo-con-macri-y-bullrich\/#primaryimage","url":"https:\/\/apuntesdesanluis.com\/wp-content\/uploads\/2023\/10\/MILEI-BARRIONUEVO.png","contentUrl":"https:\/\/apuntesdesanluis.com\/wp-content\/uploads\/2023\/10\/MILEI-BARRIONUEVO.png","width":600,"height":345},{"@type":"BreadcrumbList","@id":"https:\/\/apuntesdesanluis.com\/index.php\/2023\/10\/26\/barrionuevo-le-retiro-su-apoyo-a-milei-tras-el-acuerdo-con-macri-y-bullrich\/#breadcrumb","itemListElement":[{"@type":"ListItem","position":1,"name":"Inicio","item":"https:\/\/apuntesdesanluis.com\/"},{"@type":"ListItem","position":2,"name":"BARRIONUEVO LE RETIR\u00d3 SU APOYO A MILEI, TRAS EL ACUERDO CON MACRI Y BULLRICH&#8221;"}]},{"@type":"WebSite","@id":"https:\/\/apuntesdesanluis.com\/#website","url":"https:\/\/apuntesdesanluis.com\/","name":"Apuntes de San Luis","description":"","publisher":{"@id":"https:\/\/apuntesdesanluis.com\/#\/schema\/person\/b55151d52296fcce64d1a72538a70b90"},"potentialAction":[{"@type":"SearchAction","target":{"@type":"EntryPoint","urlTemplate":"https:\/\/apuntesdesanluis.com\/?s={search_term_string}"},"query-input":{"@type":"PropertyValueSpecification","valueRequired":true,"valueName":"search_term_string"}}],"inLanguage":"es-AR"},{"@type":["Person","Organization"],"@id":"https:\/\/apuntesdesanluis.com\/#\/schema\/person\/b55151d52296fcce64d1a72538a70b90","name":"apuntesdesanluis.com","image":{"@type":"ImageObject","inLanguage":"es-AR","@id":"https:\/\/apuntesdesanluis.com\/#\/schema\/person\/image\/","url":"https:\/\/apuntesdesanluis.com\/wp-content\/uploads\/2023\/07\/cropped-apuntesdesanluis.png","contentUrl":"https:\/\/apuntesdesanluis.com\/wp-content\/uploads\/2023\/07\/cropped-apuntesdesanluis.png","width":450,"height":112,"caption":"apuntesdesanluis.com"},"logo":{"@id":"https:\/\/apuntesdesanluis.com\/#\/schema\/person\/image\/"},"sameAs":["https:\/\/apuntesdesanluis.com"],"url":"https:\/\/apuntesdesanluis.com\/index.php\/author\/apuntesdesanluis-com\/"}]}},"featured_image_urls":{"full":["https:\/\/apuntesdesanluis.com\/wp-content\/uploads\/2023\/10\/MILEI-BARRIONUEVO.png",600,345,false],"thumbnail":["https:\/\/apuntesdesanluis.com\/wp-content\/uploads\/2023\/10\/MILEI-BARRIONUEVO-150x150.png",150,150,true],"medium":["https:\/\/apuntesdesanluis.com\/wp-content\/uploads\/2023\/10\/MILEI-BARRIONUEVO-300x173.png",300,173,true],"medium_large":["https:\/\/apuntesdesanluis.com\/wp-content\/uploads\/2023\/10\/MILEI-BARRIONUEVO.png",600,345,false],"large":["https:\/\/apuntesdesanluis.com\/wp-content\/uploads\/2023\/10\/MILEI-BARRIONUEVO.png",600,345,false],"1536x1536":["https:\/\/apuntesdesanluis.com\/wp-content\/uploads\/2023\/10\/MILEI-BARRIONUEVO.png",600,345,false],"2048x2048":["https:\/\/apuntesdesanluis.com\/wp-content\/uploads\/2023\/10\/MILEI-BARRIONUEVO.png",600,345,false],"newsever-slider-full":["https:\/\/apuntesdesanluis.com\/wp-content\/uploads\/2023\/10\/MILEI-BARRIONUEVO.png",600,345,false],"newsever-featured":["https:\/\/apuntesdesanluis.com\/wp-content\/uploads\/2023\/10\/MILEI-BARRIONUEVO.png",600,345,false],"newsever-medium":["https:\/\/apuntesdesanluis.com\/wp-content\/uploads\/2023\/10\/MILEI-BARRIONUEVO.png",600,345,false]},"author_info":{"display_name":"apuntesdesanluis.com","author_link":"https:\/\/apuntesdesanluis.com\/index.php\/author\/apuntesdesanluis-com\/"},"category_info":"<a href=\"https:\/\/apuntesdesanluis.com\/index.php\/category\/nacionales-internacionales\/\" rel=\"category tag\">Nacionales\/Internacionales<\/a>","tag_info":"Nacionales\/Internacionales","comment_count":"0","_links":{"self":[{"href":"https:\/\/apuntesdesanluis.com\/index.php\/wp-json\/wp\/v2\/posts\/5882","targetHints":{"allow":["GET"]}}],"collection":[{"href":"https:\/\/apuntesdesanluis.com\/index.php\/wp-json\/wp\/v2\/posts"}],"about":[{"href":"https:\/\/apuntesdesanluis.com\/index.php\/wp-json\/wp\/v2\/types\/post"}],"author":[{"embeddable":true,"href":"https:\/\/apuntesdesanluis.com\/index.php\/wp-json\/wp\/v2\/users\/1"}],"replies":[{"embeddable":true,"href":"https:\/\/apuntesdesanluis.com\/index.php\/wp-json\/wp\/v2\/comments?post=5882"}],"version-history":[{"count":1,"href":"https:\/\/apuntesdesanluis.com\/index.php\/wp-json\/wp\/v2\/posts\/5882\/revisions"}],"predecessor-version":[{"id":5883,"href":"https:\/\/apuntesdesanluis.com\/index.php\/wp-json\/wp\/v2\/posts\/5882\/revisions\/5883"}],"wp:featuredmedia":[{"embeddable":true,"href":"https:\/\/apuntesdesanluis.com\/index.php\/wp-json\/wp\/v2\/media\/5888"}],"wp:attachment":[{"href":"https:\/\/apuntesdesanluis.com\/index.php\/wp-json\/wp\/v2\/media?parent=5882"}],"wp:term":[{"taxonomy":"category","embeddable":true,"href":"https:\/\/apuntesdesanluis.com\/index.php\/wp-json\/wp\/v2\/categories?post=5882"},{"taxonomy":"post_tag","embeddable":true,"href":"https:\/\/apuntesdesanluis.com\/index.php\/wp-json\/wp\/v2\/tags?post=5882"}],"curies":[{"name":"wp","href":"https:\/\/api.w.org\/{rel}","templated":true}]}}