{"id":5895,"date":"2023-10-26T20:22:59","date_gmt":"2023-10-26T23:22:59","guid":{"rendered":"https:\/\/apuntesdesanluis.com\/?p=5895"},"modified":"2023-10-26T20:22:59","modified_gmt":"2023-10-26T23:22:59","slug":"los-empleados-de-comercio-acordaron-una-suba-salarial-trimestral-del-47","status":"publish","type":"post","link":"https:\/\/apuntesdesanluis.com\/index.php\/2023\/10\/26\/los-empleados-de-comercio-acordaron-una-suba-salarial-trimestral-del-47\/","title":{"rendered":"LOS EMPLEADOS DE COMERCIO ACORDARON UNA SUBA SALARIAL TRIMESTRAL DEL 47%"},"content":{"rendered":"<h3>El aumento ser\u00e1 escalonado y se terminar\u00e1 de aplicar en diciembre. Ese mismo mes, habr\u00e1 una nueva reuni\u00f3n para revisar el acuerdo.<\/h3>\n<h3>Los empleados de comercio y las c\u00e1maras que agrupan al sector empresario firmaron un acuerdo paritario trimestral (octubre-diciembre 2023) con un incremento del 47% (20% en octubre, 13,5% en noviembre y 13,5% diciembre). De esta manera el salario b\u00e1sico alcanzar\u00e1 el piso de $397.400 m\u00e1s adicionales, luego de haberse ejecutado los tres ajustes. Asimismo, se acord\u00f3 realizar una nueva reuni\u00f3n en diciembre.<\/h3>\n<h3>El convenio fue firmado por la Federaci\u00f3n Argentina de Empleados de Comercio y Servicios (Faecys) y la C\u00e1mara Argentina de Comercio (CAC), la Confederaci\u00f3n de la Mediana Empresa (CAME) y la Uni\u00f3n de Entidades Comerciales (Udeca),<\/h3>\n<h3>Al respecto, Armando Cavalieri, secretario general de Faecys, destac\u00f3: \u201cEstos acuerdos trimestrales nos permiten estar m\u00e1s en sinton\u00eda con el incremento de los precios, y de esta manera, contribuimos a fortalecer el poder adquisitivo de los empleados de Comercio, garantizar su bienestar econ\u00f3mico en un entorno marcado por la fluctuaci\u00f3n de los costos y la constante evoluci\u00f3n de la econom\u00eda\u201d.<\/h3>\n<h3>Es importante aclarar que el acuerdo salarial que se firm\u00f3 en el Ministerio de Trabajo corresponde a una revisi\u00f3n de la paritaria de Comercio, que va de abril 2023 a marzo 2024.<\/h3>\n","protected":false},"excerpt":{"rendered":"<p>El aumento ser\u00e1 escalonado y se terminar\u00e1 de aplicar en diciembre. Ese mismo mes, habr\u00e1&#8230;<\/p>\n","protected":false},"author":1,"featured_media":5896,"comment_status":"closed","ping_status":"closed","sticky":false,"template":"","format":"standard","meta":{"footnotes":""},"categories":[5],"tags":[],"class_list":["post-5895","post","type-post","status-publish","format-standard","has-post-thumbnail","hentry","category-nacionales-internacionales"],"yoast_head":"<!-- This site is optimized with the Yoast SEO plugin v26.1.1 - https:\/\/yoast.com\/wordpress\/plugins\/seo\/ -->\n<title>LOS EMPLEADOS DE COMERCIO ACORDARON UNA SUBA SALARIAL TRIMESTRAL DEL 47% - Apuntes de San Luis<\/title>\n<meta name=\"robots\" content=\"index, follow, max-snippet:-1, max-image-preview:large, max-video-preview:-1\" \/>\n<link rel=\"canonical\" href=\"https:\/\/apuntesdesanluis.com\/index.php\/2023\/10\/26\/los-empleados-de-comercio-acordaron-una-suba-salarial-trimestral-del-47\/\" \/>\n<meta property=\"og:locale\" content=\"es_ES\" \/>\n<meta property=\"og:type\" content=\"article\" \/>\n<meta property=\"og:title\" content=\"LOS EMPLEADOS DE COMERCIO ACORDARON UNA SUBA SALARIAL TRIMESTRAL DEL 47% - Apuntes de San Luis\" \/>\n<meta property=\"og:description\" content=\"El aumento ser\u00e1 escalonado y se terminar\u00e1 de aplicar en diciembre. Ese mismo mes, habr\u00e1...\" \/>\n<meta property=\"og:url\" content=\"https:\/\/apuntesdesanluis.com\/index.php\/2023\/10\/26\/los-empleados-de-comercio-acordaron-una-suba-salarial-trimestral-del-47\/\" \/>\n<meta property=\"og:site_name\" content=\"Apuntes de San Luis\" \/>\n<meta property=\"article:published_time\" content=\"2023-10-26T23:22:59+00:00\" \/>\n<meta property=\"og:image\" content=\"https:\/\/apuntesdesanluis.com\/wp-content\/uploads\/2023\/10\/cavalieri-olmos.png\" \/>\n\t<meta property=\"og:image:width\" content=\"760\" \/>\n\t<meta property=\"og:image:height\" content=\"479\" \/>\n\t<meta property=\"og:image:type\" content=\"image\/png\" \/>\n<meta name=\"author\" content=\"apuntesdesanluis.com\" \/>\n<meta name=\"twitter:card\" content=\"summary_large_image\" \/>\n<meta name=\"twitter:label1\" content=\"Escrito por\" \/>\n\t<meta name=\"twitter:data1\" content=\"apuntesdesanluis.com\" \/>\n\t<meta name=\"twitter:label2\" content=\"Tiempo de lectura\" \/>\n\t<meta name=\"twitter:data2\" content=\"1 minuto\" \/>\n<script type=\"application\/ld+json\" class=\"yoast-schema-graph\">{\"@context\":\"https:\/\/schema.org\",\"@graph\":[{\"@type\":\"Article\",\"@id\":\"https:\/\/apuntesdesanluis.com\/index.php\/2023\/10\/26\/los-empleados-de-comercio-acordaron-una-suba-salarial-trimestral-del-47\/#article\",\"isPartOf\":{\"@id\":\"https:\/\/apuntesdesanluis.com\/index.php\/2023\/10\/26\/los-empleados-de-comercio-acordaron-una-suba-salarial-trimestral-del-47\/\"},\"author\":{\"name\":\"apuntesdesanluis.com\",\"@id\":\"https:\/\/apuntesdesanluis.com\/#\/schema\/person\/b55151d52296fcce64d1a72538a70b90\"},\"headline\":\"LOS EMPLEADOS DE COMERCIO ACORDARON UNA SUBA SALARIAL TRIMESTRAL DEL 47%\",\"datePublished\":\"2023-10-26T23:22:59+00:00\",\"mainEntityOfPage\":{\"@id\":\"https:\/\/apuntesdesanluis.com\/index.php\/2023\/10\/26\/los-empleados-de-comercio-acordaron-una-suba-salarial-trimestral-del-47\/\"},\"wordCount\":230,\"publisher\":{\"@id\":\"https:\/\/apuntesdesanluis.com\/#\/schema\/person\/b55151d52296fcce64d1a72538a70b90\"},\"image\":{\"@id\":\"https:\/\/apuntesdesanluis.com\/index.php\/2023\/10\/26\/los-empleados-de-comercio-acordaron-una-suba-salarial-trimestral-del-47\/#primaryimage\"},\"thumbnailUrl\":\"https:\/\/apuntesdesanluis.com\/wp-content\/uploads\/2023\/10\/cavalieri-olmos.png\",\"articleSection\":[\"Nacionales\/Internacionales\"],\"inLanguage\":\"es-AR\"},{\"@type\":\"WebPage\",\"@id\":\"https:\/\/apuntesdesanluis.com\/index.php\/2023\/10\/26\/los-empleados-de-comercio-acordaron-una-suba-salarial-trimestral-del-47\/\",\"url\":\"https:\/\/apuntesdesanluis.com\/index.php\/2023\/10\/26\/los-empleados-de-comercio-acordaron-una-suba-salarial-trimestral-del-47\/\",\"name\":\"LOS EMPLEADOS DE COMERCIO ACORDARON UNA SUBA SALARIAL TRIMESTRAL DEL 47% - Apuntes de San Luis\",\"isPartOf\":{\"@id\":\"https:\/\/apuntesdesanluis.com\/#website\"},\"primaryImageOfPage\":{\"@id\":\"https:\/\/apuntesdesanluis.com\/index.php\/2023\/10\/26\/los-empleados-de-comercio-acordaron-una-suba-salarial-trimestral-del-47\/#primaryimage\"},\"image\":{\"@id\":\"https:\/\/apuntesdesanluis.com\/index.php\/2023\/10\/26\/los-empleados-de-comercio-acordaron-una-suba-salarial-trimestral-del-47\/#primaryimage\"},\"thumbnailUrl\":\"https:\/\/apuntesdesanluis.com\/wp-content\/uploads\/2023\/10\/cavalieri-olmos.png\",\"datePublished\":\"2023-10-26T23:22:59+00:00\",\"breadcrumb\":{\"@id\":\"https:\/\/apuntesdesanluis.com\/index.php\/2023\/10\/26\/los-empleados-de-comercio-acordaron-una-suba-salarial-trimestral-del-47\/#breadcrumb\"},\"inLanguage\":\"es-AR\",\"potentialAction\":[{\"@type\":\"ReadAction\",\"target\":[\"https:\/\/apuntesdesanluis.com\/index.php\/2023\/10\/26\/los-empleados-de-comercio-acordaron-una-suba-salarial-trimestral-del-47\/\"]}]},{\"@type\":\"ImageObject\",\"inLanguage\":\"es-AR\",\"@id\":\"https:\/\/apuntesdesanluis.com\/index.php\/2023\/10\/26\/los-empleados-de-comercio-acordaron-una-suba-salarial-trimestral-del-47\/#primaryimage\",\"url\":\"https:\/\/apuntesdesanluis.com\/wp-content\/uploads\/2023\/10\/cavalieri-olmos.png\",\"contentUrl\":\"https:\/\/apuntesdesanluis.com\/wp-content\/uploads\/2023\/10\/cavalieri-olmos.png\",\"width\":760,\"height\":479},{\"@type\":\"BreadcrumbList\",\"@id\":\"https:\/\/apuntesdesanluis.com\/index.php\/2023\/10\/26\/los-empleados-de-comercio-acordaron-una-suba-salarial-trimestral-del-47\/#breadcrumb\",\"itemListElement\":[{\"@type\":\"ListItem\",\"position\":1,\"name\":\"Inicio\",\"item\":\"https:\/\/apuntesdesanluis.com\/\"},{\"@type\":\"ListItem\",\"position\":2,\"name\":\"LOS EMPLEADOS DE COMERCIO ACORDARON UNA SUBA SALARIAL TRIMESTRAL DEL 47%\"}]},{\"@type\":\"WebSite\",\"@id\":\"https:\/\/apuntesdesanluis.com\/#website\",\"url\":\"https:\/\/apuntesdesanluis.com\/\",\"name\":\"Apuntes de San Luis\",\"description\":\"\",\"publisher\":{\"@id\":\"https:\/\/apuntesdesanluis.com\/#\/schema\/person\/b55151d52296fcce64d1a72538a70b90\"},\"potentialAction\":[{\"@type\":\"SearchAction\",\"target\":{\"@type\":\"EntryPoint\",\"urlTemplate\":\"https:\/\/apuntesdesanluis.com\/?s={search_term_string}\"},\"query-input\":{\"@type\":\"PropertyValueSpecification\",\"valueRequired\":true,\"valueName\":\"search_term_string\"}}],\"inLanguage\":\"es-AR\"},{\"@type\":[\"Person\",\"Organization\"],\"@id\":\"https:\/\/apuntesdesanluis.com\/#\/schema\/person\/b55151d52296fcce64d1a72538a70b90\",\"name\":\"apuntesdesanluis.com\",\"image\":{\"@type\":\"ImageObject\",\"inLanguage\":\"es-AR\",\"@id\":\"https:\/\/apuntesdesanluis.com\/#\/schema\/person\/image\/\",\"url\":\"https:\/\/apuntesdesanluis.com\/wp-content\/uploads\/2023\/07\/cropped-apuntesdesanluis.png\",\"contentUrl\":\"https:\/\/apuntesdesanluis.com\/wp-content\/uploads\/2023\/07\/cropped-apuntesdesanluis.png\",\"width\":450,\"height\":112,\"caption\":\"apuntesdesanluis.com\"},\"logo\":{\"@id\":\"https:\/\/apuntesdesanluis.com\/#\/schema\/person\/image\/\"},\"sameAs\":[\"https:\/\/apuntesdesanluis.com\"],\"url\":\"https:\/\/apuntesdesanluis.com\/index.php\/author\/apuntesdesanluis-com\/\"}]}<\/script>\n<!-- \/ Yoast SEO plugin. -->","yoast_head_json":{"title":"LOS EMPLEADOS DE COMERCIO ACORDARON UNA SUBA SALARIAL TRIMESTRAL DEL 47% - Apuntes de San Luis","robots":{"index":"index","follow":"follow","max-snippet":"max-snippet:-1","max-image-preview":"max-image-preview:large","max-video-preview":"max-video-preview:-1"},"canonical":"https:\/\/apuntesdesanluis.com\/index.php\/2023\/10\/26\/los-empleados-de-comercio-acordaron-una-suba-salarial-trimestral-del-47\/","og_locale":"es_ES","og_type":"article","og_title":"LOS EMPLEADOS DE COMERCIO ACORDARON UNA SUBA SALARIAL TRIMESTRAL DEL 47% - Apuntes de San Luis","og_description":"El aumento ser\u00e1 escalonado y se terminar\u00e1 de aplicar en diciembre. Ese mismo mes, habr\u00e1...","og_url":"https:\/\/apuntesdesanluis.com\/index.php\/2023\/10\/26\/los-empleados-de-comercio-acordaron-una-suba-salarial-trimestral-del-47\/","og_site_name":"Apuntes de San Luis","article_published_time":"2023-10-26T23:22:59+00:00","og_image":[{"width":760,"height":479,"url":"https:\/\/apuntesdesanluis.com\/wp-content\/uploads\/2023\/10\/cavalieri-olmos.png","type":"image\/png"}],"author":"apuntesdesanluis.com","twitter_card":"summary_large_image","twitter_misc":{"Escrito por":"apuntesdesanluis.com","Tiempo de lectura":"1 minuto"},"schema":{"@context":"https:\/\/schema.org","@graph":[{"@type":"Article","@id":"https:\/\/apuntesdesanluis.com\/index.php\/2023\/10\/26\/los-empleados-de-comercio-acordaron-una-suba-salarial-trimestral-del-47\/#article","isPartOf":{"@id":"https:\/\/apuntesdesanluis.com\/index.php\/2023\/10\/26\/los-empleados-de-comercio-acordaron-una-suba-salarial-trimestral-del-47\/"},"author":{"name":"apuntesdesanluis.com","@id":"https:\/\/apuntesdesanluis.com\/#\/schema\/person\/b55151d52296fcce64d1a72538a70b90"},"headline":"LOS EMPLEADOS DE COMERCIO ACORDARON UNA SUBA SALARIAL TRIMESTRAL DEL 47%","datePublished":"2023-10-26T23:22:59+00:00","mainEntityOfPage":{"@id":"https:\/\/apuntesdesanluis.com\/index.php\/2023\/10\/26\/los-empleados-de-comercio-acordaron-una-suba-salarial-trimestral-del-47\/"},"wordCount":230,"publisher":{"@id":"https:\/\/apuntesdesanluis.com\/#\/schema\/person\/b55151d52296fcce64d1a72538a70b90"},"image":{"@id":"https:\/\/apuntesdesanluis.com\/index.php\/2023\/10\/26\/los-empleados-de-comercio-acordaron-una-suba-salarial-trimestral-del-47\/#primaryimage"},"thumbnailUrl":"https:\/\/apuntesdesanluis.com\/wp-content\/uploads\/2023\/10\/cavalieri-olmos.png","articleSection":["Nacionales\/Internacionales"],"inLanguage":"es-AR"},{"@type":"WebPage","@id":"https:\/\/apuntesdesanluis.com\/index.php\/2023\/10\/26\/los-empleados-de-comercio-acordaron-una-suba-salarial-trimestral-del-47\/","url":"https:\/\/apuntesdesanluis.com\/index.php\/2023\/10\/26\/los-empleados-de-comercio-acordaron-una-suba-salarial-trimestral-del-47\/","name":"LOS EMPLEADOS DE COMERCIO ACORDARON UNA SUBA SALARIAL TRIMESTRAL DEL 47% - Apuntes de San Luis","isPartOf":{"@id":"https:\/\/apuntesdesanluis.com\/#website"},"primaryImageOfPage":{"@id":"https:\/\/apuntesdesanluis.com\/index.php\/2023\/10\/26\/los-empleados-de-comercio-acordaron-una-suba-salarial-trimestral-del-47\/#primaryimage"},"image":{"@id":"https:\/\/apuntesdesanluis.com\/index.php\/2023\/10\/26\/los-empleados-de-comercio-acordaron-una-suba-salarial-trimestral-del-47\/#primaryimage"},"thumbnailUrl":"https:\/\/apuntesdesanluis.com\/wp-content\/uploads\/2023\/10\/cavalieri-olmos.png","datePublished":"2023-10-26T23:22:59+00:00","breadcrumb":{"@id":"https:\/\/apuntesdesanluis.com\/index.php\/2023\/10\/26\/los-empleados-de-comercio-acordaron-una-suba-salarial-trimestral-del-47\/#breadcrumb"},"inLanguage":"es-AR","potentialAction":[{"@type":"ReadAction","target":["https:\/\/apuntesdesanluis.com\/index.php\/2023\/10\/26\/los-empleados-de-comercio-acordaron-una-suba-salarial-trimestral-del-47\/"]}]},{"@type":"ImageObject","inLanguage":"es-AR","@id":"https:\/\/apuntesdesanluis.com\/index.php\/2023\/10\/26\/los-empleados-de-comercio-acordaron-una-suba-salarial-trimestral-del-47\/#primaryimage","url":"https:\/\/apuntesdesanluis.com\/wp-content\/uploads\/2023\/10\/cavalieri-olmos.png","contentUrl":"https:\/\/apuntesdesanluis.com\/wp-content\/uploads\/2023\/10\/cavalieri-olmos.png","width":760,"height":479},{"@type":"BreadcrumbList","@id":"https:\/\/apuntesdesanluis.com\/index.php\/2023\/10\/26\/los-empleados-de-comercio-acordaron-una-suba-salarial-trimestral-del-47\/#breadcrumb","itemListElement":[{"@type":"ListItem","position":1,"name":"Inicio","item":"https:\/\/apuntesdesanluis.com\/"},{"@type":"ListItem","position":2,"name":"LOS EMPLEADOS DE COMERCIO ACORDARON UNA SUBA SALARIAL TRIMESTRAL DEL 47%"}]},{"@type":"WebSite","@id":"https:\/\/apuntesdesanluis.com\/#website","url":"https:\/\/apuntesdesanluis.com\/","name":"Apuntes de San Luis","description":"","publisher":{"@id":"https:\/\/apuntesdesanluis.com\/#\/schema\/person\/b55151d52296fcce64d1a72538a70b90"},"potentialAction":[{"@type":"SearchAction","target":{"@type":"EntryPoint","urlTemplate":"https:\/\/apuntesdesanluis.com\/?s={search_term_string}"},"query-input":{"@type":"PropertyValueSpecification","valueRequired":true,"valueName":"search_term_string"}}],"inLanguage":"es-AR"},{"@type":["Person","Organization"],"@id":"https:\/\/apuntesdesanluis.com\/#\/schema\/person\/b55151d52296fcce64d1a72538a70b90","name":"apuntesdesanluis.com","image":{"@type":"ImageObject","inLanguage":"es-AR","@id":"https:\/\/apuntesdesanluis.com\/#\/schema\/person\/image\/","url":"https:\/\/apuntesdesanluis.com\/wp-content\/uploads\/2023\/07\/cropped-apuntesdesanluis.png","contentUrl":"https:\/\/apuntesdesanluis.com\/wp-content\/uploads\/2023\/07\/cropped-apuntesdesanluis.png","width":450,"height":112,"caption":"apuntesdesanluis.com"},"logo":{"@id":"https:\/\/apuntesdesanluis.com\/#\/schema\/person\/image\/"},"sameAs":["https:\/\/apuntesdesanluis.com"],"url":"https:\/\/apuntesdesanluis.com\/index.php\/author\/apuntesdesanluis-com\/"}]}},"featured_image_urls":{"full":["https:\/\/apuntesdesanluis.com\/wp-content\/uploads\/2023\/10\/cavalieri-olmos.png",760,479,false],"thumbnail":["https:\/\/apuntesdesanluis.com\/wp-content\/uploads\/2023\/10\/cavalieri-olmos-150x150.png",150,150,true],"medium":["https:\/\/apuntesdesanluis.com\/wp-content\/uploads\/2023\/10\/cavalieri-olmos-300x189.png",300,189,true],"medium_large":["https:\/\/apuntesdesanluis.com\/wp-content\/uploads\/2023\/10\/cavalieri-olmos.png",640,403,false],"large":["https:\/\/apuntesdesanluis.com\/wp-content\/uploads\/2023\/10\/cavalieri-olmos.png",640,403,false],"1536x1536":["https:\/\/apuntesdesanluis.com\/wp-content\/uploads\/2023\/10\/cavalieri-olmos.png",760,479,false],"2048x2048":["https:\/\/apuntesdesanluis.com\/wp-content\/uploads\/2023\/10\/cavalieri-olmos.png",760,479,false],"newsever-slider-full":["https:\/\/apuntesdesanluis.com\/wp-content\/uploads\/2023\/10\/cavalieri-olmos.png",760,479,false],"newsever-featured":["https:\/\/apuntesdesanluis.com\/wp-content\/uploads\/2023\/10\/cavalieri-olmos.png",760,479,false],"newsever-medium":["https:\/\/apuntesdesanluis.com\/wp-content\/uploads\/2023\/10\/cavalieri-olmos-720x475.png",720,475,true]},"author_info":{"display_name":"apuntesdesanluis.com","author_link":"https:\/\/apuntesdesanluis.com\/index.php\/author\/apuntesdesanluis-com\/"},"category_info":"<a href=\"https:\/\/apuntesdesanluis.com\/index.php\/category\/nacionales-internacionales\/\" rel=\"category tag\">Nacionales\/Internacionales<\/a>","tag_info":"Nacionales\/Internacionales","comment_count":"0","_links":{"self":[{"href":"https:\/\/apuntesdesanluis.com\/index.php\/wp-json\/wp\/v2\/posts\/5895","targetHints":{"allow":["GET"]}}],"collection":[{"href":"https:\/\/apuntesdesanluis.com\/index.php\/wp-json\/wp\/v2\/posts"}],"about":[{"href":"https:\/\/apuntesdesanluis.com\/index.php\/wp-json\/wp\/v2\/types\/post"}],"author":[{"embeddable":true,"href":"https:\/\/apuntesdesanluis.com\/index.php\/wp-json\/wp\/v2\/users\/1"}],"replies":[{"embeddable":true,"href":"https:\/\/apuntesdesanluis.com\/index.php\/wp-json\/wp\/v2\/comments?post=5895"}],"version-history":[{"count":1,"href":"https:\/\/apuntesdesanluis.com\/index.php\/wp-json\/wp\/v2\/posts\/5895\/revisions"}],"predecessor-version":[{"id":5897,"href":"https:\/\/apuntesdesanluis.com\/index.php\/wp-json\/wp\/v2\/posts\/5895\/revisions\/5897"}],"wp:featuredmedia":[{"embeddable":true,"href":"https:\/\/apuntesdesanluis.com\/index.php\/wp-json\/wp\/v2\/media\/5896"}],"wp:attachment":[{"href":"https:\/\/apuntesdesanluis.com\/index.php\/wp-json\/wp\/v2\/media?parent=5895"}],"wp:term":[{"taxonomy":"category","embeddable":true,"href":"https:\/\/apuntesdesanluis.com\/index.php\/wp-json\/wp\/v2\/categories?post=5895"},{"taxonomy":"post_tag","embeddable":true,"href":"https:\/\/apuntesdesanluis.com\/index.php\/wp-json\/wp\/v2\/tags?post=5895"}],"curies":[{"name":"wp","href":"https:\/\/api.w.org\/{rel}","templated":true}]}}