{"id":5903,"date":"2023-10-26T20:59:01","date_gmt":"2023-10-26T23:59:01","guid":{"rendered":"https:\/\/apuntesdesanluis.com\/?p=5903"},"modified":"2023-10-26T20:59:01","modified_gmt":"2023-10-26T23:59:01","slug":"comienza-el-primer-congreso-villamercedino-de-historia","status":"publish","type":"post","link":"https:\/\/apuntesdesanluis.com\/index.php\/2023\/10\/26\/comienza-el-primer-congreso-villamercedino-de-historia\/","title":{"rendered":"COMIENZA EL PRIMER CONGRESO VILLAMERCEDINO DE HISTORIA"},"content":{"rendered":"<h3>Durante este viernes y s\u00e1bado el Teatro del Viejo Mercado ser\u00e1 sede del encuentro que reunir\u00e1 A prestigiosos acad\u00e9micos, autores e investigadores. Con entrada libre y gratuita, organizado por la Junta de Estudios Hist\u00f3ricos de Villa Mercedes, el evento cuenta con m\u00e1s de 350 inscriptos y otorga puntaje docente.<\/h3>\n<h3>El <strong>Primer Congreso Villamercedino de Historia<\/strong> ser\u00e1 una oportunidad para reflexionar sobre las personalidades y sucesos que marcaron a la provincia. Se abordar\u00e1n temas como la inmigraci\u00f3n, filosof\u00eda, las infancias, finanzas p\u00fablicas, resistencias culturales, bodegas, polifon\u00edas y las batallas que dieron forma a la identidad colectiva, entre otros.<\/h3>\n<h3>\u201cAnalizamos el pasado, conect\u00e1ndolo con el presente para poder proyectarlo en el futuro\u201d, destac\u00f3 la historiadora <strong>Stella Mari Curtis<\/strong>, a cargo de la organizaci\u00f3n.<\/h3>\n<h3>La expectativa tambi\u00e9n es que este espacio fomente los intercambios de ideas que permitan coordinar nuevos proyectos y recorridos pedag\u00f3gicos. \u201cInvitamos al p\u00fablico tambi\u00e9n para que nos indique qu\u00e9 temas les gustar\u00eda abordar en los pr\u00f3ximos congresos\u201d, propuso.<\/h3>\n<h3>Las disertaciones y actividades se llevar\u00e1n a cabo en el Teatro del Viejo Mercado. El acto de apertura ser\u00e1 este viernes a las 9:00.<\/h3>\n<p><img fetchpriority=\"high\" decoding=\"async\" class=\"wp-image-5905 aligncenter\" src=\"https:\/\/apuntesdesanluis.com\/wp-content\/uploads\/2023\/10\/FLYER-CONGRESO-DE-HISTORIA-300x201.png\" alt=\"\" width=\"740\" height=\"496\" srcset=\"https:\/\/apuntesdesanluis.com\/wp-content\/uploads\/2023\/10\/FLYER-CONGRESO-DE-HISTORIA-300x201.png 300w, https:\/\/apuntesdesanluis.com\/wp-content\/uploads\/2023\/10\/FLYER-CONGRESO-DE-HISTORIA.png 600w\" sizes=\"(max-width: 740px) 100vw, 740px\" \/><\/p>\n<h3>A continuaci\u00f3n, el programa completo:<\/h3>\n<h3><span style=\"color: #000000;\"><strong>VIERNES 27<\/strong><\/span><\/h3>\n<h3><strong>MA\u00d1ANA\u00a0\u00a0<\/strong><\/h3>\n<h3>8:00- Acreditaciones.<\/h3>\n<h3>9:00- Acto de Apertura.<\/h3>\n<h3>10:00- N\u00e9stor Men\u00e9ndez. \u201cLa primera ola inmigratoria en San Luis y Villa Mercedes: su\u00a0 relaci\u00f3n con la sociedad local\u201d.<\/h3>\n<h3>10:30- Marcelo Sosa. \u201cJuan Cris\u00f3stomo Lafinur, precursor de la Reforma Universitaria de 1918\u201d.<\/h3>\n<h3>11:00- Refrigerio.<\/h3>\n<h3>11:30- Nora Costamagna. \u201cVi\u00f1edos y bodegas de la Villa de Merlo\u201d.<\/h3>\n<h3>12:00- Jos\u00e9 Costamagna. \u201cJos\u00e9 Balducci y su contribuci\u00f3n a la cultura Villamercedina\u201d.<\/h3>\n<h3>12:30- Consideraciones generales y criterios de\u00a0 evaluaci\u00f3n para obtener la certificaci\u00f3n de participaci\u00f3n en el Congreso.<\/h3>\n<h3><strong>TARDE<\/strong><\/h3>\n<h3>15:30- Cintia Mart\u00ednez. \u201cAmelia Podetti, fil\u00f3sofa mercedina\u201d.<\/h3>\n<h3>16:00- Pablo Ossola. \u201cLabor de Fray Marcos Donatti en la Villa\u201d.<\/h3>\n<h3>16:30- Ricardo Miranda. \u201cLa infancia en los primeros a\u00f1os de Villa Mercedes\u201d.<\/h3>\n<h3>17:00- Walter Medaglia. \u201cSan Ignacio, una batalla decisiva\u201d.<\/h3>\n<h3>17:30- Jorge Sachi. \u201cBiograf\u00eda de Teodoro Fels\u201d.<\/h3>\n<h3>18:00- Julio E. Quiroga \u201cHistoria de La Toma y del partido del Rosario, Dpto. Pringles\u201d.<\/h3>\n<h3>18:30- Cierre de la primera jornada.<\/h3>\n<h3><span style=\"color: #000000;\"><strong>S\u00c1BADO 28<\/strong><\/span><\/h3>\n<h3>9:00- Inicio de la jornada. Valoraci\u00f3n y rese\u00f1a del primer d\u00eda del Congreso.<\/h3>\n<h3>9:10- Guillermo Genini. \u201cEl Combate de Las Pulgas y las invasiones de Jos\u00e9 Miguel Carrera a San Luis en 1821\u201d.<\/h3>\n<h3>9:40- Hermann\u00a0 Ibach. \u201cFinanzas p\u00fablicas y construcci\u00f3n estatal en la Provincia de San Luis a finales del per\u00edodo rosista (1840 a 1850)\u201d.<\/h3>\n<h3>10:10- Stella Maris Curti. \u201cJuan Esteban Pedernera epopeya de fidelidad y valor\u201d.<\/h3>\n<h3>10:40- Carmen Moreno. \u201cIsaura del Carmen Quiroga: La primera notaria en Argentina\u201d.<\/h3>\n<h3>11:10- Breve receso de 10 minutos.<\/h3>\n<h3>11:20- Ra\u00fal Alberto Fourcade. \u201cJuan W. Gez. Biograf\u00eda y la Regata de la Hermandad Americana\u201d.<\/h3>\n<h3>11:50- Hugo Gez Aranda. \u201cJuan W. Gez\u00a0 y la obra de Jos\u00e9 La V\u00eda\u201d.<\/h3>\n<h3>12:20- Aldo Gabriel Calder\u00f3n Santander. \u201c Nogol\u00ed un encuentro con el pasado\u201d.<\/h3>\n<h3>12:50- Ignacio Daniel Guzm\u00e1n,\u00a0 Lautaro Emiliano Gallardo, Mario Eduardo Jaime, Marcelo Alejandro Mu\u00f1oz. Presentaci\u00f3n del Libro titulado \u201cPolifon\u00edas del pasado\u201d.<\/h3>\n<h3>13:30 \u2013 Clausura del Congreso.<\/h3>\n<p>&nbsp;<\/p>\n<p>&nbsp;<\/p>\n<p>&nbsp;<\/p>\n<p>&nbsp;<\/p>\n","protected":false},"excerpt":{"rendered":"<p>Durante este viernes y s\u00e1bado el Teatro del Viejo Mercado ser\u00e1 sede del encuentro que&#8230;<\/p>\n","protected":false},"author":1,"featured_media":5904,"comment_status":"closed","ping_status":"closed","sticky":false,"template":"","format":"standard","meta":{"footnotes":""},"categories":[6],"tags":[],"class_list":["post-5903","post","type-post","status-publish","format-standard","has-post-thumbnail","hentry","category-ciudad-provincia"],"yoast_head":"<!-- This site is optimized with the Yoast SEO plugin v26.1.1 - https:\/\/yoast.com\/wordpress\/plugins\/seo\/ -->\n<title>COMIENZA EL PRIMER CONGRESO VILLAMERCEDINO DE HISTORIA - Apuntes de San Luis<\/title>\n<meta name=\"robots\" content=\"index, follow, max-snippet:-1, max-image-preview:large, max-video-preview:-1\" \/>\n<link rel=\"canonical\" href=\"https:\/\/apuntesdesanluis.com\/index.php\/2023\/10\/26\/comienza-el-primer-congreso-villamercedino-de-historia\/\" \/>\n<meta property=\"og:locale\" content=\"es_ES\" \/>\n<meta property=\"og:type\" content=\"article\" \/>\n<meta property=\"og:title\" content=\"COMIENZA EL PRIMER CONGRESO VILLAMERCEDINO DE HISTORIA - Apuntes de San Luis\" \/>\n<meta property=\"og:description\" content=\"Durante este viernes y s\u00e1bado el Teatro del Viejo Mercado ser\u00e1 sede del encuentro que...\" \/>\n<meta property=\"og:url\" content=\"https:\/\/apuntesdesanluis.com\/index.php\/2023\/10\/26\/comienza-el-primer-congreso-villamercedino-de-historia\/\" \/>\n<meta property=\"og:site_name\" content=\"Apuntes de San Luis\" \/>\n<meta property=\"article:published_time\" content=\"2023-10-26T23:59:01+00:00\" \/>\n<meta property=\"og:image\" content=\"https:\/\/apuntesdesanluis.com\/wp-content\/uploads\/2023\/10\/CONGRESO-DE-HISTORIA.png\" \/>\n\t<meta property=\"og:image:width\" content=\"479\" \/>\n\t<meta property=\"og:image:height\" content=\"284\" \/>\n\t<meta property=\"og:image:type\" content=\"image\/png\" \/>\n<meta name=\"author\" content=\"apuntesdesanluis.com\" \/>\n<meta name=\"twitter:card\" content=\"summary_large_image\" \/>\n<meta name=\"twitter:label1\" content=\"Escrito por\" \/>\n\t<meta name=\"twitter:data1\" content=\"apuntesdesanluis.com\" \/>\n\t<meta name=\"twitter:label2\" content=\"Tiempo de lectura\" \/>\n\t<meta name=\"twitter:data2\" content=\"3 minutos\" \/>\n<script type=\"application\/ld+json\" class=\"yoast-schema-graph\">{\"@context\":\"https:\/\/schema.org\",\"@graph\":[{\"@type\":\"Article\",\"@id\":\"https:\/\/apuntesdesanluis.com\/index.php\/2023\/10\/26\/comienza-el-primer-congreso-villamercedino-de-historia\/#article\",\"isPartOf\":{\"@id\":\"https:\/\/apuntesdesanluis.com\/index.php\/2023\/10\/26\/comienza-el-primer-congreso-villamercedino-de-historia\/\"},\"author\":{\"name\":\"apuntesdesanluis.com\",\"@id\":\"https:\/\/apuntesdesanluis.com\/#\/schema\/person\/b55151d52296fcce64d1a72538a70b90\"},\"headline\":\"COMIENZA EL PRIMER CONGRESO VILLAMERCEDINO DE HISTORIA\",\"datePublished\":\"2023-10-26T23:59:01+00:00\",\"mainEntityOfPage\":{\"@id\":\"https:\/\/apuntesdesanluis.com\/index.php\/2023\/10\/26\/comienza-el-primer-congreso-villamercedino-de-historia\/\"},\"wordCount\":537,\"publisher\":{\"@id\":\"https:\/\/apuntesdesanluis.com\/#\/schema\/person\/b55151d52296fcce64d1a72538a70b90\"},\"image\":{\"@id\":\"https:\/\/apuntesdesanluis.com\/index.php\/2023\/10\/26\/comienza-el-primer-congreso-villamercedino-de-historia\/#primaryimage\"},\"thumbnailUrl\":\"https:\/\/apuntesdesanluis.com\/wp-content\/uploads\/2023\/10\/CONGRESO-DE-HISTORIA.png\",\"articleSection\":[\"Ciudad\/Provincia\"],\"inLanguage\":\"es-AR\"},{\"@type\":\"WebPage\",\"@id\":\"https:\/\/apuntesdesanluis.com\/index.php\/2023\/10\/26\/comienza-el-primer-congreso-villamercedino-de-historia\/\",\"url\":\"https:\/\/apuntesdesanluis.com\/index.php\/2023\/10\/26\/comienza-el-primer-congreso-villamercedino-de-historia\/\",\"name\":\"COMIENZA EL PRIMER CONGRESO VILLAMERCEDINO DE HISTORIA - Apuntes de San Luis\",\"isPartOf\":{\"@id\":\"https:\/\/apuntesdesanluis.com\/#website\"},\"primaryImageOfPage\":{\"@id\":\"https:\/\/apuntesdesanluis.com\/index.php\/2023\/10\/26\/comienza-el-primer-congreso-villamercedino-de-historia\/#primaryimage\"},\"image\":{\"@id\":\"https:\/\/apuntesdesanluis.com\/index.php\/2023\/10\/26\/comienza-el-primer-congreso-villamercedino-de-historia\/#primaryimage\"},\"thumbnailUrl\":\"https:\/\/apuntesdesanluis.com\/wp-content\/uploads\/2023\/10\/CONGRESO-DE-HISTORIA.png\",\"datePublished\":\"2023-10-26T23:59:01+00:00\",\"breadcrumb\":{\"@id\":\"https:\/\/apuntesdesanluis.com\/index.php\/2023\/10\/26\/comienza-el-primer-congreso-villamercedino-de-historia\/#breadcrumb\"},\"inLanguage\":\"es-AR\",\"potentialAction\":[{\"@type\":\"ReadAction\",\"target\":[\"https:\/\/apuntesdesanluis.com\/index.php\/2023\/10\/26\/comienza-el-primer-congreso-villamercedino-de-historia\/\"]}]},{\"@type\":\"ImageObject\",\"inLanguage\":\"es-AR\",\"@id\":\"https:\/\/apuntesdesanluis.com\/index.php\/2023\/10\/26\/comienza-el-primer-congreso-villamercedino-de-historia\/#primaryimage\",\"url\":\"https:\/\/apuntesdesanluis.com\/wp-content\/uploads\/2023\/10\/CONGRESO-DE-HISTORIA.png\",\"contentUrl\":\"https:\/\/apuntesdesanluis.com\/wp-content\/uploads\/2023\/10\/CONGRESO-DE-HISTORIA.png\",\"width\":479,\"height\":284},{\"@type\":\"BreadcrumbList\",\"@id\":\"https:\/\/apuntesdesanluis.com\/index.php\/2023\/10\/26\/comienza-el-primer-congreso-villamercedino-de-historia\/#breadcrumb\",\"itemListElement\":[{\"@type\":\"ListItem\",\"position\":1,\"name\":\"Inicio\",\"item\":\"https:\/\/apuntesdesanluis.com\/\"},{\"@type\":\"ListItem\",\"position\":2,\"name\":\"COMIENZA EL PRIMER CONGRESO VILLAMERCEDINO DE HISTORIA\"}]},{\"@type\":\"WebSite\",\"@id\":\"https:\/\/apuntesdesanluis.com\/#website\",\"url\":\"https:\/\/apuntesdesanluis.com\/\",\"name\":\"Apuntes de San Luis\",\"description\":\"\",\"publisher\":{\"@id\":\"https:\/\/apuntesdesanluis.com\/#\/schema\/person\/b55151d52296fcce64d1a72538a70b90\"},\"potentialAction\":[{\"@type\":\"SearchAction\",\"target\":{\"@type\":\"EntryPoint\",\"urlTemplate\":\"https:\/\/apuntesdesanluis.com\/?s={search_term_string}\"},\"query-input\":{\"@type\":\"PropertyValueSpecification\",\"valueRequired\":true,\"valueName\":\"search_term_string\"}}],\"inLanguage\":\"es-AR\"},{\"@type\":[\"Person\",\"Organization\"],\"@id\":\"https:\/\/apuntesdesanluis.com\/#\/schema\/person\/b55151d52296fcce64d1a72538a70b90\",\"name\":\"apuntesdesanluis.com\",\"image\":{\"@type\":\"ImageObject\",\"inLanguage\":\"es-AR\",\"@id\":\"https:\/\/apuntesdesanluis.com\/#\/schema\/person\/image\/\",\"url\":\"https:\/\/apuntesdesanluis.com\/wp-content\/uploads\/2023\/07\/cropped-apuntesdesanluis.png\",\"contentUrl\":\"https:\/\/apuntesdesanluis.com\/wp-content\/uploads\/2023\/07\/cropped-apuntesdesanluis.png\",\"width\":450,\"height\":112,\"caption\":\"apuntesdesanluis.com\"},\"logo\":{\"@id\":\"https:\/\/apuntesdesanluis.com\/#\/schema\/person\/image\/\"},\"sameAs\":[\"https:\/\/apuntesdesanluis.com\"],\"url\":\"https:\/\/apuntesdesanluis.com\/index.php\/author\/apuntesdesanluis-com\/\"}]}<\/script>\n<!-- \/ Yoast SEO plugin. -->","yoast_head_json":{"title":"COMIENZA EL PRIMER CONGRESO VILLAMERCEDINO DE HISTORIA - Apuntes de San Luis","robots":{"index":"index","follow":"follow","max-snippet":"max-snippet:-1","max-image-preview":"max-image-preview:large","max-video-preview":"max-video-preview:-1"},"canonical":"https:\/\/apuntesdesanluis.com\/index.php\/2023\/10\/26\/comienza-el-primer-congreso-villamercedino-de-historia\/","og_locale":"es_ES","og_type":"article","og_title":"COMIENZA EL PRIMER CONGRESO VILLAMERCEDINO DE HISTORIA - Apuntes de San Luis","og_description":"Durante este viernes y s\u00e1bado el Teatro del Viejo Mercado ser\u00e1 sede del encuentro que...","og_url":"https:\/\/apuntesdesanluis.com\/index.php\/2023\/10\/26\/comienza-el-primer-congreso-villamercedino-de-historia\/","og_site_name":"Apuntes de San Luis","article_published_time":"2023-10-26T23:59:01+00:00","og_image":[{"width":479,"height":284,"url":"https:\/\/apuntesdesanluis.com\/wp-content\/uploads\/2023\/10\/CONGRESO-DE-HISTORIA.png","type":"image\/png"}],"author":"apuntesdesanluis.com","twitter_card":"summary_large_image","twitter_misc":{"Escrito por":"apuntesdesanluis.com","Tiempo de lectura":"3 minutos"},"schema":{"@context":"https:\/\/schema.org","@graph":[{"@type":"Article","@id":"https:\/\/apuntesdesanluis.com\/index.php\/2023\/10\/26\/comienza-el-primer-congreso-villamercedino-de-historia\/#article","isPartOf":{"@id":"https:\/\/apuntesdesanluis.com\/index.php\/2023\/10\/26\/comienza-el-primer-congreso-villamercedino-de-historia\/"},"author":{"name":"apuntesdesanluis.com","@id":"https:\/\/apuntesdesanluis.com\/#\/schema\/person\/b55151d52296fcce64d1a72538a70b90"},"headline":"COMIENZA EL PRIMER CONGRESO VILLAMERCEDINO DE HISTORIA","datePublished":"2023-10-26T23:59:01+00:00","mainEntityOfPage":{"@id":"https:\/\/apuntesdesanluis.com\/index.php\/2023\/10\/26\/comienza-el-primer-congreso-villamercedino-de-historia\/"},"wordCount":537,"publisher":{"@id":"https:\/\/apuntesdesanluis.com\/#\/schema\/person\/b55151d52296fcce64d1a72538a70b90"},"image":{"@id":"https:\/\/apuntesdesanluis.com\/index.php\/2023\/10\/26\/comienza-el-primer-congreso-villamercedino-de-historia\/#primaryimage"},"thumbnailUrl":"https:\/\/apuntesdesanluis.com\/wp-content\/uploads\/2023\/10\/CONGRESO-DE-HISTORIA.png","articleSection":["Ciudad\/Provincia"],"inLanguage":"es-AR"},{"@type":"WebPage","@id":"https:\/\/apuntesdesanluis.com\/index.php\/2023\/10\/26\/comienza-el-primer-congreso-villamercedino-de-historia\/","url":"https:\/\/apuntesdesanluis.com\/index.php\/2023\/10\/26\/comienza-el-primer-congreso-villamercedino-de-historia\/","name":"COMIENZA EL PRIMER CONGRESO VILLAMERCEDINO DE HISTORIA - Apuntes de San Luis","isPartOf":{"@id":"https:\/\/apuntesdesanluis.com\/#website"},"primaryImageOfPage":{"@id":"https:\/\/apuntesdesanluis.com\/index.php\/2023\/10\/26\/comienza-el-primer-congreso-villamercedino-de-historia\/#primaryimage"},"image":{"@id":"https:\/\/apuntesdesanluis.com\/index.php\/2023\/10\/26\/comienza-el-primer-congreso-villamercedino-de-historia\/#primaryimage"},"thumbnailUrl":"https:\/\/apuntesdesanluis.com\/wp-content\/uploads\/2023\/10\/CONGRESO-DE-HISTORIA.png","datePublished":"2023-10-26T23:59:01+00:00","breadcrumb":{"@id":"https:\/\/apuntesdesanluis.com\/index.php\/2023\/10\/26\/comienza-el-primer-congreso-villamercedino-de-historia\/#breadcrumb"},"inLanguage":"es-AR","potentialAction":[{"@type":"ReadAction","target":["https:\/\/apuntesdesanluis.com\/index.php\/2023\/10\/26\/comienza-el-primer-congreso-villamercedino-de-historia\/"]}]},{"@type":"ImageObject","inLanguage":"es-AR","@id":"https:\/\/apuntesdesanluis.com\/index.php\/2023\/10\/26\/comienza-el-primer-congreso-villamercedino-de-historia\/#primaryimage","url":"https:\/\/apuntesdesanluis.com\/wp-content\/uploads\/2023\/10\/CONGRESO-DE-HISTORIA.png","contentUrl":"https:\/\/apuntesdesanluis.com\/wp-content\/uploads\/2023\/10\/CONGRESO-DE-HISTORIA.png","width":479,"height":284},{"@type":"BreadcrumbList","@id":"https:\/\/apuntesdesanluis.com\/index.php\/2023\/10\/26\/comienza-el-primer-congreso-villamercedino-de-historia\/#breadcrumb","itemListElement":[{"@type":"ListItem","position":1,"name":"Inicio","item":"https:\/\/apuntesdesanluis.com\/"},{"@type":"ListItem","position":2,"name":"COMIENZA EL PRIMER CONGRESO VILLAMERCEDINO DE HISTORIA"}]},{"@type":"WebSite","@id":"https:\/\/apuntesdesanluis.com\/#website","url":"https:\/\/apuntesdesanluis.com\/","name":"Apuntes de San Luis","description":"","publisher":{"@id":"https:\/\/apuntesdesanluis.com\/#\/schema\/person\/b55151d52296fcce64d1a72538a70b90"},"potentialAction":[{"@type":"SearchAction","target":{"@type":"EntryPoint","urlTemplate":"https:\/\/apuntesdesanluis.com\/?s={search_term_string}"},"query-input":{"@type":"PropertyValueSpecification","valueRequired":true,"valueName":"search_term_string"}}],"inLanguage":"es-AR"},{"@type":["Person","Organization"],"@id":"https:\/\/apuntesdesanluis.com\/#\/schema\/person\/b55151d52296fcce64d1a72538a70b90","name":"apuntesdesanluis.com","image":{"@type":"ImageObject","inLanguage":"es-AR","@id":"https:\/\/apuntesdesanluis.com\/#\/schema\/person\/image\/","url":"https:\/\/apuntesdesanluis.com\/wp-content\/uploads\/2023\/07\/cropped-apuntesdesanluis.png","contentUrl":"https:\/\/apuntesdesanluis.com\/wp-content\/uploads\/2023\/07\/cropped-apuntesdesanluis.png","width":450,"height":112,"caption":"apuntesdesanluis.com"},"logo":{"@id":"https:\/\/apuntesdesanluis.com\/#\/schema\/person\/image\/"},"sameAs":["https:\/\/apuntesdesanluis.com"],"url":"https:\/\/apuntesdesanluis.com\/index.php\/author\/apuntesdesanluis-com\/"}]}},"featured_image_urls":{"full":["https:\/\/apuntesdesanluis.com\/wp-content\/uploads\/2023\/10\/CONGRESO-DE-HISTORIA.png",479,284,false],"thumbnail":["https:\/\/apuntesdesanluis.com\/wp-content\/uploads\/2023\/10\/CONGRESO-DE-HISTORIA-150x150.png",150,150,true],"medium":["https:\/\/apuntesdesanluis.com\/wp-content\/uploads\/2023\/10\/CONGRESO-DE-HISTORIA-300x178.png",300,178,true],"medium_large":["https:\/\/apuntesdesanluis.com\/wp-content\/uploads\/2023\/10\/CONGRESO-DE-HISTORIA.png",479,284,false],"large":["https:\/\/apuntesdesanluis.com\/wp-content\/uploads\/2023\/10\/CONGRESO-DE-HISTORIA.png",479,284,false],"1536x1536":["https:\/\/apuntesdesanluis.com\/wp-content\/uploads\/2023\/10\/CONGRESO-DE-HISTORIA.png",479,284,false],"2048x2048":["https:\/\/apuntesdesanluis.com\/wp-content\/uploads\/2023\/10\/CONGRESO-DE-HISTORIA.png",479,284,false],"newsever-slider-full":["https:\/\/apuntesdesanluis.com\/wp-content\/uploads\/2023\/10\/CONGRESO-DE-HISTORIA.png",479,284,false],"newsever-featured":["https:\/\/apuntesdesanluis.com\/wp-content\/uploads\/2023\/10\/CONGRESO-DE-HISTORIA.png",479,284,false],"newsever-medium":["https:\/\/apuntesdesanluis.com\/wp-content\/uploads\/2023\/10\/CONGRESO-DE-HISTORIA.png",479,284,false]},"author_info":{"display_name":"apuntesdesanluis.com","author_link":"https:\/\/apuntesdesanluis.com\/index.php\/author\/apuntesdesanluis-com\/"},"category_info":"<a href=\"https:\/\/apuntesdesanluis.com\/index.php\/category\/ciudad-provincia\/\" rel=\"category tag\">Ciudad\/Provincia<\/a>","tag_info":"Ciudad\/Provincia","comment_count":"0","_links":{"self":[{"href":"https:\/\/apuntesdesanluis.com\/index.php\/wp-json\/wp\/v2\/posts\/5903","targetHints":{"allow":["GET"]}}],"collection":[{"href":"https:\/\/apuntesdesanluis.com\/index.php\/wp-json\/wp\/v2\/posts"}],"about":[{"href":"https:\/\/apuntesdesanluis.com\/index.php\/wp-json\/wp\/v2\/types\/post"}],"author":[{"embeddable":true,"href":"https:\/\/apuntesdesanluis.com\/index.php\/wp-json\/wp\/v2\/users\/1"}],"replies":[{"embeddable":true,"href":"https:\/\/apuntesdesanluis.com\/index.php\/wp-json\/wp\/v2\/comments?post=5903"}],"version-history":[{"count":1,"href":"https:\/\/apuntesdesanluis.com\/index.php\/wp-json\/wp\/v2\/posts\/5903\/revisions"}],"predecessor-version":[{"id":5906,"href":"https:\/\/apuntesdesanluis.com\/index.php\/wp-json\/wp\/v2\/posts\/5903\/revisions\/5906"}],"wp:featuredmedia":[{"embeddable":true,"href":"https:\/\/apuntesdesanluis.com\/index.php\/wp-json\/wp\/v2\/media\/5904"}],"wp:attachment":[{"href":"https:\/\/apuntesdesanluis.com\/index.php\/wp-json\/wp\/v2\/media?parent=5903"}],"wp:term":[{"taxonomy":"category","embeddable":true,"href":"https:\/\/apuntesdesanluis.com\/index.php\/wp-json\/wp\/v2\/categories?post=5903"},{"taxonomy":"post_tag","embeddable":true,"href":"https:\/\/apuntesdesanluis.com\/index.php\/wp-json\/wp\/v2\/tags?post=5903"}],"curies":[{"name":"wp","href":"https:\/\/api.w.org\/{rel}","templated":true}]}}